{"id":18148,"date":"2024-10-09T11:34:18","date_gmt":"2024-10-09T14:34:18","guid":{"rendered":"http:\/\/10.101.10.196\/www\/?p=18148"},"modified":"2024-10-09T11:37:24","modified_gmt":"2024-10-09T14:37:24","slug":"intequi-inicia-el-ciclo-de-webinars-empresas-de-base-tecnologica-experiencias-y-desafios","status":"publish","type":"post","link":"https:\/\/www.fica.unsl.edu.ar\/index.php\/intequi-inicia-el-ciclo-de-webinars-empresas-de-base-tecnologica-experiencias-y-desafios\/","title":{"rendered":"INTEQUI inicia el ciclo de Webinars &#8220;Empresas de Base Tecnol\u00f3gica: Experiencias y Desaf\u00edos&#8221;"},"content":{"rendered":"<p>El Instituto de Investigaciones en Tecnolog\u00eda Qu\u00edmica (INTEQUI) inicia este jueves 10 de octubre de 2024, el Ciclo de Webinars &#8220;Empresas de Base Tecnol\u00f3gica (EBTs): Experiencias y Desaf\u00edos&#8221;, actividad virtual destinada a todas las personas interesadas en el tema.<\/p>\n<p>El primer encuentro se desarrollar\u00e1 este jueves 10 de octubre a las 15 horas v\u00eda Zoom, con la disertaci\u00f3n del Dr. Hugo Menzella sobre la &#8220;Experiencia creaci\u00f3n de Keclon S.A.&#8221;.<img decoding=\"async\" class=\" wp-image-18149 alignright\" src=\"https:\/\/www.fica.unsl.edu.ar\/wp-content\/uploads\/2024\/10\/Menzella.jpg\" alt=\"\" width=\"212\" height=\"212\" srcset=\"https:\/\/www.fica.unsl.edu.ar\/wp-content\/uploads\/2024\/10\/Menzella.jpg 500w, https:\/\/www.fica.unsl.edu.ar\/wp-content\/uploads\/2024\/10\/Menzella-300x300.jpg 300w, https:\/\/www.fica.unsl.edu.ar\/wp-content\/uploads\/2024\/10\/Menzella-150x150.jpg 150w\" sizes=\"(max-width: 212px) 100vw, 212px\" \/><\/p>\n<p>Menzella es doctorado en Ciencias Biol\u00f3gicas e Investigador Principal del CONICET. Premio Konex 2023 en Biotecnolog\u00eda. Actualmente es Director del Instituto de Procesos Biotecnol\u00f3gicos y Qu\u00edmicos (IPROByQ)-CONICET Rosario.<\/p>\n<p>En el IPROByQ se han creado varias EBTs, entre las que se destaca la empresa de Biotecnolog\u00eda Keclon S.A. creada en 2013 por el Dr. Hugo Menzella, en Rosario, Santa Fe.<\/p>\n<p>&nbsp;<\/p>\n<h4 style=\"text-align: center;\"><span style=\"color: #0000ff;\"><strong><a style=\"color: #0000ff;\" href=\"https:\/\/conicet-gov-ar.zoom.us\/j\/82773782142?pwd=pIcr5pCzdjYsP2cos2Sq7mAH2VrFPJ.1)\" target=\"_blank\" rel=\"noopener\">Webinar &#8220;Experiencia creaci\u00f3n de Keclon S.A.&#8221;<\/a><\/strong><\/span><\/h4>\n<p>En el INTEQUI est\u00e1n cre\u00e1ndose y prontas a comercializar sus productos, dos EBTs a incubar en la Unidad Ejecutora. En ese marco, el Ciclo de Webinars pretende compartir la experiencia y saberes de EBTs ya en marcha, y contextualizar el trabajo de investigadoras e investigadores del INTEQUI que han tomado este nuevo camino.<\/p>\n<p>El ciclo continuar\u00e1 el jueves 24 de octubre a las 10 hs, con la disertaci\u00f3n de Conrado Adler \u00a0sobre la \u201cExperiencia creaci\u00f3n de \u201cM4Life\u201d.<\/p>\n<p><img fetchpriority=\"high\" decoding=\"async\" class=\"wp-image-18150 alignleft\" src=\"https:\/\/www.fica.unsl.edu.ar\/wp-content\/uploads\/2024\/10\/conrado.jpeg\" alt=\"\" width=\"249\" height=\"235\" srcset=\"https:\/\/www.fica.unsl.edu.ar\/wp-content\/uploads\/2024\/10\/conrado.jpeg 2050w, https:\/\/www.fica.unsl.edu.ar\/wp-content\/uploads\/2024\/10\/conrado-300x283.jpeg 300w, https:\/\/www.fica.unsl.edu.ar\/wp-content\/uploads\/2024\/10\/conrado-1024x966.jpeg 1024w, https:\/\/www.fica.unsl.edu.ar\/wp-content\/uploads\/2024\/10\/conrado-768x725.jpeg 768w, https:\/\/www.fica.unsl.edu.ar\/wp-content\/uploads\/2024\/10\/conrado-1536x1449.jpeg 1536w, https:\/\/www.fica.unsl.edu.ar\/wp-content\/uploads\/2024\/10\/conrado-2048x1932.jpeg 2048w\" sizes=\"(max-width: 249px) 100vw, 249px\" \/><\/p>\n<p>Adler es Microbiol\u00f3go, doctorado en Ciencias Biol\u00f3gicas y Especialista en Ecolog\u00eda Microbiana. Es Investigador Adjunto en el Instituto Superior de Investigaciones Biol\u00f3gicas (INSIBIO) CONICET- Tucum\u00e1n. Es Director de Tecnolog\u00eda y co-fundador de la EBT \u201cM4Life\u201d, que se encuentra en Tucum\u00e1n \u00a0y que impulsa soluciones microbiol\u00f3gicas para la Agricultura y el Medio Ambiente.<\/p>\n<p>El \u00faltimo encuentro del ciclo, que se desarrollar\u00e1 en noviembre (d\u00eda a confirmar), estar\u00e1 a cargo de Claudia Casalongu\u00e9, quien disertar\u00e1 sobre la \u201cExperiencia creaci\u00f3n de \u201cUnibaio\u201d.<\/p>\n<p>Casalongu\u00e9, Doctora en Ciencias Biol\u00f3gicas, es directora e investigadora del Instituto de Investigaciones Biol\u00f3gicas (IIB, CONICET-UNMdP).<img decoding=\"async\" class=\" wp-image-18151 alignright\" src=\"https:\/\/www.fica.unsl.edu.ar\/wp-content\/uploads\/2024\/10\/claudia.jpeg\" alt=\"\" width=\"217\" height=\"217\" srcset=\"https:\/\/www.fica.unsl.edu.ar\/wp-content\/uploads\/2024\/10\/claudia.jpeg 1359w, https:\/\/www.fica.unsl.edu.ar\/wp-content\/uploads\/2024\/10\/claudia-300x300.jpeg 300w, https:\/\/www.fica.unsl.edu.ar\/wp-content\/uploads\/2024\/10\/claudia-1024x1024.jpeg 1024w, https:\/\/www.fica.unsl.edu.ar\/wp-content\/uploads\/2024\/10\/claudia-150x150.jpeg 150w, https:\/\/www.fica.unsl.edu.ar\/wp-content\/uploads\/2024\/10\/claudia-768x768.jpeg 768w\" sizes=\"(max-width: 217px) 100vw, 217px\" \/><\/p>\n<p>Se jubil\u00f3 como investigadora superior del CONICET en el 2022. Integra la Comisi\u00f3n Asesora de Evaluaci\u00f3n en Convocatorias Especiales y Relaciones Internacionales del CONICET. Es Directora T\u00e9cnica de la EBT \u201cUnibaio\u201d de Mar del Plata, empresa que desarrolla micropart\u00edculas basadas en pol\u00edmeros naturales y econom\u00eda circular para mejorar el desempe\u00f1o de los agroinsumos.<\/p>\n<p>&nbsp;<\/p>\n","protected":false},"excerpt":{"rendered":"<p>El Instituto de Investigaciones en Tecnolog\u00eda Qu\u00edmica (INTEQUI) inicia este jueves 10 de octubre de 2024, el Ciclo de Webinars &#8220;Empresas de Base Tecnol\u00f3gica (EBTs):&hellip;<\/p>\n","protected":false},"author":9,"featured_media":18153,"comment_status":"closed","ping_status":"closed","sticky":false,"template":"","format":"standard","meta":{"_monsterinsights_skip_tracking":false,"_monsterinsights_sitenote_active":false,"_monsterinsights_sitenote_note":"","_monsterinsights_sitenote_category":0,"_joinchat":[],"footnotes":""},"categories":[19],"tags":[],"class_list":["post-18148","post","type-post","status-publish","format-standard","has-post-thumbnail","hentry","category-noticias"],"yoast_head":"<!-- This site is optimized with the Yoast SEO plugin v27.4 - https:\/\/yoast.com\/product\/yoast-seo-wordpress\/ -->\n<title>INTEQUI inicia el ciclo de Webinars &quot;Empresas de Base Tecnol\u00f3gica: Experiencias y Desaf\u00edos&quot; - Facultad de Ingenier\u00eda y Ciencias Agropecuarias<\/title>\n<meta name=\"robots\" content=\"index, follow, max-snippet:-1, max-image-preview:large, max-video-preview:-1\" \/>\n<link rel=\"canonical\" href=\"https:\/\/www.fica.unsl.edu.ar\/index.php\/intequi-inicia-el-ciclo-de-webinars-empresas-de-base-tecnologica-experiencias-y-desafios\/\" \/>\n<meta property=\"og:locale\" content=\"es_ES\" \/>\n<meta property=\"og:type\" content=\"article\" \/>\n<meta property=\"og:title\" content=\"INTEQUI inicia el ciclo de Webinars &quot;Empresas de Base Tecnol\u00f3gica: Experiencias y Desaf\u00edos&quot; - Facultad de Ingenier\u00eda y Ciencias Agropecuarias\" \/>\n<meta property=\"og:description\" content=\"El Instituto de Investigaciones en Tecnolog\u00eda Qu\u00edmica (INTEQUI) inicia este jueves 10 de octubre de 2024, el Ciclo de Webinars &#8220;Empresas de Base Tecnol\u00f3gica (EBTs):&hellip;\" \/>\n<meta property=\"og:url\" content=\"https:\/\/www.fica.unsl.edu.ar\/index.php\/intequi-inicia-el-ciclo-de-webinars-empresas-de-base-tecnologica-experiencias-y-desafios\/\" \/>\n<meta property=\"og:site_name\" content=\"Facultad de Ingenier\u00eda y Ciencias Agropecuarias\" \/>\n<meta property=\"article:publisher\" content=\"https:\/\/www.facebook.com\/FICA.UNSL\/\" \/>\n<meta property=\"article:published_time\" content=\"2024-10-09T14:34:18+00:00\" \/>\n<meta property=\"article:modified_time\" content=\"2024-10-09T14:37:24+00:00\" \/>\n<meta property=\"og:image\" content=\"https:\/\/www.fica.unsl.edu.ar\/wp-content\/uploads\/2024\/10\/ciclo-webinar.jpg\" \/>\n\t<meta property=\"og:image:width\" content=\"1061\" \/>\n\t<meta property=\"og:image:height\" content=\"585\" \/>\n\t<meta property=\"og:image:type\" content=\"image\/jpeg\" \/>\n<meta name=\"author\" content=\"DATI\" \/>\n<meta name=\"twitter:card\" content=\"summary_large_image\" \/>\n<meta name=\"twitter:creator\" content=\"@FICAUNSL\" \/>\n<meta name=\"twitter:site\" content=\"@FICAUNSL\" \/>\n<meta name=\"twitter:label1\" content=\"Escrito por\" \/>\n\t<meta name=\"twitter:data1\" content=\"DATI\" \/>\n\t<meta name=\"twitter:label2\" content=\"Tiempo de lectura\" \/>\n\t<meta name=\"twitter:data2\" content=\"3 minutos\" \/>\n<script type=\"application\/ld+json\" class=\"yoast-schema-graph\">{\"@context\":\"https:\\\/\\\/schema.org\",\"@graph\":[{\"@type\":\"Article\",\"@id\":\"https:\\\/\\\/www.fica.unsl.edu.ar\\\/index.php\\\/intequi-inicia-el-ciclo-de-webinars-empresas-de-base-tecnologica-experiencias-y-desafios\\\/#article\",\"isPartOf\":{\"@id\":\"https:\\\/\\\/www.fica.unsl.edu.ar\\\/index.php\\\/intequi-inicia-el-ciclo-de-webinars-empresas-de-base-tecnologica-experiencias-y-desafios\\\/\"},\"author\":{\"name\":\"DATI\",\"@id\":\"https:\\\/\\\/www.fica.unsl.edu.ar\\\/#\\\/schema\\\/person\\\/6058f9c66301868d3a691b1f5d6c3544\"},\"headline\":\"INTEQUI inicia el ciclo de Webinars &#8220;Empresas de Base Tecnol\u00f3gica: Experiencias y Desaf\u00edos&#8221;\",\"datePublished\":\"2024-10-09T14:34:18+00:00\",\"dateModified\":\"2024-10-09T14:37:24+00:00\",\"mainEntityOfPage\":{\"@id\":\"https:\\\/\\\/www.fica.unsl.edu.ar\\\/index.php\\\/intequi-inicia-el-ciclo-de-webinars-empresas-de-base-tecnologica-experiencias-y-desafios\\\/\"},\"wordCount\":409,\"publisher\":{\"@id\":\"https:\\\/\\\/www.fica.unsl.edu.ar\\\/#organization\"},\"image\":{\"@id\":\"https:\\\/\\\/www.fica.unsl.edu.ar\\\/index.php\\\/intequi-inicia-el-ciclo-de-webinars-empresas-de-base-tecnologica-experiencias-y-desafios\\\/#primaryimage\"},\"thumbnailUrl\":\"https:\\\/\\\/www.fica.unsl.edu.ar\\\/wp-content\\\/uploads\\\/2024\\\/10\\\/ciclo-webinar.jpg\",\"articleSection\":[\"Noticias\"],\"inLanguage\":\"es-AR\"},{\"@type\":\"WebPage\",\"@id\":\"https:\\\/\\\/www.fica.unsl.edu.ar\\\/index.php\\\/intequi-inicia-el-ciclo-de-webinars-empresas-de-base-tecnologica-experiencias-y-desafios\\\/\",\"url\":\"https:\\\/\\\/www.fica.unsl.edu.ar\\\/index.php\\\/intequi-inicia-el-ciclo-de-webinars-empresas-de-base-tecnologica-experiencias-y-desafios\\\/\",\"name\":\"INTEQUI inicia el ciclo de Webinars \\\"Empresas de Base Tecnol\u00f3gica: Experiencias y Desaf\u00edos\\\" - Facultad de Ingenier\u00eda y Ciencias Agropecuarias\",\"isPartOf\":{\"@id\":\"https:\\\/\\\/www.fica.unsl.edu.ar\\\/#website\"},\"primaryImageOfPage\":{\"@id\":\"https:\\\/\\\/www.fica.unsl.edu.ar\\\/index.php\\\/intequi-inicia-el-ciclo-de-webinars-empresas-de-base-tecnologica-experiencias-y-desafios\\\/#primaryimage\"},\"image\":{\"@id\":\"https:\\\/\\\/www.fica.unsl.edu.ar\\\/index.php\\\/intequi-inicia-el-ciclo-de-webinars-empresas-de-base-tecnologica-experiencias-y-desafios\\\/#primaryimage\"},\"thumbnailUrl\":\"https:\\\/\\\/www.fica.unsl.edu.ar\\\/wp-content\\\/uploads\\\/2024\\\/10\\\/ciclo-webinar.jpg\",\"datePublished\":\"2024-10-09T14:34:18+00:00\",\"dateModified\":\"2024-10-09T14:37:24+00:00\",\"inLanguage\":\"es-AR\",\"potentialAction\":[{\"@type\":\"ReadAction\",\"target\":[\"https:\\\/\\\/www.fica.unsl.edu.ar\\\/index.php\\\/intequi-inicia-el-ciclo-de-webinars-empresas-de-base-tecnologica-experiencias-y-desafios\\\/\"]}]},{\"@type\":\"ImageObject\",\"inLanguage\":\"es-AR\",\"@id\":\"https:\\\/\\\/www.fica.unsl.edu.ar\\\/index.php\\\/intequi-inicia-el-ciclo-de-webinars-empresas-de-base-tecnologica-experiencias-y-desafios\\\/#primaryimage\",\"url\":\"https:\\\/\\\/www.fica.unsl.edu.ar\\\/wp-content\\\/uploads\\\/2024\\\/10\\\/ciclo-webinar.jpg\",\"contentUrl\":\"https:\\\/\\\/www.fica.unsl.edu.ar\\\/wp-content\\\/uploads\\\/2024\\\/10\\\/ciclo-webinar.jpg\",\"width\":1061,\"height\":585},{\"@type\":\"WebSite\",\"@id\":\"https:\\\/\\\/www.fica.unsl.edu.ar\\\/#website\",\"url\":\"https:\\\/\\\/www.fica.unsl.edu.ar\\\/\",\"name\":\"Facultad de Ingenier\u00eda y Ciencias Agropecuarias\",\"description\":\"\",\"publisher\":{\"@id\":\"https:\\\/\\\/www.fica.unsl.edu.ar\\\/#organization\"},\"potentialAction\":[{\"@type\":\"SearchAction\",\"target\":{\"@type\":\"EntryPoint\",\"urlTemplate\":\"https:\\\/\\\/www.fica.unsl.edu.ar\\\/?s={search_term_string}\"},\"query-input\":{\"@type\":\"PropertyValueSpecification\",\"valueRequired\":true,\"valueName\":\"search_term_string\"}}],\"inLanguage\":\"es-AR\"},{\"@type\":\"Organization\",\"@id\":\"https:\\\/\\\/www.fica.unsl.edu.ar\\\/#organization\",\"name\":\"Facultad de Ingenier\u00eda y Ciencias Agropecuarias\",\"url\":\"https:\\\/\\\/www.fica.unsl.edu.ar\\\/\",\"logo\":{\"@type\":\"ImageObject\",\"inLanguage\":\"es-AR\",\"@id\":\"https:\\\/\\\/www.fica.unsl.edu.ar\\\/#\\\/schema\\\/logo\\\/image\\\/\",\"url\":\"https:\\\/\\\/www.fica.unsl.edu.ar\\\/wp-content\\\/uploads\\\/2021\\\/03\\\/LOGO-1.jpg\",\"contentUrl\":\"https:\\\/\\\/www.fica.unsl.edu.ar\\\/wp-content\\\/uploads\\\/2021\\\/03\\\/LOGO-1.jpg\",\"width\":463,\"height\":145,\"caption\":\"Facultad de Ingenier\u00eda y Ciencias Agropecuarias\"},\"image\":{\"@id\":\"https:\\\/\\\/www.fica.unsl.edu.ar\\\/#\\\/schema\\\/logo\\\/image\\\/\"},\"sameAs\":[\"https:\\\/\\\/www.facebook.com\\\/FICA.UNSL\\\/\",\"https:\\\/\\\/x.com\\\/FICAUNSL\",\"https:\\\/\\\/www.instagram.com\\\/fica.unsl\\\/\",\"https:\\\/\\\/www.youtube.com\\\/channel\\\/UCs2MM53gb2PyBrMySdtWZDQ\"]},{\"@type\":\"Person\",\"@id\":\"https:\\\/\\\/www.fica.unsl.edu.ar\\\/#\\\/schema\\\/person\\\/6058f9c66301868d3a691b1f5d6c3544\",\"name\":\"DATI\"}]}<\/script>\n<!-- \/ Yoast SEO plugin. -->","yoast_head_json":{"title":"INTEQUI inicia el ciclo de Webinars \"Empresas de Base Tecnol\u00f3gica: Experiencias y Desaf\u00edos\" - Facultad de Ingenier\u00eda y Ciencias Agropecuarias","robots":{"index":"index","follow":"follow","max-snippet":"max-snippet:-1","max-image-preview":"max-image-preview:large","max-video-preview":"max-video-preview:-1"},"canonical":"https:\/\/www.fica.unsl.edu.ar\/index.php\/intequi-inicia-el-ciclo-de-webinars-empresas-de-base-tecnologica-experiencias-y-desafios\/","og_locale":"es_ES","og_type":"article","og_title":"INTEQUI inicia el ciclo de Webinars \"Empresas de Base Tecnol\u00f3gica: Experiencias y Desaf\u00edos\" - Facultad de Ingenier\u00eda y Ciencias Agropecuarias","og_description":"El Instituto de Investigaciones en Tecnolog\u00eda Qu\u00edmica (INTEQUI) inicia este jueves 10 de octubre de 2024, el Ciclo de Webinars &#8220;Empresas de Base Tecnol\u00f3gica (EBTs):&hellip;","og_url":"https:\/\/www.fica.unsl.edu.ar\/index.php\/intequi-inicia-el-ciclo-de-webinars-empresas-de-base-tecnologica-experiencias-y-desafios\/","og_site_name":"Facultad de Ingenier\u00eda y Ciencias Agropecuarias","article_publisher":"https:\/\/www.facebook.com\/FICA.UNSL\/","article_published_time":"2024-10-09T14:34:18+00:00","article_modified_time":"2024-10-09T14:37:24+00:00","og_image":[{"width":1061,"height":585,"url":"https:\/\/www.fica.unsl.edu.ar\/wp-content\/uploads\/2024\/10\/ciclo-webinar.jpg","type":"image\/jpeg"}],"author":"DATI","twitter_card":"summary_large_image","twitter_creator":"@FICAUNSL","twitter_site":"@FICAUNSL","twitter_misc":{"Escrito por":"DATI","Tiempo de lectura":"3 minutos"},"schema":{"@context":"https:\/\/schema.org","@graph":[{"@type":"Article","@id":"https:\/\/www.fica.unsl.edu.ar\/index.php\/intequi-inicia-el-ciclo-de-webinars-empresas-de-base-tecnologica-experiencias-y-desafios\/#article","isPartOf":{"@id":"https:\/\/www.fica.unsl.edu.ar\/index.php\/intequi-inicia-el-ciclo-de-webinars-empresas-de-base-tecnologica-experiencias-y-desafios\/"},"author":{"name":"DATI","@id":"https:\/\/www.fica.unsl.edu.ar\/#\/schema\/person\/6058f9c66301868d3a691b1f5d6c3544"},"headline":"INTEQUI inicia el ciclo de Webinars &#8220;Empresas de Base Tecnol\u00f3gica: Experiencias y Desaf\u00edos&#8221;","datePublished":"2024-10-09T14:34:18+00:00","dateModified":"2024-10-09T14:37:24+00:00","mainEntityOfPage":{"@id":"https:\/\/www.fica.unsl.edu.ar\/index.php\/intequi-inicia-el-ciclo-de-webinars-empresas-de-base-tecnologica-experiencias-y-desafios\/"},"wordCount":409,"publisher":{"@id":"https:\/\/www.fica.unsl.edu.ar\/#organization"},"image":{"@id":"https:\/\/www.fica.unsl.edu.ar\/index.php\/intequi-inicia-el-ciclo-de-webinars-empresas-de-base-tecnologica-experiencias-y-desafios\/#primaryimage"},"thumbnailUrl":"https:\/\/www.fica.unsl.edu.ar\/wp-content\/uploads\/2024\/10\/ciclo-webinar.jpg","articleSection":["Noticias"],"inLanguage":"es-AR"},{"@type":"WebPage","@id":"https:\/\/www.fica.unsl.edu.ar\/index.php\/intequi-inicia-el-ciclo-de-webinars-empresas-de-base-tecnologica-experiencias-y-desafios\/","url":"https:\/\/www.fica.unsl.edu.ar\/index.php\/intequi-inicia-el-ciclo-de-webinars-empresas-de-base-tecnologica-experiencias-y-desafios\/","name":"INTEQUI inicia el ciclo de Webinars \"Empresas de Base Tecnol\u00f3gica: Experiencias y Desaf\u00edos\" - Facultad de Ingenier\u00eda y Ciencias Agropecuarias","isPartOf":{"@id":"https:\/\/www.fica.unsl.edu.ar\/#website"},"primaryImageOfPage":{"@id":"https:\/\/www.fica.unsl.edu.ar\/index.php\/intequi-inicia-el-ciclo-de-webinars-empresas-de-base-tecnologica-experiencias-y-desafios\/#primaryimage"},"image":{"@id":"https:\/\/www.fica.unsl.edu.ar\/index.php\/intequi-inicia-el-ciclo-de-webinars-empresas-de-base-tecnologica-experiencias-y-desafios\/#primaryimage"},"thumbnailUrl":"https:\/\/www.fica.unsl.edu.ar\/wp-content\/uploads\/2024\/10\/ciclo-webinar.jpg","datePublished":"2024-10-09T14:34:18+00:00","dateModified":"2024-10-09T14:37:24+00:00","inLanguage":"es-AR","potentialAction":[{"@type":"ReadAction","target":["https:\/\/www.fica.unsl.edu.ar\/index.php\/intequi-inicia-el-ciclo-de-webinars-empresas-de-base-tecnologica-experiencias-y-desafios\/"]}]},{"@type":"ImageObject","inLanguage":"es-AR","@id":"https:\/\/www.fica.unsl.edu.ar\/index.php\/intequi-inicia-el-ciclo-de-webinars-empresas-de-base-tecnologica-experiencias-y-desafios\/#primaryimage","url":"https:\/\/www.fica.unsl.edu.ar\/wp-content\/uploads\/2024\/10\/ciclo-webinar.jpg","contentUrl":"https:\/\/www.fica.unsl.edu.ar\/wp-content\/uploads\/2024\/10\/ciclo-webinar.jpg","width":1061,"height":585},{"@type":"WebSite","@id":"https:\/\/www.fica.unsl.edu.ar\/#website","url":"https:\/\/www.fica.unsl.edu.ar\/","name":"Facultad de Ingenier\u00eda y Ciencias Agropecuarias","description":"","publisher":{"@id":"https:\/\/www.fica.unsl.edu.ar\/#organization"},"potentialAction":[{"@type":"SearchAction","target":{"@type":"EntryPoint","urlTemplate":"https:\/\/www.fica.unsl.edu.ar\/?s={search_term_string}"},"query-input":{"@type":"PropertyValueSpecification","valueRequired":true,"valueName":"search_term_string"}}],"inLanguage":"es-AR"},{"@type":"Organization","@id":"https:\/\/www.fica.unsl.edu.ar\/#organization","name":"Facultad de Ingenier\u00eda y Ciencias Agropecuarias","url":"https:\/\/www.fica.unsl.edu.ar\/","logo":{"@type":"ImageObject","inLanguage":"es-AR","@id":"https:\/\/www.fica.unsl.edu.ar\/#\/schema\/logo\/image\/","url":"https:\/\/www.fica.unsl.edu.ar\/wp-content\/uploads\/2021\/03\/LOGO-1.jpg","contentUrl":"https:\/\/www.fica.unsl.edu.ar\/wp-content\/uploads\/2021\/03\/LOGO-1.jpg","width":463,"height":145,"caption":"Facultad de Ingenier\u00eda y Ciencias Agropecuarias"},"image":{"@id":"https:\/\/www.fica.unsl.edu.ar\/#\/schema\/logo\/image\/"},"sameAs":["https:\/\/www.facebook.com\/FICA.UNSL\/","https:\/\/x.com\/FICAUNSL","https:\/\/www.instagram.com\/fica.unsl\/","https:\/\/www.youtube.com\/channel\/UCs2MM53gb2PyBrMySdtWZDQ"]},{"@type":"Person","@id":"https:\/\/www.fica.unsl.edu.ar\/#\/schema\/person\/6058f9c66301868d3a691b1f5d6c3544","name":"DATI"}]}},"_links":{"self":[{"href":"https:\/\/www.fica.unsl.edu.ar\/index.php\/wp-json\/wp\/v2\/posts\/18148","targetHints":{"allow":["GET"]}}],"collection":[{"href":"https:\/\/www.fica.unsl.edu.ar\/index.php\/wp-json\/wp\/v2\/posts"}],"about":[{"href":"https:\/\/www.fica.unsl.edu.ar\/index.php\/wp-json\/wp\/v2\/types\/post"}],"author":[{"embeddable":true,"href":"https:\/\/www.fica.unsl.edu.ar\/index.php\/wp-json\/wp\/v2\/users\/9"}],"replies":[{"embeddable":true,"href":"https:\/\/www.fica.unsl.edu.ar\/index.php\/wp-json\/wp\/v2\/comments?post=18148"}],"version-history":[{"count":2,"href":"https:\/\/www.fica.unsl.edu.ar\/index.php\/wp-json\/wp\/v2\/posts\/18148\/revisions"}],"predecessor-version":[{"id":18154,"href":"https:\/\/www.fica.unsl.edu.ar\/index.php\/wp-json\/wp\/v2\/posts\/18148\/revisions\/18154"}],"wp:featuredmedia":[{"embeddable":true,"href":"https:\/\/www.fica.unsl.edu.ar\/index.php\/wp-json\/wp\/v2\/media\/18153"}],"wp:attachment":[{"href":"https:\/\/www.fica.unsl.edu.ar\/index.php\/wp-json\/wp\/v2\/media?parent=18148"}],"wp:term":[{"taxonomy":"category","embeddable":true,"href":"https:\/\/www.fica.unsl.edu.ar\/index.php\/wp-json\/wp\/v2\/categories?post=18148"},{"taxonomy":"post_tag","embeddable":true,"href":"https:\/\/www.fica.unsl.edu.ar\/index.php\/wp-json\/wp\/v2\/tags?post=18148"}],"curies":[{"name":"wp","href":"https:\/\/api.w.org\/{rel}","templated":true}]}}