{"id":18266,"date":"2024-10-22T23:30:48","date_gmt":"2024-10-23T02:30:48","guid":{"rendered":"http:\/\/10.101.10.196\/www\/?p=18266"},"modified":"2024-11-12T09:03:21","modified_gmt":"2024-11-12T12:03:21","slug":"ani-estan-los-profesores-de-ingenieria-preparados-para-ensenar-ingenieria","status":"publish","type":"post","link":"https:\/\/www.fica.unsl.edu.ar\/index.php\/ani-estan-los-profesores-de-ingenieria-preparados-para-ensenar-ingenieria\/","title":{"rendered":"Ciclo de Conferencias &#8220;Educaci\u00f3n en la Ingenier\u00eda\u201d: &#8220;\u00bfEst\u00e1n los profesores de ingenier\u00eda preparados para ense\u00f1ar ingenier\u00eda?&#8221;"},"content":{"rendered":"<p>La Academia Nacional de Ingenier\u00eda (ANI) invita cordialmente a participar de la <strong>quinta sesi\u00f3n del Ciclo de Conferencias &#8220;Educaci\u00f3n en la Ingenier\u00eda&#8221;.<\/strong> En esta ocasi\u00f3n, el Dr. Uriel Cukierman, integrante del Instituto de Educaci\u00f3n en Ingenier\u00eda (IdEI) de la ANI, expondr\u00e1 sobre <strong>&#8220;\u00bfEst\u00e1n los profesores de ingenier\u00eda preparados para ense\u00f1ar ingenier\u00eda?&#8221;.<\/strong><\/p>\n<p>Este encuentro virtual se llevar\u00e1 a <strong>cabo el 24 de octubre de 2024 a las 14.30 horas<\/strong> a trav\u00e9s de la plataforma Zoom. En caso de completarse la capacidad de Zoom, el encuentro tambi\u00e9n se transmitir\u00e1 en VIVO por el canal de <strong><span style=\"color: #0000ff;\"><a style=\"color: #0000ff;\" href=\"https:\/\/www.youtube.com\/channel\/UCVdSMNFJE0GuO8g6KHxE3nQ\" target=\"_blank\" rel=\"noopener\">YouTube de la Academia Nacional de Ingenier\u00eda.<\/a><\/span><\/strong><\/p>\n<h3 style=\"text-align: center;\"><strong><span style=\"color: #0000ff;\"><a style=\"color: #0000ff;\" href=\"https:\/\/www.eventbrite.com.ar\/e\/estan-los-profesores-de-ingenieria-preparados-para-ensenar-ingenieria-tickets-949100945477?aff=oddtdtcreator&amp;utm_medium=email&amp;utm_source=perfit\" target=\"_blank\" rel=\"noopener\">DATOS DE ACCESO<\/a><\/span><\/strong><\/h3>\n<p>Muchos de quienes ejercen el rol docente en las facultades de ingenier\u00eda reciben poca o ninguna formaci\u00f3n para ejercer adecuadamente dicho rol, lo cual atenta contra el efectivo aprendizaje de una profesi\u00f3n cada vez m\u00e1s demandada y demandante. En esta charla se presentar\u00e1n los resultados de una investigaci\u00f3n en curso sobre la docencia en ingenier\u00eda en Argentina y el resto del mundo y se analizar\u00e1n los desaf\u00edos que enfrenta la formaci\u00f3n de ingenieros en la actualidad.<\/p>\n<p>&nbsp;<\/p>\n<h3 style=\"text-align: center;\"><strong><a href=\"https:\/\/www.youtube.com\/channel\/UCVdSMNFJE0GuO8g6KHxE3nQ\" target=\"_blank\" rel=\"noopener\">YOUTUBE DE ACAD\u00c9MIA NACIONAL DE INGENIER\u00cdA<\/a><\/strong><\/h3>\n","protected":false},"excerpt":{"rendered":"<p>La Academia Nacional de Ingenier\u00eda (ANI) invita cordialmente a participar de la quinta sesi\u00f3n del Ciclo de Conferencias &#8220;Educaci\u00f3n en la Ingenier\u00eda&#8221;. En esta ocasi\u00f3n,&hellip;<\/p>\n","protected":false},"author":9,"featured_media":18267,"comment_status":"closed","ping_status":"closed","sticky":false,"template":"","format":"standard","meta":{"_monsterinsights_skip_tracking":false,"_monsterinsights_sitenote_active":false,"_monsterinsights_sitenote_note":"","_monsterinsights_sitenote_category":0,"_joinchat":[],"footnotes":""},"categories":[19],"tags":[],"class_list":["post-18266","post","type-post","status-publish","format-standard","has-post-thumbnail","hentry","category-noticias"],"yoast_head":"<!-- This site is optimized with the Yoast SEO plugin v27.4 - https:\/\/yoast.com\/product\/yoast-seo-wordpress\/ -->\n<title>Ciclo de Conferencias &quot;Educaci\u00f3n en la Ingenier\u00eda\u201d: &quot;\u00bfEst\u00e1n los profesores de ingenier\u00eda preparados para ense\u00f1ar ingenier\u00eda?&quot; - Facultad de Ingenier\u00eda y Ciencias Agropecuarias<\/title>\n<meta name=\"robots\" content=\"index, follow, max-snippet:-1, max-image-preview:large, max-video-preview:-1\" \/>\n<link rel=\"canonical\" href=\"https:\/\/www.fica.unsl.edu.ar\/index.php\/ani-estan-los-profesores-de-ingenieria-preparados-para-ensenar-ingenieria\/\" \/>\n<meta property=\"og:locale\" content=\"es_ES\" \/>\n<meta property=\"og:type\" content=\"article\" \/>\n<meta property=\"og:title\" content=\"Ciclo de Conferencias &quot;Educaci\u00f3n en la Ingenier\u00eda\u201d: &quot;\u00bfEst\u00e1n los profesores de ingenier\u00eda preparados para ense\u00f1ar ingenier\u00eda?&quot; - Facultad de Ingenier\u00eda y Ciencias Agropecuarias\" \/>\n<meta property=\"og:description\" content=\"La Academia Nacional de Ingenier\u00eda (ANI) invita cordialmente a participar de la quinta sesi\u00f3n del Ciclo de Conferencias &#8220;Educaci\u00f3n en la Ingenier\u00eda&#8221;. En esta ocasi\u00f3n,&hellip;\" \/>\n<meta property=\"og:url\" content=\"https:\/\/www.fica.unsl.edu.ar\/index.php\/ani-estan-los-profesores-de-ingenieria-preparados-para-ensenar-ingenieria\/\" \/>\n<meta property=\"og:site_name\" content=\"Facultad de Ingenier\u00eda y Ciencias Agropecuarias\" \/>\n<meta property=\"article:publisher\" content=\"https:\/\/www.facebook.com\/FICA.UNSL\/\" \/>\n<meta property=\"article:published_time\" content=\"2024-10-23T02:30:48+00:00\" \/>\n<meta property=\"article:modified_time\" content=\"2024-11-12T12:03:21+00:00\" \/>\n<meta property=\"og:image\" content=\"https:\/\/www.fica.unsl.edu.ar\/wp-content\/uploads\/2024\/10\/ANI-FRONT.jpg\" \/>\n\t<meta property=\"og:image:width\" content=\"1100\" \/>\n\t<meta property=\"og:image:height\" content=\"550\" \/>\n\t<meta property=\"og:image:type\" content=\"image\/jpeg\" \/>\n<meta name=\"author\" content=\"DATI\" \/>\n<meta name=\"twitter:card\" content=\"summary_large_image\" \/>\n<meta name=\"twitter:creator\" content=\"@FICAUNSL\" \/>\n<meta name=\"twitter:site\" content=\"@FICAUNSL\" \/>\n<meta name=\"twitter:label1\" content=\"Escrito por\" \/>\n\t<meta name=\"twitter:data1\" content=\"DATI\" \/>\n\t<meta name=\"twitter:label2\" content=\"Tiempo de lectura\" \/>\n\t<meta name=\"twitter:data2\" content=\"2 minutos\" \/>\n<script type=\"application\/ld+json\" class=\"yoast-schema-graph\">{\"@context\":\"https:\\\/\\\/schema.org\",\"@graph\":[{\"@type\":\"Article\",\"@id\":\"https:\\\/\\\/www.fica.unsl.edu.ar\\\/index.php\\\/ani-estan-los-profesores-de-ingenieria-preparados-para-ensenar-ingenieria\\\/#article\",\"isPartOf\":{\"@id\":\"https:\\\/\\\/www.fica.unsl.edu.ar\\\/index.php\\\/ani-estan-los-profesores-de-ingenieria-preparados-para-ensenar-ingenieria\\\/\"},\"author\":{\"name\":\"DATI\",\"@id\":\"https:\\\/\\\/www.fica.unsl.edu.ar\\\/#\\\/schema\\\/person\\\/6058f9c66301868d3a691b1f5d6c3544\"},\"headline\":\"Ciclo de Conferencias &#8220;Educaci\u00f3n en la Ingenier\u00eda\u201d: &#8220;\u00bfEst\u00e1n los profesores de ingenier\u00eda preparados para ense\u00f1ar ingenier\u00eda?&#8221;\",\"datePublished\":\"2024-10-23T02:30:48+00:00\",\"dateModified\":\"2024-11-12T12:03:21+00:00\",\"mainEntityOfPage\":{\"@id\":\"https:\\\/\\\/www.fica.unsl.edu.ar\\\/index.php\\\/ani-estan-los-profesores-de-ingenieria-preparados-para-ensenar-ingenieria\\\/\"},\"wordCount\":231,\"publisher\":{\"@id\":\"https:\\\/\\\/www.fica.unsl.edu.ar\\\/#organization\"},\"image\":{\"@id\":\"https:\\\/\\\/www.fica.unsl.edu.ar\\\/index.php\\\/ani-estan-los-profesores-de-ingenieria-preparados-para-ensenar-ingenieria\\\/#primaryimage\"},\"thumbnailUrl\":\"https:\\\/\\\/www.fica.unsl.edu.ar\\\/wp-content\\\/uploads\\\/2024\\\/10\\\/ANI-FRONT.jpg\",\"articleSection\":[\"Noticias\"],\"inLanguage\":\"es-AR\"},{\"@type\":\"WebPage\",\"@id\":\"https:\\\/\\\/www.fica.unsl.edu.ar\\\/index.php\\\/ani-estan-los-profesores-de-ingenieria-preparados-para-ensenar-ingenieria\\\/\",\"url\":\"https:\\\/\\\/www.fica.unsl.edu.ar\\\/index.php\\\/ani-estan-los-profesores-de-ingenieria-preparados-para-ensenar-ingenieria\\\/\",\"name\":\"Ciclo de Conferencias \\\"Educaci\u00f3n en la Ingenier\u00eda\u201d: \\\"\u00bfEst\u00e1n los profesores de ingenier\u00eda preparados para ense\u00f1ar ingenier\u00eda?\\\" - Facultad de Ingenier\u00eda y Ciencias Agropecuarias\",\"isPartOf\":{\"@id\":\"https:\\\/\\\/www.fica.unsl.edu.ar\\\/#website\"},\"primaryImageOfPage\":{\"@id\":\"https:\\\/\\\/www.fica.unsl.edu.ar\\\/index.php\\\/ani-estan-los-profesores-de-ingenieria-preparados-para-ensenar-ingenieria\\\/#primaryimage\"},\"image\":{\"@id\":\"https:\\\/\\\/www.fica.unsl.edu.ar\\\/index.php\\\/ani-estan-los-profesores-de-ingenieria-preparados-para-ensenar-ingenieria\\\/#primaryimage\"},\"thumbnailUrl\":\"https:\\\/\\\/www.fica.unsl.edu.ar\\\/wp-content\\\/uploads\\\/2024\\\/10\\\/ANI-FRONT.jpg\",\"datePublished\":\"2024-10-23T02:30:48+00:00\",\"dateModified\":\"2024-11-12T12:03:21+00:00\",\"inLanguage\":\"es-AR\",\"potentialAction\":[{\"@type\":\"ReadAction\",\"target\":[\"https:\\\/\\\/www.fica.unsl.edu.ar\\\/index.php\\\/ani-estan-los-profesores-de-ingenieria-preparados-para-ensenar-ingenieria\\\/\"]}]},{\"@type\":\"ImageObject\",\"inLanguage\":\"es-AR\",\"@id\":\"https:\\\/\\\/www.fica.unsl.edu.ar\\\/index.php\\\/ani-estan-los-profesores-de-ingenieria-preparados-para-ensenar-ingenieria\\\/#primaryimage\",\"url\":\"https:\\\/\\\/www.fica.unsl.edu.ar\\\/wp-content\\\/uploads\\\/2024\\\/10\\\/ANI-FRONT.jpg\",\"contentUrl\":\"https:\\\/\\\/www.fica.unsl.edu.ar\\\/wp-content\\\/uploads\\\/2024\\\/10\\\/ANI-FRONT.jpg\",\"width\":1100,\"height\":550},{\"@type\":\"WebSite\",\"@id\":\"https:\\\/\\\/www.fica.unsl.edu.ar\\\/#website\",\"url\":\"https:\\\/\\\/www.fica.unsl.edu.ar\\\/\",\"name\":\"Facultad de Ingenier\u00eda y Ciencias Agropecuarias\",\"description\":\"\",\"publisher\":{\"@id\":\"https:\\\/\\\/www.fica.unsl.edu.ar\\\/#organization\"},\"potentialAction\":[{\"@type\":\"SearchAction\",\"target\":{\"@type\":\"EntryPoint\",\"urlTemplate\":\"https:\\\/\\\/www.fica.unsl.edu.ar\\\/?s={search_term_string}\"},\"query-input\":{\"@type\":\"PropertyValueSpecification\",\"valueRequired\":true,\"valueName\":\"search_term_string\"}}],\"inLanguage\":\"es-AR\"},{\"@type\":\"Organization\",\"@id\":\"https:\\\/\\\/www.fica.unsl.edu.ar\\\/#organization\",\"name\":\"Facultad de Ingenier\u00eda y Ciencias Agropecuarias\",\"url\":\"https:\\\/\\\/www.fica.unsl.edu.ar\\\/\",\"logo\":{\"@type\":\"ImageObject\",\"inLanguage\":\"es-AR\",\"@id\":\"https:\\\/\\\/www.fica.unsl.edu.ar\\\/#\\\/schema\\\/logo\\\/image\\\/\",\"url\":\"https:\\\/\\\/www.fica.unsl.edu.ar\\\/wp-content\\\/uploads\\\/2021\\\/03\\\/LOGO-1.jpg\",\"contentUrl\":\"https:\\\/\\\/www.fica.unsl.edu.ar\\\/wp-content\\\/uploads\\\/2021\\\/03\\\/LOGO-1.jpg\",\"width\":463,\"height\":145,\"caption\":\"Facultad de Ingenier\u00eda y Ciencias Agropecuarias\"},\"image\":{\"@id\":\"https:\\\/\\\/www.fica.unsl.edu.ar\\\/#\\\/schema\\\/logo\\\/image\\\/\"},\"sameAs\":[\"https:\\\/\\\/www.facebook.com\\\/FICA.UNSL\\\/\",\"https:\\\/\\\/x.com\\\/FICAUNSL\",\"https:\\\/\\\/www.instagram.com\\\/fica.unsl\\\/\",\"https:\\\/\\\/www.youtube.com\\\/channel\\\/UCs2MM53gb2PyBrMySdtWZDQ\"]},{\"@type\":\"Person\",\"@id\":\"https:\\\/\\\/www.fica.unsl.edu.ar\\\/#\\\/schema\\\/person\\\/6058f9c66301868d3a691b1f5d6c3544\",\"name\":\"DATI\"}]}<\/script>\n<!-- \/ Yoast SEO plugin. -->","yoast_head_json":{"title":"Ciclo de Conferencias \"Educaci\u00f3n en la Ingenier\u00eda\u201d: \"\u00bfEst\u00e1n los profesores de ingenier\u00eda preparados para ense\u00f1ar ingenier\u00eda?\" - Facultad de Ingenier\u00eda y Ciencias Agropecuarias","robots":{"index":"index","follow":"follow","max-snippet":"max-snippet:-1","max-image-preview":"max-image-preview:large","max-video-preview":"max-video-preview:-1"},"canonical":"https:\/\/www.fica.unsl.edu.ar\/index.php\/ani-estan-los-profesores-de-ingenieria-preparados-para-ensenar-ingenieria\/","og_locale":"es_ES","og_type":"article","og_title":"Ciclo de Conferencias \"Educaci\u00f3n en la Ingenier\u00eda\u201d: \"\u00bfEst\u00e1n los profesores de ingenier\u00eda preparados para ense\u00f1ar ingenier\u00eda?\" - Facultad de Ingenier\u00eda y Ciencias Agropecuarias","og_description":"La Academia Nacional de Ingenier\u00eda (ANI) invita cordialmente a participar de la quinta sesi\u00f3n del Ciclo de Conferencias &#8220;Educaci\u00f3n en la Ingenier\u00eda&#8221;. En esta ocasi\u00f3n,&hellip;","og_url":"https:\/\/www.fica.unsl.edu.ar\/index.php\/ani-estan-los-profesores-de-ingenieria-preparados-para-ensenar-ingenieria\/","og_site_name":"Facultad de Ingenier\u00eda y Ciencias Agropecuarias","article_publisher":"https:\/\/www.facebook.com\/FICA.UNSL\/","article_published_time":"2024-10-23T02:30:48+00:00","article_modified_time":"2024-11-12T12:03:21+00:00","og_image":[{"width":1100,"height":550,"url":"https:\/\/www.fica.unsl.edu.ar\/wp-content\/uploads\/2024\/10\/ANI-FRONT.jpg","type":"image\/jpeg"}],"author":"DATI","twitter_card":"summary_large_image","twitter_creator":"@FICAUNSL","twitter_site":"@FICAUNSL","twitter_misc":{"Escrito por":"DATI","Tiempo de lectura":"2 minutos"},"schema":{"@context":"https:\/\/schema.org","@graph":[{"@type":"Article","@id":"https:\/\/www.fica.unsl.edu.ar\/index.php\/ani-estan-los-profesores-de-ingenieria-preparados-para-ensenar-ingenieria\/#article","isPartOf":{"@id":"https:\/\/www.fica.unsl.edu.ar\/index.php\/ani-estan-los-profesores-de-ingenieria-preparados-para-ensenar-ingenieria\/"},"author":{"name":"DATI","@id":"https:\/\/www.fica.unsl.edu.ar\/#\/schema\/person\/6058f9c66301868d3a691b1f5d6c3544"},"headline":"Ciclo de Conferencias &#8220;Educaci\u00f3n en la Ingenier\u00eda\u201d: &#8220;\u00bfEst\u00e1n los profesores de ingenier\u00eda preparados para ense\u00f1ar ingenier\u00eda?&#8221;","datePublished":"2024-10-23T02:30:48+00:00","dateModified":"2024-11-12T12:03:21+00:00","mainEntityOfPage":{"@id":"https:\/\/www.fica.unsl.edu.ar\/index.php\/ani-estan-los-profesores-de-ingenieria-preparados-para-ensenar-ingenieria\/"},"wordCount":231,"publisher":{"@id":"https:\/\/www.fica.unsl.edu.ar\/#organization"},"image":{"@id":"https:\/\/www.fica.unsl.edu.ar\/index.php\/ani-estan-los-profesores-de-ingenieria-preparados-para-ensenar-ingenieria\/#primaryimage"},"thumbnailUrl":"https:\/\/www.fica.unsl.edu.ar\/wp-content\/uploads\/2024\/10\/ANI-FRONT.jpg","articleSection":["Noticias"],"inLanguage":"es-AR"},{"@type":"WebPage","@id":"https:\/\/www.fica.unsl.edu.ar\/index.php\/ani-estan-los-profesores-de-ingenieria-preparados-para-ensenar-ingenieria\/","url":"https:\/\/www.fica.unsl.edu.ar\/index.php\/ani-estan-los-profesores-de-ingenieria-preparados-para-ensenar-ingenieria\/","name":"Ciclo de Conferencias \"Educaci\u00f3n en la Ingenier\u00eda\u201d: \"\u00bfEst\u00e1n los profesores de ingenier\u00eda preparados para ense\u00f1ar ingenier\u00eda?\" - Facultad de Ingenier\u00eda y Ciencias Agropecuarias","isPartOf":{"@id":"https:\/\/www.fica.unsl.edu.ar\/#website"},"primaryImageOfPage":{"@id":"https:\/\/www.fica.unsl.edu.ar\/index.php\/ani-estan-los-profesores-de-ingenieria-preparados-para-ensenar-ingenieria\/#primaryimage"},"image":{"@id":"https:\/\/www.fica.unsl.edu.ar\/index.php\/ani-estan-los-profesores-de-ingenieria-preparados-para-ensenar-ingenieria\/#primaryimage"},"thumbnailUrl":"https:\/\/www.fica.unsl.edu.ar\/wp-content\/uploads\/2024\/10\/ANI-FRONT.jpg","datePublished":"2024-10-23T02:30:48+00:00","dateModified":"2024-11-12T12:03:21+00:00","inLanguage":"es-AR","potentialAction":[{"@type":"ReadAction","target":["https:\/\/www.fica.unsl.edu.ar\/index.php\/ani-estan-los-profesores-de-ingenieria-preparados-para-ensenar-ingenieria\/"]}]},{"@type":"ImageObject","inLanguage":"es-AR","@id":"https:\/\/www.fica.unsl.edu.ar\/index.php\/ani-estan-los-profesores-de-ingenieria-preparados-para-ensenar-ingenieria\/#primaryimage","url":"https:\/\/www.fica.unsl.edu.ar\/wp-content\/uploads\/2024\/10\/ANI-FRONT.jpg","contentUrl":"https:\/\/www.fica.unsl.edu.ar\/wp-content\/uploads\/2024\/10\/ANI-FRONT.jpg","width":1100,"height":550},{"@type":"WebSite","@id":"https:\/\/www.fica.unsl.edu.ar\/#website","url":"https:\/\/www.fica.unsl.edu.ar\/","name":"Facultad de Ingenier\u00eda y Ciencias Agropecuarias","description":"","publisher":{"@id":"https:\/\/www.fica.unsl.edu.ar\/#organization"},"potentialAction":[{"@type":"SearchAction","target":{"@type":"EntryPoint","urlTemplate":"https:\/\/www.fica.unsl.edu.ar\/?s={search_term_string}"},"query-input":{"@type":"PropertyValueSpecification","valueRequired":true,"valueName":"search_term_string"}}],"inLanguage":"es-AR"},{"@type":"Organization","@id":"https:\/\/www.fica.unsl.edu.ar\/#organization","name":"Facultad de Ingenier\u00eda y Ciencias Agropecuarias","url":"https:\/\/www.fica.unsl.edu.ar\/","logo":{"@type":"ImageObject","inLanguage":"es-AR","@id":"https:\/\/www.fica.unsl.edu.ar\/#\/schema\/logo\/image\/","url":"https:\/\/www.fica.unsl.edu.ar\/wp-content\/uploads\/2021\/03\/LOGO-1.jpg","contentUrl":"https:\/\/www.fica.unsl.edu.ar\/wp-content\/uploads\/2021\/03\/LOGO-1.jpg","width":463,"height":145,"caption":"Facultad de Ingenier\u00eda y Ciencias Agropecuarias"},"image":{"@id":"https:\/\/www.fica.unsl.edu.ar\/#\/schema\/logo\/image\/"},"sameAs":["https:\/\/www.facebook.com\/FICA.UNSL\/","https:\/\/x.com\/FICAUNSL","https:\/\/www.instagram.com\/fica.unsl\/","https:\/\/www.youtube.com\/channel\/UCs2MM53gb2PyBrMySdtWZDQ"]},{"@type":"Person","@id":"https:\/\/www.fica.unsl.edu.ar\/#\/schema\/person\/6058f9c66301868d3a691b1f5d6c3544","name":"DATI"}]}},"_links":{"self":[{"href":"https:\/\/www.fica.unsl.edu.ar\/index.php\/wp-json\/wp\/v2\/posts\/18266","targetHints":{"allow":["GET"]}}],"collection":[{"href":"https:\/\/www.fica.unsl.edu.ar\/index.php\/wp-json\/wp\/v2\/posts"}],"about":[{"href":"https:\/\/www.fica.unsl.edu.ar\/index.php\/wp-json\/wp\/v2\/types\/post"}],"author":[{"embeddable":true,"href":"https:\/\/www.fica.unsl.edu.ar\/index.php\/wp-json\/wp\/v2\/users\/9"}],"replies":[{"embeddable":true,"href":"https:\/\/www.fica.unsl.edu.ar\/index.php\/wp-json\/wp\/v2\/comments?post=18266"}],"version-history":[{"count":4,"href":"https:\/\/www.fica.unsl.edu.ar\/index.php\/wp-json\/wp\/v2\/posts\/18266\/revisions"}],"predecessor-version":[{"id":18301,"href":"https:\/\/www.fica.unsl.edu.ar\/index.php\/wp-json\/wp\/v2\/posts\/18266\/revisions\/18301"}],"wp:featuredmedia":[{"embeddable":true,"href":"https:\/\/www.fica.unsl.edu.ar\/index.php\/wp-json\/wp\/v2\/media\/18267"}],"wp:attachment":[{"href":"https:\/\/www.fica.unsl.edu.ar\/index.php\/wp-json\/wp\/v2\/media?parent=18266"}],"wp:term":[{"taxonomy":"category","embeddable":true,"href":"https:\/\/www.fica.unsl.edu.ar\/index.php\/wp-json\/wp\/v2\/categories?post=18266"},{"taxonomy":"post_tag","embeddable":true,"href":"https:\/\/www.fica.unsl.edu.ar\/index.php\/wp-json\/wp\/v2\/tags?post=18266"}],"curies":[{"name":"wp","href":"https:\/\/api.w.org\/{rel}","templated":true}]}}