{"id":18726,"date":"2024-11-28T08:44:22","date_gmt":"2024-11-28T11:44:22","guid":{"rendered":"http:\/\/10.101.10.196\/www\/?p=18726"},"modified":"2024-12-10T13:26:47","modified_gmt":"2024-12-10T16:26:47","slug":"estudiantes-realizan-visitas-educativas-en-el-parque-industrial-de-villa-mercedes","status":"publish","type":"post","link":"https:\/\/www.fica.unsl.edu.ar\/index.php\/estudiantes-realizan-visitas-educativas-en-el-parque-industrial-de-villa-mercedes\/","title":{"rendered":"Estudiantes realizan visitas educativas en el parque industrial de Villa Mercedes"},"content":{"rendered":"<p>Estudiantes de diversas carreras de la FICA llevaron a cabo visitas de campo en el parque industrial de Villa Mercedes. Durante la jornada del viernes 22 de noviembre de 2024, estudiantes de segundo a\u00f1o de la carrera T\u00e9cnico Universitario en Automatizaci\u00f3n Industrial realizaron una visita a la planta industrial de Bagley.<\/p>\n<p>Recibidos por el docente Ing. Luis Godoy, quien trabaja en dicha empresa, los estudiantes recorrieron las instalaciones y pudieron observar diferentes procesos, como los sectores de hornos, enfriamiento, empaquetado y las l\u00edneas de producci\u00f3n de diversos productos. Esta actividad fue organizada por Guillermo Mart\u00ednez.<\/p>\n<p><img fetchpriority=\"high\" decoding=\"async\" class=\"aligncenter size-full wp-image-18729\" src=\"https:\/\/www.fica.unsl.edu.ar\/wp-content\/uploads\/2024\/11\/visita-bagley.jpg\" alt=\"\" width=\"1234\" height=\"753\" srcset=\"https:\/\/www.fica.unsl.edu.ar\/wp-content\/uploads\/2024\/11\/visita-bagley.jpg 1234w, https:\/\/www.fica.unsl.edu.ar\/wp-content\/uploads\/2024\/11\/visita-bagley-300x183.jpg 300w, https:\/\/www.fica.unsl.edu.ar\/wp-content\/uploads\/2024\/11\/visita-bagley-1024x625.jpg 1024w, https:\/\/www.fica.unsl.edu.ar\/wp-content\/uploads\/2024\/11\/visita-bagley-768x469.jpg 768w\" sizes=\"(max-width: 1234px) 100vw, 1234px\" \/><\/p>\n<p>Ese mismo d\u00eda, alumnas de cuarto a\u00f1o de Ingenier\u00eda en Alimentos visitaron la planta de la empresa Diaser S.A.. En esta ocasi\u00f3n, el grupo tuvo la oportunidad de conocer el proceso de producci\u00f3n de biog\u00e1s utilizado para generar energ\u00eda el\u00e9ctrica. Acompa\u00f1aron la visita las y los docentes Luciana Balmaceda, Luciano Olmedo y Soledad Rocha.<\/p>\n<p>Fueron recibidos por el Jefe de Turno de Producci\u00f3n, Mariano Meriggiola, el Jefe de Producci\u00f3n, Nicolas Talimoniuk, \u00a0la Coordinadora de RRHH, Andrea Balordi y la Analista RRHH, Barbara Haidar Laven.<\/p>\n<p>El equipo docente a cargo de ambas actividades agradeci\u00f3 a las autoridades de las plantas por su inter\u00e9s y dedicaci\u00f3n al ofrecer una atenci\u00f3n de calidad y compartir valiosos conocimientos con los estudiantes.<\/p>\n<div class=\"gmedia_gallery phantom_module is_bot\" id=\"GmediaGallery_248\" data-gmid=\"248\" data-module=\"phantom\"><style type='text\/css' class='gmedia_module_style_import'>@import url('https:\/\/www.fica.unsl.edu.ar\/wp-content\/plugins\/grand-media\/module\/phantom\/css\/style.css') all;<\/style>    <div class=\"gmPhantom_Container noLightbox\" >\r\n                <div class=\"gmPhantom_thumbsWrapper gmPhantom_ThumbScale gmPhantom_LabelHover\">\r\n                        <div class=\"gmPhantom_ThumbContainer gmPhantom_ThumbLoader\" data-id=\"4038\" data-post_id=\"18742\" data-ratio=\"0.75\" data-type=\"image\" data-ext=\"jpg\" data-views=\"20\" data-likes=\"0\" data-cc=\"0\" data-post_link=\"https:\/\/www.fica.unsl.edu.ar\/index.php\/gmedia\/visitas-fica-nov_9_-jpg\/\">\r\n                <a href=\"https:\/\/www.fica.unsl.edu.ar\/wp-content\/grand-media\/image\/visitas-fica-nov_9_.jpg\" class=\"gmPhantom_Thumb\"><img decoding=\"async\" src=\"https:\/\/www.fica.unsl.edu.ar\/wp-content\/grand-media\/image\/thumb\/visitas-fica-nov_9_.jpg\" data-src=\"https:\/\/www.fica.unsl.edu.ar\/wp-content\/grand-media\/image\/visitas-fica-nov_9_.jpg\" alt=\"Visitas-fica-nov (9)\"\/><\/a>\r\n                                    <div class=\"gmPhantom_ThumbLabel\"><span class=\"gmPhantom_ThumbLabel_title\">Visitas-fica-nov (9)<\/span><\/div>\r\n                                    <div style=\"display:none;\" class=\"gmPhantom_Details\">\r\n                                            <div class=\"gmPhantom_description\">\r\n                            <div class=\"gmPhantom_title\">Visitas-fica-nov (9)<\/div>\r\n                            <div class=\"gmPhantom_text\"><\/div>\r\n                        <\/div>\r\n                                                            <div class=\"gmPhantom_terms\">\r\n                                                    <div class=\"gmPhantom_other_terms\">\r\n                                <table class=\"gmPhantom_other_terms_table\">\r\n                                                                            <tr class=\"gmPhantom_term_row_album\">\r\n                                            <td class=\"gmPhantom_term_key\">Album<\/td>\r\n                                            <td class=\"gmPhantom_term_value\"><a href=\"\/index.php\/wp-json\/wp\/v2\/posts\/18726?gm248[album__in]=248\" class=\"gmPhantom_alb\">visitas-fica-nov-2024<\/a><\/td>\r\n                                        <\/tr>\r\n                                                                    <\/table>\r\n                            <\/div>\r\n                                                <\/div>\r\n                <\/div>\r\n                <\/div>            <div class=\"gmPhantom_ThumbContainer gmPhantom_ThumbLoader\" data-id=\"4037\" data-post_id=\"18741\" data-ratio=\"1.3333333333333\" data-type=\"image\" data-ext=\"jpg\" data-views=\"22\" data-likes=\"0\" data-cc=\"0\" data-post_link=\"https:\/\/www.fica.unsl.edu.ar\/index.php\/gmedia\/visitas-fica-nov_8_-jpg\/\">\r\n                <a href=\"https:\/\/www.fica.unsl.edu.ar\/wp-content\/grand-media\/image\/visitas-fica-nov_8_.jpg\" class=\"gmPhantom_Thumb\"><img decoding=\"async\" src=\"https:\/\/www.fica.unsl.edu.ar\/wp-content\/grand-media\/image\/thumb\/visitas-fica-nov_8_.jpg\" data-src=\"https:\/\/www.fica.unsl.edu.ar\/wp-content\/grand-media\/image\/visitas-fica-nov_8_.jpg\" alt=\"Visitas-fica-nov (8)\"\/><\/a>\r\n                                    <div class=\"gmPhantom_ThumbLabel\"><span class=\"gmPhantom_ThumbLabel_title\">Visitas-fica-nov (8)<\/span><\/div>\r\n                                    <div style=\"display:none;\" class=\"gmPhantom_Details\">\r\n                                            <div class=\"gmPhantom_description\">\r\n                            <div class=\"gmPhantom_title\">Visitas-fica-nov (8)<\/div>\r\n                            <div class=\"gmPhantom_text\"><\/div>\r\n                        <\/div>\r\n                                                            <div class=\"gmPhantom_terms\">\r\n                                                    <div class=\"gmPhantom_other_terms\">\r\n                                <table class=\"gmPhantom_other_terms_table\">\r\n                                                                            <tr class=\"gmPhantom_term_row_album\">\r\n                                            <td class=\"gmPhantom_term_key\">Album<\/td>\r\n                                            <td class=\"gmPhantom_term_value\"><a href=\"\/index.php\/wp-json\/wp\/v2\/posts\/18726?gm248[album__in]=248\" class=\"gmPhantom_alb\">visitas-fica-nov-2024<\/a><\/td>\r\n                                        <\/tr>\r\n                                                                    <\/table>\r\n                            <\/div>\r\n                                                <\/div>\r\n                <\/div>\r\n                <\/div>            <div class=\"gmPhantom_ThumbContainer gmPhantom_ThumbLoader\" data-id=\"4036\" data-post_id=\"18740\" data-ratio=\"1.3333333333333\" data-type=\"image\" data-ext=\"jpg\" data-views=\"34\" data-likes=\"0\" data-cc=\"0\" data-post_link=\"https:\/\/www.fica.unsl.edu.ar\/index.php\/gmedia\/visitas-fica-nov_7_-jpg\/\">\r\n                <a href=\"https:\/\/www.fica.unsl.edu.ar\/wp-content\/grand-media\/image\/visitas-fica-nov_7_.jpg\" class=\"gmPhantom_Thumb\"><img decoding=\"async\" src=\"https:\/\/www.fica.unsl.edu.ar\/wp-content\/grand-media\/image\/thumb\/visitas-fica-nov_7_.jpg\" data-src=\"https:\/\/www.fica.unsl.edu.ar\/wp-content\/grand-media\/image\/visitas-fica-nov_7_.jpg\" alt=\"Visitas-fica-nov (7)\"\/><\/a>\r\n                                    <div class=\"gmPhantom_ThumbLabel\"><span class=\"gmPhantom_ThumbLabel_title\">Visitas-fica-nov (7)<\/span><\/div>\r\n                                    <div style=\"display:none;\" class=\"gmPhantom_Details\">\r\n                                            <div class=\"gmPhantom_description\">\r\n                            <div class=\"gmPhantom_title\">Visitas-fica-nov (7)<\/div>\r\n                            <div class=\"gmPhantom_text\"><\/div>\r\n                        <\/div>\r\n                                                            <div class=\"gmPhantom_terms\">\r\n                                                    <div class=\"gmPhantom_other_terms\">\r\n                                <table class=\"gmPhantom_other_terms_table\">\r\n                                                                            <tr class=\"gmPhantom_term_row_album\">\r\n                                            <td class=\"gmPhantom_term_key\">Album<\/td>\r\n                                            <td class=\"gmPhantom_term_value\"><a href=\"\/index.php\/wp-json\/wp\/v2\/posts\/18726?gm248[album__in]=248\" class=\"gmPhantom_alb\">visitas-fica-nov-2024<\/a><\/td>\r\n                                        <\/tr>\r\n                                                                    <\/table>\r\n                            <\/div>\r\n                                                <\/div>\r\n                <\/div>\r\n                <\/div>            <div class=\"gmPhantom_ThumbContainer gmPhantom_ThumbLoader\" data-id=\"4035\" data-post_id=\"18739\" data-ratio=\"1.3333333333333\" data-type=\"image\" data-ext=\"jpg\" data-views=\"23\" data-likes=\"0\" data-cc=\"0\" data-post_link=\"https:\/\/www.fica.unsl.edu.ar\/index.php\/gmedia\/visitas-fica-nov_6_-jpg\/\">\r\n                <a href=\"https:\/\/www.fica.unsl.edu.ar\/wp-content\/grand-media\/image\/visitas-fica-nov_6_.jpg\" class=\"gmPhantom_Thumb\"><img decoding=\"async\" src=\"https:\/\/www.fica.unsl.edu.ar\/wp-content\/grand-media\/image\/thumb\/visitas-fica-nov_6_.jpg\" data-src=\"https:\/\/www.fica.unsl.edu.ar\/wp-content\/grand-media\/image\/visitas-fica-nov_6_.jpg\" alt=\"Visitas-fica-nov (6)\"\/><\/a>\r\n                                    <div class=\"gmPhantom_ThumbLabel\"><span class=\"gmPhantom_ThumbLabel_title\">Visitas-fica-nov (6)<\/span><\/div>\r\n                                    <div style=\"display:none;\" class=\"gmPhantom_Details\">\r\n                                            <div class=\"gmPhantom_description\">\r\n                            <div class=\"gmPhantom_title\">Visitas-fica-nov (6)<\/div>\r\n                            <div class=\"gmPhantom_text\"><\/div>\r\n                        <\/div>\r\n                                                            <div class=\"gmPhantom_terms\">\r\n                                                    <div class=\"gmPhantom_other_terms\">\r\n                                <table class=\"gmPhantom_other_terms_table\">\r\n                                                                            <tr class=\"gmPhantom_term_row_album\">\r\n                                            <td class=\"gmPhantom_term_key\">Album<\/td>\r\n                                            <td class=\"gmPhantom_term_value\"><a href=\"\/index.php\/wp-json\/wp\/v2\/posts\/18726?gm248[album__in]=248\" class=\"gmPhantom_alb\">visitas-fica-nov-2024<\/a><\/td>\r\n                                        <\/tr>\r\n                                                                    <\/table>\r\n                            <\/div>\r\n                                                <\/div>\r\n                <\/div>\r\n                <\/div>            <div class=\"gmPhantom_ThumbContainer gmPhantom_ThumbLoader\" data-id=\"4034\" data-post_id=\"18738\" data-ratio=\"1.3333333333333\" data-type=\"image\" data-ext=\"jpg\" data-views=\"21\" data-likes=\"0\" data-cc=\"0\" data-post_link=\"https:\/\/www.fica.unsl.edu.ar\/index.php\/gmedia\/visitas-fica-nov_5_-jpg\/\">\r\n                <a href=\"https:\/\/www.fica.unsl.edu.ar\/wp-content\/grand-media\/image\/visitas-fica-nov_5_.jpg\" class=\"gmPhantom_Thumb\"><img decoding=\"async\" src=\"https:\/\/www.fica.unsl.edu.ar\/wp-content\/grand-media\/image\/thumb\/visitas-fica-nov_5_.jpg\" data-src=\"https:\/\/www.fica.unsl.edu.ar\/wp-content\/grand-media\/image\/visitas-fica-nov_5_.jpg\" alt=\"Visitas-fica-nov (5)\"\/><\/a>\r\n                                    <div class=\"gmPhantom_ThumbLabel\"><span class=\"gmPhantom_ThumbLabel_title\">Visitas-fica-nov (5)<\/span><\/div>\r\n                                    <div style=\"display:none;\" class=\"gmPhantom_Details\">\r\n                                            <div class=\"gmPhantom_description\">\r\n                            <div class=\"gmPhantom_title\">Visitas-fica-nov (5)<\/div>\r\n                            <div class=\"gmPhantom_text\"><\/div>\r\n                        <\/div>\r\n                                                            <div class=\"gmPhantom_terms\">\r\n                                                    <div class=\"gmPhantom_other_terms\">\r\n                                <table class=\"gmPhantom_other_terms_table\">\r\n                                                                            <tr class=\"gmPhantom_term_row_album\">\r\n                                            <td class=\"gmPhantom_term_key\">Album<\/td>\r\n                                            <td class=\"gmPhantom_term_value\"><a href=\"\/index.php\/wp-json\/wp\/v2\/posts\/18726?gm248[album__in]=248\" class=\"gmPhantom_alb\">visitas-fica-nov-2024<\/a><\/td>\r\n                                        <\/tr>\r\n                                                                    <\/table>\r\n                            <\/div>\r\n                                                <\/div>\r\n                <\/div>\r\n                <\/div>            <div class=\"gmPhantom_ThumbContainer gmPhantom_ThumbLoader\" data-id=\"4033\" data-post_id=\"18736\" data-ratio=\"1.3333333333333\" data-type=\"image\" data-ext=\"jpg\" data-views=\"23\" data-likes=\"0\" data-cc=\"0\" data-post_link=\"https:\/\/www.fica.unsl.edu.ar\/index.php\/gmedia\/visitas-fica-nov_4_-jpg\/\">\r\n                <a href=\"https:\/\/www.fica.unsl.edu.ar\/wp-content\/grand-media\/image\/visitas-fica-nov_4_.jpg\" class=\"gmPhantom_Thumb\"><img decoding=\"async\" src=\"https:\/\/www.fica.unsl.edu.ar\/wp-content\/grand-media\/image\/thumb\/visitas-fica-nov_4_.jpg\" data-src=\"https:\/\/www.fica.unsl.edu.ar\/wp-content\/grand-media\/image\/visitas-fica-nov_4_.jpg\" alt=\"Visitas-fica-nov (4)\"\/><\/a>\r\n                                    <div class=\"gmPhantom_ThumbLabel\"><span class=\"gmPhantom_ThumbLabel_title\">Visitas-fica-nov (4)<\/span><\/div>\r\n                                    <div style=\"display:none;\" class=\"gmPhantom_Details\">\r\n                                            <div class=\"gmPhantom_description\">\r\n                            <div class=\"gmPhantom_title\">Visitas-fica-nov (4)<\/div>\r\n                            <div class=\"gmPhantom_text\"><\/div>\r\n                        <\/div>\r\n                                                            <div class=\"gmPhantom_terms\">\r\n                                                    <div class=\"gmPhantom_other_terms\">\r\n                                <table class=\"gmPhantom_other_terms_table\">\r\n                                                                            <tr class=\"gmPhantom_term_row_album\">\r\n                                            <td class=\"gmPhantom_term_key\">Album<\/td>\r\n                                            <td class=\"gmPhantom_term_value\"><a href=\"\/index.php\/wp-json\/wp\/v2\/posts\/18726?gm248[album__in]=248\" class=\"gmPhantom_alb\">visitas-fica-nov-2024<\/a><\/td>\r\n                                        <\/tr>\r\n                                                                    <\/table>\r\n                            <\/div>\r\n                                                <\/div>\r\n                <\/div>\r\n                <\/div>            <div class=\"gmPhantom_ThumbContainer gmPhantom_ThumbLoader\" data-id=\"4032\" data-post_id=\"18735\" data-ratio=\"0.75\" data-type=\"image\" data-ext=\"jpg\" data-views=\"27\" data-likes=\"0\" data-cc=\"0\" data-post_link=\"https:\/\/www.fica.unsl.edu.ar\/index.php\/gmedia\/visitas-fica-nov_3_-jpg\/\">\r\n                <a href=\"https:\/\/www.fica.unsl.edu.ar\/wp-content\/grand-media\/image\/visitas-fica-nov_3_.jpg\" class=\"gmPhantom_Thumb\"><img decoding=\"async\" src=\"https:\/\/www.fica.unsl.edu.ar\/wp-content\/grand-media\/image\/thumb\/visitas-fica-nov_3_.jpg\" data-src=\"https:\/\/www.fica.unsl.edu.ar\/wp-content\/grand-media\/image\/visitas-fica-nov_3_.jpg\" alt=\"Visitas-fica-nov (3)\"\/><\/a>\r\n                                    <div class=\"gmPhantom_ThumbLabel\"><span class=\"gmPhantom_ThumbLabel_title\">Visitas-fica-nov (3)<\/span><\/div>\r\n                                    <div style=\"display:none;\" class=\"gmPhantom_Details\">\r\n                                            <div class=\"gmPhantom_description\">\r\n                            <div class=\"gmPhantom_title\">Visitas-fica-nov (3)<\/div>\r\n                            <div class=\"gmPhantom_text\"><\/div>\r\n                        <\/div>\r\n                                                            <div class=\"gmPhantom_terms\">\r\n                                                    <div class=\"gmPhantom_other_terms\">\r\n                                <table class=\"gmPhantom_other_terms_table\">\r\n                                                                            <tr class=\"gmPhantom_term_row_album\">\r\n                                            <td class=\"gmPhantom_term_key\">Album<\/td>\r\n                                            <td class=\"gmPhantom_term_value\"><a href=\"\/index.php\/wp-json\/wp\/v2\/posts\/18726?gm248[album__in]=248\" class=\"gmPhantom_alb\">visitas-fica-nov-2024<\/a><\/td>\r\n                                        <\/tr>\r\n                                                                    <\/table>\r\n                            <\/div>\r\n                                                <\/div>\r\n                <\/div>\r\n                <\/div>            <div class=\"gmPhantom_ThumbContainer gmPhantom_ThumbLoader\" data-id=\"4031\" data-post_id=\"18734\" data-ratio=\"0.75\" data-type=\"image\" data-ext=\"jpg\" data-views=\"14\" data-likes=\"0\" data-cc=\"0\" data-post_link=\"https:\/\/www.fica.unsl.edu.ar\/index.php\/gmedia\/visitas-fica-nov_2_-jpg\/\">\r\n                <a href=\"https:\/\/www.fica.unsl.edu.ar\/wp-content\/grand-media\/image\/visitas-fica-nov_2_.jpg\" class=\"gmPhantom_Thumb\"><img decoding=\"async\" src=\"https:\/\/www.fica.unsl.edu.ar\/wp-content\/grand-media\/image\/thumb\/visitas-fica-nov_2_.jpg\" data-src=\"https:\/\/www.fica.unsl.edu.ar\/wp-content\/grand-media\/image\/visitas-fica-nov_2_.jpg\" alt=\"Visitas-fica-nov (2)\"\/><\/a>\r\n                                    <div class=\"gmPhantom_ThumbLabel\"><span class=\"gmPhantom_ThumbLabel_title\">Visitas-fica-nov (2)<\/span><\/div>\r\n                                    <div style=\"display:none;\" class=\"gmPhantom_Details\">\r\n                                            <div class=\"gmPhantom_description\">\r\n                            <div class=\"gmPhantom_title\">Visitas-fica-nov (2)<\/div>\r\n                            <div class=\"gmPhantom_text\"><\/div>\r\n                        <\/div>\r\n                                                            <div class=\"gmPhantom_terms\">\r\n                                                    <div class=\"gmPhantom_other_terms\">\r\n                                <table class=\"gmPhantom_other_terms_table\">\r\n                                                                            <tr class=\"gmPhantom_term_row_album\">\r\n                                            <td class=\"gmPhantom_term_key\">Album<\/td>\r\n                                            <td class=\"gmPhantom_term_value\"><a href=\"\/index.php\/wp-json\/wp\/v2\/posts\/18726?gm248[album__in]=248\" class=\"gmPhantom_alb\">visitas-fica-nov-2024<\/a><\/td>\r\n                                        <\/tr>\r\n                                                                    <\/table>\r\n                            <\/div>\r\n                                                <\/div>\r\n                <\/div>\r\n                <\/div>            <div class=\"gmPhantom_ThumbContainer gmPhantom_ThumbLoader\" data-id=\"4029\" data-post_id=\"18732\" data-ratio=\"1.3333333333333\" data-type=\"image\" data-ext=\"jpg\" data-views=\"35\" data-likes=\"0\" data-cc=\"0\" data-post_link=\"https:\/\/www.fica.unsl.edu.ar\/index.php\/gmedia\/visitas-fica-nov_1_-jpg\/\">\r\n                <a href=\"https:\/\/www.fica.unsl.edu.ar\/wp-content\/grand-media\/image\/visitas-fica-nov_1_.jpg\" class=\"gmPhantom_Thumb\"><img decoding=\"async\" src=\"https:\/\/www.fica.unsl.edu.ar\/wp-content\/grand-media\/image\/thumb\/visitas-fica-nov_1_.jpg\" data-src=\"https:\/\/www.fica.unsl.edu.ar\/wp-content\/grand-media\/image\/visitas-fica-nov_1_.jpg\" alt=\"Visitas-fica-nov (1)\"\/><\/a>\r\n                                    <div class=\"gmPhantom_ThumbLabel\"><span class=\"gmPhantom_ThumbLabel_title\">Visitas-fica-nov (1)<\/span><\/div>\r\n                                    <div style=\"display:none;\" class=\"gmPhantom_Details\">\r\n                                            <div class=\"gmPhantom_description\">\r\n                            <div class=\"gmPhantom_title\">Visitas-fica-nov (1)<\/div>\r\n                            <div class=\"gmPhantom_text\"><\/div>\r\n                        <\/div>\r\n                                                            <div class=\"gmPhantom_terms\">\r\n                                                    <div class=\"gmPhantom_other_terms\">\r\n                                <table class=\"gmPhantom_other_terms_table\">\r\n                                                                            <tr class=\"gmPhantom_term_row_album\">\r\n                                            <td class=\"gmPhantom_term_key\">Album<\/td>\r\n                                            <td class=\"gmPhantom_term_value\"><a href=\"\/index.php\/wp-json\/wp\/v2\/posts\/18726?gm248[album__in]=248\" class=\"gmPhantom_alb\">visitas-fica-nov-2024<\/a><\/td>\r\n                                        <\/tr>\r\n                                                                    <\/table>\r\n                            <\/div>\r\n                                                <\/div>\r\n                <\/div>\r\n                <\/div>            <div class=\"gmPhantom_ThumbContainer gmPhantom_ThumbLoader\" data-id=\"4028\" data-post_id=\"18731\" data-ratio=\"1.3333333333333\" data-type=\"image\" data-ext=\"jpg\" data-views=\"31\" data-likes=\"0\" data-cc=\"0\" data-post_link=\"https:\/\/www.fica.unsl.edu.ar\/index.php\/gmedia\/visitas-fica-nov_10_-jpg\/\">\r\n                <a href=\"https:\/\/www.fica.unsl.edu.ar\/wp-content\/grand-media\/image\/visitas-fica-nov_10_.jpg\" class=\"gmPhantom_Thumb\"><img decoding=\"async\" src=\"https:\/\/www.fica.unsl.edu.ar\/wp-content\/grand-media\/image\/thumb\/visitas-fica-nov_10_.jpg\" data-src=\"https:\/\/www.fica.unsl.edu.ar\/wp-content\/grand-media\/image\/visitas-fica-nov_10_.jpg\" alt=\"Visitas-fica-nov (10)\"\/><\/a>\r\n                                    <div class=\"gmPhantom_ThumbLabel\"><span class=\"gmPhantom_ThumbLabel_title\">Visitas-fica-nov (10)<\/span><\/div>\r\n                                    <div style=\"display:none;\" class=\"gmPhantom_Details\">\r\n                                            <div class=\"gmPhantom_description\">\r\n                            <div class=\"gmPhantom_title\">Visitas-fica-nov (10)<\/div>\r\n                            <div class=\"gmPhantom_text\"><\/div>\r\n                        <\/div>\r\n                                                            <div class=\"gmPhantom_terms\">\r\n                                                    <div class=\"gmPhantom_other_terms\">\r\n                                <table class=\"gmPhantom_other_terms_table\">\r\n                                                                            <tr class=\"gmPhantom_term_row_album\">\r\n                                            <td class=\"gmPhantom_term_key\">Album<\/td>\r\n                                            <td class=\"gmPhantom_term_value\"><a href=\"\/index.php\/wp-json\/wp\/v2\/posts\/18726?gm248[album__in]=248\" class=\"gmPhantom_alb\">visitas-fica-nov-2024<\/a><\/td>\r\n                                        <\/tr>\r\n                                                                    <\/table>\r\n                            <\/div>\r\n                                                <\/div>\r\n                <\/div>\r\n                <\/div>        <\/div>\r\n    <\/div>\r\n<\/div>\n","protected":false},"excerpt":{"rendered":"<p>Estudiantes de diversas carreras de la FICA llevaron a cabo visitas de campo en el parque industrial de Villa Mercedes. Durante la jornada del viernes&hellip;<\/p>\n","protected":false},"author":9,"featured_media":18743,"comment_status":"closed","ping_status":"closed","sticky":false,"template":"","format":"standard","meta":{"_monsterinsights_skip_tracking":false,"_monsterinsights_sitenote_active":false,"_monsterinsights_sitenote_note":"","_monsterinsights_sitenote_category":0,"_joinchat":[],"footnotes":""},"categories":[19],"tags":[],"class_list":["post-18726","post","type-post","status-publish","format-standard","has-post-thumbnail","hentry","category-noticias"],"yoast_head":"<!-- This site is optimized with the Yoast SEO plugin v27.4 - https:\/\/yoast.com\/product\/yoast-seo-wordpress\/ -->\n<title>Estudiantes realizan visitas educativas en el parque industrial de Villa Mercedes - Facultad de Ingenier\u00eda y Ciencias Agropecuarias<\/title>\n<meta name=\"robots\" content=\"index, follow, max-snippet:-1, max-image-preview:large, max-video-preview:-1\" \/>\n<link rel=\"canonical\" href=\"https:\/\/www.fica.unsl.edu.ar\/index.php\/estudiantes-realizan-visitas-educativas-en-el-parque-industrial-de-villa-mercedes\/\" \/>\n<meta property=\"og:locale\" content=\"es_ES\" \/>\n<meta property=\"og:type\" content=\"article\" \/>\n<meta property=\"og:title\" content=\"Estudiantes realizan visitas educativas en el parque industrial de Villa Mercedes - Facultad de Ingenier\u00eda y Ciencias Agropecuarias\" \/>\n<meta property=\"og:description\" content=\"Estudiantes de diversas carreras de la FICA llevaron a cabo visitas de campo en el parque industrial de Villa Mercedes. Durante la jornada del viernes&hellip;\" \/>\n<meta property=\"og:url\" content=\"https:\/\/www.fica.unsl.edu.ar\/index.php\/estudiantes-realizan-visitas-educativas-en-el-parque-industrial-de-villa-mercedes\/\" \/>\n<meta property=\"og:site_name\" content=\"Facultad de Ingenier\u00eda y Ciencias Agropecuarias\" \/>\n<meta property=\"article:publisher\" content=\"https:\/\/www.facebook.com\/FICA.UNSL\/\" \/>\n<meta property=\"article:published_time\" content=\"2024-11-28T11:44:22+00:00\" \/>\n<meta property=\"article:modified_time\" content=\"2024-12-10T16:26:47+00:00\" \/>\n<meta property=\"og:image\" content=\"https:\/\/www.fica.unsl.edu.ar\/wp-content\/uploads\/2024\/11\/visitas-fron-02t.jpg\" \/>\n\t<meta property=\"og:image:width\" content=\"1061\" \/>\n\t<meta property=\"og:image:height\" content=\"585\" \/>\n\t<meta property=\"og:image:type\" content=\"image\/jpeg\" \/>\n<meta name=\"author\" content=\"DATI\" \/>\n<meta name=\"twitter:card\" content=\"summary_large_image\" \/>\n<meta name=\"twitter:creator\" content=\"@FICAUNSL\" \/>\n<meta name=\"twitter:site\" content=\"@FICAUNSL\" \/>\n<meta name=\"twitter:label1\" content=\"Escrito por\" \/>\n\t<meta name=\"twitter:data1\" content=\"DATI\" \/>\n\t<meta name=\"twitter:label2\" content=\"Tiempo de lectura\" \/>\n\t<meta name=\"twitter:data2\" content=\"2 minutos\" \/>\n<script type=\"application\/ld+json\" class=\"yoast-schema-graph\">{\"@context\":\"https:\\\/\\\/schema.org\",\"@graph\":[{\"@type\":\"Article\",\"@id\":\"https:\\\/\\\/www.fica.unsl.edu.ar\\\/index.php\\\/estudiantes-realizan-visitas-educativas-en-el-parque-industrial-de-villa-mercedes\\\/#article\",\"isPartOf\":{\"@id\":\"https:\\\/\\\/www.fica.unsl.edu.ar\\\/index.php\\\/estudiantes-realizan-visitas-educativas-en-el-parque-industrial-de-villa-mercedes\\\/\"},\"author\":{\"name\":\"DATI\",\"@id\":\"https:\\\/\\\/www.fica.unsl.edu.ar\\\/#\\\/schema\\\/person\\\/6058f9c66301868d3a691b1f5d6c3544\"},\"headline\":\"Estudiantes realizan visitas educativas en el parque industrial de Villa Mercedes\",\"datePublished\":\"2024-11-28T11:44:22+00:00\",\"dateModified\":\"2024-12-10T16:26:47+00:00\",\"mainEntityOfPage\":{\"@id\":\"https:\\\/\\\/www.fica.unsl.edu.ar\\\/index.php\\\/estudiantes-realizan-visitas-educativas-en-el-parque-industrial-de-villa-mercedes\\\/\"},\"wordCount\":244,\"publisher\":{\"@id\":\"https:\\\/\\\/www.fica.unsl.edu.ar\\\/#organization\"},\"image\":{\"@id\":\"https:\\\/\\\/www.fica.unsl.edu.ar\\\/index.php\\\/estudiantes-realizan-visitas-educativas-en-el-parque-industrial-de-villa-mercedes\\\/#primaryimage\"},\"thumbnailUrl\":\"https:\\\/\\\/www.fica.unsl.edu.ar\\\/wp-content\\\/uploads\\\/2024\\\/11\\\/visitas-fron-02t.jpg\",\"articleSection\":[\"Noticias\"],\"inLanguage\":\"es-AR\"},{\"@type\":\"WebPage\",\"@id\":\"https:\\\/\\\/www.fica.unsl.edu.ar\\\/index.php\\\/estudiantes-realizan-visitas-educativas-en-el-parque-industrial-de-villa-mercedes\\\/\",\"url\":\"https:\\\/\\\/www.fica.unsl.edu.ar\\\/index.php\\\/estudiantes-realizan-visitas-educativas-en-el-parque-industrial-de-villa-mercedes\\\/\",\"name\":\"Estudiantes realizan visitas educativas en el parque industrial de Villa Mercedes - Facultad de Ingenier\u00eda y Ciencias Agropecuarias\",\"isPartOf\":{\"@id\":\"https:\\\/\\\/www.fica.unsl.edu.ar\\\/#website\"},\"primaryImageOfPage\":{\"@id\":\"https:\\\/\\\/www.fica.unsl.edu.ar\\\/index.php\\\/estudiantes-realizan-visitas-educativas-en-el-parque-industrial-de-villa-mercedes\\\/#primaryimage\"},\"image\":{\"@id\":\"https:\\\/\\\/www.fica.unsl.edu.ar\\\/index.php\\\/estudiantes-realizan-visitas-educativas-en-el-parque-industrial-de-villa-mercedes\\\/#primaryimage\"},\"thumbnailUrl\":\"https:\\\/\\\/www.fica.unsl.edu.ar\\\/wp-content\\\/uploads\\\/2024\\\/11\\\/visitas-fron-02t.jpg\",\"datePublished\":\"2024-11-28T11:44:22+00:00\",\"dateModified\":\"2024-12-10T16:26:47+00:00\",\"inLanguage\":\"es-AR\",\"potentialAction\":[{\"@type\":\"ReadAction\",\"target\":[\"https:\\\/\\\/www.fica.unsl.edu.ar\\\/index.php\\\/estudiantes-realizan-visitas-educativas-en-el-parque-industrial-de-villa-mercedes\\\/\"]}]},{\"@type\":\"ImageObject\",\"inLanguage\":\"es-AR\",\"@id\":\"https:\\\/\\\/www.fica.unsl.edu.ar\\\/index.php\\\/estudiantes-realizan-visitas-educativas-en-el-parque-industrial-de-villa-mercedes\\\/#primaryimage\",\"url\":\"https:\\\/\\\/www.fica.unsl.edu.ar\\\/wp-content\\\/uploads\\\/2024\\\/11\\\/visitas-fron-02t.jpg\",\"contentUrl\":\"https:\\\/\\\/www.fica.unsl.edu.ar\\\/wp-content\\\/uploads\\\/2024\\\/11\\\/visitas-fron-02t.jpg\",\"width\":1061,\"height\":585},{\"@type\":\"WebSite\",\"@id\":\"https:\\\/\\\/www.fica.unsl.edu.ar\\\/#website\",\"url\":\"https:\\\/\\\/www.fica.unsl.edu.ar\\\/\",\"name\":\"Facultad de Ingenier\u00eda y Ciencias Agropecuarias\",\"description\":\"\",\"publisher\":{\"@id\":\"https:\\\/\\\/www.fica.unsl.edu.ar\\\/#organization\"},\"potentialAction\":[{\"@type\":\"SearchAction\",\"target\":{\"@type\":\"EntryPoint\",\"urlTemplate\":\"https:\\\/\\\/www.fica.unsl.edu.ar\\\/?s={search_term_string}\"},\"query-input\":{\"@type\":\"PropertyValueSpecification\",\"valueRequired\":true,\"valueName\":\"search_term_string\"}}],\"inLanguage\":\"es-AR\"},{\"@type\":\"Organization\",\"@id\":\"https:\\\/\\\/www.fica.unsl.edu.ar\\\/#organization\",\"name\":\"Facultad de Ingenier\u00eda y Ciencias Agropecuarias\",\"url\":\"https:\\\/\\\/www.fica.unsl.edu.ar\\\/\",\"logo\":{\"@type\":\"ImageObject\",\"inLanguage\":\"es-AR\",\"@id\":\"https:\\\/\\\/www.fica.unsl.edu.ar\\\/#\\\/schema\\\/logo\\\/image\\\/\",\"url\":\"https:\\\/\\\/www.fica.unsl.edu.ar\\\/wp-content\\\/uploads\\\/2021\\\/03\\\/LOGO-1.jpg\",\"contentUrl\":\"https:\\\/\\\/www.fica.unsl.edu.ar\\\/wp-content\\\/uploads\\\/2021\\\/03\\\/LOGO-1.jpg\",\"width\":463,\"height\":145,\"caption\":\"Facultad de Ingenier\u00eda y Ciencias Agropecuarias\"},\"image\":{\"@id\":\"https:\\\/\\\/www.fica.unsl.edu.ar\\\/#\\\/schema\\\/logo\\\/image\\\/\"},\"sameAs\":[\"https:\\\/\\\/www.facebook.com\\\/FICA.UNSL\\\/\",\"https:\\\/\\\/x.com\\\/FICAUNSL\",\"https:\\\/\\\/www.instagram.com\\\/fica.unsl\\\/\",\"https:\\\/\\\/www.youtube.com\\\/channel\\\/UCs2MM53gb2PyBrMySdtWZDQ\"]},{\"@type\":\"Person\",\"@id\":\"https:\\\/\\\/www.fica.unsl.edu.ar\\\/#\\\/schema\\\/person\\\/6058f9c66301868d3a691b1f5d6c3544\",\"name\":\"DATI\"}]}<\/script>\n<!-- \/ Yoast SEO plugin. -->","yoast_head_json":{"title":"Estudiantes realizan visitas educativas en el parque industrial de Villa Mercedes - Facultad de Ingenier\u00eda y Ciencias Agropecuarias","robots":{"index":"index","follow":"follow","max-snippet":"max-snippet:-1","max-image-preview":"max-image-preview:large","max-video-preview":"max-video-preview:-1"},"canonical":"https:\/\/www.fica.unsl.edu.ar\/index.php\/estudiantes-realizan-visitas-educativas-en-el-parque-industrial-de-villa-mercedes\/","og_locale":"es_ES","og_type":"article","og_title":"Estudiantes realizan visitas educativas en el parque industrial de Villa Mercedes - Facultad de Ingenier\u00eda y Ciencias Agropecuarias","og_description":"Estudiantes de diversas carreras de la FICA llevaron a cabo visitas de campo en el parque industrial de Villa Mercedes. Durante la jornada del viernes&hellip;","og_url":"https:\/\/www.fica.unsl.edu.ar\/index.php\/estudiantes-realizan-visitas-educativas-en-el-parque-industrial-de-villa-mercedes\/","og_site_name":"Facultad de Ingenier\u00eda y Ciencias Agropecuarias","article_publisher":"https:\/\/www.facebook.com\/FICA.UNSL\/","article_published_time":"2024-11-28T11:44:22+00:00","article_modified_time":"2024-12-10T16:26:47+00:00","og_image":[{"width":1061,"height":585,"url":"https:\/\/www.fica.unsl.edu.ar\/wp-content\/uploads\/2024\/11\/visitas-fron-02t.jpg","type":"image\/jpeg"}],"author":"DATI","twitter_card":"summary_large_image","twitter_creator":"@FICAUNSL","twitter_site":"@FICAUNSL","twitter_misc":{"Escrito por":"DATI","Tiempo de lectura":"2 minutos"},"schema":{"@context":"https:\/\/schema.org","@graph":[{"@type":"Article","@id":"https:\/\/www.fica.unsl.edu.ar\/index.php\/estudiantes-realizan-visitas-educativas-en-el-parque-industrial-de-villa-mercedes\/#article","isPartOf":{"@id":"https:\/\/www.fica.unsl.edu.ar\/index.php\/estudiantes-realizan-visitas-educativas-en-el-parque-industrial-de-villa-mercedes\/"},"author":{"name":"DATI","@id":"https:\/\/www.fica.unsl.edu.ar\/#\/schema\/person\/6058f9c66301868d3a691b1f5d6c3544"},"headline":"Estudiantes realizan visitas educativas en el parque industrial de Villa Mercedes","datePublished":"2024-11-28T11:44:22+00:00","dateModified":"2024-12-10T16:26:47+00:00","mainEntityOfPage":{"@id":"https:\/\/www.fica.unsl.edu.ar\/index.php\/estudiantes-realizan-visitas-educativas-en-el-parque-industrial-de-villa-mercedes\/"},"wordCount":244,"publisher":{"@id":"https:\/\/www.fica.unsl.edu.ar\/#organization"},"image":{"@id":"https:\/\/www.fica.unsl.edu.ar\/index.php\/estudiantes-realizan-visitas-educativas-en-el-parque-industrial-de-villa-mercedes\/#primaryimage"},"thumbnailUrl":"https:\/\/www.fica.unsl.edu.ar\/wp-content\/uploads\/2024\/11\/visitas-fron-02t.jpg","articleSection":["Noticias"],"inLanguage":"es-AR"},{"@type":"WebPage","@id":"https:\/\/www.fica.unsl.edu.ar\/index.php\/estudiantes-realizan-visitas-educativas-en-el-parque-industrial-de-villa-mercedes\/","url":"https:\/\/www.fica.unsl.edu.ar\/index.php\/estudiantes-realizan-visitas-educativas-en-el-parque-industrial-de-villa-mercedes\/","name":"Estudiantes realizan visitas educativas en el parque industrial de Villa Mercedes - Facultad de Ingenier\u00eda y Ciencias Agropecuarias","isPartOf":{"@id":"https:\/\/www.fica.unsl.edu.ar\/#website"},"primaryImageOfPage":{"@id":"https:\/\/www.fica.unsl.edu.ar\/index.php\/estudiantes-realizan-visitas-educativas-en-el-parque-industrial-de-villa-mercedes\/#primaryimage"},"image":{"@id":"https:\/\/www.fica.unsl.edu.ar\/index.php\/estudiantes-realizan-visitas-educativas-en-el-parque-industrial-de-villa-mercedes\/#primaryimage"},"thumbnailUrl":"https:\/\/www.fica.unsl.edu.ar\/wp-content\/uploads\/2024\/11\/visitas-fron-02t.jpg","datePublished":"2024-11-28T11:44:22+00:00","dateModified":"2024-12-10T16:26:47+00:00","inLanguage":"es-AR","potentialAction":[{"@type":"ReadAction","target":["https:\/\/www.fica.unsl.edu.ar\/index.php\/estudiantes-realizan-visitas-educativas-en-el-parque-industrial-de-villa-mercedes\/"]}]},{"@type":"ImageObject","inLanguage":"es-AR","@id":"https:\/\/www.fica.unsl.edu.ar\/index.php\/estudiantes-realizan-visitas-educativas-en-el-parque-industrial-de-villa-mercedes\/#primaryimage","url":"https:\/\/www.fica.unsl.edu.ar\/wp-content\/uploads\/2024\/11\/visitas-fron-02t.jpg","contentUrl":"https:\/\/www.fica.unsl.edu.ar\/wp-content\/uploads\/2024\/11\/visitas-fron-02t.jpg","width":1061,"height":585},{"@type":"WebSite","@id":"https:\/\/www.fica.unsl.edu.ar\/#website","url":"https:\/\/www.fica.unsl.edu.ar\/","name":"Facultad de Ingenier\u00eda y Ciencias Agropecuarias","description":"","publisher":{"@id":"https:\/\/www.fica.unsl.edu.ar\/#organization"},"potentialAction":[{"@type":"SearchAction","target":{"@type":"EntryPoint","urlTemplate":"https:\/\/www.fica.unsl.edu.ar\/?s={search_term_string}"},"query-input":{"@type":"PropertyValueSpecification","valueRequired":true,"valueName":"search_term_string"}}],"inLanguage":"es-AR"},{"@type":"Organization","@id":"https:\/\/www.fica.unsl.edu.ar\/#organization","name":"Facultad de Ingenier\u00eda y Ciencias Agropecuarias","url":"https:\/\/www.fica.unsl.edu.ar\/","logo":{"@type":"ImageObject","inLanguage":"es-AR","@id":"https:\/\/www.fica.unsl.edu.ar\/#\/schema\/logo\/image\/","url":"https:\/\/www.fica.unsl.edu.ar\/wp-content\/uploads\/2021\/03\/LOGO-1.jpg","contentUrl":"https:\/\/www.fica.unsl.edu.ar\/wp-content\/uploads\/2021\/03\/LOGO-1.jpg","width":463,"height":145,"caption":"Facultad de Ingenier\u00eda y Ciencias Agropecuarias"},"image":{"@id":"https:\/\/www.fica.unsl.edu.ar\/#\/schema\/logo\/image\/"},"sameAs":["https:\/\/www.facebook.com\/FICA.UNSL\/","https:\/\/x.com\/FICAUNSL","https:\/\/www.instagram.com\/fica.unsl\/","https:\/\/www.youtube.com\/channel\/UCs2MM53gb2PyBrMySdtWZDQ"]},{"@type":"Person","@id":"https:\/\/www.fica.unsl.edu.ar\/#\/schema\/person\/6058f9c66301868d3a691b1f5d6c3544","name":"DATI"}]}},"_links":{"self":[{"href":"https:\/\/www.fica.unsl.edu.ar\/index.php\/wp-json\/wp\/v2\/posts\/18726","targetHints":{"allow":["GET"]}}],"collection":[{"href":"https:\/\/www.fica.unsl.edu.ar\/index.php\/wp-json\/wp\/v2\/posts"}],"about":[{"href":"https:\/\/www.fica.unsl.edu.ar\/index.php\/wp-json\/wp\/v2\/types\/post"}],"author":[{"embeddable":true,"href":"https:\/\/www.fica.unsl.edu.ar\/index.php\/wp-json\/wp\/v2\/users\/9"}],"replies":[{"embeddable":true,"href":"https:\/\/www.fica.unsl.edu.ar\/index.php\/wp-json\/wp\/v2\/comments?post=18726"}],"version-history":[{"count":2,"href":"https:\/\/www.fica.unsl.edu.ar\/index.php\/wp-json\/wp\/v2\/posts\/18726\/revisions"}],"predecessor-version":[{"id":18737,"href":"https:\/\/www.fica.unsl.edu.ar\/index.php\/wp-json\/wp\/v2\/posts\/18726\/revisions\/18737"}],"wp:featuredmedia":[{"embeddable":true,"href":"https:\/\/www.fica.unsl.edu.ar\/index.php\/wp-json\/wp\/v2\/media\/18743"}],"wp:attachment":[{"href":"https:\/\/www.fica.unsl.edu.ar\/index.php\/wp-json\/wp\/v2\/media?parent=18726"}],"wp:term":[{"taxonomy":"category","embeddable":true,"href":"https:\/\/www.fica.unsl.edu.ar\/index.php\/wp-json\/wp\/v2\/categories?post=18726"},{"taxonomy":"post_tag","embeddable":true,"href":"https:\/\/www.fica.unsl.edu.ar\/index.php\/wp-json\/wp\/v2\/tags?post=18726"}],"curies":[{"name":"wp","href":"https:\/\/api.w.org\/{rel}","templated":true}]}}