{"id":18821,"date":"2024-12-17T11:59:54","date_gmt":"2024-12-17T14:59:54","guid":{"rendered":"http:\/\/10.101.10.196\/www\/?p=18821"},"modified":"2024-12-20T15:11:37","modified_gmt":"2024-12-20T18:11:37","slug":"labta-finalizo-la-sexta-edicion-del-curso-introduccion-a-la-energia-fotovoltaica","status":"publish","type":"post","link":"https:\/\/www.fica.unsl.edu.ar\/index.php\/labta-finalizo-la-sexta-edicion-del-curso-introduccion-a-la-energia-fotovoltaica\/","title":{"rendered":"LabTa: Finaliz\u00f3 la sexta edici\u00f3n del curso &#8220;Introducci\u00f3n a la Energ\u00eda Fotovoltaica&#8221;"},"content":{"rendered":"<p>En el mes de noviembre, el Laboratorio de Tecnolog\u00edas Apropiadas (LabTa) de la FICA finaliz\u00f3 la sexta edici\u00f3n del curso &#8220;Introducci\u00f3n a la Energ\u00eda Fotovoltaica&#8221;, en la cual cont\u00f3 con m\u00e1s de 210 estudiantes inscriptos de la provincia, y donde 130 estudiantes de escuelas de Concar\u00e1n, Villa Mercedes y Juana Koslay lograron concluir las 5 misiones pautadas.<\/p>\n<p>La Escuela T\u00e9cnica N\u00ba 26 &#8220;GDOR ELIAS ADRE&#8221; de Concar\u00e1n fue la instituci\u00f3n con mayor presencia en el concurso, con un total de 82 estudiantes. Gracias a esta destacada participaci\u00f3n, la escuela obtuvo el premio del concurso: un tablero fotovoltaico did\u00e1ctico completo.<\/p>\n<p>El curso &#8220;Introducci\u00f3n a la Energ\u00eda Fotovoltaica&#8221; se enmarca en las actividades de diferentes proyectos de la SPU \u201cGenerando Vocaciones Sostenibles\u201d y del IEEE EDS \u201cPromoting STEM Courses to Young Students for Renewable Energy with Open Source Technology\u201d.<\/p>\n<p>El mismo tiene como finalidad que el estudiante aprenda t\u00e9rminos y conceptos b\u00e1sicos acerca de la energ\u00eda renovable, revise conceptos de electricidad y sistemas CC y AC, y conozca detalles t\u00e9cnicos de fuentes de almacenamiento. Adem\u00e1s, que el alumno logre aprender la configuraci\u00f3n de conexi\u00f3n de sistemas fotovoltaicos aislados y las caracter\u00edsticas b\u00e1sicas de los componentes electr\u00f3nicos que conforman los sistemas de generaci\u00f3n aislada y bombeo de agua. Tambi\u00e9n se busca presentar conceptos y normas de seguridad en sistemas el\u00e9ctricos, lograr dimensionar sistemas aislados de generaci\u00f3n fotovoltaica mediante software de simulaci\u00f3n, y aplicar estrategias de mantenimiento preventivo en las instalaciones.<\/p>\n<div class=\"gmedia_gallery phantom_module is_bot\" id=\"GmediaGallery_252\" data-gmid=\"252\" data-module=\"phantom\"><style type='text\/css' class='gmedia_module_style_import'>@import url('https:\/\/www.fica.unsl.edu.ar\/wp-content\/plugins\/grand-media\/module\/phantom\/css\/style.css') all;<\/style>    <div class=\"gmPhantom_Container noLightbox\" >\r\n                <div class=\"gmPhantom_thumbsWrapper gmPhantom_ThumbScale gmPhantom_LabelHover\">\r\n                        <div class=\"gmPhantom_ThumbContainer gmPhantom_ThumbLoader\" data-id=\"4074\" data-post_id=\"18831\" data-ratio=\"1.3333333333333\" data-type=\"image\" data-ext=\"jpeg\" data-views=\"24\" data-likes=\"0\" data-cc=\"0\" data-post_link=\"https:\/\/www.fica.unsl.edu.ar\/index.php\/gmedia\/introducci_n_a_la_energ_a_fotovoltaica_9_-jpeg\/\">\r\n                <a href=\"https:\/\/www.fica.unsl.edu.ar\/wp-content\/grand-media\/image\/Introducci_n_a_la_Energ_a_Fotovoltaica_9_.jpeg\" class=\"gmPhantom_Thumb\"><img decoding=\"async\" src=\"https:\/\/www.fica.unsl.edu.ar\/wp-content\/grand-media\/image\/thumb\/Introducci_n_a_la_Energ_a_Fotovoltaica_9_.jpeg\" data-src=\"https:\/\/www.fica.unsl.edu.ar\/wp-content\/grand-media\/image\/Introducci_n_a_la_Energ_a_Fotovoltaica_9_.jpeg\" alt=\"Introducci\u00f3n A La Energ\u00eda Fotovoltaica (9)\"\/><\/a>\r\n                                    <div class=\"gmPhantom_ThumbLabel\"><span class=\"gmPhantom_ThumbLabel_title\">Introducci\u00f3n A La Energ\u00eda Fotovoltaica (9)<\/span><\/div>\r\n                                    <div style=\"display:none;\" class=\"gmPhantom_Details\">\r\n                                            <div class=\"gmPhantom_description\">\r\n                            <div class=\"gmPhantom_title\">Introducci\u00f3n A La Energ\u00eda Fotovoltaica (9)<\/div>\r\n                            <div class=\"gmPhantom_text\"><\/div>\r\n                        <\/div>\r\n                                                            <div class=\"gmPhantom_terms\">\r\n                                                    <div class=\"gmPhantom_other_terms\">\r\n                                <table class=\"gmPhantom_other_terms_table\">\r\n                                                                            <tr class=\"gmPhantom_term_row_album\">\r\n                                            <td class=\"gmPhantom_term_key\">Album<\/td>\r\n                                            <td class=\"gmPhantom_term_value\"><a href=\"\/index.php\/wp-json\/wp\/v2\/posts\/18821?gm252[album__in]=252\" class=\"gmPhantom_alb\">Introducci\u00f3n a la Energ\u00eda Fotovoltaica-2024<\/a><\/td>\r\n                                        <\/tr>\r\n                                                                    <\/table>\r\n                            <\/div>\r\n                                                <\/div>\r\n                <\/div>\r\n                <\/div>            <div class=\"gmPhantom_ThumbContainer gmPhantom_ThumbLoader\" data-id=\"4073\" data-post_id=\"18830\" data-ratio=\"1.3333333333333\" data-type=\"image\" data-ext=\"jpeg\" data-views=\"16\" data-likes=\"0\" data-cc=\"0\" data-post_link=\"https:\/\/www.fica.unsl.edu.ar\/index.php\/gmedia\/introducci_n_a_la_energ_a_fotovoltaica_8_-jpeg\/\">\r\n                <a href=\"https:\/\/www.fica.unsl.edu.ar\/wp-content\/grand-media\/image\/Introducci_n_a_la_Energ_a_Fotovoltaica_8_.jpeg\" class=\"gmPhantom_Thumb\"><img decoding=\"async\" src=\"https:\/\/www.fica.unsl.edu.ar\/wp-content\/grand-media\/image\/thumb\/Introducci_n_a_la_Energ_a_Fotovoltaica_8_.jpeg\" data-src=\"https:\/\/www.fica.unsl.edu.ar\/wp-content\/grand-media\/image\/Introducci_n_a_la_Energ_a_Fotovoltaica_8_.jpeg\" alt=\"Introducci\u00f3n A La Energ\u00eda Fotovoltaica (8)\"\/><\/a>\r\n                                    <div class=\"gmPhantom_ThumbLabel\"><span class=\"gmPhantom_ThumbLabel_title\">Introducci\u00f3n A La Energ\u00eda Fotovoltaica (8)<\/span><\/div>\r\n                                    <div style=\"display:none;\" class=\"gmPhantom_Details\">\r\n                                            <div class=\"gmPhantom_description\">\r\n                            <div class=\"gmPhantom_title\">Introducci\u00f3n A La Energ\u00eda Fotovoltaica (8)<\/div>\r\n                            <div class=\"gmPhantom_text\"><\/div>\r\n                        <\/div>\r\n                                                            <div class=\"gmPhantom_terms\">\r\n                                                    <div class=\"gmPhantom_other_terms\">\r\n                                <table class=\"gmPhantom_other_terms_table\">\r\n                                                                            <tr class=\"gmPhantom_term_row_album\">\r\n                                            <td class=\"gmPhantom_term_key\">Album<\/td>\r\n                                            <td class=\"gmPhantom_term_value\"><a href=\"\/index.php\/wp-json\/wp\/v2\/posts\/18821?gm252[album__in]=252\" class=\"gmPhantom_alb\">Introducci\u00f3n a la Energ\u00eda Fotovoltaica-2024<\/a><\/td>\r\n                                        <\/tr>\r\n                                                                    <\/table>\r\n                            <\/div>\r\n                                                <\/div>\r\n                <\/div>\r\n                <\/div>            <div class=\"gmPhantom_ThumbContainer gmPhantom_ThumbLoader\" data-id=\"4072\" data-post_id=\"18829\" data-ratio=\"1.3333333333333\" data-type=\"image\" data-ext=\"jpeg\" data-views=\"15\" data-likes=\"0\" data-cc=\"0\" data-post_link=\"https:\/\/www.fica.unsl.edu.ar\/index.php\/gmedia\/introducci_n_a_la_energ_a_fotovoltaica_7_-jpeg\/\">\r\n                <a href=\"https:\/\/www.fica.unsl.edu.ar\/wp-content\/grand-media\/image\/Introducci_n_a_la_Energ_a_Fotovoltaica_7_.jpeg\" class=\"gmPhantom_Thumb\"><img decoding=\"async\" src=\"https:\/\/www.fica.unsl.edu.ar\/wp-content\/grand-media\/image\/thumb\/Introducci_n_a_la_Energ_a_Fotovoltaica_7_.jpeg\" data-src=\"https:\/\/www.fica.unsl.edu.ar\/wp-content\/grand-media\/image\/Introducci_n_a_la_Energ_a_Fotovoltaica_7_.jpeg\" alt=\"Introducci\u00f3n A La Energ\u00eda Fotovoltaica (7)\"\/><\/a>\r\n                                    <div class=\"gmPhantom_ThumbLabel\"><span class=\"gmPhantom_ThumbLabel_title\">Introducci\u00f3n A La Energ\u00eda Fotovoltaica (7)<\/span><\/div>\r\n                                    <div style=\"display:none;\" class=\"gmPhantom_Details\">\r\n                                            <div class=\"gmPhantom_description\">\r\n                            <div class=\"gmPhantom_title\">Introducci\u00f3n A La Energ\u00eda Fotovoltaica (7)<\/div>\r\n                            <div class=\"gmPhantom_text\"><\/div>\r\n                        <\/div>\r\n                                                            <div class=\"gmPhantom_terms\">\r\n                                                    <div class=\"gmPhantom_other_terms\">\r\n                                <table class=\"gmPhantom_other_terms_table\">\r\n                                                                            <tr class=\"gmPhantom_term_row_album\">\r\n                                            <td class=\"gmPhantom_term_key\">Album<\/td>\r\n                                            <td class=\"gmPhantom_term_value\"><a href=\"\/index.php\/wp-json\/wp\/v2\/posts\/18821?gm252[album__in]=252\" class=\"gmPhantom_alb\">Introducci\u00f3n a la Energ\u00eda Fotovoltaica-2024<\/a><\/td>\r\n                                        <\/tr>\r\n                                                                    <\/table>\r\n                            <\/div>\r\n                                                <\/div>\r\n                <\/div>\r\n                <\/div>            <div class=\"gmPhantom_ThumbContainer gmPhantom_ThumbLoader\" data-id=\"4071\" data-post_id=\"18828\" data-ratio=\"1.3333333333333\" data-type=\"image\" data-ext=\"jpeg\" data-views=\"11\" data-likes=\"0\" data-cc=\"0\" data-post_link=\"https:\/\/www.fica.unsl.edu.ar\/index.php\/gmedia\/introducci_n_a_la_energ_a_fotovoltaica_6_-jpeg\/\">\r\n                <a href=\"https:\/\/www.fica.unsl.edu.ar\/wp-content\/grand-media\/image\/Introducci_n_a_la_Energ_a_Fotovoltaica_6_.jpeg\" class=\"gmPhantom_Thumb\"><img decoding=\"async\" src=\"https:\/\/www.fica.unsl.edu.ar\/wp-content\/grand-media\/image\/thumb\/Introducci_n_a_la_Energ_a_Fotovoltaica_6_.jpeg\" data-src=\"https:\/\/www.fica.unsl.edu.ar\/wp-content\/grand-media\/image\/Introducci_n_a_la_Energ_a_Fotovoltaica_6_.jpeg\" alt=\"Introducci\u00f3n A La Energ\u00eda Fotovoltaica (6)\"\/><\/a>\r\n                                    <div class=\"gmPhantom_ThumbLabel\"><span class=\"gmPhantom_ThumbLabel_title\">Introducci\u00f3n A La Energ\u00eda Fotovoltaica (6)<\/span><\/div>\r\n                                    <div style=\"display:none;\" class=\"gmPhantom_Details\">\r\n                                            <div class=\"gmPhantom_description\">\r\n                            <div class=\"gmPhantom_title\">Introducci\u00f3n A La Energ\u00eda Fotovoltaica (6)<\/div>\r\n                            <div class=\"gmPhantom_text\"><\/div>\r\n                        <\/div>\r\n                                                            <div class=\"gmPhantom_terms\">\r\n                                                    <div class=\"gmPhantom_other_terms\">\r\n                                <table class=\"gmPhantom_other_terms_table\">\r\n                                                                            <tr class=\"gmPhantom_term_row_album\">\r\n                                            <td class=\"gmPhantom_term_key\">Album<\/td>\r\n                                            <td class=\"gmPhantom_term_value\"><a href=\"\/index.php\/wp-json\/wp\/v2\/posts\/18821?gm252[album__in]=252\" class=\"gmPhantom_alb\">Introducci\u00f3n a la Energ\u00eda Fotovoltaica-2024<\/a><\/td>\r\n                                        <\/tr>\r\n                                                                    <\/table>\r\n                            <\/div>\r\n                                                <\/div>\r\n                <\/div>\r\n                <\/div>            <div class=\"gmPhantom_ThumbContainer gmPhantom_ThumbLoader\" data-id=\"4070\" data-post_id=\"18827\" data-ratio=\"1.3333333333333\" data-type=\"image\" data-ext=\"jpeg\" data-views=\"10\" data-likes=\"0\" data-cc=\"0\" data-post_link=\"https:\/\/www.fica.unsl.edu.ar\/index.php\/gmedia\/introducci_n_a_la_energ_a_fotovoltaica_5_-jpeg\/\">\r\n                <a href=\"https:\/\/www.fica.unsl.edu.ar\/wp-content\/grand-media\/image\/Introducci_n_a_la_Energ_a_Fotovoltaica_5_.jpeg\" class=\"gmPhantom_Thumb\"><img decoding=\"async\" src=\"https:\/\/www.fica.unsl.edu.ar\/wp-content\/grand-media\/image\/thumb\/Introducci_n_a_la_Energ_a_Fotovoltaica_5_.jpeg\" data-src=\"https:\/\/www.fica.unsl.edu.ar\/wp-content\/grand-media\/image\/Introducci_n_a_la_Energ_a_Fotovoltaica_5_.jpeg\" alt=\"Introducci\u00f3n A La Energ\u00eda Fotovoltaica (5)\"\/><\/a>\r\n                                    <div class=\"gmPhantom_ThumbLabel\"><span class=\"gmPhantom_ThumbLabel_title\">Introducci\u00f3n A La Energ\u00eda Fotovoltaica (5)<\/span><\/div>\r\n                                    <div style=\"display:none;\" class=\"gmPhantom_Details\">\r\n                                            <div class=\"gmPhantom_description\">\r\n                            <div class=\"gmPhantom_title\">Introducci\u00f3n A La Energ\u00eda Fotovoltaica (5)<\/div>\r\n                            <div class=\"gmPhantom_text\"><\/div>\r\n                        <\/div>\r\n                                                            <div class=\"gmPhantom_terms\">\r\n                                                    <div class=\"gmPhantom_other_terms\">\r\n                                <table class=\"gmPhantom_other_terms_table\">\r\n                                                                            <tr class=\"gmPhantom_term_row_album\">\r\n                                            <td class=\"gmPhantom_term_key\">Album<\/td>\r\n                                            <td class=\"gmPhantom_term_value\"><a href=\"\/index.php\/wp-json\/wp\/v2\/posts\/18821?gm252[album__in]=252\" class=\"gmPhantom_alb\">Introducci\u00f3n a la Energ\u00eda Fotovoltaica-2024<\/a><\/td>\r\n                                        <\/tr>\r\n                                                                    <\/table>\r\n                            <\/div>\r\n                                                <\/div>\r\n                <\/div>\r\n                <\/div>            <div class=\"gmPhantom_ThumbContainer gmPhantom_ThumbLoader\" data-id=\"4069\" data-post_id=\"18826\" data-ratio=\"1.7766666666667\" data-type=\"image\" data-ext=\"jpeg\" data-views=\"18\" data-likes=\"0\" data-cc=\"0\" data-post_link=\"https:\/\/www.fica.unsl.edu.ar\/index.php\/gmedia\/introducci_n_a_la_energ_a_fotovoltaica_4_-jpeg\/\">\r\n                <a href=\"https:\/\/www.fica.unsl.edu.ar\/wp-content\/grand-media\/image\/Introducci_n_a_la_Energ_a_Fotovoltaica_4_.jpeg\" class=\"gmPhantom_Thumb\"><img decoding=\"async\" src=\"https:\/\/www.fica.unsl.edu.ar\/wp-content\/grand-media\/image\/thumb\/Introducci_n_a_la_Energ_a_Fotovoltaica_4_.jpeg\" data-src=\"https:\/\/www.fica.unsl.edu.ar\/wp-content\/grand-media\/image\/Introducci_n_a_la_Energ_a_Fotovoltaica_4_.jpeg\" alt=\"Introducci\u00f3n A La Energ\u00eda Fotovoltaica (4)\"\/><\/a>\r\n                                    <div class=\"gmPhantom_ThumbLabel\"><span class=\"gmPhantom_ThumbLabel_title\">Introducci\u00f3n A La Energ\u00eda Fotovoltaica (4)<\/span><\/div>\r\n                                    <div style=\"display:none;\" class=\"gmPhantom_Details\">\r\n                                            <div class=\"gmPhantom_description\">\r\n                            <div class=\"gmPhantom_title\">Introducci\u00f3n A La Energ\u00eda Fotovoltaica (4)<\/div>\r\n                            <div class=\"gmPhantom_text\"><\/div>\r\n                        <\/div>\r\n                                                            <div class=\"gmPhantom_terms\">\r\n                                                    <div class=\"gmPhantom_other_terms\">\r\n                                <table class=\"gmPhantom_other_terms_table\">\r\n                                                                            <tr class=\"gmPhantom_term_row_album\">\r\n                                            <td class=\"gmPhantom_term_key\">Album<\/td>\r\n                                            <td class=\"gmPhantom_term_value\"><a href=\"\/index.php\/wp-json\/wp\/v2\/posts\/18821?gm252[album__in]=252\" class=\"gmPhantom_alb\">Introducci\u00f3n a la Energ\u00eda Fotovoltaica-2024<\/a><\/td>\r\n                                        <\/tr>\r\n                                                                    <\/table>\r\n                            <\/div>\r\n                                                <\/div>\r\n                <\/div>\r\n                <\/div>            <div class=\"gmPhantom_ThumbContainer gmPhantom_ThumbLoader\" data-id=\"4068\" data-post_id=\"18825\" data-ratio=\"1.7766666666667\" data-type=\"image\" data-ext=\"jpeg\" data-views=\"14\" data-likes=\"0\" data-cc=\"0\" data-post_link=\"https:\/\/www.fica.unsl.edu.ar\/index.php\/gmedia\/introducci_n_a_la_energ_a_fotovoltaica_3_-jpeg\/\">\r\n                <a href=\"https:\/\/www.fica.unsl.edu.ar\/wp-content\/grand-media\/image\/Introducci_n_a_la_Energ_a_Fotovoltaica_3_.jpeg\" class=\"gmPhantom_Thumb\"><img decoding=\"async\" src=\"https:\/\/www.fica.unsl.edu.ar\/wp-content\/grand-media\/image\/thumb\/Introducci_n_a_la_Energ_a_Fotovoltaica_3_.jpeg\" data-src=\"https:\/\/www.fica.unsl.edu.ar\/wp-content\/grand-media\/image\/Introducci_n_a_la_Energ_a_Fotovoltaica_3_.jpeg\" alt=\"Introducci\u00f3n A La Energ\u00eda Fotovoltaica (3)\"\/><\/a>\r\n                                    <div class=\"gmPhantom_ThumbLabel\"><span class=\"gmPhantom_ThumbLabel_title\">Introducci\u00f3n A La Energ\u00eda Fotovoltaica (3)<\/span><\/div>\r\n                                    <div style=\"display:none;\" class=\"gmPhantom_Details\">\r\n                                            <div class=\"gmPhantom_description\">\r\n                            <div class=\"gmPhantom_title\">Introducci\u00f3n A La Energ\u00eda Fotovoltaica (3)<\/div>\r\n                            <div class=\"gmPhantom_text\"><\/div>\r\n                        <\/div>\r\n                                                            <div class=\"gmPhantom_terms\">\r\n                                                    <div class=\"gmPhantom_other_terms\">\r\n                                <table class=\"gmPhantom_other_terms_table\">\r\n                                                                            <tr class=\"gmPhantom_term_row_album\">\r\n                                            <td class=\"gmPhantom_term_key\">Album<\/td>\r\n                                            <td class=\"gmPhantom_term_value\"><a href=\"\/index.php\/wp-json\/wp\/v2\/posts\/18821?gm252[album__in]=252\" class=\"gmPhantom_alb\">Introducci\u00f3n a la Energ\u00eda Fotovoltaica-2024<\/a><\/td>\r\n                                        <\/tr>\r\n                                                                    <\/table>\r\n                            <\/div>\r\n                                                <\/div>\r\n                <\/div>\r\n                <\/div>            <div class=\"gmPhantom_ThumbContainer gmPhantom_ThumbLoader\" data-id=\"4067\" data-post_id=\"18824\" data-ratio=\"1.3333333333333\" data-type=\"image\" data-ext=\"jpeg\" data-views=\"20\" data-likes=\"0\" data-cc=\"0\" data-post_link=\"https:\/\/www.fica.unsl.edu.ar\/index.php\/gmedia\/introducci_n_a_la_energ_a_fotovoltaica_2_-jpeg\/\">\r\n                <a href=\"https:\/\/www.fica.unsl.edu.ar\/wp-content\/grand-media\/image\/Introducci_n_a_la_Energ_a_Fotovoltaica_2_.jpeg\" class=\"gmPhantom_Thumb\"><img decoding=\"async\" src=\"https:\/\/www.fica.unsl.edu.ar\/wp-content\/grand-media\/image\/thumb\/Introducci_n_a_la_Energ_a_Fotovoltaica_2_.jpeg\" data-src=\"https:\/\/www.fica.unsl.edu.ar\/wp-content\/grand-media\/image\/Introducci_n_a_la_Energ_a_Fotovoltaica_2_.jpeg\" alt=\"Introducci\u00f3n A La Energ\u00eda Fotovoltaica (2)\"\/><\/a>\r\n                                    <div class=\"gmPhantom_ThumbLabel\"><span class=\"gmPhantom_ThumbLabel_title\">Introducci\u00f3n A La Energ\u00eda Fotovoltaica (2)<\/span><\/div>\r\n                                    <div style=\"display:none;\" class=\"gmPhantom_Details\">\r\n                                            <div class=\"gmPhantom_description\">\r\n                            <div class=\"gmPhantom_title\">Introducci\u00f3n A La Energ\u00eda Fotovoltaica (2)<\/div>\r\n                            <div class=\"gmPhantom_text\"><\/div>\r\n                        <\/div>\r\n                                                            <div class=\"gmPhantom_terms\">\r\n                                                    <div class=\"gmPhantom_other_terms\">\r\n                                <table class=\"gmPhantom_other_terms_table\">\r\n                                                                            <tr class=\"gmPhantom_term_row_album\">\r\n                                            <td class=\"gmPhantom_term_key\">Album<\/td>\r\n                                            <td class=\"gmPhantom_term_value\"><a href=\"\/index.php\/wp-json\/wp\/v2\/posts\/18821?gm252[album__in]=252\" class=\"gmPhantom_alb\">Introducci\u00f3n a la Energ\u00eda Fotovoltaica-2024<\/a><\/td>\r\n                                        <\/tr>\r\n                                                                    <\/table>\r\n                            <\/div>\r\n                                                <\/div>\r\n                <\/div>\r\n                <\/div>        <\/div>\r\n    <\/div>\r\n<\/div>\n","protected":false},"excerpt":{"rendered":"<p>En el mes de noviembre, el Laboratorio de Tecnolog\u00edas Apropiadas (LabTa) de la FICA finaliz\u00f3 la sexta edici\u00f3n del curso &#8220;Introducci\u00f3n a la Energ\u00eda Fotovoltaica&#8221;,&hellip;<\/p>\n","protected":false},"author":9,"featured_media":18822,"comment_status":"closed","ping_status":"closed","sticky":false,"template":"","format":"standard","meta":{"_monsterinsights_skip_tracking":false,"_monsterinsights_sitenote_active":false,"_monsterinsights_sitenote_note":"","_monsterinsights_sitenote_category":0,"_joinchat":[],"footnotes":""},"categories":[19],"tags":[],"class_list":["post-18821","post","type-post","status-publish","format-standard","has-post-thumbnail","hentry","category-noticias"],"yoast_head":"<!-- This site is optimized with the Yoast SEO plugin v27.4 - https:\/\/yoast.com\/product\/yoast-seo-wordpress\/ -->\n<title>LabTa: Finaliz\u00f3 la sexta edici\u00f3n del curso &quot;Introducci\u00f3n a la Energ\u00eda Fotovoltaica&quot; - Facultad de Ingenier\u00eda y Ciencias Agropecuarias<\/title>\n<meta name=\"robots\" content=\"index, follow, max-snippet:-1, max-image-preview:large, max-video-preview:-1\" \/>\n<link rel=\"canonical\" href=\"https:\/\/www.fica.unsl.edu.ar\/index.php\/labta-finalizo-la-sexta-edicion-del-curso-introduccion-a-la-energia-fotovoltaica\/\" \/>\n<meta property=\"og:locale\" content=\"es_ES\" \/>\n<meta property=\"og:type\" content=\"article\" \/>\n<meta property=\"og:title\" content=\"LabTa: Finaliz\u00f3 la sexta edici\u00f3n del curso &quot;Introducci\u00f3n a la Energ\u00eda Fotovoltaica&quot; - Facultad de Ingenier\u00eda y Ciencias Agropecuarias\" \/>\n<meta property=\"og:description\" content=\"En el mes de noviembre, el Laboratorio de Tecnolog\u00edas Apropiadas (LabTa) de la FICA finaliz\u00f3 la sexta edici\u00f3n del curso &#8220;Introducci\u00f3n a la Energ\u00eda Fotovoltaica&#8221;,&hellip;\" \/>\n<meta property=\"og:url\" content=\"https:\/\/www.fica.unsl.edu.ar\/index.php\/labta-finalizo-la-sexta-edicion-del-curso-introduccion-a-la-energia-fotovoltaica\/\" \/>\n<meta property=\"og:site_name\" content=\"Facultad de Ingenier\u00eda y Ciencias Agropecuarias\" \/>\n<meta property=\"article:publisher\" content=\"https:\/\/www.facebook.com\/FICA.UNSL\/\" \/>\n<meta property=\"article:published_time\" content=\"2024-12-17T14:59:54+00:00\" \/>\n<meta property=\"article:modified_time\" content=\"2024-12-20T18:11:37+00:00\" \/>\n<meta property=\"og:image\" content=\"https:\/\/www.fica.unsl.edu.ar\/wp-content\/uploads\/2024\/12\/curso-front.jpg\" \/>\n\t<meta property=\"og:image:width\" content=\"1061\" \/>\n\t<meta property=\"og:image:height\" content=\"585\" \/>\n\t<meta property=\"og:image:type\" content=\"image\/jpeg\" \/>\n<meta name=\"author\" content=\"DATI\" \/>\n<meta name=\"twitter:card\" content=\"summary_large_image\" \/>\n<meta name=\"twitter:creator\" content=\"@FICAUNSL\" \/>\n<meta name=\"twitter:site\" content=\"@FICAUNSL\" \/>\n<meta name=\"twitter:label1\" content=\"Escrito por\" \/>\n\t<meta name=\"twitter:data1\" content=\"DATI\" \/>\n\t<meta name=\"twitter:label2\" content=\"Tiempo de lectura\" \/>\n\t<meta name=\"twitter:data2\" content=\"2 minutos\" \/>\n<script type=\"application\/ld+json\" class=\"yoast-schema-graph\">{\"@context\":\"https:\\\/\\\/schema.org\",\"@graph\":[{\"@type\":\"Article\",\"@id\":\"https:\\\/\\\/www.fica.unsl.edu.ar\\\/index.php\\\/labta-finalizo-la-sexta-edicion-del-curso-introduccion-a-la-energia-fotovoltaica\\\/#article\",\"isPartOf\":{\"@id\":\"https:\\\/\\\/www.fica.unsl.edu.ar\\\/index.php\\\/labta-finalizo-la-sexta-edicion-del-curso-introduccion-a-la-energia-fotovoltaica\\\/\"},\"author\":{\"name\":\"DATI\",\"@id\":\"https:\\\/\\\/www.fica.unsl.edu.ar\\\/#\\\/schema\\\/person\\\/6058f9c66301868d3a691b1f5d6c3544\"},\"headline\":\"LabTa: Finaliz\u00f3 la sexta edici\u00f3n del curso &#8220;Introducci\u00f3n a la Energ\u00eda Fotovoltaica&#8221;\",\"datePublished\":\"2024-12-17T14:59:54+00:00\",\"dateModified\":\"2024-12-20T18:11:37+00:00\",\"mainEntityOfPage\":{\"@id\":\"https:\\\/\\\/www.fica.unsl.edu.ar\\\/index.php\\\/labta-finalizo-la-sexta-edicion-del-curso-introduccion-a-la-energia-fotovoltaica\\\/\"},\"wordCount\":277,\"publisher\":{\"@id\":\"https:\\\/\\\/www.fica.unsl.edu.ar\\\/#organization\"},\"image\":{\"@id\":\"https:\\\/\\\/www.fica.unsl.edu.ar\\\/index.php\\\/labta-finalizo-la-sexta-edicion-del-curso-introduccion-a-la-energia-fotovoltaica\\\/#primaryimage\"},\"thumbnailUrl\":\"https:\\\/\\\/www.fica.unsl.edu.ar\\\/wp-content\\\/uploads\\\/2024\\\/12\\\/curso-front.jpg\",\"articleSection\":[\"Noticias\"],\"inLanguage\":\"es-AR\"},{\"@type\":\"WebPage\",\"@id\":\"https:\\\/\\\/www.fica.unsl.edu.ar\\\/index.php\\\/labta-finalizo-la-sexta-edicion-del-curso-introduccion-a-la-energia-fotovoltaica\\\/\",\"url\":\"https:\\\/\\\/www.fica.unsl.edu.ar\\\/index.php\\\/labta-finalizo-la-sexta-edicion-del-curso-introduccion-a-la-energia-fotovoltaica\\\/\",\"name\":\"LabTa: Finaliz\u00f3 la sexta edici\u00f3n del curso \\\"Introducci\u00f3n a la Energ\u00eda Fotovoltaica\\\" - Facultad de Ingenier\u00eda y Ciencias Agropecuarias\",\"isPartOf\":{\"@id\":\"https:\\\/\\\/www.fica.unsl.edu.ar\\\/#website\"},\"primaryImageOfPage\":{\"@id\":\"https:\\\/\\\/www.fica.unsl.edu.ar\\\/index.php\\\/labta-finalizo-la-sexta-edicion-del-curso-introduccion-a-la-energia-fotovoltaica\\\/#primaryimage\"},\"image\":{\"@id\":\"https:\\\/\\\/www.fica.unsl.edu.ar\\\/index.php\\\/labta-finalizo-la-sexta-edicion-del-curso-introduccion-a-la-energia-fotovoltaica\\\/#primaryimage\"},\"thumbnailUrl\":\"https:\\\/\\\/www.fica.unsl.edu.ar\\\/wp-content\\\/uploads\\\/2024\\\/12\\\/curso-front.jpg\",\"datePublished\":\"2024-12-17T14:59:54+00:00\",\"dateModified\":\"2024-12-20T18:11:37+00:00\",\"inLanguage\":\"es-AR\",\"potentialAction\":[{\"@type\":\"ReadAction\",\"target\":[\"https:\\\/\\\/www.fica.unsl.edu.ar\\\/index.php\\\/labta-finalizo-la-sexta-edicion-del-curso-introduccion-a-la-energia-fotovoltaica\\\/\"]}]},{\"@type\":\"ImageObject\",\"inLanguage\":\"es-AR\",\"@id\":\"https:\\\/\\\/www.fica.unsl.edu.ar\\\/index.php\\\/labta-finalizo-la-sexta-edicion-del-curso-introduccion-a-la-energia-fotovoltaica\\\/#primaryimage\",\"url\":\"https:\\\/\\\/www.fica.unsl.edu.ar\\\/wp-content\\\/uploads\\\/2024\\\/12\\\/curso-front.jpg\",\"contentUrl\":\"https:\\\/\\\/www.fica.unsl.edu.ar\\\/wp-content\\\/uploads\\\/2024\\\/12\\\/curso-front.jpg\",\"width\":1061,\"height\":585},{\"@type\":\"WebSite\",\"@id\":\"https:\\\/\\\/www.fica.unsl.edu.ar\\\/#website\",\"url\":\"https:\\\/\\\/www.fica.unsl.edu.ar\\\/\",\"name\":\"Facultad de Ingenier\u00eda y Ciencias Agropecuarias\",\"description\":\"\",\"publisher\":{\"@id\":\"https:\\\/\\\/www.fica.unsl.edu.ar\\\/#organization\"},\"potentialAction\":[{\"@type\":\"SearchAction\",\"target\":{\"@type\":\"EntryPoint\",\"urlTemplate\":\"https:\\\/\\\/www.fica.unsl.edu.ar\\\/?s={search_term_string}\"},\"query-input\":{\"@type\":\"PropertyValueSpecification\",\"valueRequired\":true,\"valueName\":\"search_term_string\"}}],\"inLanguage\":\"es-AR\"},{\"@type\":\"Organization\",\"@id\":\"https:\\\/\\\/www.fica.unsl.edu.ar\\\/#organization\",\"name\":\"Facultad de Ingenier\u00eda y Ciencias Agropecuarias\",\"url\":\"https:\\\/\\\/www.fica.unsl.edu.ar\\\/\",\"logo\":{\"@type\":\"ImageObject\",\"inLanguage\":\"es-AR\",\"@id\":\"https:\\\/\\\/www.fica.unsl.edu.ar\\\/#\\\/schema\\\/logo\\\/image\\\/\",\"url\":\"https:\\\/\\\/www.fica.unsl.edu.ar\\\/wp-content\\\/uploads\\\/2021\\\/03\\\/LOGO-1.jpg\",\"contentUrl\":\"https:\\\/\\\/www.fica.unsl.edu.ar\\\/wp-content\\\/uploads\\\/2021\\\/03\\\/LOGO-1.jpg\",\"width\":463,\"height\":145,\"caption\":\"Facultad de Ingenier\u00eda y Ciencias Agropecuarias\"},\"image\":{\"@id\":\"https:\\\/\\\/www.fica.unsl.edu.ar\\\/#\\\/schema\\\/logo\\\/image\\\/\"},\"sameAs\":[\"https:\\\/\\\/www.facebook.com\\\/FICA.UNSL\\\/\",\"https:\\\/\\\/x.com\\\/FICAUNSL\",\"https:\\\/\\\/www.instagram.com\\\/fica.unsl\\\/\",\"https:\\\/\\\/www.youtube.com\\\/channel\\\/UCs2MM53gb2PyBrMySdtWZDQ\"]},{\"@type\":\"Person\",\"@id\":\"https:\\\/\\\/www.fica.unsl.edu.ar\\\/#\\\/schema\\\/person\\\/6058f9c66301868d3a691b1f5d6c3544\",\"name\":\"DATI\"}]}<\/script>\n<!-- \/ Yoast SEO plugin. -->","yoast_head_json":{"title":"LabTa: Finaliz\u00f3 la sexta edici\u00f3n del curso \"Introducci\u00f3n a la Energ\u00eda Fotovoltaica\" - Facultad de Ingenier\u00eda y Ciencias Agropecuarias","robots":{"index":"index","follow":"follow","max-snippet":"max-snippet:-1","max-image-preview":"max-image-preview:large","max-video-preview":"max-video-preview:-1"},"canonical":"https:\/\/www.fica.unsl.edu.ar\/index.php\/labta-finalizo-la-sexta-edicion-del-curso-introduccion-a-la-energia-fotovoltaica\/","og_locale":"es_ES","og_type":"article","og_title":"LabTa: Finaliz\u00f3 la sexta edici\u00f3n del curso \"Introducci\u00f3n a la Energ\u00eda Fotovoltaica\" - Facultad de Ingenier\u00eda y Ciencias Agropecuarias","og_description":"En el mes de noviembre, el Laboratorio de Tecnolog\u00edas Apropiadas (LabTa) de la FICA finaliz\u00f3 la sexta edici\u00f3n del curso &#8220;Introducci\u00f3n a la Energ\u00eda Fotovoltaica&#8221;,&hellip;","og_url":"https:\/\/www.fica.unsl.edu.ar\/index.php\/labta-finalizo-la-sexta-edicion-del-curso-introduccion-a-la-energia-fotovoltaica\/","og_site_name":"Facultad de Ingenier\u00eda y Ciencias Agropecuarias","article_publisher":"https:\/\/www.facebook.com\/FICA.UNSL\/","article_published_time":"2024-12-17T14:59:54+00:00","article_modified_time":"2024-12-20T18:11:37+00:00","og_image":[{"width":1061,"height":585,"url":"https:\/\/www.fica.unsl.edu.ar\/wp-content\/uploads\/2024\/12\/curso-front.jpg","type":"image\/jpeg"}],"author":"DATI","twitter_card":"summary_large_image","twitter_creator":"@FICAUNSL","twitter_site":"@FICAUNSL","twitter_misc":{"Escrito por":"DATI","Tiempo de lectura":"2 minutos"},"schema":{"@context":"https:\/\/schema.org","@graph":[{"@type":"Article","@id":"https:\/\/www.fica.unsl.edu.ar\/index.php\/labta-finalizo-la-sexta-edicion-del-curso-introduccion-a-la-energia-fotovoltaica\/#article","isPartOf":{"@id":"https:\/\/www.fica.unsl.edu.ar\/index.php\/labta-finalizo-la-sexta-edicion-del-curso-introduccion-a-la-energia-fotovoltaica\/"},"author":{"name":"DATI","@id":"https:\/\/www.fica.unsl.edu.ar\/#\/schema\/person\/6058f9c66301868d3a691b1f5d6c3544"},"headline":"LabTa: Finaliz\u00f3 la sexta edici\u00f3n del curso &#8220;Introducci\u00f3n a la Energ\u00eda Fotovoltaica&#8221;","datePublished":"2024-12-17T14:59:54+00:00","dateModified":"2024-12-20T18:11:37+00:00","mainEntityOfPage":{"@id":"https:\/\/www.fica.unsl.edu.ar\/index.php\/labta-finalizo-la-sexta-edicion-del-curso-introduccion-a-la-energia-fotovoltaica\/"},"wordCount":277,"publisher":{"@id":"https:\/\/www.fica.unsl.edu.ar\/#organization"},"image":{"@id":"https:\/\/www.fica.unsl.edu.ar\/index.php\/labta-finalizo-la-sexta-edicion-del-curso-introduccion-a-la-energia-fotovoltaica\/#primaryimage"},"thumbnailUrl":"https:\/\/www.fica.unsl.edu.ar\/wp-content\/uploads\/2024\/12\/curso-front.jpg","articleSection":["Noticias"],"inLanguage":"es-AR"},{"@type":"WebPage","@id":"https:\/\/www.fica.unsl.edu.ar\/index.php\/labta-finalizo-la-sexta-edicion-del-curso-introduccion-a-la-energia-fotovoltaica\/","url":"https:\/\/www.fica.unsl.edu.ar\/index.php\/labta-finalizo-la-sexta-edicion-del-curso-introduccion-a-la-energia-fotovoltaica\/","name":"LabTa: Finaliz\u00f3 la sexta edici\u00f3n del curso \"Introducci\u00f3n a la Energ\u00eda Fotovoltaica\" - Facultad de Ingenier\u00eda y Ciencias Agropecuarias","isPartOf":{"@id":"https:\/\/www.fica.unsl.edu.ar\/#website"},"primaryImageOfPage":{"@id":"https:\/\/www.fica.unsl.edu.ar\/index.php\/labta-finalizo-la-sexta-edicion-del-curso-introduccion-a-la-energia-fotovoltaica\/#primaryimage"},"image":{"@id":"https:\/\/www.fica.unsl.edu.ar\/index.php\/labta-finalizo-la-sexta-edicion-del-curso-introduccion-a-la-energia-fotovoltaica\/#primaryimage"},"thumbnailUrl":"https:\/\/www.fica.unsl.edu.ar\/wp-content\/uploads\/2024\/12\/curso-front.jpg","datePublished":"2024-12-17T14:59:54+00:00","dateModified":"2024-12-20T18:11:37+00:00","inLanguage":"es-AR","potentialAction":[{"@type":"ReadAction","target":["https:\/\/www.fica.unsl.edu.ar\/index.php\/labta-finalizo-la-sexta-edicion-del-curso-introduccion-a-la-energia-fotovoltaica\/"]}]},{"@type":"ImageObject","inLanguage":"es-AR","@id":"https:\/\/www.fica.unsl.edu.ar\/index.php\/labta-finalizo-la-sexta-edicion-del-curso-introduccion-a-la-energia-fotovoltaica\/#primaryimage","url":"https:\/\/www.fica.unsl.edu.ar\/wp-content\/uploads\/2024\/12\/curso-front.jpg","contentUrl":"https:\/\/www.fica.unsl.edu.ar\/wp-content\/uploads\/2024\/12\/curso-front.jpg","width":1061,"height":585},{"@type":"WebSite","@id":"https:\/\/www.fica.unsl.edu.ar\/#website","url":"https:\/\/www.fica.unsl.edu.ar\/","name":"Facultad de Ingenier\u00eda y Ciencias Agropecuarias","description":"","publisher":{"@id":"https:\/\/www.fica.unsl.edu.ar\/#organization"},"potentialAction":[{"@type":"SearchAction","target":{"@type":"EntryPoint","urlTemplate":"https:\/\/www.fica.unsl.edu.ar\/?s={search_term_string}"},"query-input":{"@type":"PropertyValueSpecification","valueRequired":true,"valueName":"search_term_string"}}],"inLanguage":"es-AR"},{"@type":"Organization","@id":"https:\/\/www.fica.unsl.edu.ar\/#organization","name":"Facultad de Ingenier\u00eda y Ciencias Agropecuarias","url":"https:\/\/www.fica.unsl.edu.ar\/","logo":{"@type":"ImageObject","inLanguage":"es-AR","@id":"https:\/\/www.fica.unsl.edu.ar\/#\/schema\/logo\/image\/","url":"https:\/\/www.fica.unsl.edu.ar\/wp-content\/uploads\/2021\/03\/LOGO-1.jpg","contentUrl":"https:\/\/www.fica.unsl.edu.ar\/wp-content\/uploads\/2021\/03\/LOGO-1.jpg","width":463,"height":145,"caption":"Facultad de Ingenier\u00eda y Ciencias Agropecuarias"},"image":{"@id":"https:\/\/www.fica.unsl.edu.ar\/#\/schema\/logo\/image\/"},"sameAs":["https:\/\/www.facebook.com\/FICA.UNSL\/","https:\/\/x.com\/FICAUNSL","https:\/\/www.instagram.com\/fica.unsl\/","https:\/\/www.youtube.com\/channel\/UCs2MM53gb2PyBrMySdtWZDQ"]},{"@type":"Person","@id":"https:\/\/www.fica.unsl.edu.ar\/#\/schema\/person\/6058f9c66301868d3a691b1f5d6c3544","name":"DATI"}]}},"_links":{"self":[{"href":"https:\/\/www.fica.unsl.edu.ar\/index.php\/wp-json\/wp\/v2\/posts\/18821","targetHints":{"allow":["GET"]}}],"collection":[{"href":"https:\/\/www.fica.unsl.edu.ar\/index.php\/wp-json\/wp\/v2\/posts"}],"about":[{"href":"https:\/\/www.fica.unsl.edu.ar\/index.php\/wp-json\/wp\/v2\/types\/post"}],"author":[{"embeddable":true,"href":"https:\/\/www.fica.unsl.edu.ar\/index.php\/wp-json\/wp\/v2\/users\/9"}],"replies":[{"embeddable":true,"href":"https:\/\/www.fica.unsl.edu.ar\/index.php\/wp-json\/wp\/v2\/comments?post=18821"}],"version-history":[{"count":1,"href":"https:\/\/www.fica.unsl.edu.ar\/index.php\/wp-json\/wp\/v2\/posts\/18821\/revisions"}],"predecessor-version":[{"id":18832,"href":"https:\/\/www.fica.unsl.edu.ar\/index.php\/wp-json\/wp\/v2\/posts\/18821\/revisions\/18832"}],"wp:featuredmedia":[{"embeddable":true,"href":"https:\/\/www.fica.unsl.edu.ar\/index.php\/wp-json\/wp\/v2\/media\/18822"}],"wp:attachment":[{"href":"https:\/\/www.fica.unsl.edu.ar\/index.php\/wp-json\/wp\/v2\/media?parent=18821"}],"wp:term":[{"taxonomy":"category","embeddable":true,"href":"https:\/\/www.fica.unsl.edu.ar\/index.php\/wp-json\/wp\/v2\/categories?post=18821"},{"taxonomy":"post_tag","embeddable":true,"href":"https:\/\/www.fica.unsl.edu.ar\/index.php\/wp-json\/wp\/v2\/tags?post=18821"}],"curies":[{"name":"wp","href":"https:\/\/api.w.org\/{rel}","templated":true}]}}