{"id":18963,"date":"2025-04-06T00:53:20","date_gmt":"2025-04-06T03:53:20","guid":{"rendered":"http:\/\/10.101.10.196\/www\/?p=18963"},"modified":"2025-04-23T06:50:25","modified_gmt":"2025-04-23T09:50:25","slug":"preinscripciones-abiertas-a-la-3-cohorte-especializacion-en-calidad-de-procesos-industriales","status":"publish","type":"post","link":"https:\/\/www.fica.unsl.edu.ar\/index.php\/preinscripciones-abiertas-a-la-3-cohorte-especializacion-en-calidad-de-procesos-industriales\/","title":{"rendered":"Preinscripciones abiertas a la 3\u00b0 Cohorte Especializaci\u00f3n en Calidad de Procesos Industriales"},"content":{"rendered":"<p>La Secretar\u00eda de Investigaci\u00f3n y Posgrado informa que se encuentran abiertas las preinscripciones a la 3\u00b0 Cohorte Especializaci\u00f3n en Calidad de Procesos Industriales.<\/p>\n<p>Esta carrera tiene como objetivo actualizar y capacitar a profesionales a trav\u00e9s de la profundizaci\u00f3n en el dominio sist\u00e9mico de la Calidad de Procesos Industriales. Pretende formar a profesionales que potencialmente pueden ser responsables en los procesos de mejora de la calidad de los productos y\/o servicios de una organizaci\u00f3n, requisito indispensable para poder competir en un mercado globalizado, as\u00ed como a futuros docentes en el tema.<\/p>\n<p>La propuesta acad\u00e9mica est\u00e1 dise\u00f1ada en 4 m\u00f3dulos, compuesta por 13 seminarios, 4 talleres integradores y un Trabajo Final Integrador de finalizaci\u00f3n de la carrera. La carrera tiene un sistema de correlatividades de manera que es requisito aprobar cada seminario para poder continuar con el siguiente.<\/p>\n<p><strong>Modalidad de Cursado<\/strong><\/p>\n<p>El plan de estudios se desarrolla en un formato estructurado y de car\u00e1cter continuo, con modalidad de dictado predominantemente presencial, complementado con clases sincr\u00f3nicas en casos excepcionales.<\/p>\n<p>Para postulantes que residan fuera del radio de Villa Mercedes, se sugiere consultar \u00a0al equipo de gesti\u00f3n de la carrera.<\/p>\n<p>Al mail <a href=\"mailto:especializacion.cpi.fica@gmail.com\">especializacion.cpi.fica@gmail.com<\/a>, Mg. Ing. Paola Yacanto<\/p>\n<p>El dictado est\u00e1 a cargo de docentes de la Facultad de Ingenier\u00eda de la Universidad Nacional de Cuyo y docentes de la Facultad de Ingenier\u00eda y Cs. Agropecuarias de la Universidad Nacional de San Luis<\/p>\n<p><strong>Fecha de inicio<\/strong>: 1er. Cuatrimestre de 2025<\/p>\n<p>&nbsp;<\/p>\n<p style=\"text-align: left;\">Para preinscripci\u00f3n ingresar al formulario al siguiente link:<\/p>\n<h3 style=\"text-align: center;\"><span style=\"color: #0000ff;\"><a style=\"color: #0000ff;\" href=\"https:\/\/docs.google.com\/forms\/d\/e\/1FAIpQLSckBZcLJqfPScJFpqfOktgE7VLrV_eJICMgrswDqcC37zxZzA\/viewform?vc=0&amp;c=0&amp;w=1&amp;flr=0\" target=\"_blank\" rel=\"noopener\"><strong>INSCRIPCIONES\u00a0<\/strong><\/a><\/span><\/h3>\n<p>Para m\u00e1s informaci\u00f3n click aqu\u00ed: <strong><span style=\"color: #0000ff;\"><a style=\"color: #0000ff;\" href=\"https:\/\/iyp.fica.unsl.edu.ar\/index.php\/posgrado\/carrera-ecpi\/\">https:\/\/iyp.fica.unsl.edu.ar\/index.php\/posgrado\/carrera-ecpi\/<\/a><\/span><\/strong><\/p>\n<p>Instagram: <span style=\"color: #0000ff;\"><strong><a style=\"color: #0000ff;\" href=\"https:\/\/www.instagram.com\/ecpi.fica?utm_source=qr&amp;igsh=MTBzZWo2NWExbXhvag==\" target=\"_blank\" rel=\"noopener\">@ecpi.fica<\/a><\/strong><\/span><\/p>\n<p><a href=\"https:\/\/www.instagram.com\/ecpi.fica?utm_source=qr&amp;igsh=MTBzZWo2NWExbXhvag==\" target=\"_blank\" rel=\"noopener\"><img fetchpriority=\"high\" decoding=\"async\" class=\"aligncenter size-full wp-image-19072\" src=\"https:\/\/www.fica.unsl.edu.ar\/wp-content\/uploads\/2025\/02\/procesos-industriales-insta.jpg\" alt=\"\" width=\"720\" height=\"937\" srcset=\"https:\/\/www.fica.unsl.edu.ar\/wp-content\/uploads\/2025\/02\/procesos-industriales-insta.jpg 720w, https:\/\/www.fica.unsl.edu.ar\/wp-content\/uploads\/2025\/02\/procesos-industriales-insta-231x300.jpg 231w\" sizes=\"(max-width: 720px) 100vw, 720px\" \/><\/a><\/p>\n<p><img decoding=\"async\" class=\"aligncenter size-full wp-image-18964\" src=\"https:\/\/www.fica.unsl.edu.ar\/wp-content\/uploads\/2025\/02\/Flyer-IMG-20241213-WA0000.jpg\" alt=\"\" width=\"1081\" height=\"1351\" srcset=\"https:\/\/www.fica.unsl.edu.ar\/wp-content\/uploads\/2025\/02\/Flyer-IMG-20241213-WA0000.jpg 1081w, https:\/\/www.fica.unsl.edu.ar\/wp-content\/uploads\/2025\/02\/Flyer-IMG-20241213-WA0000-240x300.jpg 240w, https:\/\/www.fica.unsl.edu.ar\/wp-content\/uploads\/2025\/02\/Flyer-IMG-20241213-WA0000-819x1024.jpg 819w, https:\/\/www.fica.unsl.edu.ar\/wp-content\/uploads\/2025\/02\/Flyer-IMG-20241213-WA0000-768x960.jpg 768w\" sizes=\"(max-width: 1081px) 100vw, 1081px\" \/><\/p>\n<p>&nbsp;<\/p>\n","protected":false},"excerpt":{"rendered":"<p>La Secretar\u00eda de Investigaci\u00f3n y Posgrado informa que se encuentran abiertas las preinscripciones a la 3\u00b0 Cohorte Especializaci\u00f3n en Calidad de Procesos Industriales. Esta carrera&hellip;<\/p>\n","protected":false},"author":9,"featured_media":18978,"comment_status":"closed","ping_status":"closed","sticky":false,"template":"","format":"standard","meta":{"_monsterinsights_skip_tracking":false,"_monsterinsights_sitenote_active":false,"_monsterinsights_sitenote_note":"","_monsterinsights_sitenote_category":0,"_joinchat":[],"footnotes":""},"categories":[19],"tags":[],"class_list":["post-18963","post","type-post","status-publish","format-standard","has-post-thumbnail","hentry","category-noticias"],"yoast_head":"<!-- This site is optimized with the Yoast SEO plugin v27.4 - https:\/\/yoast.com\/product\/yoast-seo-wordpress\/ -->\n<title>Preinscripciones abiertas a la 3\u00b0 Cohorte Especializaci\u00f3n en Calidad de Procesos Industriales - Facultad de Ingenier\u00eda y Ciencias Agropecuarias<\/title>\n<meta name=\"robots\" content=\"index, follow, max-snippet:-1, max-image-preview:large, max-video-preview:-1\" \/>\n<link rel=\"canonical\" href=\"https:\/\/www.fica.unsl.edu.ar\/index.php\/preinscripciones-abiertas-a-la-3-cohorte-especializacion-en-calidad-de-procesos-industriales\/\" \/>\n<meta property=\"og:locale\" content=\"es_ES\" \/>\n<meta property=\"og:type\" content=\"article\" \/>\n<meta property=\"og:title\" content=\"Preinscripciones abiertas a la 3\u00b0 Cohorte Especializaci\u00f3n en Calidad de Procesos Industriales - Facultad de Ingenier\u00eda y Ciencias Agropecuarias\" \/>\n<meta property=\"og:description\" content=\"La Secretar\u00eda de Investigaci\u00f3n y Posgrado informa que se encuentran abiertas las preinscripciones a la 3\u00b0 Cohorte Especializaci\u00f3n en Calidad de Procesos Industriales. Esta carrera&hellip;\" \/>\n<meta property=\"og:url\" content=\"https:\/\/www.fica.unsl.edu.ar\/index.php\/preinscripciones-abiertas-a-la-3-cohorte-especializacion-en-calidad-de-procesos-industriales\/\" \/>\n<meta property=\"og:site_name\" content=\"Facultad de Ingenier\u00eda y Ciencias Agropecuarias\" \/>\n<meta property=\"article:publisher\" content=\"https:\/\/www.facebook.com\/FICA.UNSL\/\" \/>\n<meta property=\"article:published_time\" content=\"2025-04-06T03:53:20+00:00\" \/>\n<meta property=\"article:modified_time\" content=\"2025-04-23T09:50:25+00:00\" \/>\n<meta property=\"og:image\" content=\"https:\/\/www.fica.unsl.edu.ar\/wp-content\/uploads\/2025\/02\/procesos-industriales.jpg\" \/>\n\t<meta property=\"og:image:width\" content=\"1061\" \/>\n\t<meta property=\"og:image:height\" content=\"585\" \/>\n\t<meta property=\"og:image:type\" content=\"image\/jpeg\" \/>\n<meta name=\"author\" content=\"DATI\" \/>\n<meta name=\"twitter:card\" content=\"summary_large_image\" \/>\n<meta name=\"twitter:creator\" content=\"@FICAUNSL\" \/>\n<meta name=\"twitter:site\" content=\"@FICAUNSL\" \/>\n<meta name=\"twitter:label1\" content=\"Escrito por\" \/>\n\t<meta name=\"twitter:data1\" content=\"DATI\" \/>\n\t<meta name=\"twitter:label2\" content=\"Tiempo de lectura\" \/>\n\t<meta name=\"twitter:data2\" content=\"2 minutos\" \/>\n<script type=\"application\/ld+json\" class=\"yoast-schema-graph\">{\"@context\":\"https:\\\/\\\/schema.org\",\"@graph\":[{\"@type\":\"Article\",\"@id\":\"https:\\\/\\\/www.fica.unsl.edu.ar\\\/index.php\\\/preinscripciones-abiertas-a-la-3-cohorte-especializacion-en-calidad-de-procesos-industriales\\\/#article\",\"isPartOf\":{\"@id\":\"https:\\\/\\\/www.fica.unsl.edu.ar\\\/index.php\\\/preinscripciones-abiertas-a-la-3-cohorte-especializacion-en-calidad-de-procesos-industriales\\\/\"},\"author\":{\"name\":\"DATI\",\"@id\":\"https:\\\/\\\/www.fica.unsl.edu.ar\\\/#\\\/schema\\\/person\\\/6058f9c66301868d3a691b1f5d6c3544\"},\"headline\":\"Preinscripciones abiertas a la 3\u00b0 Cohorte Especializaci\u00f3n en Calidad de Procesos Industriales\",\"datePublished\":\"2025-04-06T03:53:20+00:00\",\"dateModified\":\"2025-04-23T09:50:25+00:00\",\"mainEntityOfPage\":{\"@id\":\"https:\\\/\\\/www.fica.unsl.edu.ar\\\/index.php\\\/preinscripciones-abiertas-a-la-3-cohorte-especializacion-en-calidad-de-procesos-industriales\\\/\"},\"wordCount\":295,\"publisher\":{\"@id\":\"https:\\\/\\\/www.fica.unsl.edu.ar\\\/#organization\"},\"image\":{\"@id\":\"https:\\\/\\\/www.fica.unsl.edu.ar\\\/index.php\\\/preinscripciones-abiertas-a-la-3-cohorte-especializacion-en-calidad-de-procesos-industriales\\\/#primaryimage\"},\"thumbnailUrl\":\"https:\\\/\\\/www.fica.unsl.edu.ar\\\/wp-content\\\/uploads\\\/2025\\\/02\\\/procesos-industriales.jpg\",\"articleSection\":[\"Noticias\"],\"inLanguage\":\"es-AR\"},{\"@type\":\"WebPage\",\"@id\":\"https:\\\/\\\/www.fica.unsl.edu.ar\\\/index.php\\\/preinscripciones-abiertas-a-la-3-cohorte-especializacion-en-calidad-de-procesos-industriales\\\/\",\"url\":\"https:\\\/\\\/www.fica.unsl.edu.ar\\\/index.php\\\/preinscripciones-abiertas-a-la-3-cohorte-especializacion-en-calidad-de-procesos-industriales\\\/\",\"name\":\"Preinscripciones abiertas a la 3\u00b0 Cohorte Especializaci\u00f3n en Calidad de Procesos Industriales - Facultad de Ingenier\u00eda y Ciencias Agropecuarias\",\"isPartOf\":{\"@id\":\"https:\\\/\\\/www.fica.unsl.edu.ar\\\/#website\"},\"primaryImageOfPage\":{\"@id\":\"https:\\\/\\\/www.fica.unsl.edu.ar\\\/index.php\\\/preinscripciones-abiertas-a-la-3-cohorte-especializacion-en-calidad-de-procesos-industriales\\\/#primaryimage\"},\"image\":{\"@id\":\"https:\\\/\\\/www.fica.unsl.edu.ar\\\/index.php\\\/preinscripciones-abiertas-a-la-3-cohorte-especializacion-en-calidad-de-procesos-industriales\\\/#primaryimage\"},\"thumbnailUrl\":\"https:\\\/\\\/www.fica.unsl.edu.ar\\\/wp-content\\\/uploads\\\/2025\\\/02\\\/procesos-industriales.jpg\",\"datePublished\":\"2025-04-06T03:53:20+00:00\",\"dateModified\":\"2025-04-23T09:50:25+00:00\",\"inLanguage\":\"es-AR\",\"potentialAction\":[{\"@type\":\"ReadAction\",\"target\":[\"https:\\\/\\\/www.fica.unsl.edu.ar\\\/index.php\\\/preinscripciones-abiertas-a-la-3-cohorte-especializacion-en-calidad-de-procesos-industriales\\\/\"]}]},{\"@type\":\"ImageObject\",\"inLanguage\":\"es-AR\",\"@id\":\"https:\\\/\\\/www.fica.unsl.edu.ar\\\/index.php\\\/preinscripciones-abiertas-a-la-3-cohorte-especializacion-en-calidad-de-procesos-industriales\\\/#primaryimage\",\"url\":\"https:\\\/\\\/www.fica.unsl.edu.ar\\\/wp-content\\\/uploads\\\/2025\\\/02\\\/procesos-industriales.jpg\",\"contentUrl\":\"https:\\\/\\\/www.fica.unsl.edu.ar\\\/wp-content\\\/uploads\\\/2025\\\/02\\\/procesos-industriales.jpg\",\"width\":1061,\"height\":585},{\"@type\":\"WebSite\",\"@id\":\"https:\\\/\\\/www.fica.unsl.edu.ar\\\/#website\",\"url\":\"https:\\\/\\\/www.fica.unsl.edu.ar\\\/\",\"name\":\"Facultad de Ingenier\u00eda y Ciencias Agropecuarias\",\"description\":\"\",\"publisher\":{\"@id\":\"https:\\\/\\\/www.fica.unsl.edu.ar\\\/#organization\"},\"potentialAction\":[{\"@type\":\"SearchAction\",\"target\":{\"@type\":\"EntryPoint\",\"urlTemplate\":\"https:\\\/\\\/www.fica.unsl.edu.ar\\\/?s={search_term_string}\"},\"query-input\":{\"@type\":\"PropertyValueSpecification\",\"valueRequired\":true,\"valueName\":\"search_term_string\"}}],\"inLanguage\":\"es-AR\"},{\"@type\":\"Organization\",\"@id\":\"https:\\\/\\\/www.fica.unsl.edu.ar\\\/#organization\",\"name\":\"Facultad de Ingenier\u00eda y Ciencias Agropecuarias\",\"url\":\"https:\\\/\\\/www.fica.unsl.edu.ar\\\/\",\"logo\":{\"@type\":\"ImageObject\",\"inLanguage\":\"es-AR\",\"@id\":\"https:\\\/\\\/www.fica.unsl.edu.ar\\\/#\\\/schema\\\/logo\\\/image\\\/\",\"url\":\"https:\\\/\\\/www.fica.unsl.edu.ar\\\/wp-content\\\/uploads\\\/2021\\\/03\\\/LOGO-1.jpg\",\"contentUrl\":\"https:\\\/\\\/www.fica.unsl.edu.ar\\\/wp-content\\\/uploads\\\/2021\\\/03\\\/LOGO-1.jpg\",\"width\":463,\"height\":145,\"caption\":\"Facultad de Ingenier\u00eda y Ciencias Agropecuarias\"},\"image\":{\"@id\":\"https:\\\/\\\/www.fica.unsl.edu.ar\\\/#\\\/schema\\\/logo\\\/image\\\/\"},\"sameAs\":[\"https:\\\/\\\/www.facebook.com\\\/FICA.UNSL\\\/\",\"https:\\\/\\\/x.com\\\/FICAUNSL\",\"https:\\\/\\\/www.instagram.com\\\/fica.unsl\\\/\",\"https:\\\/\\\/www.youtube.com\\\/channel\\\/UCs2MM53gb2PyBrMySdtWZDQ\"]},{\"@type\":\"Person\",\"@id\":\"https:\\\/\\\/www.fica.unsl.edu.ar\\\/#\\\/schema\\\/person\\\/6058f9c66301868d3a691b1f5d6c3544\",\"name\":\"DATI\"}]}<\/script>\n<!-- \/ Yoast SEO plugin. -->","yoast_head_json":{"title":"Preinscripciones abiertas a la 3\u00b0 Cohorte Especializaci\u00f3n en Calidad de Procesos Industriales - Facultad de Ingenier\u00eda y Ciencias Agropecuarias","robots":{"index":"index","follow":"follow","max-snippet":"max-snippet:-1","max-image-preview":"max-image-preview:large","max-video-preview":"max-video-preview:-1"},"canonical":"https:\/\/www.fica.unsl.edu.ar\/index.php\/preinscripciones-abiertas-a-la-3-cohorte-especializacion-en-calidad-de-procesos-industriales\/","og_locale":"es_ES","og_type":"article","og_title":"Preinscripciones abiertas a la 3\u00b0 Cohorte Especializaci\u00f3n en Calidad de Procesos Industriales - Facultad de Ingenier\u00eda y Ciencias Agropecuarias","og_description":"La Secretar\u00eda de Investigaci\u00f3n y Posgrado informa que se encuentran abiertas las preinscripciones a la 3\u00b0 Cohorte Especializaci\u00f3n en Calidad de Procesos Industriales. Esta carrera&hellip;","og_url":"https:\/\/www.fica.unsl.edu.ar\/index.php\/preinscripciones-abiertas-a-la-3-cohorte-especializacion-en-calidad-de-procesos-industriales\/","og_site_name":"Facultad de Ingenier\u00eda y Ciencias Agropecuarias","article_publisher":"https:\/\/www.facebook.com\/FICA.UNSL\/","article_published_time":"2025-04-06T03:53:20+00:00","article_modified_time":"2025-04-23T09:50:25+00:00","og_image":[{"width":1061,"height":585,"url":"https:\/\/www.fica.unsl.edu.ar\/wp-content\/uploads\/2025\/02\/procesos-industriales.jpg","type":"image\/jpeg"}],"author":"DATI","twitter_card":"summary_large_image","twitter_creator":"@FICAUNSL","twitter_site":"@FICAUNSL","twitter_misc":{"Escrito por":"DATI","Tiempo de lectura":"2 minutos"},"schema":{"@context":"https:\/\/schema.org","@graph":[{"@type":"Article","@id":"https:\/\/www.fica.unsl.edu.ar\/index.php\/preinscripciones-abiertas-a-la-3-cohorte-especializacion-en-calidad-de-procesos-industriales\/#article","isPartOf":{"@id":"https:\/\/www.fica.unsl.edu.ar\/index.php\/preinscripciones-abiertas-a-la-3-cohorte-especializacion-en-calidad-de-procesos-industriales\/"},"author":{"name":"DATI","@id":"https:\/\/www.fica.unsl.edu.ar\/#\/schema\/person\/6058f9c66301868d3a691b1f5d6c3544"},"headline":"Preinscripciones abiertas a la 3\u00b0 Cohorte Especializaci\u00f3n en Calidad de Procesos Industriales","datePublished":"2025-04-06T03:53:20+00:00","dateModified":"2025-04-23T09:50:25+00:00","mainEntityOfPage":{"@id":"https:\/\/www.fica.unsl.edu.ar\/index.php\/preinscripciones-abiertas-a-la-3-cohorte-especializacion-en-calidad-de-procesos-industriales\/"},"wordCount":295,"publisher":{"@id":"https:\/\/www.fica.unsl.edu.ar\/#organization"},"image":{"@id":"https:\/\/www.fica.unsl.edu.ar\/index.php\/preinscripciones-abiertas-a-la-3-cohorte-especializacion-en-calidad-de-procesos-industriales\/#primaryimage"},"thumbnailUrl":"https:\/\/www.fica.unsl.edu.ar\/wp-content\/uploads\/2025\/02\/procesos-industriales.jpg","articleSection":["Noticias"],"inLanguage":"es-AR"},{"@type":"WebPage","@id":"https:\/\/www.fica.unsl.edu.ar\/index.php\/preinscripciones-abiertas-a-la-3-cohorte-especializacion-en-calidad-de-procesos-industriales\/","url":"https:\/\/www.fica.unsl.edu.ar\/index.php\/preinscripciones-abiertas-a-la-3-cohorte-especializacion-en-calidad-de-procesos-industriales\/","name":"Preinscripciones abiertas a la 3\u00b0 Cohorte Especializaci\u00f3n en Calidad de Procesos Industriales - Facultad de Ingenier\u00eda y Ciencias Agropecuarias","isPartOf":{"@id":"https:\/\/www.fica.unsl.edu.ar\/#website"},"primaryImageOfPage":{"@id":"https:\/\/www.fica.unsl.edu.ar\/index.php\/preinscripciones-abiertas-a-la-3-cohorte-especializacion-en-calidad-de-procesos-industriales\/#primaryimage"},"image":{"@id":"https:\/\/www.fica.unsl.edu.ar\/index.php\/preinscripciones-abiertas-a-la-3-cohorte-especializacion-en-calidad-de-procesos-industriales\/#primaryimage"},"thumbnailUrl":"https:\/\/www.fica.unsl.edu.ar\/wp-content\/uploads\/2025\/02\/procesos-industriales.jpg","datePublished":"2025-04-06T03:53:20+00:00","dateModified":"2025-04-23T09:50:25+00:00","inLanguage":"es-AR","potentialAction":[{"@type":"ReadAction","target":["https:\/\/www.fica.unsl.edu.ar\/index.php\/preinscripciones-abiertas-a-la-3-cohorte-especializacion-en-calidad-de-procesos-industriales\/"]}]},{"@type":"ImageObject","inLanguage":"es-AR","@id":"https:\/\/www.fica.unsl.edu.ar\/index.php\/preinscripciones-abiertas-a-la-3-cohorte-especializacion-en-calidad-de-procesos-industriales\/#primaryimage","url":"https:\/\/www.fica.unsl.edu.ar\/wp-content\/uploads\/2025\/02\/procesos-industriales.jpg","contentUrl":"https:\/\/www.fica.unsl.edu.ar\/wp-content\/uploads\/2025\/02\/procesos-industriales.jpg","width":1061,"height":585},{"@type":"WebSite","@id":"https:\/\/www.fica.unsl.edu.ar\/#website","url":"https:\/\/www.fica.unsl.edu.ar\/","name":"Facultad de Ingenier\u00eda y Ciencias Agropecuarias","description":"","publisher":{"@id":"https:\/\/www.fica.unsl.edu.ar\/#organization"},"potentialAction":[{"@type":"SearchAction","target":{"@type":"EntryPoint","urlTemplate":"https:\/\/www.fica.unsl.edu.ar\/?s={search_term_string}"},"query-input":{"@type":"PropertyValueSpecification","valueRequired":true,"valueName":"search_term_string"}}],"inLanguage":"es-AR"},{"@type":"Organization","@id":"https:\/\/www.fica.unsl.edu.ar\/#organization","name":"Facultad de Ingenier\u00eda y Ciencias Agropecuarias","url":"https:\/\/www.fica.unsl.edu.ar\/","logo":{"@type":"ImageObject","inLanguage":"es-AR","@id":"https:\/\/www.fica.unsl.edu.ar\/#\/schema\/logo\/image\/","url":"https:\/\/www.fica.unsl.edu.ar\/wp-content\/uploads\/2021\/03\/LOGO-1.jpg","contentUrl":"https:\/\/www.fica.unsl.edu.ar\/wp-content\/uploads\/2021\/03\/LOGO-1.jpg","width":463,"height":145,"caption":"Facultad de Ingenier\u00eda y Ciencias Agropecuarias"},"image":{"@id":"https:\/\/www.fica.unsl.edu.ar\/#\/schema\/logo\/image\/"},"sameAs":["https:\/\/www.facebook.com\/FICA.UNSL\/","https:\/\/x.com\/FICAUNSL","https:\/\/www.instagram.com\/fica.unsl\/","https:\/\/www.youtube.com\/channel\/UCs2MM53gb2PyBrMySdtWZDQ"]},{"@type":"Person","@id":"https:\/\/www.fica.unsl.edu.ar\/#\/schema\/person\/6058f9c66301868d3a691b1f5d6c3544","name":"DATI"}]}},"_links":{"self":[{"href":"https:\/\/www.fica.unsl.edu.ar\/index.php\/wp-json\/wp\/v2\/posts\/18963","targetHints":{"allow":["GET"]}}],"collection":[{"href":"https:\/\/www.fica.unsl.edu.ar\/index.php\/wp-json\/wp\/v2\/posts"}],"about":[{"href":"https:\/\/www.fica.unsl.edu.ar\/index.php\/wp-json\/wp\/v2\/types\/post"}],"author":[{"embeddable":true,"href":"https:\/\/www.fica.unsl.edu.ar\/index.php\/wp-json\/wp\/v2\/users\/9"}],"replies":[{"embeddable":true,"href":"https:\/\/www.fica.unsl.edu.ar\/index.php\/wp-json\/wp\/v2\/comments?post=18963"}],"version-history":[{"count":5,"href":"https:\/\/www.fica.unsl.edu.ar\/index.php\/wp-json\/wp\/v2\/posts\/18963\/revisions"}],"predecessor-version":[{"id":19074,"href":"https:\/\/www.fica.unsl.edu.ar\/index.php\/wp-json\/wp\/v2\/posts\/18963\/revisions\/19074"}],"wp:featuredmedia":[{"embeddable":true,"href":"https:\/\/www.fica.unsl.edu.ar\/index.php\/wp-json\/wp\/v2\/media\/18978"}],"wp:attachment":[{"href":"https:\/\/www.fica.unsl.edu.ar\/index.php\/wp-json\/wp\/v2\/media?parent=18963"}],"wp:term":[{"taxonomy":"category","embeddable":true,"href":"https:\/\/www.fica.unsl.edu.ar\/index.php\/wp-json\/wp\/v2\/categories?post=18963"},{"taxonomy":"post_tag","embeddable":true,"href":"https:\/\/www.fica.unsl.edu.ar\/index.php\/wp-json\/wp\/v2\/tags?post=18963"}],"curies":[{"name":"wp","href":"https:\/\/api.w.org\/{rel}","templated":true}]}}