{"id":19070,"date":"2025-03-13T00:31:53","date_gmt":"2025-03-13T03:31:53","guid":{"rendered":"http:\/\/10.101.10.196\/www\/?p=19070"},"modified":"2025-03-19T08:33:06","modified_gmt":"2025-03-19T11:33:06","slug":"preinscripcion-on-line-se-extendio-hasta-el-14-de-marzo","status":"publish","type":"post","link":"https:\/\/www.fica.unsl.edu.ar\/index.php\/preinscripcion-on-line-se-extendio-hasta-el-14-de-marzo\/","title":{"rendered":"INGRESO 2025: la Preinscripci\u00f3n On-line se extendi\u00f3 hasta el <b> 14 de marzo<\/b>"},"content":{"rendered":"<p>La Secretar\u00eda Acad\u00e9mica informa a todos los ingresantes, que la instancia de <strong>Preinscripci\u00f3n On- line<\/strong> ha sido <strong>prorrogada<\/strong> hasta el <strong>viernes 14 de marzo de 2025 para todas las carreras de la FICA.<\/strong><\/p>\n<p>El horario de atenci\u00f3n del <strong>Departamento de Alumnos<\/strong>, situado en el hall de entrada del edificio central del Campus de la FICA, es de lunes a v<strong>iernes de 9:00 a 11:00 h y de 16:00 a 18:00 h.<\/strong><\/p>\n<p>Para ser estudiante de la Facultad se necesita completar los pasos que a continuaci\u00f3n se informan:<\/p>\n<p><strong>Preinscripci\u00f3n en l\u00ednea:<\/strong><\/p>\n<p>Preinscripci\u00f3n: Para realizarla ingresar a la p\u00e1gina<strong><a href=\"https:\/\/preins3vz.unsl.edu.ar\/fica\/\" target=\"_blank\" rel=\"noopener\"> https:\/\/preins3vz.unsl.edu.ar\/fica\/<\/a><\/strong> (o a trav\u00e9s de nuestra p\u00e1gina\u00a0 <strong><a href=\"http:\/\/sac.fica.unsledu.ar\/index.php\/ingreso\/\" target=\"_blank\" rel=\"noopener\">http:\/\/sac.fica.unsledu.ar\/index.php\/ingreso\/<\/a><\/strong> haciendo click en el bot\u00f3n amarillo &#8220;Realizar la preinscripci\u00f3n online&#8221;) si es la primera vez que se ingresas, \u201cCrear un usuario\u201d. Ingresar posteriormente de nuevo al link para realizar la preinscripci\u00f3n.<\/p>\n<p>Completar y presentar los requisitos de inscripci\u00f3n: Completar el formulario de preinscripci\u00f3n eligiendo la carrera de inter\u00e9s. Una vez completado el formulario de preinscripci\u00f3n <strong>IMPRIMIRLO,<\/strong> ya que deber\u00e1 acompa\u00f1ar la documentaci\u00f3n al momento de inscripci\u00f3n. Por dudas o consultas contactarse al correo <strong>ingresofica@gmail.com<\/strong><\/p>\n<p><strong>Requisitos de inscripci\u00f3n<\/strong><\/p>\n<p>La siguiente es la documentaci\u00f3n que hay que presentar, para completar la <strong>INSCRIPCI\u00d3N.<\/strong><\/p>\n<ul>\n<li>Formulario de preinscripci\u00f3n completo e impreso (Debe constar en el mismo el \u00faltimo domicilio vigente).<\/li>\n<li>DNI, en el que conste el domicilio actualizado.<\/li>\n<li>Comprobante o constancia de finalizaci\u00f3n de estudios secundarios, indicando cantidad de materias que adeuda. No podr\u00e1 adeudar m\u00e1s de tres (3) materias, las cuales deber\u00e1 aprobar antes del 31\/3\/2025.<\/li>\n<li>Certificado Anal\u00edtico de Estudios Secundarios Definitivo si lo posee (original y copia).<\/li>\n<li>Certificado de Buena Salud.<br \/>\n&#8211;\u00a0 Luego de completar los siguientes an\u00e1lisis cl\u00ednicos: HEMOGRAMA COMPLETO \u2013 VSG \u2013 ORINA COMPLETO \u2013 VDRL \u2013 UREMA MACHADO GUERREIRO \u2013 GRUPO Y FACTOR SANGUINEO \u2013 GLUCEMIA \u2013 COLESTEROL TOTAL \u2013 LDL COLESTEROL \u2013 TRIGUICERIDOS \u2013 CREATININA. ELECTROCARDIOGRAMA (Solo aquellos que vayan a realizar una disciplina deportiva).<br \/>\n&#8211; Los resultados de los an\u00e1lisis se presentan en el CUSE (Centro Universitario de Salud Estudiantil), ubicado en Jun\u00edn 269 entre Almafuerte y 25 de Mayo, Villa Mercedes. Ellos se encargan de visarlos y enviarlos a la Facultad. Consult\u00e1 los horarios en https:\/\/www.fica.unsl.edu.ar\/index.php\/cuse\/.<br \/>\n&#8211; Los an\u00e1lisis cl\u00ednicos podr\u00e1n realizarse en organismos p\u00fablicos y privados de esta provincia o de la de origen.<\/li>\n<\/ul>\n<p><strong>\u00bfSos estudiante extranjero?<\/strong><\/p>\n<p>Debes cumplir con\u00a0 los mismos requerimientos acad\u00e9micos y de documentaci\u00f3n que las y los aspirantes argentinos y presentar adem\u00e1s la documentaci\u00f3n consignada en el Anexo II, ART\u00cdCULO 2\u00ba y 3\u00ba de la Ordenanza de CS 39\/2022: <a href=\"http:\/\/digesto.unsl.edu.ar\/docs\/202209\/20220906090733_3441.pdf\" target=\"_blank\" rel=\"noopener\">http:\/\/digesto.unsl.edu.ar\/docs\/202209\/20220906090733_3441.pdf<\/a><\/p>\n<p>La constancia de inicio de tr\u00e1mite de residencia se debe presentar en Secretar\u00eda Acad\u00e9mica.<\/p>\n<p>Cualquier duda o consulta enviar correo electr\u00f3nico a la siguiente direcci\u00f3n: ingresofica@gmail.com<\/p>\n<p>&nbsp;<\/p>\n","protected":false},"excerpt":{"rendered":"<p>La Secretar\u00eda Acad\u00e9mica informa a todos los ingresantes, que la instancia de Preinscripci\u00f3n On- line ha sido prorrogada hasta el viernes 14 de marzo de&hellip;<\/p>\n","protected":false},"author":9,"featured_media":18081,"comment_status":"closed","ping_status":"closed","sticky":false,"template":"","format":"standard","meta":{"_monsterinsights_skip_tracking":false,"_monsterinsights_sitenote_active":false,"_monsterinsights_sitenote_note":"","_monsterinsights_sitenote_category":0,"_joinchat":[],"footnotes":""},"categories":[19],"tags":[],"class_list":["post-19070","post","type-post","status-publish","format-standard","has-post-thumbnail","hentry","category-noticias"],"yoast_head":"<!-- This site is optimized with the Yoast SEO plugin v27.4 - https:\/\/yoast.com\/product\/yoast-seo-wordpress\/ -->\n<title>INGRESO 2025: la Preinscripci\u00f3n On-line se extendi\u00f3 hasta el  14 de marzo - Facultad de Ingenier\u00eda y Ciencias Agropecuarias<\/title>\n<meta name=\"robots\" content=\"index, follow, max-snippet:-1, max-image-preview:large, max-video-preview:-1\" \/>\n<link rel=\"canonical\" href=\"https:\/\/www.fica.unsl.edu.ar\/index.php\/preinscripcion-on-line-se-extendio-hasta-el-14-de-marzo\/\" \/>\n<meta property=\"og:locale\" content=\"es_ES\" \/>\n<meta property=\"og:type\" content=\"article\" \/>\n<meta property=\"og:title\" content=\"INGRESO 2025: la Preinscripci\u00f3n On-line se extendi\u00f3 hasta el  14 de marzo - Facultad de Ingenier\u00eda y Ciencias Agropecuarias\" \/>\n<meta property=\"og:description\" content=\"La Secretar\u00eda Acad\u00e9mica informa a todos los ingresantes, que la instancia de Preinscripci\u00f3n On- line ha sido prorrogada hasta el viernes 14 de marzo de&hellip;\" \/>\n<meta property=\"og:url\" content=\"https:\/\/www.fica.unsl.edu.ar\/index.php\/preinscripcion-on-line-se-extendio-hasta-el-14-de-marzo\/\" \/>\n<meta property=\"og:site_name\" content=\"Facultad de Ingenier\u00eda y Ciencias Agropecuarias\" \/>\n<meta property=\"article:publisher\" content=\"https:\/\/www.facebook.com\/FICA.UNSL\/\" \/>\n<meta property=\"article:published_time\" content=\"2025-03-13T03:31:53+00:00\" \/>\n<meta property=\"article:modified_time\" content=\"2025-03-19T11:33:06+00:00\" \/>\n<meta property=\"og:image\" content=\"https:\/\/www.fica.unsl.edu.ar\/wp-content\/uploads\/2024\/09\/PLACA-WEB-FICA-INGRESO-2025.jpg\" \/>\n\t<meta property=\"og:image:width\" content=\"1153\" \/>\n\t<meta property=\"og:image:height\" content=\"648\" \/>\n\t<meta property=\"og:image:type\" content=\"image\/jpeg\" \/>\n<meta name=\"author\" content=\"DATI\" \/>\n<meta name=\"twitter:card\" content=\"summary_large_image\" \/>\n<meta name=\"twitter:creator\" content=\"@FICAUNSL\" \/>\n<meta name=\"twitter:site\" content=\"@FICAUNSL\" \/>\n<meta name=\"twitter:label1\" content=\"Escrito por\" \/>\n\t<meta name=\"twitter:data1\" content=\"DATI\" \/>\n\t<meta name=\"twitter:label2\" content=\"Tiempo de lectura\" \/>\n\t<meta name=\"twitter:data2\" content=\"3 minutos\" \/>\n<script type=\"application\/ld+json\" class=\"yoast-schema-graph\">{\"@context\":\"https:\\\/\\\/schema.org\",\"@graph\":[{\"@type\":\"Article\",\"@id\":\"https:\\\/\\\/www.fica.unsl.edu.ar\\\/index.php\\\/preinscripcion-on-line-se-extendio-hasta-el-14-de-marzo\\\/#article\",\"isPartOf\":{\"@id\":\"https:\\\/\\\/www.fica.unsl.edu.ar\\\/index.php\\\/preinscripcion-on-line-se-extendio-hasta-el-14-de-marzo\\\/\"},\"author\":{\"name\":\"DATI\",\"@id\":\"https:\\\/\\\/www.fica.unsl.edu.ar\\\/#\\\/schema\\\/person\\\/6058f9c66301868d3a691b1f5d6c3544\"},\"headline\":\"INGRESO 2025: la Preinscripci\u00f3n On-line se extendi\u00f3 hasta el 14 de marzo\",\"datePublished\":\"2025-03-13T03:31:53+00:00\",\"dateModified\":\"2025-03-19T11:33:06+00:00\",\"mainEntityOfPage\":{\"@id\":\"https:\\\/\\\/www.fica.unsl.edu.ar\\\/index.php\\\/preinscripcion-on-line-se-extendio-hasta-el-14-de-marzo\\\/\"},\"wordCount\":505,\"publisher\":{\"@id\":\"https:\\\/\\\/www.fica.unsl.edu.ar\\\/#organization\"},\"image\":{\"@id\":\"https:\\\/\\\/www.fica.unsl.edu.ar\\\/index.php\\\/preinscripcion-on-line-se-extendio-hasta-el-14-de-marzo\\\/#primaryimage\"},\"thumbnailUrl\":\"https:\\\/\\\/www.fica.unsl.edu.ar\\\/wp-content\\\/uploads\\\/2024\\\/09\\\/PLACA-WEB-FICA-INGRESO-2025.jpg\",\"articleSection\":[\"Noticias\"],\"inLanguage\":\"es-AR\"},{\"@type\":\"WebPage\",\"@id\":\"https:\\\/\\\/www.fica.unsl.edu.ar\\\/index.php\\\/preinscripcion-on-line-se-extendio-hasta-el-14-de-marzo\\\/\",\"url\":\"https:\\\/\\\/www.fica.unsl.edu.ar\\\/index.php\\\/preinscripcion-on-line-se-extendio-hasta-el-14-de-marzo\\\/\",\"name\":\"INGRESO 2025: la Preinscripci\u00f3n On-line se extendi\u00f3 hasta el 14 de marzo - Facultad de Ingenier\u00eda y Ciencias Agropecuarias\",\"isPartOf\":{\"@id\":\"https:\\\/\\\/www.fica.unsl.edu.ar\\\/#website\"},\"primaryImageOfPage\":{\"@id\":\"https:\\\/\\\/www.fica.unsl.edu.ar\\\/index.php\\\/preinscripcion-on-line-se-extendio-hasta-el-14-de-marzo\\\/#primaryimage\"},\"image\":{\"@id\":\"https:\\\/\\\/www.fica.unsl.edu.ar\\\/index.php\\\/preinscripcion-on-line-se-extendio-hasta-el-14-de-marzo\\\/#primaryimage\"},\"thumbnailUrl\":\"https:\\\/\\\/www.fica.unsl.edu.ar\\\/wp-content\\\/uploads\\\/2024\\\/09\\\/PLACA-WEB-FICA-INGRESO-2025.jpg\",\"datePublished\":\"2025-03-13T03:31:53+00:00\",\"dateModified\":\"2025-03-19T11:33:06+00:00\",\"inLanguage\":\"es-AR\",\"potentialAction\":[{\"@type\":\"ReadAction\",\"target\":[\"https:\\\/\\\/www.fica.unsl.edu.ar\\\/index.php\\\/preinscripcion-on-line-se-extendio-hasta-el-14-de-marzo\\\/\"]}]},{\"@type\":\"ImageObject\",\"inLanguage\":\"es-AR\",\"@id\":\"https:\\\/\\\/www.fica.unsl.edu.ar\\\/index.php\\\/preinscripcion-on-line-se-extendio-hasta-el-14-de-marzo\\\/#primaryimage\",\"url\":\"https:\\\/\\\/www.fica.unsl.edu.ar\\\/wp-content\\\/uploads\\\/2024\\\/09\\\/PLACA-WEB-FICA-INGRESO-2025.jpg\",\"contentUrl\":\"https:\\\/\\\/www.fica.unsl.edu.ar\\\/wp-content\\\/uploads\\\/2024\\\/09\\\/PLACA-WEB-FICA-INGRESO-2025.jpg\",\"width\":1153,\"height\":648},{\"@type\":\"WebSite\",\"@id\":\"https:\\\/\\\/www.fica.unsl.edu.ar\\\/#website\",\"url\":\"https:\\\/\\\/www.fica.unsl.edu.ar\\\/\",\"name\":\"Facultad de Ingenier\u00eda y Ciencias Agropecuarias\",\"description\":\"\",\"publisher\":{\"@id\":\"https:\\\/\\\/www.fica.unsl.edu.ar\\\/#organization\"},\"potentialAction\":[{\"@type\":\"SearchAction\",\"target\":{\"@type\":\"EntryPoint\",\"urlTemplate\":\"https:\\\/\\\/www.fica.unsl.edu.ar\\\/?s={search_term_string}\"},\"query-input\":{\"@type\":\"PropertyValueSpecification\",\"valueRequired\":true,\"valueName\":\"search_term_string\"}}],\"inLanguage\":\"es-AR\"},{\"@type\":\"Organization\",\"@id\":\"https:\\\/\\\/www.fica.unsl.edu.ar\\\/#organization\",\"name\":\"Facultad de Ingenier\u00eda y Ciencias Agropecuarias\",\"url\":\"https:\\\/\\\/www.fica.unsl.edu.ar\\\/\",\"logo\":{\"@type\":\"ImageObject\",\"inLanguage\":\"es-AR\",\"@id\":\"https:\\\/\\\/www.fica.unsl.edu.ar\\\/#\\\/schema\\\/logo\\\/image\\\/\",\"url\":\"https:\\\/\\\/www.fica.unsl.edu.ar\\\/wp-content\\\/uploads\\\/2021\\\/03\\\/LOGO-1.jpg\",\"contentUrl\":\"https:\\\/\\\/www.fica.unsl.edu.ar\\\/wp-content\\\/uploads\\\/2021\\\/03\\\/LOGO-1.jpg\",\"width\":463,\"height\":145,\"caption\":\"Facultad de Ingenier\u00eda y Ciencias Agropecuarias\"},\"image\":{\"@id\":\"https:\\\/\\\/www.fica.unsl.edu.ar\\\/#\\\/schema\\\/logo\\\/image\\\/\"},\"sameAs\":[\"https:\\\/\\\/www.facebook.com\\\/FICA.UNSL\\\/\",\"https:\\\/\\\/x.com\\\/FICAUNSL\",\"https:\\\/\\\/www.instagram.com\\\/fica.unsl\\\/\",\"https:\\\/\\\/www.youtube.com\\\/channel\\\/UCs2MM53gb2PyBrMySdtWZDQ\"]},{\"@type\":\"Person\",\"@id\":\"https:\\\/\\\/www.fica.unsl.edu.ar\\\/#\\\/schema\\\/person\\\/6058f9c66301868d3a691b1f5d6c3544\",\"name\":\"DATI\"}]}<\/script>\n<!-- \/ Yoast SEO plugin. -->","yoast_head_json":{"title":"INGRESO 2025: la Preinscripci\u00f3n On-line se extendi\u00f3 hasta el  14 de marzo - Facultad de Ingenier\u00eda y Ciencias Agropecuarias","robots":{"index":"index","follow":"follow","max-snippet":"max-snippet:-1","max-image-preview":"max-image-preview:large","max-video-preview":"max-video-preview:-1"},"canonical":"https:\/\/www.fica.unsl.edu.ar\/index.php\/preinscripcion-on-line-se-extendio-hasta-el-14-de-marzo\/","og_locale":"es_ES","og_type":"article","og_title":"INGRESO 2025: la Preinscripci\u00f3n On-line se extendi\u00f3 hasta el  14 de marzo - Facultad de Ingenier\u00eda y Ciencias Agropecuarias","og_description":"La Secretar\u00eda Acad\u00e9mica informa a todos los ingresantes, que la instancia de Preinscripci\u00f3n On- line ha sido prorrogada hasta el viernes 14 de marzo de&hellip;","og_url":"https:\/\/www.fica.unsl.edu.ar\/index.php\/preinscripcion-on-line-se-extendio-hasta-el-14-de-marzo\/","og_site_name":"Facultad de Ingenier\u00eda y Ciencias Agropecuarias","article_publisher":"https:\/\/www.facebook.com\/FICA.UNSL\/","article_published_time":"2025-03-13T03:31:53+00:00","article_modified_time":"2025-03-19T11:33:06+00:00","og_image":[{"width":1153,"height":648,"url":"https:\/\/www.fica.unsl.edu.ar\/wp-content\/uploads\/2024\/09\/PLACA-WEB-FICA-INGRESO-2025.jpg","type":"image\/jpeg"}],"author":"DATI","twitter_card":"summary_large_image","twitter_creator":"@FICAUNSL","twitter_site":"@FICAUNSL","twitter_misc":{"Escrito por":"DATI","Tiempo de lectura":"3 minutos"},"schema":{"@context":"https:\/\/schema.org","@graph":[{"@type":"Article","@id":"https:\/\/www.fica.unsl.edu.ar\/index.php\/preinscripcion-on-line-se-extendio-hasta-el-14-de-marzo\/#article","isPartOf":{"@id":"https:\/\/www.fica.unsl.edu.ar\/index.php\/preinscripcion-on-line-se-extendio-hasta-el-14-de-marzo\/"},"author":{"name":"DATI","@id":"https:\/\/www.fica.unsl.edu.ar\/#\/schema\/person\/6058f9c66301868d3a691b1f5d6c3544"},"headline":"INGRESO 2025: la Preinscripci\u00f3n On-line se extendi\u00f3 hasta el 14 de marzo","datePublished":"2025-03-13T03:31:53+00:00","dateModified":"2025-03-19T11:33:06+00:00","mainEntityOfPage":{"@id":"https:\/\/www.fica.unsl.edu.ar\/index.php\/preinscripcion-on-line-se-extendio-hasta-el-14-de-marzo\/"},"wordCount":505,"publisher":{"@id":"https:\/\/www.fica.unsl.edu.ar\/#organization"},"image":{"@id":"https:\/\/www.fica.unsl.edu.ar\/index.php\/preinscripcion-on-line-se-extendio-hasta-el-14-de-marzo\/#primaryimage"},"thumbnailUrl":"https:\/\/www.fica.unsl.edu.ar\/wp-content\/uploads\/2024\/09\/PLACA-WEB-FICA-INGRESO-2025.jpg","articleSection":["Noticias"],"inLanguage":"es-AR"},{"@type":"WebPage","@id":"https:\/\/www.fica.unsl.edu.ar\/index.php\/preinscripcion-on-line-se-extendio-hasta-el-14-de-marzo\/","url":"https:\/\/www.fica.unsl.edu.ar\/index.php\/preinscripcion-on-line-se-extendio-hasta-el-14-de-marzo\/","name":"INGRESO 2025: la Preinscripci\u00f3n On-line se extendi\u00f3 hasta el 14 de marzo - Facultad de Ingenier\u00eda y Ciencias Agropecuarias","isPartOf":{"@id":"https:\/\/www.fica.unsl.edu.ar\/#website"},"primaryImageOfPage":{"@id":"https:\/\/www.fica.unsl.edu.ar\/index.php\/preinscripcion-on-line-se-extendio-hasta-el-14-de-marzo\/#primaryimage"},"image":{"@id":"https:\/\/www.fica.unsl.edu.ar\/index.php\/preinscripcion-on-line-se-extendio-hasta-el-14-de-marzo\/#primaryimage"},"thumbnailUrl":"https:\/\/www.fica.unsl.edu.ar\/wp-content\/uploads\/2024\/09\/PLACA-WEB-FICA-INGRESO-2025.jpg","datePublished":"2025-03-13T03:31:53+00:00","dateModified":"2025-03-19T11:33:06+00:00","inLanguage":"es-AR","potentialAction":[{"@type":"ReadAction","target":["https:\/\/www.fica.unsl.edu.ar\/index.php\/preinscripcion-on-line-se-extendio-hasta-el-14-de-marzo\/"]}]},{"@type":"ImageObject","inLanguage":"es-AR","@id":"https:\/\/www.fica.unsl.edu.ar\/index.php\/preinscripcion-on-line-se-extendio-hasta-el-14-de-marzo\/#primaryimage","url":"https:\/\/www.fica.unsl.edu.ar\/wp-content\/uploads\/2024\/09\/PLACA-WEB-FICA-INGRESO-2025.jpg","contentUrl":"https:\/\/www.fica.unsl.edu.ar\/wp-content\/uploads\/2024\/09\/PLACA-WEB-FICA-INGRESO-2025.jpg","width":1153,"height":648},{"@type":"WebSite","@id":"https:\/\/www.fica.unsl.edu.ar\/#website","url":"https:\/\/www.fica.unsl.edu.ar\/","name":"Facultad de Ingenier\u00eda y Ciencias Agropecuarias","description":"","publisher":{"@id":"https:\/\/www.fica.unsl.edu.ar\/#organization"},"potentialAction":[{"@type":"SearchAction","target":{"@type":"EntryPoint","urlTemplate":"https:\/\/www.fica.unsl.edu.ar\/?s={search_term_string}"},"query-input":{"@type":"PropertyValueSpecification","valueRequired":true,"valueName":"search_term_string"}}],"inLanguage":"es-AR"},{"@type":"Organization","@id":"https:\/\/www.fica.unsl.edu.ar\/#organization","name":"Facultad de Ingenier\u00eda y Ciencias Agropecuarias","url":"https:\/\/www.fica.unsl.edu.ar\/","logo":{"@type":"ImageObject","inLanguage":"es-AR","@id":"https:\/\/www.fica.unsl.edu.ar\/#\/schema\/logo\/image\/","url":"https:\/\/www.fica.unsl.edu.ar\/wp-content\/uploads\/2021\/03\/LOGO-1.jpg","contentUrl":"https:\/\/www.fica.unsl.edu.ar\/wp-content\/uploads\/2021\/03\/LOGO-1.jpg","width":463,"height":145,"caption":"Facultad de Ingenier\u00eda y Ciencias Agropecuarias"},"image":{"@id":"https:\/\/www.fica.unsl.edu.ar\/#\/schema\/logo\/image\/"},"sameAs":["https:\/\/www.facebook.com\/FICA.UNSL\/","https:\/\/x.com\/FICAUNSL","https:\/\/www.instagram.com\/fica.unsl\/","https:\/\/www.youtube.com\/channel\/UCs2MM53gb2PyBrMySdtWZDQ"]},{"@type":"Person","@id":"https:\/\/www.fica.unsl.edu.ar\/#\/schema\/person\/6058f9c66301868d3a691b1f5d6c3544","name":"DATI"}]}},"_links":{"self":[{"href":"https:\/\/www.fica.unsl.edu.ar\/index.php\/wp-json\/wp\/v2\/posts\/19070","targetHints":{"allow":["GET"]}}],"collection":[{"href":"https:\/\/www.fica.unsl.edu.ar\/index.php\/wp-json\/wp\/v2\/posts"}],"about":[{"href":"https:\/\/www.fica.unsl.edu.ar\/index.php\/wp-json\/wp\/v2\/types\/post"}],"author":[{"embeddable":true,"href":"https:\/\/www.fica.unsl.edu.ar\/index.php\/wp-json\/wp\/v2\/users\/9"}],"replies":[{"embeddable":true,"href":"https:\/\/www.fica.unsl.edu.ar\/index.php\/wp-json\/wp\/v2\/comments?post=19070"}],"version-history":[{"count":1,"href":"https:\/\/www.fica.unsl.edu.ar\/index.php\/wp-json\/wp\/v2\/posts\/19070\/revisions"}],"predecessor-version":[{"id":19071,"href":"https:\/\/www.fica.unsl.edu.ar\/index.php\/wp-json\/wp\/v2\/posts\/19070\/revisions\/19071"}],"wp:featuredmedia":[{"embeddable":true,"href":"https:\/\/www.fica.unsl.edu.ar\/index.php\/wp-json\/wp\/v2\/media\/18081"}],"wp:attachment":[{"href":"https:\/\/www.fica.unsl.edu.ar\/index.php\/wp-json\/wp\/v2\/media?parent=19070"}],"wp:term":[{"taxonomy":"category","embeddable":true,"href":"https:\/\/www.fica.unsl.edu.ar\/index.php\/wp-json\/wp\/v2\/categories?post=19070"},{"taxonomy":"post_tag","embeddable":true,"href":"https:\/\/www.fica.unsl.edu.ar\/index.php\/wp-json\/wp\/v2\/tags?post=19070"}],"curies":[{"name":"wp","href":"https:\/\/api.w.org\/{rel}","templated":true}]}}