{"id":19083,"date":"2025-02-24T13:18:33","date_gmt":"2025-02-24T16:18:33","guid":{"rendered":"http:\/\/10.101.10.196\/www\/?p=19083"},"modified":"2025-03-05T11:22:30","modified_gmt":"2025-03-05T14:22:30","slug":"lca-charla-sobre-carga-inalambrica-y-electromovilidad-en-la-fica","status":"publish","type":"post","link":"https:\/\/www.fica.unsl.edu.ar\/index.php\/lca-charla-sobre-carga-inalambrica-y-electromovilidad-en-la-fica\/","title":{"rendered":"LCA: Charla sobre carga inal\u00e1mbrica y electromovilidad en la FICA"},"content":{"rendered":"<p data-start=\"27\" data-end=\"322\">El <strong data-start=\"30\" data-end=\"67\">Laboratorio de Control Autom\u00e1tico<\/strong> invita a toda la comunidad universitaria de la <strong data-start=\"115\" data-end=\"123\">FICA<\/strong> a la charla de divulgaci\u00f3n <strong data-start=\"151\" data-end=\"226\">&#8220;Carga inal\u00e1mbrica: la soluci\u00f3n a los problemas de la electromovilidad&#8221;<\/strong>, a cargo del <strong data-start=\"240\" data-end=\"265\">Ing. Nicol\u00e1s Magliola<\/strong>, del <strong data-start=\"271\" data-end=\"319\">Instituto Tecnol\u00f3gico de Buenos Aires (ITBA)<\/strong>.<\/p>\n<p data-start=\"324\" data-end=\"459\">Esta charla se llevar\u00e1 a cabo el <strong data-start=\"357\" data-end=\"430\">mi\u00e9rcoles 26 de febrero, a las 11:00 h, en el Aula 139 \u201cElectricidad\u201d<\/strong>, del campus universitario. Todos los interesados en asistir a esta actividad de extensi\u00f3n universitaria, deben inscribirse de forma previa accediendo al siguiente enlace:<\/p>\n<h3 style=\"text-align: center;\" data-start=\"324\" data-end=\"459\"><span style=\"color: #0000ff;\"><strong><a style=\"color: #0000ff;\" href=\"https:\/\/docs.google.com\/forms\/d\/e\/1FAIpQLSfhOWszc2XzsrS3yqGpmrIVC82fBhME_aCgNWm83r_uODagyw\/viewform\" target=\"_blank\" rel=\"noopener\">FORMULARIO DE INSCRIPCI\u00d3N<\/a><\/strong><\/span><\/h3>\n<p data-start=\"461\" data-end=\"808\">La <strong data-start=\"464\" data-end=\"484\">electromovilidad<\/strong> es una soluci\u00f3n clave para lograr una movilidad sostenible. Sin embargo, uno de los principales obst\u00e1culos para su adopci\u00f3n masiva es el proceso de carga de los veh\u00edculos el\u00e9ctricos. En este contexto, la <strong data-start=\"689\" data-end=\"710\">carga inal\u00e1mbrica<\/strong> surge como una tecnolog\u00eda innovadora que podr\u00eda transformar el panorama de la electromovilidad.<\/p>\n<p data-start=\"810\" data-end=\"1102\">Durante la presentaci\u00f3n, se abordar\u00e1n los principios fundamentales de la carga inal\u00e1mbrica, los principales desaf\u00edos tecnol\u00f3gicos que enfrenta esta tecnolog\u00eda y los avances actuales en la <strong data-start=\"1006\" data-end=\"1056\">investigaci\u00f3n conjunta entre el ITBA y la UNSL<\/strong> para su desarrollo e implementaci\u00f3n futura.<\/p>\n<p data-start=\"1104\" data-end=\"1373\">El <strong data-start=\"1107\" data-end=\"1132\">Ing. Nicol\u00e1s Magliola<\/strong>, egresado con diploma de honor del ITBA, cuenta con m\u00e1s de <strong data-start=\"1200\" data-end=\"1226\">15 a\u00f1os de experiencia<\/strong> en el desarrollo de equipos electr\u00f3nicos y en la direcci\u00f3n de equipos de <strong data-start=\"1300\" data-end=\"1307\">I+D<\/strong> en empresas nacionales e internacionales del sector automotriz.<\/p>\n<p data-start=\"1375\" data-end=\"1687\">Desde 2016, es <strong data-start=\"1390\" data-end=\"1410\">Profesor Adjunto<\/strong> de <strong data-start=\"1414\" data-end=\"1440\">Ingenier\u00eda Electr\u00f3nica<\/strong> en el ITBA, donde dicta clases y participa en proyectos de investigaci\u00f3n y servicios tecnol\u00f3gicos para empresas. Desde 2020, realiza un <strong data-start=\"1577\" data-end=\"1649\">Doctorado en Ingenier\u00eda de Carga Inal\u00e1mbrica de Veh\u00edculos El\u00e9ctricos<\/strong> en el ITBA en conjunto con la UNSL.\u00a0En 2024, lanz\u00f3 el proyecto <strong data-start=\"1716\" data-end=\"1788\">Estaci\u00f3n de Carga Inal\u00e1mbrica Verde de Veh\u00edculos El\u00e9ctricos (ECIVVE)<\/strong>, el cual tuvo un gran impacto y difusi\u00f3n a nivel nacional.<\/p>\n<p data-start=\"1375\" data-end=\"1687\"><img fetchpriority=\"high\" decoding=\"async\" class=\"aligncenter size-full wp-image-19087\" src=\"https:\/\/www.fica.unsl.edu.ar\/wp-content\/uploads\/2025\/02\/FLYER-CARGA-INALAMBRICA.jpg\" alt=\"\" width=\"1080\" height=\"1350\" srcset=\"https:\/\/www.fica.unsl.edu.ar\/wp-content\/uploads\/2025\/02\/FLYER-CARGA-INALAMBRICA.jpg 1080w, https:\/\/www.fica.unsl.edu.ar\/wp-content\/uploads\/2025\/02\/FLYER-CARGA-INALAMBRICA-240x300.jpg 240w, https:\/\/www.fica.unsl.edu.ar\/wp-content\/uploads\/2025\/02\/FLYER-CARGA-INALAMBRICA-819x1024.jpg 819w, https:\/\/www.fica.unsl.edu.ar\/wp-content\/uploads\/2025\/02\/FLYER-CARGA-INALAMBRICA-768x960.jpg 768w\" sizes=\"(max-width: 1080px) 100vw, 1080px\" \/><\/p>\n<p data-start=\"1689\" data-end=\"1849\">\n","protected":false},"excerpt":{"rendered":"<p>El Laboratorio de Control Autom\u00e1tico invita a toda la comunidad universitaria de la FICA a la charla de divulgaci\u00f3n &#8220;Carga inal\u00e1mbrica: la soluci\u00f3n a los&hellip;<\/p>\n","protected":false},"author":9,"featured_media":19085,"comment_status":"closed","ping_status":"closed","sticky":false,"template":"","format":"standard","meta":{"_monsterinsights_skip_tracking":false,"_monsterinsights_sitenote_active":false,"_monsterinsights_sitenote_note":"","_monsterinsights_sitenote_category":0,"_joinchat":[],"footnotes":""},"categories":[19],"tags":[],"class_list":["post-19083","post","type-post","status-publish","format-standard","has-post-thumbnail","hentry","category-noticias"],"yoast_head":"<!-- This site is optimized with the Yoast SEO plugin v27.4 - https:\/\/yoast.com\/product\/yoast-seo-wordpress\/ -->\n<title>LCA: Charla sobre carga inal\u00e1mbrica y electromovilidad en la FICA - Facultad de Ingenier\u00eda y Ciencias Agropecuarias<\/title>\n<meta name=\"robots\" content=\"index, follow, max-snippet:-1, max-image-preview:large, max-video-preview:-1\" \/>\n<link rel=\"canonical\" href=\"https:\/\/www.fica.unsl.edu.ar\/index.php\/lca-charla-sobre-carga-inalambrica-y-electromovilidad-en-la-fica\/\" \/>\n<meta property=\"og:locale\" content=\"es_ES\" \/>\n<meta property=\"og:type\" content=\"article\" \/>\n<meta property=\"og:title\" content=\"LCA: Charla sobre carga inal\u00e1mbrica y electromovilidad en la FICA - Facultad de Ingenier\u00eda y Ciencias Agropecuarias\" \/>\n<meta property=\"og:description\" content=\"El Laboratorio de Control Autom\u00e1tico invita a toda la comunidad universitaria de la FICA a la charla de divulgaci\u00f3n &#8220;Carga inal\u00e1mbrica: la soluci\u00f3n a los&hellip;\" \/>\n<meta property=\"og:url\" content=\"https:\/\/www.fica.unsl.edu.ar\/index.php\/lca-charla-sobre-carga-inalambrica-y-electromovilidad-en-la-fica\/\" \/>\n<meta property=\"og:site_name\" content=\"Facultad de Ingenier\u00eda y Ciencias Agropecuarias\" \/>\n<meta property=\"article:publisher\" content=\"https:\/\/www.facebook.com\/FICA.UNSL\/\" \/>\n<meta property=\"article:published_time\" content=\"2025-02-24T16:18:33+00:00\" \/>\n<meta property=\"article:modified_time\" content=\"2025-03-05T14:22:30+00:00\" \/>\n<meta property=\"og:image\" content=\"https:\/\/www.fica.unsl.edu.ar\/wp-content\/uploads\/2025\/02\/PLACA-WEB-FICA-CARGA-INALAMBRICA.jpg\" \/>\n\t<meta property=\"og:image:width\" content=\"1153\" \/>\n\t<meta property=\"og:image:height\" content=\"648\" \/>\n\t<meta property=\"og:image:type\" content=\"image\/jpeg\" \/>\n<meta name=\"author\" content=\"DATI\" \/>\n<meta name=\"twitter:card\" content=\"summary_large_image\" \/>\n<meta name=\"twitter:creator\" content=\"@FICAUNSL\" \/>\n<meta name=\"twitter:site\" content=\"@FICAUNSL\" \/>\n<meta name=\"twitter:label1\" content=\"Escrito por\" \/>\n\t<meta name=\"twitter:data1\" content=\"DATI\" \/>\n\t<meta name=\"twitter:label2\" content=\"Tiempo de lectura\" \/>\n\t<meta name=\"twitter:data2\" content=\"2 minutos\" \/>\n<script type=\"application\/ld+json\" class=\"yoast-schema-graph\">{\"@context\":\"https:\\\/\\\/schema.org\",\"@graph\":[{\"@type\":\"Article\",\"@id\":\"https:\\\/\\\/www.fica.unsl.edu.ar\\\/index.php\\\/lca-charla-sobre-carga-inalambrica-y-electromovilidad-en-la-fica\\\/#article\",\"isPartOf\":{\"@id\":\"https:\\\/\\\/www.fica.unsl.edu.ar\\\/index.php\\\/lca-charla-sobre-carga-inalambrica-y-electromovilidad-en-la-fica\\\/\"},\"author\":{\"name\":\"DATI\",\"@id\":\"https:\\\/\\\/www.fica.unsl.edu.ar\\\/#\\\/schema\\\/person\\\/6058f9c66301868d3a691b1f5d6c3544\"},\"headline\":\"LCA: Charla sobre carga inal\u00e1mbrica y electromovilidad en la FICA\",\"datePublished\":\"2025-02-24T16:18:33+00:00\",\"dateModified\":\"2025-03-05T14:22:30+00:00\",\"mainEntityOfPage\":{\"@id\":\"https:\\\/\\\/www.fica.unsl.edu.ar\\\/index.php\\\/lca-charla-sobre-carga-inalambrica-y-electromovilidad-en-la-fica\\\/\"},\"wordCount\":338,\"publisher\":{\"@id\":\"https:\\\/\\\/www.fica.unsl.edu.ar\\\/#organization\"},\"image\":{\"@id\":\"https:\\\/\\\/www.fica.unsl.edu.ar\\\/index.php\\\/lca-charla-sobre-carga-inalambrica-y-electromovilidad-en-la-fica\\\/#primaryimage\"},\"thumbnailUrl\":\"https:\\\/\\\/www.fica.unsl.edu.ar\\\/wp-content\\\/uploads\\\/2025\\\/02\\\/PLACA-WEB-FICA-CARGA-INALAMBRICA.jpg\",\"articleSection\":[\"Noticias\"],\"inLanguage\":\"es-AR\"},{\"@type\":\"WebPage\",\"@id\":\"https:\\\/\\\/www.fica.unsl.edu.ar\\\/index.php\\\/lca-charla-sobre-carga-inalambrica-y-electromovilidad-en-la-fica\\\/\",\"url\":\"https:\\\/\\\/www.fica.unsl.edu.ar\\\/index.php\\\/lca-charla-sobre-carga-inalambrica-y-electromovilidad-en-la-fica\\\/\",\"name\":\"LCA: Charla sobre carga inal\u00e1mbrica y electromovilidad en la FICA - Facultad de Ingenier\u00eda y Ciencias Agropecuarias\",\"isPartOf\":{\"@id\":\"https:\\\/\\\/www.fica.unsl.edu.ar\\\/#website\"},\"primaryImageOfPage\":{\"@id\":\"https:\\\/\\\/www.fica.unsl.edu.ar\\\/index.php\\\/lca-charla-sobre-carga-inalambrica-y-electromovilidad-en-la-fica\\\/#primaryimage\"},\"image\":{\"@id\":\"https:\\\/\\\/www.fica.unsl.edu.ar\\\/index.php\\\/lca-charla-sobre-carga-inalambrica-y-electromovilidad-en-la-fica\\\/#primaryimage\"},\"thumbnailUrl\":\"https:\\\/\\\/www.fica.unsl.edu.ar\\\/wp-content\\\/uploads\\\/2025\\\/02\\\/PLACA-WEB-FICA-CARGA-INALAMBRICA.jpg\",\"datePublished\":\"2025-02-24T16:18:33+00:00\",\"dateModified\":\"2025-03-05T14:22:30+00:00\",\"inLanguage\":\"es-AR\",\"potentialAction\":[{\"@type\":\"ReadAction\",\"target\":[\"https:\\\/\\\/www.fica.unsl.edu.ar\\\/index.php\\\/lca-charla-sobre-carga-inalambrica-y-electromovilidad-en-la-fica\\\/\"]}]},{\"@type\":\"ImageObject\",\"inLanguage\":\"es-AR\",\"@id\":\"https:\\\/\\\/www.fica.unsl.edu.ar\\\/index.php\\\/lca-charla-sobre-carga-inalambrica-y-electromovilidad-en-la-fica\\\/#primaryimage\",\"url\":\"https:\\\/\\\/www.fica.unsl.edu.ar\\\/wp-content\\\/uploads\\\/2025\\\/02\\\/PLACA-WEB-FICA-CARGA-INALAMBRICA.jpg\",\"contentUrl\":\"https:\\\/\\\/www.fica.unsl.edu.ar\\\/wp-content\\\/uploads\\\/2025\\\/02\\\/PLACA-WEB-FICA-CARGA-INALAMBRICA.jpg\",\"width\":1153,\"height\":648},{\"@type\":\"WebSite\",\"@id\":\"https:\\\/\\\/www.fica.unsl.edu.ar\\\/#website\",\"url\":\"https:\\\/\\\/www.fica.unsl.edu.ar\\\/\",\"name\":\"Facultad de Ingenier\u00eda y Ciencias Agropecuarias\",\"description\":\"\",\"publisher\":{\"@id\":\"https:\\\/\\\/www.fica.unsl.edu.ar\\\/#organization\"},\"potentialAction\":[{\"@type\":\"SearchAction\",\"target\":{\"@type\":\"EntryPoint\",\"urlTemplate\":\"https:\\\/\\\/www.fica.unsl.edu.ar\\\/?s={search_term_string}\"},\"query-input\":{\"@type\":\"PropertyValueSpecification\",\"valueRequired\":true,\"valueName\":\"search_term_string\"}}],\"inLanguage\":\"es-AR\"},{\"@type\":\"Organization\",\"@id\":\"https:\\\/\\\/www.fica.unsl.edu.ar\\\/#organization\",\"name\":\"Facultad de Ingenier\u00eda y Ciencias Agropecuarias\",\"url\":\"https:\\\/\\\/www.fica.unsl.edu.ar\\\/\",\"logo\":{\"@type\":\"ImageObject\",\"inLanguage\":\"es-AR\",\"@id\":\"https:\\\/\\\/www.fica.unsl.edu.ar\\\/#\\\/schema\\\/logo\\\/image\\\/\",\"url\":\"https:\\\/\\\/www.fica.unsl.edu.ar\\\/wp-content\\\/uploads\\\/2021\\\/03\\\/LOGO-1.jpg\",\"contentUrl\":\"https:\\\/\\\/www.fica.unsl.edu.ar\\\/wp-content\\\/uploads\\\/2021\\\/03\\\/LOGO-1.jpg\",\"width\":463,\"height\":145,\"caption\":\"Facultad de Ingenier\u00eda y Ciencias Agropecuarias\"},\"image\":{\"@id\":\"https:\\\/\\\/www.fica.unsl.edu.ar\\\/#\\\/schema\\\/logo\\\/image\\\/\"},\"sameAs\":[\"https:\\\/\\\/www.facebook.com\\\/FICA.UNSL\\\/\",\"https:\\\/\\\/x.com\\\/FICAUNSL\",\"https:\\\/\\\/www.instagram.com\\\/fica.unsl\\\/\",\"https:\\\/\\\/www.youtube.com\\\/channel\\\/UCs2MM53gb2PyBrMySdtWZDQ\"]},{\"@type\":\"Person\",\"@id\":\"https:\\\/\\\/www.fica.unsl.edu.ar\\\/#\\\/schema\\\/person\\\/6058f9c66301868d3a691b1f5d6c3544\",\"name\":\"DATI\"}]}<\/script>\n<!-- \/ Yoast SEO plugin. -->","yoast_head_json":{"title":"LCA: Charla sobre carga inal\u00e1mbrica y electromovilidad en la FICA - Facultad de Ingenier\u00eda y Ciencias Agropecuarias","robots":{"index":"index","follow":"follow","max-snippet":"max-snippet:-1","max-image-preview":"max-image-preview:large","max-video-preview":"max-video-preview:-1"},"canonical":"https:\/\/www.fica.unsl.edu.ar\/index.php\/lca-charla-sobre-carga-inalambrica-y-electromovilidad-en-la-fica\/","og_locale":"es_ES","og_type":"article","og_title":"LCA: Charla sobre carga inal\u00e1mbrica y electromovilidad en la FICA - Facultad de Ingenier\u00eda y Ciencias Agropecuarias","og_description":"El Laboratorio de Control Autom\u00e1tico invita a toda la comunidad universitaria de la FICA a la charla de divulgaci\u00f3n &#8220;Carga inal\u00e1mbrica: la soluci\u00f3n a los&hellip;","og_url":"https:\/\/www.fica.unsl.edu.ar\/index.php\/lca-charla-sobre-carga-inalambrica-y-electromovilidad-en-la-fica\/","og_site_name":"Facultad de Ingenier\u00eda y Ciencias Agropecuarias","article_publisher":"https:\/\/www.facebook.com\/FICA.UNSL\/","article_published_time":"2025-02-24T16:18:33+00:00","article_modified_time":"2025-03-05T14:22:30+00:00","og_image":[{"width":1153,"height":648,"url":"https:\/\/www.fica.unsl.edu.ar\/wp-content\/uploads\/2025\/02\/PLACA-WEB-FICA-CARGA-INALAMBRICA.jpg","type":"image\/jpeg"}],"author":"DATI","twitter_card":"summary_large_image","twitter_creator":"@FICAUNSL","twitter_site":"@FICAUNSL","twitter_misc":{"Escrito por":"DATI","Tiempo de lectura":"2 minutos"},"schema":{"@context":"https:\/\/schema.org","@graph":[{"@type":"Article","@id":"https:\/\/www.fica.unsl.edu.ar\/index.php\/lca-charla-sobre-carga-inalambrica-y-electromovilidad-en-la-fica\/#article","isPartOf":{"@id":"https:\/\/www.fica.unsl.edu.ar\/index.php\/lca-charla-sobre-carga-inalambrica-y-electromovilidad-en-la-fica\/"},"author":{"name":"DATI","@id":"https:\/\/www.fica.unsl.edu.ar\/#\/schema\/person\/6058f9c66301868d3a691b1f5d6c3544"},"headline":"LCA: Charla sobre carga inal\u00e1mbrica y electromovilidad en la FICA","datePublished":"2025-02-24T16:18:33+00:00","dateModified":"2025-03-05T14:22:30+00:00","mainEntityOfPage":{"@id":"https:\/\/www.fica.unsl.edu.ar\/index.php\/lca-charla-sobre-carga-inalambrica-y-electromovilidad-en-la-fica\/"},"wordCount":338,"publisher":{"@id":"https:\/\/www.fica.unsl.edu.ar\/#organization"},"image":{"@id":"https:\/\/www.fica.unsl.edu.ar\/index.php\/lca-charla-sobre-carga-inalambrica-y-electromovilidad-en-la-fica\/#primaryimage"},"thumbnailUrl":"https:\/\/www.fica.unsl.edu.ar\/wp-content\/uploads\/2025\/02\/PLACA-WEB-FICA-CARGA-INALAMBRICA.jpg","articleSection":["Noticias"],"inLanguage":"es-AR"},{"@type":"WebPage","@id":"https:\/\/www.fica.unsl.edu.ar\/index.php\/lca-charla-sobre-carga-inalambrica-y-electromovilidad-en-la-fica\/","url":"https:\/\/www.fica.unsl.edu.ar\/index.php\/lca-charla-sobre-carga-inalambrica-y-electromovilidad-en-la-fica\/","name":"LCA: Charla sobre carga inal\u00e1mbrica y electromovilidad en la FICA - Facultad de Ingenier\u00eda y Ciencias Agropecuarias","isPartOf":{"@id":"https:\/\/www.fica.unsl.edu.ar\/#website"},"primaryImageOfPage":{"@id":"https:\/\/www.fica.unsl.edu.ar\/index.php\/lca-charla-sobre-carga-inalambrica-y-electromovilidad-en-la-fica\/#primaryimage"},"image":{"@id":"https:\/\/www.fica.unsl.edu.ar\/index.php\/lca-charla-sobre-carga-inalambrica-y-electromovilidad-en-la-fica\/#primaryimage"},"thumbnailUrl":"https:\/\/www.fica.unsl.edu.ar\/wp-content\/uploads\/2025\/02\/PLACA-WEB-FICA-CARGA-INALAMBRICA.jpg","datePublished":"2025-02-24T16:18:33+00:00","dateModified":"2025-03-05T14:22:30+00:00","inLanguage":"es-AR","potentialAction":[{"@type":"ReadAction","target":["https:\/\/www.fica.unsl.edu.ar\/index.php\/lca-charla-sobre-carga-inalambrica-y-electromovilidad-en-la-fica\/"]}]},{"@type":"ImageObject","inLanguage":"es-AR","@id":"https:\/\/www.fica.unsl.edu.ar\/index.php\/lca-charla-sobre-carga-inalambrica-y-electromovilidad-en-la-fica\/#primaryimage","url":"https:\/\/www.fica.unsl.edu.ar\/wp-content\/uploads\/2025\/02\/PLACA-WEB-FICA-CARGA-INALAMBRICA.jpg","contentUrl":"https:\/\/www.fica.unsl.edu.ar\/wp-content\/uploads\/2025\/02\/PLACA-WEB-FICA-CARGA-INALAMBRICA.jpg","width":1153,"height":648},{"@type":"WebSite","@id":"https:\/\/www.fica.unsl.edu.ar\/#website","url":"https:\/\/www.fica.unsl.edu.ar\/","name":"Facultad de Ingenier\u00eda y Ciencias Agropecuarias","description":"","publisher":{"@id":"https:\/\/www.fica.unsl.edu.ar\/#organization"},"potentialAction":[{"@type":"SearchAction","target":{"@type":"EntryPoint","urlTemplate":"https:\/\/www.fica.unsl.edu.ar\/?s={search_term_string}"},"query-input":{"@type":"PropertyValueSpecification","valueRequired":true,"valueName":"search_term_string"}}],"inLanguage":"es-AR"},{"@type":"Organization","@id":"https:\/\/www.fica.unsl.edu.ar\/#organization","name":"Facultad de Ingenier\u00eda y Ciencias Agropecuarias","url":"https:\/\/www.fica.unsl.edu.ar\/","logo":{"@type":"ImageObject","inLanguage":"es-AR","@id":"https:\/\/www.fica.unsl.edu.ar\/#\/schema\/logo\/image\/","url":"https:\/\/www.fica.unsl.edu.ar\/wp-content\/uploads\/2021\/03\/LOGO-1.jpg","contentUrl":"https:\/\/www.fica.unsl.edu.ar\/wp-content\/uploads\/2021\/03\/LOGO-1.jpg","width":463,"height":145,"caption":"Facultad de Ingenier\u00eda y Ciencias Agropecuarias"},"image":{"@id":"https:\/\/www.fica.unsl.edu.ar\/#\/schema\/logo\/image\/"},"sameAs":["https:\/\/www.facebook.com\/FICA.UNSL\/","https:\/\/x.com\/FICAUNSL","https:\/\/www.instagram.com\/fica.unsl\/","https:\/\/www.youtube.com\/channel\/UCs2MM53gb2PyBrMySdtWZDQ"]},{"@type":"Person","@id":"https:\/\/www.fica.unsl.edu.ar\/#\/schema\/person\/6058f9c66301868d3a691b1f5d6c3544","name":"DATI"}]}},"_links":{"self":[{"href":"https:\/\/www.fica.unsl.edu.ar\/index.php\/wp-json\/wp\/v2\/posts\/19083","targetHints":{"allow":["GET"]}}],"collection":[{"href":"https:\/\/www.fica.unsl.edu.ar\/index.php\/wp-json\/wp\/v2\/posts"}],"about":[{"href":"https:\/\/www.fica.unsl.edu.ar\/index.php\/wp-json\/wp\/v2\/types\/post"}],"author":[{"embeddable":true,"href":"https:\/\/www.fica.unsl.edu.ar\/index.php\/wp-json\/wp\/v2\/users\/9"}],"replies":[{"embeddable":true,"href":"https:\/\/www.fica.unsl.edu.ar\/index.php\/wp-json\/wp\/v2\/comments?post=19083"}],"version-history":[{"count":3,"href":"https:\/\/www.fica.unsl.edu.ar\/index.php\/wp-json\/wp\/v2\/posts\/19083\/revisions"}],"predecessor-version":[{"id":19088,"href":"https:\/\/www.fica.unsl.edu.ar\/index.php\/wp-json\/wp\/v2\/posts\/19083\/revisions\/19088"}],"wp:featuredmedia":[{"embeddable":true,"href":"https:\/\/www.fica.unsl.edu.ar\/index.php\/wp-json\/wp\/v2\/media\/19085"}],"wp:attachment":[{"href":"https:\/\/www.fica.unsl.edu.ar\/index.php\/wp-json\/wp\/v2\/media?parent=19083"}],"wp:term":[{"taxonomy":"category","embeddable":true,"href":"https:\/\/www.fica.unsl.edu.ar\/index.php\/wp-json\/wp\/v2\/categories?post=19083"},{"taxonomy":"post_tag","embeddable":true,"href":"https:\/\/www.fica.unsl.edu.ar\/index.php\/wp-json\/wp\/v2\/tags?post=19083"}],"curies":[{"name":"wp","href":"https:\/\/api.w.org\/{rel}","templated":true}]}}