{"id":19133,"date":"2025-02-26T12:32:52","date_gmt":"2025-02-26T15:32:52","guid":{"rendered":"http:\/\/10.101.10.196\/www\/?p=19133"},"modified":"2025-04-07T07:37:53","modified_gmt":"2025-04-07T10:37:53","slug":"se-aproximan-las-inscripciones-para-mayores-de-25-con-secundario-incompleto","status":"publish","type":"post","link":"https:\/\/www.fica.unsl.edu.ar\/index.php\/se-aproximan-las-inscripciones-para-mayores-de-25-con-secundario-incompleto\/","title":{"rendered":"Se aproximan las inscripciones para mayores de 25 con secundario incompleto"},"content":{"rendered":"<p><strong>Del 5 al 31 de marzo estar\u00e1 habilitado el\u00a0<a href=\"https:\/\/docs.google.com\/forms\/d\/e\/1FAIpQLSdG1-N9Fshk0BOYTDK41TXgHvwOPjvJFWBOPT9EsfxCmB6rFw\/viewform\">formulario de preinscripci\u00f3n<\/a>. Quienes se anoten, deber\u00e1n superar ex\u00e1menes de comprensi\u00f3n de textos y expresi\u00f3n escrita, y de resoluci\u00f3n de problemas.<\/strong><\/p>\n<p>A diferencia de a\u00f1os anteriores, el ingreso por art\u00edculo 7\u00b0 de la Ley de Educaci\u00f3n Superior (que establece que personas mayores de 25 a\u00f1os sin secundario completo puedan acceder a la Universidad) se realizar\u00e1 de forma anticipada en el mes de marzo. Esto se debe a que si las Facultades comienzan con los m\u00f3dulos de ingreso en el segundo cuatrimestre, las personas que se inscriban y hagan los trayectos, tengan la posibilidad de poder sumarse a los mismos.<\/p>\n<p>Una vez realizado el registro, se los\/as sumar\u00e1 a un grupo de WhatsApp informativo. Durante la primera semana de abril, desde Secretar\u00eda Acad\u00e9mica se corroborar\u00e1 que se haya realizado la preinscripci\u00f3n de forma correcta y se comunicar\u00e1n con los\/as postulantes en caso de ser necesario.<\/p>\n<p>El viernes 4 de abril, se realizar\u00e1 la reuni\u00f3n virtual de bienvenida y el lunes 7 de abril, comenzar\u00e1n los trayectos de acompa\u00f1amiento de comprensi\u00f3n de textos y expresi\u00f3n escrita, y de resoluci\u00f3n de problemas.<\/p>\n<p><em>\u00abHasta el momento hay 70\/80 interesados, con quienes nos estamos manteniendo en contacto (\u2026) El a\u00f1o pasado tuvimos cerca de 50 personas aprobadas, un n\u00famero que nos sorprendi\u00f3 y que est\u00e9n interesadas tantas personas desde ya, es muy importante\u00bb<\/em>, explic\u00f3 el subsecretario Acad\u00e9mico, Mgtr. Guido Fern\u00e1ndez Marinone.<\/p>\n<p>Para inscribirse, deber\u00e1n presentar una copia del DNI en una misma hoja, completar los datos de la carrera que quieran estudiar y un comprobante de secundaria incompleto.<\/p>\n<p><em>\u00abEstamos para acompa\u00f1arlos, para estar al lado en este camino. Los invitamos a que vengan a estudiar con nosotros\u00bb<\/em>, finaliz\u00f3 el Subsecretario.<\/p>\n<p><strong>Cronograma de actividades<\/strong><\/p>\n<ul>\n<li><strong>Inscripci\u00f3n de aspirantes mediante formulario online:<\/strong>\u00a0del 5 al 31 de marzo.<\/li>\n<li><strong>Reuni\u00f3n informativa (modalidad virtual):<\/strong>\u00a04 de abril.<\/li>\n<li><strong>Trayecto de acompa\u00f1amiento (modalidad virtual):<\/strong>\u00a0del 7 de abril al 30 de mayo.<\/li>\n<li><strong>Primer per\u00edodo de consultas (modalidad virtual):\u00a0<\/strong>del 2 al 6 de junio.<br \/>\n\u2013 Evaluaci\u00f3n comprensi\u00f3n de textos y expresi\u00f3n escrita: 9 de junio.<br \/>\n\u2013 Evaluaci\u00f3n resoluci\u00f3n de problemas: 12 de junio.<\/li>\n<li><strong>Segundo per\u00edodo de consultas (modalidad virtual):<\/strong>\u00a016 al 20 de junio.<\/li>\n<li><strong>Recuperaciones de ex\u00e1menes (modalidad presencial):<\/strong><br \/>\n\u2013 Comprensi\u00f3n de textos y expresi\u00f3n escrita: 23 de junio.<br \/>\n\u2013 Resoluci\u00f3n de problemas: 26 de junio.<\/li>\n<li><strong>Publicaci\u00f3n de los resultados:<\/strong><br \/>\n\u2013 Primer examen: 16 de junio.<br \/>\n\u2013 Recuperaciones: 30 de junio.<\/li>\n<\/ul>\n<p>Las\/os interesadas\/os en inscribirse, podr\u00e1n hacerlo a trav\u00e9s del siguiente\u00a0<a href=\"https:\/\/docs.google.com\/forms\/d\/e\/1FAIpQLSdG1-N9Fshk0BOYTDK41TXgHvwOPjvJFWBOPT9EsfxCmB6rFw\/viewform\">formulario web<\/a>. Ante cualquier duda o consulta, comunicarse al email:\u00a0<a href=\"mailto:mayores.25.unsl@gmail.com\">mayores.25.unsl@gmail.com<\/a><\/p>\n","protected":false},"excerpt":{"rendered":"<p>Del 5 al 31 de marzo estar\u00e1 habilitado el\u00a0formulario de preinscripci\u00f3n. Quienes se anoten, deber\u00e1n superar ex\u00e1menes de comprensi\u00f3n de textos y expresi\u00f3n escrita, y&hellip;<\/p>\n","protected":false},"author":9,"featured_media":19134,"comment_status":"closed","ping_status":"closed","sticky":false,"template":"","format":"standard","meta":{"_monsterinsights_skip_tracking":false,"_monsterinsights_sitenote_active":false,"_monsterinsights_sitenote_note":"","_monsterinsights_sitenote_category":0,"_joinchat":[],"footnotes":""},"categories":[19],"tags":[],"class_list":["post-19133","post","type-post","status-publish","format-standard","has-post-thumbnail","hentry","category-noticias"],"yoast_head":"<!-- This site is optimized with the Yoast SEO plugin v27.4 - https:\/\/yoast.com\/product\/yoast-seo-wordpress\/ -->\n<title>Se aproximan las inscripciones para mayores de 25 con secundario incompleto - Facultad de Ingenier\u00eda y Ciencias Agropecuarias<\/title>\n<meta name=\"robots\" content=\"index, follow, max-snippet:-1, max-image-preview:large, max-video-preview:-1\" \/>\n<link rel=\"canonical\" href=\"https:\/\/www.fica.unsl.edu.ar\/index.php\/se-aproximan-las-inscripciones-para-mayores-de-25-con-secundario-incompleto\/\" \/>\n<meta property=\"og:locale\" content=\"es_ES\" \/>\n<meta property=\"og:type\" content=\"article\" \/>\n<meta property=\"og:title\" content=\"Se aproximan las inscripciones para mayores de 25 con secundario incompleto - Facultad de Ingenier\u00eda y Ciencias Agropecuarias\" \/>\n<meta property=\"og:description\" content=\"Del 5 al 31 de marzo estar\u00e1 habilitado el\u00a0formulario de preinscripci\u00f3n. Quienes se anoten, deber\u00e1n superar ex\u00e1menes de comprensi\u00f3n de textos y expresi\u00f3n escrita, y&hellip;\" \/>\n<meta property=\"og:url\" content=\"https:\/\/www.fica.unsl.edu.ar\/index.php\/se-aproximan-las-inscripciones-para-mayores-de-25-con-secundario-incompleto\/\" \/>\n<meta property=\"og:site_name\" content=\"Facultad de Ingenier\u00eda y Ciencias Agropecuarias\" \/>\n<meta property=\"article:publisher\" content=\"https:\/\/www.facebook.com\/FICA.UNSL\/\" \/>\n<meta property=\"article:published_time\" content=\"2025-02-26T15:32:52+00:00\" \/>\n<meta property=\"article:modified_time\" content=\"2025-04-07T10:37:53+00:00\" \/>\n<meta property=\"og:image\" content=\"https:\/\/www.fica.unsl.edu.ar\/wp-content\/uploads\/2025\/02\/20241119-Fachada-UNSL-2.jpg\" \/>\n\t<meta property=\"og:image:width\" content=\"1000\" \/>\n\t<meta property=\"og:image:height\" content=\"667\" \/>\n\t<meta property=\"og:image:type\" content=\"image\/jpeg\" \/>\n<meta name=\"author\" content=\"DATI\" \/>\n<meta name=\"twitter:card\" content=\"summary_large_image\" \/>\n<meta name=\"twitter:creator\" content=\"@FICAUNSL\" \/>\n<meta name=\"twitter:site\" content=\"@FICAUNSL\" \/>\n<meta name=\"twitter:label1\" content=\"Escrito por\" \/>\n\t<meta name=\"twitter:data1\" content=\"DATI\" \/>\n\t<meta name=\"twitter:label2\" content=\"Tiempo de lectura\" \/>\n\t<meta name=\"twitter:data2\" content=\"2 minutos\" \/>\n<script type=\"application\/ld+json\" class=\"yoast-schema-graph\">{\"@context\":\"https:\\\/\\\/schema.org\",\"@graph\":[{\"@type\":\"Article\",\"@id\":\"https:\\\/\\\/www.fica.unsl.edu.ar\\\/index.php\\\/se-aproximan-las-inscripciones-para-mayores-de-25-con-secundario-incompleto\\\/#article\",\"isPartOf\":{\"@id\":\"https:\\\/\\\/www.fica.unsl.edu.ar\\\/index.php\\\/se-aproximan-las-inscripciones-para-mayores-de-25-con-secundario-incompleto\\\/\"},\"author\":{\"name\":\"DATI\",\"@id\":\"https:\\\/\\\/www.fica.unsl.edu.ar\\\/#\\\/schema\\\/person\\\/6058f9c66301868d3a691b1f5d6c3544\"},\"headline\":\"Se aproximan las inscripciones para mayores de 25 con secundario incompleto\",\"datePublished\":\"2025-02-26T15:32:52+00:00\",\"dateModified\":\"2025-04-07T10:37:53+00:00\",\"mainEntityOfPage\":{\"@id\":\"https:\\\/\\\/www.fica.unsl.edu.ar\\\/index.php\\\/se-aproximan-las-inscripciones-para-mayores-de-25-con-secundario-incompleto\\\/\"},\"wordCount\":451,\"publisher\":{\"@id\":\"https:\\\/\\\/www.fica.unsl.edu.ar\\\/#organization\"},\"image\":{\"@id\":\"https:\\\/\\\/www.fica.unsl.edu.ar\\\/index.php\\\/se-aproximan-las-inscripciones-para-mayores-de-25-con-secundario-incompleto\\\/#primaryimage\"},\"thumbnailUrl\":\"https:\\\/\\\/www.fica.unsl.edu.ar\\\/wp-content\\\/uploads\\\/2025\\\/02\\\/20241119-Fachada-UNSL-2.jpg\",\"articleSection\":[\"Noticias\"],\"inLanguage\":\"es-AR\"},{\"@type\":\"WebPage\",\"@id\":\"https:\\\/\\\/www.fica.unsl.edu.ar\\\/index.php\\\/se-aproximan-las-inscripciones-para-mayores-de-25-con-secundario-incompleto\\\/\",\"url\":\"https:\\\/\\\/www.fica.unsl.edu.ar\\\/index.php\\\/se-aproximan-las-inscripciones-para-mayores-de-25-con-secundario-incompleto\\\/\",\"name\":\"Se aproximan las inscripciones para mayores de 25 con secundario incompleto - Facultad de Ingenier\u00eda y Ciencias Agropecuarias\",\"isPartOf\":{\"@id\":\"https:\\\/\\\/www.fica.unsl.edu.ar\\\/#website\"},\"primaryImageOfPage\":{\"@id\":\"https:\\\/\\\/www.fica.unsl.edu.ar\\\/index.php\\\/se-aproximan-las-inscripciones-para-mayores-de-25-con-secundario-incompleto\\\/#primaryimage\"},\"image\":{\"@id\":\"https:\\\/\\\/www.fica.unsl.edu.ar\\\/index.php\\\/se-aproximan-las-inscripciones-para-mayores-de-25-con-secundario-incompleto\\\/#primaryimage\"},\"thumbnailUrl\":\"https:\\\/\\\/www.fica.unsl.edu.ar\\\/wp-content\\\/uploads\\\/2025\\\/02\\\/20241119-Fachada-UNSL-2.jpg\",\"datePublished\":\"2025-02-26T15:32:52+00:00\",\"dateModified\":\"2025-04-07T10:37:53+00:00\",\"inLanguage\":\"es-AR\",\"potentialAction\":[{\"@type\":\"ReadAction\",\"target\":[\"https:\\\/\\\/www.fica.unsl.edu.ar\\\/index.php\\\/se-aproximan-las-inscripciones-para-mayores-de-25-con-secundario-incompleto\\\/\"]}]},{\"@type\":\"ImageObject\",\"inLanguage\":\"es-AR\",\"@id\":\"https:\\\/\\\/www.fica.unsl.edu.ar\\\/index.php\\\/se-aproximan-las-inscripciones-para-mayores-de-25-con-secundario-incompleto\\\/#primaryimage\",\"url\":\"https:\\\/\\\/www.fica.unsl.edu.ar\\\/wp-content\\\/uploads\\\/2025\\\/02\\\/20241119-Fachada-UNSL-2.jpg\",\"contentUrl\":\"https:\\\/\\\/www.fica.unsl.edu.ar\\\/wp-content\\\/uploads\\\/2025\\\/02\\\/20241119-Fachada-UNSL-2.jpg\",\"width\":1000,\"height\":667},{\"@type\":\"WebSite\",\"@id\":\"https:\\\/\\\/www.fica.unsl.edu.ar\\\/#website\",\"url\":\"https:\\\/\\\/www.fica.unsl.edu.ar\\\/\",\"name\":\"Facultad de Ingenier\u00eda y Ciencias Agropecuarias\",\"description\":\"\",\"publisher\":{\"@id\":\"https:\\\/\\\/www.fica.unsl.edu.ar\\\/#organization\"},\"potentialAction\":[{\"@type\":\"SearchAction\",\"target\":{\"@type\":\"EntryPoint\",\"urlTemplate\":\"https:\\\/\\\/www.fica.unsl.edu.ar\\\/?s={search_term_string}\"},\"query-input\":{\"@type\":\"PropertyValueSpecification\",\"valueRequired\":true,\"valueName\":\"search_term_string\"}}],\"inLanguage\":\"es-AR\"},{\"@type\":\"Organization\",\"@id\":\"https:\\\/\\\/www.fica.unsl.edu.ar\\\/#organization\",\"name\":\"Facultad de Ingenier\u00eda y Ciencias Agropecuarias\",\"url\":\"https:\\\/\\\/www.fica.unsl.edu.ar\\\/\",\"logo\":{\"@type\":\"ImageObject\",\"inLanguage\":\"es-AR\",\"@id\":\"https:\\\/\\\/www.fica.unsl.edu.ar\\\/#\\\/schema\\\/logo\\\/image\\\/\",\"url\":\"https:\\\/\\\/www.fica.unsl.edu.ar\\\/wp-content\\\/uploads\\\/2021\\\/03\\\/LOGO-1.jpg\",\"contentUrl\":\"https:\\\/\\\/www.fica.unsl.edu.ar\\\/wp-content\\\/uploads\\\/2021\\\/03\\\/LOGO-1.jpg\",\"width\":463,\"height\":145,\"caption\":\"Facultad de Ingenier\u00eda y Ciencias Agropecuarias\"},\"image\":{\"@id\":\"https:\\\/\\\/www.fica.unsl.edu.ar\\\/#\\\/schema\\\/logo\\\/image\\\/\"},\"sameAs\":[\"https:\\\/\\\/www.facebook.com\\\/FICA.UNSL\\\/\",\"https:\\\/\\\/x.com\\\/FICAUNSL\",\"https:\\\/\\\/www.instagram.com\\\/fica.unsl\\\/\",\"https:\\\/\\\/www.youtube.com\\\/channel\\\/UCs2MM53gb2PyBrMySdtWZDQ\"]},{\"@type\":\"Person\",\"@id\":\"https:\\\/\\\/www.fica.unsl.edu.ar\\\/#\\\/schema\\\/person\\\/6058f9c66301868d3a691b1f5d6c3544\",\"name\":\"DATI\"}]}<\/script>\n<!-- \/ Yoast SEO plugin. -->","yoast_head_json":{"title":"Se aproximan las inscripciones para mayores de 25 con secundario incompleto - Facultad de Ingenier\u00eda y Ciencias Agropecuarias","robots":{"index":"index","follow":"follow","max-snippet":"max-snippet:-1","max-image-preview":"max-image-preview:large","max-video-preview":"max-video-preview:-1"},"canonical":"https:\/\/www.fica.unsl.edu.ar\/index.php\/se-aproximan-las-inscripciones-para-mayores-de-25-con-secundario-incompleto\/","og_locale":"es_ES","og_type":"article","og_title":"Se aproximan las inscripciones para mayores de 25 con secundario incompleto - Facultad de Ingenier\u00eda y Ciencias Agropecuarias","og_description":"Del 5 al 31 de marzo estar\u00e1 habilitado el\u00a0formulario de preinscripci\u00f3n. Quienes se anoten, deber\u00e1n superar ex\u00e1menes de comprensi\u00f3n de textos y expresi\u00f3n escrita, y&hellip;","og_url":"https:\/\/www.fica.unsl.edu.ar\/index.php\/se-aproximan-las-inscripciones-para-mayores-de-25-con-secundario-incompleto\/","og_site_name":"Facultad de Ingenier\u00eda y Ciencias Agropecuarias","article_publisher":"https:\/\/www.facebook.com\/FICA.UNSL\/","article_published_time":"2025-02-26T15:32:52+00:00","article_modified_time":"2025-04-07T10:37:53+00:00","og_image":[{"width":1000,"height":667,"url":"https:\/\/www.fica.unsl.edu.ar\/wp-content\/uploads\/2025\/02\/20241119-Fachada-UNSL-2.jpg","type":"image\/jpeg"}],"author":"DATI","twitter_card":"summary_large_image","twitter_creator":"@FICAUNSL","twitter_site":"@FICAUNSL","twitter_misc":{"Escrito por":"DATI","Tiempo de lectura":"2 minutos"},"schema":{"@context":"https:\/\/schema.org","@graph":[{"@type":"Article","@id":"https:\/\/www.fica.unsl.edu.ar\/index.php\/se-aproximan-las-inscripciones-para-mayores-de-25-con-secundario-incompleto\/#article","isPartOf":{"@id":"https:\/\/www.fica.unsl.edu.ar\/index.php\/se-aproximan-las-inscripciones-para-mayores-de-25-con-secundario-incompleto\/"},"author":{"name":"DATI","@id":"https:\/\/www.fica.unsl.edu.ar\/#\/schema\/person\/6058f9c66301868d3a691b1f5d6c3544"},"headline":"Se aproximan las inscripciones para mayores de 25 con secundario incompleto","datePublished":"2025-02-26T15:32:52+00:00","dateModified":"2025-04-07T10:37:53+00:00","mainEntityOfPage":{"@id":"https:\/\/www.fica.unsl.edu.ar\/index.php\/se-aproximan-las-inscripciones-para-mayores-de-25-con-secundario-incompleto\/"},"wordCount":451,"publisher":{"@id":"https:\/\/www.fica.unsl.edu.ar\/#organization"},"image":{"@id":"https:\/\/www.fica.unsl.edu.ar\/index.php\/se-aproximan-las-inscripciones-para-mayores-de-25-con-secundario-incompleto\/#primaryimage"},"thumbnailUrl":"https:\/\/www.fica.unsl.edu.ar\/wp-content\/uploads\/2025\/02\/20241119-Fachada-UNSL-2.jpg","articleSection":["Noticias"],"inLanguage":"es-AR"},{"@type":"WebPage","@id":"https:\/\/www.fica.unsl.edu.ar\/index.php\/se-aproximan-las-inscripciones-para-mayores-de-25-con-secundario-incompleto\/","url":"https:\/\/www.fica.unsl.edu.ar\/index.php\/se-aproximan-las-inscripciones-para-mayores-de-25-con-secundario-incompleto\/","name":"Se aproximan las inscripciones para mayores de 25 con secundario incompleto - Facultad de Ingenier\u00eda y Ciencias Agropecuarias","isPartOf":{"@id":"https:\/\/www.fica.unsl.edu.ar\/#website"},"primaryImageOfPage":{"@id":"https:\/\/www.fica.unsl.edu.ar\/index.php\/se-aproximan-las-inscripciones-para-mayores-de-25-con-secundario-incompleto\/#primaryimage"},"image":{"@id":"https:\/\/www.fica.unsl.edu.ar\/index.php\/se-aproximan-las-inscripciones-para-mayores-de-25-con-secundario-incompleto\/#primaryimage"},"thumbnailUrl":"https:\/\/www.fica.unsl.edu.ar\/wp-content\/uploads\/2025\/02\/20241119-Fachada-UNSL-2.jpg","datePublished":"2025-02-26T15:32:52+00:00","dateModified":"2025-04-07T10:37:53+00:00","inLanguage":"es-AR","potentialAction":[{"@type":"ReadAction","target":["https:\/\/www.fica.unsl.edu.ar\/index.php\/se-aproximan-las-inscripciones-para-mayores-de-25-con-secundario-incompleto\/"]}]},{"@type":"ImageObject","inLanguage":"es-AR","@id":"https:\/\/www.fica.unsl.edu.ar\/index.php\/se-aproximan-las-inscripciones-para-mayores-de-25-con-secundario-incompleto\/#primaryimage","url":"https:\/\/www.fica.unsl.edu.ar\/wp-content\/uploads\/2025\/02\/20241119-Fachada-UNSL-2.jpg","contentUrl":"https:\/\/www.fica.unsl.edu.ar\/wp-content\/uploads\/2025\/02\/20241119-Fachada-UNSL-2.jpg","width":1000,"height":667},{"@type":"WebSite","@id":"https:\/\/www.fica.unsl.edu.ar\/#website","url":"https:\/\/www.fica.unsl.edu.ar\/","name":"Facultad de Ingenier\u00eda y Ciencias Agropecuarias","description":"","publisher":{"@id":"https:\/\/www.fica.unsl.edu.ar\/#organization"},"potentialAction":[{"@type":"SearchAction","target":{"@type":"EntryPoint","urlTemplate":"https:\/\/www.fica.unsl.edu.ar\/?s={search_term_string}"},"query-input":{"@type":"PropertyValueSpecification","valueRequired":true,"valueName":"search_term_string"}}],"inLanguage":"es-AR"},{"@type":"Organization","@id":"https:\/\/www.fica.unsl.edu.ar\/#organization","name":"Facultad de Ingenier\u00eda y Ciencias Agropecuarias","url":"https:\/\/www.fica.unsl.edu.ar\/","logo":{"@type":"ImageObject","inLanguage":"es-AR","@id":"https:\/\/www.fica.unsl.edu.ar\/#\/schema\/logo\/image\/","url":"https:\/\/www.fica.unsl.edu.ar\/wp-content\/uploads\/2021\/03\/LOGO-1.jpg","contentUrl":"https:\/\/www.fica.unsl.edu.ar\/wp-content\/uploads\/2021\/03\/LOGO-1.jpg","width":463,"height":145,"caption":"Facultad de Ingenier\u00eda y Ciencias Agropecuarias"},"image":{"@id":"https:\/\/www.fica.unsl.edu.ar\/#\/schema\/logo\/image\/"},"sameAs":["https:\/\/www.facebook.com\/FICA.UNSL\/","https:\/\/x.com\/FICAUNSL","https:\/\/www.instagram.com\/fica.unsl\/","https:\/\/www.youtube.com\/channel\/UCs2MM53gb2PyBrMySdtWZDQ"]},{"@type":"Person","@id":"https:\/\/www.fica.unsl.edu.ar\/#\/schema\/person\/6058f9c66301868d3a691b1f5d6c3544","name":"DATI"}]}},"_links":{"self":[{"href":"https:\/\/www.fica.unsl.edu.ar\/index.php\/wp-json\/wp\/v2\/posts\/19133","targetHints":{"allow":["GET"]}}],"collection":[{"href":"https:\/\/www.fica.unsl.edu.ar\/index.php\/wp-json\/wp\/v2\/posts"}],"about":[{"href":"https:\/\/www.fica.unsl.edu.ar\/index.php\/wp-json\/wp\/v2\/types\/post"}],"author":[{"embeddable":true,"href":"https:\/\/www.fica.unsl.edu.ar\/index.php\/wp-json\/wp\/v2\/users\/9"}],"replies":[{"embeddable":true,"href":"https:\/\/www.fica.unsl.edu.ar\/index.php\/wp-json\/wp\/v2\/comments?post=19133"}],"version-history":[{"count":1,"href":"https:\/\/www.fica.unsl.edu.ar\/index.php\/wp-json\/wp\/v2\/posts\/19133\/revisions"}],"predecessor-version":[{"id":19135,"href":"https:\/\/www.fica.unsl.edu.ar\/index.php\/wp-json\/wp\/v2\/posts\/19133\/revisions\/19135"}],"wp:featuredmedia":[{"embeddable":true,"href":"https:\/\/www.fica.unsl.edu.ar\/index.php\/wp-json\/wp\/v2\/media\/19134"}],"wp:attachment":[{"href":"https:\/\/www.fica.unsl.edu.ar\/index.php\/wp-json\/wp\/v2\/media?parent=19133"}],"wp:term":[{"taxonomy":"category","embeddable":true,"href":"https:\/\/www.fica.unsl.edu.ar\/index.php\/wp-json\/wp\/v2\/categories?post=19133"},{"taxonomy":"post_tag","embeddable":true,"href":"https:\/\/www.fica.unsl.edu.ar\/index.php\/wp-json\/wp\/v2\/tags?post=19133"}],"curies":[{"name":"wp","href":"https:\/\/api.w.org\/{rel}","templated":true}]}}