{"id":19221,"date":"2025-02-28T11:58:25","date_gmt":"2025-02-28T14:58:25","guid":{"rendered":"http:\/\/10.101.10.196\/www\/?p=19221"},"modified":"2025-03-05T11:22:24","modified_gmt":"2025-03-05T14:22:24","slug":"pronunciamiento-de-repudio-de-la-coordinacion-de-ddhh-y-el-programa-universidad-y-discapacidad","status":"publish","type":"post","link":"https:\/\/www.fica.unsl.edu.ar\/index.php\/pronunciamiento-de-repudio-de-la-coordinacion-de-ddhh-y-el-programa-universidad-y-discapacidad\/","title":{"rendered":"Pronunciamiento de repudio de la Coordinacion de DDHH y el Programa Universidad y Discapacidad"},"content":{"rendered":"<p>La Coordinaci\u00f3n Institucional de Derechos Humanos y el Programa Universidad y Discapacidad de la Universidad Nacional de San Luis expresan su m\u00e1s en\u00e9rgico repudio a la Resoluci\u00f3n 187\/2025 publicada en el Bolet\u00edn Oficial, que establece un baremo para la evaluaci\u00f3n m\u00e9dica de invalidez para las Pensiones no Contributivas por Invalidez Laboral.<\/p>\n<p>Esta resoluci\u00f3n emplea t\u00e9rminos como &#8220;idiota&#8221; , &#8220;imb\u00e9cil&#8221; y &#8220;retardo mental&#8221; para clasificar a las personas con discapacidad intelectual, un lenguaje inadmisible que perpet\u00faa la estigmatizaci\u00f3n y la discriminaci\u00f3n. En lugar de garantizar derechos, refuerza las barreras que atentan contra la dignidad y la inclusi\u00f3n de las personas con discapacidad.<\/p>\n<p>La falta de acceso a la educaci\u00f3n, el empleo y la salud es un problema estructural que afecta a las personas con discapacidad. Medidas como esta profundizan la exclusi\u00f3n y contradicen los principios de equidad y justicia social.<\/p>\n<p>La Convenci\u00f3n sobre los Derechos de las Personas con Discapacidad, ratificada por Argentina en 2008, obliga a los Estados a garantizar la igualdad de oportunidades y la no discriminaci\u00f3n. La Resoluci\u00f3n 187\/2025 constituye un incumplimiento de estos compromisos internacionales y un retroceso en la construcci\u00f3n de pol\u00edticas p\u00fablicas inclusivas.<\/p>\n<p>Resulta inaceptable que esta normativa haya sido emitida por la Agencia Nacional de Discapacidad (ANDIS), organismo que deber\u00eda velar por la promoci\u00f3n y protecci\u00f3n de los derechos de las personas con discapacidad.<\/p>\n<p>La Universidad Nacional de San Luis reafirma su compromiso con la defensa de los derechos humanos y rechaza cualquier medida que margine o discrimine a las personas con discapacidad. Continuaremos trabajando para exigir pol\u00edticas que garanticen el respeto, la equidad y la inclusi\u00f3n.<\/p>\n","protected":false},"excerpt":{"rendered":"<p>La Coordinaci\u00f3n Institucional de Derechos Humanos y el Programa Universidad y Discapacidad de la Universidad Nacional de San Luis expresan su m\u00e1s en\u00e9rgico repudio a&hellip;<\/p>\n","protected":false},"author":9,"featured_media":19222,"comment_status":"closed","ping_status":"closed","sticky":false,"template":"","format":"standard","meta":{"_monsterinsights_skip_tracking":false,"_monsterinsights_sitenote_active":false,"_monsterinsights_sitenote_note":"","_monsterinsights_sitenote_category":0,"_joinchat":[],"footnotes":""},"categories":[19],"tags":[],"class_list":["post-19221","post","type-post","status-publish","format-standard","has-post-thumbnail","hentry","category-noticias"],"yoast_head":"<!-- This site is optimized with the Yoast SEO plugin v27.4 - https:\/\/yoast.com\/product\/yoast-seo-wordpress\/ -->\n<title>Pronunciamiento de repudio de la Coordinacion de DDHH y el Programa Universidad y Discapacidad - Facultad de Ingenier\u00eda y Ciencias Agropecuarias<\/title>\n<meta name=\"robots\" content=\"index, follow, max-snippet:-1, max-image-preview:large, max-video-preview:-1\" \/>\n<link rel=\"canonical\" href=\"https:\/\/www.fica.unsl.edu.ar\/index.php\/pronunciamiento-de-repudio-de-la-coordinacion-de-ddhh-y-el-programa-universidad-y-discapacidad\/\" \/>\n<meta property=\"og:locale\" content=\"es_ES\" \/>\n<meta property=\"og:type\" content=\"article\" \/>\n<meta property=\"og:title\" content=\"Pronunciamiento de repudio de la Coordinacion de DDHH y el Programa Universidad y Discapacidad - Facultad de Ingenier\u00eda y Ciencias Agropecuarias\" \/>\n<meta property=\"og:description\" content=\"La Coordinaci\u00f3n Institucional de Derechos Humanos y el Programa Universidad y Discapacidad de la Universidad Nacional de San Luis expresan su m\u00e1s en\u00e9rgico repudio a&hellip;\" \/>\n<meta property=\"og:url\" content=\"https:\/\/www.fica.unsl.edu.ar\/index.php\/pronunciamiento-de-repudio-de-la-coordinacion-de-ddhh-y-el-programa-universidad-y-discapacidad\/\" \/>\n<meta property=\"og:site_name\" content=\"Facultad de Ingenier\u00eda y Ciencias Agropecuarias\" \/>\n<meta property=\"article:publisher\" content=\"https:\/\/www.facebook.com\/FICA.UNSL\/\" \/>\n<meta property=\"article:published_time\" content=\"2025-02-28T14:58:25+00:00\" \/>\n<meta property=\"article:modified_time\" content=\"2025-03-05T14:22:24+00:00\" \/>\n<meta property=\"og:image\" content=\"https:\/\/www.fica.unsl.edu.ar\/wp-content\/uploads\/2025\/02\/andis.jpg\" \/>\n\t<meta property=\"og:image:width\" content=\"1061\" \/>\n\t<meta property=\"og:image:height\" content=\"585\" \/>\n\t<meta property=\"og:image:type\" content=\"image\/jpeg\" \/>\n<meta name=\"author\" content=\"DATI\" \/>\n<meta name=\"twitter:card\" content=\"summary_large_image\" \/>\n<meta name=\"twitter:creator\" content=\"@FICAUNSL\" \/>\n<meta name=\"twitter:site\" content=\"@FICAUNSL\" \/>\n<meta name=\"twitter:label1\" content=\"Escrito por\" \/>\n\t<meta name=\"twitter:data1\" content=\"DATI\" \/>\n\t<meta name=\"twitter:label2\" content=\"Tiempo de lectura\" \/>\n\t<meta name=\"twitter:data2\" content=\"2 minutos\" \/>\n<script type=\"application\/ld+json\" class=\"yoast-schema-graph\">{\"@context\":\"https:\\\/\\\/schema.org\",\"@graph\":[{\"@type\":\"Article\",\"@id\":\"https:\\\/\\\/www.fica.unsl.edu.ar\\\/index.php\\\/pronunciamiento-de-repudio-de-la-coordinacion-de-ddhh-y-el-programa-universidad-y-discapacidad\\\/#article\",\"isPartOf\":{\"@id\":\"https:\\\/\\\/www.fica.unsl.edu.ar\\\/index.php\\\/pronunciamiento-de-repudio-de-la-coordinacion-de-ddhh-y-el-programa-universidad-y-discapacidad\\\/\"},\"author\":{\"name\":\"DATI\",\"@id\":\"https:\\\/\\\/www.fica.unsl.edu.ar\\\/#\\\/schema\\\/person\\\/6058f9c66301868d3a691b1f5d6c3544\"},\"headline\":\"Pronunciamiento de repudio de la Coordinacion de DDHH y el Programa Universidad y Discapacidad\",\"datePublished\":\"2025-02-28T14:58:25+00:00\",\"dateModified\":\"2025-03-05T14:22:24+00:00\",\"mainEntityOfPage\":{\"@id\":\"https:\\\/\\\/www.fica.unsl.edu.ar\\\/index.php\\\/pronunciamiento-de-repudio-de-la-coordinacion-de-ddhh-y-el-programa-universidad-y-discapacidad\\\/\"},\"wordCount\":300,\"publisher\":{\"@id\":\"https:\\\/\\\/www.fica.unsl.edu.ar\\\/#organization\"},\"image\":{\"@id\":\"https:\\\/\\\/www.fica.unsl.edu.ar\\\/index.php\\\/pronunciamiento-de-repudio-de-la-coordinacion-de-ddhh-y-el-programa-universidad-y-discapacidad\\\/#primaryimage\"},\"thumbnailUrl\":\"https:\\\/\\\/www.fica.unsl.edu.ar\\\/wp-content\\\/uploads\\\/2025\\\/02\\\/andis.jpg\",\"articleSection\":[\"Noticias\"],\"inLanguage\":\"es-AR\"},{\"@type\":\"WebPage\",\"@id\":\"https:\\\/\\\/www.fica.unsl.edu.ar\\\/index.php\\\/pronunciamiento-de-repudio-de-la-coordinacion-de-ddhh-y-el-programa-universidad-y-discapacidad\\\/\",\"url\":\"https:\\\/\\\/www.fica.unsl.edu.ar\\\/index.php\\\/pronunciamiento-de-repudio-de-la-coordinacion-de-ddhh-y-el-programa-universidad-y-discapacidad\\\/\",\"name\":\"Pronunciamiento de repudio de la Coordinacion de DDHH y el Programa Universidad y Discapacidad - Facultad de Ingenier\u00eda y Ciencias Agropecuarias\",\"isPartOf\":{\"@id\":\"https:\\\/\\\/www.fica.unsl.edu.ar\\\/#website\"},\"primaryImageOfPage\":{\"@id\":\"https:\\\/\\\/www.fica.unsl.edu.ar\\\/index.php\\\/pronunciamiento-de-repudio-de-la-coordinacion-de-ddhh-y-el-programa-universidad-y-discapacidad\\\/#primaryimage\"},\"image\":{\"@id\":\"https:\\\/\\\/www.fica.unsl.edu.ar\\\/index.php\\\/pronunciamiento-de-repudio-de-la-coordinacion-de-ddhh-y-el-programa-universidad-y-discapacidad\\\/#primaryimage\"},\"thumbnailUrl\":\"https:\\\/\\\/www.fica.unsl.edu.ar\\\/wp-content\\\/uploads\\\/2025\\\/02\\\/andis.jpg\",\"datePublished\":\"2025-02-28T14:58:25+00:00\",\"dateModified\":\"2025-03-05T14:22:24+00:00\",\"inLanguage\":\"es-AR\",\"potentialAction\":[{\"@type\":\"ReadAction\",\"target\":[\"https:\\\/\\\/www.fica.unsl.edu.ar\\\/index.php\\\/pronunciamiento-de-repudio-de-la-coordinacion-de-ddhh-y-el-programa-universidad-y-discapacidad\\\/\"]}]},{\"@type\":\"ImageObject\",\"inLanguage\":\"es-AR\",\"@id\":\"https:\\\/\\\/www.fica.unsl.edu.ar\\\/index.php\\\/pronunciamiento-de-repudio-de-la-coordinacion-de-ddhh-y-el-programa-universidad-y-discapacidad\\\/#primaryimage\",\"url\":\"https:\\\/\\\/www.fica.unsl.edu.ar\\\/wp-content\\\/uploads\\\/2025\\\/02\\\/andis.jpg\",\"contentUrl\":\"https:\\\/\\\/www.fica.unsl.edu.ar\\\/wp-content\\\/uploads\\\/2025\\\/02\\\/andis.jpg\",\"width\":1061,\"height\":585},{\"@type\":\"WebSite\",\"@id\":\"https:\\\/\\\/www.fica.unsl.edu.ar\\\/#website\",\"url\":\"https:\\\/\\\/www.fica.unsl.edu.ar\\\/\",\"name\":\"Facultad de Ingenier\u00eda y Ciencias Agropecuarias\",\"description\":\"\",\"publisher\":{\"@id\":\"https:\\\/\\\/www.fica.unsl.edu.ar\\\/#organization\"},\"potentialAction\":[{\"@type\":\"SearchAction\",\"target\":{\"@type\":\"EntryPoint\",\"urlTemplate\":\"https:\\\/\\\/www.fica.unsl.edu.ar\\\/?s={search_term_string}\"},\"query-input\":{\"@type\":\"PropertyValueSpecification\",\"valueRequired\":true,\"valueName\":\"search_term_string\"}}],\"inLanguage\":\"es-AR\"},{\"@type\":\"Organization\",\"@id\":\"https:\\\/\\\/www.fica.unsl.edu.ar\\\/#organization\",\"name\":\"Facultad de Ingenier\u00eda y Ciencias Agropecuarias\",\"url\":\"https:\\\/\\\/www.fica.unsl.edu.ar\\\/\",\"logo\":{\"@type\":\"ImageObject\",\"inLanguage\":\"es-AR\",\"@id\":\"https:\\\/\\\/www.fica.unsl.edu.ar\\\/#\\\/schema\\\/logo\\\/image\\\/\",\"url\":\"https:\\\/\\\/www.fica.unsl.edu.ar\\\/wp-content\\\/uploads\\\/2021\\\/03\\\/LOGO-1.jpg\",\"contentUrl\":\"https:\\\/\\\/www.fica.unsl.edu.ar\\\/wp-content\\\/uploads\\\/2021\\\/03\\\/LOGO-1.jpg\",\"width\":463,\"height\":145,\"caption\":\"Facultad de Ingenier\u00eda y Ciencias Agropecuarias\"},\"image\":{\"@id\":\"https:\\\/\\\/www.fica.unsl.edu.ar\\\/#\\\/schema\\\/logo\\\/image\\\/\"},\"sameAs\":[\"https:\\\/\\\/www.facebook.com\\\/FICA.UNSL\\\/\",\"https:\\\/\\\/x.com\\\/FICAUNSL\",\"https:\\\/\\\/www.instagram.com\\\/fica.unsl\\\/\",\"https:\\\/\\\/www.youtube.com\\\/channel\\\/UCs2MM53gb2PyBrMySdtWZDQ\"]},{\"@type\":\"Person\",\"@id\":\"https:\\\/\\\/www.fica.unsl.edu.ar\\\/#\\\/schema\\\/person\\\/6058f9c66301868d3a691b1f5d6c3544\",\"name\":\"DATI\"}]}<\/script>\n<!-- \/ Yoast SEO plugin. -->","yoast_head_json":{"title":"Pronunciamiento de repudio de la Coordinacion de DDHH y el Programa Universidad y Discapacidad - Facultad de Ingenier\u00eda y Ciencias Agropecuarias","robots":{"index":"index","follow":"follow","max-snippet":"max-snippet:-1","max-image-preview":"max-image-preview:large","max-video-preview":"max-video-preview:-1"},"canonical":"https:\/\/www.fica.unsl.edu.ar\/index.php\/pronunciamiento-de-repudio-de-la-coordinacion-de-ddhh-y-el-programa-universidad-y-discapacidad\/","og_locale":"es_ES","og_type":"article","og_title":"Pronunciamiento de repudio de la Coordinacion de DDHH y el Programa Universidad y Discapacidad - Facultad de Ingenier\u00eda y Ciencias Agropecuarias","og_description":"La Coordinaci\u00f3n Institucional de Derechos Humanos y el Programa Universidad y Discapacidad de la Universidad Nacional de San Luis expresan su m\u00e1s en\u00e9rgico repudio a&hellip;","og_url":"https:\/\/www.fica.unsl.edu.ar\/index.php\/pronunciamiento-de-repudio-de-la-coordinacion-de-ddhh-y-el-programa-universidad-y-discapacidad\/","og_site_name":"Facultad de Ingenier\u00eda y Ciencias Agropecuarias","article_publisher":"https:\/\/www.facebook.com\/FICA.UNSL\/","article_published_time":"2025-02-28T14:58:25+00:00","article_modified_time":"2025-03-05T14:22:24+00:00","og_image":[{"width":1061,"height":585,"url":"https:\/\/www.fica.unsl.edu.ar\/wp-content\/uploads\/2025\/02\/andis.jpg","type":"image\/jpeg"}],"author":"DATI","twitter_card":"summary_large_image","twitter_creator":"@FICAUNSL","twitter_site":"@FICAUNSL","twitter_misc":{"Escrito por":"DATI","Tiempo de lectura":"2 minutos"},"schema":{"@context":"https:\/\/schema.org","@graph":[{"@type":"Article","@id":"https:\/\/www.fica.unsl.edu.ar\/index.php\/pronunciamiento-de-repudio-de-la-coordinacion-de-ddhh-y-el-programa-universidad-y-discapacidad\/#article","isPartOf":{"@id":"https:\/\/www.fica.unsl.edu.ar\/index.php\/pronunciamiento-de-repudio-de-la-coordinacion-de-ddhh-y-el-programa-universidad-y-discapacidad\/"},"author":{"name":"DATI","@id":"https:\/\/www.fica.unsl.edu.ar\/#\/schema\/person\/6058f9c66301868d3a691b1f5d6c3544"},"headline":"Pronunciamiento de repudio de la Coordinacion de DDHH y el Programa Universidad y Discapacidad","datePublished":"2025-02-28T14:58:25+00:00","dateModified":"2025-03-05T14:22:24+00:00","mainEntityOfPage":{"@id":"https:\/\/www.fica.unsl.edu.ar\/index.php\/pronunciamiento-de-repudio-de-la-coordinacion-de-ddhh-y-el-programa-universidad-y-discapacidad\/"},"wordCount":300,"publisher":{"@id":"https:\/\/www.fica.unsl.edu.ar\/#organization"},"image":{"@id":"https:\/\/www.fica.unsl.edu.ar\/index.php\/pronunciamiento-de-repudio-de-la-coordinacion-de-ddhh-y-el-programa-universidad-y-discapacidad\/#primaryimage"},"thumbnailUrl":"https:\/\/www.fica.unsl.edu.ar\/wp-content\/uploads\/2025\/02\/andis.jpg","articleSection":["Noticias"],"inLanguage":"es-AR"},{"@type":"WebPage","@id":"https:\/\/www.fica.unsl.edu.ar\/index.php\/pronunciamiento-de-repudio-de-la-coordinacion-de-ddhh-y-el-programa-universidad-y-discapacidad\/","url":"https:\/\/www.fica.unsl.edu.ar\/index.php\/pronunciamiento-de-repudio-de-la-coordinacion-de-ddhh-y-el-programa-universidad-y-discapacidad\/","name":"Pronunciamiento de repudio de la Coordinacion de DDHH y el Programa Universidad y Discapacidad - Facultad de Ingenier\u00eda y Ciencias Agropecuarias","isPartOf":{"@id":"https:\/\/www.fica.unsl.edu.ar\/#website"},"primaryImageOfPage":{"@id":"https:\/\/www.fica.unsl.edu.ar\/index.php\/pronunciamiento-de-repudio-de-la-coordinacion-de-ddhh-y-el-programa-universidad-y-discapacidad\/#primaryimage"},"image":{"@id":"https:\/\/www.fica.unsl.edu.ar\/index.php\/pronunciamiento-de-repudio-de-la-coordinacion-de-ddhh-y-el-programa-universidad-y-discapacidad\/#primaryimage"},"thumbnailUrl":"https:\/\/www.fica.unsl.edu.ar\/wp-content\/uploads\/2025\/02\/andis.jpg","datePublished":"2025-02-28T14:58:25+00:00","dateModified":"2025-03-05T14:22:24+00:00","inLanguage":"es-AR","potentialAction":[{"@type":"ReadAction","target":["https:\/\/www.fica.unsl.edu.ar\/index.php\/pronunciamiento-de-repudio-de-la-coordinacion-de-ddhh-y-el-programa-universidad-y-discapacidad\/"]}]},{"@type":"ImageObject","inLanguage":"es-AR","@id":"https:\/\/www.fica.unsl.edu.ar\/index.php\/pronunciamiento-de-repudio-de-la-coordinacion-de-ddhh-y-el-programa-universidad-y-discapacidad\/#primaryimage","url":"https:\/\/www.fica.unsl.edu.ar\/wp-content\/uploads\/2025\/02\/andis.jpg","contentUrl":"https:\/\/www.fica.unsl.edu.ar\/wp-content\/uploads\/2025\/02\/andis.jpg","width":1061,"height":585},{"@type":"WebSite","@id":"https:\/\/www.fica.unsl.edu.ar\/#website","url":"https:\/\/www.fica.unsl.edu.ar\/","name":"Facultad de Ingenier\u00eda y Ciencias Agropecuarias","description":"","publisher":{"@id":"https:\/\/www.fica.unsl.edu.ar\/#organization"},"potentialAction":[{"@type":"SearchAction","target":{"@type":"EntryPoint","urlTemplate":"https:\/\/www.fica.unsl.edu.ar\/?s={search_term_string}"},"query-input":{"@type":"PropertyValueSpecification","valueRequired":true,"valueName":"search_term_string"}}],"inLanguage":"es-AR"},{"@type":"Organization","@id":"https:\/\/www.fica.unsl.edu.ar\/#organization","name":"Facultad de Ingenier\u00eda y Ciencias Agropecuarias","url":"https:\/\/www.fica.unsl.edu.ar\/","logo":{"@type":"ImageObject","inLanguage":"es-AR","@id":"https:\/\/www.fica.unsl.edu.ar\/#\/schema\/logo\/image\/","url":"https:\/\/www.fica.unsl.edu.ar\/wp-content\/uploads\/2021\/03\/LOGO-1.jpg","contentUrl":"https:\/\/www.fica.unsl.edu.ar\/wp-content\/uploads\/2021\/03\/LOGO-1.jpg","width":463,"height":145,"caption":"Facultad de Ingenier\u00eda y Ciencias Agropecuarias"},"image":{"@id":"https:\/\/www.fica.unsl.edu.ar\/#\/schema\/logo\/image\/"},"sameAs":["https:\/\/www.facebook.com\/FICA.UNSL\/","https:\/\/x.com\/FICAUNSL","https:\/\/www.instagram.com\/fica.unsl\/","https:\/\/www.youtube.com\/channel\/UCs2MM53gb2PyBrMySdtWZDQ"]},{"@type":"Person","@id":"https:\/\/www.fica.unsl.edu.ar\/#\/schema\/person\/6058f9c66301868d3a691b1f5d6c3544","name":"DATI"}]}},"_links":{"self":[{"href":"https:\/\/www.fica.unsl.edu.ar\/index.php\/wp-json\/wp\/v2\/posts\/19221","targetHints":{"allow":["GET"]}}],"collection":[{"href":"https:\/\/www.fica.unsl.edu.ar\/index.php\/wp-json\/wp\/v2\/posts"}],"about":[{"href":"https:\/\/www.fica.unsl.edu.ar\/index.php\/wp-json\/wp\/v2\/types\/post"}],"author":[{"embeddable":true,"href":"https:\/\/www.fica.unsl.edu.ar\/index.php\/wp-json\/wp\/v2\/users\/9"}],"replies":[{"embeddable":true,"href":"https:\/\/www.fica.unsl.edu.ar\/index.php\/wp-json\/wp\/v2\/comments?post=19221"}],"version-history":[{"count":1,"href":"https:\/\/www.fica.unsl.edu.ar\/index.php\/wp-json\/wp\/v2\/posts\/19221\/revisions"}],"predecessor-version":[{"id":19223,"href":"https:\/\/www.fica.unsl.edu.ar\/index.php\/wp-json\/wp\/v2\/posts\/19221\/revisions\/19223"}],"wp:featuredmedia":[{"embeddable":true,"href":"https:\/\/www.fica.unsl.edu.ar\/index.php\/wp-json\/wp\/v2\/media\/19222"}],"wp:attachment":[{"href":"https:\/\/www.fica.unsl.edu.ar\/index.php\/wp-json\/wp\/v2\/media?parent=19221"}],"wp:term":[{"taxonomy":"category","embeddable":true,"href":"https:\/\/www.fica.unsl.edu.ar\/index.php\/wp-json\/wp\/v2\/categories?post=19221"},{"taxonomy":"post_tag","embeddable":true,"href":"https:\/\/www.fica.unsl.edu.ar\/index.php\/wp-json\/wp\/v2\/tags?post=19221"}],"curies":[{"name":"wp","href":"https:\/\/api.w.org\/{rel}","templated":true}]}}