{"id":19718,"date":"2025-04-06T12:38:35","date_gmt":"2025-04-06T15:38:35","guid":{"rendered":"http:\/\/10.101.10.196\/www\/?p=19718"},"modified":"2025-04-16T11:38:34","modified_gmt":"2025-04-16T14:38:34","slug":"festival-de-la-ciencia-y-la-tecnologia-en-villa-mercedes","status":"publish","type":"post","link":"https:\/\/www.fica.unsl.edu.ar\/index.php\/festival-de-la-ciencia-y-la-tecnologia-en-villa-mercedes\/","title":{"rendered":"Festival de la Ciencia y la Tecnolog\u00eda en Villa Mercedes"},"content":{"rendered":"<p>El Festival de la Ciencia y la Tecnolog\u00eda se realizar\u00e1 el 9 y 11 de abril en las tres sedes de la Universidad Nacional de San Luis, en el marco de la Semana Nacional de la Ciencia \u201cCiencia es futuro\u201d, impulsada por el Consejo Interuniversitario Nacional (CIN), con el fin de potenciar el di\u00e1logo sobre el presente y futuro de la ciencia.<\/p>\n<p>Esta edici\u00f3n busca destacar la producci\u00f3n de conocimiento que se genera en las universidades y en otros organismos de referencia cient\u00edfico-tecnol\u00f3gica y visibilizar la situaci\u00f3n cr\u00edtica que atraviesa el sistema cient\u00edfico, al reafirmar la importancia de su desarrollo, fortalecimiento y continuidad.<\/p>\n<p>En las sedes de la Universidad Nacional de San Luis -San Luis, Villa Mercedes y Villa de Merlo- habr\u00e1 stands, exposiciones cient\u00edficas, conferencias a cargo de investigadores de la casa de estudios y demostraciones cient\u00edficas, por lo que est\u00e1 pensado para toda la comunidad universitaria y p\u00fablico en general.<\/p>\n<p>CRONOGRAMA DE ACTIVIDADES<\/p>\n<p><strong><u>D\u00eda 09\/04\/2025<\/u><\/strong><\/p>\n<p><strong>SEDE SAN LUIS \u2013 UNSL<\/strong><\/p>\n<p>09:00 \u2013\u00a0 09:30 \u2013 Acto de Apertura.<\/p>\n<p>09:30 \u2013 10:30 \u2013 Conferencia: Dr. Esteban G. JOBB\u00c1GY \u2013\u00a0<em>Aprendiendo a cultivar aprovechando las \u201cnapas\u201d:\u00a0Por qu\u00e9 la ciencia requiere soporte y sorpresa para dar soluciones.<\/em><\/p>\n<p>11:00-12:30 \u2013 Conferencia: Dr. F\u00e9lix NIETO QUINTAS \u2013\u00a0<em>El sistema cient\u00edfico universitario argentino.\u00a0<\/em><\/p>\n<p><strong>Hall del Centro Cultural y Explanada de la UNSL<\/strong><\/p>\n<p>09:00 a 12.30<\/p>\n<ul>\n<li>Stands con Exhibiciones Cient\u00edficas de las Unidades Acad\u00e9micas de la UNSL \u2013 Sede San Luis.<\/li>\n<li>Stands con exhibiciones Cient\u00edficas de los Institutos de Doble Dependencia CONICET \u2013 UNSL.<\/li>\n<li>Presentaci\u00f3n de P\u00f3sters Cient\u00edficos de trabajos realizados en el marco de los Proyectos de Investigaci\u00f3n de la UNSL.<\/li>\n<li>Stand de la Secretar\u00eda de Ciencia y Tecnolog\u00eda de la UNSL.<\/li>\n<li>Stand de la Secretar\u00eda Acad\u00e9mica de la UNSL.<\/li>\n<li>Stand Ministerio de CyT Gobierno de la Provincia de San Luis.<\/li>\n<li>UNSL TV VR \u2013 Arte Rupestre en realidad virtual: una experiencia inmersiva.<\/li>\n<li>UNSL TV \u2013 Cortos y Documentales.<\/li>\n<li>Radio UNSL en vivo.<\/li>\n<\/ul>\n<p><strong><u>D\u00eda 11\/04\/2025<\/u><\/strong><\/p>\n<p><strong>SEDE SAN LUIS \u2013 UNSL<\/strong><\/p>\n<p><strong>Microcine<\/strong><\/p>\n<p>09:00 a 12:30 \u2013 Exposiciones Cient\u00edficas.<\/p>\n<p><strong>Hall del Centro Cultural y Explanada de la UNSL<\/strong><\/p>\n<p>09:00 a 12.30<\/p>\n<ul>\n<li>Stands con Exhibiciones Cient\u00edficas de las Unidades Acad\u00e9micas de la UNSL \u2013 Sede San Luis.<\/li>\n<li>Stands con exhibiciones Cient\u00edficas de los Institutos de Doble Dependencia CONICET \u2013 UNSL.<\/li>\n<li>Presentaci\u00f3n de P\u00f3sters Cient\u00edficos de trabajos realizados en el marco de los Proyectos de Investigaci\u00f3n de la UNSL.<\/li>\n<li>Stand de la Secretar\u00eda de Ciencia y Tecnolog\u00eda de la UNSL.<\/li>\n<li>Stand de la Secretar\u00eda Acad\u00e9mica de la UNSL.<\/li>\n<li>Stand Ministerio de CyT Gobierno de la Provincia de San Luis.<\/li>\n<li>UNSL TV VR \u2013 Arte Rupestre en realidad virtual: una experiencia inmersiva.<\/li>\n<li>UNSL TV \u2013 Cortos y Documentales.<\/li>\n<li>Radio UNSL en vivo.<\/li>\n<\/ul>\n<p><strong>SEDE VILLA MERCEDES \u2013 UNSL<\/strong><\/p>\n<p><strong>Campus Universitario &#8211; Aula Dante Bodo (aula 2)<\/strong><\/p>\n<p>9:00 a 9:30 \u2013 Acto de apertura.<\/p>\n<p>Palabras a cargo del Dr. Fabricio CID Secretario de Ciencia y Tecnolog\u00eda de la UNSL.<\/p>\n<p>9:30 a 12:15 \u2013 Exposiciones Cient\u00edficas y de Becarios\/as del Programa de Becas de Ciencia y\/o Tecnolog\u00eda de la UNSL.<\/p>\n<p><strong>SEDE DE VILLA DE MERLO \u2013 UNSL<\/strong><\/p>\n<p><strong>Campus de la Facultad de Turismo y Urbanismo. Aula 5<\/strong><strong>.\u00a0<\/strong><\/p>\n<p>9:00 a 9:30 \u2013\u00a0 Acto de Apertura.<\/p>\n<p>9:30 a 10:30 \u2013 Conferencia \u2013 Mgtr. DE LUCA MARCELA MAR\u00cdA y Mgtr. MIGUEL OSCAR MART\u00cdN\u00a0<em>\u201cC\u00f3mo la tecnolog\u00eda y la Gamificaci\u00f3n transforman el Turismo\u201d.<\/em><\/p>\n<p>10:30 a 12:30 \u2013 Exposiciones Cient\u00edficas<strong>\u00a0\u2013<\/strong>\u00a0y de Becarios\/as del Programa de Becas de Ciencia y\/o Tecnolog\u00eda de la UNSL.<\/p>\n<p>M\u00c1S INFORMACI\u00d3N:<\/p>\n<ul>\n<li>Las escuelas secundarias que deseen sumarse, podr\u00e1n hacerlo comunic\u00e1ndose a\u00a0<a href=\"mailto:seccytr.unsl@gmail.com\">seccytr.unsl@gmail.com<\/a><\/li>\n<li>Para conocer los detalles de las actividades del Festival de la Ciencia y la Tecnolog\u00eda en San Luis,\u00a0 haga clic aqu\u00ed.\u00a0<a href=\"https:\/\/scyt.unsl.edu.ar\/\">https:\/\/scyt.unsl.edu.ar\/<\/a><\/li>\n<li>Para conocer los detalles de las actividades de la Semana Nacional de la Ciencia:\u00a0\u00a0<a href=\"https:\/\/semanadelaciencia.cin.edu.ar\/\">https:\/\/semanadelaciencia.cin.edu.ar\/<\/a><\/li>\n<\/ul>\n","protected":false},"excerpt":{"rendered":"<p>El Festival de la Ciencia y la Tecnolog\u00eda se realizar\u00e1 el 9 y 11 de abril en las tres sedes de la Universidad Nacional de&hellip;<\/p>\n","protected":false},"author":9,"featured_media":19719,"comment_status":"closed","ping_status":"closed","sticky":false,"template":"","format":"standard","meta":{"_monsterinsights_skip_tracking":false,"_monsterinsights_sitenote_active":false,"_monsterinsights_sitenote_note":"","_monsterinsights_sitenote_category":0,"_joinchat":[],"footnotes":""},"categories":[19],"tags":[],"class_list":["post-19718","post","type-post","status-publish","format-standard","has-post-thumbnail","hentry","category-noticias"],"yoast_head":"<!-- This site is optimized with the Yoast SEO plugin v27.4 - https:\/\/yoast.com\/product\/yoast-seo-wordpress\/ -->\n<title>Festival de la Ciencia y la Tecnolog\u00eda en Villa Mercedes - Facultad de Ingenier\u00eda y Ciencias Agropecuarias<\/title>\n<meta name=\"robots\" content=\"index, follow, max-snippet:-1, max-image-preview:large, max-video-preview:-1\" \/>\n<link rel=\"canonical\" href=\"https:\/\/www.fica.unsl.edu.ar\/index.php\/festival-de-la-ciencia-y-la-tecnologia-en-villa-mercedes\/\" \/>\n<meta property=\"og:locale\" content=\"es_ES\" \/>\n<meta property=\"og:type\" content=\"article\" \/>\n<meta property=\"og:title\" content=\"Festival de la Ciencia y la Tecnolog\u00eda en Villa Mercedes - Facultad de Ingenier\u00eda y Ciencias Agropecuarias\" \/>\n<meta property=\"og:description\" content=\"El Festival de la Ciencia y la Tecnolog\u00eda se realizar\u00e1 el 9 y 11 de abril en las tres sedes de la Universidad Nacional de&hellip;\" \/>\n<meta property=\"og:url\" content=\"https:\/\/www.fica.unsl.edu.ar\/index.php\/festival-de-la-ciencia-y-la-tecnologia-en-villa-mercedes\/\" \/>\n<meta property=\"og:site_name\" content=\"Facultad de Ingenier\u00eda y Ciencias Agropecuarias\" \/>\n<meta property=\"article:publisher\" content=\"https:\/\/www.facebook.com\/FICA.UNSL\/\" \/>\n<meta property=\"article:published_time\" content=\"2025-04-06T15:38:35+00:00\" \/>\n<meta property=\"article:modified_time\" content=\"2025-04-16T14:38:34+00:00\" \/>\n<meta property=\"og:image\" content=\"https:\/\/www.fica.unsl.edu.ar\/wp-content\/uploads\/2025\/04\/semana-nacional-de-la-ciencia.jpg\" \/>\n\t<meta property=\"og:image:width\" content=\"1061\" \/>\n\t<meta property=\"og:image:height\" content=\"585\" \/>\n\t<meta property=\"og:image:type\" content=\"image\/jpeg\" \/>\n<meta name=\"author\" content=\"DATI\" \/>\n<meta name=\"twitter:card\" content=\"summary_large_image\" \/>\n<meta name=\"twitter:creator\" content=\"@FICAUNSL\" \/>\n<meta name=\"twitter:site\" content=\"@FICAUNSL\" \/>\n<meta name=\"twitter:label1\" content=\"Escrito por\" \/>\n\t<meta name=\"twitter:data1\" content=\"DATI\" \/>\n\t<meta name=\"twitter:label2\" content=\"Tiempo de lectura\" \/>\n\t<meta name=\"twitter:data2\" content=\"3 minutos\" \/>\n<script type=\"application\/ld+json\" class=\"yoast-schema-graph\">{\"@context\":\"https:\\\/\\\/schema.org\",\"@graph\":[{\"@type\":\"Article\",\"@id\":\"https:\\\/\\\/www.fica.unsl.edu.ar\\\/index.php\\\/festival-de-la-ciencia-y-la-tecnologia-en-villa-mercedes\\\/#article\",\"isPartOf\":{\"@id\":\"https:\\\/\\\/www.fica.unsl.edu.ar\\\/index.php\\\/festival-de-la-ciencia-y-la-tecnologia-en-villa-mercedes\\\/\"},\"author\":{\"name\":\"DATI\",\"@id\":\"https:\\\/\\\/www.fica.unsl.edu.ar\\\/#\\\/schema\\\/person\\\/6058f9c66301868d3a691b1f5d6c3544\"},\"headline\":\"Festival de la Ciencia y la Tecnolog\u00eda en Villa Mercedes\",\"datePublished\":\"2025-04-06T15:38:35+00:00\",\"dateModified\":\"2025-04-16T14:38:34+00:00\",\"mainEntityOfPage\":{\"@id\":\"https:\\\/\\\/www.fica.unsl.edu.ar\\\/index.php\\\/festival-de-la-ciencia-y-la-tecnologia-en-villa-mercedes\\\/\"},\"wordCount\":646,\"publisher\":{\"@id\":\"https:\\\/\\\/www.fica.unsl.edu.ar\\\/#organization\"},\"image\":{\"@id\":\"https:\\\/\\\/www.fica.unsl.edu.ar\\\/index.php\\\/festival-de-la-ciencia-y-la-tecnologia-en-villa-mercedes\\\/#primaryimage\"},\"thumbnailUrl\":\"https:\\\/\\\/www.fica.unsl.edu.ar\\\/wp-content\\\/uploads\\\/2025\\\/04\\\/semana-nacional-de-la-ciencia.jpg\",\"articleSection\":[\"Noticias\"],\"inLanguage\":\"es-AR\"},{\"@type\":\"WebPage\",\"@id\":\"https:\\\/\\\/www.fica.unsl.edu.ar\\\/index.php\\\/festival-de-la-ciencia-y-la-tecnologia-en-villa-mercedes\\\/\",\"url\":\"https:\\\/\\\/www.fica.unsl.edu.ar\\\/index.php\\\/festival-de-la-ciencia-y-la-tecnologia-en-villa-mercedes\\\/\",\"name\":\"Festival de la Ciencia y la Tecnolog\u00eda en Villa Mercedes - Facultad de Ingenier\u00eda y Ciencias Agropecuarias\",\"isPartOf\":{\"@id\":\"https:\\\/\\\/www.fica.unsl.edu.ar\\\/#website\"},\"primaryImageOfPage\":{\"@id\":\"https:\\\/\\\/www.fica.unsl.edu.ar\\\/index.php\\\/festival-de-la-ciencia-y-la-tecnologia-en-villa-mercedes\\\/#primaryimage\"},\"image\":{\"@id\":\"https:\\\/\\\/www.fica.unsl.edu.ar\\\/index.php\\\/festival-de-la-ciencia-y-la-tecnologia-en-villa-mercedes\\\/#primaryimage\"},\"thumbnailUrl\":\"https:\\\/\\\/www.fica.unsl.edu.ar\\\/wp-content\\\/uploads\\\/2025\\\/04\\\/semana-nacional-de-la-ciencia.jpg\",\"datePublished\":\"2025-04-06T15:38:35+00:00\",\"dateModified\":\"2025-04-16T14:38:34+00:00\",\"inLanguage\":\"es-AR\",\"potentialAction\":[{\"@type\":\"ReadAction\",\"target\":[\"https:\\\/\\\/www.fica.unsl.edu.ar\\\/index.php\\\/festival-de-la-ciencia-y-la-tecnologia-en-villa-mercedes\\\/\"]}]},{\"@type\":\"ImageObject\",\"inLanguage\":\"es-AR\",\"@id\":\"https:\\\/\\\/www.fica.unsl.edu.ar\\\/index.php\\\/festival-de-la-ciencia-y-la-tecnologia-en-villa-mercedes\\\/#primaryimage\",\"url\":\"https:\\\/\\\/www.fica.unsl.edu.ar\\\/wp-content\\\/uploads\\\/2025\\\/04\\\/semana-nacional-de-la-ciencia.jpg\",\"contentUrl\":\"https:\\\/\\\/www.fica.unsl.edu.ar\\\/wp-content\\\/uploads\\\/2025\\\/04\\\/semana-nacional-de-la-ciencia.jpg\",\"width\":1061,\"height\":585},{\"@type\":\"WebSite\",\"@id\":\"https:\\\/\\\/www.fica.unsl.edu.ar\\\/#website\",\"url\":\"https:\\\/\\\/www.fica.unsl.edu.ar\\\/\",\"name\":\"Facultad de Ingenier\u00eda y Ciencias Agropecuarias\",\"description\":\"\",\"publisher\":{\"@id\":\"https:\\\/\\\/www.fica.unsl.edu.ar\\\/#organization\"},\"potentialAction\":[{\"@type\":\"SearchAction\",\"target\":{\"@type\":\"EntryPoint\",\"urlTemplate\":\"https:\\\/\\\/www.fica.unsl.edu.ar\\\/?s={search_term_string}\"},\"query-input\":{\"@type\":\"PropertyValueSpecification\",\"valueRequired\":true,\"valueName\":\"search_term_string\"}}],\"inLanguage\":\"es-AR\"},{\"@type\":\"Organization\",\"@id\":\"https:\\\/\\\/www.fica.unsl.edu.ar\\\/#organization\",\"name\":\"Facultad de Ingenier\u00eda y Ciencias Agropecuarias\",\"url\":\"https:\\\/\\\/www.fica.unsl.edu.ar\\\/\",\"logo\":{\"@type\":\"ImageObject\",\"inLanguage\":\"es-AR\",\"@id\":\"https:\\\/\\\/www.fica.unsl.edu.ar\\\/#\\\/schema\\\/logo\\\/image\\\/\",\"url\":\"https:\\\/\\\/www.fica.unsl.edu.ar\\\/wp-content\\\/uploads\\\/2021\\\/03\\\/LOGO-1.jpg\",\"contentUrl\":\"https:\\\/\\\/www.fica.unsl.edu.ar\\\/wp-content\\\/uploads\\\/2021\\\/03\\\/LOGO-1.jpg\",\"width\":463,\"height\":145,\"caption\":\"Facultad de Ingenier\u00eda y Ciencias Agropecuarias\"},\"image\":{\"@id\":\"https:\\\/\\\/www.fica.unsl.edu.ar\\\/#\\\/schema\\\/logo\\\/image\\\/\"},\"sameAs\":[\"https:\\\/\\\/www.facebook.com\\\/FICA.UNSL\\\/\",\"https:\\\/\\\/x.com\\\/FICAUNSL\",\"https:\\\/\\\/www.instagram.com\\\/fica.unsl\\\/\",\"https:\\\/\\\/www.youtube.com\\\/channel\\\/UCs2MM53gb2PyBrMySdtWZDQ\"]},{\"@type\":\"Person\",\"@id\":\"https:\\\/\\\/www.fica.unsl.edu.ar\\\/#\\\/schema\\\/person\\\/6058f9c66301868d3a691b1f5d6c3544\",\"name\":\"DATI\"}]}<\/script>\n<!-- \/ Yoast SEO plugin. -->","yoast_head_json":{"title":"Festival de la Ciencia y la Tecnolog\u00eda en Villa Mercedes - Facultad de Ingenier\u00eda y Ciencias Agropecuarias","robots":{"index":"index","follow":"follow","max-snippet":"max-snippet:-1","max-image-preview":"max-image-preview:large","max-video-preview":"max-video-preview:-1"},"canonical":"https:\/\/www.fica.unsl.edu.ar\/index.php\/festival-de-la-ciencia-y-la-tecnologia-en-villa-mercedes\/","og_locale":"es_ES","og_type":"article","og_title":"Festival de la Ciencia y la Tecnolog\u00eda en Villa Mercedes - Facultad de Ingenier\u00eda y Ciencias Agropecuarias","og_description":"El Festival de la Ciencia y la Tecnolog\u00eda se realizar\u00e1 el 9 y 11 de abril en las tres sedes de la Universidad Nacional de&hellip;","og_url":"https:\/\/www.fica.unsl.edu.ar\/index.php\/festival-de-la-ciencia-y-la-tecnologia-en-villa-mercedes\/","og_site_name":"Facultad de Ingenier\u00eda y Ciencias Agropecuarias","article_publisher":"https:\/\/www.facebook.com\/FICA.UNSL\/","article_published_time":"2025-04-06T15:38:35+00:00","article_modified_time":"2025-04-16T14:38:34+00:00","og_image":[{"width":1061,"height":585,"url":"https:\/\/www.fica.unsl.edu.ar\/wp-content\/uploads\/2025\/04\/semana-nacional-de-la-ciencia.jpg","type":"image\/jpeg"}],"author":"DATI","twitter_card":"summary_large_image","twitter_creator":"@FICAUNSL","twitter_site":"@FICAUNSL","twitter_misc":{"Escrito por":"DATI","Tiempo de lectura":"3 minutos"},"schema":{"@context":"https:\/\/schema.org","@graph":[{"@type":"Article","@id":"https:\/\/www.fica.unsl.edu.ar\/index.php\/festival-de-la-ciencia-y-la-tecnologia-en-villa-mercedes\/#article","isPartOf":{"@id":"https:\/\/www.fica.unsl.edu.ar\/index.php\/festival-de-la-ciencia-y-la-tecnologia-en-villa-mercedes\/"},"author":{"name":"DATI","@id":"https:\/\/www.fica.unsl.edu.ar\/#\/schema\/person\/6058f9c66301868d3a691b1f5d6c3544"},"headline":"Festival de la Ciencia y la Tecnolog\u00eda en Villa Mercedes","datePublished":"2025-04-06T15:38:35+00:00","dateModified":"2025-04-16T14:38:34+00:00","mainEntityOfPage":{"@id":"https:\/\/www.fica.unsl.edu.ar\/index.php\/festival-de-la-ciencia-y-la-tecnologia-en-villa-mercedes\/"},"wordCount":646,"publisher":{"@id":"https:\/\/www.fica.unsl.edu.ar\/#organization"},"image":{"@id":"https:\/\/www.fica.unsl.edu.ar\/index.php\/festival-de-la-ciencia-y-la-tecnologia-en-villa-mercedes\/#primaryimage"},"thumbnailUrl":"https:\/\/www.fica.unsl.edu.ar\/wp-content\/uploads\/2025\/04\/semana-nacional-de-la-ciencia.jpg","articleSection":["Noticias"],"inLanguage":"es-AR"},{"@type":"WebPage","@id":"https:\/\/www.fica.unsl.edu.ar\/index.php\/festival-de-la-ciencia-y-la-tecnologia-en-villa-mercedes\/","url":"https:\/\/www.fica.unsl.edu.ar\/index.php\/festival-de-la-ciencia-y-la-tecnologia-en-villa-mercedes\/","name":"Festival de la Ciencia y la Tecnolog\u00eda en Villa Mercedes - Facultad de Ingenier\u00eda y Ciencias Agropecuarias","isPartOf":{"@id":"https:\/\/www.fica.unsl.edu.ar\/#website"},"primaryImageOfPage":{"@id":"https:\/\/www.fica.unsl.edu.ar\/index.php\/festival-de-la-ciencia-y-la-tecnologia-en-villa-mercedes\/#primaryimage"},"image":{"@id":"https:\/\/www.fica.unsl.edu.ar\/index.php\/festival-de-la-ciencia-y-la-tecnologia-en-villa-mercedes\/#primaryimage"},"thumbnailUrl":"https:\/\/www.fica.unsl.edu.ar\/wp-content\/uploads\/2025\/04\/semana-nacional-de-la-ciencia.jpg","datePublished":"2025-04-06T15:38:35+00:00","dateModified":"2025-04-16T14:38:34+00:00","inLanguage":"es-AR","potentialAction":[{"@type":"ReadAction","target":["https:\/\/www.fica.unsl.edu.ar\/index.php\/festival-de-la-ciencia-y-la-tecnologia-en-villa-mercedes\/"]}]},{"@type":"ImageObject","inLanguage":"es-AR","@id":"https:\/\/www.fica.unsl.edu.ar\/index.php\/festival-de-la-ciencia-y-la-tecnologia-en-villa-mercedes\/#primaryimage","url":"https:\/\/www.fica.unsl.edu.ar\/wp-content\/uploads\/2025\/04\/semana-nacional-de-la-ciencia.jpg","contentUrl":"https:\/\/www.fica.unsl.edu.ar\/wp-content\/uploads\/2025\/04\/semana-nacional-de-la-ciencia.jpg","width":1061,"height":585},{"@type":"WebSite","@id":"https:\/\/www.fica.unsl.edu.ar\/#website","url":"https:\/\/www.fica.unsl.edu.ar\/","name":"Facultad de Ingenier\u00eda y Ciencias Agropecuarias","description":"","publisher":{"@id":"https:\/\/www.fica.unsl.edu.ar\/#organization"},"potentialAction":[{"@type":"SearchAction","target":{"@type":"EntryPoint","urlTemplate":"https:\/\/www.fica.unsl.edu.ar\/?s={search_term_string}"},"query-input":{"@type":"PropertyValueSpecification","valueRequired":true,"valueName":"search_term_string"}}],"inLanguage":"es-AR"},{"@type":"Organization","@id":"https:\/\/www.fica.unsl.edu.ar\/#organization","name":"Facultad de Ingenier\u00eda y Ciencias Agropecuarias","url":"https:\/\/www.fica.unsl.edu.ar\/","logo":{"@type":"ImageObject","inLanguage":"es-AR","@id":"https:\/\/www.fica.unsl.edu.ar\/#\/schema\/logo\/image\/","url":"https:\/\/www.fica.unsl.edu.ar\/wp-content\/uploads\/2021\/03\/LOGO-1.jpg","contentUrl":"https:\/\/www.fica.unsl.edu.ar\/wp-content\/uploads\/2021\/03\/LOGO-1.jpg","width":463,"height":145,"caption":"Facultad de Ingenier\u00eda y Ciencias Agropecuarias"},"image":{"@id":"https:\/\/www.fica.unsl.edu.ar\/#\/schema\/logo\/image\/"},"sameAs":["https:\/\/www.facebook.com\/FICA.UNSL\/","https:\/\/x.com\/FICAUNSL","https:\/\/www.instagram.com\/fica.unsl\/","https:\/\/www.youtube.com\/channel\/UCs2MM53gb2PyBrMySdtWZDQ"]},{"@type":"Person","@id":"https:\/\/www.fica.unsl.edu.ar\/#\/schema\/person\/6058f9c66301868d3a691b1f5d6c3544","name":"DATI"}]}},"_links":{"self":[{"href":"https:\/\/www.fica.unsl.edu.ar\/index.php\/wp-json\/wp\/v2\/posts\/19718","targetHints":{"allow":["GET"]}}],"collection":[{"href":"https:\/\/www.fica.unsl.edu.ar\/index.php\/wp-json\/wp\/v2\/posts"}],"about":[{"href":"https:\/\/www.fica.unsl.edu.ar\/index.php\/wp-json\/wp\/v2\/types\/post"}],"author":[{"embeddable":true,"href":"https:\/\/www.fica.unsl.edu.ar\/index.php\/wp-json\/wp\/v2\/users\/9"}],"replies":[{"embeddable":true,"href":"https:\/\/www.fica.unsl.edu.ar\/index.php\/wp-json\/wp\/v2\/comments?post=19718"}],"version-history":[{"count":3,"href":"https:\/\/www.fica.unsl.edu.ar\/index.php\/wp-json\/wp\/v2\/posts\/19718\/revisions"}],"predecessor-version":[{"id":19722,"href":"https:\/\/www.fica.unsl.edu.ar\/index.php\/wp-json\/wp\/v2\/posts\/19718\/revisions\/19722"}],"wp:featuredmedia":[{"embeddable":true,"href":"https:\/\/www.fica.unsl.edu.ar\/index.php\/wp-json\/wp\/v2\/media\/19719"}],"wp:attachment":[{"href":"https:\/\/www.fica.unsl.edu.ar\/index.php\/wp-json\/wp\/v2\/media?parent=19718"}],"wp:term":[{"taxonomy":"category","embeddable":true,"href":"https:\/\/www.fica.unsl.edu.ar\/index.php\/wp-json\/wp\/v2\/categories?post=19718"},{"taxonomy":"post_tag","embeddable":true,"href":"https:\/\/www.fica.unsl.edu.ar\/index.php\/wp-json\/wp\/v2\/tags?post=19718"}],"curies":[{"name":"wp","href":"https:\/\/api.w.org\/{rel}","templated":true}]}}