{"id":19762,"date":"2025-04-14T12:15:54","date_gmt":"2025-04-14T15:15:54","guid":{"rendered":"http:\/\/10.101.10.196\/www\/?p=19762"},"modified":"2025-04-14T12:20:19","modified_gmt":"2025-04-14T15:20:19","slug":"viii-jornada-de-la-salud-higiene-y-seguridad-en-el-trabajo-en-la-unsl","status":"publish","type":"post","link":"https:\/\/www.fica.unsl.edu.ar\/index.php\/viii-jornada-de-la-salud-higiene-y-seguridad-en-el-trabajo-en-la-unsl\/","title":{"rendered":"VIII Jornada de la Salud, Higiene y Seguridad en el Trabajo en la UNSL"},"content":{"rendered":"<p>El pr\u00f3ximo 29 de abril de 2025, en el Auditorio Mauricio L\u00f3pez de la UNSL, Av. Ej\u00e9rcito de los Andes 950 de la ciudad de San Luis, se llevar\u00e1 a cabo la VIII Jornada de la Salud, Higiene y Seguridad en el Trabajo, bajo el lema \u201cEn pos de un trabajo decente, digno y seguro\u201d.<\/p>\n<p>La actividad se desarrollar\u00e1 desde las 9 horas, con la participaci\u00f3n de autoridades provinciales y universitarias. Est\u00e1 organizada de manera conjunta por la Direcci\u00f3n de Relaciones Laborales del Ministerio de Gobierno de la Provincia de San Luis, el Vicerrectorado de la Universidad Nacional de San Luis y el Colegio de Seguridad e Higiene de San Luis.<\/p>\n<p>La jornada tiene como objetivo promover espacios de formaci\u00f3n, reflexi\u00f3n e intercambio sobre la importancia de garantizar condiciones laborales seguras, prevenir accidentes y fortalecer una cultura del trabajo responsable y con enfoque en derechos.<\/p>\n<h3 style=\"text-align: center;\"><span style=\"color: #0000ff;\"><strong><a style=\"color: #0000ff;\" href=\"https:\/\/forms.gle\/Q57ord22sejx5qs67\" target=\"_blank\" rel=\"noopener\">INSCRIPCIONES<\/a><\/strong><\/span><\/h3>\n<p><strong>Cronograma completo:<\/strong><\/p>\n<ul>\n<li>8:00 a 8:30 hs: Acreditaciones.<\/li>\n<li><\/li>\n<li>9:00 hs: Apertura oficial con palabras del Vicerrector de la UNSL, Mgter. H\u00e9ctor Flores y del Ministro CPN Gonzalo Amondarain.<\/li>\n<li>9:20 hs: Charla del Lic. Daniel Rodr\u00edguez (Colegio de Higiene y Seguridad): &#8220;Herramientas de un sistema de manejo diario para evitar incidentes y accidentes&#8221;.<\/li>\n<li>9:50 hs: Presentaci\u00f3n de la Superintendencia de Riesgos del Trabajo de la Naci\u00f3n sobre el Sistema Integrado de Trabajo en materia de Salud y Seguridad en el Trabajo.<\/li>\n<li>10:20 hs: Exposici\u00f3n del Mgr. Ing. Germ\u00e1n Ostoich (FQByF \u2013 UNSL): &#8220;Modalidad de contrataciones de los servicios de Higiene y Seguridad y exposici\u00f3n a riesgos laborales&#8221;.<\/li>\n<li>10:50 hs: Coffee break.<\/li>\n<li>11:00 hs: Segunda intervenci\u00f3n de la Superintendencia de Riesgos del Trabajo de la Naci\u00f3n: &#8220;Inserci\u00f3n de tecnolog\u00eda Prevenci\u00f3n 4.0 en las tareas de control para la prevenci\u00f3n de contingencias&#8221;.<\/li>\n<li>11:45 hs: Charla activa del Cuerpo de Inspectores de la Direcci\u00f3n de Relaciones Laborales de la Provincia de San Luis.<\/li>\n<li>12:30 hs: Cierre a cargo de la Subdirectora de Relaciones Laborales \u2013 Primera Circunscripci\u00f3n, Dra. Ivana Balmaceda Amestoy.<\/li>\n<li>13:00 hs: Conmemoraci\u00f3n del D\u00eda del Trabajador con la entonaci\u00f3n del Himno Nacional Argentino y un minuto de silencio en homenaje a los trabajadores fallecidos en accidentes laborales.<\/li>\n<\/ul>\n<p>La actividad est\u00e1 dirigida a trabajadoras y trabajadores, profesionales del \u00e1rea, estudiantes y p\u00fablico en general interesado en la construcci\u00f3n de entornos laborales m\u00e1s seguros, saludables y con mayor conciencia sobre los derechos laborales.<\/p>\n<p>&nbsp;<\/p>\n","protected":false},"excerpt":{"rendered":"<p>El pr\u00f3ximo 29 de abril de 2025, en el Auditorio Mauricio L\u00f3pez de la UNSL, Av. Ej\u00e9rcito de los Andes 950 de la ciudad de&hellip;<\/p>\n","protected":false},"author":9,"featured_media":19763,"comment_status":"closed","ping_status":"closed","sticky":false,"template":"","format":"standard","meta":{"_monsterinsights_skip_tracking":false,"_monsterinsights_sitenote_active":false,"_monsterinsights_sitenote_note":"","_monsterinsights_sitenote_category":0,"_joinchat":[],"footnotes":""},"categories":[19],"tags":[],"class_list":["post-19762","post","type-post","status-publish","format-standard","has-post-thumbnail","hentry","category-noticias"],"yoast_head":"<!-- This site is optimized with the Yoast SEO plugin v27.4 - https:\/\/yoast.com\/product\/yoast-seo-wordpress\/ -->\n<title>VIII Jornada de la Salud, Higiene y Seguridad en el Trabajo en la UNSL - Facultad de Ingenier\u00eda y Ciencias Agropecuarias<\/title>\n<meta name=\"robots\" content=\"index, follow, max-snippet:-1, max-image-preview:large, max-video-preview:-1\" \/>\n<link rel=\"canonical\" href=\"https:\/\/www.fica.unsl.edu.ar\/index.php\/viii-jornada-de-la-salud-higiene-y-seguridad-en-el-trabajo-en-la-unsl\/\" \/>\n<meta property=\"og:locale\" content=\"es_ES\" \/>\n<meta property=\"og:type\" content=\"article\" \/>\n<meta property=\"og:title\" content=\"VIII Jornada de la Salud, Higiene y Seguridad en el Trabajo en la UNSL - Facultad de Ingenier\u00eda y Ciencias Agropecuarias\" \/>\n<meta property=\"og:description\" content=\"El pr\u00f3ximo 29 de abril de 2025, en el Auditorio Mauricio L\u00f3pez de la UNSL, Av. Ej\u00e9rcito de los Andes 950 de la ciudad de&hellip;\" \/>\n<meta property=\"og:url\" content=\"https:\/\/www.fica.unsl.edu.ar\/index.php\/viii-jornada-de-la-salud-higiene-y-seguridad-en-el-trabajo-en-la-unsl\/\" \/>\n<meta property=\"og:site_name\" content=\"Facultad de Ingenier\u00eda y Ciencias Agropecuarias\" \/>\n<meta property=\"article:publisher\" content=\"https:\/\/www.facebook.com\/FICA.UNSL\/\" \/>\n<meta property=\"article:published_time\" content=\"2025-04-14T15:15:54+00:00\" \/>\n<meta property=\"article:modified_time\" content=\"2025-04-14T15:20:19+00:00\" \/>\n<meta property=\"og:image\" content=\"https:\/\/www.fica.unsl.edu.ar\/wp-content\/uploads\/2025\/04\/relaciones-laborales-front.jpg\" \/>\n\t<meta property=\"og:image:width\" content=\"1061\" \/>\n\t<meta property=\"og:image:height\" content=\"585\" \/>\n\t<meta property=\"og:image:type\" content=\"image\/jpeg\" \/>\n<meta name=\"author\" content=\"DATI\" \/>\n<meta name=\"twitter:card\" content=\"summary_large_image\" \/>\n<meta name=\"twitter:creator\" content=\"@FICAUNSL\" \/>\n<meta name=\"twitter:site\" content=\"@FICAUNSL\" \/>\n<meta name=\"twitter:label1\" content=\"Escrito por\" \/>\n\t<meta name=\"twitter:data1\" content=\"DATI\" \/>\n\t<meta name=\"twitter:label2\" content=\"Tiempo de lectura\" \/>\n\t<meta name=\"twitter:data2\" content=\"2 minutos\" \/>\n<script type=\"application\/ld+json\" class=\"yoast-schema-graph\">{\"@context\":\"https:\\\/\\\/schema.org\",\"@graph\":[{\"@type\":\"Article\",\"@id\":\"https:\\\/\\\/www.fica.unsl.edu.ar\\\/index.php\\\/viii-jornada-de-la-salud-higiene-y-seguridad-en-el-trabajo-en-la-unsl\\\/#article\",\"isPartOf\":{\"@id\":\"https:\\\/\\\/www.fica.unsl.edu.ar\\\/index.php\\\/viii-jornada-de-la-salud-higiene-y-seguridad-en-el-trabajo-en-la-unsl\\\/\"},\"author\":{\"name\":\"DATI\",\"@id\":\"https:\\\/\\\/www.fica.unsl.edu.ar\\\/#\\\/schema\\\/person\\\/6058f9c66301868d3a691b1f5d6c3544\"},\"headline\":\"VIII Jornada de la Salud, Higiene y Seguridad en el Trabajo en la UNSL\",\"datePublished\":\"2025-04-14T15:15:54+00:00\",\"dateModified\":\"2025-04-14T15:20:19+00:00\",\"mainEntityOfPage\":{\"@id\":\"https:\\\/\\\/www.fica.unsl.edu.ar\\\/index.php\\\/viii-jornada-de-la-salud-higiene-y-seguridad-en-el-trabajo-en-la-unsl\\\/\"},\"wordCount\":409,\"publisher\":{\"@id\":\"https:\\\/\\\/www.fica.unsl.edu.ar\\\/#organization\"},\"image\":{\"@id\":\"https:\\\/\\\/www.fica.unsl.edu.ar\\\/index.php\\\/viii-jornada-de-la-salud-higiene-y-seguridad-en-el-trabajo-en-la-unsl\\\/#primaryimage\"},\"thumbnailUrl\":\"https:\\\/\\\/www.fica.unsl.edu.ar\\\/wp-content\\\/uploads\\\/2025\\\/04\\\/relaciones-laborales-front.jpg\",\"articleSection\":[\"Noticias\"],\"inLanguage\":\"es-AR\"},{\"@type\":\"WebPage\",\"@id\":\"https:\\\/\\\/www.fica.unsl.edu.ar\\\/index.php\\\/viii-jornada-de-la-salud-higiene-y-seguridad-en-el-trabajo-en-la-unsl\\\/\",\"url\":\"https:\\\/\\\/www.fica.unsl.edu.ar\\\/index.php\\\/viii-jornada-de-la-salud-higiene-y-seguridad-en-el-trabajo-en-la-unsl\\\/\",\"name\":\"VIII Jornada de la Salud, Higiene y Seguridad en el Trabajo en la UNSL - Facultad de Ingenier\u00eda y Ciencias Agropecuarias\",\"isPartOf\":{\"@id\":\"https:\\\/\\\/www.fica.unsl.edu.ar\\\/#website\"},\"primaryImageOfPage\":{\"@id\":\"https:\\\/\\\/www.fica.unsl.edu.ar\\\/index.php\\\/viii-jornada-de-la-salud-higiene-y-seguridad-en-el-trabajo-en-la-unsl\\\/#primaryimage\"},\"image\":{\"@id\":\"https:\\\/\\\/www.fica.unsl.edu.ar\\\/index.php\\\/viii-jornada-de-la-salud-higiene-y-seguridad-en-el-trabajo-en-la-unsl\\\/#primaryimage\"},\"thumbnailUrl\":\"https:\\\/\\\/www.fica.unsl.edu.ar\\\/wp-content\\\/uploads\\\/2025\\\/04\\\/relaciones-laborales-front.jpg\",\"datePublished\":\"2025-04-14T15:15:54+00:00\",\"dateModified\":\"2025-04-14T15:20:19+00:00\",\"inLanguage\":\"es-AR\",\"potentialAction\":[{\"@type\":\"ReadAction\",\"target\":[\"https:\\\/\\\/www.fica.unsl.edu.ar\\\/index.php\\\/viii-jornada-de-la-salud-higiene-y-seguridad-en-el-trabajo-en-la-unsl\\\/\"]}]},{\"@type\":\"ImageObject\",\"inLanguage\":\"es-AR\",\"@id\":\"https:\\\/\\\/www.fica.unsl.edu.ar\\\/index.php\\\/viii-jornada-de-la-salud-higiene-y-seguridad-en-el-trabajo-en-la-unsl\\\/#primaryimage\",\"url\":\"https:\\\/\\\/www.fica.unsl.edu.ar\\\/wp-content\\\/uploads\\\/2025\\\/04\\\/relaciones-laborales-front.jpg\",\"contentUrl\":\"https:\\\/\\\/www.fica.unsl.edu.ar\\\/wp-content\\\/uploads\\\/2025\\\/04\\\/relaciones-laborales-front.jpg\",\"width\":1061,\"height\":585},{\"@type\":\"WebSite\",\"@id\":\"https:\\\/\\\/www.fica.unsl.edu.ar\\\/#website\",\"url\":\"https:\\\/\\\/www.fica.unsl.edu.ar\\\/\",\"name\":\"Facultad de Ingenier\u00eda y Ciencias Agropecuarias\",\"description\":\"\",\"publisher\":{\"@id\":\"https:\\\/\\\/www.fica.unsl.edu.ar\\\/#organization\"},\"potentialAction\":[{\"@type\":\"SearchAction\",\"target\":{\"@type\":\"EntryPoint\",\"urlTemplate\":\"https:\\\/\\\/www.fica.unsl.edu.ar\\\/?s={search_term_string}\"},\"query-input\":{\"@type\":\"PropertyValueSpecification\",\"valueRequired\":true,\"valueName\":\"search_term_string\"}}],\"inLanguage\":\"es-AR\"},{\"@type\":\"Organization\",\"@id\":\"https:\\\/\\\/www.fica.unsl.edu.ar\\\/#organization\",\"name\":\"Facultad de Ingenier\u00eda y Ciencias Agropecuarias\",\"url\":\"https:\\\/\\\/www.fica.unsl.edu.ar\\\/\",\"logo\":{\"@type\":\"ImageObject\",\"inLanguage\":\"es-AR\",\"@id\":\"https:\\\/\\\/www.fica.unsl.edu.ar\\\/#\\\/schema\\\/logo\\\/image\\\/\",\"url\":\"https:\\\/\\\/www.fica.unsl.edu.ar\\\/wp-content\\\/uploads\\\/2021\\\/03\\\/LOGO-1.jpg\",\"contentUrl\":\"https:\\\/\\\/www.fica.unsl.edu.ar\\\/wp-content\\\/uploads\\\/2021\\\/03\\\/LOGO-1.jpg\",\"width\":463,\"height\":145,\"caption\":\"Facultad de Ingenier\u00eda y Ciencias Agropecuarias\"},\"image\":{\"@id\":\"https:\\\/\\\/www.fica.unsl.edu.ar\\\/#\\\/schema\\\/logo\\\/image\\\/\"},\"sameAs\":[\"https:\\\/\\\/www.facebook.com\\\/FICA.UNSL\\\/\",\"https:\\\/\\\/x.com\\\/FICAUNSL\",\"https:\\\/\\\/www.instagram.com\\\/fica.unsl\\\/\",\"https:\\\/\\\/www.youtube.com\\\/channel\\\/UCs2MM53gb2PyBrMySdtWZDQ\"]},{\"@type\":\"Person\",\"@id\":\"https:\\\/\\\/www.fica.unsl.edu.ar\\\/#\\\/schema\\\/person\\\/6058f9c66301868d3a691b1f5d6c3544\",\"name\":\"DATI\"}]}<\/script>\n<!-- \/ Yoast SEO plugin. -->","yoast_head_json":{"title":"VIII Jornada de la Salud, Higiene y Seguridad en el Trabajo en la UNSL - Facultad de Ingenier\u00eda y Ciencias Agropecuarias","robots":{"index":"index","follow":"follow","max-snippet":"max-snippet:-1","max-image-preview":"max-image-preview:large","max-video-preview":"max-video-preview:-1"},"canonical":"https:\/\/www.fica.unsl.edu.ar\/index.php\/viii-jornada-de-la-salud-higiene-y-seguridad-en-el-trabajo-en-la-unsl\/","og_locale":"es_ES","og_type":"article","og_title":"VIII Jornada de la Salud, Higiene y Seguridad en el Trabajo en la UNSL - Facultad de Ingenier\u00eda y Ciencias Agropecuarias","og_description":"El pr\u00f3ximo 29 de abril de 2025, en el Auditorio Mauricio L\u00f3pez de la UNSL, Av. Ej\u00e9rcito de los Andes 950 de la ciudad de&hellip;","og_url":"https:\/\/www.fica.unsl.edu.ar\/index.php\/viii-jornada-de-la-salud-higiene-y-seguridad-en-el-trabajo-en-la-unsl\/","og_site_name":"Facultad de Ingenier\u00eda y Ciencias Agropecuarias","article_publisher":"https:\/\/www.facebook.com\/FICA.UNSL\/","article_published_time":"2025-04-14T15:15:54+00:00","article_modified_time":"2025-04-14T15:20:19+00:00","og_image":[{"width":1061,"height":585,"url":"https:\/\/www.fica.unsl.edu.ar\/wp-content\/uploads\/2025\/04\/relaciones-laborales-front.jpg","type":"image\/jpeg"}],"author":"DATI","twitter_card":"summary_large_image","twitter_creator":"@FICAUNSL","twitter_site":"@FICAUNSL","twitter_misc":{"Escrito por":"DATI","Tiempo de lectura":"2 minutos"},"schema":{"@context":"https:\/\/schema.org","@graph":[{"@type":"Article","@id":"https:\/\/www.fica.unsl.edu.ar\/index.php\/viii-jornada-de-la-salud-higiene-y-seguridad-en-el-trabajo-en-la-unsl\/#article","isPartOf":{"@id":"https:\/\/www.fica.unsl.edu.ar\/index.php\/viii-jornada-de-la-salud-higiene-y-seguridad-en-el-trabajo-en-la-unsl\/"},"author":{"name":"DATI","@id":"https:\/\/www.fica.unsl.edu.ar\/#\/schema\/person\/6058f9c66301868d3a691b1f5d6c3544"},"headline":"VIII Jornada de la Salud, Higiene y Seguridad en el Trabajo en la UNSL","datePublished":"2025-04-14T15:15:54+00:00","dateModified":"2025-04-14T15:20:19+00:00","mainEntityOfPage":{"@id":"https:\/\/www.fica.unsl.edu.ar\/index.php\/viii-jornada-de-la-salud-higiene-y-seguridad-en-el-trabajo-en-la-unsl\/"},"wordCount":409,"publisher":{"@id":"https:\/\/www.fica.unsl.edu.ar\/#organization"},"image":{"@id":"https:\/\/www.fica.unsl.edu.ar\/index.php\/viii-jornada-de-la-salud-higiene-y-seguridad-en-el-trabajo-en-la-unsl\/#primaryimage"},"thumbnailUrl":"https:\/\/www.fica.unsl.edu.ar\/wp-content\/uploads\/2025\/04\/relaciones-laborales-front.jpg","articleSection":["Noticias"],"inLanguage":"es-AR"},{"@type":"WebPage","@id":"https:\/\/www.fica.unsl.edu.ar\/index.php\/viii-jornada-de-la-salud-higiene-y-seguridad-en-el-trabajo-en-la-unsl\/","url":"https:\/\/www.fica.unsl.edu.ar\/index.php\/viii-jornada-de-la-salud-higiene-y-seguridad-en-el-trabajo-en-la-unsl\/","name":"VIII Jornada de la Salud, Higiene y Seguridad en el Trabajo en la UNSL - Facultad de Ingenier\u00eda y Ciencias Agropecuarias","isPartOf":{"@id":"https:\/\/www.fica.unsl.edu.ar\/#website"},"primaryImageOfPage":{"@id":"https:\/\/www.fica.unsl.edu.ar\/index.php\/viii-jornada-de-la-salud-higiene-y-seguridad-en-el-trabajo-en-la-unsl\/#primaryimage"},"image":{"@id":"https:\/\/www.fica.unsl.edu.ar\/index.php\/viii-jornada-de-la-salud-higiene-y-seguridad-en-el-trabajo-en-la-unsl\/#primaryimage"},"thumbnailUrl":"https:\/\/www.fica.unsl.edu.ar\/wp-content\/uploads\/2025\/04\/relaciones-laborales-front.jpg","datePublished":"2025-04-14T15:15:54+00:00","dateModified":"2025-04-14T15:20:19+00:00","inLanguage":"es-AR","potentialAction":[{"@type":"ReadAction","target":["https:\/\/www.fica.unsl.edu.ar\/index.php\/viii-jornada-de-la-salud-higiene-y-seguridad-en-el-trabajo-en-la-unsl\/"]}]},{"@type":"ImageObject","inLanguage":"es-AR","@id":"https:\/\/www.fica.unsl.edu.ar\/index.php\/viii-jornada-de-la-salud-higiene-y-seguridad-en-el-trabajo-en-la-unsl\/#primaryimage","url":"https:\/\/www.fica.unsl.edu.ar\/wp-content\/uploads\/2025\/04\/relaciones-laborales-front.jpg","contentUrl":"https:\/\/www.fica.unsl.edu.ar\/wp-content\/uploads\/2025\/04\/relaciones-laborales-front.jpg","width":1061,"height":585},{"@type":"WebSite","@id":"https:\/\/www.fica.unsl.edu.ar\/#website","url":"https:\/\/www.fica.unsl.edu.ar\/","name":"Facultad de Ingenier\u00eda y Ciencias Agropecuarias","description":"","publisher":{"@id":"https:\/\/www.fica.unsl.edu.ar\/#organization"},"potentialAction":[{"@type":"SearchAction","target":{"@type":"EntryPoint","urlTemplate":"https:\/\/www.fica.unsl.edu.ar\/?s={search_term_string}"},"query-input":{"@type":"PropertyValueSpecification","valueRequired":true,"valueName":"search_term_string"}}],"inLanguage":"es-AR"},{"@type":"Organization","@id":"https:\/\/www.fica.unsl.edu.ar\/#organization","name":"Facultad de Ingenier\u00eda y Ciencias Agropecuarias","url":"https:\/\/www.fica.unsl.edu.ar\/","logo":{"@type":"ImageObject","inLanguage":"es-AR","@id":"https:\/\/www.fica.unsl.edu.ar\/#\/schema\/logo\/image\/","url":"https:\/\/www.fica.unsl.edu.ar\/wp-content\/uploads\/2021\/03\/LOGO-1.jpg","contentUrl":"https:\/\/www.fica.unsl.edu.ar\/wp-content\/uploads\/2021\/03\/LOGO-1.jpg","width":463,"height":145,"caption":"Facultad de Ingenier\u00eda y Ciencias Agropecuarias"},"image":{"@id":"https:\/\/www.fica.unsl.edu.ar\/#\/schema\/logo\/image\/"},"sameAs":["https:\/\/www.facebook.com\/FICA.UNSL\/","https:\/\/x.com\/FICAUNSL","https:\/\/www.instagram.com\/fica.unsl\/","https:\/\/www.youtube.com\/channel\/UCs2MM53gb2PyBrMySdtWZDQ"]},{"@type":"Person","@id":"https:\/\/www.fica.unsl.edu.ar\/#\/schema\/person\/6058f9c66301868d3a691b1f5d6c3544","name":"DATI"}]}},"_links":{"self":[{"href":"https:\/\/www.fica.unsl.edu.ar\/index.php\/wp-json\/wp\/v2\/posts\/19762","targetHints":{"allow":["GET"]}}],"collection":[{"href":"https:\/\/www.fica.unsl.edu.ar\/index.php\/wp-json\/wp\/v2\/posts"}],"about":[{"href":"https:\/\/www.fica.unsl.edu.ar\/index.php\/wp-json\/wp\/v2\/types\/post"}],"author":[{"embeddable":true,"href":"https:\/\/www.fica.unsl.edu.ar\/index.php\/wp-json\/wp\/v2\/users\/9"}],"replies":[{"embeddable":true,"href":"https:\/\/www.fica.unsl.edu.ar\/index.php\/wp-json\/wp\/v2\/comments?post=19762"}],"version-history":[{"count":2,"href":"https:\/\/www.fica.unsl.edu.ar\/index.php\/wp-json\/wp\/v2\/posts\/19762\/revisions"}],"predecessor-version":[{"id":19765,"href":"https:\/\/www.fica.unsl.edu.ar\/index.php\/wp-json\/wp\/v2\/posts\/19762\/revisions\/19765"}],"wp:featuredmedia":[{"embeddable":true,"href":"https:\/\/www.fica.unsl.edu.ar\/index.php\/wp-json\/wp\/v2\/media\/19763"}],"wp:attachment":[{"href":"https:\/\/www.fica.unsl.edu.ar\/index.php\/wp-json\/wp\/v2\/media?parent=19762"}],"wp:term":[{"taxonomy":"category","embeddable":true,"href":"https:\/\/www.fica.unsl.edu.ar\/index.php\/wp-json\/wp\/v2\/categories?post=19762"},{"taxonomy":"post_tag","embeddable":true,"href":"https:\/\/www.fica.unsl.edu.ar\/index.php\/wp-json\/wp\/v2\/tags?post=19762"}],"curies":[{"name":"wp","href":"https:\/\/api.w.org\/{rel}","templated":true}]}}