{"id":19771,"date":"2025-04-21T13:47:32","date_gmt":"2025-04-21T16:47:32","guid":{"rendered":"http:\/\/10.101.10.196\/www\/?p=19771"},"modified":"2025-05-13T14:04:49","modified_gmt":"2025-05-13T17:04:49","slug":"liderazgo-y-neuroliderazgo-en-la-era-4-0-curso-virtual-con-la-mgtr-gemma-gonzalez-andres","status":"publish","type":"post","link":"https:\/\/www.fica.unsl.edu.ar\/index.php\/liderazgo-y-neuroliderazgo-en-la-era-4-0-curso-virtual-con-la-mgtr-gemma-gonzalez-andres\/","title":{"rendered":"Liderazgo y neuroliderazgo en la era 4.0: curso virtual con la Mgtr. Gemma Gonz\u00e1lez Andr\u00e9s"},"content":{"rendered":"<p class=\"\" data-start=\"185\" data-end=\"1975\">La Secretar\u00eda de Extensi\u00f3n Universitaria de la FICA invita al curso <strong data-start=\"253\" data-end=\"337\">\u201cLiderazgo en un mundo 4.0: Desarrollo Tecnol\u00f3gico Exponencial y Neuroliderazgo\u201d<\/strong>, que brindar\u00e1 la <strong data-start=\"355\" data-end=\"386\">Mgtr. Gemma Gonz\u00e1lez Andr\u00e9s<\/strong> en el marco de la tercera cohorte de la Diplomatura <strong data-start=\"439\" data-end=\"484\">\u201cGesti\u00f3n de Competencias Interpersonales\u201d<\/strong>.<br \/>\n<br data-start=\"485\" data-end=\"488\" \/>Este m\u00f3dulo se desarrollar\u00e1 los d\u00edas <strong data-start=\"525\" data-end=\"552\">25 de abril y 9 de mayo<\/strong>, de manera virtual. El curso es <strong data-start=\"585\" data-end=\"599\">arancelado<\/strong> para docentes, empresas, estudiantes externos a la FICA, profesionales y p\u00fablico en general; y <strong data-start=\"695\" data-end=\"715\">libre y gratuito<\/strong> para estudiantes de la FICA.<\/p>\n<p class=\"\" data-start=\"185\" data-end=\"1975\">Tiene como objetivo desarrollar <strong data-start=\"779\" data-end=\"824\">habilidades interpersonales del liderazgo<\/strong> aplicables en distintos contextos organizacionales. Se enmarca en el prop\u00f3sito institucional de \u201cpromover la formaci\u00f3n integral de calidad \u2014humana, \u00e9tica, cognitiva, sociopol\u00edtica y profesional\u2014 en todos sus niveles educativos, que garantice la democratizaci\u00f3n del conocimiento y la educaci\u00f3n permanente\u201d.<\/p>\n<p class=\"\" data-start=\"185\" data-end=\"1975\">La Mgtr. <strong data-start=\"1142\" data-end=\"1167\">Gemma Gonz\u00e1lez Andr\u00e9s<\/strong> es <strong data-start=\"1171\" data-end=\"1207\">Titulada Superior en Inform\u00e1tica<\/strong> por la Universidad Polit\u00e9cnica de Madrid. Posee un <strong data-start=\"1259\" data-end=\"1302\">M\u00e1ster en Direcci\u00f3n de Recursos Humanos<\/strong> por el Colegio de Polit\u00f3logos y Soci\u00f3logos de Madrid. Es <strong data-start=\"1360\" data-end=\"1379\">Executive Coach<\/strong> por Intuicion Coaching, certificada en <strong data-start=\"1419\" data-end=\"1437\">Brief Coaching<\/strong> por Peter Szabo en Basilea (Suiza), y <strong data-start=\"1476\" data-end=\"1499\">Practitioner en PNL<\/strong> por el Instituto de Potencial Humano.<\/p>\n<p class=\"\" data-start=\"185\" data-end=\"1975\">Cuenta adem\u00e1s con formaci\u00f3n en <strong data-start=\"1571\" data-end=\"1593\">Executive Coaching<\/strong> por el College of Personal Development (Reino Unido) y en <strong data-start=\"1652\" data-end=\"1678\">Indagaci\u00f3n Apreciativa<\/strong> con Miriam Subirana. Est\u00e1 certificada en <strong data-start=\"1720\" data-end=\"1759\">CTT (Cultural Transformation Tools)<\/strong> de Richard Barrett, es <strong data-start=\"1783\" data-end=\"1797\">I4 Trainer<\/strong> y especialista en el modelo <strong data-start=\"1826\" data-end=\"1850\">i4 de Neuroliderazgo<\/strong> del About my Brain Institute.<br data-start=\"1880\" data-end=\"1883\" \/>Quienes deseen participar deber\u00e1n <strong data-start=\"1917\" data-end=\"1944\">inscribirse previamente<\/strong> a trav\u00e9s del siguiente enlace:<\/p>\n<h3 style=\"text-align: center;\" data-start=\"1977\" data-end=\"2015\"><strong><span style=\"color: #0000ff;\"><a style=\"color: #0000ff;\" href=\"https:\/\/docs.google.com\/forms\/d\/e\/1FAIpQLSegfGSPrZAVCWLUF38h6dLHb5Gt2C_5AbDKpbWNxF-XbsvNtg\/viewform\" target=\"_blank\" rel=\"noopener\">FORMULARIO DE INSCRIPCI\u00d3N<\/a><\/span><\/strong><\/h3>\n<p class=\"\" data-start=\"2017\" data-end=\"2213\">Los aranceles deben ser depositados en la siguiente cuenta perteneciente a la Fundaci\u00f3n Universidad Nacional de San Luis:<br data-start=\"2138\" data-end=\"2141\" \/><strong data-start=\"2141\" data-end=\"2150\">CUIT:<\/strong> 30-64873112-0<br data-start=\"2164\" data-end=\"2167\" \/><strong data-start=\"2167\" data-end=\"2175\">IVA:<\/strong> Exento<br data-start=\"2182\" data-end=\"2185\" \/><strong data-start=\"2185\" data-end=\"2194\">IIBB:<\/strong> 12-30-64873112-0<\/p>\n<p class=\"\" data-start=\"2215\" data-end=\"2376\"><strong data-start=\"2215\" data-end=\"2235\">DATOS BANCARIOS:<\/strong><br data-start=\"2235\" data-end=\"2238\" \/>CBU N\u00ba 0340225400225222225013<br data-start=\"2267\" data-end=\"2270\" \/>Cta. Cte. en Pesos N\u00ba 225222225-1<br data-start=\"2303\" data-end=\"2306\" \/>Alias: F.U.N.S.L<br data-start=\"2322\" data-end=\"2325\" \/>Banco Patagonia S.A. (Sucursal N\u00ba 225 \u2013 San Luis)<\/p>\n<p class=\"\" data-start=\"2378\" data-end=\"2520\"><strong data-start=\"2378\" data-end=\"2393\">Importante:<\/strong> Enviar por correo electr\u00f3nico el comprobante de pago junto con los siguientes datos completos para la emisi\u00f3n de la factura:<\/p>\n<ol data-start=\"2521\" data-end=\"2617\">\n<li class=\"\" data-start=\"2521\" data-end=\"2578\">\n<p class=\"\" data-start=\"2524\" data-end=\"2578\">Raz\u00f3n social y CUIT o nombre de persona f\u00edsica y DNI<\/p>\n<\/li>\n<li class=\"\" data-start=\"2579\" data-end=\"2593\">\n<p class=\"\" data-start=\"2582\" data-end=\"2593\">Direcci\u00f3n<\/p>\n<\/li>\n<li class=\"\" data-start=\"2594\" data-end=\"2617\">\n<p class=\"\" data-start=\"2597\" data-end=\"2617\">Referencia de pago<\/p>\n<\/li>\n<\/ol>\n<p class=\"\" data-start=\"2619\" data-end=\"2680\"><strong data-start=\"2619\" data-end=\"2678\">De no enviarse estos datos, NO se realizar\u00e1 la factura.<\/strong><\/p>\n<p class=\"\" data-start=\"2682\" data-end=\"2764\">Correos de contacto:<br data-start=\"2702\" data-end=\"2705\" \/>\ud83d\udce7 <a rel=\"noopener\" data-start=\"2708\" data-end=\"2732\">unsl.fundacion@gmail.com<\/a><br data-start=\"2732\" data-end=\"2735\" \/>\ud83d\udce7 <a rel=\"noopener\" data-start=\"2738\" data-end=\"2762\">diplomaturagci@gmail.com<\/a><\/p>\n<p class=\"\" data-start=\"2766\" data-end=\"2872\">Los <strong data-start=\"2770\" data-end=\"2816\">gastos bancarios est\u00e1n a cargo del cliente<\/strong>. Se recomienda efectuar el pago mediante transferencia.<\/p>\n<p data-start=\"2766\" data-end=\"2872\"><span style=\"color: #0000ff;\"><strong>Consultas: diplomaturagci@gmail.com <\/strong><\/span><\/p>\n","protected":false},"excerpt":{"rendered":"<p>La Secretar\u00eda de Extensi\u00f3n Universitaria de la FICA invita al curso \u201cLiderazgo en un mundo 4.0: Desarrollo Tecnol\u00f3gico Exponencial y Neuroliderazgo\u201d, que brindar\u00e1 la Mgtr.&hellip;<\/p>\n","protected":false},"author":9,"featured_media":19772,"comment_status":"closed","ping_status":"closed","sticky":false,"template":"","format":"standard","meta":{"_monsterinsights_skip_tracking":false,"_monsterinsights_sitenote_active":false,"_monsterinsights_sitenote_note":"","_monsterinsights_sitenote_category":0,"_joinchat":[],"footnotes":""},"categories":[19],"tags":[],"class_list":["post-19771","post","type-post","status-publish","format-standard","has-post-thumbnail","hentry","category-noticias"],"yoast_head":"<!-- This site is optimized with the Yoast SEO plugin v27.4 - https:\/\/yoast.com\/product\/yoast-seo-wordpress\/ -->\n<title>Liderazgo y neuroliderazgo en la era 4.0: curso virtual con la Mgtr. Gemma Gonz\u00e1lez Andr\u00e9s - Facultad de Ingenier\u00eda y Ciencias Agropecuarias<\/title>\n<meta name=\"robots\" content=\"index, follow, max-snippet:-1, max-image-preview:large, max-video-preview:-1\" \/>\n<link rel=\"canonical\" href=\"https:\/\/www.fica.unsl.edu.ar\/index.php\/liderazgo-y-neuroliderazgo-en-la-era-4-0-curso-virtual-con-la-mgtr-gemma-gonzalez-andres\/\" \/>\n<meta property=\"og:locale\" content=\"es_ES\" \/>\n<meta property=\"og:type\" content=\"article\" \/>\n<meta property=\"og:title\" content=\"Liderazgo y neuroliderazgo en la era 4.0: curso virtual con la Mgtr. Gemma Gonz\u00e1lez Andr\u00e9s - Facultad de Ingenier\u00eda y Ciencias Agropecuarias\" \/>\n<meta property=\"og:description\" content=\"La Secretar\u00eda de Extensi\u00f3n Universitaria de la FICA invita al curso \u201cLiderazgo en un mundo 4.0: Desarrollo Tecnol\u00f3gico Exponencial y Neuroliderazgo\u201d, que brindar\u00e1 la Mgtr.&hellip;\" \/>\n<meta property=\"og:url\" content=\"https:\/\/www.fica.unsl.edu.ar\/index.php\/liderazgo-y-neuroliderazgo-en-la-era-4-0-curso-virtual-con-la-mgtr-gemma-gonzalez-andres\/\" \/>\n<meta property=\"og:site_name\" content=\"Facultad de Ingenier\u00eda y Ciencias Agropecuarias\" \/>\n<meta property=\"article:publisher\" content=\"https:\/\/www.facebook.com\/FICA.UNSL\/\" \/>\n<meta property=\"article:published_time\" content=\"2025-04-21T16:47:32+00:00\" \/>\n<meta property=\"article:modified_time\" content=\"2025-05-13T17:04:49+00:00\" \/>\n<meta property=\"og:image\" content=\"https:\/\/www.fica.unsl.edu.ar\/wp-content\/uploads\/2025\/04\/PLACA-WEB-FICAneuroliderazgo.jpg\" \/>\n\t<meta property=\"og:image:width\" content=\"1153\" \/>\n\t<meta property=\"og:image:height\" content=\"648\" \/>\n\t<meta property=\"og:image:type\" content=\"image\/jpeg\" \/>\n<meta name=\"author\" content=\"DATI\" \/>\n<meta name=\"twitter:card\" content=\"summary_large_image\" \/>\n<meta name=\"twitter:creator\" content=\"@FICAUNSL\" \/>\n<meta name=\"twitter:site\" content=\"@FICAUNSL\" \/>\n<meta name=\"twitter:label1\" content=\"Escrito por\" \/>\n\t<meta name=\"twitter:data1\" content=\"DATI\" \/>\n\t<meta name=\"twitter:label2\" content=\"Tiempo de lectura\" \/>\n\t<meta name=\"twitter:data2\" content=\"2 minutos\" \/>\n<script type=\"application\/ld+json\" class=\"yoast-schema-graph\">{\"@context\":\"https:\\\/\\\/schema.org\",\"@graph\":[{\"@type\":\"Article\",\"@id\":\"https:\\\/\\\/www.fica.unsl.edu.ar\\\/index.php\\\/liderazgo-y-neuroliderazgo-en-la-era-4-0-curso-virtual-con-la-mgtr-gemma-gonzalez-andres\\\/#article\",\"isPartOf\":{\"@id\":\"https:\\\/\\\/www.fica.unsl.edu.ar\\\/index.php\\\/liderazgo-y-neuroliderazgo-en-la-era-4-0-curso-virtual-con-la-mgtr-gemma-gonzalez-andres\\\/\"},\"author\":{\"name\":\"DATI\",\"@id\":\"https:\\\/\\\/www.fica.unsl.edu.ar\\\/#\\\/schema\\\/person\\\/6058f9c66301868d3a691b1f5d6c3544\"},\"headline\":\"Liderazgo y neuroliderazgo en la era 4.0: curso virtual con la Mgtr. Gemma Gonz\u00e1lez Andr\u00e9s\",\"datePublished\":\"2025-04-21T16:47:32+00:00\",\"dateModified\":\"2025-05-13T17:04:49+00:00\",\"mainEntityOfPage\":{\"@id\":\"https:\\\/\\\/www.fica.unsl.edu.ar\\\/index.php\\\/liderazgo-y-neuroliderazgo-en-la-era-4-0-curso-virtual-con-la-mgtr-gemma-gonzalez-andres\\\/\"},\"wordCount\":425,\"publisher\":{\"@id\":\"https:\\\/\\\/www.fica.unsl.edu.ar\\\/#organization\"},\"image\":{\"@id\":\"https:\\\/\\\/www.fica.unsl.edu.ar\\\/index.php\\\/liderazgo-y-neuroliderazgo-en-la-era-4-0-curso-virtual-con-la-mgtr-gemma-gonzalez-andres\\\/#primaryimage\"},\"thumbnailUrl\":\"https:\\\/\\\/www.fica.unsl.edu.ar\\\/wp-content\\\/uploads\\\/2025\\\/04\\\/PLACA-WEB-FICAneuroliderazgo.jpg\",\"articleSection\":[\"Noticias\"],\"inLanguage\":\"es-AR\"},{\"@type\":\"WebPage\",\"@id\":\"https:\\\/\\\/www.fica.unsl.edu.ar\\\/index.php\\\/liderazgo-y-neuroliderazgo-en-la-era-4-0-curso-virtual-con-la-mgtr-gemma-gonzalez-andres\\\/\",\"url\":\"https:\\\/\\\/www.fica.unsl.edu.ar\\\/index.php\\\/liderazgo-y-neuroliderazgo-en-la-era-4-0-curso-virtual-con-la-mgtr-gemma-gonzalez-andres\\\/\",\"name\":\"Liderazgo y neuroliderazgo en la era 4.0: curso virtual con la Mgtr. Gemma Gonz\u00e1lez Andr\u00e9s - Facultad de Ingenier\u00eda y Ciencias Agropecuarias\",\"isPartOf\":{\"@id\":\"https:\\\/\\\/www.fica.unsl.edu.ar\\\/#website\"},\"primaryImageOfPage\":{\"@id\":\"https:\\\/\\\/www.fica.unsl.edu.ar\\\/index.php\\\/liderazgo-y-neuroliderazgo-en-la-era-4-0-curso-virtual-con-la-mgtr-gemma-gonzalez-andres\\\/#primaryimage\"},\"image\":{\"@id\":\"https:\\\/\\\/www.fica.unsl.edu.ar\\\/index.php\\\/liderazgo-y-neuroliderazgo-en-la-era-4-0-curso-virtual-con-la-mgtr-gemma-gonzalez-andres\\\/#primaryimage\"},\"thumbnailUrl\":\"https:\\\/\\\/www.fica.unsl.edu.ar\\\/wp-content\\\/uploads\\\/2025\\\/04\\\/PLACA-WEB-FICAneuroliderazgo.jpg\",\"datePublished\":\"2025-04-21T16:47:32+00:00\",\"dateModified\":\"2025-05-13T17:04:49+00:00\",\"inLanguage\":\"es-AR\",\"potentialAction\":[{\"@type\":\"ReadAction\",\"target\":[\"https:\\\/\\\/www.fica.unsl.edu.ar\\\/index.php\\\/liderazgo-y-neuroliderazgo-en-la-era-4-0-curso-virtual-con-la-mgtr-gemma-gonzalez-andres\\\/\"]}]},{\"@type\":\"ImageObject\",\"inLanguage\":\"es-AR\",\"@id\":\"https:\\\/\\\/www.fica.unsl.edu.ar\\\/index.php\\\/liderazgo-y-neuroliderazgo-en-la-era-4-0-curso-virtual-con-la-mgtr-gemma-gonzalez-andres\\\/#primaryimage\",\"url\":\"https:\\\/\\\/www.fica.unsl.edu.ar\\\/wp-content\\\/uploads\\\/2025\\\/04\\\/PLACA-WEB-FICAneuroliderazgo.jpg\",\"contentUrl\":\"https:\\\/\\\/www.fica.unsl.edu.ar\\\/wp-content\\\/uploads\\\/2025\\\/04\\\/PLACA-WEB-FICAneuroliderazgo.jpg\",\"width\":1153,\"height\":648},{\"@type\":\"WebSite\",\"@id\":\"https:\\\/\\\/www.fica.unsl.edu.ar\\\/#website\",\"url\":\"https:\\\/\\\/www.fica.unsl.edu.ar\\\/\",\"name\":\"Facultad de Ingenier\u00eda y Ciencias Agropecuarias\",\"description\":\"\",\"publisher\":{\"@id\":\"https:\\\/\\\/www.fica.unsl.edu.ar\\\/#organization\"},\"potentialAction\":[{\"@type\":\"SearchAction\",\"target\":{\"@type\":\"EntryPoint\",\"urlTemplate\":\"https:\\\/\\\/www.fica.unsl.edu.ar\\\/?s={search_term_string}\"},\"query-input\":{\"@type\":\"PropertyValueSpecification\",\"valueRequired\":true,\"valueName\":\"search_term_string\"}}],\"inLanguage\":\"es-AR\"},{\"@type\":\"Organization\",\"@id\":\"https:\\\/\\\/www.fica.unsl.edu.ar\\\/#organization\",\"name\":\"Facultad de Ingenier\u00eda y Ciencias Agropecuarias\",\"url\":\"https:\\\/\\\/www.fica.unsl.edu.ar\\\/\",\"logo\":{\"@type\":\"ImageObject\",\"inLanguage\":\"es-AR\",\"@id\":\"https:\\\/\\\/www.fica.unsl.edu.ar\\\/#\\\/schema\\\/logo\\\/image\\\/\",\"url\":\"https:\\\/\\\/www.fica.unsl.edu.ar\\\/wp-content\\\/uploads\\\/2021\\\/03\\\/LOGO-1.jpg\",\"contentUrl\":\"https:\\\/\\\/www.fica.unsl.edu.ar\\\/wp-content\\\/uploads\\\/2021\\\/03\\\/LOGO-1.jpg\",\"width\":463,\"height\":145,\"caption\":\"Facultad de Ingenier\u00eda y Ciencias Agropecuarias\"},\"image\":{\"@id\":\"https:\\\/\\\/www.fica.unsl.edu.ar\\\/#\\\/schema\\\/logo\\\/image\\\/\"},\"sameAs\":[\"https:\\\/\\\/www.facebook.com\\\/FICA.UNSL\\\/\",\"https:\\\/\\\/x.com\\\/FICAUNSL\",\"https:\\\/\\\/www.instagram.com\\\/fica.unsl\\\/\",\"https:\\\/\\\/www.youtube.com\\\/channel\\\/UCs2MM53gb2PyBrMySdtWZDQ\"]},{\"@type\":\"Person\",\"@id\":\"https:\\\/\\\/www.fica.unsl.edu.ar\\\/#\\\/schema\\\/person\\\/6058f9c66301868d3a691b1f5d6c3544\",\"name\":\"DATI\"}]}<\/script>\n<!-- \/ Yoast SEO plugin. -->","yoast_head_json":{"title":"Liderazgo y neuroliderazgo en la era 4.0: curso virtual con la Mgtr. Gemma Gonz\u00e1lez Andr\u00e9s - Facultad de Ingenier\u00eda y Ciencias Agropecuarias","robots":{"index":"index","follow":"follow","max-snippet":"max-snippet:-1","max-image-preview":"max-image-preview:large","max-video-preview":"max-video-preview:-1"},"canonical":"https:\/\/www.fica.unsl.edu.ar\/index.php\/liderazgo-y-neuroliderazgo-en-la-era-4-0-curso-virtual-con-la-mgtr-gemma-gonzalez-andres\/","og_locale":"es_ES","og_type":"article","og_title":"Liderazgo y neuroliderazgo en la era 4.0: curso virtual con la Mgtr. Gemma Gonz\u00e1lez Andr\u00e9s - Facultad de Ingenier\u00eda y Ciencias Agropecuarias","og_description":"La Secretar\u00eda de Extensi\u00f3n Universitaria de la FICA invita al curso \u201cLiderazgo en un mundo 4.0: Desarrollo Tecnol\u00f3gico Exponencial y Neuroliderazgo\u201d, que brindar\u00e1 la Mgtr.&hellip;","og_url":"https:\/\/www.fica.unsl.edu.ar\/index.php\/liderazgo-y-neuroliderazgo-en-la-era-4-0-curso-virtual-con-la-mgtr-gemma-gonzalez-andres\/","og_site_name":"Facultad de Ingenier\u00eda y Ciencias Agropecuarias","article_publisher":"https:\/\/www.facebook.com\/FICA.UNSL\/","article_published_time":"2025-04-21T16:47:32+00:00","article_modified_time":"2025-05-13T17:04:49+00:00","og_image":[{"width":1153,"height":648,"url":"https:\/\/www.fica.unsl.edu.ar\/wp-content\/uploads\/2025\/04\/PLACA-WEB-FICAneuroliderazgo.jpg","type":"image\/jpeg"}],"author":"DATI","twitter_card":"summary_large_image","twitter_creator":"@FICAUNSL","twitter_site":"@FICAUNSL","twitter_misc":{"Escrito por":"DATI","Tiempo de lectura":"2 minutos"},"schema":{"@context":"https:\/\/schema.org","@graph":[{"@type":"Article","@id":"https:\/\/www.fica.unsl.edu.ar\/index.php\/liderazgo-y-neuroliderazgo-en-la-era-4-0-curso-virtual-con-la-mgtr-gemma-gonzalez-andres\/#article","isPartOf":{"@id":"https:\/\/www.fica.unsl.edu.ar\/index.php\/liderazgo-y-neuroliderazgo-en-la-era-4-0-curso-virtual-con-la-mgtr-gemma-gonzalez-andres\/"},"author":{"name":"DATI","@id":"https:\/\/www.fica.unsl.edu.ar\/#\/schema\/person\/6058f9c66301868d3a691b1f5d6c3544"},"headline":"Liderazgo y neuroliderazgo en la era 4.0: curso virtual con la Mgtr. Gemma Gonz\u00e1lez Andr\u00e9s","datePublished":"2025-04-21T16:47:32+00:00","dateModified":"2025-05-13T17:04:49+00:00","mainEntityOfPage":{"@id":"https:\/\/www.fica.unsl.edu.ar\/index.php\/liderazgo-y-neuroliderazgo-en-la-era-4-0-curso-virtual-con-la-mgtr-gemma-gonzalez-andres\/"},"wordCount":425,"publisher":{"@id":"https:\/\/www.fica.unsl.edu.ar\/#organization"},"image":{"@id":"https:\/\/www.fica.unsl.edu.ar\/index.php\/liderazgo-y-neuroliderazgo-en-la-era-4-0-curso-virtual-con-la-mgtr-gemma-gonzalez-andres\/#primaryimage"},"thumbnailUrl":"https:\/\/www.fica.unsl.edu.ar\/wp-content\/uploads\/2025\/04\/PLACA-WEB-FICAneuroliderazgo.jpg","articleSection":["Noticias"],"inLanguage":"es-AR"},{"@type":"WebPage","@id":"https:\/\/www.fica.unsl.edu.ar\/index.php\/liderazgo-y-neuroliderazgo-en-la-era-4-0-curso-virtual-con-la-mgtr-gemma-gonzalez-andres\/","url":"https:\/\/www.fica.unsl.edu.ar\/index.php\/liderazgo-y-neuroliderazgo-en-la-era-4-0-curso-virtual-con-la-mgtr-gemma-gonzalez-andres\/","name":"Liderazgo y neuroliderazgo en la era 4.0: curso virtual con la Mgtr. Gemma Gonz\u00e1lez Andr\u00e9s - Facultad de Ingenier\u00eda y Ciencias Agropecuarias","isPartOf":{"@id":"https:\/\/www.fica.unsl.edu.ar\/#website"},"primaryImageOfPage":{"@id":"https:\/\/www.fica.unsl.edu.ar\/index.php\/liderazgo-y-neuroliderazgo-en-la-era-4-0-curso-virtual-con-la-mgtr-gemma-gonzalez-andres\/#primaryimage"},"image":{"@id":"https:\/\/www.fica.unsl.edu.ar\/index.php\/liderazgo-y-neuroliderazgo-en-la-era-4-0-curso-virtual-con-la-mgtr-gemma-gonzalez-andres\/#primaryimage"},"thumbnailUrl":"https:\/\/www.fica.unsl.edu.ar\/wp-content\/uploads\/2025\/04\/PLACA-WEB-FICAneuroliderazgo.jpg","datePublished":"2025-04-21T16:47:32+00:00","dateModified":"2025-05-13T17:04:49+00:00","inLanguage":"es-AR","potentialAction":[{"@type":"ReadAction","target":["https:\/\/www.fica.unsl.edu.ar\/index.php\/liderazgo-y-neuroliderazgo-en-la-era-4-0-curso-virtual-con-la-mgtr-gemma-gonzalez-andres\/"]}]},{"@type":"ImageObject","inLanguage":"es-AR","@id":"https:\/\/www.fica.unsl.edu.ar\/index.php\/liderazgo-y-neuroliderazgo-en-la-era-4-0-curso-virtual-con-la-mgtr-gemma-gonzalez-andres\/#primaryimage","url":"https:\/\/www.fica.unsl.edu.ar\/wp-content\/uploads\/2025\/04\/PLACA-WEB-FICAneuroliderazgo.jpg","contentUrl":"https:\/\/www.fica.unsl.edu.ar\/wp-content\/uploads\/2025\/04\/PLACA-WEB-FICAneuroliderazgo.jpg","width":1153,"height":648},{"@type":"WebSite","@id":"https:\/\/www.fica.unsl.edu.ar\/#website","url":"https:\/\/www.fica.unsl.edu.ar\/","name":"Facultad de Ingenier\u00eda y Ciencias Agropecuarias","description":"","publisher":{"@id":"https:\/\/www.fica.unsl.edu.ar\/#organization"},"potentialAction":[{"@type":"SearchAction","target":{"@type":"EntryPoint","urlTemplate":"https:\/\/www.fica.unsl.edu.ar\/?s={search_term_string}"},"query-input":{"@type":"PropertyValueSpecification","valueRequired":true,"valueName":"search_term_string"}}],"inLanguage":"es-AR"},{"@type":"Organization","@id":"https:\/\/www.fica.unsl.edu.ar\/#organization","name":"Facultad de Ingenier\u00eda y Ciencias Agropecuarias","url":"https:\/\/www.fica.unsl.edu.ar\/","logo":{"@type":"ImageObject","inLanguage":"es-AR","@id":"https:\/\/www.fica.unsl.edu.ar\/#\/schema\/logo\/image\/","url":"https:\/\/www.fica.unsl.edu.ar\/wp-content\/uploads\/2021\/03\/LOGO-1.jpg","contentUrl":"https:\/\/www.fica.unsl.edu.ar\/wp-content\/uploads\/2021\/03\/LOGO-1.jpg","width":463,"height":145,"caption":"Facultad de Ingenier\u00eda y Ciencias Agropecuarias"},"image":{"@id":"https:\/\/www.fica.unsl.edu.ar\/#\/schema\/logo\/image\/"},"sameAs":["https:\/\/www.facebook.com\/FICA.UNSL\/","https:\/\/x.com\/FICAUNSL","https:\/\/www.instagram.com\/fica.unsl\/","https:\/\/www.youtube.com\/channel\/UCs2MM53gb2PyBrMySdtWZDQ"]},{"@type":"Person","@id":"https:\/\/www.fica.unsl.edu.ar\/#\/schema\/person\/6058f9c66301868d3a691b1f5d6c3544","name":"DATI"}]}},"_links":{"self":[{"href":"https:\/\/www.fica.unsl.edu.ar\/index.php\/wp-json\/wp\/v2\/posts\/19771","targetHints":{"allow":["GET"]}}],"collection":[{"href":"https:\/\/www.fica.unsl.edu.ar\/index.php\/wp-json\/wp\/v2\/posts"}],"about":[{"href":"https:\/\/www.fica.unsl.edu.ar\/index.php\/wp-json\/wp\/v2\/types\/post"}],"author":[{"embeddable":true,"href":"https:\/\/www.fica.unsl.edu.ar\/index.php\/wp-json\/wp\/v2\/users\/9"}],"replies":[{"embeddable":true,"href":"https:\/\/www.fica.unsl.edu.ar\/index.php\/wp-json\/wp\/v2\/comments?post=19771"}],"version-history":[{"count":2,"href":"https:\/\/www.fica.unsl.edu.ar\/index.php\/wp-json\/wp\/v2\/posts\/19771\/revisions"}],"predecessor-version":[{"id":19774,"href":"https:\/\/www.fica.unsl.edu.ar\/index.php\/wp-json\/wp\/v2\/posts\/19771\/revisions\/19774"}],"wp:featuredmedia":[{"embeddable":true,"href":"https:\/\/www.fica.unsl.edu.ar\/index.php\/wp-json\/wp\/v2\/media\/19772"}],"wp:attachment":[{"href":"https:\/\/www.fica.unsl.edu.ar\/index.php\/wp-json\/wp\/v2\/media?parent=19771"}],"wp:term":[{"taxonomy":"category","embeddable":true,"href":"https:\/\/www.fica.unsl.edu.ar\/index.php\/wp-json\/wp\/v2\/categories?post=19771"},{"taxonomy":"post_tag","embeddable":true,"href":"https:\/\/www.fica.unsl.edu.ar\/index.php\/wp-json\/wp\/v2\/tags?post=19771"}],"curies":[{"name":"wp","href":"https:\/\/api.w.org\/{rel}","templated":true}]}}