{"id":19799,"date":"2025-04-15T14:48:00","date_gmt":"2025-04-15T17:48:00","guid":{"rendered":"http:\/\/10.101.10.196\/www\/?p=19799"},"modified":"2025-04-24T15:03:45","modified_gmt":"2025-04-24T18:03:45","slug":"la-unsl-reflexiono-sobre-el-derecho-a-la-cultura-desde-una-perspectiva-inclusiva-y-accesible","status":"publish","type":"post","link":"https:\/\/www.fica.unsl.edu.ar\/index.php\/la-unsl-reflexiono-sobre-el-derecho-a-la-cultura-desde-una-perspectiva-inclusiva-y-accesible\/","title":{"rendered":"La UNSL reflexion\u00f3 sobre el derecho a la cultura desde una perspectiva inclusiva y accesible"},"content":{"rendered":"<p>En el marco de las acciones impulsadas por el Programa \u201cUniversidad y Discapacidad\u201d, el pasado mi\u00e9rcoles 23 de abril se realiz\u00f3 en el Microcine de la Universidad Nacional de San Luis (UNSL) una jornada de reflexi\u00f3n sobre el derecho a la cultura desde una mirada inclusiva, interseccional y accesible.<\/p>\n<p>La actividad, que fue libre, gratuita y abierta a toda la comunidad, tuvo como objetivo promover el di\u00e1logo entre el arte, la educaci\u00f3n y la accesibilidad de personas con discapacidad, abordando tanto los marcos normativos que garantizan el acceso a la cultura como las barreras que persisten para muchas personas. Asimismo, se presentaron estrategias y experiencias que permiten pensar en espacios culturales m\u00e1s diversos y respetuosos de los derechos humanos.<\/p>\n<p>La jornada cont\u00f3 con la apertura del Secretario de Extensi\u00f3n Universitaria, Mgtr. Manuel Castillo, y de la Coordinadora del Programa Universidad y Discapacidad, Esp. Mariela Z\u00fa\u00f1iga. Ambas autoridades destacaron la importancia de garantizar el acceso efectivo a los bienes culturales como parte fundamental de una universidad comprometida con la inclusi\u00f3n y los derechos humanos.<\/p>\n<p><img fetchpriority=\"high\" decoding=\"async\" class=\"aligncenter wp-image-20233 size-full\" src=\"https:\/\/www.fcejs.unsl.edu.ar\/wp-content\/uploads\/2025\/04\/Charla-acceder-a-la-cultura-con-perspectiva-inclusiva-sec.jpg\" alt=\"\" width=\"939\" height=\"626\" \/><\/p>\n<p>Entre las expositoras, particip\u00f3 la artista visual y docente Dania Peralta, quien comparti\u00f3 su experiencia en el desarrollo de la muestra \u201cEmociones\u201d, actualmente expuesta en el Centro Cultural UNSL. La propuesta incorpora una gu\u00eda auditiva en cada obra, dise\u00f1ada especialmente para permitir que personas con discapacidad visual puedan disfrutar del arte a trav\u00e9s de una experiencia sensorial.<\/p>\n<p>Tambi\u00e9n disert\u00f3 Mar\u00eda Ver\u00f3nica Rosas, integrante del equipo del Programa Universidad y Discapacidad, quien profundiz\u00f3 en herramientas y recursos para construir espacios culturales accesibles, desde una perspectiva interseccional y con enfoque en derechos.<\/p>\n<p>La actividad cont\u00f3 con la presencia y acompa\u00f1amiento de representantes del \u00e1rea de Prensa Institucional, del Canal UNSL y de la Secretar\u00eda de Extensi\u00f3n Universitaria. La articulaci\u00f3n con estos espacios institucionales refuerza la posibilidad de avanzar en acciones conjuntas orientadas a ampliar el acceso a la cultura en clave de inclusi\u00f3n.<\/p>\n<p>La jornada reafirm\u00f3 el compromiso de la UNSL con la promoci\u00f3n de pol\u00edticas culturales accesibles y con el fortalecimiento de una universidad p\u00fablica que abrace la diversidad y promueva los derechos humanos de todas las personas.+<img decoding=\"async\" class=\"aligncenter size-full wp-image-20234\" src=\"https:\/\/www.fcejs.unsl.edu.ar\/wp-content\/uploads\/2025\/04\/Charla-acceder-a-la-cultura-con-perspectiva-inclusiva-0021.jpg\" alt=\"\" width=\"947\" height=\"625\" \/><\/p>\n<p><strong>NOTA: VICERRECTORADO<\/strong><\/p>\n","protected":false},"excerpt":{"rendered":"<p>En el marco de las acciones impulsadas por el Programa \u201cUniversidad y Discapacidad\u201d, el pasado mi\u00e9rcoles 23 de abril se realiz\u00f3 en el Microcine de&hellip;<\/p>\n","protected":false},"author":9,"featured_media":19800,"comment_status":"closed","ping_status":"closed","sticky":false,"template":"","format":"standard","meta":{"_monsterinsights_skip_tracking":false,"_monsterinsights_sitenote_active":false,"_monsterinsights_sitenote_note":"","_monsterinsights_sitenote_category":0,"_joinchat":[],"footnotes":""},"categories":[19],"tags":[],"class_list":["post-19799","post","type-post","status-publish","format-standard","has-post-thumbnail","hentry","category-noticias"],"yoast_head":"<!-- This site is optimized with the Yoast SEO plugin v27.4 - https:\/\/yoast.com\/product\/yoast-seo-wordpress\/ -->\n<title>La UNSL reflexion\u00f3 sobre el derecho a la cultura desde una perspectiva inclusiva y accesible - Facultad de Ingenier\u00eda y Ciencias Agropecuarias<\/title>\n<meta name=\"robots\" content=\"index, follow, max-snippet:-1, max-image-preview:large, max-video-preview:-1\" \/>\n<link rel=\"canonical\" href=\"https:\/\/www.fica.unsl.edu.ar\/index.php\/la-unsl-reflexiono-sobre-el-derecho-a-la-cultura-desde-una-perspectiva-inclusiva-y-accesible\/\" \/>\n<meta property=\"og:locale\" content=\"es_ES\" \/>\n<meta property=\"og:type\" content=\"article\" \/>\n<meta property=\"og:title\" content=\"La UNSL reflexion\u00f3 sobre el derecho a la cultura desde una perspectiva inclusiva y accesible - Facultad de Ingenier\u00eda y Ciencias Agropecuarias\" \/>\n<meta property=\"og:description\" content=\"En el marco de las acciones impulsadas por el Programa \u201cUniversidad y Discapacidad\u201d, el pasado mi\u00e9rcoles 23 de abril se realiz\u00f3 en el Microcine de&hellip;\" \/>\n<meta property=\"og:url\" content=\"https:\/\/www.fica.unsl.edu.ar\/index.php\/la-unsl-reflexiono-sobre-el-derecho-a-la-cultura-desde-una-perspectiva-inclusiva-y-accesible\/\" \/>\n<meta property=\"og:site_name\" content=\"Facultad de Ingenier\u00eda y Ciencias Agropecuarias\" \/>\n<meta property=\"article:publisher\" content=\"https:\/\/www.facebook.com\/FICA.UNSL\/\" \/>\n<meta property=\"article:published_time\" content=\"2025-04-15T17:48:00+00:00\" \/>\n<meta property=\"article:modified_time\" content=\"2025-04-24T18:03:45+00:00\" \/>\n<meta property=\"og:image\" content=\"https:\/\/www.fica.unsl.edu.ar\/wp-content\/uploads\/2025\/04\/20250423-Charla-acceder-a-la-cultura-con-perspectiva-inclusiva-front.jpg\" \/>\n\t<meta property=\"og:image:width\" content=\"1152\" \/>\n\t<meta property=\"og:image:height\" content=\"647\" \/>\n\t<meta property=\"og:image:type\" content=\"image\/jpeg\" \/>\n<meta name=\"author\" content=\"DATI\" \/>\n<meta name=\"twitter:card\" content=\"summary_large_image\" \/>\n<meta name=\"twitter:creator\" content=\"@FICAUNSL\" \/>\n<meta name=\"twitter:site\" content=\"@FICAUNSL\" \/>\n<meta name=\"twitter:label1\" content=\"Escrito por\" \/>\n\t<meta name=\"twitter:data1\" content=\"DATI\" \/>\n\t<meta name=\"twitter:label2\" content=\"Tiempo de lectura\" \/>\n\t<meta name=\"twitter:data2\" content=\"3 minutos\" \/>\n<script type=\"application\/ld+json\" class=\"yoast-schema-graph\">{\"@context\":\"https:\\\/\\\/schema.org\",\"@graph\":[{\"@type\":\"Article\",\"@id\":\"https:\\\/\\\/www.fica.unsl.edu.ar\\\/index.php\\\/la-unsl-reflexiono-sobre-el-derecho-a-la-cultura-desde-una-perspectiva-inclusiva-y-accesible\\\/#article\",\"isPartOf\":{\"@id\":\"https:\\\/\\\/www.fica.unsl.edu.ar\\\/index.php\\\/la-unsl-reflexiono-sobre-el-derecho-a-la-cultura-desde-una-perspectiva-inclusiva-y-accesible\\\/\"},\"author\":{\"name\":\"DATI\",\"@id\":\"https:\\\/\\\/www.fica.unsl.edu.ar\\\/#\\\/schema\\\/person\\\/6058f9c66301868d3a691b1f5d6c3544\"},\"headline\":\"La UNSL reflexion\u00f3 sobre el derecho a la cultura desde una perspectiva inclusiva y accesible\",\"datePublished\":\"2025-04-15T17:48:00+00:00\",\"dateModified\":\"2025-04-24T18:03:45+00:00\",\"mainEntityOfPage\":{\"@id\":\"https:\\\/\\\/www.fica.unsl.edu.ar\\\/index.php\\\/la-unsl-reflexiono-sobre-el-derecho-a-la-cultura-desde-una-perspectiva-inclusiva-y-accesible\\\/\"},\"wordCount\":388,\"publisher\":{\"@id\":\"https:\\\/\\\/www.fica.unsl.edu.ar\\\/#organization\"},\"image\":{\"@id\":\"https:\\\/\\\/www.fica.unsl.edu.ar\\\/index.php\\\/la-unsl-reflexiono-sobre-el-derecho-a-la-cultura-desde-una-perspectiva-inclusiva-y-accesible\\\/#primaryimage\"},\"thumbnailUrl\":\"https:\\\/\\\/www.fica.unsl.edu.ar\\\/wp-content\\\/uploads\\\/2025\\\/04\\\/20250423-Charla-acceder-a-la-cultura-con-perspectiva-inclusiva-front.jpg\",\"articleSection\":[\"Noticias\"],\"inLanguage\":\"es-AR\"},{\"@type\":\"WebPage\",\"@id\":\"https:\\\/\\\/www.fica.unsl.edu.ar\\\/index.php\\\/la-unsl-reflexiono-sobre-el-derecho-a-la-cultura-desde-una-perspectiva-inclusiva-y-accesible\\\/\",\"url\":\"https:\\\/\\\/www.fica.unsl.edu.ar\\\/index.php\\\/la-unsl-reflexiono-sobre-el-derecho-a-la-cultura-desde-una-perspectiva-inclusiva-y-accesible\\\/\",\"name\":\"La UNSL reflexion\u00f3 sobre el derecho a la cultura desde una perspectiva inclusiva y accesible - Facultad de Ingenier\u00eda y Ciencias Agropecuarias\",\"isPartOf\":{\"@id\":\"https:\\\/\\\/www.fica.unsl.edu.ar\\\/#website\"},\"primaryImageOfPage\":{\"@id\":\"https:\\\/\\\/www.fica.unsl.edu.ar\\\/index.php\\\/la-unsl-reflexiono-sobre-el-derecho-a-la-cultura-desde-una-perspectiva-inclusiva-y-accesible\\\/#primaryimage\"},\"image\":{\"@id\":\"https:\\\/\\\/www.fica.unsl.edu.ar\\\/index.php\\\/la-unsl-reflexiono-sobre-el-derecho-a-la-cultura-desde-una-perspectiva-inclusiva-y-accesible\\\/#primaryimage\"},\"thumbnailUrl\":\"https:\\\/\\\/www.fica.unsl.edu.ar\\\/wp-content\\\/uploads\\\/2025\\\/04\\\/20250423-Charla-acceder-a-la-cultura-con-perspectiva-inclusiva-front.jpg\",\"datePublished\":\"2025-04-15T17:48:00+00:00\",\"dateModified\":\"2025-04-24T18:03:45+00:00\",\"inLanguage\":\"es-AR\",\"potentialAction\":[{\"@type\":\"ReadAction\",\"target\":[\"https:\\\/\\\/www.fica.unsl.edu.ar\\\/index.php\\\/la-unsl-reflexiono-sobre-el-derecho-a-la-cultura-desde-una-perspectiva-inclusiva-y-accesible\\\/\"]}]},{\"@type\":\"ImageObject\",\"inLanguage\":\"es-AR\",\"@id\":\"https:\\\/\\\/www.fica.unsl.edu.ar\\\/index.php\\\/la-unsl-reflexiono-sobre-el-derecho-a-la-cultura-desde-una-perspectiva-inclusiva-y-accesible\\\/#primaryimage\",\"url\":\"https:\\\/\\\/www.fica.unsl.edu.ar\\\/wp-content\\\/uploads\\\/2025\\\/04\\\/20250423-Charla-acceder-a-la-cultura-con-perspectiva-inclusiva-front.jpg\",\"contentUrl\":\"https:\\\/\\\/www.fica.unsl.edu.ar\\\/wp-content\\\/uploads\\\/2025\\\/04\\\/20250423-Charla-acceder-a-la-cultura-con-perspectiva-inclusiva-front.jpg\",\"width\":1152,\"height\":647},{\"@type\":\"WebSite\",\"@id\":\"https:\\\/\\\/www.fica.unsl.edu.ar\\\/#website\",\"url\":\"https:\\\/\\\/www.fica.unsl.edu.ar\\\/\",\"name\":\"Facultad de Ingenier\u00eda y Ciencias Agropecuarias\",\"description\":\"\",\"publisher\":{\"@id\":\"https:\\\/\\\/www.fica.unsl.edu.ar\\\/#organization\"},\"potentialAction\":[{\"@type\":\"SearchAction\",\"target\":{\"@type\":\"EntryPoint\",\"urlTemplate\":\"https:\\\/\\\/www.fica.unsl.edu.ar\\\/?s={search_term_string}\"},\"query-input\":{\"@type\":\"PropertyValueSpecification\",\"valueRequired\":true,\"valueName\":\"search_term_string\"}}],\"inLanguage\":\"es-AR\"},{\"@type\":\"Organization\",\"@id\":\"https:\\\/\\\/www.fica.unsl.edu.ar\\\/#organization\",\"name\":\"Facultad de Ingenier\u00eda y Ciencias Agropecuarias\",\"url\":\"https:\\\/\\\/www.fica.unsl.edu.ar\\\/\",\"logo\":{\"@type\":\"ImageObject\",\"inLanguage\":\"es-AR\",\"@id\":\"https:\\\/\\\/www.fica.unsl.edu.ar\\\/#\\\/schema\\\/logo\\\/image\\\/\",\"url\":\"https:\\\/\\\/www.fica.unsl.edu.ar\\\/wp-content\\\/uploads\\\/2021\\\/03\\\/LOGO-1.jpg\",\"contentUrl\":\"https:\\\/\\\/www.fica.unsl.edu.ar\\\/wp-content\\\/uploads\\\/2021\\\/03\\\/LOGO-1.jpg\",\"width\":463,\"height\":145,\"caption\":\"Facultad de Ingenier\u00eda y Ciencias Agropecuarias\"},\"image\":{\"@id\":\"https:\\\/\\\/www.fica.unsl.edu.ar\\\/#\\\/schema\\\/logo\\\/image\\\/\"},\"sameAs\":[\"https:\\\/\\\/www.facebook.com\\\/FICA.UNSL\\\/\",\"https:\\\/\\\/x.com\\\/FICAUNSL\",\"https:\\\/\\\/www.instagram.com\\\/fica.unsl\\\/\",\"https:\\\/\\\/www.youtube.com\\\/channel\\\/UCs2MM53gb2PyBrMySdtWZDQ\"]},{\"@type\":\"Person\",\"@id\":\"https:\\\/\\\/www.fica.unsl.edu.ar\\\/#\\\/schema\\\/person\\\/6058f9c66301868d3a691b1f5d6c3544\",\"name\":\"DATI\"}]}<\/script>\n<!-- \/ Yoast SEO plugin. -->","yoast_head_json":{"title":"La UNSL reflexion\u00f3 sobre el derecho a la cultura desde una perspectiva inclusiva y accesible - Facultad de Ingenier\u00eda y Ciencias Agropecuarias","robots":{"index":"index","follow":"follow","max-snippet":"max-snippet:-1","max-image-preview":"max-image-preview:large","max-video-preview":"max-video-preview:-1"},"canonical":"https:\/\/www.fica.unsl.edu.ar\/index.php\/la-unsl-reflexiono-sobre-el-derecho-a-la-cultura-desde-una-perspectiva-inclusiva-y-accesible\/","og_locale":"es_ES","og_type":"article","og_title":"La UNSL reflexion\u00f3 sobre el derecho a la cultura desde una perspectiva inclusiva y accesible - Facultad de Ingenier\u00eda y Ciencias Agropecuarias","og_description":"En el marco de las acciones impulsadas por el Programa \u201cUniversidad y Discapacidad\u201d, el pasado mi\u00e9rcoles 23 de abril se realiz\u00f3 en el Microcine de&hellip;","og_url":"https:\/\/www.fica.unsl.edu.ar\/index.php\/la-unsl-reflexiono-sobre-el-derecho-a-la-cultura-desde-una-perspectiva-inclusiva-y-accesible\/","og_site_name":"Facultad de Ingenier\u00eda y Ciencias Agropecuarias","article_publisher":"https:\/\/www.facebook.com\/FICA.UNSL\/","article_published_time":"2025-04-15T17:48:00+00:00","article_modified_time":"2025-04-24T18:03:45+00:00","og_image":[{"width":1152,"height":647,"url":"https:\/\/www.fica.unsl.edu.ar\/wp-content\/uploads\/2025\/04\/20250423-Charla-acceder-a-la-cultura-con-perspectiva-inclusiva-front.jpg","type":"image\/jpeg"}],"author":"DATI","twitter_card":"summary_large_image","twitter_creator":"@FICAUNSL","twitter_site":"@FICAUNSL","twitter_misc":{"Escrito por":"DATI","Tiempo de lectura":"3 minutos"},"schema":{"@context":"https:\/\/schema.org","@graph":[{"@type":"Article","@id":"https:\/\/www.fica.unsl.edu.ar\/index.php\/la-unsl-reflexiono-sobre-el-derecho-a-la-cultura-desde-una-perspectiva-inclusiva-y-accesible\/#article","isPartOf":{"@id":"https:\/\/www.fica.unsl.edu.ar\/index.php\/la-unsl-reflexiono-sobre-el-derecho-a-la-cultura-desde-una-perspectiva-inclusiva-y-accesible\/"},"author":{"name":"DATI","@id":"https:\/\/www.fica.unsl.edu.ar\/#\/schema\/person\/6058f9c66301868d3a691b1f5d6c3544"},"headline":"La UNSL reflexion\u00f3 sobre el derecho a la cultura desde una perspectiva inclusiva y accesible","datePublished":"2025-04-15T17:48:00+00:00","dateModified":"2025-04-24T18:03:45+00:00","mainEntityOfPage":{"@id":"https:\/\/www.fica.unsl.edu.ar\/index.php\/la-unsl-reflexiono-sobre-el-derecho-a-la-cultura-desde-una-perspectiva-inclusiva-y-accesible\/"},"wordCount":388,"publisher":{"@id":"https:\/\/www.fica.unsl.edu.ar\/#organization"},"image":{"@id":"https:\/\/www.fica.unsl.edu.ar\/index.php\/la-unsl-reflexiono-sobre-el-derecho-a-la-cultura-desde-una-perspectiva-inclusiva-y-accesible\/#primaryimage"},"thumbnailUrl":"https:\/\/www.fica.unsl.edu.ar\/wp-content\/uploads\/2025\/04\/20250423-Charla-acceder-a-la-cultura-con-perspectiva-inclusiva-front.jpg","articleSection":["Noticias"],"inLanguage":"es-AR"},{"@type":"WebPage","@id":"https:\/\/www.fica.unsl.edu.ar\/index.php\/la-unsl-reflexiono-sobre-el-derecho-a-la-cultura-desde-una-perspectiva-inclusiva-y-accesible\/","url":"https:\/\/www.fica.unsl.edu.ar\/index.php\/la-unsl-reflexiono-sobre-el-derecho-a-la-cultura-desde-una-perspectiva-inclusiva-y-accesible\/","name":"La UNSL reflexion\u00f3 sobre el derecho a la cultura desde una perspectiva inclusiva y accesible - Facultad de Ingenier\u00eda y Ciencias Agropecuarias","isPartOf":{"@id":"https:\/\/www.fica.unsl.edu.ar\/#website"},"primaryImageOfPage":{"@id":"https:\/\/www.fica.unsl.edu.ar\/index.php\/la-unsl-reflexiono-sobre-el-derecho-a-la-cultura-desde-una-perspectiva-inclusiva-y-accesible\/#primaryimage"},"image":{"@id":"https:\/\/www.fica.unsl.edu.ar\/index.php\/la-unsl-reflexiono-sobre-el-derecho-a-la-cultura-desde-una-perspectiva-inclusiva-y-accesible\/#primaryimage"},"thumbnailUrl":"https:\/\/www.fica.unsl.edu.ar\/wp-content\/uploads\/2025\/04\/20250423-Charla-acceder-a-la-cultura-con-perspectiva-inclusiva-front.jpg","datePublished":"2025-04-15T17:48:00+00:00","dateModified":"2025-04-24T18:03:45+00:00","inLanguage":"es-AR","potentialAction":[{"@type":"ReadAction","target":["https:\/\/www.fica.unsl.edu.ar\/index.php\/la-unsl-reflexiono-sobre-el-derecho-a-la-cultura-desde-una-perspectiva-inclusiva-y-accesible\/"]}]},{"@type":"ImageObject","inLanguage":"es-AR","@id":"https:\/\/www.fica.unsl.edu.ar\/index.php\/la-unsl-reflexiono-sobre-el-derecho-a-la-cultura-desde-una-perspectiva-inclusiva-y-accesible\/#primaryimage","url":"https:\/\/www.fica.unsl.edu.ar\/wp-content\/uploads\/2025\/04\/20250423-Charla-acceder-a-la-cultura-con-perspectiva-inclusiva-front.jpg","contentUrl":"https:\/\/www.fica.unsl.edu.ar\/wp-content\/uploads\/2025\/04\/20250423-Charla-acceder-a-la-cultura-con-perspectiva-inclusiva-front.jpg","width":1152,"height":647},{"@type":"WebSite","@id":"https:\/\/www.fica.unsl.edu.ar\/#website","url":"https:\/\/www.fica.unsl.edu.ar\/","name":"Facultad de Ingenier\u00eda y Ciencias Agropecuarias","description":"","publisher":{"@id":"https:\/\/www.fica.unsl.edu.ar\/#organization"},"potentialAction":[{"@type":"SearchAction","target":{"@type":"EntryPoint","urlTemplate":"https:\/\/www.fica.unsl.edu.ar\/?s={search_term_string}"},"query-input":{"@type":"PropertyValueSpecification","valueRequired":true,"valueName":"search_term_string"}}],"inLanguage":"es-AR"},{"@type":"Organization","@id":"https:\/\/www.fica.unsl.edu.ar\/#organization","name":"Facultad de Ingenier\u00eda y Ciencias Agropecuarias","url":"https:\/\/www.fica.unsl.edu.ar\/","logo":{"@type":"ImageObject","inLanguage":"es-AR","@id":"https:\/\/www.fica.unsl.edu.ar\/#\/schema\/logo\/image\/","url":"https:\/\/www.fica.unsl.edu.ar\/wp-content\/uploads\/2021\/03\/LOGO-1.jpg","contentUrl":"https:\/\/www.fica.unsl.edu.ar\/wp-content\/uploads\/2021\/03\/LOGO-1.jpg","width":463,"height":145,"caption":"Facultad de Ingenier\u00eda y Ciencias Agropecuarias"},"image":{"@id":"https:\/\/www.fica.unsl.edu.ar\/#\/schema\/logo\/image\/"},"sameAs":["https:\/\/www.facebook.com\/FICA.UNSL\/","https:\/\/x.com\/FICAUNSL","https:\/\/www.instagram.com\/fica.unsl\/","https:\/\/www.youtube.com\/channel\/UCs2MM53gb2PyBrMySdtWZDQ"]},{"@type":"Person","@id":"https:\/\/www.fica.unsl.edu.ar\/#\/schema\/person\/6058f9c66301868d3a691b1f5d6c3544","name":"DATI"}]}},"_links":{"self":[{"href":"https:\/\/www.fica.unsl.edu.ar\/index.php\/wp-json\/wp\/v2\/posts\/19799","targetHints":{"allow":["GET"]}}],"collection":[{"href":"https:\/\/www.fica.unsl.edu.ar\/index.php\/wp-json\/wp\/v2\/posts"}],"about":[{"href":"https:\/\/www.fica.unsl.edu.ar\/index.php\/wp-json\/wp\/v2\/types\/post"}],"author":[{"embeddable":true,"href":"https:\/\/www.fica.unsl.edu.ar\/index.php\/wp-json\/wp\/v2\/users\/9"}],"replies":[{"embeddable":true,"href":"https:\/\/www.fica.unsl.edu.ar\/index.php\/wp-json\/wp\/v2\/comments?post=19799"}],"version-history":[{"count":2,"href":"https:\/\/www.fica.unsl.edu.ar\/index.php\/wp-json\/wp\/v2\/posts\/19799\/revisions"}],"predecessor-version":[{"id":19802,"href":"https:\/\/www.fica.unsl.edu.ar\/index.php\/wp-json\/wp\/v2\/posts\/19799\/revisions\/19802"}],"wp:featuredmedia":[{"embeddable":true,"href":"https:\/\/www.fica.unsl.edu.ar\/index.php\/wp-json\/wp\/v2\/media\/19800"}],"wp:attachment":[{"href":"https:\/\/www.fica.unsl.edu.ar\/index.php\/wp-json\/wp\/v2\/media?parent=19799"}],"wp:term":[{"taxonomy":"category","embeddable":true,"href":"https:\/\/www.fica.unsl.edu.ar\/index.php\/wp-json\/wp\/v2\/categories?post=19799"},{"taxonomy":"post_tag","embeddable":true,"href":"https:\/\/www.fica.unsl.edu.ar\/index.php\/wp-json\/wp\/v2\/tags?post=19799"}],"curies":[{"name":"wp","href":"https:\/\/api.w.org\/{rel}","templated":true}]}}