{"id":19935,"date":"2025-05-06T10:52:22","date_gmt":"2025-05-06T13:52:22","guid":{"rendered":"http:\/\/10.101.10.196\/www\/?p=19935"},"modified":"2025-05-09T11:27:43","modified_gmt":"2025-05-09T14:27:43","slug":"designacion-docente-internacional-para-la-diplomatura-en-competencias-interpersonales","status":"publish","type":"post","link":"https:\/\/www.fica.unsl.edu.ar\/index.php\/designacion-docente-internacional-para-la-diplomatura-en-competencias-interpersonales\/","title":{"rendered":"Gemma Gonz\u00e1lez Andr\u00e9s ser\u00e1 nuevamente parte la Diplomatura en Competencias Interpersonales"},"content":{"rendered":"<p>En el marco del dictado de la <strong>Tercera cohorte de la Diplomatura en Gesti\u00f3n de Competencias Interpersonales,<\/strong> la FICA design\u00f3 formalmente como profesora responsable del m\u00f3dulo \u201cDesarrollo Tecnol\u00f3gico Exponencial y Neuroliderazgo\u201d a la <strong>Mag\u00edster Gemma Gonz\u00e1lez Andr\u00e9s, para el dictado del ciclo 2025.<\/strong><\/p>\n<p>La designaci\u00f3n fue efectuada por el decano de la FICA, Mgtr. Sergio Ribotta; la coordinadora de Extensi\u00f3n, Vinculaci\u00f3n y Transferencia, Mgtr. Mariana Saber; y la coordinadora acad\u00e9mica de la Diplomatura, Mgtr. Mar\u00eda Eugenia Rimini.<\/p>\n<p>De igual forma que en el dictado de la primera y segunda cohorte, se reconoce a la Mgtr. Gemma Gonz\u00e1lez Andr\u00e9s como profesora integrante del plantel docente de la Diplomatura en Gesti\u00f3n de Competencias Interpersonales de la Facultad de Ingenier\u00eda y Ciencias Agropecuarias de la Universidad Nacional de San Luis.<\/p>\n<p>La coordinadora acad\u00e9mica de la Diplomatura, Mgtr. Mar\u00eda Eugenia Rimini, expres\u00f3 que <strong>para la FICA es un aporte muy valioso contar con la presencia \u201cdentro de nuestro plantel docente de una profesional de car\u00e1cter internacional con una extensa experiencia en los temas comprendidos en esta Diplomatura. La vinculaci\u00f3n de nuestros estudiantes con los principales avances en materia de tecnolog\u00eda e innovaci\u00f3n a trav\u00e9s de la visi\u00f3n de la Mg. GGA otorga prestigio al dictado de nuestra Diplomatura\u201d.<\/strong><\/p>\n","protected":false},"excerpt":{"rendered":"<p>En el marco del dictado de la Tercera cohorte de la Diplomatura en Gesti\u00f3n de Competencias Interpersonales, la FICA design\u00f3 formalmente como profesora responsable del&hellip;<\/p>\n","protected":false},"author":9,"featured_media":19936,"comment_status":"closed","ping_status":"closed","sticky":false,"template":"","format":"standard","meta":{"_monsterinsights_skip_tracking":false,"_monsterinsights_sitenote_active":false,"_monsterinsights_sitenote_note":"","_monsterinsights_sitenote_category":0,"_joinchat":[],"footnotes":""},"categories":[19],"tags":[],"class_list":["post-19935","post","type-post","status-publish","format-standard","has-post-thumbnail","hentry","category-noticias"],"yoast_head":"<!-- This site is optimized with the Yoast SEO plugin v27.4 - https:\/\/yoast.com\/product\/yoast-seo-wordpress\/ -->\n<title>Gemma Gonz\u00e1lez Andr\u00e9s ser\u00e1 nuevamente parte la Diplomatura en Competencias Interpersonales - Facultad de Ingenier\u00eda y Ciencias Agropecuarias<\/title>\n<meta name=\"robots\" content=\"index, follow, max-snippet:-1, max-image-preview:large, max-video-preview:-1\" \/>\n<link rel=\"canonical\" href=\"https:\/\/www.fica.unsl.edu.ar\/index.php\/designacion-docente-internacional-para-la-diplomatura-en-competencias-interpersonales\/\" \/>\n<meta property=\"og:locale\" content=\"es_ES\" \/>\n<meta property=\"og:type\" content=\"article\" \/>\n<meta property=\"og:title\" content=\"Gemma Gonz\u00e1lez Andr\u00e9s ser\u00e1 nuevamente parte la Diplomatura en Competencias Interpersonales - Facultad de Ingenier\u00eda y Ciencias Agropecuarias\" \/>\n<meta property=\"og:description\" content=\"En el marco del dictado de la Tercera cohorte de la Diplomatura en Gesti\u00f3n de Competencias Interpersonales, la FICA design\u00f3 formalmente como profesora responsable del&hellip;\" \/>\n<meta property=\"og:url\" content=\"https:\/\/www.fica.unsl.edu.ar\/index.php\/designacion-docente-internacional-para-la-diplomatura-en-competencias-interpersonales\/\" \/>\n<meta property=\"og:site_name\" content=\"Facultad de Ingenier\u00eda y Ciencias Agropecuarias\" \/>\n<meta property=\"article:publisher\" content=\"https:\/\/www.facebook.com\/FICA.UNSL\/\" \/>\n<meta property=\"article:published_time\" content=\"2025-05-06T13:52:22+00:00\" \/>\n<meta property=\"article:modified_time\" content=\"2025-05-09T14:27:43+00:00\" \/>\n<meta property=\"og:image\" content=\"https:\/\/www.fica.unsl.edu.ar\/wp-content\/uploads\/2025\/05\/gema-front.jpg\" \/>\n\t<meta property=\"og:image:width\" content=\"1061\" \/>\n\t<meta property=\"og:image:height\" content=\"585\" \/>\n\t<meta property=\"og:image:type\" content=\"image\/jpeg\" \/>\n<meta name=\"author\" content=\"DATI\" \/>\n<meta name=\"twitter:card\" content=\"summary_large_image\" \/>\n<meta name=\"twitter:creator\" content=\"@FICAUNSL\" \/>\n<meta name=\"twitter:site\" content=\"@FICAUNSL\" \/>\n<meta name=\"twitter:label1\" content=\"Escrito por\" \/>\n\t<meta name=\"twitter:data1\" content=\"DATI\" \/>\n\t<meta name=\"twitter:label2\" content=\"Tiempo de lectura\" \/>\n\t<meta name=\"twitter:data2\" content=\"2 minutos\" \/>\n<script type=\"application\/ld+json\" class=\"yoast-schema-graph\">{\"@context\":\"https:\\\/\\\/schema.org\",\"@graph\":[{\"@type\":\"Article\",\"@id\":\"https:\\\/\\\/www.fica.unsl.edu.ar\\\/index.php\\\/designacion-docente-internacional-para-la-diplomatura-en-competencias-interpersonales\\\/#article\",\"isPartOf\":{\"@id\":\"https:\\\/\\\/www.fica.unsl.edu.ar\\\/index.php\\\/designacion-docente-internacional-para-la-diplomatura-en-competencias-interpersonales\\\/\"},\"author\":{\"name\":\"DATI\",\"@id\":\"https:\\\/\\\/www.fica.unsl.edu.ar\\\/#\\\/schema\\\/person\\\/6058f9c66301868d3a691b1f5d6c3544\"},\"headline\":\"Gemma Gonz\u00e1lez Andr\u00e9s ser\u00e1 nuevamente parte la Diplomatura en Competencias Interpersonales\",\"datePublished\":\"2025-05-06T13:52:22+00:00\",\"dateModified\":\"2025-05-09T14:27:43+00:00\",\"mainEntityOfPage\":{\"@id\":\"https:\\\/\\\/www.fica.unsl.edu.ar\\\/index.php\\\/designacion-docente-internacional-para-la-diplomatura-en-competencias-interpersonales\\\/\"},\"wordCount\":239,\"publisher\":{\"@id\":\"https:\\\/\\\/www.fica.unsl.edu.ar\\\/#organization\"},\"image\":{\"@id\":\"https:\\\/\\\/www.fica.unsl.edu.ar\\\/index.php\\\/designacion-docente-internacional-para-la-diplomatura-en-competencias-interpersonales\\\/#primaryimage\"},\"thumbnailUrl\":\"https:\\\/\\\/www.fica.unsl.edu.ar\\\/wp-content\\\/uploads\\\/2025\\\/05\\\/gema-front.jpg\",\"articleSection\":[\"Noticias\"],\"inLanguage\":\"es-AR\"},{\"@type\":\"WebPage\",\"@id\":\"https:\\\/\\\/www.fica.unsl.edu.ar\\\/index.php\\\/designacion-docente-internacional-para-la-diplomatura-en-competencias-interpersonales\\\/\",\"url\":\"https:\\\/\\\/www.fica.unsl.edu.ar\\\/index.php\\\/designacion-docente-internacional-para-la-diplomatura-en-competencias-interpersonales\\\/\",\"name\":\"Gemma Gonz\u00e1lez Andr\u00e9s ser\u00e1 nuevamente parte la Diplomatura en Competencias Interpersonales - Facultad de Ingenier\u00eda y Ciencias Agropecuarias\",\"isPartOf\":{\"@id\":\"https:\\\/\\\/www.fica.unsl.edu.ar\\\/#website\"},\"primaryImageOfPage\":{\"@id\":\"https:\\\/\\\/www.fica.unsl.edu.ar\\\/index.php\\\/designacion-docente-internacional-para-la-diplomatura-en-competencias-interpersonales\\\/#primaryimage\"},\"image\":{\"@id\":\"https:\\\/\\\/www.fica.unsl.edu.ar\\\/index.php\\\/designacion-docente-internacional-para-la-diplomatura-en-competencias-interpersonales\\\/#primaryimage\"},\"thumbnailUrl\":\"https:\\\/\\\/www.fica.unsl.edu.ar\\\/wp-content\\\/uploads\\\/2025\\\/05\\\/gema-front.jpg\",\"datePublished\":\"2025-05-06T13:52:22+00:00\",\"dateModified\":\"2025-05-09T14:27:43+00:00\",\"inLanguage\":\"es-AR\",\"potentialAction\":[{\"@type\":\"ReadAction\",\"target\":[\"https:\\\/\\\/www.fica.unsl.edu.ar\\\/index.php\\\/designacion-docente-internacional-para-la-diplomatura-en-competencias-interpersonales\\\/\"]}]},{\"@type\":\"ImageObject\",\"inLanguage\":\"es-AR\",\"@id\":\"https:\\\/\\\/www.fica.unsl.edu.ar\\\/index.php\\\/designacion-docente-internacional-para-la-diplomatura-en-competencias-interpersonales\\\/#primaryimage\",\"url\":\"https:\\\/\\\/www.fica.unsl.edu.ar\\\/wp-content\\\/uploads\\\/2025\\\/05\\\/gema-front.jpg\",\"contentUrl\":\"https:\\\/\\\/www.fica.unsl.edu.ar\\\/wp-content\\\/uploads\\\/2025\\\/05\\\/gema-front.jpg\",\"width\":1061,\"height\":585},{\"@type\":\"WebSite\",\"@id\":\"https:\\\/\\\/www.fica.unsl.edu.ar\\\/#website\",\"url\":\"https:\\\/\\\/www.fica.unsl.edu.ar\\\/\",\"name\":\"Facultad de Ingenier\u00eda y Ciencias Agropecuarias\",\"description\":\"\",\"publisher\":{\"@id\":\"https:\\\/\\\/www.fica.unsl.edu.ar\\\/#organization\"},\"potentialAction\":[{\"@type\":\"SearchAction\",\"target\":{\"@type\":\"EntryPoint\",\"urlTemplate\":\"https:\\\/\\\/www.fica.unsl.edu.ar\\\/?s={search_term_string}\"},\"query-input\":{\"@type\":\"PropertyValueSpecification\",\"valueRequired\":true,\"valueName\":\"search_term_string\"}}],\"inLanguage\":\"es-AR\"},{\"@type\":\"Organization\",\"@id\":\"https:\\\/\\\/www.fica.unsl.edu.ar\\\/#organization\",\"name\":\"Facultad de Ingenier\u00eda y Ciencias Agropecuarias\",\"url\":\"https:\\\/\\\/www.fica.unsl.edu.ar\\\/\",\"logo\":{\"@type\":\"ImageObject\",\"inLanguage\":\"es-AR\",\"@id\":\"https:\\\/\\\/www.fica.unsl.edu.ar\\\/#\\\/schema\\\/logo\\\/image\\\/\",\"url\":\"https:\\\/\\\/www.fica.unsl.edu.ar\\\/wp-content\\\/uploads\\\/2021\\\/03\\\/LOGO-1.jpg\",\"contentUrl\":\"https:\\\/\\\/www.fica.unsl.edu.ar\\\/wp-content\\\/uploads\\\/2021\\\/03\\\/LOGO-1.jpg\",\"width\":463,\"height\":145,\"caption\":\"Facultad de Ingenier\u00eda y Ciencias Agropecuarias\"},\"image\":{\"@id\":\"https:\\\/\\\/www.fica.unsl.edu.ar\\\/#\\\/schema\\\/logo\\\/image\\\/\"},\"sameAs\":[\"https:\\\/\\\/www.facebook.com\\\/FICA.UNSL\\\/\",\"https:\\\/\\\/x.com\\\/FICAUNSL\",\"https:\\\/\\\/www.instagram.com\\\/fica.unsl\\\/\",\"https:\\\/\\\/www.youtube.com\\\/channel\\\/UCs2MM53gb2PyBrMySdtWZDQ\"]},{\"@type\":\"Person\",\"@id\":\"https:\\\/\\\/www.fica.unsl.edu.ar\\\/#\\\/schema\\\/person\\\/6058f9c66301868d3a691b1f5d6c3544\",\"name\":\"DATI\"}]}<\/script>\n<!-- \/ Yoast SEO plugin. -->","yoast_head_json":{"title":"Gemma Gonz\u00e1lez Andr\u00e9s ser\u00e1 nuevamente parte la Diplomatura en Competencias Interpersonales - Facultad de Ingenier\u00eda y Ciencias Agropecuarias","robots":{"index":"index","follow":"follow","max-snippet":"max-snippet:-1","max-image-preview":"max-image-preview:large","max-video-preview":"max-video-preview:-1"},"canonical":"https:\/\/www.fica.unsl.edu.ar\/index.php\/designacion-docente-internacional-para-la-diplomatura-en-competencias-interpersonales\/","og_locale":"es_ES","og_type":"article","og_title":"Gemma Gonz\u00e1lez Andr\u00e9s ser\u00e1 nuevamente parte la Diplomatura en Competencias Interpersonales - Facultad de Ingenier\u00eda y Ciencias Agropecuarias","og_description":"En el marco del dictado de la Tercera cohorte de la Diplomatura en Gesti\u00f3n de Competencias Interpersonales, la FICA design\u00f3 formalmente como profesora responsable del&hellip;","og_url":"https:\/\/www.fica.unsl.edu.ar\/index.php\/designacion-docente-internacional-para-la-diplomatura-en-competencias-interpersonales\/","og_site_name":"Facultad de Ingenier\u00eda y Ciencias Agropecuarias","article_publisher":"https:\/\/www.facebook.com\/FICA.UNSL\/","article_published_time":"2025-05-06T13:52:22+00:00","article_modified_time":"2025-05-09T14:27:43+00:00","og_image":[{"width":1061,"height":585,"url":"https:\/\/www.fica.unsl.edu.ar\/wp-content\/uploads\/2025\/05\/gema-front.jpg","type":"image\/jpeg"}],"author":"DATI","twitter_card":"summary_large_image","twitter_creator":"@FICAUNSL","twitter_site":"@FICAUNSL","twitter_misc":{"Escrito por":"DATI","Tiempo de lectura":"2 minutos"},"schema":{"@context":"https:\/\/schema.org","@graph":[{"@type":"Article","@id":"https:\/\/www.fica.unsl.edu.ar\/index.php\/designacion-docente-internacional-para-la-diplomatura-en-competencias-interpersonales\/#article","isPartOf":{"@id":"https:\/\/www.fica.unsl.edu.ar\/index.php\/designacion-docente-internacional-para-la-diplomatura-en-competencias-interpersonales\/"},"author":{"name":"DATI","@id":"https:\/\/www.fica.unsl.edu.ar\/#\/schema\/person\/6058f9c66301868d3a691b1f5d6c3544"},"headline":"Gemma Gonz\u00e1lez Andr\u00e9s ser\u00e1 nuevamente parte la Diplomatura en Competencias Interpersonales","datePublished":"2025-05-06T13:52:22+00:00","dateModified":"2025-05-09T14:27:43+00:00","mainEntityOfPage":{"@id":"https:\/\/www.fica.unsl.edu.ar\/index.php\/designacion-docente-internacional-para-la-diplomatura-en-competencias-interpersonales\/"},"wordCount":239,"publisher":{"@id":"https:\/\/www.fica.unsl.edu.ar\/#organization"},"image":{"@id":"https:\/\/www.fica.unsl.edu.ar\/index.php\/designacion-docente-internacional-para-la-diplomatura-en-competencias-interpersonales\/#primaryimage"},"thumbnailUrl":"https:\/\/www.fica.unsl.edu.ar\/wp-content\/uploads\/2025\/05\/gema-front.jpg","articleSection":["Noticias"],"inLanguage":"es-AR"},{"@type":"WebPage","@id":"https:\/\/www.fica.unsl.edu.ar\/index.php\/designacion-docente-internacional-para-la-diplomatura-en-competencias-interpersonales\/","url":"https:\/\/www.fica.unsl.edu.ar\/index.php\/designacion-docente-internacional-para-la-diplomatura-en-competencias-interpersonales\/","name":"Gemma Gonz\u00e1lez Andr\u00e9s ser\u00e1 nuevamente parte la Diplomatura en Competencias Interpersonales - Facultad de Ingenier\u00eda y Ciencias Agropecuarias","isPartOf":{"@id":"https:\/\/www.fica.unsl.edu.ar\/#website"},"primaryImageOfPage":{"@id":"https:\/\/www.fica.unsl.edu.ar\/index.php\/designacion-docente-internacional-para-la-diplomatura-en-competencias-interpersonales\/#primaryimage"},"image":{"@id":"https:\/\/www.fica.unsl.edu.ar\/index.php\/designacion-docente-internacional-para-la-diplomatura-en-competencias-interpersonales\/#primaryimage"},"thumbnailUrl":"https:\/\/www.fica.unsl.edu.ar\/wp-content\/uploads\/2025\/05\/gema-front.jpg","datePublished":"2025-05-06T13:52:22+00:00","dateModified":"2025-05-09T14:27:43+00:00","inLanguage":"es-AR","potentialAction":[{"@type":"ReadAction","target":["https:\/\/www.fica.unsl.edu.ar\/index.php\/designacion-docente-internacional-para-la-diplomatura-en-competencias-interpersonales\/"]}]},{"@type":"ImageObject","inLanguage":"es-AR","@id":"https:\/\/www.fica.unsl.edu.ar\/index.php\/designacion-docente-internacional-para-la-diplomatura-en-competencias-interpersonales\/#primaryimage","url":"https:\/\/www.fica.unsl.edu.ar\/wp-content\/uploads\/2025\/05\/gema-front.jpg","contentUrl":"https:\/\/www.fica.unsl.edu.ar\/wp-content\/uploads\/2025\/05\/gema-front.jpg","width":1061,"height":585},{"@type":"WebSite","@id":"https:\/\/www.fica.unsl.edu.ar\/#website","url":"https:\/\/www.fica.unsl.edu.ar\/","name":"Facultad de Ingenier\u00eda y Ciencias Agropecuarias","description":"","publisher":{"@id":"https:\/\/www.fica.unsl.edu.ar\/#organization"},"potentialAction":[{"@type":"SearchAction","target":{"@type":"EntryPoint","urlTemplate":"https:\/\/www.fica.unsl.edu.ar\/?s={search_term_string}"},"query-input":{"@type":"PropertyValueSpecification","valueRequired":true,"valueName":"search_term_string"}}],"inLanguage":"es-AR"},{"@type":"Organization","@id":"https:\/\/www.fica.unsl.edu.ar\/#organization","name":"Facultad de Ingenier\u00eda y Ciencias Agropecuarias","url":"https:\/\/www.fica.unsl.edu.ar\/","logo":{"@type":"ImageObject","inLanguage":"es-AR","@id":"https:\/\/www.fica.unsl.edu.ar\/#\/schema\/logo\/image\/","url":"https:\/\/www.fica.unsl.edu.ar\/wp-content\/uploads\/2021\/03\/LOGO-1.jpg","contentUrl":"https:\/\/www.fica.unsl.edu.ar\/wp-content\/uploads\/2021\/03\/LOGO-1.jpg","width":463,"height":145,"caption":"Facultad de Ingenier\u00eda y Ciencias Agropecuarias"},"image":{"@id":"https:\/\/www.fica.unsl.edu.ar\/#\/schema\/logo\/image\/"},"sameAs":["https:\/\/www.facebook.com\/FICA.UNSL\/","https:\/\/x.com\/FICAUNSL","https:\/\/www.instagram.com\/fica.unsl\/","https:\/\/www.youtube.com\/channel\/UCs2MM53gb2PyBrMySdtWZDQ"]},{"@type":"Person","@id":"https:\/\/www.fica.unsl.edu.ar\/#\/schema\/person\/6058f9c66301868d3a691b1f5d6c3544","name":"DATI"}]}},"_links":{"self":[{"href":"https:\/\/www.fica.unsl.edu.ar\/index.php\/wp-json\/wp\/v2\/posts\/19935","targetHints":{"allow":["GET"]}}],"collection":[{"href":"https:\/\/www.fica.unsl.edu.ar\/index.php\/wp-json\/wp\/v2\/posts"}],"about":[{"href":"https:\/\/www.fica.unsl.edu.ar\/index.php\/wp-json\/wp\/v2\/types\/post"}],"author":[{"embeddable":true,"href":"https:\/\/www.fica.unsl.edu.ar\/index.php\/wp-json\/wp\/v2\/users\/9"}],"replies":[{"embeddable":true,"href":"https:\/\/www.fica.unsl.edu.ar\/index.php\/wp-json\/wp\/v2\/comments?post=19935"}],"version-history":[{"count":4,"href":"https:\/\/www.fica.unsl.edu.ar\/index.php\/wp-json\/wp\/v2\/posts\/19935\/revisions"}],"predecessor-version":[{"id":19940,"href":"https:\/\/www.fica.unsl.edu.ar\/index.php\/wp-json\/wp\/v2\/posts\/19935\/revisions\/19940"}],"wp:featuredmedia":[{"embeddable":true,"href":"https:\/\/www.fica.unsl.edu.ar\/index.php\/wp-json\/wp\/v2\/media\/19936"}],"wp:attachment":[{"href":"https:\/\/www.fica.unsl.edu.ar\/index.php\/wp-json\/wp\/v2\/media?parent=19935"}],"wp:term":[{"taxonomy":"category","embeddable":true,"href":"https:\/\/www.fica.unsl.edu.ar\/index.php\/wp-json\/wp\/v2\/categories?post=19935"},{"taxonomy":"post_tag","embeddable":true,"href":"https:\/\/www.fica.unsl.edu.ar\/index.php\/wp-json\/wp\/v2\/tags?post=19935"}],"curies":[{"name":"wp","href":"https:\/\/api.w.org\/{rel}","templated":true}]}}