{"id":19948,"date":"2025-05-13T14:59:28","date_gmt":"2025-05-13T17:59:28","guid":{"rendered":"http:\/\/10.101.10.196\/www\/?p=19948"},"modified":"2025-05-19T10:51:07","modified_gmt":"2025-05-19T13:51:07","slug":"jornada-dia-internacional-de-las-mujeres-en-matematica-2025","status":"publish","type":"post","link":"https:\/\/www.fica.unsl.edu.ar\/index.php\/jornada-dia-internacional-de-las-mujeres-en-matematica-2025\/","title":{"rendered":"Jornada &#8220;D\u00eda Internacional de las Mujeres en Matem\u00e1tica&#8221;"},"content":{"rendered":"<p data-start=\"140\" data-end=\"456\"><span class=\"_fadeIn_m1hgl_8\">El <\/span><span class=\"_fadeIn_m1hgl_8\">\u00c1rea <\/span><span class=\"_fadeIn_m1hgl_8\">de <\/span><span class=\"_fadeIn_m1hgl_8\">Matem\u00e1tica <\/span><span class=\"_fadeIn_m1hgl_8\">invita <\/span><span class=\"_fadeIn_m1hgl_8\">a <\/span><span class=\"_fadeIn_m1hgl_8\">toda <\/span><span class=\"_fadeIn_m1hgl_8\">la <\/span><span class=\"_fadeIn_m1hgl_8\">comunidad <\/span><span class=\"_fadeIn_m1hgl_8\">a <\/span><span class=\"_fadeIn_m1hgl_8\">la <\/span><span class=\"_fadeIn_m1hgl_8\">jornada <\/span><strong><em data-start=\"202\" data-end=\"252\"><span class=\"_fadeIn_m1hgl_8\">&#8220;<\/span><span class=\"_fadeIn_m1hgl_8\">D\u00eda <\/span><span class=\"_fadeIn_m1hgl_8\">Internacional <\/span><span class=\"_fadeIn_m1hgl_8\">de <\/span><span class=\"_fadeIn_m1hgl_8\">las <\/span><span class=\"_fadeIn_m1hgl_8\">Mujeres <\/span><span class=\"_fadeIn_m1hgl_8\">en <\/span><span class=\"_fadeIn_m1hgl_8\">Matem\u00e1tica&#8221;<\/span><\/em><\/strong><span class=\"_fadeIn_m1hgl_8\">, <\/span><span class=\"_fadeIn_m1hgl_8\">que <\/span><span class=\"_fadeIn_m1hgl_8\">se <\/span><span class=\"_fadeIn_m1hgl_8\">llevar\u00e1 <\/span><span class=\"_fadeIn_m1hgl_8\">a <\/span><span class=\"_fadeIn_m1hgl_8\">cabo <\/span><span class=\"_fadeIn_m1hgl_8\">de <\/span><strong><span class=\"_fadeIn_m1hgl_8\">manera <\/span><\/strong><span class=\"_fadeIn_m1hgl_8\"><strong>h\u00edbrida<\/strong>, <\/span><span class=\"_fadeIn_m1hgl_8\">en <\/span><span class=\"_fadeIn_m1hgl_8\">conexi\u00f3n <\/span><span class=\"_fadeIn_m1hgl_8\">con <\/span><span class=\"_fadeIn_m1hgl_8\">la <\/span><strong><span class=\"_fadeIn_m1hgl_8\">Facultad <\/span><span class=\"_fadeIn_m1hgl_8\">de <\/span><span class=\"_fadeIn_m1hgl_8\">Ciencias <\/span><span class=\"_fadeIn_m1hgl_8\">F\u00edsico <\/span><span class=\"_fadeIn_m1hgl_8\">Matem\u00e1ticas <\/span><span class=\"_fadeIn_m1hgl_8\">y <\/span><\/strong><span class=\"_fadeIn_m1hgl_8\"><strong>Naturales<\/strong> (<\/span><span class=\"_fadeIn_m1hgl_8\">FCFMyN), <\/span><span class=\"_fadeIn_m1hgl_8\">el <\/span><span class=\"_fadeIn_m1hgl_8\">viernes <\/span><strong><span class=\"_fadeIn_m1hgl_8\">16 <\/span><span class=\"_fadeIn_m1hgl_8\">de <\/span><span class=\"_fadeIn_m1hgl_8\">mayo, <\/span><span class=\"_fadeIn_m1hgl_8\">de <\/span><span class=\"_fadeIn_m1hgl_8\">9 <\/span><span class=\"_fadeIn_m1hgl_8\">a <\/span><span class=\"_fadeIn_m1hgl_8\">13 <\/span><span class=\"_fadeIn_m1hgl_8\">horas, <\/span><span class=\"_fadeIn_m1hgl_8\">en <\/span><span class=\"_fadeIn_m1hgl_8\">el <\/span><span class=\"_fadeIn_m1hgl_8\">Aula <\/span><span class=\"_fadeIn_m1hgl_8\">132 <\/span><span class=\"_fadeIn_m1hgl_8\">del <\/span><span class=\"_fadeIn_m1hgl_8\">Campus <\/span><span class=\"_fadeIn_m1hgl_8\">Universitario.<\/span><\/strong><\/p>\n<p data-start=\"458\" data-end=\"883\"><span class=\"_fadeIn_m1hgl_8\">El <\/span><span class=\"_fadeIn_m1hgl_8\">12 <\/span><span class=\"_fadeIn_m1hgl_8\">de <\/span><span class=\"_fadeIn_m1hgl_8\">mayo <\/span><span class=\"_fadeIn_m1hgl_8\">se <\/span><span class=\"_fadeIn_m1hgl_8\">conmemora <\/span><span class=\"_fadeIn_m1hgl_8\">internacionalmente <\/span><span class=\"_fadeIn_m1hgl_8\">el <\/span><span class=\"_fadeIn_m1hgl_8\">D\u00eda <\/span><span class=\"_fadeIn_m1hgl_8\">de <\/span><span class=\"_fadeIn_m1hgl_8\">la <\/span><span class=\"_fadeIn_m1hgl_8\">Mujer <\/span><span class=\"_fadeIn_m1hgl_8\">Matem\u00e1tica, <\/span><span class=\"_fadeIn_m1hgl_8\">fecha <\/span><span class=\"_fadeIn_m1hgl_8\">que <\/span><span class=\"_fadeIn_m1hgl_8\">rinde <\/span><span class=\"_fadeIn_m1hgl_8\">homenaje <\/span><span class=\"_fadeIn_m1hgl_8\">a <\/span><span class=\"_fadeIn_m1hgl_8\">Maryam <\/span><span class=\"_fadeIn_m1hgl_8\">Mirzakhani, <\/span><span class=\"_fadeIn_m1hgl_8\">nacida <\/span><span class=\"_fadeIn_m1hgl_8\">ese <\/span><span class=\"_fadeIn_m1hgl_8\">mismo <\/span><span class=\"_fadeIn_m1hgl_8\">d\u00eda <\/span><span class=\"_fadeIn_m1hgl_8\">en <\/span><span class=\"_fadeIn_m1hgl_8\">1977 <\/span><span class=\"_fadeIn_m1hgl_8\">en <\/span><span class=\"_fadeIn_m1hgl_8\">Ir\u00e1n. <\/span><span class=\"_fadeIn_m1hgl_8\">Mirzakhani <\/span><span class=\"_fadeIn_m1hgl_8\">hizo <\/span><span class=\"_fadeIn_m1hgl_8\">historia <\/span><span class=\"_fadeIn_m1hgl_8\">en <\/span><span class=\"_fadeIn_m1hgl_8\">2014 <\/span><span class=\"_fadeIn_m1hgl_8\">al <\/span><span class=\"_fadeIn_m1hgl_8\">convertirse <\/span><span class=\"_fadeIn_m1hgl_8\">en <\/span><span class=\"_fadeIn_m1hgl_8\">la <\/span><span class=\"_fadeIn_m1hgl_8\">primera (<\/span><span class=\"_fadeIn_m1hgl_8\">y <\/span><span class=\"_fadeIn_m1hgl_8\">hasta <\/span><span class=\"_fadeIn_m1hgl_8\">ahora <\/span><span class=\"_fadeIn_m1hgl_8\">\u00fanica) <\/span><span class=\"_fadeIn_m1hgl_8\">mujer <\/span><span class=\"_fadeIn_m1hgl_8\">en <\/span><span class=\"_fadeIn_m1hgl_8\">recibir <\/span><span class=\"_fadeIn_m1hgl_8\">la <\/span><span class=\"_fadeIn_m1hgl_8\">Medalla <\/span><span class=\"_fadeIn_m1hgl_8\">Fields, <\/span><span class=\"_fadeIn_m1hgl_8\">el <\/span><span class=\"_fadeIn_m1hgl_8\">m\u00e1ximo <\/span><span class=\"_fadeIn_m1hgl_8\">galard\u00f3n <\/span><span class=\"_fadeIn_m1hgl_8\">en <\/span><span class=\"_fadeIn_m1hgl_8\">matem\u00e1ticas, <\/span><span class=\"_fadeIn_m1hgl_8\">por <\/span><span class=\"_fadeIn_m1hgl_8\">sus <\/span><span class=\"_fadeIn_m1hgl_8\">extraordinarios <\/span><span class=\"_fadeIn_m1hgl_8\">aportes <\/span><span class=\"_fadeIn_m1hgl_8\">a <\/span><span class=\"_fadeIn_m1hgl_8\">la <\/span><span class=\"_fadeIn_m1hgl_8\">din\u00e1mica <\/span><span class=\"_fadeIn_m1hgl_8\">y <\/span><span class=\"_fadeIn_m1hgl_8\">geometr\u00eda <\/span><span class=\"_fadeIn_m1hgl_8\">de <\/span><span class=\"_fadeIn_m1hgl_8\">superficies <\/span><span class=\"_fadeIn_m1hgl_8\">de <\/span><span class=\"_fadeIn_m1hgl_8\">Riemann <\/span><span class=\"_fadeIn_m1hgl_8\">y <\/span><span class=\"_fadeIn_m1hgl_8\">sus <\/span><span class=\"_fadeIn_m1hgl_8\">espacios <\/span><span class=\"_fadeIn_m1hgl_8\">modulares.<\/span><\/p>\n<p data-start=\"885\" data-end=\"1387\"><span class=\"_fadeIn_m1hgl_8\">Esta <\/span><span class=\"_fadeIn_m1hgl_8\">celebraci\u00f3n <\/span><span class=\"_fadeIn_m1hgl_8\">no <\/span><span class=\"_fadeIn_m1hgl_8\">solo <\/span><span class=\"_fadeIn_m1hgl_8\">reconoce <\/span><span class=\"_fadeIn_m1hgl_8\">los <\/span><span class=\"_fadeIn_m1hgl_8\">logros <\/span><span class=\"_fadeIn_m1hgl_8\">de <\/span><span class=\"_fadeIn_m1hgl_8\">las <\/span><span class=\"_fadeIn_m1hgl_8\">mujeres <\/span><span class=\"_fadeIn_m1hgl_8\">matem\u00e1ticas, <\/span><span class=\"_fadeIn_m1hgl_8\">sino <\/span><span class=\"_fadeIn_m1hgl_8\">que <\/span><span class=\"_fadeIn_m1hgl_8\">busca <\/span><span class=\"_fadeIn_m1hgl_8\">inspirar <\/span><span class=\"_fadeIn_m1hgl_8\">a <\/span><span class=\"_fadeIn_m1hgl_8\">nuevas <\/span><span class=\"_fadeIn_m1hgl_8\">generaciones <\/span><span class=\"_fadeIn_m1hgl_8\">a <\/span><span class=\"_fadeIn_m1hgl_8\">incursionar <\/span><span class=\"_fadeIn_m1hgl_8\">en <\/span><span class=\"_fadeIn_m1hgl_8\">carreras <\/span><span class=\"_fadeIn_m1hgl_8\">STEM. <\/span><span class=\"_fadeIn_m1hgl_8\">Aunque <\/span><span class=\"_fadeIn_m1hgl_8\">la <\/span><span class=\"_fadeIn_m1hgl_8\">ingenier\u00eda <\/span><span class=\"_fadeIn_m1hgl_8\">ha <\/span><span class=\"_fadeIn_m1hgl_8\">sido <\/span><span class=\"_fadeIn_m1hgl_8\">enriquecida <\/span><span class=\"_fadeIn_m1hgl_8\">hist\u00f3ricamente <\/span><span class=\"_fadeIn_m1hgl_8\">por <\/span><span class=\"_fadeIn_m1hgl_8\">las <\/span><span class=\"_fadeIn_m1hgl_8\">contribuciones <\/span><span class=\"_fadeIn_m1hgl_8\">de <\/span><span class=\"_fadeIn_m1hgl_8\">las <\/span><span class=\"_fadeIn_m1hgl_8\">mujeres, <\/span><span class=\"_fadeIn_m1hgl_8\">persiste <\/span><span class=\"_fadeIn_m1hgl_8\">una <\/span><span class=\"_fadeIn_m1hgl_8\">significativa <\/span><span class=\"_fadeIn_m1hgl_8\">brecha <\/span><span class=\"_fadeIn_m1hgl_8\">de <\/span><span class=\"_fadeIn_m1hgl_8\">g\u00e9nero <\/span><span class=\"_fadeIn_m1hgl_8\">en <\/span><span class=\"_fadeIn_m1hgl_8\">esta <\/span><span class=\"_fadeIn_m1hgl_8\">disciplina. <\/span><span class=\"_fadeIn_m1hgl_8\">Por <\/span><span class=\"_fadeIn_m1hgl_8\">ello, <\/span><span class=\"_fadeIn_m1hgl_8\">visibilizar <\/span><span class=\"_fadeIn_m1hgl_8\">el <\/span><span class=\"_fadeIn_m1hgl_8\">rol <\/span><span class=\"_fadeIn_m1hgl_8\">de <\/span><span class=\"_fadeIn_m1hgl_8\">las <\/span><span class=\"_fadeIn_m1hgl_8\">mujeres <\/span><span class=\"_fadeIn_m1hgl_8\">en <\/span><span class=\"_fadeIn_m1hgl_8\">matem\u00e1ticas <\/span><span class=\"_fadeIn_m1hgl_8\">resulta <\/span><span class=\"_fadeIn_m1hgl_8\">clave <\/span><span class=\"_fadeIn_m1hgl_8\">para <\/span><span class=\"_fadeIn_m1hgl_8\">fomentar <\/span><span class=\"_fadeIn_m1hgl_8\">una <\/span><span class=\"_fadeIn_m1hgl_8\">mayor <\/span><span class=\"_fadeIn_m1hgl_8\">diversidad <\/span><span class=\"_fadeIn_m1hgl_8\">en <\/span><span class=\"_fadeIn_m1hgl_8\">ingenier\u00eda <\/span><span class=\"_fadeIn_m1hgl_8\">y <\/span><span class=\"_fadeIn_m1hgl_8\">abordar <\/span><span class=\"_fadeIn_m1hgl_8\">los <\/span><span class=\"_fadeIn_m1hgl_8\">desaf\u00edos <\/span><span class=\"_fadeIn_m1hgl_8\">que <\/span><span class=\"_fadeIn_m1hgl_8\">a\u00fan <\/span><span class=\"_fadeIn_m1hgl_8\">enfrentan <\/span><span class=\"_fadeIn_m1hgl_8\">las <\/span><span class=\"_fadeIn_m1hgl_8\">profesionales <\/span><span class=\"_fadeIn_m1hgl_8\">del <\/span><span class=\"_fadeIn_m1hgl_8\">sector.<\/span><\/p>\n<p data-start=\"885\" data-end=\"1387\">\n<p data-start=\"885\" data-end=\"1387\">Cronograma<\/p>\n<ul>\n<li data-start=\"885\" data-end=\"1387\">8:30 a 9 hs: Acreditaciones.<\/li>\n<li data-start=\"885\" data-end=\"1387\">9 a 9:30 hs: Acto de apertura<\/li>\n<li data-start=\"885\" data-end=\"1387\">9:30 a 10:00 hs: &#8220;Mujeres con audacia en comunidades de Matem\u00e1ticos&#8221; -Charla a cargo de la Lic. N\u00e9lida P\u00e9rez.<\/li>\n<li data-start=\"885\" data-end=\"1387\">10:05 a 10:35 hs: &#8220;Algebras con memoria: construyendo \u00e1lgebras trenzadas y sus secretos f\u00edsicos&#8221; &#8211; Charla a cargo de la Dra. Noelia Bortolussi.<\/li>\n<li data-start=\"885\" data-end=\"1387\">10:35 a 11 hs: Coffee break.<\/li>\n<li data-start=\"885\" data-end=\"1387\">11 a 11:30 hs: &#8220;Educaci\u00f3n en tiempos de cambio: gamificaci\u00f3n en las aulas de nivel superior&#8221; Charla a cargo de Prof. Mar\u00eda Laura Aliaga, CPN Analia Espinosa y CPN Fiorella Lunardi Del Bosco<\/li>\n<li data-start=\"885\" data-end=\"1387\">11:35 a 12:05 hs: &#8220;Mujer y Matem\u00e1ticas: Liderazgo en la Ciencia del Modelo&#8221; &#8211; Charla a cargo de Esp. Gabriela Andino y Mgtr. Fernanda Uvieta<\/li>\n<li data-start=\"885\" data-end=\"1387\">12:10 a 12:30 hs: &#8220;Fomentando vocaciones cient\u00edficas en las mujeres&#8221; Presentaci\u00f3n de la Red de Estudiantes Mujeres en Ingenier\u00eda (R.E.M.I.A) \u2013 A cargo de Srta. Brenda Mart\u00ednez<\/li>\n<li data-start=\"885\" data-end=\"1387\">12:30: Cierre.<\/li>\n<\/ul>\n<p data-start=\"885\" data-end=\"1387\">\n<h3 style=\"text-align: center;\"><span style=\"color: #0000ff;\"><a style=\"color: #0000ff;\" href=\"https:\/\/docs.google.com\/forms\/d\/e\/1FAIpQLSdRobb0V5TNjV5JVjYdTxw7MpUPe3rRqCvOvVo4QZIZYqNvNg\/viewform\" target=\"_blank\" rel=\"noopener\">FORMULARIO DE INSCRIPCI\u00d3N<\/a><\/span><\/h3>\n<h3 style=\"text-align: center;\"><strong><span style=\"color: #0000ff;\"><a style=\"color: #0000ff;\" href=\"https:\/\/sites.google.com\/view\/mujeres-en-matematica-unsl\/sobre-el-evento?authuser=0\" target=\"_blank\" rel=\"noopener\">SITIO WEB DE LA JORNADA<\/a><\/span><\/strong><\/h3>\n<p>&nbsp;<\/p>\n","protected":false},"excerpt":{"rendered":"<p>El \u00c1rea de Matem\u00e1tica invita a toda la comunidad a la jornada &#8220;D\u00eda Internacional de las Mujeres en Matem\u00e1tica&#8221;, que se llevar\u00e1 a cabo de&hellip;<\/p>\n","protected":false},"author":9,"featured_media":19949,"comment_status":"closed","ping_status":"closed","sticky":false,"template":"","format":"standard","meta":{"_monsterinsights_skip_tracking":false,"_monsterinsights_sitenote_active":false,"_monsterinsights_sitenote_note":"","_monsterinsights_sitenote_category":0,"_joinchat":[],"footnotes":""},"categories":[19],"tags":[],"class_list":["post-19948","post","type-post","status-publish","format-standard","has-post-thumbnail","hentry","category-noticias"],"yoast_head":"<!-- This site is optimized with the Yoast SEO plugin v27.4 - https:\/\/yoast.com\/product\/yoast-seo-wordpress\/ -->\n<title>Jornada &quot;D\u00eda Internacional de las Mujeres en Matem\u00e1tica&quot; - Facultad de Ingenier\u00eda y Ciencias Agropecuarias<\/title>\n<meta name=\"robots\" content=\"index, follow, max-snippet:-1, max-image-preview:large, max-video-preview:-1\" \/>\n<link rel=\"canonical\" href=\"https:\/\/www.fica.unsl.edu.ar\/index.php\/jornada-dia-internacional-de-las-mujeres-en-matematica-2025\/\" \/>\n<meta property=\"og:locale\" content=\"es_ES\" \/>\n<meta property=\"og:type\" content=\"article\" \/>\n<meta property=\"og:title\" content=\"Jornada &quot;D\u00eda Internacional de las Mujeres en Matem\u00e1tica&quot; - Facultad de Ingenier\u00eda y Ciencias Agropecuarias\" \/>\n<meta property=\"og:description\" content=\"El \u00c1rea de Matem\u00e1tica invita a toda la comunidad a la jornada &#8220;D\u00eda Internacional de las Mujeres en Matem\u00e1tica&#8221;, que se llevar\u00e1 a cabo de&hellip;\" \/>\n<meta property=\"og:url\" content=\"https:\/\/www.fica.unsl.edu.ar\/index.php\/jornada-dia-internacional-de-las-mujeres-en-matematica-2025\/\" \/>\n<meta property=\"og:site_name\" content=\"Facultad de Ingenier\u00eda y Ciencias Agropecuarias\" \/>\n<meta property=\"article:publisher\" content=\"https:\/\/www.facebook.com\/FICA.UNSL\/\" \/>\n<meta property=\"article:published_time\" content=\"2025-05-13T17:59:28+00:00\" \/>\n<meta property=\"article:modified_time\" content=\"2025-05-19T13:51:07+00:00\" \/>\n<meta property=\"og:image\" content=\"https:\/\/www.fica.unsl.edu.ar\/wp-content\/uploads\/2025\/05\/flyer-JMM25-front.jpg\" \/>\n\t<meta property=\"og:image:width\" content=\"1061\" \/>\n\t<meta property=\"og:image:height\" content=\"585\" \/>\n\t<meta property=\"og:image:type\" content=\"image\/jpeg\" \/>\n<meta name=\"author\" content=\"DATI\" \/>\n<meta name=\"twitter:card\" content=\"summary_large_image\" \/>\n<meta name=\"twitter:creator\" content=\"@FICAUNSL\" \/>\n<meta name=\"twitter:site\" content=\"@FICAUNSL\" \/>\n<meta name=\"twitter:label1\" content=\"Escrito por\" \/>\n\t<meta name=\"twitter:data1\" content=\"DATI\" \/>\n\t<meta name=\"twitter:label2\" content=\"Tiempo de lectura\" \/>\n\t<meta name=\"twitter:data2\" content=\"2 minutos\" \/>\n<script type=\"application\/ld+json\" class=\"yoast-schema-graph\">{\"@context\":\"https:\\\/\\\/schema.org\",\"@graph\":[{\"@type\":\"Article\",\"@id\":\"https:\\\/\\\/www.fica.unsl.edu.ar\\\/index.php\\\/jornada-dia-internacional-de-las-mujeres-en-matematica-2025\\\/#article\",\"isPartOf\":{\"@id\":\"https:\\\/\\\/www.fica.unsl.edu.ar\\\/index.php\\\/jornada-dia-internacional-de-las-mujeres-en-matematica-2025\\\/\"},\"author\":{\"name\":\"DATI\",\"@id\":\"https:\\\/\\\/www.fica.unsl.edu.ar\\\/#\\\/schema\\\/person\\\/6058f9c66301868d3a691b1f5d6c3544\"},\"headline\":\"Jornada &#8220;D\u00eda Internacional de las Mujeres en Matem\u00e1tica&#8221;\",\"datePublished\":\"2025-05-13T17:59:28+00:00\",\"dateModified\":\"2025-05-19T13:51:07+00:00\",\"mainEntityOfPage\":{\"@id\":\"https:\\\/\\\/www.fica.unsl.edu.ar\\\/index.php\\\/jornada-dia-internacional-de-las-mujeres-en-matematica-2025\\\/\"},\"wordCount\":385,\"publisher\":{\"@id\":\"https:\\\/\\\/www.fica.unsl.edu.ar\\\/#organization\"},\"image\":{\"@id\":\"https:\\\/\\\/www.fica.unsl.edu.ar\\\/index.php\\\/jornada-dia-internacional-de-las-mujeres-en-matematica-2025\\\/#primaryimage\"},\"thumbnailUrl\":\"https:\\\/\\\/www.fica.unsl.edu.ar\\\/wp-content\\\/uploads\\\/2025\\\/05\\\/flyer-JMM25-front.jpg\",\"articleSection\":[\"Noticias\"],\"inLanguage\":\"es-AR\"},{\"@type\":\"WebPage\",\"@id\":\"https:\\\/\\\/www.fica.unsl.edu.ar\\\/index.php\\\/jornada-dia-internacional-de-las-mujeres-en-matematica-2025\\\/\",\"url\":\"https:\\\/\\\/www.fica.unsl.edu.ar\\\/index.php\\\/jornada-dia-internacional-de-las-mujeres-en-matematica-2025\\\/\",\"name\":\"Jornada \\\"D\u00eda Internacional de las Mujeres en Matem\u00e1tica\\\" - Facultad de Ingenier\u00eda y Ciencias Agropecuarias\",\"isPartOf\":{\"@id\":\"https:\\\/\\\/www.fica.unsl.edu.ar\\\/#website\"},\"primaryImageOfPage\":{\"@id\":\"https:\\\/\\\/www.fica.unsl.edu.ar\\\/index.php\\\/jornada-dia-internacional-de-las-mujeres-en-matematica-2025\\\/#primaryimage\"},\"image\":{\"@id\":\"https:\\\/\\\/www.fica.unsl.edu.ar\\\/index.php\\\/jornada-dia-internacional-de-las-mujeres-en-matematica-2025\\\/#primaryimage\"},\"thumbnailUrl\":\"https:\\\/\\\/www.fica.unsl.edu.ar\\\/wp-content\\\/uploads\\\/2025\\\/05\\\/flyer-JMM25-front.jpg\",\"datePublished\":\"2025-05-13T17:59:28+00:00\",\"dateModified\":\"2025-05-19T13:51:07+00:00\",\"inLanguage\":\"es-AR\",\"potentialAction\":[{\"@type\":\"ReadAction\",\"target\":[\"https:\\\/\\\/www.fica.unsl.edu.ar\\\/index.php\\\/jornada-dia-internacional-de-las-mujeres-en-matematica-2025\\\/\"]}]},{\"@type\":\"ImageObject\",\"inLanguage\":\"es-AR\",\"@id\":\"https:\\\/\\\/www.fica.unsl.edu.ar\\\/index.php\\\/jornada-dia-internacional-de-las-mujeres-en-matematica-2025\\\/#primaryimage\",\"url\":\"https:\\\/\\\/www.fica.unsl.edu.ar\\\/wp-content\\\/uploads\\\/2025\\\/05\\\/flyer-JMM25-front.jpg\",\"contentUrl\":\"https:\\\/\\\/www.fica.unsl.edu.ar\\\/wp-content\\\/uploads\\\/2025\\\/05\\\/flyer-JMM25-front.jpg\",\"width\":1061,\"height\":585},{\"@type\":\"WebSite\",\"@id\":\"https:\\\/\\\/www.fica.unsl.edu.ar\\\/#website\",\"url\":\"https:\\\/\\\/www.fica.unsl.edu.ar\\\/\",\"name\":\"Facultad de Ingenier\u00eda y Ciencias Agropecuarias\",\"description\":\"\",\"publisher\":{\"@id\":\"https:\\\/\\\/www.fica.unsl.edu.ar\\\/#organization\"},\"potentialAction\":[{\"@type\":\"SearchAction\",\"target\":{\"@type\":\"EntryPoint\",\"urlTemplate\":\"https:\\\/\\\/www.fica.unsl.edu.ar\\\/?s={search_term_string}\"},\"query-input\":{\"@type\":\"PropertyValueSpecification\",\"valueRequired\":true,\"valueName\":\"search_term_string\"}}],\"inLanguage\":\"es-AR\"},{\"@type\":\"Organization\",\"@id\":\"https:\\\/\\\/www.fica.unsl.edu.ar\\\/#organization\",\"name\":\"Facultad de Ingenier\u00eda y Ciencias Agropecuarias\",\"url\":\"https:\\\/\\\/www.fica.unsl.edu.ar\\\/\",\"logo\":{\"@type\":\"ImageObject\",\"inLanguage\":\"es-AR\",\"@id\":\"https:\\\/\\\/www.fica.unsl.edu.ar\\\/#\\\/schema\\\/logo\\\/image\\\/\",\"url\":\"https:\\\/\\\/www.fica.unsl.edu.ar\\\/wp-content\\\/uploads\\\/2021\\\/03\\\/LOGO-1.jpg\",\"contentUrl\":\"https:\\\/\\\/www.fica.unsl.edu.ar\\\/wp-content\\\/uploads\\\/2021\\\/03\\\/LOGO-1.jpg\",\"width\":463,\"height\":145,\"caption\":\"Facultad de Ingenier\u00eda y Ciencias Agropecuarias\"},\"image\":{\"@id\":\"https:\\\/\\\/www.fica.unsl.edu.ar\\\/#\\\/schema\\\/logo\\\/image\\\/\"},\"sameAs\":[\"https:\\\/\\\/www.facebook.com\\\/FICA.UNSL\\\/\",\"https:\\\/\\\/x.com\\\/FICAUNSL\",\"https:\\\/\\\/www.instagram.com\\\/fica.unsl\\\/\",\"https:\\\/\\\/www.youtube.com\\\/channel\\\/UCs2MM53gb2PyBrMySdtWZDQ\"]},{\"@type\":\"Person\",\"@id\":\"https:\\\/\\\/www.fica.unsl.edu.ar\\\/#\\\/schema\\\/person\\\/6058f9c66301868d3a691b1f5d6c3544\",\"name\":\"DATI\"}]}<\/script>\n<!-- \/ Yoast SEO plugin. -->","yoast_head_json":{"title":"Jornada \"D\u00eda Internacional de las Mujeres en Matem\u00e1tica\" - Facultad de Ingenier\u00eda y Ciencias Agropecuarias","robots":{"index":"index","follow":"follow","max-snippet":"max-snippet:-1","max-image-preview":"max-image-preview:large","max-video-preview":"max-video-preview:-1"},"canonical":"https:\/\/www.fica.unsl.edu.ar\/index.php\/jornada-dia-internacional-de-las-mujeres-en-matematica-2025\/","og_locale":"es_ES","og_type":"article","og_title":"Jornada \"D\u00eda Internacional de las Mujeres en Matem\u00e1tica\" - Facultad de Ingenier\u00eda y Ciencias Agropecuarias","og_description":"El \u00c1rea de Matem\u00e1tica invita a toda la comunidad a la jornada &#8220;D\u00eda Internacional de las Mujeres en Matem\u00e1tica&#8221;, que se llevar\u00e1 a cabo de&hellip;","og_url":"https:\/\/www.fica.unsl.edu.ar\/index.php\/jornada-dia-internacional-de-las-mujeres-en-matematica-2025\/","og_site_name":"Facultad de Ingenier\u00eda y Ciencias Agropecuarias","article_publisher":"https:\/\/www.facebook.com\/FICA.UNSL\/","article_published_time":"2025-05-13T17:59:28+00:00","article_modified_time":"2025-05-19T13:51:07+00:00","og_image":[{"width":1061,"height":585,"url":"https:\/\/www.fica.unsl.edu.ar\/wp-content\/uploads\/2025\/05\/flyer-JMM25-front.jpg","type":"image\/jpeg"}],"author":"DATI","twitter_card":"summary_large_image","twitter_creator":"@FICAUNSL","twitter_site":"@FICAUNSL","twitter_misc":{"Escrito por":"DATI","Tiempo de lectura":"2 minutos"},"schema":{"@context":"https:\/\/schema.org","@graph":[{"@type":"Article","@id":"https:\/\/www.fica.unsl.edu.ar\/index.php\/jornada-dia-internacional-de-las-mujeres-en-matematica-2025\/#article","isPartOf":{"@id":"https:\/\/www.fica.unsl.edu.ar\/index.php\/jornada-dia-internacional-de-las-mujeres-en-matematica-2025\/"},"author":{"name":"DATI","@id":"https:\/\/www.fica.unsl.edu.ar\/#\/schema\/person\/6058f9c66301868d3a691b1f5d6c3544"},"headline":"Jornada &#8220;D\u00eda Internacional de las Mujeres en Matem\u00e1tica&#8221;","datePublished":"2025-05-13T17:59:28+00:00","dateModified":"2025-05-19T13:51:07+00:00","mainEntityOfPage":{"@id":"https:\/\/www.fica.unsl.edu.ar\/index.php\/jornada-dia-internacional-de-las-mujeres-en-matematica-2025\/"},"wordCount":385,"publisher":{"@id":"https:\/\/www.fica.unsl.edu.ar\/#organization"},"image":{"@id":"https:\/\/www.fica.unsl.edu.ar\/index.php\/jornada-dia-internacional-de-las-mujeres-en-matematica-2025\/#primaryimage"},"thumbnailUrl":"https:\/\/www.fica.unsl.edu.ar\/wp-content\/uploads\/2025\/05\/flyer-JMM25-front.jpg","articleSection":["Noticias"],"inLanguage":"es-AR"},{"@type":"WebPage","@id":"https:\/\/www.fica.unsl.edu.ar\/index.php\/jornada-dia-internacional-de-las-mujeres-en-matematica-2025\/","url":"https:\/\/www.fica.unsl.edu.ar\/index.php\/jornada-dia-internacional-de-las-mujeres-en-matematica-2025\/","name":"Jornada \"D\u00eda Internacional de las Mujeres en Matem\u00e1tica\" - Facultad de Ingenier\u00eda y Ciencias Agropecuarias","isPartOf":{"@id":"https:\/\/www.fica.unsl.edu.ar\/#website"},"primaryImageOfPage":{"@id":"https:\/\/www.fica.unsl.edu.ar\/index.php\/jornada-dia-internacional-de-las-mujeres-en-matematica-2025\/#primaryimage"},"image":{"@id":"https:\/\/www.fica.unsl.edu.ar\/index.php\/jornada-dia-internacional-de-las-mujeres-en-matematica-2025\/#primaryimage"},"thumbnailUrl":"https:\/\/www.fica.unsl.edu.ar\/wp-content\/uploads\/2025\/05\/flyer-JMM25-front.jpg","datePublished":"2025-05-13T17:59:28+00:00","dateModified":"2025-05-19T13:51:07+00:00","inLanguage":"es-AR","potentialAction":[{"@type":"ReadAction","target":["https:\/\/www.fica.unsl.edu.ar\/index.php\/jornada-dia-internacional-de-las-mujeres-en-matematica-2025\/"]}]},{"@type":"ImageObject","inLanguage":"es-AR","@id":"https:\/\/www.fica.unsl.edu.ar\/index.php\/jornada-dia-internacional-de-las-mujeres-en-matematica-2025\/#primaryimage","url":"https:\/\/www.fica.unsl.edu.ar\/wp-content\/uploads\/2025\/05\/flyer-JMM25-front.jpg","contentUrl":"https:\/\/www.fica.unsl.edu.ar\/wp-content\/uploads\/2025\/05\/flyer-JMM25-front.jpg","width":1061,"height":585},{"@type":"WebSite","@id":"https:\/\/www.fica.unsl.edu.ar\/#website","url":"https:\/\/www.fica.unsl.edu.ar\/","name":"Facultad de Ingenier\u00eda y Ciencias Agropecuarias","description":"","publisher":{"@id":"https:\/\/www.fica.unsl.edu.ar\/#organization"},"potentialAction":[{"@type":"SearchAction","target":{"@type":"EntryPoint","urlTemplate":"https:\/\/www.fica.unsl.edu.ar\/?s={search_term_string}"},"query-input":{"@type":"PropertyValueSpecification","valueRequired":true,"valueName":"search_term_string"}}],"inLanguage":"es-AR"},{"@type":"Organization","@id":"https:\/\/www.fica.unsl.edu.ar\/#organization","name":"Facultad de Ingenier\u00eda y Ciencias Agropecuarias","url":"https:\/\/www.fica.unsl.edu.ar\/","logo":{"@type":"ImageObject","inLanguage":"es-AR","@id":"https:\/\/www.fica.unsl.edu.ar\/#\/schema\/logo\/image\/","url":"https:\/\/www.fica.unsl.edu.ar\/wp-content\/uploads\/2021\/03\/LOGO-1.jpg","contentUrl":"https:\/\/www.fica.unsl.edu.ar\/wp-content\/uploads\/2021\/03\/LOGO-1.jpg","width":463,"height":145,"caption":"Facultad de Ingenier\u00eda y Ciencias Agropecuarias"},"image":{"@id":"https:\/\/www.fica.unsl.edu.ar\/#\/schema\/logo\/image\/"},"sameAs":["https:\/\/www.facebook.com\/FICA.UNSL\/","https:\/\/x.com\/FICAUNSL","https:\/\/www.instagram.com\/fica.unsl\/","https:\/\/www.youtube.com\/channel\/UCs2MM53gb2PyBrMySdtWZDQ"]},{"@type":"Person","@id":"https:\/\/www.fica.unsl.edu.ar\/#\/schema\/person\/6058f9c66301868d3a691b1f5d6c3544","name":"DATI"}]}},"_links":{"self":[{"href":"https:\/\/www.fica.unsl.edu.ar\/index.php\/wp-json\/wp\/v2\/posts\/19948","targetHints":{"allow":["GET"]}}],"collection":[{"href":"https:\/\/www.fica.unsl.edu.ar\/index.php\/wp-json\/wp\/v2\/posts"}],"about":[{"href":"https:\/\/www.fica.unsl.edu.ar\/index.php\/wp-json\/wp\/v2\/types\/post"}],"author":[{"embeddable":true,"href":"https:\/\/www.fica.unsl.edu.ar\/index.php\/wp-json\/wp\/v2\/users\/9"}],"replies":[{"embeddable":true,"href":"https:\/\/www.fica.unsl.edu.ar\/index.php\/wp-json\/wp\/v2\/comments?post=19948"}],"version-history":[{"count":3,"href":"https:\/\/www.fica.unsl.edu.ar\/index.php\/wp-json\/wp\/v2\/posts\/19948\/revisions"}],"predecessor-version":[{"id":19952,"href":"https:\/\/www.fica.unsl.edu.ar\/index.php\/wp-json\/wp\/v2\/posts\/19948\/revisions\/19952"}],"wp:featuredmedia":[{"embeddable":true,"href":"https:\/\/www.fica.unsl.edu.ar\/index.php\/wp-json\/wp\/v2\/media\/19949"}],"wp:attachment":[{"href":"https:\/\/www.fica.unsl.edu.ar\/index.php\/wp-json\/wp\/v2\/media?parent=19948"}],"wp:term":[{"taxonomy":"category","embeddable":true,"href":"https:\/\/www.fica.unsl.edu.ar\/index.php\/wp-json\/wp\/v2\/categories?post=19948"},{"taxonomy":"post_tag","embeddable":true,"href":"https:\/\/www.fica.unsl.edu.ar\/index.php\/wp-json\/wp\/v2\/tags?post=19948"}],"curies":[{"name":"wp","href":"https:\/\/api.w.org\/{rel}","templated":true}]}}