{"id":20000,"date":"2025-05-15T09:38:59","date_gmt":"2025-05-15T12:38:59","guid":{"rendered":"http:\/\/10.101.10.196\/www\/?p=20000"},"modified":"2025-05-15T12:25:21","modified_gmt":"2025-05-15T15:25:21","slug":"abren-convocatorias-internacionales-de-movilidad-academica-2025","status":"publish","type":"post","link":"https:\/\/www.fica.unsl.edu.ar\/index.php\/abren-convocatorias-internacionales-de-movilidad-academica-2025\/","title":{"rendered":"Abren convocatorias internacionales de movilidad acad\u00e9mica 2025"},"content":{"rendered":"<p><span class=\"_fadeIn_m1hgl_8\">La <\/span><span class=\"_fadeIn_m1hgl_8\">Secretar\u00eda <\/span><span class=\"_fadeIn_m1hgl_8\">de <\/span><span class=\"_fadeIn_m1hgl_8\">Relaciones <\/span><span class=\"_fadeIn_m1hgl_8\">Interinstitucionales <\/span><span class=\"_fadeIn_m1hgl_8\">de <\/span><span class=\"_fadeIn_m1hgl_8\">la <\/span><span class=\"_fadeIn_m1hgl_8\">UNSL <\/span><span class=\"_fadeIn_m1hgl_8\">informa <\/span><span class=\"_fadeIn_m1hgl_8\">que <\/span><span class=\"_fadeIn_m1hgl_8\">se <\/span><span class=\"_fadeIn_m1hgl_8\">encuentran <\/span><span class=\"_fadeIn_m1hgl_8\">abiertas <\/span><span class=\"_fadeIn_m1hgl_8\">diversas <\/span><strong><span class=\"_fadeIn_m1hgl_8\">convocatorias<\/span> <span class=\"_fadeIn_m1hgl_8\">internacionales <\/span><span class=\"_fadeIn_m1hgl_8\">de <\/span><span class=\"_fadeIn_m1hgl_8\">movilidad <\/span><span class=\"_fadeIn_m1hgl_8\">e <\/span><span class=\"_fadeIn_m1hgl_8\">intercambio <\/span><span class=\"_fadeIn_m1hgl_8\">acad\u00e9mico <\/span><\/strong><span class=\"_fadeIn_m1hgl_8\"><strong>2025<\/strong> <\/span><span class=\"_fadeIn_m1hgl_8\">destinadas <\/span><span class=\"_fadeIn_m1hgl_8\">a <\/span><strong><span class=\"_fadeIn_m1hgl_8\">estudiantes <\/span><span class=\"_fadeIn_m1hgl_8\">regulares <\/span><span class=\"_fadeIn_m1hgl_8\">de <\/span><span class=\"_fadeIn_m1hgl_8\">las <\/span><span class=\"_fadeIn_m1hgl_8\">carreras <\/span><span class=\"_fadeIn_m1hgl_8\">de <\/span><span class=\"_fadeIn_m1hgl_8\">grado <\/span><span class=\"_fadeIn_m1hgl_8\">y <\/span><span class=\"_fadeIn_m1hgl_8\">pregrado <\/span><span class=\"_fadeIn_m1hgl_8\">de <\/span><span class=\"_fadeIn_m1hgl_8\">la <\/span><span class=\"_fadeIn_m1hgl_8\">UNSL.<\/span><\/strong><\/p>\n<h3><strong>Movilidad Estudiantil (PME) del Consejo de Rectores por la Integraci\u00f3n de la Subregi\u00f3n Centro Oeste de Sudam\u00e9rica (CRISCOS)<\/strong><\/h3>\n<p>El Programa de Movilidad Estudiantil (PME) del Consejo de Rectores por la Integraci\u00f3n de la Subregi\u00f3n Centro Oeste de Sudam\u00e9rica (CRISCOS) ofrece a estudiantes regulares de las carreras de grado y pregrado de la UNSL, la posibilidad de cursar materias en alguna de sus universidades miembro, durante el 2\u00b0 cuatrimestre de 2025.<br \/>\n\ud83d\udd34 Oferta acad\u00e9mica, requisitos y documentaci\u00f3n a presentar:<br \/>\nhttps:\/\/relint.unsl.edu.ar \u27a1 https:\/\/relint.unsl.edu.ar\/novedades\/convocatoria-abierta-programa-de-movilidad-estudiantil-pme-segundo-cuatrimestre-2025<br \/>\n\ud83d\udd34 Postulaci\u00f3n de estudiantes hasta el 26 de mayo\u203c<br \/>\n\u2795info: interinstitucionales.unsl@gmail.com\/ cooperacion.unsl@gmail.com \/ 2664759308<br \/>\nInstagram: \/interinstitucionales.unsl<\/p>\n<h3><strong>Movilidad Educativa (PAME) de la Uni\u00f3n de Universidades de Am\u00e9rica Latina y el Caribe (UDUALC)<\/strong><\/h3>\n<p>El Programa Acad\u00e9mico de Movilidad Educativa (PAME) de la Uni\u00f3n de Universidades de Am\u00e9rica Latina y el Caribe (UDUALC) ofrece a estudiantes regulares de grado\/pregrado de la UNSL la posibilidad de cursar materias durante 2do cuatrimestre del 2025 en la Universidad Tecnol\u00f3gica Privada de Santa Cruz, Bolivia \ud83c\udde7\ud83c\uddf4<br \/>\n\ud83d\udd34 Oferta acad\u00e9mica, requisitos y documentaci\u00f3n a presentar:<br \/>\nhttps:\/\/relint.unsl.edu.ar \u27a1 https:\/\/relint.unsl.edu.ar\/novedades\/convocatoria-2-c-2025-programa-academico-de-movilidad-educativa<br \/>\n\ud83d\udd34 Postulaci\u00f3n de estudiantes hasta el 21 de mayo\u203c<br \/>\n\u2795info: interinstitucionales.unsl@gmail.com\/ cooperacion.unsl@gmail.com \/ 2664759308<br \/>\nInstagram: \/interinstitucionales.unsl<\/p>\n<h3><strong>Programa de Intercambio Latinoamericano (PILA) del Consejo Interuniversitario Nacional (CIN)<\/strong><\/h3>\n<p>El Programa de Intercambio Latinoamericano (PILA) coordinado por el Consejo Interuniversitario Nacional (CIN) ofrece a estudiantes regulares de grado\/pregrado de la UNSL, la posibilidad de cursar materias durante el 2do cuatrimestre de 2025 en la Universidad Tecnol\u00f3gica de Aguascalientes, M\u00e9xico \ud83c\uddf2\ud83c\uddfd<br \/>\n\ud83d\udd34 Oferta acad\u00e9mica, requisitos y documentaci\u00f3n a presentar:<br \/>\nhttps:\/\/relint.unsl.edu.ar \u27a1 https:\/\/relint.unsl.edu.ar\/novedades\/programa-pila-se-abre-la-convocatoria-para-el-2-c-2025<br \/>\n\ud83d\udd34 Postulaci\u00f3n de estudiantes hasta el 23 de mayo\u203c<br \/>\n\u2795 info: interinstitucionales.unsl@gmail.com\/ cooperacion.unsl@gmail.com \/ 2664759308<br \/>\nInstagram: \/interinstitucionales.unsl<\/p>\n<h3><strong>PILA: Movilidad Acad\u00e9mica Virtual<\/strong><\/h3>\n<p>El Programa de Intercambio LatinoAmericano (PILA) coordinado por el Consejo Interuniversitario Nacional (CIN) ofrece a estudiantes regulares de grado\/pregrado de la UNSL, la posibilidad de cursar materias de manera virtual en diversas universidades extranjeras de Brasil, Colombia, M\u00e9xico, Nicaragua y otros pa\u00edses latinoamericanos, durante el 2do cuatrimestre del 2025. \ud83c\udde7\ud83c\uddf7 \ud83c\udde8\ud83c\uddf4 \ud83c\uddf2\ud83c\uddfd \ud83c\uddf3\ud83c\uddee<br \/>\n\ud83d\udd34 Oferta acad\u00e9mica, requisitos y documentaci\u00f3n a presentar:<br \/>\nhttps:\/\/relint.unsl.edu.ar \u27a1 https:\/\/relint.unsl.edu.ar\/novedades\/vivi-una-experiencia-internacional-desde-casa-pila-virtual-2025<br \/>\n\ud83d\udd34 Postulaci\u00f3n de estudiantes hasta el 13 de junio\u203c<br \/>\n\u2795 info: interinstitucionales.unsl@gmail.com\/ cooperacion.unsl@gmail.com \/ 2664759308<br \/>\nInstagram: \/interinstitucionales.unsl<\/p>\n<h3><strong>Escala Estudiantes de Grado (PEEg) de la Asociaci\u00f3n de Universidades Grupo Montevideo (AUGM)<\/strong><\/h3>\n<p>El Programa Escala Estudiantes de Grado (PEEg) de la Asociaci\u00f3n de Universidades Grupo Montevideo (AUGM) ofrece a estudiantes regulares de grado\/pregrado de la UNSL la oportunidad de cursar materias durante el 2\u00b0 cuatrimestre del 2025 en carreras dictadas en la Facultad de Ciencias Qu\u00edmicas de la Universidad Nacional de Asunci\u00f3n (UNA), Paraguay \ud83c\uddf5\ud83c\uddfe<br \/>\n\ud83d\udd34 Oferta acad\u00e9mica, requisitos y documentaci\u00f3n a presentar:<br \/>\nhttps:\/\/relint.unsl.edu.ar \u27a1 https:\/\/relint.unsl.edu.ar\/novedades\/programa-escala-estudiantes-de-grado-de-la-augm-2-cuatrimestre-del-2025<br \/>\n\ud83d\udd34 Postulaci\u00f3n de estudiantes hasta el 2 de junio\u203c<br \/>\n\u2795 info: interinstitucionales.unsl@gmail.com\/ cooperacion.unsl@gmail.com \/ 2664759308<br \/>\nInstagram: \/interinstitucionales.unsl<\/p>\n","protected":false},"excerpt":{"rendered":"<p>La Secretar\u00eda de Relaciones Interinstitucionales de la UNSL informa que se encuentran abiertas diversas convocatorias internacionales de movilidad e intercambio acad\u00e9mico 2025 destinadas a estudiantes&hellip;<\/p>\n","protected":false},"author":9,"featured_media":20001,"comment_status":"closed","ping_status":"closed","sticky":false,"template":"","format":"standard","meta":{"_monsterinsights_skip_tracking":false,"_monsterinsights_sitenote_active":false,"_monsterinsights_sitenote_note":"","_monsterinsights_sitenote_category":0,"_joinchat":[],"footnotes":""},"categories":[19],"tags":[],"class_list":["post-20000","post","type-post","status-publish","format-standard","has-post-thumbnail","hentry","category-noticias"],"yoast_head":"<!-- This site is optimized with the Yoast SEO plugin v27.4 - https:\/\/yoast.com\/product\/yoast-seo-wordpress\/ -->\n<title>Abren convocatorias internacionales de movilidad acad\u00e9mica 2025 - Facultad de Ingenier\u00eda y Ciencias Agropecuarias<\/title>\n<meta name=\"robots\" content=\"index, follow, max-snippet:-1, max-image-preview:large, max-video-preview:-1\" \/>\n<link rel=\"canonical\" href=\"https:\/\/www.fica.unsl.edu.ar\/index.php\/abren-convocatorias-internacionales-de-movilidad-academica-2025\/\" \/>\n<meta property=\"og:locale\" content=\"es_ES\" \/>\n<meta property=\"og:type\" content=\"article\" \/>\n<meta property=\"og:title\" content=\"Abren convocatorias internacionales de movilidad acad\u00e9mica 2025 - Facultad de Ingenier\u00eda y Ciencias Agropecuarias\" \/>\n<meta property=\"og:description\" content=\"La Secretar\u00eda de Relaciones Interinstitucionales de la UNSL informa que se encuentran abiertas diversas convocatorias internacionales de movilidad e intercambio acad\u00e9mico 2025 destinadas a estudiantes&hellip;\" \/>\n<meta property=\"og:url\" content=\"https:\/\/www.fica.unsl.edu.ar\/index.php\/abren-convocatorias-internacionales-de-movilidad-academica-2025\/\" \/>\n<meta property=\"og:site_name\" content=\"Facultad de Ingenier\u00eda y Ciencias Agropecuarias\" \/>\n<meta property=\"article:publisher\" content=\"https:\/\/www.facebook.com\/FICA.UNSL\/\" \/>\n<meta property=\"article:published_time\" content=\"2025-05-15T12:38:59+00:00\" \/>\n<meta property=\"article:modified_time\" content=\"2025-05-15T15:25:21+00:00\" \/>\n<meta property=\"og:image\" content=\"https:\/\/www.fica.unsl.edu.ar\/wp-content\/uploads\/2025\/05\/sti-front.jpg\" \/>\n\t<meta property=\"og:image:width\" content=\"1061\" \/>\n\t<meta property=\"og:image:height\" content=\"585\" \/>\n\t<meta property=\"og:image:type\" content=\"image\/jpeg\" \/>\n<meta name=\"author\" content=\"DATI\" \/>\n<meta name=\"twitter:card\" content=\"summary_large_image\" \/>\n<meta name=\"twitter:creator\" content=\"@FICAUNSL\" \/>\n<meta name=\"twitter:site\" content=\"@FICAUNSL\" \/>\n<meta name=\"twitter:label1\" content=\"Escrito por\" \/>\n\t<meta name=\"twitter:data1\" content=\"DATI\" \/>\n\t<meta name=\"twitter:label2\" content=\"Tiempo de lectura\" \/>\n\t<meta name=\"twitter:data2\" content=\"3 minutos\" \/>\n<script type=\"application\/ld+json\" class=\"yoast-schema-graph\">{\"@context\":\"https:\\\/\\\/schema.org\",\"@graph\":[{\"@type\":\"Article\",\"@id\":\"https:\\\/\\\/www.fica.unsl.edu.ar\\\/index.php\\\/abren-convocatorias-internacionales-de-movilidad-academica-2025\\\/#article\",\"isPartOf\":{\"@id\":\"https:\\\/\\\/www.fica.unsl.edu.ar\\\/index.php\\\/abren-convocatorias-internacionales-de-movilidad-academica-2025\\\/\"},\"author\":{\"name\":\"DATI\",\"@id\":\"https:\\\/\\\/www.fica.unsl.edu.ar\\\/#\\\/schema\\\/person\\\/6058f9c66301868d3a691b1f5d6c3544\"},\"headline\":\"Abren convocatorias internacionales de movilidad acad\u00e9mica 2025\",\"datePublished\":\"2025-05-15T12:38:59+00:00\",\"dateModified\":\"2025-05-15T15:25:21+00:00\",\"mainEntityOfPage\":{\"@id\":\"https:\\\/\\\/www.fica.unsl.edu.ar\\\/index.php\\\/abren-convocatorias-internacionales-de-movilidad-academica-2025\\\/\"},\"wordCount\":571,\"publisher\":{\"@id\":\"https:\\\/\\\/www.fica.unsl.edu.ar\\\/#organization\"},\"image\":{\"@id\":\"https:\\\/\\\/www.fica.unsl.edu.ar\\\/index.php\\\/abren-convocatorias-internacionales-de-movilidad-academica-2025\\\/#primaryimage\"},\"thumbnailUrl\":\"https:\\\/\\\/www.fica.unsl.edu.ar\\\/wp-content\\\/uploads\\\/2025\\\/05\\\/sti-front.jpg\",\"articleSection\":[\"Noticias\"],\"inLanguage\":\"es-AR\"},{\"@type\":\"WebPage\",\"@id\":\"https:\\\/\\\/www.fica.unsl.edu.ar\\\/index.php\\\/abren-convocatorias-internacionales-de-movilidad-academica-2025\\\/\",\"url\":\"https:\\\/\\\/www.fica.unsl.edu.ar\\\/index.php\\\/abren-convocatorias-internacionales-de-movilidad-academica-2025\\\/\",\"name\":\"Abren convocatorias internacionales de movilidad acad\u00e9mica 2025 - Facultad de Ingenier\u00eda y Ciencias Agropecuarias\",\"isPartOf\":{\"@id\":\"https:\\\/\\\/www.fica.unsl.edu.ar\\\/#website\"},\"primaryImageOfPage\":{\"@id\":\"https:\\\/\\\/www.fica.unsl.edu.ar\\\/index.php\\\/abren-convocatorias-internacionales-de-movilidad-academica-2025\\\/#primaryimage\"},\"image\":{\"@id\":\"https:\\\/\\\/www.fica.unsl.edu.ar\\\/index.php\\\/abren-convocatorias-internacionales-de-movilidad-academica-2025\\\/#primaryimage\"},\"thumbnailUrl\":\"https:\\\/\\\/www.fica.unsl.edu.ar\\\/wp-content\\\/uploads\\\/2025\\\/05\\\/sti-front.jpg\",\"datePublished\":\"2025-05-15T12:38:59+00:00\",\"dateModified\":\"2025-05-15T15:25:21+00:00\",\"inLanguage\":\"es-AR\",\"potentialAction\":[{\"@type\":\"ReadAction\",\"target\":[\"https:\\\/\\\/www.fica.unsl.edu.ar\\\/index.php\\\/abren-convocatorias-internacionales-de-movilidad-academica-2025\\\/\"]}]},{\"@type\":\"ImageObject\",\"inLanguage\":\"es-AR\",\"@id\":\"https:\\\/\\\/www.fica.unsl.edu.ar\\\/index.php\\\/abren-convocatorias-internacionales-de-movilidad-academica-2025\\\/#primaryimage\",\"url\":\"https:\\\/\\\/www.fica.unsl.edu.ar\\\/wp-content\\\/uploads\\\/2025\\\/05\\\/sti-front.jpg\",\"contentUrl\":\"https:\\\/\\\/www.fica.unsl.edu.ar\\\/wp-content\\\/uploads\\\/2025\\\/05\\\/sti-front.jpg\",\"width\":1061,\"height\":585},{\"@type\":\"WebSite\",\"@id\":\"https:\\\/\\\/www.fica.unsl.edu.ar\\\/#website\",\"url\":\"https:\\\/\\\/www.fica.unsl.edu.ar\\\/\",\"name\":\"Facultad de Ingenier\u00eda y Ciencias Agropecuarias\",\"description\":\"\",\"publisher\":{\"@id\":\"https:\\\/\\\/www.fica.unsl.edu.ar\\\/#organization\"},\"potentialAction\":[{\"@type\":\"SearchAction\",\"target\":{\"@type\":\"EntryPoint\",\"urlTemplate\":\"https:\\\/\\\/www.fica.unsl.edu.ar\\\/?s={search_term_string}\"},\"query-input\":{\"@type\":\"PropertyValueSpecification\",\"valueRequired\":true,\"valueName\":\"search_term_string\"}}],\"inLanguage\":\"es-AR\"},{\"@type\":\"Organization\",\"@id\":\"https:\\\/\\\/www.fica.unsl.edu.ar\\\/#organization\",\"name\":\"Facultad de Ingenier\u00eda y Ciencias Agropecuarias\",\"url\":\"https:\\\/\\\/www.fica.unsl.edu.ar\\\/\",\"logo\":{\"@type\":\"ImageObject\",\"inLanguage\":\"es-AR\",\"@id\":\"https:\\\/\\\/www.fica.unsl.edu.ar\\\/#\\\/schema\\\/logo\\\/image\\\/\",\"url\":\"https:\\\/\\\/www.fica.unsl.edu.ar\\\/wp-content\\\/uploads\\\/2021\\\/03\\\/LOGO-1.jpg\",\"contentUrl\":\"https:\\\/\\\/www.fica.unsl.edu.ar\\\/wp-content\\\/uploads\\\/2021\\\/03\\\/LOGO-1.jpg\",\"width\":463,\"height\":145,\"caption\":\"Facultad de Ingenier\u00eda y Ciencias Agropecuarias\"},\"image\":{\"@id\":\"https:\\\/\\\/www.fica.unsl.edu.ar\\\/#\\\/schema\\\/logo\\\/image\\\/\"},\"sameAs\":[\"https:\\\/\\\/www.facebook.com\\\/FICA.UNSL\\\/\",\"https:\\\/\\\/x.com\\\/FICAUNSL\",\"https:\\\/\\\/www.instagram.com\\\/fica.unsl\\\/\",\"https:\\\/\\\/www.youtube.com\\\/channel\\\/UCs2MM53gb2PyBrMySdtWZDQ\"]},{\"@type\":\"Person\",\"@id\":\"https:\\\/\\\/www.fica.unsl.edu.ar\\\/#\\\/schema\\\/person\\\/6058f9c66301868d3a691b1f5d6c3544\",\"name\":\"DATI\"}]}<\/script>\n<!-- \/ Yoast SEO plugin. -->","yoast_head_json":{"title":"Abren convocatorias internacionales de movilidad acad\u00e9mica 2025 - Facultad de Ingenier\u00eda y Ciencias Agropecuarias","robots":{"index":"index","follow":"follow","max-snippet":"max-snippet:-1","max-image-preview":"max-image-preview:large","max-video-preview":"max-video-preview:-1"},"canonical":"https:\/\/www.fica.unsl.edu.ar\/index.php\/abren-convocatorias-internacionales-de-movilidad-academica-2025\/","og_locale":"es_ES","og_type":"article","og_title":"Abren convocatorias internacionales de movilidad acad\u00e9mica 2025 - Facultad de Ingenier\u00eda y Ciencias Agropecuarias","og_description":"La Secretar\u00eda de Relaciones Interinstitucionales de la UNSL informa que se encuentran abiertas diversas convocatorias internacionales de movilidad e intercambio acad\u00e9mico 2025 destinadas a estudiantes&hellip;","og_url":"https:\/\/www.fica.unsl.edu.ar\/index.php\/abren-convocatorias-internacionales-de-movilidad-academica-2025\/","og_site_name":"Facultad de Ingenier\u00eda y Ciencias Agropecuarias","article_publisher":"https:\/\/www.facebook.com\/FICA.UNSL\/","article_published_time":"2025-05-15T12:38:59+00:00","article_modified_time":"2025-05-15T15:25:21+00:00","og_image":[{"width":1061,"height":585,"url":"https:\/\/www.fica.unsl.edu.ar\/wp-content\/uploads\/2025\/05\/sti-front.jpg","type":"image\/jpeg"}],"author":"DATI","twitter_card":"summary_large_image","twitter_creator":"@FICAUNSL","twitter_site":"@FICAUNSL","twitter_misc":{"Escrito por":"DATI","Tiempo de lectura":"3 minutos"},"schema":{"@context":"https:\/\/schema.org","@graph":[{"@type":"Article","@id":"https:\/\/www.fica.unsl.edu.ar\/index.php\/abren-convocatorias-internacionales-de-movilidad-academica-2025\/#article","isPartOf":{"@id":"https:\/\/www.fica.unsl.edu.ar\/index.php\/abren-convocatorias-internacionales-de-movilidad-academica-2025\/"},"author":{"name":"DATI","@id":"https:\/\/www.fica.unsl.edu.ar\/#\/schema\/person\/6058f9c66301868d3a691b1f5d6c3544"},"headline":"Abren convocatorias internacionales de movilidad acad\u00e9mica 2025","datePublished":"2025-05-15T12:38:59+00:00","dateModified":"2025-05-15T15:25:21+00:00","mainEntityOfPage":{"@id":"https:\/\/www.fica.unsl.edu.ar\/index.php\/abren-convocatorias-internacionales-de-movilidad-academica-2025\/"},"wordCount":571,"publisher":{"@id":"https:\/\/www.fica.unsl.edu.ar\/#organization"},"image":{"@id":"https:\/\/www.fica.unsl.edu.ar\/index.php\/abren-convocatorias-internacionales-de-movilidad-academica-2025\/#primaryimage"},"thumbnailUrl":"https:\/\/www.fica.unsl.edu.ar\/wp-content\/uploads\/2025\/05\/sti-front.jpg","articleSection":["Noticias"],"inLanguage":"es-AR"},{"@type":"WebPage","@id":"https:\/\/www.fica.unsl.edu.ar\/index.php\/abren-convocatorias-internacionales-de-movilidad-academica-2025\/","url":"https:\/\/www.fica.unsl.edu.ar\/index.php\/abren-convocatorias-internacionales-de-movilidad-academica-2025\/","name":"Abren convocatorias internacionales de movilidad acad\u00e9mica 2025 - Facultad de Ingenier\u00eda y Ciencias Agropecuarias","isPartOf":{"@id":"https:\/\/www.fica.unsl.edu.ar\/#website"},"primaryImageOfPage":{"@id":"https:\/\/www.fica.unsl.edu.ar\/index.php\/abren-convocatorias-internacionales-de-movilidad-academica-2025\/#primaryimage"},"image":{"@id":"https:\/\/www.fica.unsl.edu.ar\/index.php\/abren-convocatorias-internacionales-de-movilidad-academica-2025\/#primaryimage"},"thumbnailUrl":"https:\/\/www.fica.unsl.edu.ar\/wp-content\/uploads\/2025\/05\/sti-front.jpg","datePublished":"2025-05-15T12:38:59+00:00","dateModified":"2025-05-15T15:25:21+00:00","inLanguage":"es-AR","potentialAction":[{"@type":"ReadAction","target":["https:\/\/www.fica.unsl.edu.ar\/index.php\/abren-convocatorias-internacionales-de-movilidad-academica-2025\/"]}]},{"@type":"ImageObject","inLanguage":"es-AR","@id":"https:\/\/www.fica.unsl.edu.ar\/index.php\/abren-convocatorias-internacionales-de-movilidad-academica-2025\/#primaryimage","url":"https:\/\/www.fica.unsl.edu.ar\/wp-content\/uploads\/2025\/05\/sti-front.jpg","contentUrl":"https:\/\/www.fica.unsl.edu.ar\/wp-content\/uploads\/2025\/05\/sti-front.jpg","width":1061,"height":585},{"@type":"WebSite","@id":"https:\/\/www.fica.unsl.edu.ar\/#website","url":"https:\/\/www.fica.unsl.edu.ar\/","name":"Facultad de Ingenier\u00eda y Ciencias Agropecuarias","description":"","publisher":{"@id":"https:\/\/www.fica.unsl.edu.ar\/#organization"},"potentialAction":[{"@type":"SearchAction","target":{"@type":"EntryPoint","urlTemplate":"https:\/\/www.fica.unsl.edu.ar\/?s={search_term_string}"},"query-input":{"@type":"PropertyValueSpecification","valueRequired":true,"valueName":"search_term_string"}}],"inLanguage":"es-AR"},{"@type":"Organization","@id":"https:\/\/www.fica.unsl.edu.ar\/#organization","name":"Facultad de Ingenier\u00eda y Ciencias Agropecuarias","url":"https:\/\/www.fica.unsl.edu.ar\/","logo":{"@type":"ImageObject","inLanguage":"es-AR","@id":"https:\/\/www.fica.unsl.edu.ar\/#\/schema\/logo\/image\/","url":"https:\/\/www.fica.unsl.edu.ar\/wp-content\/uploads\/2021\/03\/LOGO-1.jpg","contentUrl":"https:\/\/www.fica.unsl.edu.ar\/wp-content\/uploads\/2021\/03\/LOGO-1.jpg","width":463,"height":145,"caption":"Facultad de Ingenier\u00eda y Ciencias Agropecuarias"},"image":{"@id":"https:\/\/www.fica.unsl.edu.ar\/#\/schema\/logo\/image\/"},"sameAs":["https:\/\/www.facebook.com\/FICA.UNSL\/","https:\/\/x.com\/FICAUNSL","https:\/\/www.instagram.com\/fica.unsl\/","https:\/\/www.youtube.com\/channel\/UCs2MM53gb2PyBrMySdtWZDQ"]},{"@type":"Person","@id":"https:\/\/www.fica.unsl.edu.ar\/#\/schema\/person\/6058f9c66301868d3a691b1f5d6c3544","name":"DATI"}]}},"_links":{"self":[{"href":"https:\/\/www.fica.unsl.edu.ar\/index.php\/wp-json\/wp\/v2\/posts\/20000","targetHints":{"allow":["GET"]}}],"collection":[{"href":"https:\/\/www.fica.unsl.edu.ar\/index.php\/wp-json\/wp\/v2\/posts"}],"about":[{"href":"https:\/\/www.fica.unsl.edu.ar\/index.php\/wp-json\/wp\/v2\/types\/post"}],"author":[{"embeddable":true,"href":"https:\/\/www.fica.unsl.edu.ar\/index.php\/wp-json\/wp\/v2\/users\/9"}],"replies":[{"embeddable":true,"href":"https:\/\/www.fica.unsl.edu.ar\/index.php\/wp-json\/wp\/v2\/comments?post=20000"}],"version-history":[{"count":3,"href":"https:\/\/www.fica.unsl.edu.ar\/index.php\/wp-json\/wp\/v2\/posts\/20000\/revisions"}],"predecessor-version":[{"id":20004,"href":"https:\/\/www.fica.unsl.edu.ar\/index.php\/wp-json\/wp\/v2\/posts\/20000\/revisions\/20004"}],"wp:featuredmedia":[{"embeddable":true,"href":"https:\/\/www.fica.unsl.edu.ar\/index.php\/wp-json\/wp\/v2\/media\/20001"}],"wp:attachment":[{"href":"https:\/\/www.fica.unsl.edu.ar\/index.php\/wp-json\/wp\/v2\/media?parent=20000"}],"wp:term":[{"taxonomy":"category","embeddable":true,"href":"https:\/\/www.fica.unsl.edu.ar\/index.php\/wp-json\/wp\/v2\/categories?post=20000"},{"taxonomy":"post_tag","embeddable":true,"href":"https:\/\/www.fica.unsl.edu.ar\/index.php\/wp-json\/wp\/v2\/tags?post=20000"}],"curies":[{"name":"wp","href":"https:\/\/api.w.org\/{rel}","templated":true}]}}