{"id":20103,"date":"2025-05-22T11:29:24","date_gmt":"2025-05-22T14:29:24","guid":{"rendered":"http:\/\/10.101.10.196\/www\/?p=20103"},"modified":"2025-06-05T06:50:43","modified_gmt":"2025-06-05T09:50:43","slug":"profes-2025-mas-de-100-estudiantes-participaron-en-el-taller-de-matematica","status":"publish","type":"post","link":"https:\/\/www.fica.unsl.edu.ar\/index.php\/profes-2025-mas-de-100-estudiantes-participaron-en-el-taller-de-matematica\/","title":{"rendered":"PROFES 2025: M\u00e1s de 100 estudiantes participaron en el taller de matem\u00e1tica"},"content":{"rendered":"<p data-start=\"164\" data-end=\"406\">Con la participaci\u00f3n de 130 estudiantes de escuelas secundarias de Villa Mercedes, el pasado 13 de mayo el Departamento de Matem\u00e1tica de la FICA llev\u00f3 a cabo el taller \u201cLogaritmos y Funciones Exponenciales: Claves para Resolver y Comprender\u201d.<\/p>\n<p data-start=\"411\" data-end=\"695\">Esta actividad de extensi\u00f3n surgi\u00f3 como respuesta a una necesidad concreta manifestada por diversas instituciones de nivel secundario que participan en el Programa PROFES 2025, lanzado conjuntamente por la Universidad Nacional de San Luis y el Ministerio de Educaci\u00f3n de la Provincia.<\/p>\n<p data-start=\"700\" data-end=\"928\">En el taller participaron escuelas secundarias que integran el Programa PROFES 2025 y fue coordinado por la Mg. Fernanda Uvieta, la Ing. Paola V\u00edlchez y la Lic. Agostina Cagnina, todas docentes del \u00c1rea de Matem\u00e1tica de la FICA.<\/p>\n<p data-start=\"700\" data-end=\"928\"><img fetchpriority=\"high\" decoding=\"async\" class=\"aligncenter size-full wp-image-20105\" src=\"https:\/\/www.fica.unsl.edu.ar\/wp-content\/uploads\/2025\/05\/profes-matematica-03.jpg\" alt=\"\" width=\"1061\" height=\"585\" srcset=\"https:\/\/www.fica.unsl.edu.ar\/wp-content\/uploads\/2025\/05\/profes-matematica-03.jpg 1061w, https:\/\/www.fica.unsl.edu.ar\/wp-content\/uploads\/2025\/05\/profes-matematica-03-300x165.jpg 300w, https:\/\/www.fica.unsl.edu.ar\/wp-content\/uploads\/2025\/05\/profes-matematica-03-1024x565.jpg 1024w, https:\/\/www.fica.unsl.edu.ar\/wp-content\/uploads\/2025\/05\/profes-matematica-03-768x423.jpg 768w\" sizes=\"(max-width: 1061px) 100vw, 1061px\" \/><\/p>\n<p data-start=\"933\" data-end=\"1333\">La Mg. Uvieta manifest\u00f3 que, actualmente, los colegios secundarios enfrentan la dificultad de abordar contenidos como logaritmos, funciones exponenciales y la resoluci\u00f3n de ecuaciones asociadas en los tramos finales del ciclo lectivo. Esta situaci\u00f3n provoca una desarticulaci\u00f3n con los tiempos del Curso de Ingreso Autogestionado de Matem\u00e1tica, impulsado por el Departamento de Matem\u00e1tica de la FICA.<\/p>\n<p data-start=\"1338\" data-end=\"1764\">Frente a esta problem\u00e1tica, el taller se propuso como una instancia de acompa\u00f1amiento y fortalecimiento formativo en un espacio extracurricular especialmente dise\u00f1ado para estudiantes de escuelas secundarias. Su finalidad es brindar herramientas conceptuales y pr\u00e1cticas que permitan comprender y aplicar los logaritmos y funciones exponenciales, promoviendo una transici\u00f3n m\u00e1s fluida entre el nivel medio y el nivel superior.<\/p>\n<p data-start=\"1338\" data-end=\"1764\"><img decoding=\"async\" class=\"aligncenter size-full wp-image-20104\" src=\"https:\/\/www.fica.unsl.edu.ar\/wp-content\/uploads\/2025\/05\/profes-matematica-02.jpg\" alt=\"\" width=\"1061\" height=\"585\" srcset=\"https:\/\/www.fica.unsl.edu.ar\/wp-content\/uploads\/2025\/05\/profes-matematica-02.jpg 1061w, https:\/\/www.fica.unsl.edu.ar\/wp-content\/uploads\/2025\/05\/profes-matematica-02-300x165.jpg 300w, https:\/\/www.fica.unsl.edu.ar\/wp-content\/uploads\/2025\/05\/profes-matematica-02-1024x565.jpg 1024w, https:\/\/www.fica.unsl.edu.ar\/wp-content\/uploads\/2025\/05\/profes-matematica-02-768x423.jpg 768w\" sizes=\"(max-width: 1061px) 100vw, 1061px\" \/><\/p>\n<p data-start=\"1769\" data-end=\"2201\">Uvieta expres\u00f3 que la actividad cobra especial relevancia porque responde a una demanda concreta del sistema educativo secundario, \u201cy contribuye a garantizar condiciones m\u00e1s equitativas de ingreso para quienes desean continuar sus estudios en el \u00e1mbito universitario. Asimismo, se espera que este tipo de propuestas favorezca el v\u00ednculo temprano con la universidad y estimule el inter\u00e9s por las carreras cient\u00edficas y tecnol\u00f3gicas\u201d.<\/p>\n","protected":false},"excerpt":{"rendered":"<p>Con la participaci\u00f3n de 130 estudiantes de escuelas secundarias de Villa Mercedes, el pasado 13 de mayo el Departamento de Matem\u00e1tica de la FICA llev\u00f3&hellip;<\/p>\n","protected":false},"author":9,"featured_media":20106,"comment_status":"closed","ping_status":"closed","sticky":false,"template":"","format":"standard","meta":{"_monsterinsights_skip_tracking":false,"_monsterinsights_sitenote_active":false,"_monsterinsights_sitenote_note":"","_monsterinsights_sitenote_category":0,"_joinchat":[],"footnotes":""},"categories":[19],"tags":[],"class_list":["post-20103","post","type-post","status-publish","format-standard","has-post-thumbnail","hentry","category-noticias"],"yoast_head":"<!-- This site is optimized with the Yoast SEO plugin v27.4 - https:\/\/yoast.com\/product\/yoast-seo-wordpress\/ -->\n<title>PROFES 2025: M\u00e1s de 100 estudiantes participaron en el taller de matem\u00e1tica - Facultad de Ingenier\u00eda y Ciencias Agropecuarias<\/title>\n<meta name=\"robots\" content=\"index, follow, max-snippet:-1, max-image-preview:large, max-video-preview:-1\" \/>\n<link rel=\"canonical\" href=\"https:\/\/www.fica.unsl.edu.ar\/index.php\/profes-2025-mas-de-100-estudiantes-participaron-en-el-taller-de-matematica\/\" \/>\n<meta property=\"og:locale\" content=\"es_ES\" \/>\n<meta property=\"og:type\" content=\"article\" \/>\n<meta property=\"og:title\" content=\"PROFES 2025: M\u00e1s de 100 estudiantes participaron en el taller de matem\u00e1tica - Facultad de Ingenier\u00eda y Ciencias Agropecuarias\" \/>\n<meta property=\"og:description\" content=\"Con la participaci\u00f3n de 130 estudiantes de escuelas secundarias de Villa Mercedes, el pasado 13 de mayo el Departamento de Matem\u00e1tica de la FICA llev\u00f3&hellip;\" \/>\n<meta property=\"og:url\" content=\"https:\/\/www.fica.unsl.edu.ar\/index.php\/profes-2025-mas-de-100-estudiantes-participaron-en-el-taller-de-matematica\/\" \/>\n<meta property=\"og:site_name\" content=\"Facultad de Ingenier\u00eda y Ciencias Agropecuarias\" \/>\n<meta property=\"article:publisher\" content=\"https:\/\/www.facebook.com\/FICA.UNSL\/\" \/>\n<meta property=\"article:published_time\" content=\"2025-05-22T14:29:24+00:00\" \/>\n<meta property=\"article:modified_time\" content=\"2025-06-05T09:50:43+00:00\" \/>\n<meta property=\"og:image\" content=\"https:\/\/www.fica.unsl.edu.ar\/wp-content\/uploads\/2025\/05\/profes-matematica-front.jpg\" \/>\n\t<meta property=\"og:image:width\" content=\"1061\" \/>\n\t<meta property=\"og:image:height\" content=\"585\" \/>\n\t<meta property=\"og:image:type\" content=\"image\/jpeg\" \/>\n<meta name=\"author\" content=\"DATI\" \/>\n<meta name=\"twitter:card\" content=\"summary_large_image\" \/>\n<meta name=\"twitter:creator\" content=\"@FICAUNSL\" \/>\n<meta name=\"twitter:site\" content=\"@FICAUNSL\" \/>\n<meta name=\"twitter:label1\" content=\"Escrito por\" \/>\n\t<meta name=\"twitter:data1\" content=\"DATI\" \/>\n\t<meta name=\"twitter:label2\" content=\"Tiempo de lectura\" \/>\n\t<meta name=\"twitter:data2\" content=\"2 minutos\" \/>\n<script type=\"application\/ld+json\" class=\"yoast-schema-graph\">{\"@context\":\"https:\\\/\\\/schema.org\",\"@graph\":[{\"@type\":\"Article\",\"@id\":\"https:\\\/\\\/www.fica.unsl.edu.ar\\\/index.php\\\/profes-2025-mas-de-100-estudiantes-participaron-en-el-taller-de-matematica\\\/#article\",\"isPartOf\":{\"@id\":\"https:\\\/\\\/www.fica.unsl.edu.ar\\\/index.php\\\/profes-2025-mas-de-100-estudiantes-participaron-en-el-taller-de-matematica\\\/\"},\"author\":{\"name\":\"DATI\",\"@id\":\"https:\\\/\\\/www.fica.unsl.edu.ar\\\/#\\\/schema\\\/person\\\/6058f9c66301868d3a691b1f5d6c3544\"},\"headline\":\"PROFES 2025: M\u00e1s de 100 estudiantes participaron en el taller de matem\u00e1tica\",\"datePublished\":\"2025-05-22T14:29:24+00:00\",\"dateModified\":\"2025-06-05T09:50:43+00:00\",\"mainEntityOfPage\":{\"@id\":\"https:\\\/\\\/www.fica.unsl.edu.ar\\\/index.php\\\/profes-2025-mas-de-100-estudiantes-participaron-en-el-taller-de-matematica\\\/\"},\"wordCount\":324,\"publisher\":{\"@id\":\"https:\\\/\\\/www.fica.unsl.edu.ar\\\/#organization\"},\"image\":{\"@id\":\"https:\\\/\\\/www.fica.unsl.edu.ar\\\/index.php\\\/profes-2025-mas-de-100-estudiantes-participaron-en-el-taller-de-matematica\\\/#primaryimage\"},\"thumbnailUrl\":\"https:\\\/\\\/www.fica.unsl.edu.ar\\\/wp-content\\\/uploads\\\/2025\\\/05\\\/profes-matematica-front.jpg\",\"articleSection\":[\"Noticias\"],\"inLanguage\":\"es-AR\"},{\"@type\":\"WebPage\",\"@id\":\"https:\\\/\\\/www.fica.unsl.edu.ar\\\/index.php\\\/profes-2025-mas-de-100-estudiantes-participaron-en-el-taller-de-matematica\\\/\",\"url\":\"https:\\\/\\\/www.fica.unsl.edu.ar\\\/index.php\\\/profes-2025-mas-de-100-estudiantes-participaron-en-el-taller-de-matematica\\\/\",\"name\":\"PROFES 2025: M\u00e1s de 100 estudiantes participaron en el taller de matem\u00e1tica - Facultad de Ingenier\u00eda y Ciencias Agropecuarias\",\"isPartOf\":{\"@id\":\"https:\\\/\\\/www.fica.unsl.edu.ar\\\/#website\"},\"primaryImageOfPage\":{\"@id\":\"https:\\\/\\\/www.fica.unsl.edu.ar\\\/index.php\\\/profes-2025-mas-de-100-estudiantes-participaron-en-el-taller-de-matematica\\\/#primaryimage\"},\"image\":{\"@id\":\"https:\\\/\\\/www.fica.unsl.edu.ar\\\/index.php\\\/profes-2025-mas-de-100-estudiantes-participaron-en-el-taller-de-matematica\\\/#primaryimage\"},\"thumbnailUrl\":\"https:\\\/\\\/www.fica.unsl.edu.ar\\\/wp-content\\\/uploads\\\/2025\\\/05\\\/profes-matematica-front.jpg\",\"datePublished\":\"2025-05-22T14:29:24+00:00\",\"dateModified\":\"2025-06-05T09:50:43+00:00\",\"inLanguage\":\"es-AR\",\"potentialAction\":[{\"@type\":\"ReadAction\",\"target\":[\"https:\\\/\\\/www.fica.unsl.edu.ar\\\/index.php\\\/profes-2025-mas-de-100-estudiantes-participaron-en-el-taller-de-matematica\\\/\"]}]},{\"@type\":\"ImageObject\",\"inLanguage\":\"es-AR\",\"@id\":\"https:\\\/\\\/www.fica.unsl.edu.ar\\\/index.php\\\/profes-2025-mas-de-100-estudiantes-participaron-en-el-taller-de-matematica\\\/#primaryimage\",\"url\":\"https:\\\/\\\/www.fica.unsl.edu.ar\\\/wp-content\\\/uploads\\\/2025\\\/05\\\/profes-matematica-front.jpg\",\"contentUrl\":\"https:\\\/\\\/www.fica.unsl.edu.ar\\\/wp-content\\\/uploads\\\/2025\\\/05\\\/profes-matematica-front.jpg\",\"width\":1061,\"height\":585},{\"@type\":\"WebSite\",\"@id\":\"https:\\\/\\\/www.fica.unsl.edu.ar\\\/#website\",\"url\":\"https:\\\/\\\/www.fica.unsl.edu.ar\\\/\",\"name\":\"Facultad de Ingenier\u00eda y Ciencias Agropecuarias\",\"description\":\"\",\"publisher\":{\"@id\":\"https:\\\/\\\/www.fica.unsl.edu.ar\\\/#organization\"},\"potentialAction\":[{\"@type\":\"SearchAction\",\"target\":{\"@type\":\"EntryPoint\",\"urlTemplate\":\"https:\\\/\\\/www.fica.unsl.edu.ar\\\/?s={search_term_string}\"},\"query-input\":{\"@type\":\"PropertyValueSpecification\",\"valueRequired\":true,\"valueName\":\"search_term_string\"}}],\"inLanguage\":\"es-AR\"},{\"@type\":\"Organization\",\"@id\":\"https:\\\/\\\/www.fica.unsl.edu.ar\\\/#organization\",\"name\":\"Facultad de Ingenier\u00eda y Ciencias Agropecuarias\",\"url\":\"https:\\\/\\\/www.fica.unsl.edu.ar\\\/\",\"logo\":{\"@type\":\"ImageObject\",\"inLanguage\":\"es-AR\",\"@id\":\"https:\\\/\\\/www.fica.unsl.edu.ar\\\/#\\\/schema\\\/logo\\\/image\\\/\",\"url\":\"https:\\\/\\\/www.fica.unsl.edu.ar\\\/wp-content\\\/uploads\\\/2021\\\/03\\\/LOGO-1.jpg\",\"contentUrl\":\"https:\\\/\\\/www.fica.unsl.edu.ar\\\/wp-content\\\/uploads\\\/2021\\\/03\\\/LOGO-1.jpg\",\"width\":463,\"height\":145,\"caption\":\"Facultad de Ingenier\u00eda y Ciencias Agropecuarias\"},\"image\":{\"@id\":\"https:\\\/\\\/www.fica.unsl.edu.ar\\\/#\\\/schema\\\/logo\\\/image\\\/\"},\"sameAs\":[\"https:\\\/\\\/www.facebook.com\\\/FICA.UNSL\\\/\",\"https:\\\/\\\/x.com\\\/FICAUNSL\",\"https:\\\/\\\/www.instagram.com\\\/fica.unsl\\\/\",\"https:\\\/\\\/www.youtube.com\\\/channel\\\/UCs2MM53gb2PyBrMySdtWZDQ\"]},{\"@type\":\"Person\",\"@id\":\"https:\\\/\\\/www.fica.unsl.edu.ar\\\/#\\\/schema\\\/person\\\/6058f9c66301868d3a691b1f5d6c3544\",\"name\":\"DATI\"}]}<\/script>\n<!-- \/ Yoast SEO plugin. -->","yoast_head_json":{"title":"PROFES 2025: M\u00e1s de 100 estudiantes participaron en el taller de matem\u00e1tica - Facultad de Ingenier\u00eda y Ciencias Agropecuarias","robots":{"index":"index","follow":"follow","max-snippet":"max-snippet:-1","max-image-preview":"max-image-preview:large","max-video-preview":"max-video-preview:-1"},"canonical":"https:\/\/www.fica.unsl.edu.ar\/index.php\/profes-2025-mas-de-100-estudiantes-participaron-en-el-taller-de-matematica\/","og_locale":"es_ES","og_type":"article","og_title":"PROFES 2025: M\u00e1s de 100 estudiantes participaron en el taller de matem\u00e1tica - Facultad de Ingenier\u00eda y Ciencias Agropecuarias","og_description":"Con la participaci\u00f3n de 130 estudiantes de escuelas secundarias de Villa Mercedes, el pasado 13 de mayo el Departamento de Matem\u00e1tica de la FICA llev\u00f3&hellip;","og_url":"https:\/\/www.fica.unsl.edu.ar\/index.php\/profes-2025-mas-de-100-estudiantes-participaron-en-el-taller-de-matematica\/","og_site_name":"Facultad de Ingenier\u00eda y Ciencias Agropecuarias","article_publisher":"https:\/\/www.facebook.com\/FICA.UNSL\/","article_published_time":"2025-05-22T14:29:24+00:00","article_modified_time":"2025-06-05T09:50:43+00:00","og_image":[{"width":1061,"height":585,"url":"https:\/\/www.fica.unsl.edu.ar\/wp-content\/uploads\/2025\/05\/profes-matematica-front.jpg","type":"image\/jpeg"}],"author":"DATI","twitter_card":"summary_large_image","twitter_creator":"@FICAUNSL","twitter_site":"@FICAUNSL","twitter_misc":{"Escrito por":"DATI","Tiempo de lectura":"2 minutos"},"schema":{"@context":"https:\/\/schema.org","@graph":[{"@type":"Article","@id":"https:\/\/www.fica.unsl.edu.ar\/index.php\/profes-2025-mas-de-100-estudiantes-participaron-en-el-taller-de-matematica\/#article","isPartOf":{"@id":"https:\/\/www.fica.unsl.edu.ar\/index.php\/profes-2025-mas-de-100-estudiantes-participaron-en-el-taller-de-matematica\/"},"author":{"name":"DATI","@id":"https:\/\/www.fica.unsl.edu.ar\/#\/schema\/person\/6058f9c66301868d3a691b1f5d6c3544"},"headline":"PROFES 2025: M\u00e1s de 100 estudiantes participaron en el taller de matem\u00e1tica","datePublished":"2025-05-22T14:29:24+00:00","dateModified":"2025-06-05T09:50:43+00:00","mainEntityOfPage":{"@id":"https:\/\/www.fica.unsl.edu.ar\/index.php\/profes-2025-mas-de-100-estudiantes-participaron-en-el-taller-de-matematica\/"},"wordCount":324,"publisher":{"@id":"https:\/\/www.fica.unsl.edu.ar\/#organization"},"image":{"@id":"https:\/\/www.fica.unsl.edu.ar\/index.php\/profes-2025-mas-de-100-estudiantes-participaron-en-el-taller-de-matematica\/#primaryimage"},"thumbnailUrl":"https:\/\/www.fica.unsl.edu.ar\/wp-content\/uploads\/2025\/05\/profes-matematica-front.jpg","articleSection":["Noticias"],"inLanguage":"es-AR"},{"@type":"WebPage","@id":"https:\/\/www.fica.unsl.edu.ar\/index.php\/profes-2025-mas-de-100-estudiantes-participaron-en-el-taller-de-matematica\/","url":"https:\/\/www.fica.unsl.edu.ar\/index.php\/profes-2025-mas-de-100-estudiantes-participaron-en-el-taller-de-matematica\/","name":"PROFES 2025: M\u00e1s de 100 estudiantes participaron en el taller de matem\u00e1tica - Facultad de Ingenier\u00eda y Ciencias Agropecuarias","isPartOf":{"@id":"https:\/\/www.fica.unsl.edu.ar\/#website"},"primaryImageOfPage":{"@id":"https:\/\/www.fica.unsl.edu.ar\/index.php\/profes-2025-mas-de-100-estudiantes-participaron-en-el-taller-de-matematica\/#primaryimage"},"image":{"@id":"https:\/\/www.fica.unsl.edu.ar\/index.php\/profes-2025-mas-de-100-estudiantes-participaron-en-el-taller-de-matematica\/#primaryimage"},"thumbnailUrl":"https:\/\/www.fica.unsl.edu.ar\/wp-content\/uploads\/2025\/05\/profes-matematica-front.jpg","datePublished":"2025-05-22T14:29:24+00:00","dateModified":"2025-06-05T09:50:43+00:00","inLanguage":"es-AR","potentialAction":[{"@type":"ReadAction","target":["https:\/\/www.fica.unsl.edu.ar\/index.php\/profes-2025-mas-de-100-estudiantes-participaron-en-el-taller-de-matematica\/"]}]},{"@type":"ImageObject","inLanguage":"es-AR","@id":"https:\/\/www.fica.unsl.edu.ar\/index.php\/profes-2025-mas-de-100-estudiantes-participaron-en-el-taller-de-matematica\/#primaryimage","url":"https:\/\/www.fica.unsl.edu.ar\/wp-content\/uploads\/2025\/05\/profes-matematica-front.jpg","contentUrl":"https:\/\/www.fica.unsl.edu.ar\/wp-content\/uploads\/2025\/05\/profes-matematica-front.jpg","width":1061,"height":585},{"@type":"WebSite","@id":"https:\/\/www.fica.unsl.edu.ar\/#website","url":"https:\/\/www.fica.unsl.edu.ar\/","name":"Facultad de Ingenier\u00eda y Ciencias Agropecuarias","description":"","publisher":{"@id":"https:\/\/www.fica.unsl.edu.ar\/#organization"},"potentialAction":[{"@type":"SearchAction","target":{"@type":"EntryPoint","urlTemplate":"https:\/\/www.fica.unsl.edu.ar\/?s={search_term_string}"},"query-input":{"@type":"PropertyValueSpecification","valueRequired":true,"valueName":"search_term_string"}}],"inLanguage":"es-AR"},{"@type":"Organization","@id":"https:\/\/www.fica.unsl.edu.ar\/#organization","name":"Facultad de Ingenier\u00eda y Ciencias Agropecuarias","url":"https:\/\/www.fica.unsl.edu.ar\/","logo":{"@type":"ImageObject","inLanguage":"es-AR","@id":"https:\/\/www.fica.unsl.edu.ar\/#\/schema\/logo\/image\/","url":"https:\/\/www.fica.unsl.edu.ar\/wp-content\/uploads\/2021\/03\/LOGO-1.jpg","contentUrl":"https:\/\/www.fica.unsl.edu.ar\/wp-content\/uploads\/2021\/03\/LOGO-1.jpg","width":463,"height":145,"caption":"Facultad de Ingenier\u00eda y Ciencias Agropecuarias"},"image":{"@id":"https:\/\/www.fica.unsl.edu.ar\/#\/schema\/logo\/image\/"},"sameAs":["https:\/\/www.facebook.com\/FICA.UNSL\/","https:\/\/x.com\/FICAUNSL","https:\/\/www.instagram.com\/fica.unsl\/","https:\/\/www.youtube.com\/channel\/UCs2MM53gb2PyBrMySdtWZDQ"]},{"@type":"Person","@id":"https:\/\/www.fica.unsl.edu.ar\/#\/schema\/person\/6058f9c66301868d3a691b1f5d6c3544","name":"DATI"}]}},"_links":{"self":[{"href":"https:\/\/www.fica.unsl.edu.ar\/index.php\/wp-json\/wp\/v2\/posts\/20103","targetHints":{"allow":["GET"]}}],"collection":[{"href":"https:\/\/www.fica.unsl.edu.ar\/index.php\/wp-json\/wp\/v2\/posts"}],"about":[{"href":"https:\/\/www.fica.unsl.edu.ar\/index.php\/wp-json\/wp\/v2\/types\/post"}],"author":[{"embeddable":true,"href":"https:\/\/www.fica.unsl.edu.ar\/index.php\/wp-json\/wp\/v2\/users\/9"}],"replies":[{"embeddable":true,"href":"https:\/\/www.fica.unsl.edu.ar\/index.php\/wp-json\/wp\/v2\/comments?post=20103"}],"version-history":[{"count":1,"href":"https:\/\/www.fica.unsl.edu.ar\/index.php\/wp-json\/wp\/v2\/posts\/20103\/revisions"}],"predecessor-version":[{"id":20107,"href":"https:\/\/www.fica.unsl.edu.ar\/index.php\/wp-json\/wp\/v2\/posts\/20103\/revisions\/20107"}],"wp:featuredmedia":[{"embeddable":true,"href":"https:\/\/www.fica.unsl.edu.ar\/index.php\/wp-json\/wp\/v2\/media\/20106"}],"wp:attachment":[{"href":"https:\/\/www.fica.unsl.edu.ar\/index.php\/wp-json\/wp\/v2\/media?parent=20103"}],"wp:term":[{"taxonomy":"category","embeddable":true,"href":"https:\/\/www.fica.unsl.edu.ar\/index.php\/wp-json\/wp\/v2\/categories?post=20103"},{"taxonomy":"post_tag","embeddable":true,"href":"https:\/\/www.fica.unsl.edu.ar\/index.php\/wp-json\/wp\/v2\/tags?post=20103"}],"curies":[{"name":"wp","href":"https:\/\/api.w.org\/{rel}","templated":true}]}}