{"id":20131,"date":"2025-05-29T10:02:32","date_gmt":"2025-05-29T13:02:32","guid":{"rendered":"http:\/\/10.101.10.196\/www\/?p=20131"},"modified":"2025-06-19T11:26:18","modified_gmt":"2025-06-19T14:26:18","slug":"la-fica-celebra-una-nueva-edicion-de-la-semana-de-la-ingenieria","status":"publish","type":"post","link":"https:\/\/www.fica.unsl.edu.ar\/index.php\/la-fica-celebra-una-nueva-edicion-de-la-semana-de-la-ingenieria\/","title":{"rendered":"La FICA celebra una nueva edici\u00f3n de la Semana de la Ingenier\u00eda | Semana FICA"},"content":{"rendered":"<p>En la <strong>primera semana de junio de 2025<\/strong>, la FICA celebrar\u00e1 una nueva edici\u00f3n de la <strong>Semana de la Ingenier\u00eda \u2013 Semana FICA.<\/strong> Una actividad destinada no solo a la comunidad universitaria, sino tambi\u00e9n a toda la sociedad, con el objetivo de acercarla al mundo de la ingenier\u00eda, una disciplina presente en las tareas m\u00e1s cotidianas del d\u00eda a d\u00eda.<\/p>\n<p>La Semana de la Ingenier\u00eda \u2013 Semana FICA se realiza en el marco del <strong>D\u00eda de la Ingenier\u00eda en Argentina<\/strong>, que cada 6 de junio conmemora a los doce primeros ingenieros que egresaron en esta fecha, en el a\u00f1o 1870, de la Universidad de Buenos Aires.<\/p>\n<p>El Mgtr. Ing. Javier Carletto, responsable de la organizaci\u00f3n del evento, explic\u00f3 que la iniciativa busca acercar la ingenier\u00eda a la comunidad, visibilizando el impacto cotidiano de esta profesi\u00f3n y fomentando vocaciones tempranas. <strong>Del 2 al 6 de junio, en distintos espacios del Campus Universitario,<\/strong> la FICA desarrollar\u00e1 una variada agenda de actividades que incluir\u00e1 talleres, exposiciones, charlas, cursos y muestras de trabajos realizados en el marco de proyectos de extensi\u00f3n, investigaci\u00f3n, docencia, vinculaci\u00f3n tecnol\u00f3gica y actividades de servicios. Todo esto con el objetivo de mostrar a la comunidad el rol social de los ingenieros, c\u00f3mo la ingenier\u00eda impacta en la vida cotidiana y, por qu\u00e9 no, despertar vocaciones en j\u00f3venes que puedan ver en esta profesi\u00f3n su proyecto de vida.<\/p>\n<p><img fetchpriority=\"high\" decoding=\"async\" class=\"aligncenter size-full wp-image-20132\" src=\"https:\/\/www.fica.unsl.edu.ar\/wp-content\/uploads\/2025\/05\/sifica-2025-02.jpg\" alt=\"\" width=\"1061\" height=\"585\" srcset=\"https:\/\/www.fica.unsl.edu.ar\/wp-content\/uploads\/2025\/05\/sifica-2025-02.jpg 1061w, https:\/\/www.fica.unsl.edu.ar\/wp-content\/uploads\/2025\/05\/sifica-2025-02-300x165.jpg 300w, https:\/\/www.fica.unsl.edu.ar\/wp-content\/uploads\/2025\/05\/sifica-2025-02-1024x565.jpg 1024w, https:\/\/www.fica.unsl.edu.ar\/wp-content\/uploads\/2025\/05\/sifica-2025-02-768x423.jpg 768w\" sizes=\"(max-width: 1061px) 100vw, 1061px\" \/><\/p>\n<p>\u201cSin duda, uno de los objetivos fundamentales de esta Semana de la Ingenier\u00eda es dar a conocer qu\u00e9 es lo que se hace dentro de la FICA, abrirnos a la sociedad. De hecho, la mayor\u00eda de las ponencias \u2014que son alrededor de 90\u2014 ser\u00e1n brindadas por nuestros docentes, investigadores, extensionistas e incluso estudiantes\u201d, expres\u00f3 el Mgtr. Carletto. Agreg\u00f3 adem\u00e1s que cada una de estas ponencias formar\u00e1 parte de la revista <strong>IdentiFICA<\/strong>, \u201cque justamente nos identifica como ingenieros dentro de la provincia. Siempre decimos que somos la cuna de la ingenier\u00eda en San Luis, pioneros en la formaci\u00f3n de ingenieros, y queremos mostrar lo que hacemos. Desde esa \u00f3ptica, la Semana de la Ingenier\u00eda es una semana abierta a todo p\u00fablico\u201d.<\/p>\n<p>La Semana FICA fue institucionalizada mediante la Ordenanza OCD 05-2022 como un evento anual destinado a la divulgaci\u00f3n cient\u00edfica y tecnol\u00f3gica, y a la integraci\u00f3n entre la comunidad universitaria y la sociedad.<\/p>\n<p>Todo el cronograma de actividades de la Semana de la Ingenier\u00eda \u2013 Semana FICA se encuentra disponible en su sitio web oficial:<\/p>\n<h3 style=\"text-align: center;\"><span style=\"color: #0000ff;\"><strong><a style=\"color: #0000ff;\" href=\"https:\/\/si.fica.unsl.edu.ar\/\" target=\"_blank\" rel=\"noopener\">SI.FICA.UNSL.EDU.AR<\/a><\/strong><\/span><\/h3>\n<p>La FICA invita a seguir todas las novedades y actualizaciones en su canal de WhatsApp oficial:<\/p>\n<h3 class=\"_9vd5 _9t2_\" style=\"text-align: center;\"><strong><span style=\"color: #008000;\"><a style=\"color: #008000;\" href=\"https:\/\/whatsapp.com\/channel\/0029Vb6JiCf4yltThNlQCF1J\" target=\"_blank\" rel=\"noopener\">SI.FICA 2025 &#8211; Semana de la Ingenier\u00eda &#8211; Semana FICA<\/a><\/span><\/strong><\/h3>\n<p>Imagen: <strong>Marianella Casciola<\/strong><\/p>\n","protected":false},"excerpt":{"rendered":"<p>En la primera semana de junio de 2025, la FICA celebrar\u00e1 una nueva edici\u00f3n de la Semana de la Ingenier\u00eda \u2013 Semana FICA. Una actividad&hellip;<\/p>\n","protected":false},"author":9,"featured_media":20133,"comment_status":"closed","ping_status":"closed","sticky":false,"template":"","format":"standard","meta":{"_monsterinsights_skip_tracking":false,"_monsterinsights_sitenote_active":false,"_monsterinsights_sitenote_note":"","_monsterinsights_sitenote_category":0,"_joinchat":[],"footnotes":""},"categories":[19],"tags":[],"class_list":["post-20131","post","type-post","status-publish","format-standard","has-post-thumbnail","hentry","category-noticias"],"yoast_head":"<!-- This site is optimized with the Yoast SEO plugin v27.4 - https:\/\/yoast.com\/product\/yoast-seo-wordpress\/ -->\n<title>La FICA celebra una nueva edici\u00f3n de la Semana de la Ingenier\u00eda | Semana FICA - Facultad de Ingenier\u00eda y Ciencias Agropecuarias<\/title>\n<meta name=\"robots\" content=\"index, follow, max-snippet:-1, max-image-preview:large, max-video-preview:-1\" \/>\n<link rel=\"canonical\" href=\"https:\/\/www.fica.unsl.edu.ar\/index.php\/la-fica-celebra-una-nueva-edicion-de-la-semana-de-la-ingenieria\/\" \/>\n<meta property=\"og:locale\" content=\"es_ES\" \/>\n<meta property=\"og:type\" content=\"article\" \/>\n<meta property=\"og:title\" content=\"La FICA celebra una nueva edici\u00f3n de la Semana de la Ingenier\u00eda | Semana FICA - Facultad de Ingenier\u00eda y Ciencias Agropecuarias\" \/>\n<meta property=\"og:description\" content=\"En la primera semana de junio de 2025, la FICA celebrar\u00e1 una nueva edici\u00f3n de la Semana de la Ingenier\u00eda \u2013 Semana FICA. Una actividad&hellip;\" \/>\n<meta property=\"og:url\" content=\"https:\/\/www.fica.unsl.edu.ar\/index.php\/la-fica-celebra-una-nueva-edicion-de-la-semana-de-la-ingenieria\/\" \/>\n<meta property=\"og:site_name\" content=\"Facultad de Ingenier\u00eda y Ciencias Agropecuarias\" \/>\n<meta property=\"article:publisher\" content=\"https:\/\/www.facebook.com\/FICA.UNSL\/\" \/>\n<meta property=\"article:published_time\" content=\"2025-05-29T13:02:32+00:00\" \/>\n<meta property=\"article:modified_time\" content=\"2025-06-19T14:26:18+00:00\" \/>\n<meta property=\"og:image\" content=\"https:\/\/www.fica.unsl.edu.ar\/wp-content\/uploads\/2025\/05\/sifica-2025-front.jpg\" \/>\n\t<meta property=\"og:image:width\" content=\"1061\" \/>\n\t<meta property=\"og:image:height\" content=\"585\" \/>\n\t<meta property=\"og:image:type\" content=\"image\/jpeg\" \/>\n<meta name=\"author\" content=\"DATI\" \/>\n<meta name=\"twitter:card\" content=\"summary_large_image\" \/>\n<meta name=\"twitter:creator\" content=\"@FICAUNSL\" \/>\n<meta name=\"twitter:site\" content=\"@FICAUNSL\" \/>\n<meta name=\"twitter:label1\" content=\"Escrito por\" \/>\n\t<meta name=\"twitter:data1\" content=\"DATI\" \/>\n\t<meta name=\"twitter:label2\" content=\"Tiempo de lectura\" \/>\n\t<meta name=\"twitter:data2\" content=\"3 minutos\" \/>\n<script type=\"application\/ld+json\" class=\"yoast-schema-graph\">{\"@context\":\"https:\\\/\\\/schema.org\",\"@graph\":[{\"@type\":\"Article\",\"@id\":\"https:\\\/\\\/www.fica.unsl.edu.ar\\\/index.php\\\/la-fica-celebra-una-nueva-edicion-de-la-semana-de-la-ingenieria\\\/#article\",\"isPartOf\":{\"@id\":\"https:\\\/\\\/www.fica.unsl.edu.ar\\\/index.php\\\/la-fica-celebra-una-nueva-edicion-de-la-semana-de-la-ingenieria\\\/\"},\"author\":{\"name\":\"DATI\",\"@id\":\"https:\\\/\\\/www.fica.unsl.edu.ar\\\/#\\\/schema\\\/person\\\/6058f9c66301868d3a691b1f5d6c3544\"},\"headline\":\"La FICA celebra una nueva edici\u00f3n de la Semana de la Ingenier\u00eda | Semana FICA\",\"datePublished\":\"2025-05-29T13:02:32+00:00\",\"dateModified\":\"2025-06-19T14:26:18+00:00\",\"mainEntityOfPage\":{\"@id\":\"https:\\\/\\\/www.fica.unsl.edu.ar\\\/index.php\\\/la-fica-celebra-una-nueva-edicion-de-la-semana-de-la-ingenieria\\\/\"},\"wordCount\":478,\"publisher\":{\"@id\":\"https:\\\/\\\/www.fica.unsl.edu.ar\\\/#organization\"},\"image\":{\"@id\":\"https:\\\/\\\/www.fica.unsl.edu.ar\\\/index.php\\\/la-fica-celebra-una-nueva-edicion-de-la-semana-de-la-ingenieria\\\/#primaryimage\"},\"thumbnailUrl\":\"https:\\\/\\\/www.fica.unsl.edu.ar\\\/wp-content\\\/uploads\\\/2025\\\/05\\\/sifica-2025-front.jpg\",\"articleSection\":[\"Noticias\"],\"inLanguage\":\"es-AR\"},{\"@type\":\"WebPage\",\"@id\":\"https:\\\/\\\/www.fica.unsl.edu.ar\\\/index.php\\\/la-fica-celebra-una-nueva-edicion-de-la-semana-de-la-ingenieria\\\/\",\"url\":\"https:\\\/\\\/www.fica.unsl.edu.ar\\\/index.php\\\/la-fica-celebra-una-nueva-edicion-de-la-semana-de-la-ingenieria\\\/\",\"name\":\"La FICA celebra una nueva edici\u00f3n de la Semana de la Ingenier\u00eda | Semana FICA - Facultad de Ingenier\u00eda y Ciencias Agropecuarias\",\"isPartOf\":{\"@id\":\"https:\\\/\\\/www.fica.unsl.edu.ar\\\/#website\"},\"primaryImageOfPage\":{\"@id\":\"https:\\\/\\\/www.fica.unsl.edu.ar\\\/index.php\\\/la-fica-celebra-una-nueva-edicion-de-la-semana-de-la-ingenieria\\\/#primaryimage\"},\"image\":{\"@id\":\"https:\\\/\\\/www.fica.unsl.edu.ar\\\/index.php\\\/la-fica-celebra-una-nueva-edicion-de-la-semana-de-la-ingenieria\\\/#primaryimage\"},\"thumbnailUrl\":\"https:\\\/\\\/www.fica.unsl.edu.ar\\\/wp-content\\\/uploads\\\/2025\\\/05\\\/sifica-2025-front.jpg\",\"datePublished\":\"2025-05-29T13:02:32+00:00\",\"dateModified\":\"2025-06-19T14:26:18+00:00\",\"inLanguage\":\"es-AR\",\"potentialAction\":[{\"@type\":\"ReadAction\",\"target\":[\"https:\\\/\\\/www.fica.unsl.edu.ar\\\/index.php\\\/la-fica-celebra-una-nueva-edicion-de-la-semana-de-la-ingenieria\\\/\"]}]},{\"@type\":\"ImageObject\",\"inLanguage\":\"es-AR\",\"@id\":\"https:\\\/\\\/www.fica.unsl.edu.ar\\\/index.php\\\/la-fica-celebra-una-nueva-edicion-de-la-semana-de-la-ingenieria\\\/#primaryimage\",\"url\":\"https:\\\/\\\/www.fica.unsl.edu.ar\\\/wp-content\\\/uploads\\\/2025\\\/05\\\/sifica-2025-front.jpg\",\"contentUrl\":\"https:\\\/\\\/www.fica.unsl.edu.ar\\\/wp-content\\\/uploads\\\/2025\\\/05\\\/sifica-2025-front.jpg\",\"width\":1061,\"height\":585},{\"@type\":\"WebSite\",\"@id\":\"https:\\\/\\\/www.fica.unsl.edu.ar\\\/#website\",\"url\":\"https:\\\/\\\/www.fica.unsl.edu.ar\\\/\",\"name\":\"Facultad de Ingenier\u00eda y Ciencias Agropecuarias\",\"description\":\"\",\"publisher\":{\"@id\":\"https:\\\/\\\/www.fica.unsl.edu.ar\\\/#organization\"},\"potentialAction\":[{\"@type\":\"SearchAction\",\"target\":{\"@type\":\"EntryPoint\",\"urlTemplate\":\"https:\\\/\\\/www.fica.unsl.edu.ar\\\/?s={search_term_string}\"},\"query-input\":{\"@type\":\"PropertyValueSpecification\",\"valueRequired\":true,\"valueName\":\"search_term_string\"}}],\"inLanguage\":\"es-AR\"},{\"@type\":\"Organization\",\"@id\":\"https:\\\/\\\/www.fica.unsl.edu.ar\\\/#organization\",\"name\":\"Facultad de Ingenier\u00eda y Ciencias Agropecuarias\",\"url\":\"https:\\\/\\\/www.fica.unsl.edu.ar\\\/\",\"logo\":{\"@type\":\"ImageObject\",\"inLanguage\":\"es-AR\",\"@id\":\"https:\\\/\\\/www.fica.unsl.edu.ar\\\/#\\\/schema\\\/logo\\\/image\\\/\",\"url\":\"https:\\\/\\\/www.fica.unsl.edu.ar\\\/wp-content\\\/uploads\\\/2021\\\/03\\\/LOGO-1.jpg\",\"contentUrl\":\"https:\\\/\\\/www.fica.unsl.edu.ar\\\/wp-content\\\/uploads\\\/2021\\\/03\\\/LOGO-1.jpg\",\"width\":463,\"height\":145,\"caption\":\"Facultad de Ingenier\u00eda y Ciencias Agropecuarias\"},\"image\":{\"@id\":\"https:\\\/\\\/www.fica.unsl.edu.ar\\\/#\\\/schema\\\/logo\\\/image\\\/\"},\"sameAs\":[\"https:\\\/\\\/www.facebook.com\\\/FICA.UNSL\\\/\",\"https:\\\/\\\/x.com\\\/FICAUNSL\",\"https:\\\/\\\/www.instagram.com\\\/fica.unsl\\\/\",\"https:\\\/\\\/www.youtube.com\\\/channel\\\/UCs2MM53gb2PyBrMySdtWZDQ\"]},{\"@type\":\"Person\",\"@id\":\"https:\\\/\\\/www.fica.unsl.edu.ar\\\/#\\\/schema\\\/person\\\/6058f9c66301868d3a691b1f5d6c3544\",\"name\":\"DATI\"}]}<\/script>\n<!-- \/ Yoast SEO plugin. -->","yoast_head_json":{"title":"La FICA celebra una nueva edici\u00f3n de la Semana de la Ingenier\u00eda | Semana FICA - Facultad de Ingenier\u00eda y Ciencias Agropecuarias","robots":{"index":"index","follow":"follow","max-snippet":"max-snippet:-1","max-image-preview":"max-image-preview:large","max-video-preview":"max-video-preview:-1"},"canonical":"https:\/\/www.fica.unsl.edu.ar\/index.php\/la-fica-celebra-una-nueva-edicion-de-la-semana-de-la-ingenieria\/","og_locale":"es_ES","og_type":"article","og_title":"La FICA celebra una nueva edici\u00f3n de la Semana de la Ingenier\u00eda | Semana FICA - Facultad de Ingenier\u00eda y Ciencias Agropecuarias","og_description":"En la primera semana de junio de 2025, la FICA celebrar\u00e1 una nueva edici\u00f3n de la Semana de la Ingenier\u00eda \u2013 Semana FICA. Una actividad&hellip;","og_url":"https:\/\/www.fica.unsl.edu.ar\/index.php\/la-fica-celebra-una-nueva-edicion-de-la-semana-de-la-ingenieria\/","og_site_name":"Facultad de Ingenier\u00eda y Ciencias Agropecuarias","article_publisher":"https:\/\/www.facebook.com\/FICA.UNSL\/","article_published_time":"2025-05-29T13:02:32+00:00","article_modified_time":"2025-06-19T14:26:18+00:00","og_image":[{"width":1061,"height":585,"url":"https:\/\/www.fica.unsl.edu.ar\/wp-content\/uploads\/2025\/05\/sifica-2025-front.jpg","type":"image\/jpeg"}],"author":"DATI","twitter_card":"summary_large_image","twitter_creator":"@FICAUNSL","twitter_site":"@FICAUNSL","twitter_misc":{"Escrito por":"DATI","Tiempo de lectura":"3 minutos"},"schema":{"@context":"https:\/\/schema.org","@graph":[{"@type":"Article","@id":"https:\/\/www.fica.unsl.edu.ar\/index.php\/la-fica-celebra-una-nueva-edicion-de-la-semana-de-la-ingenieria\/#article","isPartOf":{"@id":"https:\/\/www.fica.unsl.edu.ar\/index.php\/la-fica-celebra-una-nueva-edicion-de-la-semana-de-la-ingenieria\/"},"author":{"name":"DATI","@id":"https:\/\/www.fica.unsl.edu.ar\/#\/schema\/person\/6058f9c66301868d3a691b1f5d6c3544"},"headline":"La FICA celebra una nueva edici\u00f3n de la Semana de la Ingenier\u00eda | Semana FICA","datePublished":"2025-05-29T13:02:32+00:00","dateModified":"2025-06-19T14:26:18+00:00","mainEntityOfPage":{"@id":"https:\/\/www.fica.unsl.edu.ar\/index.php\/la-fica-celebra-una-nueva-edicion-de-la-semana-de-la-ingenieria\/"},"wordCount":478,"publisher":{"@id":"https:\/\/www.fica.unsl.edu.ar\/#organization"},"image":{"@id":"https:\/\/www.fica.unsl.edu.ar\/index.php\/la-fica-celebra-una-nueva-edicion-de-la-semana-de-la-ingenieria\/#primaryimage"},"thumbnailUrl":"https:\/\/www.fica.unsl.edu.ar\/wp-content\/uploads\/2025\/05\/sifica-2025-front.jpg","articleSection":["Noticias"],"inLanguage":"es-AR"},{"@type":"WebPage","@id":"https:\/\/www.fica.unsl.edu.ar\/index.php\/la-fica-celebra-una-nueva-edicion-de-la-semana-de-la-ingenieria\/","url":"https:\/\/www.fica.unsl.edu.ar\/index.php\/la-fica-celebra-una-nueva-edicion-de-la-semana-de-la-ingenieria\/","name":"La FICA celebra una nueva edici\u00f3n de la Semana de la Ingenier\u00eda | Semana FICA - Facultad de Ingenier\u00eda y Ciencias Agropecuarias","isPartOf":{"@id":"https:\/\/www.fica.unsl.edu.ar\/#website"},"primaryImageOfPage":{"@id":"https:\/\/www.fica.unsl.edu.ar\/index.php\/la-fica-celebra-una-nueva-edicion-de-la-semana-de-la-ingenieria\/#primaryimage"},"image":{"@id":"https:\/\/www.fica.unsl.edu.ar\/index.php\/la-fica-celebra-una-nueva-edicion-de-la-semana-de-la-ingenieria\/#primaryimage"},"thumbnailUrl":"https:\/\/www.fica.unsl.edu.ar\/wp-content\/uploads\/2025\/05\/sifica-2025-front.jpg","datePublished":"2025-05-29T13:02:32+00:00","dateModified":"2025-06-19T14:26:18+00:00","inLanguage":"es-AR","potentialAction":[{"@type":"ReadAction","target":["https:\/\/www.fica.unsl.edu.ar\/index.php\/la-fica-celebra-una-nueva-edicion-de-la-semana-de-la-ingenieria\/"]}]},{"@type":"ImageObject","inLanguage":"es-AR","@id":"https:\/\/www.fica.unsl.edu.ar\/index.php\/la-fica-celebra-una-nueva-edicion-de-la-semana-de-la-ingenieria\/#primaryimage","url":"https:\/\/www.fica.unsl.edu.ar\/wp-content\/uploads\/2025\/05\/sifica-2025-front.jpg","contentUrl":"https:\/\/www.fica.unsl.edu.ar\/wp-content\/uploads\/2025\/05\/sifica-2025-front.jpg","width":1061,"height":585},{"@type":"WebSite","@id":"https:\/\/www.fica.unsl.edu.ar\/#website","url":"https:\/\/www.fica.unsl.edu.ar\/","name":"Facultad de Ingenier\u00eda y Ciencias Agropecuarias","description":"","publisher":{"@id":"https:\/\/www.fica.unsl.edu.ar\/#organization"},"potentialAction":[{"@type":"SearchAction","target":{"@type":"EntryPoint","urlTemplate":"https:\/\/www.fica.unsl.edu.ar\/?s={search_term_string}"},"query-input":{"@type":"PropertyValueSpecification","valueRequired":true,"valueName":"search_term_string"}}],"inLanguage":"es-AR"},{"@type":"Organization","@id":"https:\/\/www.fica.unsl.edu.ar\/#organization","name":"Facultad de Ingenier\u00eda y Ciencias Agropecuarias","url":"https:\/\/www.fica.unsl.edu.ar\/","logo":{"@type":"ImageObject","inLanguage":"es-AR","@id":"https:\/\/www.fica.unsl.edu.ar\/#\/schema\/logo\/image\/","url":"https:\/\/www.fica.unsl.edu.ar\/wp-content\/uploads\/2021\/03\/LOGO-1.jpg","contentUrl":"https:\/\/www.fica.unsl.edu.ar\/wp-content\/uploads\/2021\/03\/LOGO-1.jpg","width":463,"height":145,"caption":"Facultad de Ingenier\u00eda y Ciencias Agropecuarias"},"image":{"@id":"https:\/\/www.fica.unsl.edu.ar\/#\/schema\/logo\/image\/"},"sameAs":["https:\/\/www.facebook.com\/FICA.UNSL\/","https:\/\/x.com\/FICAUNSL","https:\/\/www.instagram.com\/fica.unsl\/","https:\/\/www.youtube.com\/channel\/UCs2MM53gb2PyBrMySdtWZDQ"]},{"@type":"Person","@id":"https:\/\/www.fica.unsl.edu.ar\/#\/schema\/person\/6058f9c66301868d3a691b1f5d6c3544","name":"DATI"}]}},"_links":{"self":[{"href":"https:\/\/www.fica.unsl.edu.ar\/index.php\/wp-json\/wp\/v2\/posts\/20131","targetHints":{"allow":["GET"]}}],"collection":[{"href":"https:\/\/www.fica.unsl.edu.ar\/index.php\/wp-json\/wp\/v2\/posts"}],"about":[{"href":"https:\/\/www.fica.unsl.edu.ar\/index.php\/wp-json\/wp\/v2\/types\/post"}],"author":[{"embeddable":true,"href":"https:\/\/www.fica.unsl.edu.ar\/index.php\/wp-json\/wp\/v2\/users\/9"}],"replies":[{"embeddable":true,"href":"https:\/\/www.fica.unsl.edu.ar\/index.php\/wp-json\/wp\/v2\/comments?post=20131"}],"version-history":[{"count":6,"href":"https:\/\/www.fica.unsl.edu.ar\/index.php\/wp-json\/wp\/v2\/posts\/20131\/revisions"}],"predecessor-version":[{"id":20139,"href":"https:\/\/www.fica.unsl.edu.ar\/index.php\/wp-json\/wp\/v2\/posts\/20131\/revisions\/20139"}],"wp:featuredmedia":[{"embeddable":true,"href":"https:\/\/www.fica.unsl.edu.ar\/index.php\/wp-json\/wp\/v2\/media\/20133"}],"wp:attachment":[{"href":"https:\/\/www.fica.unsl.edu.ar\/index.php\/wp-json\/wp\/v2\/media?parent=20131"}],"wp:term":[{"taxonomy":"category","embeddable":true,"href":"https:\/\/www.fica.unsl.edu.ar\/index.php\/wp-json\/wp\/v2\/categories?post=20131"},{"taxonomy":"post_tag","embeddable":true,"href":"https:\/\/www.fica.unsl.edu.ar\/index.php\/wp-json\/wp\/v2\/tags?post=20131"}],"curies":[{"name":"wp","href":"https:\/\/api.w.org\/{rel}","templated":true}]}}