{"id":20141,"date":"2025-05-30T11:36:15","date_gmt":"2025-05-30T14:36:15","guid":{"rendered":"http:\/\/10.101.10.196\/www\/?p=20141"},"modified":"2025-06-19T11:26:24","modified_gmt":"2025-06-19T14:26:24","slug":"vinculo-entre-la-fica-y-el-cct-san-luis-para-el-fortalecimiento-cientifico","status":"publish","type":"post","link":"https:\/\/www.fica.unsl.edu.ar\/index.php\/vinculo-entre-la-fica-y-el-cct-san-luis-para-el-fortalecimiento-cientifico\/","title":{"rendered":"V\u00ednculo entre la FICA y el CCT San Luis para el fortalecimiento cient\u00edfico"},"content":{"rendered":"<p data-start=\"312\" data-end=\"800\">El Departamento de Ciencias B\u00e1sicas fortalece sus v\u00ednculos con el Centro Cient\u00edfico Tecnol\u00f3gico (CCT) San Luis. A mediados de mayo, docentes-investigadores del Laboratorio de Qu\u00edmica recibieron la visita de la Dra. Soledad Ceruti, vicedirectora del CCT San Luis y directora del Insituto de Qu\u00edmica de San Luis (INQUISAL), acompa\u00f1ada por el Lic. Juan Manuel Quiroga. Ambos son especialistas en el uso de equipos de Cromatograf\u00eda L\u00edquida de Ultra Alta Presi\u00f3n (UHPLC, por sus siglas en ingl\u00e9s: <em data-start=\"752\" data-end=\"798\">Ultra-High Performance Liquid Chromatography<\/em>).<\/p>\n<p data-start=\"312\" data-end=\"800\">La Dra. Mar\u00eda Luc\u00eda Ruiz, subdirectora del Departamento de Ciencias B\u00e1sicas, expres\u00f3 que este encuentro, adem\u00e1s de permitir la puesta a punto del equipo UHPLC del Laboratorio de Qu\u00edmica de la FICA, tuvo como finalidad establecer futuras l\u00edneas de colaboraci\u00f3n con el CCT e INQUISAL, mediante una reuni\u00f3n con las directoras de grupos de investigaci\u00f3n de la FICA. Participaron de la misma las doctoras Nora Comelli, Mar\u00eda Cangiano, Cecilia \u00c1vila, Luc\u00eda Ruiz y los ingenieros\/as Mercedes Quiroga y Dar\u00edo Mora.<\/p>\n<p data-start=\"312\" data-end=\"800\"><img fetchpriority=\"high\" decoding=\"async\" class=\"aligncenter size-full wp-image-20143\" src=\"https:\/\/www.fica.unsl.edu.ar\/wp-content\/uploads\/2025\/05\/puesta-a-punto-uhplc-2.jpg\" alt=\"\" width=\"1100\" height=\"733\" srcset=\"https:\/\/www.fica.unsl.edu.ar\/wp-content\/uploads\/2025\/05\/puesta-a-punto-uhplc-2.jpg 1100w, https:\/\/www.fica.unsl.edu.ar\/wp-content\/uploads\/2025\/05\/puesta-a-punto-uhplc-2-300x200.jpg 300w, https:\/\/www.fica.unsl.edu.ar\/wp-content\/uploads\/2025\/05\/puesta-a-punto-uhplc-2-1024x682.jpg 1024w, https:\/\/www.fica.unsl.edu.ar\/wp-content\/uploads\/2025\/05\/puesta-a-punto-uhplc-2-768x512.jpg 768w\" sizes=\"(max-width: 1100px) 100vw, 1100px\" \/><\/p>\n<p data-start=\"312\" data-end=\"800\">El equipamiento UHPLC se utiliza para la separaci\u00f3n y an\u00e1lisis de mezclas complejas, ofreciendo mayor resoluci\u00f3n, sensibilidad y velocidad que los sistemas HPLC convencionales. Estos equipos pueden incluir bombas de alta presi\u00f3n, detectores (como UV\/Vis, fluorescencia o espectrometr\u00eda de masas), sistemas de inyecci\u00f3n y columnas especializadas.<\/p>\n","protected":false},"excerpt":{"rendered":"<p>El Departamento de Ciencias B\u00e1sicas fortalece sus v\u00ednculos con el Centro Cient\u00edfico Tecnol\u00f3gico (CCT) San Luis. A mediados de mayo, docentes-investigadores del Laboratorio de Qu\u00edmica&hellip;<\/p>\n","protected":false},"author":9,"featured_media":20142,"comment_status":"closed","ping_status":"closed","sticky":false,"template":"","format":"standard","meta":{"_monsterinsights_skip_tracking":false,"_monsterinsights_sitenote_active":false,"_monsterinsights_sitenote_note":"","_monsterinsights_sitenote_category":0,"_joinchat":[],"footnotes":""},"categories":[19],"tags":[],"class_list":["post-20141","post","type-post","status-publish","format-standard","has-post-thumbnail","hentry","category-noticias"],"yoast_head":"<!-- This site is optimized with the Yoast SEO plugin v27.4 - https:\/\/yoast.com\/product\/yoast-seo-wordpress\/ -->\n<title>V\u00ednculo entre la FICA y el CCT San Luis para el fortalecimiento cient\u00edfico - Facultad de Ingenier\u00eda y Ciencias Agropecuarias<\/title>\n<meta name=\"robots\" content=\"index, follow, max-snippet:-1, max-image-preview:large, max-video-preview:-1\" \/>\n<link rel=\"canonical\" href=\"https:\/\/www.fica.unsl.edu.ar\/index.php\/vinculo-entre-la-fica-y-el-cct-san-luis-para-el-fortalecimiento-cientifico\/\" \/>\n<meta property=\"og:locale\" content=\"es_ES\" \/>\n<meta property=\"og:type\" content=\"article\" \/>\n<meta property=\"og:title\" content=\"V\u00ednculo entre la FICA y el CCT San Luis para el fortalecimiento cient\u00edfico - Facultad de Ingenier\u00eda y Ciencias Agropecuarias\" \/>\n<meta property=\"og:description\" content=\"El Departamento de Ciencias B\u00e1sicas fortalece sus v\u00ednculos con el Centro Cient\u00edfico Tecnol\u00f3gico (CCT) San Luis. A mediados de mayo, docentes-investigadores del Laboratorio de Qu\u00edmica&hellip;\" \/>\n<meta property=\"og:url\" content=\"https:\/\/www.fica.unsl.edu.ar\/index.php\/vinculo-entre-la-fica-y-el-cct-san-luis-para-el-fortalecimiento-cientifico\/\" \/>\n<meta property=\"og:site_name\" content=\"Facultad de Ingenier\u00eda y Ciencias Agropecuarias\" \/>\n<meta property=\"article:publisher\" content=\"https:\/\/www.facebook.com\/FICA.UNSL\/\" \/>\n<meta property=\"article:published_time\" content=\"2025-05-30T14:36:15+00:00\" \/>\n<meta property=\"article:modified_time\" content=\"2025-06-19T14:26:24+00:00\" \/>\n<meta property=\"og:image\" content=\"https:\/\/www.fica.unsl.edu.ar\/wp-content\/uploads\/2025\/05\/puesta-a-punto-uhplc-front.jpg\" \/>\n\t<meta property=\"og:image:width\" content=\"1061\" \/>\n\t<meta property=\"og:image:height\" content=\"585\" \/>\n\t<meta property=\"og:image:type\" content=\"image\/jpeg\" \/>\n<meta name=\"author\" content=\"DATI\" \/>\n<meta name=\"twitter:card\" content=\"summary_large_image\" \/>\n<meta name=\"twitter:creator\" content=\"@FICAUNSL\" \/>\n<meta name=\"twitter:site\" content=\"@FICAUNSL\" \/>\n<meta name=\"twitter:label1\" content=\"Escrito por\" \/>\n\t<meta name=\"twitter:data1\" content=\"DATI\" \/>\n\t<meta name=\"twitter:label2\" content=\"Tiempo de lectura\" \/>\n\t<meta name=\"twitter:data2\" content=\"2 minutos\" \/>\n<script type=\"application\/ld+json\" class=\"yoast-schema-graph\">{\"@context\":\"https:\\\/\\\/schema.org\",\"@graph\":[{\"@type\":\"Article\",\"@id\":\"https:\\\/\\\/www.fica.unsl.edu.ar\\\/index.php\\\/vinculo-entre-la-fica-y-el-cct-san-luis-para-el-fortalecimiento-cientifico\\\/#article\",\"isPartOf\":{\"@id\":\"https:\\\/\\\/www.fica.unsl.edu.ar\\\/index.php\\\/vinculo-entre-la-fica-y-el-cct-san-luis-para-el-fortalecimiento-cientifico\\\/\"},\"author\":{\"name\":\"DATI\",\"@id\":\"https:\\\/\\\/www.fica.unsl.edu.ar\\\/#\\\/schema\\\/person\\\/6058f9c66301868d3a691b1f5d6c3544\"},\"headline\":\"V\u00ednculo entre la FICA y el CCT San Luis para el fortalecimiento cient\u00edfico\",\"datePublished\":\"2025-05-30T14:36:15+00:00\",\"dateModified\":\"2025-06-19T14:26:24+00:00\",\"mainEntityOfPage\":{\"@id\":\"https:\\\/\\\/www.fica.unsl.edu.ar\\\/index.php\\\/vinculo-entre-la-fica-y-el-cct-san-luis-para-el-fortalecimiento-cientifico\\\/\"},\"wordCount\":252,\"publisher\":{\"@id\":\"https:\\\/\\\/www.fica.unsl.edu.ar\\\/#organization\"},\"image\":{\"@id\":\"https:\\\/\\\/www.fica.unsl.edu.ar\\\/index.php\\\/vinculo-entre-la-fica-y-el-cct-san-luis-para-el-fortalecimiento-cientifico\\\/#primaryimage\"},\"thumbnailUrl\":\"https:\\\/\\\/www.fica.unsl.edu.ar\\\/wp-content\\\/uploads\\\/2025\\\/05\\\/puesta-a-punto-uhplc-front.jpg\",\"articleSection\":[\"Noticias\"],\"inLanguage\":\"es-AR\"},{\"@type\":\"WebPage\",\"@id\":\"https:\\\/\\\/www.fica.unsl.edu.ar\\\/index.php\\\/vinculo-entre-la-fica-y-el-cct-san-luis-para-el-fortalecimiento-cientifico\\\/\",\"url\":\"https:\\\/\\\/www.fica.unsl.edu.ar\\\/index.php\\\/vinculo-entre-la-fica-y-el-cct-san-luis-para-el-fortalecimiento-cientifico\\\/\",\"name\":\"V\u00ednculo entre la FICA y el CCT San Luis para el fortalecimiento cient\u00edfico - Facultad de Ingenier\u00eda y Ciencias Agropecuarias\",\"isPartOf\":{\"@id\":\"https:\\\/\\\/www.fica.unsl.edu.ar\\\/#website\"},\"primaryImageOfPage\":{\"@id\":\"https:\\\/\\\/www.fica.unsl.edu.ar\\\/index.php\\\/vinculo-entre-la-fica-y-el-cct-san-luis-para-el-fortalecimiento-cientifico\\\/#primaryimage\"},\"image\":{\"@id\":\"https:\\\/\\\/www.fica.unsl.edu.ar\\\/index.php\\\/vinculo-entre-la-fica-y-el-cct-san-luis-para-el-fortalecimiento-cientifico\\\/#primaryimage\"},\"thumbnailUrl\":\"https:\\\/\\\/www.fica.unsl.edu.ar\\\/wp-content\\\/uploads\\\/2025\\\/05\\\/puesta-a-punto-uhplc-front.jpg\",\"datePublished\":\"2025-05-30T14:36:15+00:00\",\"dateModified\":\"2025-06-19T14:26:24+00:00\",\"inLanguage\":\"es-AR\",\"potentialAction\":[{\"@type\":\"ReadAction\",\"target\":[\"https:\\\/\\\/www.fica.unsl.edu.ar\\\/index.php\\\/vinculo-entre-la-fica-y-el-cct-san-luis-para-el-fortalecimiento-cientifico\\\/\"]}]},{\"@type\":\"ImageObject\",\"inLanguage\":\"es-AR\",\"@id\":\"https:\\\/\\\/www.fica.unsl.edu.ar\\\/index.php\\\/vinculo-entre-la-fica-y-el-cct-san-luis-para-el-fortalecimiento-cientifico\\\/#primaryimage\",\"url\":\"https:\\\/\\\/www.fica.unsl.edu.ar\\\/wp-content\\\/uploads\\\/2025\\\/05\\\/puesta-a-punto-uhplc-front.jpg\",\"contentUrl\":\"https:\\\/\\\/www.fica.unsl.edu.ar\\\/wp-content\\\/uploads\\\/2025\\\/05\\\/puesta-a-punto-uhplc-front.jpg\",\"width\":1061,\"height\":585},{\"@type\":\"WebSite\",\"@id\":\"https:\\\/\\\/www.fica.unsl.edu.ar\\\/#website\",\"url\":\"https:\\\/\\\/www.fica.unsl.edu.ar\\\/\",\"name\":\"Facultad de Ingenier\u00eda y Ciencias Agropecuarias\",\"description\":\"\",\"publisher\":{\"@id\":\"https:\\\/\\\/www.fica.unsl.edu.ar\\\/#organization\"},\"potentialAction\":[{\"@type\":\"SearchAction\",\"target\":{\"@type\":\"EntryPoint\",\"urlTemplate\":\"https:\\\/\\\/www.fica.unsl.edu.ar\\\/?s={search_term_string}\"},\"query-input\":{\"@type\":\"PropertyValueSpecification\",\"valueRequired\":true,\"valueName\":\"search_term_string\"}}],\"inLanguage\":\"es-AR\"},{\"@type\":\"Organization\",\"@id\":\"https:\\\/\\\/www.fica.unsl.edu.ar\\\/#organization\",\"name\":\"Facultad de Ingenier\u00eda y Ciencias Agropecuarias\",\"url\":\"https:\\\/\\\/www.fica.unsl.edu.ar\\\/\",\"logo\":{\"@type\":\"ImageObject\",\"inLanguage\":\"es-AR\",\"@id\":\"https:\\\/\\\/www.fica.unsl.edu.ar\\\/#\\\/schema\\\/logo\\\/image\\\/\",\"url\":\"https:\\\/\\\/www.fica.unsl.edu.ar\\\/wp-content\\\/uploads\\\/2021\\\/03\\\/LOGO-1.jpg\",\"contentUrl\":\"https:\\\/\\\/www.fica.unsl.edu.ar\\\/wp-content\\\/uploads\\\/2021\\\/03\\\/LOGO-1.jpg\",\"width\":463,\"height\":145,\"caption\":\"Facultad de Ingenier\u00eda y Ciencias Agropecuarias\"},\"image\":{\"@id\":\"https:\\\/\\\/www.fica.unsl.edu.ar\\\/#\\\/schema\\\/logo\\\/image\\\/\"},\"sameAs\":[\"https:\\\/\\\/www.facebook.com\\\/FICA.UNSL\\\/\",\"https:\\\/\\\/x.com\\\/FICAUNSL\",\"https:\\\/\\\/www.instagram.com\\\/fica.unsl\\\/\",\"https:\\\/\\\/www.youtube.com\\\/channel\\\/UCs2MM53gb2PyBrMySdtWZDQ\"]},{\"@type\":\"Person\",\"@id\":\"https:\\\/\\\/www.fica.unsl.edu.ar\\\/#\\\/schema\\\/person\\\/6058f9c66301868d3a691b1f5d6c3544\",\"name\":\"DATI\"}]}<\/script>\n<!-- \/ Yoast SEO plugin. -->","yoast_head_json":{"title":"V\u00ednculo entre la FICA y el CCT San Luis para el fortalecimiento cient\u00edfico - Facultad de Ingenier\u00eda y Ciencias Agropecuarias","robots":{"index":"index","follow":"follow","max-snippet":"max-snippet:-1","max-image-preview":"max-image-preview:large","max-video-preview":"max-video-preview:-1"},"canonical":"https:\/\/www.fica.unsl.edu.ar\/index.php\/vinculo-entre-la-fica-y-el-cct-san-luis-para-el-fortalecimiento-cientifico\/","og_locale":"es_ES","og_type":"article","og_title":"V\u00ednculo entre la FICA y el CCT San Luis para el fortalecimiento cient\u00edfico - Facultad de Ingenier\u00eda y Ciencias Agropecuarias","og_description":"El Departamento de Ciencias B\u00e1sicas fortalece sus v\u00ednculos con el Centro Cient\u00edfico Tecnol\u00f3gico (CCT) San Luis. A mediados de mayo, docentes-investigadores del Laboratorio de Qu\u00edmica&hellip;","og_url":"https:\/\/www.fica.unsl.edu.ar\/index.php\/vinculo-entre-la-fica-y-el-cct-san-luis-para-el-fortalecimiento-cientifico\/","og_site_name":"Facultad de Ingenier\u00eda y Ciencias Agropecuarias","article_publisher":"https:\/\/www.facebook.com\/FICA.UNSL\/","article_published_time":"2025-05-30T14:36:15+00:00","article_modified_time":"2025-06-19T14:26:24+00:00","og_image":[{"width":1061,"height":585,"url":"https:\/\/www.fica.unsl.edu.ar\/wp-content\/uploads\/2025\/05\/puesta-a-punto-uhplc-front.jpg","type":"image\/jpeg"}],"author":"DATI","twitter_card":"summary_large_image","twitter_creator":"@FICAUNSL","twitter_site":"@FICAUNSL","twitter_misc":{"Escrito por":"DATI","Tiempo de lectura":"2 minutos"},"schema":{"@context":"https:\/\/schema.org","@graph":[{"@type":"Article","@id":"https:\/\/www.fica.unsl.edu.ar\/index.php\/vinculo-entre-la-fica-y-el-cct-san-luis-para-el-fortalecimiento-cientifico\/#article","isPartOf":{"@id":"https:\/\/www.fica.unsl.edu.ar\/index.php\/vinculo-entre-la-fica-y-el-cct-san-luis-para-el-fortalecimiento-cientifico\/"},"author":{"name":"DATI","@id":"https:\/\/www.fica.unsl.edu.ar\/#\/schema\/person\/6058f9c66301868d3a691b1f5d6c3544"},"headline":"V\u00ednculo entre la FICA y el CCT San Luis para el fortalecimiento cient\u00edfico","datePublished":"2025-05-30T14:36:15+00:00","dateModified":"2025-06-19T14:26:24+00:00","mainEntityOfPage":{"@id":"https:\/\/www.fica.unsl.edu.ar\/index.php\/vinculo-entre-la-fica-y-el-cct-san-luis-para-el-fortalecimiento-cientifico\/"},"wordCount":252,"publisher":{"@id":"https:\/\/www.fica.unsl.edu.ar\/#organization"},"image":{"@id":"https:\/\/www.fica.unsl.edu.ar\/index.php\/vinculo-entre-la-fica-y-el-cct-san-luis-para-el-fortalecimiento-cientifico\/#primaryimage"},"thumbnailUrl":"https:\/\/www.fica.unsl.edu.ar\/wp-content\/uploads\/2025\/05\/puesta-a-punto-uhplc-front.jpg","articleSection":["Noticias"],"inLanguage":"es-AR"},{"@type":"WebPage","@id":"https:\/\/www.fica.unsl.edu.ar\/index.php\/vinculo-entre-la-fica-y-el-cct-san-luis-para-el-fortalecimiento-cientifico\/","url":"https:\/\/www.fica.unsl.edu.ar\/index.php\/vinculo-entre-la-fica-y-el-cct-san-luis-para-el-fortalecimiento-cientifico\/","name":"V\u00ednculo entre la FICA y el CCT San Luis para el fortalecimiento cient\u00edfico - Facultad de Ingenier\u00eda y Ciencias Agropecuarias","isPartOf":{"@id":"https:\/\/www.fica.unsl.edu.ar\/#website"},"primaryImageOfPage":{"@id":"https:\/\/www.fica.unsl.edu.ar\/index.php\/vinculo-entre-la-fica-y-el-cct-san-luis-para-el-fortalecimiento-cientifico\/#primaryimage"},"image":{"@id":"https:\/\/www.fica.unsl.edu.ar\/index.php\/vinculo-entre-la-fica-y-el-cct-san-luis-para-el-fortalecimiento-cientifico\/#primaryimage"},"thumbnailUrl":"https:\/\/www.fica.unsl.edu.ar\/wp-content\/uploads\/2025\/05\/puesta-a-punto-uhplc-front.jpg","datePublished":"2025-05-30T14:36:15+00:00","dateModified":"2025-06-19T14:26:24+00:00","inLanguage":"es-AR","potentialAction":[{"@type":"ReadAction","target":["https:\/\/www.fica.unsl.edu.ar\/index.php\/vinculo-entre-la-fica-y-el-cct-san-luis-para-el-fortalecimiento-cientifico\/"]}]},{"@type":"ImageObject","inLanguage":"es-AR","@id":"https:\/\/www.fica.unsl.edu.ar\/index.php\/vinculo-entre-la-fica-y-el-cct-san-luis-para-el-fortalecimiento-cientifico\/#primaryimage","url":"https:\/\/www.fica.unsl.edu.ar\/wp-content\/uploads\/2025\/05\/puesta-a-punto-uhplc-front.jpg","contentUrl":"https:\/\/www.fica.unsl.edu.ar\/wp-content\/uploads\/2025\/05\/puesta-a-punto-uhplc-front.jpg","width":1061,"height":585},{"@type":"WebSite","@id":"https:\/\/www.fica.unsl.edu.ar\/#website","url":"https:\/\/www.fica.unsl.edu.ar\/","name":"Facultad de Ingenier\u00eda y Ciencias Agropecuarias","description":"","publisher":{"@id":"https:\/\/www.fica.unsl.edu.ar\/#organization"},"potentialAction":[{"@type":"SearchAction","target":{"@type":"EntryPoint","urlTemplate":"https:\/\/www.fica.unsl.edu.ar\/?s={search_term_string}"},"query-input":{"@type":"PropertyValueSpecification","valueRequired":true,"valueName":"search_term_string"}}],"inLanguage":"es-AR"},{"@type":"Organization","@id":"https:\/\/www.fica.unsl.edu.ar\/#organization","name":"Facultad de Ingenier\u00eda y Ciencias Agropecuarias","url":"https:\/\/www.fica.unsl.edu.ar\/","logo":{"@type":"ImageObject","inLanguage":"es-AR","@id":"https:\/\/www.fica.unsl.edu.ar\/#\/schema\/logo\/image\/","url":"https:\/\/www.fica.unsl.edu.ar\/wp-content\/uploads\/2021\/03\/LOGO-1.jpg","contentUrl":"https:\/\/www.fica.unsl.edu.ar\/wp-content\/uploads\/2021\/03\/LOGO-1.jpg","width":463,"height":145,"caption":"Facultad de Ingenier\u00eda y Ciencias Agropecuarias"},"image":{"@id":"https:\/\/www.fica.unsl.edu.ar\/#\/schema\/logo\/image\/"},"sameAs":["https:\/\/www.facebook.com\/FICA.UNSL\/","https:\/\/x.com\/FICAUNSL","https:\/\/www.instagram.com\/fica.unsl\/","https:\/\/www.youtube.com\/channel\/UCs2MM53gb2PyBrMySdtWZDQ"]},{"@type":"Person","@id":"https:\/\/www.fica.unsl.edu.ar\/#\/schema\/person\/6058f9c66301868d3a691b1f5d6c3544","name":"DATI"}]}},"_links":{"self":[{"href":"https:\/\/www.fica.unsl.edu.ar\/index.php\/wp-json\/wp\/v2\/posts\/20141","targetHints":{"allow":["GET"]}}],"collection":[{"href":"https:\/\/www.fica.unsl.edu.ar\/index.php\/wp-json\/wp\/v2\/posts"}],"about":[{"href":"https:\/\/www.fica.unsl.edu.ar\/index.php\/wp-json\/wp\/v2\/types\/post"}],"author":[{"embeddable":true,"href":"https:\/\/www.fica.unsl.edu.ar\/index.php\/wp-json\/wp\/v2\/users\/9"}],"replies":[{"embeddable":true,"href":"https:\/\/www.fica.unsl.edu.ar\/index.php\/wp-json\/wp\/v2\/comments?post=20141"}],"version-history":[{"count":3,"href":"https:\/\/www.fica.unsl.edu.ar\/index.php\/wp-json\/wp\/v2\/posts\/20141\/revisions"}],"predecessor-version":[{"id":20146,"href":"https:\/\/www.fica.unsl.edu.ar\/index.php\/wp-json\/wp\/v2\/posts\/20141\/revisions\/20146"}],"wp:featuredmedia":[{"embeddable":true,"href":"https:\/\/www.fica.unsl.edu.ar\/index.php\/wp-json\/wp\/v2\/media\/20142"}],"wp:attachment":[{"href":"https:\/\/www.fica.unsl.edu.ar\/index.php\/wp-json\/wp\/v2\/media?parent=20141"}],"wp:term":[{"taxonomy":"category","embeddable":true,"href":"https:\/\/www.fica.unsl.edu.ar\/index.php\/wp-json\/wp\/v2\/categories?post=20141"},{"taxonomy":"post_tag","embeddable":true,"href":"https:\/\/www.fica.unsl.edu.ar\/index.php\/wp-json\/wp\/v2\/tags?post=20141"}],"curies":[{"name":"wp","href":"https:\/\/api.w.org\/{rel}","templated":true}]}}