{"id":20150,"date":"2025-06-03T09:32:30","date_gmt":"2025-06-03T12:32:30","guid":{"rendered":"http:\/\/10.101.10.196\/www\/?p=20150"},"modified":"2025-06-19T11:26:31","modified_gmt":"2025-06-19T14:26:31","slug":"seu-unsl-nueva-convocatoria-a-proyectos-de-extension-y-docencia","status":"publish","type":"post","link":"https:\/\/www.fica.unsl.edu.ar\/index.php\/seu-unsl-nueva-convocatoria-a-proyectos-de-extension-y-docencia\/","title":{"rendered":"SEU UNSL: Nueva convocatoria a Proyectos de Extensi\u00f3n y Docencia"},"content":{"rendered":"<p>La Secretar\u00eda de Extensi\u00f3n Universitaria (SEU) abre la <strong>convocatoria 2025 a Proyectos de Extensi\u00f3n y Docencia (PED) de la Universidad Nacional de San Luis (UNSL)<\/strong>. Las propuestas se recibir\u00e1n<strong> hasta el jueves 19 de junio.<\/strong><\/p>\n<p>Los PED est\u00e1n orientados a integrar las acciones de extensi\u00f3n al proceso de ense\u00f1anza y de aprendizaje. Su desarrollo debe posibilitar el aprendizaje de contenidos espec\u00edficos de los programas curriculares en situaci\u00f3n de contexto real e iniciar la formaci\u00f3n del alumnado a partir de la identificaci\u00f3n de una situaci\u00f3n-problema. En otras palabras, se plantea el abordaje de una situaci\u00f3n problem\u00e1tica a partir de la cual se buscan alternativas para ser implementadas en acciones que trasciendan la instancia de an\u00e1lisis y diagn\u00f3stico.<\/p>\n<p>La convocatoria est\u00e1 dirigida a docentes de todas las Unidades Acad\u00e9micas de la UNSL, junto a sus equipos de trabajo, que pueden estar integrados por estudiantes, docentes, nodocentes, graduados\/as y especialistas asociados.<\/p>\n<p><strong>Cronograma<\/strong><br \/>\n\u2013 Presentaci\u00f3n de las propuestas: hasta el jueves 19 de junio de 2025<br \/>\n\u2013 Evaluaci\u00f3n de las propuestas por parte de la Comisi\u00f3n Asesora de Extensi\u00f3n (CAEX)<br \/>\n\u2013 Inicio de los PED: en el segundo cuatrimestre del a\u00f1o<\/p>\n<p>Bases: <strong><span style=\"color: #0000ff;\"><a style=\"color: #0000ff;\" href=\"https:\/\/drive.google.com\/file\/d\/1dJoIMfBzPcOyQ1Jelncguxi6YHf1q-Cr\/view?usp=sharing\" target=\"_blank\" rel=\"noopener\">Resoluci\u00f3n Rectoral de la Convocatoria 2025<\/a><\/span><\/strong><\/p>\n<p>Consultas: <strong><a href=\"mailto:peisseu@gmail.com\" target=\"_blank\" rel=\"noopener\">peisseu@gmail.com<\/a><\/strong><\/p>\n<p>Fuente: SEU<\/p>\n","protected":false},"excerpt":{"rendered":"<p>La Secretar\u00eda de Extensi\u00f3n Universitaria (SEU) abre la convocatoria 2025 a Proyectos de Extensi\u00f3n y Docencia (PED) de la Universidad Nacional de San Luis (UNSL).&hellip;<\/p>\n","protected":false},"author":9,"featured_media":20151,"comment_status":"closed","ping_status":"closed","sticky":false,"template":"","format":"standard","meta":{"_monsterinsights_skip_tracking":false,"_monsterinsights_sitenote_active":false,"_monsterinsights_sitenote_note":"","_monsterinsights_sitenote_category":0,"_joinchat":[],"footnotes":""},"categories":[19],"tags":[],"class_list":["post-20150","post","type-post","status-publish","format-standard","has-post-thumbnail","hentry","category-noticias"],"yoast_head":"<!-- This site is optimized with the Yoast SEO plugin v27.4 - https:\/\/yoast.com\/product\/yoast-seo-wordpress\/ -->\n<title>SEU UNSL: Nueva convocatoria a Proyectos de Extensi\u00f3n y Docencia - Facultad de Ingenier\u00eda y Ciencias Agropecuarias<\/title>\n<meta name=\"robots\" content=\"index, follow, max-snippet:-1, max-image-preview:large, max-video-preview:-1\" \/>\n<link rel=\"canonical\" href=\"https:\/\/www.fica.unsl.edu.ar\/index.php\/seu-unsl-nueva-convocatoria-a-proyectos-de-extension-y-docencia\/\" \/>\n<meta property=\"og:locale\" content=\"es_ES\" \/>\n<meta property=\"og:type\" content=\"article\" \/>\n<meta property=\"og:title\" content=\"SEU UNSL: Nueva convocatoria a Proyectos de Extensi\u00f3n y Docencia - Facultad de Ingenier\u00eda y Ciencias Agropecuarias\" \/>\n<meta property=\"og:description\" content=\"La Secretar\u00eda de Extensi\u00f3n Universitaria (SEU) abre la convocatoria 2025 a Proyectos de Extensi\u00f3n y Docencia (PED) de la Universidad Nacional de San Luis (UNSL).&hellip;\" \/>\n<meta property=\"og:url\" content=\"https:\/\/www.fica.unsl.edu.ar\/index.php\/seu-unsl-nueva-convocatoria-a-proyectos-de-extension-y-docencia\/\" \/>\n<meta property=\"og:site_name\" content=\"Facultad de Ingenier\u00eda y Ciencias Agropecuarias\" \/>\n<meta property=\"article:publisher\" content=\"https:\/\/www.facebook.com\/FICA.UNSL\/\" \/>\n<meta property=\"article:published_time\" content=\"2025-06-03T12:32:30+00:00\" \/>\n<meta property=\"article:modified_time\" content=\"2025-06-19T14:26:31+00:00\" \/>\n<meta property=\"og:image\" content=\"https:\/\/www.fica.unsl.edu.ar\/wp-content\/uploads\/2025\/06\/PEIS.jpg\" \/>\n\t<meta property=\"og:image:width\" content=\"1000\" \/>\n\t<meta property=\"og:image:height\" content=\"600\" \/>\n\t<meta property=\"og:image:type\" content=\"image\/jpeg\" \/>\n<meta name=\"author\" content=\"DATI\" \/>\n<meta name=\"twitter:card\" content=\"summary_large_image\" \/>\n<meta name=\"twitter:creator\" content=\"@FICAUNSL\" \/>\n<meta name=\"twitter:site\" content=\"@FICAUNSL\" \/>\n<meta name=\"twitter:label1\" content=\"Escrito por\" \/>\n\t<meta name=\"twitter:data1\" content=\"DATI\" \/>\n\t<meta name=\"twitter:label2\" content=\"Tiempo de lectura\" \/>\n\t<meta name=\"twitter:data2\" content=\"1 minuto\" \/>\n<script type=\"application\/ld+json\" class=\"yoast-schema-graph\">{\"@context\":\"https:\\\/\\\/schema.org\",\"@graph\":[{\"@type\":\"Article\",\"@id\":\"https:\\\/\\\/www.fica.unsl.edu.ar\\\/index.php\\\/seu-unsl-nueva-convocatoria-a-proyectos-de-extension-y-docencia\\\/#article\",\"isPartOf\":{\"@id\":\"https:\\\/\\\/www.fica.unsl.edu.ar\\\/index.php\\\/seu-unsl-nueva-convocatoria-a-proyectos-de-extension-y-docencia\\\/\"},\"author\":{\"name\":\"DATI\",\"@id\":\"https:\\\/\\\/www.fica.unsl.edu.ar\\\/#\\\/schema\\\/person\\\/6058f9c66301868d3a691b1f5d6c3544\"},\"headline\":\"SEU UNSL: Nueva convocatoria a Proyectos de Extensi\u00f3n y Docencia\",\"datePublished\":\"2025-06-03T12:32:30+00:00\",\"dateModified\":\"2025-06-19T14:26:31+00:00\",\"mainEntityOfPage\":{\"@id\":\"https:\\\/\\\/www.fica.unsl.edu.ar\\\/index.php\\\/seu-unsl-nueva-convocatoria-a-proyectos-de-extension-y-docencia\\\/\"},\"wordCount\":227,\"publisher\":{\"@id\":\"https:\\\/\\\/www.fica.unsl.edu.ar\\\/#organization\"},\"image\":{\"@id\":\"https:\\\/\\\/www.fica.unsl.edu.ar\\\/index.php\\\/seu-unsl-nueva-convocatoria-a-proyectos-de-extension-y-docencia\\\/#primaryimage\"},\"thumbnailUrl\":\"https:\\\/\\\/www.fica.unsl.edu.ar\\\/wp-content\\\/uploads\\\/2025\\\/06\\\/PEIS.jpg\",\"articleSection\":[\"Noticias\"],\"inLanguage\":\"es-AR\"},{\"@type\":\"WebPage\",\"@id\":\"https:\\\/\\\/www.fica.unsl.edu.ar\\\/index.php\\\/seu-unsl-nueva-convocatoria-a-proyectos-de-extension-y-docencia\\\/\",\"url\":\"https:\\\/\\\/www.fica.unsl.edu.ar\\\/index.php\\\/seu-unsl-nueva-convocatoria-a-proyectos-de-extension-y-docencia\\\/\",\"name\":\"SEU UNSL: Nueva convocatoria a Proyectos de Extensi\u00f3n y Docencia - Facultad de Ingenier\u00eda y Ciencias Agropecuarias\",\"isPartOf\":{\"@id\":\"https:\\\/\\\/www.fica.unsl.edu.ar\\\/#website\"},\"primaryImageOfPage\":{\"@id\":\"https:\\\/\\\/www.fica.unsl.edu.ar\\\/index.php\\\/seu-unsl-nueva-convocatoria-a-proyectos-de-extension-y-docencia\\\/#primaryimage\"},\"image\":{\"@id\":\"https:\\\/\\\/www.fica.unsl.edu.ar\\\/index.php\\\/seu-unsl-nueva-convocatoria-a-proyectos-de-extension-y-docencia\\\/#primaryimage\"},\"thumbnailUrl\":\"https:\\\/\\\/www.fica.unsl.edu.ar\\\/wp-content\\\/uploads\\\/2025\\\/06\\\/PEIS.jpg\",\"datePublished\":\"2025-06-03T12:32:30+00:00\",\"dateModified\":\"2025-06-19T14:26:31+00:00\",\"inLanguage\":\"es-AR\",\"potentialAction\":[{\"@type\":\"ReadAction\",\"target\":[\"https:\\\/\\\/www.fica.unsl.edu.ar\\\/index.php\\\/seu-unsl-nueva-convocatoria-a-proyectos-de-extension-y-docencia\\\/\"]}]},{\"@type\":\"ImageObject\",\"inLanguage\":\"es-AR\",\"@id\":\"https:\\\/\\\/www.fica.unsl.edu.ar\\\/index.php\\\/seu-unsl-nueva-convocatoria-a-proyectos-de-extension-y-docencia\\\/#primaryimage\",\"url\":\"https:\\\/\\\/www.fica.unsl.edu.ar\\\/wp-content\\\/uploads\\\/2025\\\/06\\\/PEIS.jpg\",\"contentUrl\":\"https:\\\/\\\/www.fica.unsl.edu.ar\\\/wp-content\\\/uploads\\\/2025\\\/06\\\/PEIS.jpg\",\"width\":1000,\"height\":600},{\"@type\":\"WebSite\",\"@id\":\"https:\\\/\\\/www.fica.unsl.edu.ar\\\/#website\",\"url\":\"https:\\\/\\\/www.fica.unsl.edu.ar\\\/\",\"name\":\"Facultad de Ingenier\u00eda y Ciencias Agropecuarias\",\"description\":\"\",\"publisher\":{\"@id\":\"https:\\\/\\\/www.fica.unsl.edu.ar\\\/#organization\"},\"potentialAction\":[{\"@type\":\"SearchAction\",\"target\":{\"@type\":\"EntryPoint\",\"urlTemplate\":\"https:\\\/\\\/www.fica.unsl.edu.ar\\\/?s={search_term_string}\"},\"query-input\":{\"@type\":\"PropertyValueSpecification\",\"valueRequired\":true,\"valueName\":\"search_term_string\"}}],\"inLanguage\":\"es-AR\"},{\"@type\":\"Organization\",\"@id\":\"https:\\\/\\\/www.fica.unsl.edu.ar\\\/#organization\",\"name\":\"Facultad de Ingenier\u00eda y Ciencias Agropecuarias\",\"url\":\"https:\\\/\\\/www.fica.unsl.edu.ar\\\/\",\"logo\":{\"@type\":\"ImageObject\",\"inLanguage\":\"es-AR\",\"@id\":\"https:\\\/\\\/www.fica.unsl.edu.ar\\\/#\\\/schema\\\/logo\\\/image\\\/\",\"url\":\"https:\\\/\\\/www.fica.unsl.edu.ar\\\/wp-content\\\/uploads\\\/2021\\\/03\\\/LOGO-1.jpg\",\"contentUrl\":\"https:\\\/\\\/www.fica.unsl.edu.ar\\\/wp-content\\\/uploads\\\/2021\\\/03\\\/LOGO-1.jpg\",\"width\":463,\"height\":145,\"caption\":\"Facultad de Ingenier\u00eda y Ciencias Agropecuarias\"},\"image\":{\"@id\":\"https:\\\/\\\/www.fica.unsl.edu.ar\\\/#\\\/schema\\\/logo\\\/image\\\/\"},\"sameAs\":[\"https:\\\/\\\/www.facebook.com\\\/FICA.UNSL\\\/\",\"https:\\\/\\\/x.com\\\/FICAUNSL\",\"https:\\\/\\\/www.instagram.com\\\/fica.unsl\\\/\",\"https:\\\/\\\/www.youtube.com\\\/channel\\\/UCs2MM53gb2PyBrMySdtWZDQ\"]},{\"@type\":\"Person\",\"@id\":\"https:\\\/\\\/www.fica.unsl.edu.ar\\\/#\\\/schema\\\/person\\\/6058f9c66301868d3a691b1f5d6c3544\",\"name\":\"DATI\"}]}<\/script>\n<!-- \/ Yoast SEO plugin. -->","yoast_head_json":{"title":"SEU UNSL: Nueva convocatoria a Proyectos de Extensi\u00f3n y Docencia - Facultad de Ingenier\u00eda y Ciencias Agropecuarias","robots":{"index":"index","follow":"follow","max-snippet":"max-snippet:-1","max-image-preview":"max-image-preview:large","max-video-preview":"max-video-preview:-1"},"canonical":"https:\/\/www.fica.unsl.edu.ar\/index.php\/seu-unsl-nueva-convocatoria-a-proyectos-de-extension-y-docencia\/","og_locale":"es_ES","og_type":"article","og_title":"SEU UNSL: Nueva convocatoria a Proyectos de Extensi\u00f3n y Docencia - Facultad de Ingenier\u00eda y Ciencias Agropecuarias","og_description":"La Secretar\u00eda de Extensi\u00f3n Universitaria (SEU) abre la convocatoria 2025 a Proyectos de Extensi\u00f3n y Docencia (PED) de la Universidad Nacional de San Luis (UNSL).&hellip;","og_url":"https:\/\/www.fica.unsl.edu.ar\/index.php\/seu-unsl-nueva-convocatoria-a-proyectos-de-extension-y-docencia\/","og_site_name":"Facultad de Ingenier\u00eda y Ciencias Agropecuarias","article_publisher":"https:\/\/www.facebook.com\/FICA.UNSL\/","article_published_time":"2025-06-03T12:32:30+00:00","article_modified_time":"2025-06-19T14:26:31+00:00","og_image":[{"width":1000,"height":600,"url":"https:\/\/www.fica.unsl.edu.ar\/wp-content\/uploads\/2025\/06\/PEIS.jpg","type":"image\/jpeg"}],"author":"DATI","twitter_card":"summary_large_image","twitter_creator":"@FICAUNSL","twitter_site":"@FICAUNSL","twitter_misc":{"Escrito por":"DATI","Tiempo de lectura":"1 minuto"},"schema":{"@context":"https:\/\/schema.org","@graph":[{"@type":"Article","@id":"https:\/\/www.fica.unsl.edu.ar\/index.php\/seu-unsl-nueva-convocatoria-a-proyectos-de-extension-y-docencia\/#article","isPartOf":{"@id":"https:\/\/www.fica.unsl.edu.ar\/index.php\/seu-unsl-nueva-convocatoria-a-proyectos-de-extension-y-docencia\/"},"author":{"name":"DATI","@id":"https:\/\/www.fica.unsl.edu.ar\/#\/schema\/person\/6058f9c66301868d3a691b1f5d6c3544"},"headline":"SEU UNSL: Nueva convocatoria a Proyectos de Extensi\u00f3n y Docencia","datePublished":"2025-06-03T12:32:30+00:00","dateModified":"2025-06-19T14:26:31+00:00","mainEntityOfPage":{"@id":"https:\/\/www.fica.unsl.edu.ar\/index.php\/seu-unsl-nueva-convocatoria-a-proyectos-de-extension-y-docencia\/"},"wordCount":227,"publisher":{"@id":"https:\/\/www.fica.unsl.edu.ar\/#organization"},"image":{"@id":"https:\/\/www.fica.unsl.edu.ar\/index.php\/seu-unsl-nueva-convocatoria-a-proyectos-de-extension-y-docencia\/#primaryimage"},"thumbnailUrl":"https:\/\/www.fica.unsl.edu.ar\/wp-content\/uploads\/2025\/06\/PEIS.jpg","articleSection":["Noticias"],"inLanguage":"es-AR"},{"@type":"WebPage","@id":"https:\/\/www.fica.unsl.edu.ar\/index.php\/seu-unsl-nueva-convocatoria-a-proyectos-de-extension-y-docencia\/","url":"https:\/\/www.fica.unsl.edu.ar\/index.php\/seu-unsl-nueva-convocatoria-a-proyectos-de-extension-y-docencia\/","name":"SEU UNSL: Nueva convocatoria a Proyectos de Extensi\u00f3n y Docencia - Facultad de Ingenier\u00eda y Ciencias Agropecuarias","isPartOf":{"@id":"https:\/\/www.fica.unsl.edu.ar\/#website"},"primaryImageOfPage":{"@id":"https:\/\/www.fica.unsl.edu.ar\/index.php\/seu-unsl-nueva-convocatoria-a-proyectos-de-extension-y-docencia\/#primaryimage"},"image":{"@id":"https:\/\/www.fica.unsl.edu.ar\/index.php\/seu-unsl-nueva-convocatoria-a-proyectos-de-extension-y-docencia\/#primaryimage"},"thumbnailUrl":"https:\/\/www.fica.unsl.edu.ar\/wp-content\/uploads\/2025\/06\/PEIS.jpg","datePublished":"2025-06-03T12:32:30+00:00","dateModified":"2025-06-19T14:26:31+00:00","inLanguage":"es-AR","potentialAction":[{"@type":"ReadAction","target":["https:\/\/www.fica.unsl.edu.ar\/index.php\/seu-unsl-nueva-convocatoria-a-proyectos-de-extension-y-docencia\/"]}]},{"@type":"ImageObject","inLanguage":"es-AR","@id":"https:\/\/www.fica.unsl.edu.ar\/index.php\/seu-unsl-nueva-convocatoria-a-proyectos-de-extension-y-docencia\/#primaryimage","url":"https:\/\/www.fica.unsl.edu.ar\/wp-content\/uploads\/2025\/06\/PEIS.jpg","contentUrl":"https:\/\/www.fica.unsl.edu.ar\/wp-content\/uploads\/2025\/06\/PEIS.jpg","width":1000,"height":600},{"@type":"WebSite","@id":"https:\/\/www.fica.unsl.edu.ar\/#website","url":"https:\/\/www.fica.unsl.edu.ar\/","name":"Facultad de Ingenier\u00eda y Ciencias Agropecuarias","description":"","publisher":{"@id":"https:\/\/www.fica.unsl.edu.ar\/#organization"},"potentialAction":[{"@type":"SearchAction","target":{"@type":"EntryPoint","urlTemplate":"https:\/\/www.fica.unsl.edu.ar\/?s={search_term_string}"},"query-input":{"@type":"PropertyValueSpecification","valueRequired":true,"valueName":"search_term_string"}}],"inLanguage":"es-AR"},{"@type":"Organization","@id":"https:\/\/www.fica.unsl.edu.ar\/#organization","name":"Facultad de Ingenier\u00eda y Ciencias Agropecuarias","url":"https:\/\/www.fica.unsl.edu.ar\/","logo":{"@type":"ImageObject","inLanguage":"es-AR","@id":"https:\/\/www.fica.unsl.edu.ar\/#\/schema\/logo\/image\/","url":"https:\/\/www.fica.unsl.edu.ar\/wp-content\/uploads\/2021\/03\/LOGO-1.jpg","contentUrl":"https:\/\/www.fica.unsl.edu.ar\/wp-content\/uploads\/2021\/03\/LOGO-1.jpg","width":463,"height":145,"caption":"Facultad de Ingenier\u00eda y Ciencias Agropecuarias"},"image":{"@id":"https:\/\/www.fica.unsl.edu.ar\/#\/schema\/logo\/image\/"},"sameAs":["https:\/\/www.facebook.com\/FICA.UNSL\/","https:\/\/x.com\/FICAUNSL","https:\/\/www.instagram.com\/fica.unsl\/","https:\/\/www.youtube.com\/channel\/UCs2MM53gb2PyBrMySdtWZDQ"]},{"@type":"Person","@id":"https:\/\/www.fica.unsl.edu.ar\/#\/schema\/person\/6058f9c66301868d3a691b1f5d6c3544","name":"DATI"}]}},"_links":{"self":[{"href":"https:\/\/www.fica.unsl.edu.ar\/index.php\/wp-json\/wp\/v2\/posts\/20150","targetHints":{"allow":["GET"]}}],"collection":[{"href":"https:\/\/www.fica.unsl.edu.ar\/index.php\/wp-json\/wp\/v2\/posts"}],"about":[{"href":"https:\/\/www.fica.unsl.edu.ar\/index.php\/wp-json\/wp\/v2\/types\/post"}],"author":[{"embeddable":true,"href":"https:\/\/www.fica.unsl.edu.ar\/index.php\/wp-json\/wp\/v2\/users\/9"}],"replies":[{"embeddable":true,"href":"https:\/\/www.fica.unsl.edu.ar\/index.php\/wp-json\/wp\/v2\/comments?post=20150"}],"version-history":[{"count":1,"href":"https:\/\/www.fica.unsl.edu.ar\/index.php\/wp-json\/wp\/v2\/posts\/20150\/revisions"}],"predecessor-version":[{"id":20152,"href":"https:\/\/www.fica.unsl.edu.ar\/index.php\/wp-json\/wp\/v2\/posts\/20150\/revisions\/20152"}],"wp:featuredmedia":[{"embeddable":true,"href":"https:\/\/www.fica.unsl.edu.ar\/index.php\/wp-json\/wp\/v2\/media\/20151"}],"wp:attachment":[{"href":"https:\/\/www.fica.unsl.edu.ar\/index.php\/wp-json\/wp\/v2\/media?parent=20150"}],"wp:term":[{"taxonomy":"category","embeddable":true,"href":"https:\/\/www.fica.unsl.edu.ar\/index.php\/wp-json\/wp\/v2\/categories?post=20150"},{"taxonomy":"post_tag","embeddable":true,"href":"https:\/\/www.fica.unsl.edu.ar\/index.php\/wp-json\/wp\/v2\/tags?post=20150"}],"curies":[{"name":"wp","href":"https:\/\/api.w.org\/{rel}","templated":true}]}}