{"id":20167,"date":"2025-06-05T08:26:17","date_gmt":"2025-06-05T11:26:17","guid":{"rendered":"http:\/\/10.101.10.196\/www\/?p=20167"},"modified":"2025-06-09T11:08:15","modified_gmt":"2025-06-09T14:08:15","slug":"curso-sobre-biotecnologia-de-alimentos-en-el-marco-de-la-maestria-en-ciencia-y-tecnologia-de-agroalimentos","status":"publish","type":"post","link":"https:\/\/www.fica.unsl.edu.ar\/index.php\/curso-sobre-biotecnologia-de-alimentos-en-el-marco-de-la-maestria-en-ciencia-y-tecnologia-de-agroalimentos\/","title":{"rendered":"Curso sobre Biotecnolog\u00eda de Alimentos en el marco de la Maestr\u00eda en Ciencia y Tecnolog\u00eda de Agroalimentos"},"content":{"rendered":"<p data-start=\"443\" data-end=\"708\">La Secretar\u00eda de Investigaci\u00f3n y Posgrado informa que los d\u00edas <strong data-start=\"506\" data-end=\"524\">6 y 7 de junio<\/strong>, en el <strong data-start=\"532\" data-end=\"567\">Aula 3 del Campus Universitario<\/strong>, se dictar\u00e1 el curso <strong data-start=\"589\" data-end=\"621\">\u201cBiotecnolog\u00eda de Alimentos\u201d<\/strong>, desarrollado en el marco de la <strong data-start=\"654\" data-end=\"707\">Maestr\u00eda en Ciencia y Tecnolog\u00eda de Agroalimentos<\/strong>.<\/p>\n<p data-start=\"710\" data-end=\"1115\">Con una duraci\u00f3n 20 hs, esta capacitaci\u00f3n estar\u00e1 a cargo de la <strong data-start=\"747\" data-end=\"779\">Dra. Mar\u00eda del Carmen Molina<\/strong>, doctora en Ciencias Biol\u00f3gicas por la <strong data-start=\"819\" data-end=\"858\">Universidad Polit\u00e9cnica de Valencia<\/strong> y <strong data-start=\"861\" data-end=\"911\">especialista internacional en Biolog\u00eda Vegetal<\/strong> por la misma instituci\u00f3n. Contar\u00e1 con la colaboraci\u00f3n de las especialistas <strong data-start=\"987\" data-end=\"1006\">Patricia Verdes<\/strong> y <strong data-start=\"1009\" data-end=\"1033\">Vanina Paola Morales<\/strong>, y la coordinaci\u00f3n de las mag\u00edsteres <strong data-start=\"1071\" data-end=\"1095\">Margarita Montenegro<\/strong> y <strong data-start=\"1098\" data-end=\"1114\">Nora Andrada<\/strong>.<\/p>\n<p data-start=\"1117\" data-end=\"1556\">En los \u00faltimos cincuenta a\u00f1os, los avances tecnol\u00f3gicos han posibilitado descubrimientos cient\u00edficos de alto impacto en \u00e1reas aplicadas del sector agroalimentario, industrial, medicinal y ambiental. En particular, se destaca el rol de la <strong data-start=\"1355\" data-end=\"1372\">Biotecnolog\u00eda<\/strong>, como disciplina cient\u00edfico-tecnol\u00f3gica, en la nutrici\u00f3n humana, los procesos y la producci\u00f3n de alimentos, as\u00ed como en recientes desarrollos industriales e innovaciones tecnol\u00f3gicas.<\/p>\n<p data-start=\"1558\" data-end=\"1875\">Esta disciplina ha contribuido a mejorar la calidad de las materias primas de origen vegetal y animal, a la detecci\u00f3n de agentes nocivos, al control de la seguridad alimentaria y al desarrollo de factor\u00edas celulares para la producci\u00f3n de enzimas, aditivos, cultivos probi\u00f3ticos y bioconservantes, entre otros avances.<\/p>\n<p data-start=\"1877\" data-end=\"2200\">Sin embargo, persisten reticencias en algunos sectores sociales respecto de la aplicaci\u00f3n de herramientas y procesos biotecnol\u00f3gicos en la obtenci\u00f3n de alimentos. Los profesionales vinculados a los procesos tecnol\u00f3gicos en las distintas etapas de la producci\u00f3n de agroalimentos no deben permanecer ajenos a estos progresos.<\/p>\n<p data-start=\"2202\" data-end=\"2456\">En este contexto, el curso propone <strong data-start=\"2237\" data-end=\"2347\">analizar los distintos procesos biotecnol\u00f3gicos utilizados en el mejoramiento y procesamiento de alimentos<\/strong>, generando adem\u00e1s un espacio de reflexi\u00f3n sobre sus <strong data-start=\"2400\" data-end=\"2442\">alcances y los cuestionamientos \u00e9ticos<\/strong> que suscitan.<\/p>\n<p data-start=\"2458\" data-end=\"2600\">Quienes deseen obtener m\u00e1s informaci\u00f3n o inscribirse, pueden comunicarse al correo de la maestr\u00eda:<br data-start=\"2556\" data-end=\"2559\" \/>\ud83d\udce7 <strong data-start=\"2562\" data-end=\"2600\"><a class=\"cursor-pointer\" rel=\"noopener\" data-start=\"2564\" data-end=\"2598\">maestriacytagroalimentos@gmail.com<\/a><\/strong><\/p>\n","protected":false},"excerpt":{"rendered":"<p>La Secretar\u00eda de Investigaci\u00f3n y Posgrado informa que los d\u00edas 6 y 7 de junio, en el Aula 3 del Campus Universitario, se dictar\u00e1 el&hellip;<\/p>\n","protected":false},"author":9,"featured_media":20168,"comment_status":"closed","ping_status":"closed","sticky":false,"template":"","format":"standard","meta":{"_monsterinsights_skip_tracking":false,"_monsterinsights_sitenote_active":false,"_monsterinsights_sitenote_note":"","_monsterinsights_sitenote_category":0,"_joinchat":[],"footnotes":""},"categories":[19],"tags":[],"class_list":["post-20167","post","type-post","status-publish","format-standard","has-post-thumbnail","hentry","category-noticias"],"yoast_head":"<!-- This site is optimized with the Yoast SEO plugin v27.4 - https:\/\/yoast.com\/product\/yoast-seo-wordpress\/ -->\n<title>Curso sobre Biotecnolog\u00eda de Alimentos en el marco de la Maestr\u00eda en Ciencia y Tecnolog\u00eda de Agroalimentos - Facultad de Ingenier\u00eda y Ciencias Agropecuarias<\/title>\n<meta name=\"robots\" content=\"index, follow, max-snippet:-1, max-image-preview:large, max-video-preview:-1\" \/>\n<link rel=\"canonical\" href=\"https:\/\/www.fica.unsl.edu.ar\/index.php\/curso-sobre-biotecnologia-de-alimentos-en-el-marco-de-la-maestria-en-ciencia-y-tecnologia-de-agroalimentos\/\" \/>\n<meta property=\"og:locale\" content=\"es_ES\" \/>\n<meta property=\"og:type\" content=\"article\" \/>\n<meta property=\"og:title\" content=\"Curso sobre Biotecnolog\u00eda de Alimentos en el marco de la Maestr\u00eda en Ciencia y Tecnolog\u00eda de Agroalimentos - Facultad de Ingenier\u00eda y Ciencias Agropecuarias\" \/>\n<meta property=\"og:description\" content=\"La Secretar\u00eda de Investigaci\u00f3n y Posgrado informa que los d\u00edas 6 y 7 de junio, en el Aula 3 del Campus Universitario, se dictar\u00e1 el&hellip;\" \/>\n<meta property=\"og:url\" content=\"https:\/\/www.fica.unsl.edu.ar\/index.php\/curso-sobre-biotecnologia-de-alimentos-en-el-marco-de-la-maestria-en-ciencia-y-tecnologia-de-agroalimentos\/\" \/>\n<meta property=\"og:site_name\" content=\"Facultad de Ingenier\u00eda y Ciencias Agropecuarias\" \/>\n<meta property=\"article:publisher\" content=\"https:\/\/www.facebook.com\/FICA.UNSL\/\" \/>\n<meta property=\"article:published_time\" content=\"2025-06-05T11:26:17+00:00\" \/>\n<meta property=\"article:modified_time\" content=\"2025-06-09T14:08:15+00:00\" \/>\n<meta property=\"og:image\" content=\"https:\/\/www.fica.unsl.edu.ar\/wp-content\/uploads\/2025\/06\/Biotecnologia-de-Alimentos-front.jpg\" \/>\n\t<meta property=\"og:image:width\" content=\"1061\" \/>\n\t<meta property=\"og:image:height\" content=\"585\" \/>\n\t<meta property=\"og:image:type\" content=\"image\/jpeg\" \/>\n<meta name=\"author\" content=\"DATI\" \/>\n<meta name=\"twitter:card\" content=\"summary_large_image\" \/>\n<meta name=\"twitter:creator\" content=\"@FICAUNSL\" \/>\n<meta name=\"twitter:site\" content=\"@FICAUNSL\" \/>\n<meta name=\"twitter:label1\" content=\"Escrito por\" \/>\n\t<meta name=\"twitter:data1\" content=\"DATI\" \/>\n\t<meta name=\"twitter:label2\" content=\"Tiempo de lectura\" \/>\n\t<meta name=\"twitter:data2\" content=\"2 minutos\" \/>\n<script type=\"application\/ld+json\" class=\"yoast-schema-graph\">{\"@context\":\"https:\\\/\\\/schema.org\",\"@graph\":[{\"@type\":\"Article\",\"@id\":\"https:\\\/\\\/www.fica.unsl.edu.ar\\\/index.php\\\/curso-sobre-biotecnologia-de-alimentos-en-el-marco-de-la-maestria-en-ciencia-y-tecnologia-de-agroalimentos\\\/#article\",\"isPartOf\":{\"@id\":\"https:\\\/\\\/www.fica.unsl.edu.ar\\\/index.php\\\/curso-sobre-biotecnologia-de-alimentos-en-el-marco-de-la-maestria-en-ciencia-y-tecnologia-de-agroalimentos\\\/\"},\"author\":{\"name\":\"DATI\",\"@id\":\"https:\\\/\\\/www.fica.unsl.edu.ar\\\/#\\\/schema\\\/person\\\/6058f9c66301868d3a691b1f5d6c3544\"},\"headline\":\"Curso sobre Biotecnolog\u00eda de Alimentos en el marco de la Maestr\u00eda en Ciencia y Tecnolog\u00eda de Agroalimentos\",\"datePublished\":\"2025-06-05T11:26:17+00:00\",\"dateModified\":\"2025-06-09T14:08:15+00:00\",\"mainEntityOfPage\":{\"@id\":\"https:\\\/\\\/www.fica.unsl.edu.ar\\\/index.php\\\/curso-sobre-biotecnologia-de-alimentos-en-el-marco-de-la-maestria-en-ciencia-y-tecnologia-de-agroalimentos\\\/\"},\"wordCount\":360,\"publisher\":{\"@id\":\"https:\\\/\\\/www.fica.unsl.edu.ar\\\/#organization\"},\"image\":{\"@id\":\"https:\\\/\\\/www.fica.unsl.edu.ar\\\/index.php\\\/curso-sobre-biotecnologia-de-alimentos-en-el-marco-de-la-maestria-en-ciencia-y-tecnologia-de-agroalimentos\\\/#primaryimage\"},\"thumbnailUrl\":\"https:\\\/\\\/www.fica.unsl.edu.ar\\\/wp-content\\\/uploads\\\/2025\\\/06\\\/Biotecnologia-de-Alimentos-front.jpg\",\"articleSection\":[\"Noticias\"],\"inLanguage\":\"es-AR\"},{\"@type\":\"WebPage\",\"@id\":\"https:\\\/\\\/www.fica.unsl.edu.ar\\\/index.php\\\/curso-sobre-biotecnologia-de-alimentos-en-el-marco-de-la-maestria-en-ciencia-y-tecnologia-de-agroalimentos\\\/\",\"url\":\"https:\\\/\\\/www.fica.unsl.edu.ar\\\/index.php\\\/curso-sobre-biotecnologia-de-alimentos-en-el-marco-de-la-maestria-en-ciencia-y-tecnologia-de-agroalimentos\\\/\",\"name\":\"Curso sobre Biotecnolog\u00eda de Alimentos en el marco de la Maestr\u00eda en Ciencia y Tecnolog\u00eda de Agroalimentos - Facultad de Ingenier\u00eda y Ciencias Agropecuarias\",\"isPartOf\":{\"@id\":\"https:\\\/\\\/www.fica.unsl.edu.ar\\\/#website\"},\"primaryImageOfPage\":{\"@id\":\"https:\\\/\\\/www.fica.unsl.edu.ar\\\/index.php\\\/curso-sobre-biotecnologia-de-alimentos-en-el-marco-de-la-maestria-en-ciencia-y-tecnologia-de-agroalimentos\\\/#primaryimage\"},\"image\":{\"@id\":\"https:\\\/\\\/www.fica.unsl.edu.ar\\\/index.php\\\/curso-sobre-biotecnologia-de-alimentos-en-el-marco-de-la-maestria-en-ciencia-y-tecnologia-de-agroalimentos\\\/#primaryimage\"},\"thumbnailUrl\":\"https:\\\/\\\/www.fica.unsl.edu.ar\\\/wp-content\\\/uploads\\\/2025\\\/06\\\/Biotecnologia-de-Alimentos-front.jpg\",\"datePublished\":\"2025-06-05T11:26:17+00:00\",\"dateModified\":\"2025-06-09T14:08:15+00:00\",\"inLanguage\":\"es-AR\",\"potentialAction\":[{\"@type\":\"ReadAction\",\"target\":[\"https:\\\/\\\/www.fica.unsl.edu.ar\\\/index.php\\\/curso-sobre-biotecnologia-de-alimentos-en-el-marco-de-la-maestria-en-ciencia-y-tecnologia-de-agroalimentos\\\/\"]}]},{\"@type\":\"ImageObject\",\"inLanguage\":\"es-AR\",\"@id\":\"https:\\\/\\\/www.fica.unsl.edu.ar\\\/index.php\\\/curso-sobre-biotecnologia-de-alimentos-en-el-marco-de-la-maestria-en-ciencia-y-tecnologia-de-agroalimentos\\\/#primaryimage\",\"url\":\"https:\\\/\\\/www.fica.unsl.edu.ar\\\/wp-content\\\/uploads\\\/2025\\\/06\\\/Biotecnologia-de-Alimentos-front.jpg\",\"contentUrl\":\"https:\\\/\\\/www.fica.unsl.edu.ar\\\/wp-content\\\/uploads\\\/2025\\\/06\\\/Biotecnologia-de-Alimentos-front.jpg\",\"width\":1061,\"height\":585},{\"@type\":\"WebSite\",\"@id\":\"https:\\\/\\\/www.fica.unsl.edu.ar\\\/#website\",\"url\":\"https:\\\/\\\/www.fica.unsl.edu.ar\\\/\",\"name\":\"Facultad de Ingenier\u00eda y Ciencias Agropecuarias\",\"description\":\"\",\"publisher\":{\"@id\":\"https:\\\/\\\/www.fica.unsl.edu.ar\\\/#organization\"},\"potentialAction\":[{\"@type\":\"SearchAction\",\"target\":{\"@type\":\"EntryPoint\",\"urlTemplate\":\"https:\\\/\\\/www.fica.unsl.edu.ar\\\/?s={search_term_string}\"},\"query-input\":{\"@type\":\"PropertyValueSpecification\",\"valueRequired\":true,\"valueName\":\"search_term_string\"}}],\"inLanguage\":\"es-AR\"},{\"@type\":\"Organization\",\"@id\":\"https:\\\/\\\/www.fica.unsl.edu.ar\\\/#organization\",\"name\":\"Facultad de Ingenier\u00eda y Ciencias Agropecuarias\",\"url\":\"https:\\\/\\\/www.fica.unsl.edu.ar\\\/\",\"logo\":{\"@type\":\"ImageObject\",\"inLanguage\":\"es-AR\",\"@id\":\"https:\\\/\\\/www.fica.unsl.edu.ar\\\/#\\\/schema\\\/logo\\\/image\\\/\",\"url\":\"https:\\\/\\\/www.fica.unsl.edu.ar\\\/wp-content\\\/uploads\\\/2021\\\/03\\\/LOGO-1.jpg\",\"contentUrl\":\"https:\\\/\\\/www.fica.unsl.edu.ar\\\/wp-content\\\/uploads\\\/2021\\\/03\\\/LOGO-1.jpg\",\"width\":463,\"height\":145,\"caption\":\"Facultad de Ingenier\u00eda y Ciencias Agropecuarias\"},\"image\":{\"@id\":\"https:\\\/\\\/www.fica.unsl.edu.ar\\\/#\\\/schema\\\/logo\\\/image\\\/\"},\"sameAs\":[\"https:\\\/\\\/www.facebook.com\\\/FICA.UNSL\\\/\",\"https:\\\/\\\/x.com\\\/FICAUNSL\",\"https:\\\/\\\/www.instagram.com\\\/fica.unsl\\\/\",\"https:\\\/\\\/www.youtube.com\\\/channel\\\/UCs2MM53gb2PyBrMySdtWZDQ\"]},{\"@type\":\"Person\",\"@id\":\"https:\\\/\\\/www.fica.unsl.edu.ar\\\/#\\\/schema\\\/person\\\/6058f9c66301868d3a691b1f5d6c3544\",\"name\":\"DATI\"}]}<\/script>\n<!-- \/ Yoast SEO plugin. -->","yoast_head_json":{"title":"Curso sobre Biotecnolog\u00eda de Alimentos en el marco de la Maestr\u00eda en Ciencia y Tecnolog\u00eda de Agroalimentos - Facultad de Ingenier\u00eda y Ciencias Agropecuarias","robots":{"index":"index","follow":"follow","max-snippet":"max-snippet:-1","max-image-preview":"max-image-preview:large","max-video-preview":"max-video-preview:-1"},"canonical":"https:\/\/www.fica.unsl.edu.ar\/index.php\/curso-sobre-biotecnologia-de-alimentos-en-el-marco-de-la-maestria-en-ciencia-y-tecnologia-de-agroalimentos\/","og_locale":"es_ES","og_type":"article","og_title":"Curso sobre Biotecnolog\u00eda de Alimentos en el marco de la Maestr\u00eda en Ciencia y Tecnolog\u00eda de Agroalimentos - Facultad de Ingenier\u00eda y Ciencias Agropecuarias","og_description":"La Secretar\u00eda de Investigaci\u00f3n y Posgrado informa que los d\u00edas 6 y 7 de junio, en el Aula 3 del Campus Universitario, se dictar\u00e1 el&hellip;","og_url":"https:\/\/www.fica.unsl.edu.ar\/index.php\/curso-sobre-biotecnologia-de-alimentos-en-el-marco-de-la-maestria-en-ciencia-y-tecnologia-de-agroalimentos\/","og_site_name":"Facultad de Ingenier\u00eda y Ciencias Agropecuarias","article_publisher":"https:\/\/www.facebook.com\/FICA.UNSL\/","article_published_time":"2025-06-05T11:26:17+00:00","article_modified_time":"2025-06-09T14:08:15+00:00","og_image":[{"width":1061,"height":585,"url":"https:\/\/www.fica.unsl.edu.ar\/wp-content\/uploads\/2025\/06\/Biotecnologia-de-Alimentos-front.jpg","type":"image\/jpeg"}],"author":"DATI","twitter_card":"summary_large_image","twitter_creator":"@FICAUNSL","twitter_site":"@FICAUNSL","twitter_misc":{"Escrito por":"DATI","Tiempo de lectura":"2 minutos"},"schema":{"@context":"https:\/\/schema.org","@graph":[{"@type":"Article","@id":"https:\/\/www.fica.unsl.edu.ar\/index.php\/curso-sobre-biotecnologia-de-alimentos-en-el-marco-de-la-maestria-en-ciencia-y-tecnologia-de-agroalimentos\/#article","isPartOf":{"@id":"https:\/\/www.fica.unsl.edu.ar\/index.php\/curso-sobre-biotecnologia-de-alimentos-en-el-marco-de-la-maestria-en-ciencia-y-tecnologia-de-agroalimentos\/"},"author":{"name":"DATI","@id":"https:\/\/www.fica.unsl.edu.ar\/#\/schema\/person\/6058f9c66301868d3a691b1f5d6c3544"},"headline":"Curso sobre Biotecnolog\u00eda de Alimentos en el marco de la Maestr\u00eda en Ciencia y Tecnolog\u00eda de Agroalimentos","datePublished":"2025-06-05T11:26:17+00:00","dateModified":"2025-06-09T14:08:15+00:00","mainEntityOfPage":{"@id":"https:\/\/www.fica.unsl.edu.ar\/index.php\/curso-sobre-biotecnologia-de-alimentos-en-el-marco-de-la-maestria-en-ciencia-y-tecnologia-de-agroalimentos\/"},"wordCount":360,"publisher":{"@id":"https:\/\/www.fica.unsl.edu.ar\/#organization"},"image":{"@id":"https:\/\/www.fica.unsl.edu.ar\/index.php\/curso-sobre-biotecnologia-de-alimentos-en-el-marco-de-la-maestria-en-ciencia-y-tecnologia-de-agroalimentos\/#primaryimage"},"thumbnailUrl":"https:\/\/www.fica.unsl.edu.ar\/wp-content\/uploads\/2025\/06\/Biotecnologia-de-Alimentos-front.jpg","articleSection":["Noticias"],"inLanguage":"es-AR"},{"@type":"WebPage","@id":"https:\/\/www.fica.unsl.edu.ar\/index.php\/curso-sobre-biotecnologia-de-alimentos-en-el-marco-de-la-maestria-en-ciencia-y-tecnologia-de-agroalimentos\/","url":"https:\/\/www.fica.unsl.edu.ar\/index.php\/curso-sobre-biotecnologia-de-alimentos-en-el-marco-de-la-maestria-en-ciencia-y-tecnologia-de-agroalimentos\/","name":"Curso sobre Biotecnolog\u00eda de Alimentos en el marco de la Maestr\u00eda en Ciencia y Tecnolog\u00eda de Agroalimentos - Facultad de Ingenier\u00eda y Ciencias Agropecuarias","isPartOf":{"@id":"https:\/\/www.fica.unsl.edu.ar\/#website"},"primaryImageOfPage":{"@id":"https:\/\/www.fica.unsl.edu.ar\/index.php\/curso-sobre-biotecnologia-de-alimentos-en-el-marco-de-la-maestria-en-ciencia-y-tecnologia-de-agroalimentos\/#primaryimage"},"image":{"@id":"https:\/\/www.fica.unsl.edu.ar\/index.php\/curso-sobre-biotecnologia-de-alimentos-en-el-marco-de-la-maestria-en-ciencia-y-tecnologia-de-agroalimentos\/#primaryimage"},"thumbnailUrl":"https:\/\/www.fica.unsl.edu.ar\/wp-content\/uploads\/2025\/06\/Biotecnologia-de-Alimentos-front.jpg","datePublished":"2025-06-05T11:26:17+00:00","dateModified":"2025-06-09T14:08:15+00:00","inLanguage":"es-AR","potentialAction":[{"@type":"ReadAction","target":["https:\/\/www.fica.unsl.edu.ar\/index.php\/curso-sobre-biotecnologia-de-alimentos-en-el-marco-de-la-maestria-en-ciencia-y-tecnologia-de-agroalimentos\/"]}]},{"@type":"ImageObject","inLanguage":"es-AR","@id":"https:\/\/www.fica.unsl.edu.ar\/index.php\/curso-sobre-biotecnologia-de-alimentos-en-el-marco-de-la-maestria-en-ciencia-y-tecnologia-de-agroalimentos\/#primaryimage","url":"https:\/\/www.fica.unsl.edu.ar\/wp-content\/uploads\/2025\/06\/Biotecnologia-de-Alimentos-front.jpg","contentUrl":"https:\/\/www.fica.unsl.edu.ar\/wp-content\/uploads\/2025\/06\/Biotecnologia-de-Alimentos-front.jpg","width":1061,"height":585},{"@type":"WebSite","@id":"https:\/\/www.fica.unsl.edu.ar\/#website","url":"https:\/\/www.fica.unsl.edu.ar\/","name":"Facultad de Ingenier\u00eda y Ciencias Agropecuarias","description":"","publisher":{"@id":"https:\/\/www.fica.unsl.edu.ar\/#organization"},"potentialAction":[{"@type":"SearchAction","target":{"@type":"EntryPoint","urlTemplate":"https:\/\/www.fica.unsl.edu.ar\/?s={search_term_string}"},"query-input":{"@type":"PropertyValueSpecification","valueRequired":true,"valueName":"search_term_string"}}],"inLanguage":"es-AR"},{"@type":"Organization","@id":"https:\/\/www.fica.unsl.edu.ar\/#organization","name":"Facultad de Ingenier\u00eda y Ciencias Agropecuarias","url":"https:\/\/www.fica.unsl.edu.ar\/","logo":{"@type":"ImageObject","inLanguage":"es-AR","@id":"https:\/\/www.fica.unsl.edu.ar\/#\/schema\/logo\/image\/","url":"https:\/\/www.fica.unsl.edu.ar\/wp-content\/uploads\/2021\/03\/LOGO-1.jpg","contentUrl":"https:\/\/www.fica.unsl.edu.ar\/wp-content\/uploads\/2021\/03\/LOGO-1.jpg","width":463,"height":145,"caption":"Facultad de Ingenier\u00eda y Ciencias Agropecuarias"},"image":{"@id":"https:\/\/www.fica.unsl.edu.ar\/#\/schema\/logo\/image\/"},"sameAs":["https:\/\/www.facebook.com\/FICA.UNSL\/","https:\/\/x.com\/FICAUNSL","https:\/\/www.instagram.com\/fica.unsl\/","https:\/\/www.youtube.com\/channel\/UCs2MM53gb2PyBrMySdtWZDQ"]},{"@type":"Person","@id":"https:\/\/www.fica.unsl.edu.ar\/#\/schema\/person\/6058f9c66301868d3a691b1f5d6c3544","name":"DATI"}]}},"_links":{"self":[{"href":"https:\/\/www.fica.unsl.edu.ar\/index.php\/wp-json\/wp\/v2\/posts\/20167","targetHints":{"allow":["GET"]}}],"collection":[{"href":"https:\/\/www.fica.unsl.edu.ar\/index.php\/wp-json\/wp\/v2\/posts"}],"about":[{"href":"https:\/\/www.fica.unsl.edu.ar\/index.php\/wp-json\/wp\/v2\/types\/post"}],"author":[{"embeddable":true,"href":"https:\/\/www.fica.unsl.edu.ar\/index.php\/wp-json\/wp\/v2\/users\/9"}],"replies":[{"embeddable":true,"href":"https:\/\/www.fica.unsl.edu.ar\/index.php\/wp-json\/wp\/v2\/comments?post=20167"}],"version-history":[{"count":2,"href":"https:\/\/www.fica.unsl.edu.ar\/index.php\/wp-json\/wp\/v2\/posts\/20167\/revisions"}],"predecessor-version":[{"id":20176,"href":"https:\/\/www.fica.unsl.edu.ar\/index.php\/wp-json\/wp\/v2\/posts\/20167\/revisions\/20176"}],"wp:featuredmedia":[{"embeddable":true,"href":"https:\/\/www.fica.unsl.edu.ar\/index.php\/wp-json\/wp\/v2\/media\/20168"}],"wp:attachment":[{"href":"https:\/\/www.fica.unsl.edu.ar\/index.php\/wp-json\/wp\/v2\/media?parent=20167"}],"wp:term":[{"taxonomy":"category","embeddable":true,"href":"https:\/\/www.fica.unsl.edu.ar\/index.php\/wp-json\/wp\/v2\/categories?post=20167"},{"taxonomy":"post_tag","embeddable":true,"href":"https:\/\/www.fica.unsl.edu.ar\/index.php\/wp-json\/wp\/v2\/tags?post=20167"}],"curies":[{"name":"wp","href":"https:\/\/api.w.org\/{rel}","templated":true}]}}