{"id":20197,"date":"2025-06-15T00:05:00","date_gmt":"2025-06-15T03:05:00","guid":{"rendered":"http:\/\/10.101.10.196\/www\/?p=20197"},"modified":"2025-06-19T11:25:23","modified_gmt":"2025-06-19T14:25:23","slug":"15-de-junio-dia-de-la-reforma-universitaria-2","status":"publish","type":"post","link":"https:\/\/www.fica.unsl.edu.ar\/index.php\/15-de-junio-dia-de-la-reforma-universitaria-2\/","title":{"rendered":"15 de junio: D\u00eda de la Reforma Universitaria"},"content":{"rendered":"<p>En 1918, los estudiantes de la Universidad Nacional de C\u00f3rdoba iniciaron una protesta en busca de profundos cambios en la instituci\u00f3n. Este movimiento se extendi\u00f3 por todo el pa\u00eds, convirti\u00e9ndose en un amplio movimiento que alcanz\u00f3 a toda Am\u00e9rica Latina y m\u00e1s all\u00e1 tambi\u00e9n.<\/p>\n<p>Para dimensionar la situaci\u00f3n de esos momentos, en C\u00f3rdoba hab\u00eda 1.500 estudiantes universitarios, todos varones y ninguna mujer; docentes arraigados en sus asignaturas, muchas de las cuales hab\u00edan sido heredadas; falta de representaci\u00f3n docente en el gobierno universitario; requisito para los egresados de jurar sobre los Santos Evangelios; escasez o ausencia de material acad\u00e9mico que cuestionara las bases religiosas.<\/p>\n<p>Despu\u00e9s de varias huelgas, el presidente Hip\u00f3lito Yrigoyen decidi\u00f3 intervenir y convoc\u00f3 a la elecci\u00f3n de un nuevo rector para el <strong>15 de junio de 1915<\/strong>. Seis d\u00edas despu\u00e9s del inicio de la protesta, el <strong>21 de junio<\/strong>, la Federaci\u00f3n Universitaria de C\u00f3rdoba, surgida del movimiento Pro Reforma, public\u00f3 el <strong>&#8220;Manifiesto Liminar&#8221;<\/strong>, un documento que establec\u00eda los principios y el horizonte que persegu\u00eda esa juventud so\u00f1adora bajo el t\u00edtulo &#8220;La juventud argentina de C\u00f3rdoba a los hombres libres de Sudam\u00e9rica&#8221;. Este manifiesto tambi\u00e9n expresaba una cr\u00edtica profunda a una universidad conservadora y a un r\u00e9gimen que, seg\u00fan sus palabras, hab\u00eda &#8220;mediocratizado la ense\u00f1anza&#8221; y reprimido el avance de la ciencia.<\/p>\n<p>La libertad de c\u00e1tedra, los concursos para profesores, el cogobierno entre docentes, graduados y estudiantes, y la gratuidad universitaria (que se lograr\u00e1 en 1949) fueron algunos de los principios y valores planteados por los j\u00f3venes l\u00edderes de la Reforma.<\/p>\n<p>Una parte esencial del Manifiesto Liminar que destacamos hoy es: &#8220;<em>Desde hoy, el pa\u00eds cuenta con una verg\u00fcenza menos y una libertad m\u00e1s. Los dolores que nos quedan son las libertades que nos faltan. Creemos no estar equivocados, los latidos de nuestros corazones nos lo advierten: <strong>estamos inmersos en una revoluci\u00f3n, estamos viviendo una hora americana<\/strong><\/em>&#8220;.<\/p>\n","protected":false},"excerpt":{"rendered":"<p>En 1918, los estudiantes de la Universidad Nacional de C\u00f3rdoba iniciaron una protesta en busca de profundos cambios en la instituci\u00f3n. Este movimiento se extendi\u00f3&hellip;<\/p>\n","protected":false},"author":9,"featured_media":20202,"comment_status":"closed","ping_status":"closed","sticky":false,"template":"","format":"standard","meta":{"_monsterinsights_skip_tracking":false,"_monsterinsights_sitenote_active":false,"_monsterinsights_sitenote_note":"","_monsterinsights_sitenote_category":0,"_joinchat":[],"footnotes":""},"categories":[19],"tags":[],"class_list":["post-20197","post","type-post","status-publish","format-standard","has-post-thumbnail","hentry","category-noticias"],"yoast_head":"<!-- This site is optimized with the Yoast SEO plugin v27.4 - https:\/\/yoast.com\/product\/yoast-seo-wordpress\/ -->\n<title>15 de junio: D\u00eda de la Reforma Universitaria - Facultad de Ingenier\u00eda y Ciencias Agropecuarias<\/title>\n<meta name=\"robots\" content=\"index, follow, max-snippet:-1, max-image-preview:large, max-video-preview:-1\" \/>\n<link rel=\"canonical\" href=\"https:\/\/www.fica.unsl.edu.ar\/index.php\/15-de-junio-dia-de-la-reforma-universitaria-2\/\" \/>\n<meta property=\"og:locale\" content=\"es_ES\" \/>\n<meta property=\"og:type\" content=\"article\" \/>\n<meta property=\"og:title\" content=\"15 de junio: D\u00eda de la Reforma Universitaria - Facultad de Ingenier\u00eda y Ciencias Agropecuarias\" \/>\n<meta property=\"og:description\" content=\"En 1918, los estudiantes de la Universidad Nacional de C\u00f3rdoba iniciaron una protesta en busca de profundos cambios en la instituci\u00f3n. Este movimiento se extendi\u00f3&hellip;\" \/>\n<meta property=\"og:url\" content=\"https:\/\/www.fica.unsl.edu.ar\/index.php\/15-de-junio-dia-de-la-reforma-universitaria-2\/\" \/>\n<meta property=\"og:site_name\" content=\"Facultad de Ingenier\u00eda y Ciencias Agropecuarias\" \/>\n<meta property=\"article:publisher\" content=\"https:\/\/www.facebook.com\/FICA.UNSL\/\" \/>\n<meta property=\"article:published_time\" content=\"2025-06-15T03:05:00+00:00\" \/>\n<meta property=\"article:modified_time\" content=\"2025-06-19T14:25:23+00:00\" \/>\n<meta property=\"og:image\" content=\"https:\/\/www.fica.unsl.edu.ar\/wp-content\/uploads\/2025\/06\/PLACA-WEB-FICA15-DE-JUNIO.jpg\" \/>\n\t<meta property=\"og:image:width\" content=\"1153\" \/>\n\t<meta property=\"og:image:height\" content=\"648\" \/>\n\t<meta property=\"og:image:type\" content=\"image\/jpeg\" \/>\n<meta name=\"author\" content=\"DATI\" \/>\n<meta name=\"twitter:card\" content=\"summary_large_image\" \/>\n<meta name=\"twitter:creator\" content=\"@FICAUNSL\" \/>\n<meta name=\"twitter:site\" content=\"@FICAUNSL\" \/>\n<meta name=\"twitter:label1\" content=\"Escrito por\" \/>\n\t<meta name=\"twitter:data1\" content=\"DATI\" \/>\n\t<meta name=\"twitter:label2\" content=\"Tiempo de lectura\" \/>\n\t<meta name=\"twitter:data2\" content=\"2 minutos\" \/>\n<script type=\"application\/ld+json\" class=\"yoast-schema-graph\">{\"@context\":\"https:\\\/\\\/schema.org\",\"@graph\":[{\"@type\":\"Article\",\"@id\":\"https:\\\/\\\/www.fica.unsl.edu.ar\\\/index.php\\\/15-de-junio-dia-de-la-reforma-universitaria-2\\\/#article\",\"isPartOf\":{\"@id\":\"https:\\\/\\\/www.fica.unsl.edu.ar\\\/index.php\\\/15-de-junio-dia-de-la-reforma-universitaria-2\\\/\"},\"author\":{\"name\":\"DATI\",\"@id\":\"https:\\\/\\\/www.fica.unsl.edu.ar\\\/#\\\/schema\\\/person\\\/6058f9c66301868d3a691b1f5d6c3544\"},\"headline\":\"15 de junio: D\u00eda de la Reforma Universitaria\",\"datePublished\":\"2025-06-15T03:05:00+00:00\",\"dateModified\":\"2025-06-19T14:25:23+00:00\",\"mainEntityOfPage\":{\"@id\":\"https:\\\/\\\/www.fica.unsl.edu.ar\\\/index.php\\\/15-de-junio-dia-de-la-reforma-universitaria-2\\\/\"},\"wordCount\":349,\"publisher\":{\"@id\":\"https:\\\/\\\/www.fica.unsl.edu.ar\\\/#organization\"},\"image\":{\"@id\":\"https:\\\/\\\/www.fica.unsl.edu.ar\\\/index.php\\\/15-de-junio-dia-de-la-reforma-universitaria-2\\\/#primaryimage\"},\"thumbnailUrl\":\"https:\\\/\\\/www.fica.unsl.edu.ar\\\/wp-content\\\/uploads\\\/2025\\\/06\\\/PLACA-WEB-FICA15-DE-JUNIO.jpg\",\"articleSection\":[\"Noticias\"],\"inLanguage\":\"es-AR\"},{\"@type\":\"WebPage\",\"@id\":\"https:\\\/\\\/www.fica.unsl.edu.ar\\\/index.php\\\/15-de-junio-dia-de-la-reforma-universitaria-2\\\/\",\"url\":\"https:\\\/\\\/www.fica.unsl.edu.ar\\\/index.php\\\/15-de-junio-dia-de-la-reforma-universitaria-2\\\/\",\"name\":\"15 de junio: D\u00eda de la Reforma Universitaria - Facultad de Ingenier\u00eda y Ciencias Agropecuarias\",\"isPartOf\":{\"@id\":\"https:\\\/\\\/www.fica.unsl.edu.ar\\\/#website\"},\"primaryImageOfPage\":{\"@id\":\"https:\\\/\\\/www.fica.unsl.edu.ar\\\/index.php\\\/15-de-junio-dia-de-la-reforma-universitaria-2\\\/#primaryimage\"},\"image\":{\"@id\":\"https:\\\/\\\/www.fica.unsl.edu.ar\\\/index.php\\\/15-de-junio-dia-de-la-reforma-universitaria-2\\\/#primaryimage\"},\"thumbnailUrl\":\"https:\\\/\\\/www.fica.unsl.edu.ar\\\/wp-content\\\/uploads\\\/2025\\\/06\\\/PLACA-WEB-FICA15-DE-JUNIO.jpg\",\"datePublished\":\"2025-06-15T03:05:00+00:00\",\"dateModified\":\"2025-06-19T14:25:23+00:00\",\"inLanguage\":\"es-AR\",\"potentialAction\":[{\"@type\":\"ReadAction\",\"target\":[\"https:\\\/\\\/www.fica.unsl.edu.ar\\\/index.php\\\/15-de-junio-dia-de-la-reforma-universitaria-2\\\/\"]}]},{\"@type\":\"ImageObject\",\"inLanguage\":\"es-AR\",\"@id\":\"https:\\\/\\\/www.fica.unsl.edu.ar\\\/index.php\\\/15-de-junio-dia-de-la-reforma-universitaria-2\\\/#primaryimage\",\"url\":\"https:\\\/\\\/www.fica.unsl.edu.ar\\\/wp-content\\\/uploads\\\/2025\\\/06\\\/PLACA-WEB-FICA15-DE-JUNIO.jpg\",\"contentUrl\":\"https:\\\/\\\/www.fica.unsl.edu.ar\\\/wp-content\\\/uploads\\\/2025\\\/06\\\/PLACA-WEB-FICA15-DE-JUNIO.jpg\",\"width\":1153,\"height\":648},{\"@type\":\"WebSite\",\"@id\":\"https:\\\/\\\/www.fica.unsl.edu.ar\\\/#website\",\"url\":\"https:\\\/\\\/www.fica.unsl.edu.ar\\\/\",\"name\":\"Facultad de Ingenier\u00eda y Ciencias Agropecuarias\",\"description\":\"\",\"publisher\":{\"@id\":\"https:\\\/\\\/www.fica.unsl.edu.ar\\\/#organization\"},\"potentialAction\":[{\"@type\":\"SearchAction\",\"target\":{\"@type\":\"EntryPoint\",\"urlTemplate\":\"https:\\\/\\\/www.fica.unsl.edu.ar\\\/?s={search_term_string}\"},\"query-input\":{\"@type\":\"PropertyValueSpecification\",\"valueRequired\":true,\"valueName\":\"search_term_string\"}}],\"inLanguage\":\"es-AR\"},{\"@type\":\"Organization\",\"@id\":\"https:\\\/\\\/www.fica.unsl.edu.ar\\\/#organization\",\"name\":\"Facultad de Ingenier\u00eda y Ciencias Agropecuarias\",\"url\":\"https:\\\/\\\/www.fica.unsl.edu.ar\\\/\",\"logo\":{\"@type\":\"ImageObject\",\"inLanguage\":\"es-AR\",\"@id\":\"https:\\\/\\\/www.fica.unsl.edu.ar\\\/#\\\/schema\\\/logo\\\/image\\\/\",\"url\":\"https:\\\/\\\/www.fica.unsl.edu.ar\\\/wp-content\\\/uploads\\\/2021\\\/03\\\/LOGO-1.jpg\",\"contentUrl\":\"https:\\\/\\\/www.fica.unsl.edu.ar\\\/wp-content\\\/uploads\\\/2021\\\/03\\\/LOGO-1.jpg\",\"width\":463,\"height\":145,\"caption\":\"Facultad de Ingenier\u00eda y Ciencias Agropecuarias\"},\"image\":{\"@id\":\"https:\\\/\\\/www.fica.unsl.edu.ar\\\/#\\\/schema\\\/logo\\\/image\\\/\"},\"sameAs\":[\"https:\\\/\\\/www.facebook.com\\\/FICA.UNSL\\\/\",\"https:\\\/\\\/x.com\\\/FICAUNSL\",\"https:\\\/\\\/www.instagram.com\\\/fica.unsl\\\/\",\"https:\\\/\\\/www.youtube.com\\\/channel\\\/UCs2MM53gb2PyBrMySdtWZDQ\"]},{\"@type\":\"Person\",\"@id\":\"https:\\\/\\\/www.fica.unsl.edu.ar\\\/#\\\/schema\\\/person\\\/6058f9c66301868d3a691b1f5d6c3544\",\"name\":\"DATI\"}]}<\/script>\n<!-- \/ Yoast SEO plugin. -->","yoast_head_json":{"title":"15 de junio: D\u00eda de la Reforma Universitaria - Facultad de Ingenier\u00eda y Ciencias Agropecuarias","robots":{"index":"index","follow":"follow","max-snippet":"max-snippet:-1","max-image-preview":"max-image-preview:large","max-video-preview":"max-video-preview:-1"},"canonical":"https:\/\/www.fica.unsl.edu.ar\/index.php\/15-de-junio-dia-de-la-reforma-universitaria-2\/","og_locale":"es_ES","og_type":"article","og_title":"15 de junio: D\u00eda de la Reforma Universitaria - Facultad de Ingenier\u00eda y Ciencias Agropecuarias","og_description":"En 1918, los estudiantes de la Universidad Nacional de C\u00f3rdoba iniciaron una protesta en busca de profundos cambios en la instituci\u00f3n. Este movimiento se extendi\u00f3&hellip;","og_url":"https:\/\/www.fica.unsl.edu.ar\/index.php\/15-de-junio-dia-de-la-reforma-universitaria-2\/","og_site_name":"Facultad de Ingenier\u00eda y Ciencias Agropecuarias","article_publisher":"https:\/\/www.facebook.com\/FICA.UNSL\/","article_published_time":"2025-06-15T03:05:00+00:00","article_modified_time":"2025-06-19T14:25:23+00:00","og_image":[{"width":1153,"height":648,"url":"https:\/\/www.fica.unsl.edu.ar\/wp-content\/uploads\/2025\/06\/PLACA-WEB-FICA15-DE-JUNIO.jpg","type":"image\/jpeg"}],"author":"DATI","twitter_card":"summary_large_image","twitter_creator":"@FICAUNSL","twitter_site":"@FICAUNSL","twitter_misc":{"Escrito por":"DATI","Tiempo de lectura":"2 minutos"},"schema":{"@context":"https:\/\/schema.org","@graph":[{"@type":"Article","@id":"https:\/\/www.fica.unsl.edu.ar\/index.php\/15-de-junio-dia-de-la-reforma-universitaria-2\/#article","isPartOf":{"@id":"https:\/\/www.fica.unsl.edu.ar\/index.php\/15-de-junio-dia-de-la-reforma-universitaria-2\/"},"author":{"name":"DATI","@id":"https:\/\/www.fica.unsl.edu.ar\/#\/schema\/person\/6058f9c66301868d3a691b1f5d6c3544"},"headline":"15 de junio: D\u00eda de la Reforma Universitaria","datePublished":"2025-06-15T03:05:00+00:00","dateModified":"2025-06-19T14:25:23+00:00","mainEntityOfPage":{"@id":"https:\/\/www.fica.unsl.edu.ar\/index.php\/15-de-junio-dia-de-la-reforma-universitaria-2\/"},"wordCount":349,"publisher":{"@id":"https:\/\/www.fica.unsl.edu.ar\/#organization"},"image":{"@id":"https:\/\/www.fica.unsl.edu.ar\/index.php\/15-de-junio-dia-de-la-reforma-universitaria-2\/#primaryimage"},"thumbnailUrl":"https:\/\/www.fica.unsl.edu.ar\/wp-content\/uploads\/2025\/06\/PLACA-WEB-FICA15-DE-JUNIO.jpg","articleSection":["Noticias"],"inLanguage":"es-AR"},{"@type":"WebPage","@id":"https:\/\/www.fica.unsl.edu.ar\/index.php\/15-de-junio-dia-de-la-reforma-universitaria-2\/","url":"https:\/\/www.fica.unsl.edu.ar\/index.php\/15-de-junio-dia-de-la-reforma-universitaria-2\/","name":"15 de junio: D\u00eda de la Reforma Universitaria - Facultad de Ingenier\u00eda y Ciencias Agropecuarias","isPartOf":{"@id":"https:\/\/www.fica.unsl.edu.ar\/#website"},"primaryImageOfPage":{"@id":"https:\/\/www.fica.unsl.edu.ar\/index.php\/15-de-junio-dia-de-la-reforma-universitaria-2\/#primaryimage"},"image":{"@id":"https:\/\/www.fica.unsl.edu.ar\/index.php\/15-de-junio-dia-de-la-reforma-universitaria-2\/#primaryimage"},"thumbnailUrl":"https:\/\/www.fica.unsl.edu.ar\/wp-content\/uploads\/2025\/06\/PLACA-WEB-FICA15-DE-JUNIO.jpg","datePublished":"2025-06-15T03:05:00+00:00","dateModified":"2025-06-19T14:25:23+00:00","inLanguage":"es-AR","potentialAction":[{"@type":"ReadAction","target":["https:\/\/www.fica.unsl.edu.ar\/index.php\/15-de-junio-dia-de-la-reforma-universitaria-2\/"]}]},{"@type":"ImageObject","inLanguage":"es-AR","@id":"https:\/\/www.fica.unsl.edu.ar\/index.php\/15-de-junio-dia-de-la-reforma-universitaria-2\/#primaryimage","url":"https:\/\/www.fica.unsl.edu.ar\/wp-content\/uploads\/2025\/06\/PLACA-WEB-FICA15-DE-JUNIO.jpg","contentUrl":"https:\/\/www.fica.unsl.edu.ar\/wp-content\/uploads\/2025\/06\/PLACA-WEB-FICA15-DE-JUNIO.jpg","width":1153,"height":648},{"@type":"WebSite","@id":"https:\/\/www.fica.unsl.edu.ar\/#website","url":"https:\/\/www.fica.unsl.edu.ar\/","name":"Facultad de Ingenier\u00eda y Ciencias Agropecuarias","description":"","publisher":{"@id":"https:\/\/www.fica.unsl.edu.ar\/#organization"},"potentialAction":[{"@type":"SearchAction","target":{"@type":"EntryPoint","urlTemplate":"https:\/\/www.fica.unsl.edu.ar\/?s={search_term_string}"},"query-input":{"@type":"PropertyValueSpecification","valueRequired":true,"valueName":"search_term_string"}}],"inLanguage":"es-AR"},{"@type":"Organization","@id":"https:\/\/www.fica.unsl.edu.ar\/#organization","name":"Facultad de Ingenier\u00eda y Ciencias Agropecuarias","url":"https:\/\/www.fica.unsl.edu.ar\/","logo":{"@type":"ImageObject","inLanguage":"es-AR","@id":"https:\/\/www.fica.unsl.edu.ar\/#\/schema\/logo\/image\/","url":"https:\/\/www.fica.unsl.edu.ar\/wp-content\/uploads\/2021\/03\/LOGO-1.jpg","contentUrl":"https:\/\/www.fica.unsl.edu.ar\/wp-content\/uploads\/2021\/03\/LOGO-1.jpg","width":463,"height":145,"caption":"Facultad de Ingenier\u00eda y Ciencias Agropecuarias"},"image":{"@id":"https:\/\/www.fica.unsl.edu.ar\/#\/schema\/logo\/image\/"},"sameAs":["https:\/\/www.facebook.com\/FICA.UNSL\/","https:\/\/x.com\/FICAUNSL","https:\/\/www.instagram.com\/fica.unsl\/","https:\/\/www.youtube.com\/channel\/UCs2MM53gb2PyBrMySdtWZDQ"]},{"@type":"Person","@id":"https:\/\/www.fica.unsl.edu.ar\/#\/schema\/person\/6058f9c66301868d3a691b1f5d6c3544","name":"DATI"}]}},"_links":{"self":[{"href":"https:\/\/www.fica.unsl.edu.ar\/index.php\/wp-json\/wp\/v2\/posts\/20197","targetHints":{"allow":["GET"]}}],"collection":[{"href":"https:\/\/www.fica.unsl.edu.ar\/index.php\/wp-json\/wp\/v2\/posts"}],"about":[{"href":"https:\/\/www.fica.unsl.edu.ar\/index.php\/wp-json\/wp\/v2\/types\/post"}],"author":[{"embeddable":true,"href":"https:\/\/www.fica.unsl.edu.ar\/index.php\/wp-json\/wp\/v2\/users\/9"}],"replies":[{"embeddable":true,"href":"https:\/\/www.fica.unsl.edu.ar\/index.php\/wp-json\/wp\/v2\/comments?post=20197"}],"version-history":[{"count":2,"href":"https:\/\/www.fica.unsl.edu.ar\/index.php\/wp-json\/wp\/v2\/posts\/20197\/revisions"}],"predecessor-version":[{"id":20251,"href":"https:\/\/www.fica.unsl.edu.ar\/index.php\/wp-json\/wp\/v2\/posts\/20197\/revisions\/20251"}],"wp:featuredmedia":[{"embeddable":true,"href":"https:\/\/www.fica.unsl.edu.ar\/index.php\/wp-json\/wp\/v2\/media\/20202"}],"wp:attachment":[{"href":"https:\/\/www.fica.unsl.edu.ar\/index.php\/wp-json\/wp\/v2\/media?parent=20197"}],"wp:term":[{"taxonomy":"category","embeddable":true,"href":"https:\/\/www.fica.unsl.edu.ar\/index.php\/wp-json\/wp\/v2\/categories?post=20197"},{"taxonomy":"post_tag","embeddable":true,"href":"https:\/\/www.fica.unsl.edu.ar\/index.php\/wp-json\/wp\/v2\/tags?post=20197"}],"curies":[{"name":"wp","href":"https:\/\/api.w.org\/{rel}","templated":true}]}}