{"id":20203,"date":"2025-06-24T00:21:24","date_gmt":"2025-06-24T03:21:24","guid":{"rendered":"http:\/\/10.101.10.196\/www\/?p=20203"},"modified":"2025-06-30T10:50:28","modified_gmt":"2025-06-30T13:50:28","slug":"primera-colacion-de-grados-2025-en-la-fica","status":"publish","type":"post","link":"https:\/\/www.fica.unsl.edu.ar\/index.php\/primera-colacion-de-grados-2025-en-la-fica\/","title":{"rendered":"Primera Colaci\u00f3n de Grados 2025 en la FICA"},"content":{"rendered":"<p data-start=\"167\" data-end=\"455\">La Subsecretar\u00eda de Comunicaci\u00f3n, Ceremonial y Protocolo informa que el <strong>viernes 27 de junio<\/strong> se llevar\u00e1 a cabo el acto acad\u00e9mico de la <strong data-start=\"301\" data-end=\"336\">Primera Colaci\u00f3n de Grados 2025<\/strong> de la <strong>Facultad de Ingenier\u00eda y Ciencias Agropecuarias<\/strong>.<\/p>\n<p data-start=\"462\" data-end=\"602\">La ceremonia se realizar\u00e1 a las<strong> 17:00 horas en el Teatro Molino F\u00e9nix<\/strong>, ubicado en <strong>Comandante Videla, entre las calles Belgrano y Pueyrred\u00f3n<\/strong>.<\/p>\n<h3><strong>Bromatolog\u00eda<\/strong><\/h3>\n<ul>\n<li>BONILLA, Mar\u00eda Antonela<\/li>\n<li>LAGOS, Ingrid Carolina<\/li>\n<li>GATICA SALICH, Mar\u00eda Leila<\/li>\n<li>DOMINGUEZ, Ar\u00f3n Josu\u00e9<\/li>\n<\/ul>\n<h3><strong>Ingenier\u00eda Agron\u00f3mica<\/strong><\/h3>\n<ul>\n<li>SUAREZ, Alberto Rodrigo<\/li>\n<li>CROZIO, Evelyn<\/li>\n<li>LOPEZ, Rocio Anabela<\/li>\n<li>TELLO, Iliana Magali<\/li>\n<li>RISATTI POZO, Eugenio Dario<\/li>\n<li>DUB\u00c9, Gerardo Mariano<\/li>\n<li>LOPEZ, Fabricio Martin<\/li>\n<li>RODRIGUEZ, Matias Jose<\/li>\n<li>STURBA, Leandro Sebastian<\/li>\n<li>ZAMORA, Oscar Leandro<\/li>\n<li>ABRATE MOYANO, Ian Franco Augusto<\/li>\n<li>DI SANTO, Mariano<\/li>\n<li>LUJAN, Federico Alejandro<\/li>\n<li>PERTUSATI, Lucia<\/li>\n<li>VARELA PERNAS, Lorenzo<\/li>\n<li>ZILL, Ricardo Federico<\/li>\n<\/ul>\n<h3><strong>Ingenier\u00eda Industrial<\/strong><\/h3>\n<ul>\n<li>COSTANZO, Mar\u00eda Clara<\/li>\n<li>BLANCO CAMPOS, Enzo Fernando<\/li>\n<li>ZANON, Juan Agustin<\/li>\n<li>CHIAVASSA CHAVES, Federico Miguel<\/li>\n<li>FERNANDEZ VIDELA, Alexis Nicolas<\/li>\n<li>ROBLE, Federico Nicolas<\/li>\n<\/ul>\n<h3><strong>Ingenier\u00eda Qu\u00edmica<\/strong><\/h3>\n<ul>\n<li>GIL, Dayana Micaela<\/li>\n<\/ul>\n<h3><strong>Ingenier\u00eda Electr\u00f3nica<\/strong><\/h3>\n<ul>\n<li>BIANCHOTTI, Tom\u00e1s<\/li>\n<\/ul>\n<h3><strong>Ingenier\u00eda Electromec\u00e1nica<\/strong><\/h3>\n<ul>\n<li>BENITEZ, Jorge Walter<\/li>\n<li>GELATTI, Lucas Daniel<\/li>\n<li>PAZ SAAVEDRA, Esteban Gabriel<\/li>\n<li>RODRIGO, Mar\u00eda Macarena<\/li>\n<li>SUAREZ, Silvio Ra\u00fal<\/li>\n<\/ul>\n<h3><strong>Ingenier\u00eda Mecatr\u00f3nica<\/strong><\/h3>\n<ul>\n<li>ESCUDERO, Stefano Leonel<\/li>\n<li>ZANON, Jorge Nicolas<\/li>\n<li>PALACIO, Mariano Ezequiel<\/li>\n<\/ul>\n<h3><strong>T\u00e9cnico Universitario en Automatizaci\u00f3n Industrial Orientaci\u00f3n Inform\u00e1tica<\/strong><\/h3>\n<ul>\n<li>CACHAMBE, Eduardo Jos\u00e9<\/li>\n<li>LEHOCZKY, Pablo Martin<\/li>\n<li>OGA, Mar\u00eda de los Milagros<\/li>\n<li>RODRIGUEZ PALACIO, Humberto Ezequiel<\/li>\n<\/ul>\n<h3><strong>T\u00e9cnico Universitario en Mantenimiento Industrial<\/strong><\/h3>\n<ul>\n<li>MEDAGLIA, Juan Manuel<\/li>\n<li>TORRES, Denis Maximiliano<\/li>\n<li>GIGENA, Eleno Ezequiel<\/li>\n<li>PATRICELLI, Mat\u00edas<\/li>\n<\/ul>\n<h3><strong>Especialista en Calidad de Procesos Industriales<\/strong><\/h3>\n<ul>\n<li>ASTUDILLO, Fabio<\/li>\n<li>FLORES, Joaqu\u00edn<\/li>\n<li>RODRIGO, Lucas<\/li>\n<\/ul>\n<h3><strong>Mag\u00edster en Ciencia y Tecnolog\u00eda de Agroalimentos<\/strong><\/h3>\n<ul>\n<li>NIEVAS, Marisol<\/li>\n<li>PANZA, Alberto Alfredo<\/li>\n<li>RAMIREZ, Marina Mercedes<\/li>\n<li>RODRIGUEZ RIVERA, Martin Federico<\/li>\n<\/ul>\n<p>&nbsp;<\/p>\n<p>&nbsp;<\/p>\n","protected":false},"excerpt":{"rendered":"<p>La Subsecretar\u00eda de Comunicaci\u00f3n, Ceremonial y Protocolo informa que el viernes 27 de junio se llevar\u00e1 a cabo el acto acad\u00e9mico de la Primera Colaci\u00f3n&hellip;<\/p>\n","protected":false},"author":9,"featured_media":20204,"comment_status":"closed","ping_status":"closed","sticky":false,"template":"","format":"standard","meta":{"_monsterinsights_skip_tracking":false,"_monsterinsights_sitenote_active":false,"_monsterinsights_sitenote_note":"","_monsterinsights_sitenote_category":0,"_joinchat":[],"footnotes":""},"categories":[19],"tags":[],"class_list":["post-20203","post","type-post","status-publish","format-standard","has-post-thumbnail","hentry","category-noticias"],"yoast_head":"<!-- This site is optimized with the Yoast SEO plugin v27.4 - https:\/\/yoast.com\/product\/yoast-seo-wordpress\/ -->\n<title>Primera Colaci\u00f3n de Grados 2025 en la FICA - Facultad de Ingenier\u00eda y Ciencias Agropecuarias<\/title>\n<meta name=\"robots\" content=\"index, follow, max-snippet:-1, max-image-preview:large, max-video-preview:-1\" \/>\n<link rel=\"canonical\" href=\"https:\/\/www.fica.unsl.edu.ar\/index.php\/primera-colacion-de-grados-2025-en-la-fica\/\" \/>\n<meta property=\"og:locale\" content=\"es_ES\" \/>\n<meta property=\"og:type\" content=\"article\" \/>\n<meta property=\"og:title\" content=\"Primera Colaci\u00f3n de Grados 2025 en la FICA - Facultad de Ingenier\u00eda y Ciencias Agropecuarias\" \/>\n<meta property=\"og:description\" content=\"La Subsecretar\u00eda de Comunicaci\u00f3n, Ceremonial y Protocolo informa que el viernes 27 de junio se llevar\u00e1 a cabo el acto acad\u00e9mico de la Primera Colaci\u00f3n&hellip;\" \/>\n<meta property=\"og:url\" content=\"https:\/\/www.fica.unsl.edu.ar\/index.php\/primera-colacion-de-grados-2025-en-la-fica\/\" \/>\n<meta property=\"og:site_name\" content=\"Facultad de Ingenier\u00eda y Ciencias Agropecuarias\" \/>\n<meta property=\"article:publisher\" content=\"https:\/\/www.facebook.com\/FICA.UNSL\/\" \/>\n<meta property=\"article:published_time\" content=\"2025-06-24T03:21:24+00:00\" \/>\n<meta property=\"article:modified_time\" content=\"2025-06-30T13:50:28+00:00\" \/>\n<meta property=\"og:image\" content=\"https:\/\/www.fica.unsl.edu.ar\/wp-content\/uploads\/2025\/06\/flyer-ficaprimera-colacion-de-grados-front.jpg\" \/>\n\t<meta property=\"og:image:width\" content=\"1153\" \/>\n\t<meta property=\"og:image:height\" content=\"648\" \/>\n\t<meta property=\"og:image:type\" content=\"image\/jpeg\" \/>\n<meta name=\"author\" content=\"DATI\" \/>\n<meta name=\"twitter:card\" content=\"summary_large_image\" \/>\n<meta name=\"twitter:creator\" content=\"@FICAUNSL\" \/>\n<meta name=\"twitter:site\" content=\"@FICAUNSL\" \/>\n<meta name=\"twitter:label1\" content=\"Escrito por\" \/>\n\t<meta name=\"twitter:data1\" content=\"DATI\" \/>\n\t<meta name=\"twitter:label2\" content=\"Tiempo de lectura\" \/>\n\t<meta name=\"twitter:data2\" content=\"2 minutos\" \/>\n<script type=\"application\/ld+json\" class=\"yoast-schema-graph\">{\"@context\":\"https:\\\/\\\/schema.org\",\"@graph\":[{\"@type\":\"Article\",\"@id\":\"https:\\\/\\\/www.fica.unsl.edu.ar\\\/index.php\\\/primera-colacion-de-grados-2025-en-la-fica\\\/#article\",\"isPartOf\":{\"@id\":\"https:\\\/\\\/www.fica.unsl.edu.ar\\\/index.php\\\/primera-colacion-de-grados-2025-en-la-fica\\\/\"},\"author\":{\"name\":\"DATI\",\"@id\":\"https:\\\/\\\/www.fica.unsl.edu.ar\\\/#\\\/schema\\\/person\\\/6058f9c66301868d3a691b1f5d6c3544\"},\"headline\":\"Primera Colaci\u00f3n de Grados 2025 en la FICA\",\"datePublished\":\"2025-06-24T03:21:24+00:00\",\"dateModified\":\"2025-06-30T13:50:28+00:00\",\"mainEntityOfPage\":{\"@id\":\"https:\\\/\\\/www.fica.unsl.edu.ar\\\/index.php\\\/primera-colacion-de-grados-2025-en-la-fica\\\/\"},\"wordCount\":297,\"publisher\":{\"@id\":\"https:\\\/\\\/www.fica.unsl.edu.ar\\\/#organization\"},\"image\":{\"@id\":\"https:\\\/\\\/www.fica.unsl.edu.ar\\\/index.php\\\/primera-colacion-de-grados-2025-en-la-fica\\\/#primaryimage\"},\"thumbnailUrl\":\"https:\\\/\\\/www.fica.unsl.edu.ar\\\/wp-content\\\/uploads\\\/2025\\\/06\\\/flyer-ficaprimera-colacion-de-grados-front.jpg\",\"articleSection\":[\"Noticias\"],\"inLanguage\":\"es-AR\"},{\"@type\":\"WebPage\",\"@id\":\"https:\\\/\\\/www.fica.unsl.edu.ar\\\/index.php\\\/primera-colacion-de-grados-2025-en-la-fica\\\/\",\"url\":\"https:\\\/\\\/www.fica.unsl.edu.ar\\\/index.php\\\/primera-colacion-de-grados-2025-en-la-fica\\\/\",\"name\":\"Primera Colaci\u00f3n de Grados 2025 en la FICA - Facultad de Ingenier\u00eda y Ciencias Agropecuarias\",\"isPartOf\":{\"@id\":\"https:\\\/\\\/www.fica.unsl.edu.ar\\\/#website\"},\"primaryImageOfPage\":{\"@id\":\"https:\\\/\\\/www.fica.unsl.edu.ar\\\/index.php\\\/primera-colacion-de-grados-2025-en-la-fica\\\/#primaryimage\"},\"image\":{\"@id\":\"https:\\\/\\\/www.fica.unsl.edu.ar\\\/index.php\\\/primera-colacion-de-grados-2025-en-la-fica\\\/#primaryimage\"},\"thumbnailUrl\":\"https:\\\/\\\/www.fica.unsl.edu.ar\\\/wp-content\\\/uploads\\\/2025\\\/06\\\/flyer-ficaprimera-colacion-de-grados-front.jpg\",\"datePublished\":\"2025-06-24T03:21:24+00:00\",\"dateModified\":\"2025-06-30T13:50:28+00:00\",\"inLanguage\":\"es-AR\",\"potentialAction\":[{\"@type\":\"ReadAction\",\"target\":[\"https:\\\/\\\/www.fica.unsl.edu.ar\\\/index.php\\\/primera-colacion-de-grados-2025-en-la-fica\\\/\"]}]},{\"@type\":\"ImageObject\",\"inLanguage\":\"es-AR\",\"@id\":\"https:\\\/\\\/www.fica.unsl.edu.ar\\\/index.php\\\/primera-colacion-de-grados-2025-en-la-fica\\\/#primaryimage\",\"url\":\"https:\\\/\\\/www.fica.unsl.edu.ar\\\/wp-content\\\/uploads\\\/2025\\\/06\\\/flyer-ficaprimera-colacion-de-grados-front.jpg\",\"contentUrl\":\"https:\\\/\\\/www.fica.unsl.edu.ar\\\/wp-content\\\/uploads\\\/2025\\\/06\\\/flyer-ficaprimera-colacion-de-grados-front.jpg\",\"width\":1153,\"height\":648},{\"@type\":\"WebSite\",\"@id\":\"https:\\\/\\\/www.fica.unsl.edu.ar\\\/#website\",\"url\":\"https:\\\/\\\/www.fica.unsl.edu.ar\\\/\",\"name\":\"Facultad de Ingenier\u00eda y Ciencias Agropecuarias\",\"description\":\"\",\"publisher\":{\"@id\":\"https:\\\/\\\/www.fica.unsl.edu.ar\\\/#organization\"},\"potentialAction\":[{\"@type\":\"SearchAction\",\"target\":{\"@type\":\"EntryPoint\",\"urlTemplate\":\"https:\\\/\\\/www.fica.unsl.edu.ar\\\/?s={search_term_string}\"},\"query-input\":{\"@type\":\"PropertyValueSpecification\",\"valueRequired\":true,\"valueName\":\"search_term_string\"}}],\"inLanguage\":\"es-AR\"},{\"@type\":\"Organization\",\"@id\":\"https:\\\/\\\/www.fica.unsl.edu.ar\\\/#organization\",\"name\":\"Facultad de Ingenier\u00eda y Ciencias Agropecuarias\",\"url\":\"https:\\\/\\\/www.fica.unsl.edu.ar\\\/\",\"logo\":{\"@type\":\"ImageObject\",\"inLanguage\":\"es-AR\",\"@id\":\"https:\\\/\\\/www.fica.unsl.edu.ar\\\/#\\\/schema\\\/logo\\\/image\\\/\",\"url\":\"https:\\\/\\\/www.fica.unsl.edu.ar\\\/wp-content\\\/uploads\\\/2021\\\/03\\\/LOGO-1.jpg\",\"contentUrl\":\"https:\\\/\\\/www.fica.unsl.edu.ar\\\/wp-content\\\/uploads\\\/2021\\\/03\\\/LOGO-1.jpg\",\"width\":463,\"height\":145,\"caption\":\"Facultad de Ingenier\u00eda y Ciencias Agropecuarias\"},\"image\":{\"@id\":\"https:\\\/\\\/www.fica.unsl.edu.ar\\\/#\\\/schema\\\/logo\\\/image\\\/\"},\"sameAs\":[\"https:\\\/\\\/www.facebook.com\\\/FICA.UNSL\\\/\",\"https:\\\/\\\/x.com\\\/FICAUNSL\",\"https:\\\/\\\/www.instagram.com\\\/fica.unsl\\\/\",\"https:\\\/\\\/www.youtube.com\\\/channel\\\/UCs2MM53gb2PyBrMySdtWZDQ\"]},{\"@type\":\"Person\",\"@id\":\"https:\\\/\\\/www.fica.unsl.edu.ar\\\/#\\\/schema\\\/person\\\/6058f9c66301868d3a691b1f5d6c3544\",\"name\":\"DATI\"}]}<\/script>\n<!-- \/ Yoast SEO plugin. -->","yoast_head_json":{"title":"Primera Colaci\u00f3n de Grados 2025 en la FICA - Facultad de Ingenier\u00eda y Ciencias Agropecuarias","robots":{"index":"index","follow":"follow","max-snippet":"max-snippet:-1","max-image-preview":"max-image-preview:large","max-video-preview":"max-video-preview:-1"},"canonical":"https:\/\/www.fica.unsl.edu.ar\/index.php\/primera-colacion-de-grados-2025-en-la-fica\/","og_locale":"es_ES","og_type":"article","og_title":"Primera Colaci\u00f3n de Grados 2025 en la FICA - Facultad de Ingenier\u00eda y Ciencias Agropecuarias","og_description":"La Subsecretar\u00eda de Comunicaci\u00f3n, Ceremonial y Protocolo informa que el viernes 27 de junio se llevar\u00e1 a cabo el acto acad\u00e9mico de la Primera Colaci\u00f3n&hellip;","og_url":"https:\/\/www.fica.unsl.edu.ar\/index.php\/primera-colacion-de-grados-2025-en-la-fica\/","og_site_name":"Facultad de Ingenier\u00eda y Ciencias Agropecuarias","article_publisher":"https:\/\/www.facebook.com\/FICA.UNSL\/","article_published_time":"2025-06-24T03:21:24+00:00","article_modified_time":"2025-06-30T13:50:28+00:00","og_image":[{"width":1153,"height":648,"url":"https:\/\/www.fica.unsl.edu.ar\/wp-content\/uploads\/2025\/06\/flyer-ficaprimera-colacion-de-grados-front.jpg","type":"image\/jpeg"}],"author":"DATI","twitter_card":"summary_large_image","twitter_creator":"@FICAUNSL","twitter_site":"@FICAUNSL","twitter_misc":{"Escrito por":"DATI","Tiempo de lectura":"2 minutos"},"schema":{"@context":"https:\/\/schema.org","@graph":[{"@type":"Article","@id":"https:\/\/www.fica.unsl.edu.ar\/index.php\/primera-colacion-de-grados-2025-en-la-fica\/#article","isPartOf":{"@id":"https:\/\/www.fica.unsl.edu.ar\/index.php\/primera-colacion-de-grados-2025-en-la-fica\/"},"author":{"name":"DATI","@id":"https:\/\/www.fica.unsl.edu.ar\/#\/schema\/person\/6058f9c66301868d3a691b1f5d6c3544"},"headline":"Primera Colaci\u00f3n de Grados 2025 en la FICA","datePublished":"2025-06-24T03:21:24+00:00","dateModified":"2025-06-30T13:50:28+00:00","mainEntityOfPage":{"@id":"https:\/\/www.fica.unsl.edu.ar\/index.php\/primera-colacion-de-grados-2025-en-la-fica\/"},"wordCount":297,"publisher":{"@id":"https:\/\/www.fica.unsl.edu.ar\/#organization"},"image":{"@id":"https:\/\/www.fica.unsl.edu.ar\/index.php\/primera-colacion-de-grados-2025-en-la-fica\/#primaryimage"},"thumbnailUrl":"https:\/\/www.fica.unsl.edu.ar\/wp-content\/uploads\/2025\/06\/flyer-ficaprimera-colacion-de-grados-front.jpg","articleSection":["Noticias"],"inLanguage":"es-AR"},{"@type":"WebPage","@id":"https:\/\/www.fica.unsl.edu.ar\/index.php\/primera-colacion-de-grados-2025-en-la-fica\/","url":"https:\/\/www.fica.unsl.edu.ar\/index.php\/primera-colacion-de-grados-2025-en-la-fica\/","name":"Primera Colaci\u00f3n de Grados 2025 en la FICA - Facultad de Ingenier\u00eda y Ciencias Agropecuarias","isPartOf":{"@id":"https:\/\/www.fica.unsl.edu.ar\/#website"},"primaryImageOfPage":{"@id":"https:\/\/www.fica.unsl.edu.ar\/index.php\/primera-colacion-de-grados-2025-en-la-fica\/#primaryimage"},"image":{"@id":"https:\/\/www.fica.unsl.edu.ar\/index.php\/primera-colacion-de-grados-2025-en-la-fica\/#primaryimage"},"thumbnailUrl":"https:\/\/www.fica.unsl.edu.ar\/wp-content\/uploads\/2025\/06\/flyer-ficaprimera-colacion-de-grados-front.jpg","datePublished":"2025-06-24T03:21:24+00:00","dateModified":"2025-06-30T13:50:28+00:00","inLanguage":"es-AR","potentialAction":[{"@type":"ReadAction","target":["https:\/\/www.fica.unsl.edu.ar\/index.php\/primera-colacion-de-grados-2025-en-la-fica\/"]}]},{"@type":"ImageObject","inLanguage":"es-AR","@id":"https:\/\/www.fica.unsl.edu.ar\/index.php\/primera-colacion-de-grados-2025-en-la-fica\/#primaryimage","url":"https:\/\/www.fica.unsl.edu.ar\/wp-content\/uploads\/2025\/06\/flyer-ficaprimera-colacion-de-grados-front.jpg","contentUrl":"https:\/\/www.fica.unsl.edu.ar\/wp-content\/uploads\/2025\/06\/flyer-ficaprimera-colacion-de-grados-front.jpg","width":1153,"height":648},{"@type":"WebSite","@id":"https:\/\/www.fica.unsl.edu.ar\/#website","url":"https:\/\/www.fica.unsl.edu.ar\/","name":"Facultad de Ingenier\u00eda y Ciencias Agropecuarias","description":"","publisher":{"@id":"https:\/\/www.fica.unsl.edu.ar\/#organization"},"potentialAction":[{"@type":"SearchAction","target":{"@type":"EntryPoint","urlTemplate":"https:\/\/www.fica.unsl.edu.ar\/?s={search_term_string}"},"query-input":{"@type":"PropertyValueSpecification","valueRequired":true,"valueName":"search_term_string"}}],"inLanguage":"es-AR"},{"@type":"Organization","@id":"https:\/\/www.fica.unsl.edu.ar\/#organization","name":"Facultad de Ingenier\u00eda y Ciencias Agropecuarias","url":"https:\/\/www.fica.unsl.edu.ar\/","logo":{"@type":"ImageObject","inLanguage":"es-AR","@id":"https:\/\/www.fica.unsl.edu.ar\/#\/schema\/logo\/image\/","url":"https:\/\/www.fica.unsl.edu.ar\/wp-content\/uploads\/2021\/03\/LOGO-1.jpg","contentUrl":"https:\/\/www.fica.unsl.edu.ar\/wp-content\/uploads\/2021\/03\/LOGO-1.jpg","width":463,"height":145,"caption":"Facultad de Ingenier\u00eda y Ciencias Agropecuarias"},"image":{"@id":"https:\/\/www.fica.unsl.edu.ar\/#\/schema\/logo\/image\/"},"sameAs":["https:\/\/www.facebook.com\/FICA.UNSL\/","https:\/\/x.com\/FICAUNSL","https:\/\/www.instagram.com\/fica.unsl\/","https:\/\/www.youtube.com\/channel\/UCs2MM53gb2PyBrMySdtWZDQ"]},{"@type":"Person","@id":"https:\/\/www.fica.unsl.edu.ar\/#\/schema\/person\/6058f9c66301868d3a691b1f5d6c3544","name":"DATI"}]}},"_links":{"self":[{"href":"https:\/\/www.fica.unsl.edu.ar\/index.php\/wp-json\/wp\/v2\/posts\/20203","targetHints":{"allow":["GET"]}}],"collection":[{"href":"https:\/\/www.fica.unsl.edu.ar\/index.php\/wp-json\/wp\/v2\/posts"}],"about":[{"href":"https:\/\/www.fica.unsl.edu.ar\/index.php\/wp-json\/wp\/v2\/types\/post"}],"author":[{"embeddable":true,"href":"https:\/\/www.fica.unsl.edu.ar\/index.php\/wp-json\/wp\/v2\/users\/9"}],"replies":[{"embeddable":true,"href":"https:\/\/www.fica.unsl.edu.ar\/index.php\/wp-json\/wp\/v2\/comments?post=20203"}],"version-history":[{"count":4,"href":"https:\/\/www.fica.unsl.edu.ar\/index.php\/wp-json\/wp\/v2\/posts\/20203\/revisions"}],"predecessor-version":[{"id":20255,"href":"https:\/\/www.fica.unsl.edu.ar\/index.php\/wp-json\/wp\/v2\/posts\/20203\/revisions\/20255"}],"wp:featuredmedia":[{"embeddable":true,"href":"https:\/\/www.fica.unsl.edu.ar\/index.php\/wp-json\/wp\/v2\/media\/20204"}],"wp:attachment":[{"href":"https:\/\/www.fica.unsl.edu.ar\/index.php\/wp-json\/wp\/v2\/media?parent=20203"}],"wp:term":[{"taxonomy":"category","embeddable":true,"href":"https:\/\/www.fica.unsl.edu.ar\/index.php\/wp-json\/wp\/v2\/categories?post=20203"},{"taxonomy":"post_tag","embeddable":true,"href":"https:\/\/www.fica.unsl.edu.ar\/index.php\/wp-json\/wp\/v2\/tags?post=20203"}],"curies":[{"name":"wp","href":"https:\/\/api.w.org\/{rel}","templated":true}]}}