{"id":20398,"date":"2025-07-02T12:05:50","date_gmt":"2025-07-02T15:05:50","guid":{"rendered":"http:\/\/10.101.10.196\/www\/?p=20398"},"modified":"2025-08-22T09:28:32","modified_gmt":"2025-08-22T12:28:32","slug":"tres-proyectos-de-la-fica-obtienen-financiamiento-de-fundacion-acindar","status":"publish","type":"post","link":"https:\/\/www.fica.unsl.edu.ar\/index.php\/tres-proyectos-de-la-fica-obtienen-financiamiento-de-fundacion-acindar\/","title":{"rendered":"Tres proyectos de la FICA obtienen financiamiento de Fundaci\u00f3n ACINDAR"},"content":{"rendered":"<p data-start=\"323\" data-end=\"521\">Tres proyectos socioeducativos de la FICA fueron seleccionados por la Fundaci\u00f3n ACINDAR, en el marco de la Convocatoria Construir Comunidad, que brindar\u00e1 un financiamiento aproximado de $17.000.000.<\/p>\n<p data-start=\"523\" data-end=\"780\">Esta convocatoria est\u00e1 dirigida exclusivamente a iniciativas desarrolladas en Villa Mercedes (San Luis), Villa Constituci\u00f3n (Santa Fe), San Nicol\u00e1s y La Matanza (Buenos Aires), ciudades donde la empresa ArcelorMittal Acindar cuenta con plantas industriales.<\/p>\n<p data-start=\"782\" data-end=\"860\">En esta edici\u00f3n, los proyectos seleccionados de la FICA fueron los siguientes:<\/p>\n<h3 data-start=\"862\" data-end=\"995\"><strong data-start=\"862\" data-end=\"927\">EmpowerAr: Una luz para cada hogar en el interior de San Luis<\/strong><\/h3>\n<ul>\n<li data-start=\"862\" data-end=\"995\"><strong data-start=\"930\" data-end=\"953\">LaBTA | FICA \u2013 UNSL<\/strong><br data-start=\"953\" data-end=\"956\" \/><strong data-start=\"956\" data-end=\"995\">Responsable: Dr. Guillermo Catuogno<\/strong><\/li>\n<\/ul>\n<p data-start=\"997\" data-end=\"1344\">El proyecto consiste en proveer energ\u00eda el\u00e9ctrica y agua caliente a diferentes familias del interior de San Luis. Los parajes involucrados son El Duraznito, Entre R\u00edos y Puerta del Sol. Para esto, el LaBTA trabaja en conjunto con la Escuela T\u00e9cnica N\u00b0 26 El\u00edas Adre de Concar\u00e1n, y las escuelas rurales de los parajes El Duraznito y Puerta del Sol.<\/p>\n<p data-start=\"1346\" data-end=\"1710\">Los sistemas fotovoltaicos ser\u00e1n dimensionados en funci\u00f3n de las necesidades de las familias y el presupuesto disponible. Tambi\u00e9n se instalar\u00e1 un calef\u00f3n solar en una familia del paraje Entre R\u00edos. En el proceso de instalaci\u00f3n y mantenimiento de los sistemas participar\u00e1n estudiantes de ingenier\u00eda que ser\u00e1n tutores de estudiantes de escuelas t\u00e9cnicas secundarias.<\/p>\n<p data-start=\"1712\" data-end=\"1960\">Estas capacitaciones y tutor\u00edas se enmarcan en la c\u00e1tedra &#8220;Responsabilidad Social y Desarrollo Sostenible en las Ingenier\u00edas&#8221;, dictada en la Universidad Nacional de San Luis durante el segundo cuatrimestre de cuarto y quinto a\u00f1o de las ingenier\u00edas.<\/p>\n<p data-start=\"1962\" data-end=\"2350\">Las familias electrificadas se incorporar\u00e1n a la plataforma EmpowerAr (<a class=\"\" href=\"http:\/\/empowerar.org\" target=\"_new\" rel=\"noopener\" data-start=\"2033\" data-end=\"2053\">http:\/\/empowerar.org<\/a>), de c\u00f3digo abierto, dedicada a la electrificaci\u00f3n rural de comunidades vulnerables. Surge a partir de la construcci\u00f3n conjunta con familias y escuelas de modelos de sostenibilidad energ\u00e9tica a largo plazo, y permite gestionar el acompa\u00f1amiento en mantenimiento, reclamos y pagos de las familias.<\/p>\n<h3 data-start=\"2357\" data-end=\"2480\"><strong data-start=\"2357\" data-end=\"2414\">Forjando el futuro: \u201cCiencia de Materiales en Acci\u00f3n\u201d<\/strong><\/h3>\n<ul>\n<li data-start=\"2357\" data-end=\"2480\"><strong data-start=\"2417\" data-end=\"2439\">CIEM | FICA \u2013 UNSL<\/strong><br data-start=\"2439\" data-end=\"2442\" \/><strong data-start=\"2442\" data-end=\"2480\">Responsable: Ing. Johana Sanoguera<\/strong><\/li>\n<\/ul>\n<p data-start=\"2482\" data-end=\"2755\">El proyecto propone articular capacitaciones y cursos gratuitos de ensayos no destructivos, espec\u00edficamente el ensayo de dureza, que permite evaluar la resistencia de un material a la deformaci\u00f3n permanente, y as\u00ed determinar su fuerza, ductilidad y resistencia al desgaste.<\/p>\n<p data-start=\"2757\" data-end=\"2954\">Este tipo de ensayo es utilizado en diversas industrias para comparar y seleccionar materiales, controlar la calidad en los procesos de fabricaci\u00f3n y detectar defectos que podr\u00edan ocasionar fallas.<\/p>\n<p data-start=\"2956\" data-end=\"3314\">En la actividad, estudiantes de escuelas t\u00e9cnicas interactuar\u00e1n con docentes de la UNSL especializados en la tem\u00e1tica, que los recibir\u00e1n con actividades y pondr\u00e1n a disposici\u00f3n equipamiento y tecnolog\u00edas, como el dur\u00f3metro instalado en el laboratorio. El inter\u00e9s del proyecto radica en promover el inter\u00e9s por las ciencias y despertar vocaciones cient\u00edficas.<\/p>\n<p data-start=\"3316\" data-end=\"3502\">El proyecto contempla que los estudiantes recorran las instalaciones de la UNSL y establezcan un primer contacto con la universidad, como primer paso para acercarlos a la vida acad\u00e9mica.<\/p>\n<p data-start=\"3504\" data-end=\"3570\">Cuatro escuelas participar\u00e1n inicialmente de las capacitaciones:<\/p>\n<ul>\n<li data-start=\"3573\" data-end=\"3631\">Escuela T\u00e9cnica N\u00b0 17 \u201cV Brigada A\u00e9rea\u201d (Villa Mercedes)<\/li>\n<li data-start=\"3634\" data-end=\"3696\">Escuela T\u00e9cnica N\u00b0 9 \u201cDomingo Faustino Sarmiento\u201d (San Luis)<\/li>\n<li data-start=\"3699\" data-end=\"3752\">Escuela T\u00e9cnica N\u00b0 16 \u201cJes\u00fas Obrero\u201d (Justo Daract)<\/li>\n<li data-start=\"3755\" data-end=\"3807\">Colegio N\u00b0 15 \u201cIng. Agust\u00edn Mercau\u201d (Villa Mercedes)<\/li>\n<\/ul>\n<h3 data-start=\"3814\" data-end=\"3956\"><strong data-start=\"3814\" data-end=\"3871\">Ingeniosamente, jugando a ser ingenieras e ingenieros<\/strong><\/h3>\n<ul>\n<li data-start=\"3814\" data-end=\"3956\"><strong data-start=\"3874\" data-end=\"3916\">Secretar\u00eda Acad\u00e9mica de la FICA | UNSL<\/strong><br data-start=\"3916\" data-end=\"3919\" \/><strong data-start=\"3919\" data-end=\"3956\">Responsable: Ing. Patricia Gimeno<\/strong><\/li>\n<\/ul>\n<p data-start=\"3958\" data-end=\"4181\">El proyecto busca despertar vocaciones cient\u00edficas en edades tempranas, permitiendo que estudiantes de 4 a 12 a\u00f1os se acerquen a actividades de investigaci\u00f3n y desarrollo, promoviendo la ciencia y la tecnolog\u00eda en San Luis.<\/p>\n<p data-start=\"4183\" data-end=\"4460\">Se realizar\u00e1n actividades pr\u00e1cticas y din\u00e1micas, donde los ni\u00f1os puedan observar, manipular y experimentar fen\u00f3menos cient\u00edficos en un entorno accesible y seguro, reforzando la conexi\u00f3n entre la ciencia y la vida cotidiana y promoviendo el pensamiento cr\u00edtico y la creatividad.<\/p>\n<p data-start=\"4462\" data-end=\"4794\">El acceso temprano a experiencias cient\u00edficas desarrolla habilidades esenciales como observaci\u00f3n, formulaci\u00f3n de hip\u00f3tesis, experimentaci\u00f3n y trabajo en equipo. Estas competencias preparan a los ni\u00f1os para posibles trayectorias acad\u00e9micas o profesionales en ciencias, y fortalecen su capacidad de an\u00e1lisis y resoluci\u00f3n de problemas.<\/p>\n<p data-start=\"4796\" data-end=\"5155\">Adem\u00e1s, este tipo de iniciativas generan un impacto positivo en la comunidad al estimular la curiosidad y el entusiasmo por la ciencia, promoviendo una cultura de innovaci\u00f3n y desarrollo sostenible. La vinculaci\u00f3n entre universidad y comunidad educativa fortalece el lazo entre conocimiento acad\u00e9mico y sociedad, generando nuevas oportunidades de aprendizaje.<\/p>\n<p data-start=\"4796\" data-end=\"5155\">\n","protected":false},"excerpt":{"rendered":"<p>Tres proyectos socioeducativos de la FICA fueron seleccionados por la Fundaci\u00f3n ACINDAR, en el marco de la Convocatoria Construir Comunidad, que brindar\u00e1 un financiamiento aproximado&hellip;<\/p>\n","protected":false},"author":9,"featured_media":20399,"comment_status":"closed","ping_status":"closed","sticky":false,"template":"","format":"standard","meta":{"_monsterinsights_skip_tracking":false,"_monsterinsights_sitenote_active":false,"_monsterinsights_sitenote_note":"","_monsterinsights_sitenote_category":0,"_joinchat":[],"footnotes":""},"categories":[19],"tags":[],"class_list":["post-20398","post","type-post","status-publish","format-standard","has-post-thumbnail","hentry","category-noticias"],"yoast_head":"<!-- This site is optimized with the Yoast SEO plugin v27.4 - https:\/\/yoast.com\/product\/yoast-seo-wordpress\/ -->\n<title>Tres proyectos de la FICA obtienen financiamiento de Fundaci\u00f3n ACINDAR - Facultad de Ingenier\u00eda y Ciencias Agropecuarias<\/title>\n<meta name=\"robots\" content=\"index, follow, max-snippet:-1, max-image-preview:large, max-video-preview:-1\" \/>\n<link rel=\"canonical\" href=\"https:\/\/www.fica.unsl.edu.ar\/index.php\/tres-proyectos-de-la-fica-obtienen-financiamiento-de-fundacion-acindar\/\" \/>\n<meta property=\"og:locale\" content=\"es_ES\" \/>\n<meta property=\"og:type\" content=\"article\" \/>\n<meta property=\"og:title\" content=\"Tres proyectos de la FICA obtienen financiamiento de Fundaci\u00f3n ACINDAR - Facultad de Ingenier\u00eda y Ciencias Agropecuarias\" \/>\n<meta property=\"og:description\" content=\"Tres proyectos socioeducativos de la FICA fueron seleccionados por la Fundaci\u00f3n ACINDAR, en el marco de la Convocatoria Construir Comunidad, que brindar\u00e1 un financiamiento aproximado&hellip;\" \/>\n<meta property=\"og:url\" content=\"https:\/\/www.fica.unsl.edu.ar\/index.php\/tres-proyectos-de-la-fica-obtienen-financiamiento-de-fundacion-acindar\/\" \/>\n<meta property=\"og:site_name\" content=\"Facultad de Ingenier\u00eda y Ciencias Agropecuarias\" \/>\n<meta property=\"article:publisher\" content=\"https:\/\/www.facebook.com\/FICA.UNSL\/\" \/>\n<meta property=\"article:published_time\" content=\"2025-07-02T15:05:50+00:00\" \/>\n<meta property=\"article:modified_time\" content=\"2025-08-22T12:28:32+00:00\" \/>\n<meta property=\"og:image\" content=\"https:\/\/www.fica.unsl.edu.ar\/wp-content\/uploads\/2025\/07\/acindar-front.jpg\" \/>\n\t<meta property=\"og:image:width\" content=\"1061\" \/>\n\t<meta property=\"og:image:height\" content=\"585\" \/>\n\t<meta property=\"og:image:type\" content=\"image\/jpeg\" \/>\n<meta name=\"author\" content=\"DATI\" \/>\n<meta name=\"twitter:card\" content=\"summary_large_image\" \/>\n<meta name=\"twitter:creator\" content=\"@FICAUNSL\" \/>\n<meta name=\"twitter:site\" content=\"@FICAUNSL\" \/>\n<meta name=\"twitter:label1\" content=\"Escrito por\" \/>\n\t<meta name=\"twitter:data1\" content=\"DATI\" \/>\n\t<meta name=\"twitter:label2\" content=\"Tiempo de lectura\" \/>\n\t<meta name=\"twitter:data2\" content=\"4 minutos\" \/>\n<script type=\"application\/ld+json\" class=\"yoast-schema-graph\">{\"@context\":\"https:\\\/\\\/schema.org\",\"@graph\":[{\"@type\":\"Article\",\"@id\":\"https:\\\/\\\/www.fica.unsl.edu.ar\\\/index.php\\\/tres-proyectos-de-la-fica-obtienen-financiamiento-de-fundacion-acindar\\\/#article\",\"isPartOf\":{\"@id\":\"https:\\\/\\\/www.fica.unsl.edu.ar\\\/index.php\\\/tres-proyectos-de-la-fica-obtienen-financiamiento-de-fundacion-acindar\\\/\"},\"author\":{\"name\":\"DATI\",\"@id\":\"https:\\\/\\\/www.fica.unsl.edu.ar\\\/#\\\/schema\\\/person\\\/6058f9c66301868d3a691b1f5d6c3544\"},\"headline\":\"Tres proyectos de la FICA obtienen financiamiento de Fundaci\u00f3n ACINDAR\",\"datePublished\":\"2025-07-02T15:05:50+00:00\",\"dateModified\":\"2025-08-22T12:28:32+00:00\",\"mainEntityOfPage\":{\"@id\":\"https:\\\/\\\/www.fica.unsl.edu.ar\\\/index.php\\\/tres-proyectos-de-la-fica-obtienen-financiamiento-de-fundacion-acindar\\\/\"},\"wordCount\":771,\"publisher\":{\"@id\":\"https:\\\/\\\/www.fica.unsl.edu.ar\\\/#organization\"},\"image\":{\"@id\":\"https:\\\/\\\/www.fica.unsl.edu.ar\\\/index.php\\\/tres-proyectos-de-la-fica-obtienen-financiamiento-de-fundacion-acindar\\\/#primaryimage\"},\"thumbnailUrl\":\"https:\\\/\\\/www.fica.unsl.edu.ar\\\/wp-content\\\/uploads\\\/2025\\\/07\\\/acindar-front.jpg\",\"articleSection\":[\"Noticias\"],\"inLanguage\":\"es-AR\"},{\"@type\":\"WebPage\",\"@id\":\"https:\\\/\\\/www.fica.unsl.edu.ar\\\/index.php\\\/tres-proyectos-de-la-fica-obtienen-financiamiento-de-fundacion-acindar\\\/\",\"url\":\"https:\\\/\\\/www.fica.unsl.edu.ar\\\/index.php\\\/tres-proyectos-de-la-fica-obtienen-financiamiento-de-fundacion-acindar\\\/\",\"name\":\"Tres proyectos de la FICA obtienen financiamiento de Fundaci\u00f3n ACINDAR - Facultad de Ingenier\u00eda y Ciencias Agropecuarias\",\"isPartOf\":{\"@id\":\"https:\\\/\\\/www.fica.unsl.edu.ar\\\/#website\"},\"primaryImageOfPage\":{\"@id\":\"https:\\\/\\\/www.fica.unsl.edu.ar\\\/index.php\\\/tres-proyectos-de-la-fica-obtienen-financiamiento-de-fundacion-acindar\\\/#primaryimage\"},\"image\":{\"@id\":\"https:\\\/\\\/www.fica.unsl.edu.ar\\\/index.php\\\/tres-proyectos-de-la-fica-obtienen-financiamiento-de-fundacion-acindar\\\/#primaryimage\"},\"thumbnailUrl\":\"https:\\\/\\\/www.fica.unsl.edu.ar\\\/wp-content\\\/uploads\\\/2025\\\/07\\\/acindar-front.jpg\",\"datePublished\":\"2025-07-02T15:05:50+00:00\",\"dateModified\":\"2025-08-22T12:28:32+00:00\",\"inLanguage\":\"es-AR\",\"potentialAction\":[{\"@type\":\"ReadAction\",\"target\":[\"https:\\\/\\\/www.fica.unsl.edu.ar\\\/index.php\\\/tres-proyectos-de-la-fica-obtienen-financiamiento-de-fundacion-acindar\\\/\"]}]},{\"@type\":\"ImageObject\",\"inLanguage\":\"es-AR\",\"@id\":\"https:\\\/\\\/www.fica.unsl.edu.ar\\\/index.php\\\/tres-proyectos-de-la-fica-obtienen-financiamiento-de-fundacion-acindar\\\/#primaryimage\",\"url\":\"https:\\\/\\\/www.fica.unsl.edu.ar\\\/wp-content\\\/uploads\\\/2025\\\/07\\\/acindar-front.jpg\",\"contentUrl\":\"https:\\\/\\\/www.fica.unsl.edu.ar\\\/wp-content\\\/uploads\\\/2025\\\/07\\\/acindar-front.jpg\",\"width\":1061,\"height\":585},{\"@type\":\"WebSite\",\"@id\":\"https:\\\/\\\/www.fica.unsl.edu.ar\\\/#website\",\"url\":\"https:\\\/\\\/www.fica.unsl.edu.ar\\\/\",\"name\":\"Facultad de Ingenier\u00eda y Ciencias Agropecuarias\",\"description\":\"\",\"publisher\":{\"@id\":\"https:\\\/\\\/www.fica.unsl.edu.ar\\\/#organization\"},\"potentialAction\":[{\"@type\":\"SearchAction\",\"target\":{\"@type\":\"EntryPoint\",\"urlTemplate\":\"https:\\\/\\\/www.fica.unsl.edu.ar\\\/?s={search_term_string}\"},\"query-input\":{\"@type\":\"PropertyValueSpecification\",\"valueRequired\":true,\"valueName\":\"search_term_string\"}}],\"inLanguage\":\"es-AR\"},{\"@type\":\"Organization\",\"@id\":\"https:\\\/\\\/www.fica.unsl.edu.ar\\\/#organization\",\"name\":\"Facultad de Ingenier\u00eda y Ciencias Agropecuarias\",\"url\":\"https:\\\/\\\/www.fica.unsl.edu.ar\\\/\",\"logo\":{\"@type\":\"ImageObject\",\"inLanguage\":\"es-AR\",\"@id\":\"https:\\\/\\\/www.fica.unsl.edu.ar\\\/#\\\/schema\\\/logo\\\/image\\\/\",\"url\":\"https:\\\/\\\/www.fica.unsl.edu.ar\\\/wp-content\\\/uploads\\\/2021\\\/03\\\/LOGO-1.jpg\",\"contentUrl\":\"https:\\\/\\\/www.fica.unsl.edu.ar\\\/wp-content\\\/uploads\\\/2021\\\/03\\\/LOGO-1.jpg\",\"width\":463,\"height\":145,\"caption\":\"Facultad de Ingenier\u00eda y Ciencias Agropecuarias\"},\"image\":{\"@id\":\"https:\\\/\\\/www.fica.unsl.edu.ar\\\/#\\\/schema\\\/logo\\\/image\\\/\"},\"sameAs\":[\"https:\\\/\\\/www.facebook.com\\\/FICA.UNSL\\\/\",\"https:\\\/\\\/x.com\\\/FICAUNSL\",\"https:\\\/\\\/www.instagram.com\\\/fica.unsl\\\/\",\"https:\\\/\\\/www.youtube.com\\\/channel\\\/UCs2MM53gb2PyBrMySdtWZDQ\"]},{\"@type\":\"Person\",\"@id\":\"https:\\\/\\\/www.fica.unsl.edu.ar\\\/#\\\/schema\\\/person\\\/6058f9c66301868d3a691b1f5d6c3544\",\"name\":\"DATI\"}]}<\/script>\n<!-- \/ Yoast SEO plugin. -->","yoast_head_json":{"title":"Tres proyectos de la FICA obtienen financiamiento de Fundaci\u00f3n ACINDAR - Facultad de Ingenier\u00eda y Ciencias Agropecuarias","robots":{"index":"index","follow":"follow","max-snippet":"max-snippet:-1","max-image-preview":"max-image-preview:large","max-video-preview":"max-video-preview:-1"},"canonical":"https:\/\/www.fica.unsl.edu.ar\/index.php\/tres-proyectos-de-la-fica-obtienen-financiamiento-de-fundacion-acindar\/","og_locale":"es_ES","og_type":"article","og_title":"Tres proyectos de la FICA obtienen financiamiento de Fundaci\u00f3n ACINDAR - Facultad de Ingenier\u00eda y Ciencias Agropecuarias","og_description":"Tres proyectos socioeducativos de la FICA fueron seleccionados por la Fundaci\u00f3n ACINDAR, en el marco de la Convocatoria Construir Comunidad, que brindar\u00e1 un financiamiento aproximado&hellip;","og_url":"https:\/\/www.fica.unsl.edu.ar\/index.php\/tres-proyectos-de-la-fica-obtienen-financiamiento-de-fundacion-acindar\/","og_site_name":"Facultad de Ingenier\u00eda y Ciencias Agropecuarias","article_publisher":"https:\/\/www.facebook.com\/FICA.UNSL\/","article_published_time":"2025-07-02T15:05:50+00:00","article_modified_time":"2025-08-22T12:28:32+00:00","og_image":[{"width":1061,"height":585,"url":"https:\/\/www.fica.unsl.edu.ar\/wp-content\/uploads\/2025\/07\/acindar-front.jpg","type":"image\/jpeg"}],"author":"DATI","twitter_card":"summary_large_image","twitter_creator":"@FICAUNSL","twitter_site":"@FICAUNSL","twitter_misc":{"Escrito por":"DATI","Tiempo de lectura":"4 minutos"},"schema":{"@context":"https:\/\/schema.org","@graph":[{"@type":"Article","@id":"https:\/\/www.fica.unsl.edu.ar\/index.php\/tres-proyectos-de-la-fica-obtienen-financiamiento-de-fundacion-acindar\/#article","isPartOf":{"@id":"https:\/\/www.fica.unsl.edu.ar\/index.php\/tres-proyectos-de-la-fica-obtienen-financiamiento-de-fundacion-acindar\/"},"author":{"name":"DATI","@id":"https:\/\/www.fica.unsl.edu.ar\/#\/schema\/person\/6058f9c66301868d3a691b1f5d6c3544"},"headline":"Tres proyectos de la FICA obtienen financiamiento de Fundaci\u00f3n ACINDAR","datePublished":"2025-07-02T15:05:50+00:00","dateModified":"2025-08-22T12:28:32+00:00","mainEntityOfPage":{"@id":"https:\/\/www.fica.unsl.edu.ar\/index.php\/tres-proyectos-de-la-fica-obtienen-financiamiento-de-fundacion-acindar\/"},"wordCount":771,"publisher":{"@id":"https:\/\/www.fica.unsl.edu.ar\/#organization"},"image":{"@id":"https:\/\/www.fica.unsl.edu.ar\/index.php\/tres-proyectos-de-la-fica-obtienen-financiamiento-de-fundacion-acindar\/#primaryimage"},"thumbnailUrl":"https:\/\/www.fica.unsl.edu.ar\/wp-content\/uploads\/2025\/07\/acindar-front.jpg","articleSection":["Noticias"],"inLanguage":"es-AR"},{"@type":"WebPage","@id":"https:\/\/www.fica.unsl.edu.ar\/index.php\/tres-proyectos-de-la-fica-obtienen-financiamiento-de-fundacion-acindar\/","url":"https:\/\/www.fica.unsl.edu.ar\/index.php\/tres-proyectos-de-la-fica-obtienen-financiamiento-de-fundacion-acindar\/","name":"Tres proyectos de la FICA obtienen financiamiento de Fundaci\u00f3n ACINDAR - Facultad de Ingenier\u00eda y Ciencias Agropecuarias","isPartOf":{"@id":"https:\/\/www.fica.unsl.edu.ar\/#website"},"primaryImageOfPage":{"@id":"https:\/\/www.fica.unsl.edu.ar\/index.php\/tres-proyectos-de-la-fica-obtienen-financiamiento-de-fundacion-acindar\/#primaryimage"},"image":{"@id":"https:\/\/www.fica.unsl.edu.ar\/index.php\/tres-proyectos-de-la-fica-obtienen-financiamiento-de-fundacion-acindar\/#primaryimage"},"thumbnailUrl":"https:\/\/www.fica.unsl.edu.ar\/wp-content\/uploads\/2025\/07\/acindar-front.jpg","datePublished":"2025-07-02T15:05:50+00:00","dateModified":"2025-08-22T12:28:32+00:00","inLanguage":"es-AR","potentialAction":[{"@type":"ReadAction","target":["https:\/\/www.fica.unsl.edu.ar\/index.php\/tres-proyectos-de-la-fica-obtienen-financiamiento-de-fundacion-acindar\/"]}]},{"@type":"ImageObject","inLanguage":"es-AR","@id":"https:\/\/www.fica.unsl.edu.ar\/index.php\/tres-proyectos-de-la-fica-obtienen-financiamiento-de-fundacion-acindar\/#primaryimage","url":"https:\/\/www.fica.unsl.edu.ar\/wp-content\/uploads\/2025\/07\/acindar-front.jpg","contentUrl":"https:\/\/www.fica.unsl.edu.ar\/wp-content\/uploads\/2025\/07\/acindar-front.jpg","width":1061,"height":585},{"@type":"WebSite","@id":"https:\/\/www.fica.unsl.edu.ar\/#website","url":"https:\/\/www.fica.unsl.edu.ar\/","name":"Facultad de Ingenier\u00eda y Ciencias Agropecuarias","description":"","publisher":{"@id":"https:\/\/www.fica.unsl.edu.ar\/#organization"},"potentialAction":[{"@type":"SearchAction","target":{"@type":"EntryPoint","urlTemplate":"https:\/\/www.fica.unsl.edu.ar\/?s={search_term_string}"},"query-input":{"@type":"PropertyValueSpecification","valueRequired":true,"valueName":"search_term_string"}}],"inLanguage":"es-AR"},{"@type":"Organization","@id":"https:\/\/www.fica.unsl.edu.ar\/#organization","name":"Facultad de Ingenier\u00eda y Ciencias Agropecuarias","url":"https:\/\/www.fica.unsl.edu.ar\/","logo":{"@type":"ImageObject","inLanguage":"es-AR","@id":"https:\/\/www.fica.unsl.edu.ar\/#\/schema\/logo\/image\/","url":"https:\/\/www.fica.unsl.edu.ar\/wp-content\/uploads\/2021\/03\/LOGO-1.jpg","contentUrl":"https:\/\/www.fica.unsl.edu.ar\/wp-content\/uploads\/2021\/03\/LOGO-1.jpg","width":463,"height":145,"caption":"Facultad de Ingenier\u00eda y Ciencias Agropecuarias"},"image":{"@id":"https:\/\/www.fica.unsl.edu.ar\/#\/schema\/logo\/image\/"},"sameAs":["https:\/\/www.facebook.com\/FICA.UNSL\/","https:\/\/x.com\/FICAUNSL","https:\/\/www.instagram.com\/fica.unsl\/","https:\/\/www.youtube.com\/channel\/UCs2MM53gb2PyBrMySdtWZDQ"]},{"@type":"Person","@id":"https:\/\/www.fica.unsl.edu.ar\/#\/schema\/person\/6058f9c66301868d3a691b1f5d6c3544","name":"DATI"}]}},"_links":{"self":[{"href":"https:\/\/www.fica.unsl.edu.ar\/index.php\/wp-json\/wp\/v2\/posts\/20398","targetHints":{"allow":["GET"]}}],"collection":[{"href":"https:\/\/www.fica.unsl.edu.ar\/index.php\/wp-json\/wp\/v2\/posts"}],"about":[{"href":"https:\/\/www.fica.unsl.edu.ar\/index.php\/wp-json\/wp\/v2\/types\/post"}],"author":[{"embeddable":true,"href":"https:\/\/www.fica.unsl.edu.ar\/index.php\/wp-json\/wp\/v2\/users\/9"}],"replies":[{"embeddable":true,"href":"https:\/\/www.fica.unsl.edu.ar\/index.php\/wp-json\/wp\/v2\/comments?post=20398"}],"version-history":[{"count":1,"href":"https:\/\/www.fica.unsl.edu.ar\/index.php\/wp-json\/wp\/v2\/posts\/20398\/revisions"}],"predecessor-version":[{"id":20400,"href":"https:\/\/www.fica.unsl.edu.ar\/index.php\/wp-json\/wp\/v2\/posts\/20398\/revisions\/20400"}],"wp:featuredmedia":[{"embeddable":true,"href":"https:\/\/www.fica.unsl.edu.ar\/index.php\/wp-json\/wp\/v2\/media\/20399"}],"wp:attachment":[{"href":"https:\/\/www.fica.unsl.edu.ar\/index.php\/wp-json\/wp\/v2\/media?parent=20398"}],"wp:term":[{"taxonomy":"category","embeddable":true,"href":"https:\/\/www.fica.unsl.edu.ar\/index.php\/wp-json\/wp\/v2\/categories?post=20398"},{"taxonomy":"post_tag","embeddable":true,"href":"https:\/\/www.fica.unsl.edu.ar\/index.php\/wp-json\/wp\/v2\/tags?post=20398"}],"curies":[{"name":"wp","href":"https:\/\/api.w.org\/{rel}","templated":true}]}}