{"id":20746,"date":"2025-09-11T00:05:12","date_gmt":"2025-09-11T03:05:12","guid":{"rendered":"http:\/\/10.101.10.196\/www\/?p=20746"},"modified":"2025-09-13T10:30:45","modified_gmt":"2025-09-13T13:30:45","slug":"11-de-septiembre-feliz-dia-del-docente-de-la-unsl-2025","status":"publish","type":"post","link":"https:\/\/www.fica.unsl.edu.ar\/index.php\/11-de-septiembre-feliz-dia-del-docente-de-la-unsl-2025\/","title":{"rendered":"11 de septiembre: \u00a1feliz d\u00eda del Docente de la UNSL!"},"content":{"rendered":"<p>El Decano, Mgtr. Sergio Ribotta, el Vicedecano, Dr. Federico Serra y equipo de gesti\u00f3n saludan a todos los docentes que integran la FICA, al <strong>celebrarse este 11 de septiembre el \u201cD\u00eda del Docente de la UNSL\u201d.<\/strong><\/p>\n<p>Por iniciativa del cuerpo de Consejeros de la Universidad Nacional de San Luis, el Consejo Superior en su sesi\u00f3n del 06 de setiembre de 2011, aprob\u00f3 mediante Resoluci\u00f3n C.S. N\u00ba 142\/11 instituir el 11 de septiembre como el D\u00eda del Docente de la Universidad. Esta fecha coincide con la celebraci\u00f3n del D\u00eda del Maestro\/a y debido a que todos las y los docentes, cualquiera sea el nivel en el que se desempe\u00f1en, realizan una misma funci\u00f3n que es la de ense\u00f1ar y educar, se determin\u00f3 modificar la fecha establecida en el Calendario de Actividades Acad\u00e9micas para esta celebraci\u00f3n del d\u00eda 17 al d\u00eda 11 de septiembre.<\/p>\n<p>Esta propuesta fue elevada con el prop\u00f3sito de instituir como D\u00eda del Docente de la Universidad Nacional de San Luis, en el convencimiento de que la educaci\u00f3n debe ser p\u00fablica, gratuita y laica, y como tal, una responsabilidad indelegable del Estado, principios a los cuales la Universidad como instituci\u00f3n p\u00fablica, no debe renunciar.<\/p>\n<p>Los y las docentes de nuestra Universidad, todos los d\u00edas realizan una tarea fundamental para nuestro pa\u00eds como es la de formar a las y los futuros profesionales. Es importante que esa educaci\u00f3n promueva la excelencia acad\u00e9mica y el compromiso social, a trav\u00e9s de la creatividad en las aulas y fuera de ellas tambi\u00e9n, generando debates y fomentando el pensamiento cr\u00edtico<\/p>\n<p>Una educaci\u00f3n, en definitiva, que promueva transformaciones que nos conduzca cada vez m\u00e1s a construir sociedades m\u00e1s justas y solidarias.<\/p>\n","protected":false},"excerpt":{"rendered":"<p>El Decano, Mgtr. Sergio Ribotta, el Vicedecano, Dr. Federico Serra y equipo de gesti\u00f3n saludan a todos los docentes que integran la FICA, al celebrarse&hellip;<\/p>\n","protected":false},"author":9,"featured_media":20750,"comment_status":"closed","ping_status":"closed","sticky":false,"template":"","format":"standard","meta":{"_monsterinsights_skip_tracking":false,"_monsterinsights_sitenote_active":false,"_monsterinsights_sitenote_note":"","_monsterinsights_sitenote_category":0,"_joinchat":[],"footnotes":""},"categories":[19],"tags":[],"class_list":["post-20746","post","type-post","status-publish","format-standard","has-post-thumbnail","hentry","category-noticias"],"yoast_head":"<!-- This site is optimized with the Yoast SEO plugin v27.4 - https:\/\/yoast.com\/product\/yoast-seo-wordpress\/ -->\n<title>11 de septiembre: \u00a1feliz d\u00eda del Docente de la UNSL! - Facultad de Ingenier\u00eda y Ciencias Agropecuarias<\/title>\n<meta name=\"robots\" content=\"index, follow, max-snippet:-1, max-image-preview:large, max-video-preview:-1\" \/>\n<link rel=\"canonical\" href=\"https:\/\/www.fica.unsl.edu.ar\/index.php\/11-de-septiembre-feliz-dia-del-docente-de-la-unsl-2025\/\" \/>\n<meta property=\"og:locale\" content=\"es_ES\" \/>\n<meta property=\"og:type\" content=\"article\" \/>\n<meta property=\"og:title\" content=\"11 de septiembre: \u00a1feliz d\u00eda del Docente de la UNSL! - Facultad de Ingenier\u00eda y Ciencias Agropecuarias\" \/>\n<meta property=\"og:description\" content=\"El Decano, Mgtr. Sergio Ribotta, el Vicedecano, Dr. Federico Serra y equipo de gesti\u00f3n saludan a todos los docentes que integran la FICA, al celebrarse&hellip;\" \/>\n<meta property=\"og:url\" content=\"https:\/\/www.fica.unsl.edu.ar\/index.php\/11-de-septiembre-feliz-dia-del-docente-de-la-unsl-2025\/\" \/>\n<meta property=\"og:site_name\" content=\"Facultad de Ingenier\u00eda y Ciencias Agropecuarias\" \/>\n<meta property=\"article:publisher\" content=\"https:\/\/www.facebook.com\/FICA.UNSL\/\" \/>\n<meta property=\"article:published_time\" content=\"2025-09-11T03:05:12+00:00\" \/>\n<meta property=\"article:modified_time\" content=\"2025-09-13T13:30:45+00:00\" \/>\n<meta property=\"og:image\" content=\"https:\/\/www.fica.unsl.edu.ar\/wp-content\/uploads\/2025\/09\/fica-11-sep-front-1.jpg\" \/>\n\t<meta property=\"og:image:width\" content=\"1153\" \/>\n\t<meta property=\"og:image:height\" content=\"648\" \/>\n\t<meta property=\"og:image:type\" content=\"image\/jpeg\" \/>\n<meta name=\"author\" content=\"DATI\" \/>\n<meta name=\"twitter:card\" content=\"summary_large_image\" \/>\n<meta name=\"twitter:creator\" content=\"@FICAUNSL\" \/>\n<meta name=\"twitter:site\" content=\"@FICAUNSL\" \/>\n<meta name=\"twitter:label1\" content=\"Escrito por\" \/>\n\t<meta name=\"twitter:data1\" content=\"DATI\" \/>\n\t<meta name=\"twitter:label2\" content=\"Tiempo de lectura\" \/>\n\t<meta name=\"twitter:data2\" content=\"2 minutos\" \/>\n<script type=\"application\/ld+json\" class=\"yoast-schema-graph\">{\"@context\":\"https:\\\/\\\/schema.org\",\"@graph\":[{\"@type\":\"Article\",\"@id\":\"https:\\\/\\\/www.fica.unsl.edu.ar\\\/index.php\\\/11-de-septiembre-feliz-dia-del-docente-de-la-unsl-2025\\\/#article\",\"isPartOf\":{\"@id\":\"https:\\\/\\\/www.fica.unsl.edu.ar\\\/index.php\\\/11-de-septiembre-feliz-dia-del-docente-de-la-unsl-2025\\\/\"},\"author\":{\"name\":\"DATI\",\"@id\":\"https:\\\/\\\/www.fica.unsl.edu.ar\\\/#\\\/schema\\\/person\\\/6058f9c66301868d3a691b1f5d6c3544\"},\"headline\":\"11 de septiembre: \u00a1feliz d\u00eda del Docente de la UNSL!\",\"datePublished\":\"2025-09-11T03:05:12+00:00\",\"dateModified\":\"2025-09-13T13:30:45+00:00\",\"mainEntityOfPage\":{\"@id\":\"https:\\\/\\\/www.fica.unsl.edu.ar\\\/index.php\\\/11-de-septiembre-feliz-dia-del-docente-de-la-unsl-2025\\\/\"},\"wordCount\":311,\"publisher\":{\"@id\":\"https:\\\/\\\/www.fica.unsl.edu.ar\\\/#organization\"},\"image\":{\"@id\":\"https:\\\/\\\/www.fica.unsl.edu.ar\\\/index.php\\\/11-de-septiembre-feliz-dia-del-docente-de-la-unsl-2025\\\/#primaryimage\"},\"thumbnailUrl\":\"https:\\\/\\\/www.fica.unsl.edu.ar\\\/wp-content\\\/uploads\\\/2025\\\/09\\\/fica-11-sep-front-1.jpg\",\"articleSection\":[\"Noticias\"],\"inLanguage\":\"es-AR\"},{\"@type\":\"WebPage\",\"@id\":\"https:\\\/\\\/www.fica.unsl.edu.ar\\\/index.php\\\/11-de-septiembre-feliz-dia-del-docente-de-la-unsl-2025\\\/\",\"url\":\"https:\\\/\\\/www.fica.unsl.edu.ar\\\/index.php\\\/11-de-septiembre-feliz-dia-del-docente-de-la-unsl-2025\\\/\",\"name\":\"11 de septiembre: \u00a1feliz d\u00eda del Docente de la UNSL! - Facultad de Ingenier\u00eda y Ciencias Agropecuarias\",\"isPartOf\":{\"@id\":\"https:\\\/\\\/www.fica.unsl.edu.ar\\\/#website\"},\"primaryImageOfPage\":{\"@id\":\"https:\\\/\\\/www.fica.unsl.edu.ar\\\/index.php\\\/11-de-septiembre-feliz-dia-del-docente-de-la-unsl-2025\\\/#primaryimage\"},\"image\":{\"@id\":\"https:\\\/\\\/www.fica.unsl.edu.ar\\\/index.php\\\/11-de-septiembre-feliz-dia-del-docente-de-la-unsl-2025\\\/#primaryimage\"},\"thumbnailUrl\":\"https:\\\/\\\/www.fica.unsl.edu.ar\\\/wp-content\\\/uploads\\\/2025\\\/09\\\/fica-11-sep-front-1.jpg\",\"datePublished\":\"2025-09-11T03:05:12+00:00\",\"dateModified\":\"2025-09-13T13:30:45+00:00\",\"inLanguage\":\"es-AR\",\"potentialAction\":[{\"@type\":\"ReadAction\",\"target\":[\"https:\\\/\\\/www.fica.unsl.edu.ar\\\/index.php\\\/11-de-septiembre-feliz-dia-del-docente-de-la-unsl-2025\\\/\"]}]},{\"@type\":\"ImageObject\",\"inLanguage\":\"es-AR\",\"@id\":\"https:\\\/\\\/www.fica.unsl.edu.ar\\\/index.php\\\/11-de-septiembre-feliz-dia-del-docente-de-la-unsl-2025\\\/#primaryimage\",\"url\":\"https:\\\/\\\/www.fica.unsl.edu.ar\\\/wp-content\\\/uploads\\\/2025\\\/09\\\/fica-11-sep-front-1.jpg\",\"contentUrl\":\"https:\\\/\\\/www.fica.unsl.edu.ar\\\/wp-content\\\/uploads\\\/2025\\\/09\\\/fica-11-sep-front-1.jpg\",\"width\":1153,\"height\":648},{\"@type\":\"WebSite\",\"@id\":\"https:\\\/\\\/www.fica.unsl.edu.ar\\\/#website\",\"url\":\"https:\\\/\\\/www.fica.unsl.edu.ar\\\/\",\"name\":\"Facultad de Ingenier\u00eda y Ciencias Agropecuarias\",\"description\":\"\",\"publisher\":{\"@id\":\"https:\\\/\\\/www.fica.unsl.edu.ar\\\/#organization\"},\"potentialAction\":[{\"@type\":\"SearchAction\",\"target\":{\"@type\":\"EntryPoint\",\"urlTemplate\":\"https:\\\/\\\/www.fica.unsl.edu.ar\\\/?s={search_term_string}\"},\"query-input\":{\"@type\":\"PropertyValueSpecification\",\"valueRequired\":true,\"valueName\":\"search_term_string\"}}],\"inLanguage\":\"es-AR\"},{\"@type\":\"Organization\",\"@id\":\"https:\\\/\\\/www.fica.unsl.edu.ar\\\/#organization\",\"name\":\"Facultad de Ingenier\u00eda y Ciencias Agropecuarias\",\"url\":\"https:\\\/\\\/www.fica.unsl.edu.ar\\\/\",\"logo\":{\"@type\":\"ImageObject\",\"inLanguage\":\"es-AR\",\"@id\":\"https:\\\/\\\/www.fica.unsl.edu.ar\\\/#\\\/schema\\\/logo\\\/image\\\/\",\"url\":\"https:\\\/\\\/www.fica.unsl.edu.ar\\\/wp-content\\\/uploads\\\/2021\\\/03\\\/LOGO-1.jpg\",\"contentUrl\":\"https:\\\/\\\/www.fica.unsl.edu.ar\\\/wp-content\\\/uploads\\\/2021\\\/03\\\/LOGO-1.jpg\",\"width\":463,\"height\":145,\"caption\":\"Facultad de Ingenier\u00eda y Ciencias Agropecuarias\"},\"image\":{\"@id\":\"https:\\\/\\\/www.fica.unsl.edu.ar\\\/#\\\/schema\\\/logo\\\/image\\\/\"},\"sameAs\":[\"https:\\\/\\\/www.facebook.com\\\/FICA.UNSL\\\/\",\"https:\\\/\\\/x.com\\\/FICAUNSL\",\"https:\\\/\\\/www.instagram.com\\\/fica.unsl\\\/\",\"https:\\\/\\\/www.youtube.com\\\/channel\\\/UCs2MM53gb2PyBrMySdtWZDQ\"]},{\"@type\":\"Person\",\"@id\":\"https:\\\/\\\/www.fica.unsl.edu.ar\\\/#\\\/schema\\\/person\\\/6058f9c66301868d3a691b1f5d6c3544\",\"name\":\"DATI\"}]}<\/script>\n<!-- \/ Yoast SEO plugin. -->","yoast_head_json":{"title":"11 de septiembre: \u00a1feliz d\u00eda del Docente de la UNSL! - Facultad de Ingenier\u00eda y Ciencias Agropecuarias","robots":{"index":"index","follow":"follow","max-snippet":"max-snippet:-1","max-image-preview":"max-image-preview:large","max-video-preview":"max-video-preview:-1"},"canonical":"https:\/\/www.fica.unsl.edu.ar\/index.php\/11-de-septiembre-feliz-dia-del-docente-de-la-unsl-2025\/","og_locale":"es_ES","og_type":"article","og_title":"11 de septiembre: \u00a1feliz d\u00eda del Docente de la UNSL! - Facultad de Ingenier\u00eda y Ciencias Agropecuarias","og_description":"El Decano, Mgtr. Sergio Ribotta, el Vicedecano, Dr. Federico Serra y equipo de gesti\u00f3n saludan a todos los docentes que integran la FICA, al celebrarse&hellip;","og_url":"https:\/\/www.fica.unsl.edu.ar\/index.php\/11-de-septiembre-feliz-dia-del-docente-de-la-unsl-2025\/","og_site_name":"Facultad de Ingenier\u00eda y Ciencias Agropecuarias","article_publisher":"https:\/\/www.facebook.com\/FICA.UNSL\/","article_published_time":"2025-09-11T03:05:12+00:00","article_modified_time":"2025-09-13T13:30:45+00:00","og_image":[{"width":1153,"height":648,"url":"https:\/\/www.fica.unsl.edu.ar\/wp-content\/uploads\/2025\/09\/fica-11-sep-front-1.jpg","type":"image\/jpeg"}],"author":"DATI","twitter_card":"summary_large_image","twitter_creator":"@FICAUNSL","twitter_site":"@FICAUNSL","twitter_misc":{"Escrito por":"DATI","Tiempo de lectura":"2 minutos"},"schema":{"@context":"https:\/\/schema.org","@graph":[{"@type":"Article","@id":"https:\/\/www.fica.unsl.edu.ar\/index.php\/11-de-septiembre-feliz-dia-del-docente-de-la-unsl-2025\/#article","isPartOf":{"@id":"https:\/\/www.fica.unsl.edu.ar\/index.php\/11-de-septiembre-feliz-dia-del-docente-de-la-unsl-2025\/"},"author":{"name":"DATI","@id":"https:\/\/www.fica.unsl.edu.ar\/#\/schema\/person\/6058f9c66301868d3a691b1f5d6c3544"},"headline":"11 de septiembre: \u00a1feliz d\u00eda del Docente de la UNSL!","datePublished":"2025-09-11T03:05:12+00:00","dateModified":"2025-09-13T13:30:45+00:00","mainEntityOfPage":{"@id":"https:\/\/www.fica.unsl.edu.ar\/index.php\/11-de-septiembre-feliz-dia-del-docente-de-la-unsl-2025\/"},"wordCount":311,"publisher":{"@id":"https:\/\/www.fica.unsl.edu.ar\/#organization"},"image":{"@id":"https:\/\/www.fica.unsl.edu.ar\/index.php\/11-de-septiembre-feliz-dia-del-docente-de-la-unsl-2025\/#primaryimage"},"thumbnailUrl":"https:\/\/www.fica.unsl.edu.ar\/wp-content\/uploads\/2025\/09\/fica-11-sep-front-1.jpg","articleSection":["Noticias"],"inLanguage":"es-AR"},{"@type":"WebPage","@id":"https:\/\/www.fica.unsl.edu.ar\/index.php\/11-de-septiembre-feliz-dia-del-docente-de-la-unsl-2025\/","url":"https:\/\/www.fica.unsl.edu.ar\/index.php\/11-de-septiembre-feliz-dia-del-docente-de-la-unsl-2025\/","name":"11 de septiembre: \u00a1feliz d\u00eda del Docente de la UNSL! - Facultad de Ingenier\u00eda y Ciencias Agropecuarias","isPartOf":{"@id":"https:\/\/www.fica.unsl.edu.ar\/#website"},"primaryImageOfPage":{"@id":"https:\/\/www.fica.unsl.edu.ar\/index.php\/11-de-septiembre-feliz-dia-del-docente-de-la-unsl-2025\/#primaryimage"},"image":{"@id":"https:\/\/www.fica.unsl.edu.ar\/index.php\/11-de-septiembre-feliz-dia-del-docente-de-la-unsl-2025\/#primaryimage"},"thumbnailUrl":"https:\/\/www.fica.unsl.edu.ar\/wp-content\/uploads\/2025\/09\/fica-11-sep-front-1.jpg","datePublished":"2025-09-11T03:05:12+00:00","dateModified":"2025-09-13T13:30:45+00:00","inLanguage":"es-AR","potentialAction":[{"@type":"ReadAction","target":["https:\/\/www.fica.unsl.edu.ar\/index.php\/11-de-septiembre-feliz-dia-del-docente-de-la-unsl-2025\/"]}]},{"@type":"ImageObject","inLanguage":"es-AR","@id":"https:\/\/www.fica.unsl.edu.ar\/index.php\/11-de-septiembre-feliz-dia-del-docente-de-la-unsl-2025\/#primaryimage","url":"https:\/\/www.fica.unsl.edu.ar\/wp-content\/uploads\/2025\/09\/fica-11-sep-front-1.jpg","contentUrl":"https:\/\/www.fica.unsl.edu.ar\/wp-content\/uploads\/2025\/09\/fica-11-sep-front-1.jpg","width":1153,"height":648},{"@type":"WebSite","@id":"https:\/\/www.fica.unsl.edu.ar\/#website","url":"https:\/\/www.fica.unsl.edu.ar\/","name":"Facultad de Ingenier\u00eda y Ciencias Agropecuarias","description":"","publisher":{"@id":"https:\/\/www.fica.unsl.edu.ar\/#organization"},"potentialAction":[{"@type":"SearchAction","target":{"@type":"EntryPoint","urlTemplate":"https:\/\/www.fica.unsl.edu.ar\/?s={search_term_string}"},"query-input":{"@type":"PropertyValueSpecification","valueRequired":true,"valueName":"search_term_string"}}],"inLanguage":"es-AR"},{"@type":"Organization","@id":"https:\/\/www.fica.unsl.edu.ar\/#organization","name":"Facultad de Ingenier\u00eda y Ciencias Agropecuarias","url":"https:\/\/www.fica.unsl.edu.ar\/","logo":{"@type":"ImageObject","inLanguage":"es-AR","@id":"https:\/\/www.fica.unsl.edu.ar\/#\/schema\/logo\/image\/","url":"https:\/\/www.fica.unsl.edu.ar\/wp-content\/uploads\/2021\/03\/LOGO-1.jpg","contentUrl":"https:\/\/www.fica.unsl.edu.ar\/wp-content\/uploads\/2021\/03\/LOGO-1.jpg","width":463,"height":145,"caption":"Facultad de Ingenier\u00eda y Ciencias Agropecuarias"},"image":{"@id":"https:\/\/www.fica.unsl.edu.ar\/#\/schema\/logo\/image\/"},"sameAs":["https:\/\/www.facebook.com\/FICA.UNSL\/","https:\/\/x.com\/FICAUNSL","https:\/\/www.instagram.com\/fica.unsl\/","https:\/\/www.youtube.com\/channel\/UCs2MM53gb2PyBrMySdtWZDQ"]},{"@type":"Person","@id":"https:\/\/www.fica.unsl.edu.ar\/#\/schema\/person\/6058f9c66301868d3a691b1f5d6c3544","name":"DATI"}]}},"_links":{"self":[{"href":"https:\/\/www.fica.unsl.edu.ar\/index.php\/wp-json\/wp\/v2\/posts\/20746","targetHints":{"allow":["GET"]}}],"collection":[{"href":"https:\/\/www.fica.unsl.edu.ar\/index.php\/wp-json\/wp\/v2\/posts"}],"about":[{"href":"https:\/\/www.fica.unsl.edu.ar\/index.php\/wp-json\/wp\/v2\/types\/post"}],"author":[{"embeddable":true,"href":"https:\/\/www.fica.unsl.edu.ar\/index.php\/wp-json\/wp\/v2\/users\/9"}],"replies":[{"embeddable":true,"href":"https:\/\/www.fica.unsl.edu.ar\/index.php\/wp-json\/wp\/v2\/comments?post=20746"}],"version-history":[{"count":2,"href":"https:\/\/www.fica.unsl.edu.ar\/index.php\/wp-json\/wp\/v2\/posts\/20746\/revisions"}],"predecessor-version":[{"id":20749,"href":"https:\/\/www.fica.unsl.edu.ar\/index.php\/wp-json\/wp\/v2\/posts\/20746\/revisions\/20749"}],"wp:featuredmedia":[{"embeddable":true,"href":"https:\/\/www.fica.unsl.edu.ar\/index.php\/wp-json\/wp\/v2\/media\/20750"}],"wp:attachment":[{"href":"https:\/\/www.fica.unsl.edu.ar\/index.php\/wp-json\/wp\/v2\/media?parent=20746"}],"wp:term":[{"taxonomy":"category","embeddable":true,"href":"https:\/\/www.fica.unsl.edu.ar\/index.php\/wp-json\/wp\/v2\/categories?post=20746"},{"taxonomy":"post_tag","embeddable":true,"href":"https:\/\/www.fica.unsl.edu.ar\/index.php\/wp-json\/wp\/v2\/tags?post=20746"}],"curies":[{"name":"wp","href":"https:\/\/api.w.org\/{rel}","templated":true}]}}