{"id":21097,"date":"2025-10-06T10:39:12","date_gmt":"2025-10-06T13:39:12","guid":{"rendered":"http:\/\/10.101.10.196\/www\/?p=21097"},"modified":"2025-11-10T08:46:03","modified_gmt":"2025-11-10T11:46:03","slug":"la-fica-y-la-municipalidad-fortalecen-el-trabajo-conjunto-en-educacion-ambiental","status":"publish","type":"post","link":"https:\/\/www.fica.unsl.edu.ar\/index.php\/la-fica-y-la-municipalidad-fortalecen-el-trabajo-conjunto-en-educacion-ambiental\/","title":{"rendered":"La FICA y la Municipalidad fortalecen el trabajo conjunto en educaci\u00f3n ambiental"},"content":{"rendered":"<p>En el marco del D\u00eda del \u00c1rbol, a fines de septiembre, el <strong>Proyecto de Extensi\u00f3n Universitario de la FICA \u201cArbolado Urbano: Vulnerabilidad Ambiental del Sistema Epidemiol\u00f3gico<\/strong>\u201d present\u00f3 un informe resultado del relevamiento sanitario y funcional de las especies arb\u00f3reas presentes en el Colegio Sagrado Coraz\u00f3n de Villa Mercedes, el cual fue entregado a la S<strong>ecretar\u00eda de Producci\u00f3n, Medio Ambiente y Tecnolog\u00eda de la Municipalidad de la ciudad.<\/strong><\/p>\n<p>En este contexto, se desarroll\u00f3 tambi\u00e9n un<strong> taller denominado \u201cEl \u00e1rbol, como fuente de vida\u201d, destinado a ni\u00f1os y ni\u00f1as de 4 y 5 a\u00f1os del Nivel Inicial, turno tarde,<\/strong> sala \u201cC\u201d del establecimiento educativo. El objetivo principal fue promover la conciencia ambiental y el cuidado del arbolado desde las primeras infancias.<\/p>\n<p>Las actividades incluyeron una charla titulada <strong>\u201cH\u00e9roes y villanos presentes en los \u00e1rboles\u201d<\/strong>, juegos l\u00fadicos, observaci\u00f3n de plantas enfermas, insectos y ara\u00f1as bajo lupa binocular. El encuentro culmin\u00f3 con la plantaci\u00f3n de un \u00e1rbol junto a los ni\u00f1os y ni\u00f1as, quienes lo bautizaron <strong>\u201cSemillita de Amor\u201d.<\/strong><\/p>\n<p><img fetchpriority=\"high\" decoding=\"async\" class=\"aligncenter size-full wp-image-21099\" src=\"https:\/\/www.fica.unsl.edu.ar\/wp-content\/uploads\/2025\/10\/taller-El-arbol-como-fuente-de-vida-7.jpeg\" alt=\"\" width=\"1600\" height=\"720\" srcset=\"https:\/\/www.fica.unsl.edu.ar\/wp-content\/uploads\/2025\/10\/taller-El-arbol-como-fuente-de-vida-7.jpeg 1600w, https:\/\/www.fica.unsl.edu.ar\/wp-content\/uploads\/2025\/10\/taller-El-arbol-como-fuente-de-vida-7-300x135.jpeg 300w, https:\/\/www.fica.unsl.edu.ar\/wp-content\/uploads\/2025\/10\/taller-El-arbol-como-fuente-de-vida-7-1024x461.jpeg 1024w, https:\/\/www.fica.unsl.edu.ar\/wp-content\/uploads\/2025\/10\/taller-El-arbol-como-fuente-de-vida-7-768x346.jpeg 768w, https:\/\/www.fica.unsl.edu.ar\/wp-content\/uploads\/2025\/10\/taller-El-arbol-como-fuente-de-vida-7-1536x691.jpeg 1536w\" sizes=\"(max-width: 1600px) 100vw, 1600px\" \/><\/p>\n<p>En paralelo, las docentes del colegio trabajaron con los estudiantes sobre la importancia del \u00e1rbol, sus beneficios y cuidados. Como cierre, realizaron actividades recreativas \u2014como dibujos y canciones\u2014 que abordaron la tem\u00e1tica.<\/p>\n<p>La jornada cont\u00f3 con el aval de la Municipalidad de Villa Mercedes y la participaci\u00f3n de los funcionarios Daniela Far\u00edas y C\u00e9sar Debenedetti. Adem\u00e1s, el Lic. Juan Pablo Godoy gestion\u00f3 la donaci\u00f3n de especies arb\u00f3reas a implantar, a trav\u00e9s del Programa de Arbolado Urbano, dependiente de la Subsecretar\u00eda de Espacios Verdes.<\/p>\n<p><strong>El Proyecto de Extensi\u00f3n Universitario de la FICA \u201cArbolado Urbano: Vulnerabilidad Ambiental del Sistema Epidemiol\u00f3gico\u201d es dirigido por las Ing. Agr. Nora Andrada y Ing. Agr. Silvia Bonivardo.<\/strong><\/p>\n<p>La actividad estuvo a cargo de la <strong>Ing. Agr. Bel\u00e9n Funes,<\/strong> con la coordinaci\u00f3n de la <strong>Ing. Agr. Marcia Micca<\/strong>, y la colaboraci\u00f3n de las<strong> Ing. Agrs. Nahir Mart\u00ednez, Roc\u00edo L\u00f3pez y \u00d3scar Zamora,<\/strong> adem\u00e1s de los estudiantes avanzados de Ingenier\u00eda Agron\u00f3mica <strong>Enzo Garro y Carolina Olarte<\/strong>, y las docentes del establecimiento <strong>Sandra Barroso y Silvia Alaniz.<\/strong><\/p>\n<div class=\"gmedia_gallery phantom_module is_bot\" id=\"GmediaGallery_292\" data-gmid=\"292\" data-module=\"phantom\"><style type='text\/css' class='gmedia_module_style_import'>@import url('https:\/\/www.fica.unsl.edu.ar\/wp-content\/plugins\/grand-media\/module\/phantom\/css\/style.css') all;<\/style>    <div class=\"gmPhantom_Container noLightbox\" >\r\n                <div class=\"gmPhantom_thumbsWrapper gmPhantom_ThumbScale gmPhantom_LabelHover\">\r\n                        <div class=\"gmPhantom_ThumbContainer gmPhantom_ThumbLoader\" data-id=\"5051\" data-post_id=\"21112\" data-ratio=\"0.99337748344371\" data-type=\"image\" data-ext=\"jpeg\" data-views=\"19\" data-likes=\"0\" data-cc=\"0\" data-post_link=\"https:\/\/www.fica.unsl.edu.ar\/index.php\/gmedia\/taller_el_rbol_como_fuente_de_vida_13_-jpeg\/\">\r\n                <a href=\"https:\/\/www.fica.unsl.edu.ar\/wp-content\/grand-media\/image\/taller_El_rbol_como_fuente_de_vida_13_.jpeg\" class=\"gmPhantom_Thumb\"><img decoding=\"async\" src=\"https:\/\/www.fica.unsl.edu.ar\/wp-content\/grand-media\/image\/thumb\/taller_El_rbol_como_fuente_de_vida_13_.jpeg\" data-src=\"https:\/\/www.fica.unsl.edu.ar\/wp-content\/grand-media\/image\/taller_El_rbol_como_fuente_de_vida_13_.jpeg\" alt=\"Taller El \u00e1rbol, Como Fuente De Vida (13)\"\/><\/a>\r\n                                    <div class=\"gmPhantom_ThumbLabel\"><span class=\"gmPhantom_ThumbLabel_title\">Taller El \u00e1rbol, Como Fuente De Vida (13)<\/span><\/div>\r\n                                    <div style=\"display:none;\" class=\"gmPhantom_Details\">\r\n                                            <div class=\"gmPhantom_description\">\r\n                            <div class=\"gmPhantom_title\">Taller El \u00e1rbol, Como Fuente De Vida (13)<\/div>\r\n                            <div class=\"gmPhantom_text\"><\/div>\r\n                        <\/div>\r\n                                                            <div class=\"gmPhantom_terms\">\r\n                                                    <div class=\"gmPhantom_other_terms\">\r\n                                <table class=\"gmPhantom_other_terms_table\">\r\n                                                                            <tr class=\"gmPhantom_term_row_album\">\r\n                                            <td class=\"gmPhantom_term_key\">Album<\/td>\r\n                                            <td class=\"gmPhantom_term_value\"><a href=\"\/index.php\/wp-json\/wp\/v2\/posts\/21097?gm292[album__in]=292\" class=\"gmPhantom_alb\">El \u00e1rbol, como fuente de vida-2025<\/a><\/td>\r\n                                        <\/tr>\r\n                                                                    <\/table>\r\n                            <\/div>\r\n                                                <\/div>\r\n                <\/div>\r\n                <\/div>            <div class=\"gmPhantom_ThumbContainer gmPhantom_ThumbLoader\" data-id=\"5050\" data-post_id=\"21111\" data-ratio=\"0.56285178236398\" data-type=\"image\" data-ext=\"jpeg\" data-views=\"19\" data-likes=\"0\" data-cc=\"0\" data-post_link=\"https:\/\/www.fica.unsl.edu.ar\/index.php\/gmedia\/taller_el_rbol_como_fuente_de_vida_12_-jpeg\/\">\r\n                <a href=\"https:\/\/www.fica.unsl.edu.ar\/wp-content\/grand-media\/image\/taller_El_rbol_como_fuente_de_vida_12_.jpeg\" class=\"gmPhantom_Thumb\"><img decoding=\"async\" src=\"https:\/\/www.fica.unsl.edu.ar\/wp-content\/grand-media\/image\/thumb\/taller_El_rbol_como_fuente_de_vida_12_.jpeg\" data-src=\"https:\/\/www.fica.unsl.edu.ar\/wp-content\/grand-media\/image\/taller_El_rbol_como_fuente_de_vida_12_.jpeg\" alt=\"Taller El \u00e1rbol, Como Fuente De Vida (12)\"\/><\/a>\r\n                                    <div class=\"gmPhantom_ThumbLabel\"><span class=\"gmPhantom_ThumbLabel_title\">Taller El \u00e1rbol, Como Fuente De Vida (12)<\/span><\/div>\r\n                                    <div style=\"display:none;\" class=\"gmPhantom_Details\">\r\n                                            <div class=\"gmPhantom_description\">\r\n                            <div class=\"gmPhantom_title\">Taller El \u00e1rbol, Como Fuente De Vida (12)<\/div>\r\n                            <div class=\"gmPhantom_text\"><\/div>\r\n                        <\/div>\r\n                                                            <div class=\"gmPhantom_terms\">\r\n                                                    <div class=\"gmPhantom_other_terms\">\r\n                                <table class=\"gmPhantom_other_terms_table\">\r\n                                                                            <tr class=\"gmPhantom_term_row_album\">\r\n                                            <td class=\"gmPhantom_term_key\">Album<\/td>\r\n                                            <td class=\"gmPhantom_term_value\"><a href=\"\/index.php\/wp-json\/wp\/v2\/posts\/21097?gm292[album__in]=292\" class=\"gmPhantom_alb\">El \u00e1rbol, como fuente de vida-2025<\/a><\/td>\r\n                                        <\/tr>\r\n                                                                    <\/table>\r\n                            <\/div>\r\n                                                <\/div>\r\n                <\/div>\r\n                <\/div>            <div class=\"gmPhantom_ThumbContainer gmPhantom_ThumbLoader\" data-id=\"5049\" data-post_id=\"21110\" data-ratio=\"0.6198347107438\" data-type=\"image\" data-ext=\"jpeg\" data-views=\"21\" data-likes=\"0\" data-cc=\"0\" data-post_link=\"https:\/\/www.fica.unsl.edu.ar\/index.php\/gmedia\/taller_el_rbol_como_fuente_de_vida_11_-jpeg\/\">\r\n                <a href=\"https:\/\/www.fica.unsl.edu.ar\/wp-content\/grand-media\/image\/taller_El_rbol_como_fuente_de_vida_11_.jpeg\" class=\"gmPhantom_Thumb\"><img decoding=\"async\" src=\"https:\/\/www.fica.unsl.edu.ar\/wp-content\/grand-media\/image\/thumb\/taller_El_rbol_como_fuente_de_vida_11_.jpeg\" data-src=\"https:\/\/www.fica.unsl.edu.ar\/wp-content\/grand-media\/image\/taller_El_rbol_como_fuente_de_vida_11_.jpeg\" alt=\"Taller El \u00e1rbol, Como Fuente De Vida (11)\"\/><\/a>\r\n                                    <div class=\"gmPhantom_ThumbLabel\"><span class=\"gmPhantom_ThumbLabel_title\">Taller El \u00e1rbol, Como Fuente De Vida (11)<\/span><\/div>\r\n                                    <div style=\"display:none;\" class=\"gmPhantom_Details\">\r\n                                            <div class=\"gmPhantom_description\">\r\n                            <div class=\"gmPhantom_title\">Taller El \u00e1rbol, Como Fuente De Vida (11)<\/div>\r\n                            <div class=\"gmPhantom_text\"><\/div>\r\n                        <\/div>\r\n                                                            <div class=\"gmPhantom_terms\">\r\n                                                    <div class=\"gmPhantom_other_terms\">\r\n                                <table class=\"gmPhantom_other_terms_table\">\r\n                                                                            <tr class=\"gmPhantom_term_row_album\">\r\n                                            <td class=\"gmPhantom_term_key\">Album<\/td>\r\n                                            <td class=\"gmPhantom_term_value\"><a href=\"\/index.php\/wp-json\/wp\/v2\/posts\/21097?gm292[album__in]=292\" class=\"gmPhantom_alb\">El \u00e1rbol, como fuente de vida-2025<\/a><\/td>\r\n                                        <\/tr>\r\n                                                                    <\/table>\r\n                            <\/div>\r\n                                                <\/div>\r\n                <\/div>\r\n                <\/div>            <div class=\"gmPhantom_ThumbContainer gmPhantom_ThumbLoader\" data-id=\"5048\" data-post_id=\"21109\" data-ratio=\"2.2233333333333\" data-type=\"image\" data-ext=\"jpeg\" data-views=\"19\" data-likes=\"0\" data-cc=\"0\" data-post_link=\"https:\/\/www.fica.unsl.edu.ar\/index.php\/gmedia\/taller_el_rbol_como_fuente_de_vida_10_-jpeg\/\">\r\n                <a href=\"https:\/\/www.fica.unsl.edu.ar\/wp-content\/grand-media\/image\/taller_El_rbol_como_fuente_de_vida_10_.jpeg\" class=\"gmPhantom_Thumb\"><img decoding=\"async\" src=\"https:\/\/www.fica.unsl.edu.ar\/wp-content\/grand-media\/image\/thumb\/taller_El_rbol_como_fuente_de_vida_10_.jpeg\" data-src=\"https:\/\/www.fica.unsl.edu.ar\/wp-content\/grand-media\/image\/taller_El_rbol_como_fuente_de_vida_10_.jpeg\" alt=\"Taller El \u00e1rbol, Como Fuente De Vida (10)\"\/><\/a>\r\n                                    <div class=\"gmPhantom_ThumbLabel\"><span class=\"gmPhantom_ThumbLabel_title\">Taller El \u00e1rbol, Como Fuente De Vida (10)<\/span><\/div>\r\n                                    <div style=\"display:none;\" class=\"gmPhantom_Details\">\r\n                                            <div class=\"gmPhantom_description\">\r\n                            <div class=\"gmPhantom_title\">Taller El \u00e1rbol, Como Fuente De Vida (10)<\/div>\r\n                            <div class=\"gmPhantom_text\"><\/div>\r\n                        <\/div>\r\n                                                            <div class=\"gmPhantom_terms\">\r\n                                                    <div class=\"gmPhantom_other_terms\">\r\n                                <table class=\"gmPhantom_other_terms_table\">\r\n                                                                            <tr class=\"gmPhantom_term_row_album\">\r\n                                            <td class=\"gmPhantom_term_key\">Album<\/td>\r\n                                            <td class=\"gmPhantom_term_value\"><a href=\"\/index.php\/wp-json\/wp\/v2\/posts\/21097?gm292[album__in]=292\" class=\"gmPhantom_alb\">El \u00e1rbol, como fuente de vida-2025<\/a><\/td>\r\n                                        <\/tr>\r\n                                                                    <\/table>\r\n                            <\/div>\r\n                                                <\/div>\r\n                <\/div>\r\n                <\/div>            <div class=\"gmPhantom_ThumbContainer gmPhantom_ThumbLoader\" data-id=\"5047\" data-post_id=\"21108\" data-ratio=\"2.2266666666667\" data-type=\"image\" data-ext=\"jpeg\" data-views=\"18\" data-likes=\"0\" data-cc=\"0\" data-post_link=\"https:\/\/www.fica.unsl.edu.ar\/index.php\/gmedia\/taller_el_rbol_como_fuente_de_vida_9_-jpeg\/\">\r\n                <a href=\"https:\/\/www.fica.unsl.edu.ar\/wp-content\/grand-media\/image\/taller_El_rbol_como_fuente_de_vida_9_.jpeg\" class=\"gmPhantom_Thumb\"><img decoding=\"async\" src=\"https:\/\/www.fica.unsl.edu.ar\/wp-content\/grand-media\/image\/thumb\/taller_El_rbol_como_fuente_de_vida_9_.jpeg\" data-src=\"https:\/\/www.fica.unsl.edu.ar\/wp-content\/grand-media\/image\/taller_El_rbol_como_fuente_de_vida_9_.jpeg\" alt=\"Taller El \u00e1rbol, Como Fuente De Vida (9)\"\/><\/a>\r\n                                    <div class=\"gmPhantom_ThumbLabel\"><span class=\"gmPhantom_ThumbLabel_title\">Taller El \u00e1rbol, Como Fuente De Vida (9)<\/span><\/div>\r\n                                    <div style=\"display:none;\" class=\"gmPhantom_Details\">\r\n                                            <div class=\"gmPhantom_description\">\r\n                            <div class=\"gmPhantom_title\">Taller El \u00e1rbol, Como Fuente De Vida (9)<\/div>\r\n                            <div class=\"gmPhantom_text\"><\/div>\r\n                        <\/div>\r\n                                                            <div class=\"gmPhantom_terms\">\r\n                                                    <div class=\"gmPhantom_other_terms\">\r\n                                <table class=\"gmPhantom_other_terms_table\">\r\n                                                                            <tr class=\"gmPhantom_term_row_album\">\r\n                                            <td class=\"gmPhantom_term_key\">Album<\/td>\r\n                                            <td class=\"gmPhantom_term_value\"><a href=\"\/index.php\/wp-json\/wp\/v2\/posts\/21097?gm292[album__in]=292\" class=\"gmPhantom_alb\">El \u00e1rbol, como fuente de vida-2025<\/a><\/td>\r\n                                        <\/tr>\r\n                                                                    <\/table>\r\n                            <\/div>\r\n                                                <\/div>\r\n                <\/div>\r\n                <\/div>            <div class=\"gmPhantom_ThumbContainer gmPhantom_ThumbLoader\" data-id=\"5046\" data-post_id=\"21106\" data-ratio=\"0.44910179640719\" data-type=\"image\" data-ext=\"jpeg\" data-views=\"14\" data-likes=\"0\" data-cc=\"0\" data-post_link=\"https:\/\/www.fica.unsl.edu.ar\/index.php\/gmedia\/taller_el_rbol_como_fuente_de_vida_8_-jpeg\/\">\r\n                <a href=\"https:\/\/www.fica.unsl.edu.ar\/wp-content\/grand-media\/image\/taller_El_rbol_como_fuente_de_vida_8_.jpeg\" class=\"gmPhantom_Thumb\"><img decoding=\"async\" src=\"https:\/\/www.fica.unsl.edu.ar\/wp-content\/grand-media\/image\/thumb\/taller_El_rbol_como_fuente_de_vida_8_.jpeg\" data-src=\"https:\/\/www.fica.unsl.edu.ar\/wp-content\/grand-media\/image\/taller_El_rbol_como_fuente_de_vida_8_.jpeg\" alt=\"Taller El \u00e1rbol, Como Fuente De Vida (8)\"\/><\/a>\r\n                                    <div class=\"gmPhantom_ThumbLabel\"><span class=\"gmPhantom_ThumbLabel_title\">Taller El \u00e1rbol, Como Fuente De Vida (8)<\/span><\/div>\r\n                                    <div style=\"display:none;\" class=\"gmPhantom_Details\">\r\n                                            <div class=\"gmPhantom_description\">\r\n                            <div class=\"gmPhantom_title\">Taller El \u00e1rbol, Como Fuente De Vida (8)<\/div>\r\n                            <div class=\"gmPhantom_text\"><\/div>\r\n                        <\/div>\r\n                                                            <div class=\"gmPhantom_terms\">\r\n                                                    <div class=\"gmPhantom_other_terms\">\r\n                                <table class=\"gmPhantom_other_terms_table\">\r\n                                                                            <tr class=\"gmPhantom_term_row_album\">\r\n                                            <td class=\"gmPhantom_term_key\">Album<\/td>\r\n                                            <td class=\"gmPhantom_term_value\"><a href=\"\/index.php\/wp-json\/wp\/v2\/posts\/21097?gm292[album__in]=292\" class=\"gmPhantom_alb\">El \u00e1rbol, como fuente de vida-2025<\/a><\/td>\r\n                                        <\/tr>\r\n                                                                    <\/table>\r\n                            <\/div>\r\n                                                <\/div>\r\n                <\/div>\r\n                <\/div>            <div class=\"gmPhantom_ThumbContainer gmPhantom_ThumbLoader\" data-id=\"5045\" data-post_id=\"21105\" data-ratio=\"2.2266666666667\" data-type=\"image\" data-ext=\"jpeg\" data-views=\"17\" data-likes=\"0\" data-cc=\"0\" data-post_link=\"https:\/\/www.fica.unsl.edu.ar\/index.php\/gmedia\/taller_el_rbol_como_fuente_de_vida_6_-jpeg\/\">\r\n                <a href=\"https:\/\/www.fica.unsl.edu.ar\/wp-content\/grand-media\/image\/taller_El_rbol_como_fuente_de_vida_6_.jpeg\" class=\"gmPhantom_Thumb\"><img decoding=\"async\" src=\"https:\/\/www.fica.unsl.edu.ar\/wp-content\/grand-media\/image\/thumb\/taller_El_rbol_como_fuente_de_vida_6_.jpeg\" data-src=\"https:\/\/www.fica.unsl.edu.ar\/wp-content\/grand-media\/image\/taller_El_rbol_como_fuente_de_vida_6_.jpeg\" alt=\"Taller El \u00e1rbol, Como Fuente De Vida (6)\"\/><\/a>\r\n                                    <div class=\"gmPhantom_ThumbLabel\"><span class=\"gmPhantom_ThumbLabel_title\">Taller El \u00e1rbol, Como Fuente De Vida (6)<\/span><\/div>\r\n                                    <div style=\"display:none;\" class=\"gmPhantom_Details\">\r\n                                            <div class=\"gmPhantom_description\">\r\n                            <div class=\"gmPhantom_title\">Taller El \u00e1rbol, Como Fuente De Vida (6)<\/div>\r\n                            <div class=\"gmPhantom_text\"><\/div>\r\n                        <\/div>\r\n                                                            <div class=\"gmPhantom_terms\">\r\n                                                    <div class=\"gmPhantom_other_terms\">\r\n                                <table class=\"gmPhantom_other_terms_table\">\r\n                                                                            <tr class=\"gmPhantom_term_row_album\">\r\n                                            <td class=\"gmPhantom_term_key\">Album<\/td>\r\n                                            <td class=\"gmPhantom_term_value\"><a href=\"\/index.php\/wp-json\/wp\/v2\/posts\/21097?gm292[album__in]=292\" class=\"gmPhantom_alb\">El \u00e1rbol, como fuente de vida-2025<\/a><\/td>\r\n                                        <\/tr>\r\n                                                                    <\/table>\r\n                            <\/div>\r\n                                                <\/div>\r\n                <\/div>\r\n                <\/div>            <div class=\"gmPhantom_ThumbContainer gmPhantom_ThumbLoader\" data-id=\"5044\" data-post_id=\"21104\" data-ratio=\"1.3333333333333\" data-type=\"image\" data-ext=\"jpeg\" data-views=\"19\" data-likes=\"0\" data-cc=\"0\" data-post_link=\"https:\/\/www.fica.unsl.edu.ar\/index.php\/gmedia\/taller_el_rbol_como_fuente_de_vida_5_-jpeg\/\">\r\n                <a href=\"https:\/\/www.fica.unsl.edu.ar\/wp-content\/grand-media\/image\/taller_El_rbol_como_fuente_de_vida_5_.jpeg\" class=\"gmPhantom_Thumb\"><img decoding=\"async\" src=\"https:\/\/www.fica.unsl.edu.ar\/wp-content\/grand-media\/image\/thumb\/taller_El_rbol_como_fuente_de_vida_5_.jpeg\" data-src=\"https:\/\/www.fica.unsl.edu.ar\/wp-content\/grand-media\/image\/taller_El_rbol_como_fuente_de_vida_5_.jpeg\" alt=\"Taller El \u00e1rbol, Como Fuente De Vida (5)\"\/><\/a>\r\n                                    <div class=\"gmPhantom_ThumbLabel\"><span class=\"gmPhantom_ThumbLabel_title\">Taller El \u00e1rbol, Como Fuente De Vida (5)<\/span><\/div>\r\n                                    <div style=\"display:none;\" class=\"gmPhantom_Details\">\r\n                                            <div class=\"gmPhantom_description\">\r\n                            <div class=\"gmPhantom_title\">Taller El \u00e1rbol, Como Fuente De Vida (5)<\/div>\r\n                            <div class=\"gmPhantom_text\"><\/div>\r\n                        <\/div>\r\n                                                            <div class=\"gmPhantom_terms\">\r\n                                                    <div class=\"gmPhantom_other_terms\">\r\n                                <table class=\"gmPhantom_other_terms_table\">\r\n                                                                            <tr class=\"gmPhantom_term_row_album\">\r\n                                            <td class=\"gmPhantom_term_key\">Album<\/td>\r\n                                            <td class=\"gmPhantom_term_value\"><a href=\"\/index.php\/wp-json\/wp\/v2\/posts\/21097?gm292[album__in]=292\" class=\"gmPhantom_alb\">El \u00e1rbol, como fuente de vida-2025<\/a><\/td>\r\n                                        <\/tr>\r\n                                                                    <\/table>\r\n                            <\/div>\r\n                                                <\/div>\r\n                <\/div>\r\n                <\/div>            <div class=\"gmPhantom_ThumbContainer gmPhantom_ThumbLoader\" data-id=\"5043\" data-post_id=\"21103\" data-ratio=\"0.75\" data-type=\"image\" data-ext=\"jpeg\" data-views=\"13\" data-likes=\"0\" data-cc=\"0\" data-post_link=\"https:\/\/www.fica.unsl.edu.ar\/index.php\/gmedia\/taller_el_rbol_como_fuente_de_vida_4_-jpeg\/\">\r\n                <a href=\"https:\/\/www.fica.unsl.edu.ar\/wp-content\/grand-media\/image\/taller_El_rbol_como_fuente_de_vida_4_.jpeg\" class=\"gmPhantom_Thumb\"><img decoding=\"async\" src=\"https:\/\/www.fica.unsl.edu.ar\/wp-content\/grand-media\/image\/thumb\/taller_El_rbol_como_fuente_de_vida_4_.jpeg\" data-src=\"https:\/\/www.fica.unsl.edu.ar\/wp-content\/grand-media\/image\/taller_El_rbol_como_fuente_de_vida_4_.jpeg\" alt=\"Taller El \u00e1rbol, Como Fuente De Vida (4)\"\/><\/a>\r\n                                    <div class=\"gmPhantom_ThumbLabel\"><span class=\"gmPhantom_ThumbLabel_title\">Taller El \u00e1rbol, Como Fuente De Vida (4)<\/span><\/div>\r\n                                    <div style=\"display:none;\" class=\"gmPhantom_Details\">\r\n                                            <div class=\"gmPhantom_description\">\r\n                            <div class=\"gmPhantom_title\">Taller El \u00e1rbol, Como Fuente De Vida (4)<\/div>\r\n                            <div class=\"gmPhantom_text\"><\/div>\r\n                        <\/div>\r\n                                                            <div class=\"gmPhantom_terms\">\r\n                                                    <div class=\"gmPhantom_other_terms\">\r\n                                <table class=\"gmPhantom_other_terms_table\">\r\n                                                                            <tr class=\"gmPhantom_term_row_album\">\r\n                                            <td class=\"gmPhantom_term_key\">Album<\/td>\r\n                                            <td class=\"gmPhantom_term_value\"><a href=\"\/index.php\/wp-json\/wp\/v2\/posts\/21097?gm292[album__in]=292\" class=\"gmPhantom_alb\">El \u00e1rbol, como fuente de vida-2025<\/a><\/td>\r\n                                        <\/tr>\r\n                                                                    <\/table>\r\n                            <\/div>\r\n                                                <\/div>\r\n                <\/div>\r\n                <\/div>            <div class=\"gmPhantom_ThumbContainer gmPhantom_ThumbLoader\" data-id=\"5042\" data-post_id=\"21102\" data-ratio=\"1.3333333333333\" data-type=\"image\" data-ext=\"jpeg\" data-views=\"13\" data-likes=\"0\" data-cc=\"0\" data-post_link=\"https:\/\/www.fica.unsl.edu.ar\/index.php\/gmedia\/taller_el_rbol_como_fuente_de_vida_3_-jpeg\/\">\r\n                <a href=\"https:\/\/www.fica.unsl.edu.ar\/wp-content\/grand-media\/image\/taller_El_rbol_como_fuente_de_vida_3_.jpeg\" class=\"gmPhantom_Thumb\"><img decoding=\"async\" src=\"https:\/\/www.fica.unsl.edu.ar\/wp-content\/grand-media\/image\/thumb\/taller_El_rbol_como_fuente_de_vida_3_.jpeg\" data-src=\"https:\/\/www.fica.unsl.edu.ar\/wp-content\/grand-media\/image\/taller_El_rbol_como_fuente_de_vida_3_.jpeg\" alt=\"Taller El \u00e1rbol, Como Fuente De Vida (3)\"\/><\/a>\r\n                                    <div class=\"gmPhantom_ThumbLabel\"><span class=\"gmPhantom_ThumbLabel_title\">Taller El \u00e1rbol, Como Fuente De Vida (3)<\/span><\/div>\r\n                                    <div style=\"display:none;\" class=\"gmPhantom_Details\">\r\n                                            <div class=\"gmPhantom_description\">\r\n                            <div class=\"gmPhantom_title\">Taller El \u00e1rbol, Como Fuente De Vida (3)<\/div>\r\n                            <div class=\"gmPhantom_text\"><\/div>\r\n                        <\/div>\r\n                                                            <div class=\"gmPhantom_terms\">\r\n                                                    <div class=\"gmPhantom_other_terms\">\r\n                                <table class=\"gmPhantom_other_terms_table\">\r\n                                                                            <tr class=\"gmPhantom_term_row_album\">\r\n                                            <td class=\"gmPhantom_term_key\">Album<\/td>\r\n                                            <td class=\"gmPhantom_term_value\"><a href=\"\/index.php\/wp-json\/wp\/v2\/posts\/21097?gm292[album__in]=292\" class=\"gmPhantom_alb\">El \u00e1rbol, como fuente de vida-2025<\/a><\/td>\r\n                                        <\/tr>\r\n                                                                    <\/table>\r\n                            <\/div>\r\n                                                <\/div>\r\n                <\/div>\r\n                <\/div>            <div class=\"gmPhantom_ThumbContainer gmPhantom_ThumbLoader\" data-id=\"5041\" data-post_id=\"21101\" data-ratio=\"1.3333333333333\" data-type=\"image\" data-ext=\"jpeg\" data-views=\"18\" data-likes=\"0\" data-cc=\"0\" data-post_link=\"https:\/\/www.fica.unsl.edu.ar\/index.php\/gmedia\/taller_el_rbol_como_fuente_de_vida_2_-jpeg\/\">\r\n                <a href=\"https:\/\/www.fica.unsl.edu.ar\/wp-content\/grand-media\/image\/taller_El_rbol_como_fuente_de_vida_2_.jpeg\" class=\"gmPhantom_Thumb\"><img decoding=\"async\" src=\"https:\/\/www.fica.unsl.edu.ar\/wp-content\/grand-media\/image\/thumb\/taller_El_rbol_como_fuente_de_vida_2_.jpeg\" data-src=\"https:\/\/www.fica.unsl.edu.ar\/wp-content\/grand-media\/image\/taller_El_rbol_como_fuente_de_vida_2_.jpeg\" alt=\"Taller El \u00e1rbol, Como Fuente De Vida (2)\"\/><\/a>\r\n                                    <div class=\"gmPhantom_ThumbLabel\"><span class=\"gmPhantom_ThumbLabel_title\">Taller El \u00e1rbol, Como Fuente De Vida (2)<\/span><\/div>\r\n                                    <div style=\"display:none;\" class=\"gmPhantom_Details\">\r\n                                            <div class=\"gmPhantom_description\">\r\n                            <div class=\"gmPhantom_title\">Taller El \u00e1rbol, Como Fuente De Vida (2)<\/div>\r\n                            <div class=\"gmPhantom_text\"><\/div>\r\n                        <\/div>\r\n                                                            <div class=\"gmPhantom_terms\">\r\n                                                    <div class=\"gmPhantom_other_terms\">\r\n                                <table class=\"gmPhantom_other_terms_table\">\r\n                                                                            <tr class=\"gmPhantom_term_row_album\">\r\n                                            <td class=\"gmPhantom_term_key\">Album<\/td>\r\n                                            <td class=\"gmPhantom_term_value\"><a href=\"\/index.php\/wp-json\/wp\/v2\/posts\/21097?gm292[album__in]=292\" class=\"gmPhantom_alb\">El \u00e1rbol, como fuente de vida-2025<\/a><\/td>\r\n                                        <\/tr>\r\n                                                                    <\/table>\r\n                            <\/div>\r\n                                                <\/div>\r\n                <\/div>\r\n                <\/div>        <\/div>\r\n    <\/div>\r\n<\/div>\n<p>&nbsp;<\/p>\n<p>&nbsp;<\/p>\n","protected":false},"excerpt":{"rendered":"<p>En el marco del D\u00eda del \u00c1rbol, a fines de septiembre, el Proyecto de Extensi\u00f3n Universitario de la FICA \u201cArbolado Urbano: Vulnerabilidad Ambiental del Sistema&hellip;<\/p>\n","protected":false},"author":9,"featured_media":21098,"comment_status":"closed","ping_status":"closed","sticky":false,"template":"","format":"standard","meta":{"_monsterinsights_skip_tracking":false,"_monsterinsights_sitenote_active":false,"_monsterinsights_sitenote_note":"","_monsterinsights_sitenote_category":0,"_joinchat":[],"footnotes":""},"categories":[19],"tags":[],"class_list":["post-21097","post","type-post","status-publish","format-standard","has-post-thumbnail","hentry","category-noticias"],"yoast_head":"<!-- This site is optimized with the Yoast SEO plugin v27.4 - https:\/\/yoast.com\/product\/yoast-seo-wordpress\/ -->\n<title>La FICA y la Municipalidad fortalecen el trabajo conjunto en educaci\u00f3n ambiental - Facultad de Ingenier\u00eda y Ciencias Agropecuarias<\/title>\n<meta name=\"robots\" content=\"index, follow, max-snippet:-1, max-image-preview:large, max-video-preview:-1\" \/>\n<link rel=\"canonical\" href=\"https:\/\/www.fica.unsl.edu.ar\/index.php\/la-fica-y-la-municipalidad-fortalecen-el-trabajo-conjunto-en-educacion-ambiental\/\" \/>\n<meta property=\"og:locale\" content=\"es_ES\" \/>\n<meta property=\"og:type\" content=\"article\" \/>\n<meta property=\"og:title\" content=\"La FICA y la Municipalidad fortalecen el trabajo conjunto en educaci\u00f3n ambiental - Facultad de Ingenier\u00eda y Ciencias Agropecuarias\" \/>\n<meta property=\"og:description\" content=\"En el marco del D\u00eda del \u00c1rbol, a fines de septiembre, el Proyecto de Extensi\u00f3n Universitario de la FICA \u201cArbolado Urbano: Vulnerabilidad Ambiental del Sistema&hellip;\" \/>\n<meta property=\"og:url\" content=\"https:\/\/www.fica.unsl.edu.ar\/index.php\/la-fica-y-la-municipalidad-fortalecen-el-trabajo-conjunto-en-educacion-ambiental\/\" \/>\n<meta property=\"og:site_name\" content=\"Facultad de Ingenier\u00eda y Ciencias Agropecuarias\" \/>\n<meta property=\"article:publisher\" content=\"https:\/\/www.facebook.com\/FICA.UNSL\/\" \/>\n<meta property=\"article:published_time\" content=\"2025-10-06T13:39:12+00:00\" \/>\n<meta property=\"article:modified_time\" content=\"2025-11-10T11:46:03+00:00\" \/>\n<meta property=\"og:image\" content=\"https:\/\/www.fica.unsl.edu.ar\/wp-content\/uploads\/2025\/10\/El-arbol-como-fuente-de-vida-front.jpg\" \/>\n\t<meta property=\"og:image:width\" content=\"1061\" \/>\n\t<meta property=\"og:image:height\" content=\"585\" \/>\n\t<meta property=\"og:image:type\" content=\"image\/jpeg\" \/>\n<meta name=\"author\" content=\"DATI\" \/>\n<meta name=\"twitter:card\" content=\"summary_large_image\" \/>\n<meta name=\"twitter:creator\" content=\"@FICAUNSL\" \/>\n<meta name=\"twitter:site\" content=\"@FICAUNSL\" \/>\n<meta name=\"twitter:label1\" content=\"Escrito por\" \/>\n\t<meta name=\"twitter:data1\" content=\"DATI\" \/>\n\t<meta name=\"twitter:label2\" content=\"Tiempo de lectura\" \/>\n\t<meta name=\"twitter:data2\" content=\"2 minutos\" \/>\n<script type=\"application\/ld+json\" class=\"yoast-schema-graph\">{\"@context\":\"https:\\\/\\\/schema.org\",\"@graph\":[{\"@type\":\"Article\",\"@id\":\"https:\\\/\\\/www.fica.unsl.edu.ar\\\/index.php\\\/la-fica-y-la-municipalidad-fortalecen-el-trabajo-conjunto-en-educacion-ambiental\\\/#article\",\"isPartOf\":{\"@id\":\"https:\\\/\\\/www.fica.unsl.edu.ar\\\/index.php\\\/la-fica-y-la-municipalidad-fortalecen-el-trabajo-conjunto-en-educacion-ambiental\\\/\"},\"author\":{\"name\":\"DATI\",\"@id\":\"https:\\\/\\\/www.fica.unsl.edu.ar\\\/#\\\/schema\\\/person\\\/6058f9c66301868d3a691b1f5d6c3544\"},\"headline\":\"La FICA y la Municipalidad fortalecen el trabajo conjunto en educaci\u00f3n ambiental\",\"datePublished\":\"2025-10-06T13:39:12+00:00\",\"dateModified\":\"2025-11-10T11:46:03+00:00\",\"mainEntityOfPage\":{\"@id\":\"https:\\\/\\\/www.fica.unsl.edu.ar\\\/index.php\\\/la-fica-y-la-municipalidad-fortalecen-el-trabajo-conjunto-en-educacion-ambiental\\\/\"},\"wordCount\":387,\"publisher\":{\"@id\":\"https:\\\/\\\/www.fica.unsl.edu.ar\\\/#organization\"},\"image\":{\"@id\":\"https:\\\/\\\/www.fica.unsl.edu.ar\\\/index.php\\\/la-fica-y-la-municipalidad-fortalecen-el-trabajo-conjunto-en-educacion-ambiental\\\/#primaryimage\"},\"thumbnailUrl\":\"https:\\\/\\\/www.fica.unsl.edu.ar\\\/wp-content\\\/uploads\\\/2025\\\/10\\\/El-arbol-como-fuente-de-vida-front.jpg\",\"articleSection\":[\"Noticias\"],\"inLanguage\":\"es-AR\"},{\"@type\":\"WebPage\",\"@id\":\"https:\\\/\\\/www.fica.unsl.edu.ar\\\/index.php\\\/la-fica-y-la-municipalidad-fortalecen-el-trabajo-conjunto-en-educacion-ambiental\\\/\",\"url\":\"https:\\\/\\\/www.fica.unsl.edu.ar\\\/index.php\\\/la-fica-y-la-municipalidad-fortalecen-el-trabajo-conjunto-en-educacion-ambiental\\\/\",\"name\":\"La FICA y la Municipalidad fortalecen el trabajo conjunto en educaci\u00f3n ambiental - Facultad de Ingenier\u00eda y Ciencias Agropecuarias\",\"isPartOf\":{\"@id\":\"https:\\\/\\\/www.fica.unsl.edu.ar\\\/#website\"},\"primaryImageOfPage\":{\"@id\":\"https:\\\/\\\/www.fica.unsl.edu.ar\\\/index.php\\\/la-fica-y-la-municipalidad-fortalecen-el-trabajo-conjunto-en-educacion-ambiental\\\/#primaryimage\"},\"image\":{\"@id\":\"https:\\\/\\\/www.fica.unsl.edu.ar\\\/index.php\\\/la-fica-y-la-municipalidad-fortalecen-el-trabajo-conjunto-en-educacion-ambiental\\\/#primaryimage\"},\"thumbnailUrl\":\"https:\\\/\\\/www.fica.unsl.edu.ar\\\/wp-content\\\/uploads\\\/2025\\\/10\\\/El-arbol-como-fuente-de-vida-front.jpg\",\"datePublished\":\"2025-10-06T13:39:12+00:00\",\"dateModified\":\"2025-11-10T11:46:03+00:00\",\"inLanguage\":\"es-AR\",\"potentialAction\":[{\"@type\":\"ReadAction\",\"target\":[\"https:\\\/\\\/www.fica.unsl.edu.ar\\\/index.php\\\/la-fica-y-la-municipalidad-fortalecen-el-trabajo-conjunto-en-educacion-ambiental\\\/\"]}]},{\"@type\":\"ImageObject\",\"inLanguage\":\"es-AR\",\"@id\":\"https:\\\/\\\/www.fica.unsl.edu.ar\\\/index.php\\\/la-fica-y-la-municipalidad-fortalecen-el-trabajo-conjunto-en-educacion-ambiental\\\/#primaryimage\",\"url\":\"https:\\\/\\\/www.fica.unsl.edu.ar\\\/wp-content\\\/uploads\\\/2025\\\/10\\\/El-arbol-como-fuente-de-vida-front.jpg\",\"contentUrl\":\"https:\\\/\\\/www.fica.unsl.edu.ar\\\/wp-content\\\/uploads\\\/2025\\\/10\\\/El-arbol-como-fuente-de-vida-front.jpg\",\"width\":1061,\"height\":585},{\"@type\":\"WebSite\",\"@id\":\"https:\\\/\\\/www.fica.unsl.edu.ar\\\/#website\",\"url\":\"https:\\\/\\\/www.fica.unsl.edu.ar\\\/\",\"name\":\"Facultad de Ingenier\u00eda y Ciencias Agropecuarias\",\"description\":\"\",\"publisher\":{\"@id\":\"https:\\\/\\\/www.fica.unsl.edu.ar\\\/#organization\"},\"potentialAction\":[{\"@type\":\"SearchAction\",\"target\":{\"@type\":\"EntryPoint\",\"urlTemplate\":\"https:\\\/\\\/www.fica.unsl.edu.ar\\\/?s={search_term_string}\"},\"query-input\":{\"@type\":\"PropertyValueSpecification\",\"valueRequired\":true,\"valueName\":\"search_term_string\"}}],\"inLanguage\":\"es-AR\"},{\"@type\":\"Organization\",\"@id\":\"https:\\\/\\\/www.fica.unsl.edu.ar\\\/#organization\",\"name\":\"Facultad de Ingenier\u00eda y Ciencias Agropecuarias\",\"url\":\"https:\\\/\\\/www.fica.unsl.edu.ar\\\/\",\"logo\":{\"@type\":\"ImageObject\",\"inLanguage\":\"es-AR\",\"@id\":\"https:\\\/\\\/www.fica.unsl.edu.ar\\\/#\\\/schema\\\/logo\\\/image\\\/\",\"url\":\"https:\\\/\\\/www.fica.unsl.edu.ar\\\/wp-content\\\/uploads\\\/2021\\\/03\\\/LOGO-1.jpg\",\"contentUrl\":\"https:\\\/\\\/www.fica.unsl.edu.ar\\\/wp-content\\\/uploads\\\/2021\\\/03\\\/LOGO-1.jpg\",\"width\":463,\"height\":145,\"caption\":\"Facultad de Ingenier\u00eda y Ciencias Agropecuarias\"},\"image\":{\"@id\":\"https:\\\/\\\/www.fica.unsl.edu.ar\\\/#\\\/schema\\\/logo\\\/image\\\/\"},\"sameAs\":[\"https:\\\/\\\/www.facebook.com\\\/FICA.UNSL\\\/\",\"https:\\\/\\\/x.com\\\/FICAUNSL\",\"https:\\\/\\\/www.instagram.com\\\/fica.unsl\\\/\",\"https:\\\/\\\/www.youtube.com\\\/channel\\\/UCs2MM53gb2PyBrMySdtWZDQ\"]},{\"@type\":\"Person\",\"@id\":\"https:\\\/\\\/www.fica.unsl.edu.ar\\\/#\\\/schema\\\/person\\\/6058f9c66301868d3a691b1f5d6c3544\",\"name\":\"DATI\"}]}<\/script>\n<!-- \/ Yoast SEO plugin. -->","yoast_head_json":{"title":"La FICA y la Municipalidad fortalecen el trabajo conjunto en educaci\u00f3n ambiental - Facultad de Ingenier\u00eda y Ciencias Agropecuarias","robots":{"index":"index","follow":"follow","max-snippet":"max-snippet:-1","max-image-preview":"max-image-preview:large","max-video-preview":"max-video-preview:-1"},"canonical":"https:\/\/www.fica.unsl.edu.ar\/index.php\/la-fica-y-la-municipalidad-fortalecen-el-trabajo-conjunto-en-educacion-ambiental\/","og_locale":"es_ES","og_type":"article","og_title":"La FICA y la Municipalidad fortalecen el trabajo conjunto en educaci\u00f3n ambiental - Facultad de Ingenier\u00eda y Ciencias Agropecuarias","og_description":"En el marco del D\u00eda del \u00c1rbol, a fines de septiembre, el Proyecto de Extensi\u00f3n Universitario de la FICA \u201cArbolado Urbano: Vulnerabilidad Ambiental del Sistema&hellip;","og_url":"https:\/\/www.fica.unsl.edu.ar\/index.php\/la-fica-y-la-municipalidad-fortalecen-el-trabajo-conjunto-en-educacion-ambiental\/","og_site_name":"Facultad de Ingenier\u00eda y Ciencias Agropecuarias","article_publisher":"https:\/\/www.facebook.com\/FICA.UNSL\/","article_published_time":"2025-10-06T13:39:12+00:00","article_modified_time":"2025-11-10T11:46:03+00:00","og_image":[{"width":1061,"height":585,"url":"https:\/\/www.fica.unsl.edu.ar\/wp-content\/uploads\/2025\/10\/El-arbol-como-fuente-de-vida-front.jpg","type":"image\/jpeg"}],"author":"DATI","twitter_card":"summary_large_image","twitter_creator":"@FICAUNSL","twitter_site":"@FICAUNSL","twitter_misc":{"Escrito por":"DATI","Tiempo de lectura":"2 minutos"},"schema":{"@context":"https:\/\/schema.org","@graph":[{"@type":"Article","@id":"https:\/\/www.fica.unsl.edu.ar\/index.php\/la-fica-y-la-municipalidad-fortalecen-el-trabajo-conjunto-en-educacion-ambiental\/#article","isPartOf":{"@id":"https:\/\/www.fica.unsl.edu.ar\/index.php\/la-fica-y-la-municipalidad-fortalecen-el-trabajo-conjunto-en-educacion-ambiental\/"},"author":{"name":"DATI","@id":"https:\/\/www.fica.unsl.edu.ar\/#\/schema\/person\/6058f9c66301868d3a691b1f5d6c3544"},"headline":"La FICA y la Municipalidad fortalecen el trabajo conjunto en educaci\u00f3n ambiental","datePublished":"2025-10-06T13:39:12+00:00","dateModified":"2025-11-10T11:46:03+00:00","mainEntityOfPage":{"@id":"https:\/\/www.fica.unsl.edu.ar\/index.php\/la-fica-y-la-municipalidad-fortalecen-el-trabajo-conjunto-en-educacion-ambiental\/"},"wordCount":387,"publisher":{"@id":"https:\/\/www.fica.unsl.edu.ar\/#organization"},"image":{"@id":"https:\/\/www.fica.unsl.edu.ar\/index.php\/la-fica-y-la-municipalidad-fortalecen-el-trabajo-conjunto-en-educacion-ambiental\/#primaryimage"},"thumbnailUrl":"https:\/\/www.fica.unsl.edu.ar\/wp-content\/uploads\/2025\/10\/El-arbol-como-fuente-de-vida-front.jpg","articleSection":["Noticias"],"inLanguage":"es-AR"},{"@type":"WebPage","@id":"https:\/\/www.fica.unsl.edu.ar\/index.php\/la-fica-y-la-municipalidad-fortalecen-el-trabajo-conjunto-en-educacion-ambiental\/","url":"https:\/\/www.fica.unsl.edu.ar\/index.php\/la-fica-y-la-municipalidad-fortalecen-el-trabajo-conjunto-en-educacion-ambiental\/","name":"La FICA y la Municipalidad fortalecen el trabajo conjunto en educaci\u00f3n ambiental - Facultad de Ingenier\u00eda y Ciencias Agropecuarias","isPartOf":{"@id":"https:\/\/www.fica.unsl.edu.ar\/#website"},"primaryImageOfPage":{"@id":"https:\/\/www.fica.unsl.edu.ar\/index.php\/la-fica-y-la-municipalidad-fortalecen-el-trabajo-conjunto-en-educacion-ambiental\/#primaryimage"},"image":{"@id":"https:\/\/www.fica.unsl.edu.ar\/index.php\/la-fica-y-la-municipalidad-fortalecen-el-trabajo-conjunto-en-educacion-ambiental\/#primaryimage"},"thumbnailUrl":"https:\/\/www.fica.unsl.edu.ar\/wp-content\/uploads\/2025\/10\/El-arbol-como-fuente-de-vida-front.jpg","datePublished":"2025-10-06T13:39:12+00:00","dateModified":"2025-11-10T11:46:03+00:00","inLanguage":"es-AR","potentialAction":[{"@type":"ReadAction","target":["https:\/\/www.fica.unsl.edu.ar\/index.php\/la-fica-y-la-municipalidad-fortalecen-el-trabajo-conjunto-en-educacion-ambiental\/"]}]},{"@type":"ImageObject","inLanguage":"es-AR","@id":"https:\/\/www.fica.unsl.edu.ar\/index.php\/la-fica-y-la-municipalidad-fortalecen-el-trabajo-conjunto-en-educacion-ambiental\/#primaryimage","url":"https:\/\/www.fica.unsl.edu.ar\/wp-content\/uploads\/2025\/10\/El-arbol-como-fuente-de-vida-front.jpg","contentUrl":"https:\/\/www.fica.unsl.edu.ar\/wp-content\/uploads\/2025\/10\/El-arbol-como-fuente-de-vida-front.jpg","width":1061,"height":585},{"@type":"WebSite","@id":"https:\/\/www.fica.unsl.edu.ar\/#website","url":"https:\/\/www.fica.unsl.edu.ar\/","name":"Facultad de Ingenier\u00eda y Ciencias Agropecuarias","description":"","publisher":{"@id":"https:\/\/www.fica.unsl.edu.ar\/#organization"},"potentialAction":[{"@type":"SearchAction","target":{"@type":"EntryPoint","urlTemplate":"https:\/\/www.fica.unsl.edu.ar\/?s={search_term_string}"},"query-input":{"@type":"PropertyValueSpecification","valueRequired":true,"valueName":"search_term_string"}}],"inLanguage":"es-AR"},{"@type":"Organization","@id":"https:\/\/www.fica.unsl.edu.ar\/#organization","name":"Facultad de Ingenier\u00eda y Ciencias Agropecuarias","url":"https:\/\/www.fica.unsl.edu.ar\/","logo":{"@type":"ImageObject","inLanguage":"es-AR","@id":"https:\/\/www.fica.unsl.edu.ar\/#\/schema\/logo\/image\/","url":"https:\/\/www.fica.unsl.edu.ar\/wp-content\/uploads\/2021\/03\/LOGO-1.jpg","contentUrl":"https:\/\/www.fica.unsl.edu.ar\/wp-content\/uploads\/2021\/03\/LOGO-1.jpg","width":463,"height":145,"caption":"Facultad de Ingenier\u00eda y Ciencias Agropecuarias"},"image":{"@id":"https:\/\/www.fica.unsl.edu.ar\/#\/schema\/logo\/image\/"},"sameAs":["https:\/\/www.facebook.com\/FICA.UNSL\/","https:\/\/x.com\/FICAUNSL","https:\/\/www.instagram.com\/fica.unsl\/","https:\/\/www.youtube.com\/channel\/UCs2MM53gb2PyBrMySdtWZDQ"]},{"@type":"Person","@id":"https:\/\/www.fica.unsl.edu.ar\/#\/schema\/person\/6058f9c66301868d3a691b1f5d6c3544","name":"DATI"}]}},"_links":{"self":[{"href":"https:\/\/www.fica.unsl.edu.ar\/index.php\/wp-json\/wp\/v2\/posts\/21097","targetHints":{"allow":["GET"]}}],"collection":[{"href":"https:\/\/www.fica.unsl.edu.ar\/index.php\/wp-json\/wp\/v2\/posts"}],"about":[{"href":"https:\/\/www.fica.unsl.edu.ar\/index.php\/wp-json\/wp\/v2\/types\/post"}],"author":[{"embeddable":true,"href":"https:\/\/www.fica.unsl.edu.ar\/index.php\/wp-json\/wp\/v2\/users\/9"}],"replies":[{"embeddable":true,"href":"https:\/\/www.fica.unsl.edu.ar\/index.php\/wp-json\/wp\/v2\/comments?post=21097"}],"version-history":[{"count":3,"href":"https:\/\/www.fica.unsl.edu.ar\/index.php\/wp-json\/wp\/v2\/posts\/21097\/revisions"}],"predecessor-version":[{"id":21114,"href":"https:\/\/www.fica.unsl.edu.ar\/index.php\/wp-json\/wp\/v2\/posts\/21097\/revisions\/21114"}],"wp:featuredmedia":[{"embeddable":true,"href":"https:\/\/www.fica.unsl.edu.ar\/index.php\/wp-json\/wp\/v2\/media\/21098"}],"wp:attachment":[{"href":"https:\/\/www.fica.unsl.edu.ar\/index.php\/wp-json\/wp\/v2\/media?parent=21097"}],"wp:term":[{"taxonomy":"category","embeddable":true,"href":"https:\/\/www.fica.unsl.edu.ar\/index.php\/wp-json\/wp\/v2\/categories?post=21097"},{"taxonomy":"post_tag","embeddable":true,"href":"https:\/\/www.fica.unsl.edu.ar\/index.php\/wp-json\/wp\/v2\/tags?post=21097"}],"curies":[{"name":"wp","href":"https:\/\/api.w.org\/{rel}","templated":true}]}}