{"id":21121,"date":"2025-10-06T13:15:41","date_gmt":"2025-10-06T16:15:41","guid":{"rendered":"http:\/\/10.101.10.196\/www\/?p=21121"},"modified":"2025-11-10T08:46:07","modified_gmt":"2025-11-10T11:46:07","slug":"la-docente-e-investigadora-dra-laura-rodriguez-realiza-una-estancia-de-investigacion-en-espana","status":"publish","type":"post","link":"https:\/\/www.fica.unsl.edu.ar\/index.php\/la-docente-e-investigadora-dra-laura-rodriguez-realiza-una-estancia-de-investigacion-en-espana\/","title":{"rendered":"La docente e investigadora Dra. Laura Rodriguez realiza una estancia de investigaci\u00f3n en Espa\u00f1a"},"content":{"rendered":"<p>La <strong data-start=\"281\" data-end=\"305\">Dra. Laura Rodr\u00edguez<\/strong>, docente e investigadora de la <strong data-start=\"337\" data-end=\"395\">FICA<\/strong>, fue seleccionada para realizar una <strong data-start=\"478\" data-end=\"511\">movilidad acad\u00e9mica en Espa\u00f1a<\/strong>, en el marco de una <strong data-start=\"532\" data-end=\"616\">beca otorgada por la Asociaci\u00f3n Universitaria Iberoamericana de Postgrado (AUIP)<\/strong>.<\/p>\n<p data-start=\"621\" data-end=\"872\">Esta distinci\u00f3n le permitir\u00e1 continuar con sus pr\u00e1cticas e investigaciones durante <strong data-start=\"704\" data-end=\"790\">tres meses en el Instituto de Ingenier\u00eda de Procesos de la Universidad de Alicante<\/strong>, una instituci\u00f3n de referencia en el \u00e1mbito cient\u00edfico y tecnol\u00f3gico de Europa.<\/p>\n<p data-start=\"874\" data-end=\"1028\">\u201cFue una postulaci\u00f3n con mucha convocatoria a nivel regional, y tuve la alegr\u00eda de quedar seleccionada. Voy a estar tres meses en Espa\u00f1a realizando mi movilidad de investigaci\u00f3n en el Instituto de Investigaciones e Ingenier\u00eda de Procesos de la Universidad de Alicante\u201d, se\u00f1al\u00f3.<\/p>\n<p data-start=\"1312\" data-end=\"1665\">Actualmente, la investigadora se desempe\u00f1a como <strong data-start=\"1360\" data-end=\"1421\">docente de las asignaturas Din\u00e1mica y Control de Procesos<\/strong>, en las carreras de <strong data-start=\"1442\" data-end=\"1490\">Ingenier\u00eda Qu\u00edmica e Ingenier\u00eda en Alimentos<\/strong>, adem\u00e1s de ser <strong data-start=\"1506\" data-end=\"1535\">investigadora del CONICET<\/strong> con lugar de trabajo en el <strong data-start=\"1563\" data-end=\"1626\">Instituto de Investigaciones en Tecnolog\u00eda Qu\u00edmica (ITEQUI)<\/strong>, tambi\u00e9n radicado en Villa Mercedes.<\/p>\n<p data-start=\"1667\" data-end=\"1853\">Sobre la relevancia de estas experiencias internacionales, la Dra. Rodr\u00edguez subray\u00f3 la importancia de fortalecer los v\u00ednculos acad\u00e9micos y de transferencia de conocimiento. \u201cEs muy importante que el conocimiento que uno adquiere en estos grandes centros de investigaci\u00f3n luego pueda ser transmitido a nuestros estudiantes de grado y posgrado. Eso sin duda fortalece la formaci\u00f3n acad\u00e9mica de nuestros egresados y tambi\u00e9n nos enriquece como instituci\u00f3n\u201d destac\u00f3.<\/p>\n<p data-start=\"2140\" data-end=\"2464\">La Facultad de Ingenier\u00eda y Ciencias Agropecuarias celebra este logro, que no solo representa un reconocimiento al trabajo sostenido de la Dra. Rodr\u00edguez, sino tambi\u00e9n un <strong data-start=\"2311\" data-end=\"2374\">nuevo paso en el proceso de internacionalizaci\u00f3n de la UNSL<\/strong>, favoreciendo la <strong data-start=\"2392\" data-end=\"2461\">cooperaci\u00f3n cient\u00edfica y acad\u00e9mica con universidades del exterior<\/strong>.<\/p>\n","protected":false},"excerpt":{"rendered":"<p>La Dra. Laura Rodr\u00edguez, docente e investigadora de la FICA, fue seleccionada para realizar una movilidad acad\u00e9mica en Espa\u00f1a, en el marco de una beca&hellip;<\/p>\n","protected":false},"author":9,"featured_media":21127,"comment_status":"closed","ping_status":"closed","sticky":false,"template":"","format":"standard","meta":{"_monsterinsights_skip_tracking":false,"_monsterinsights_sitenote_active":false,"_monsterinsights_sitenote_note":"","_monsterinsights_sitenote_category":0,"_joinchat":[],"footnotes":""},"categories":[19],"tags":[],"class_list":["post-21121","post","type-post","status-publish","format-standard","has-post-thumbnail","hentry","category-noticias"],"yoast_head":"<!-- This site is optimized with the Yoast SEO plugin v27.4 - https:\/\/yoast.com\/product\/yoast-seo-wordpress\/ -->\n<title>La docente e investigadora Dra. Laura Rodriguez realiza una estancia de investigaci\u00f3n en Espa\u00f1a - Facultad de Ingenier\u00eda y Ciencias Agropecuarias<\/title>\n<meta name=\"robots\" content=\"index, follow, max-snippet:-1, max-image-preview:large, max-video-preview:-1\" \/>\n<link rel=\"canonical\" href=\"https:\/\/www.fica.unsl.edu.ar\/index.php\/la-docente-e-investigadora-dra-laura-rodriguez-realiza-una-estancia-de-investigacion-en-espana\/\" \/>\n<meta property=\"og:locale\" content=\"es_ES\" \/>\n<meta property=\"og:type\" content=\"article\" \/>\n<meta property=\"og:title\" content=\"La docente e investigadora Dra. Laura Rodriguez realiza una estancia de investigaci\u00f3n en Espa\u00f1a\" \/>\n<meta property=\"og:description\" content=\"La Dra. Laura Rodr\u00edguez, docente e investigadora de la FICA, fue seleccionada para realizar una movilidad acad\u00e9mica en Espa\u00f1a, en el marco de una beca otorgada por la Asociaci\u00f3n Universitaria Iberoamericana de Postgrado (AUIP).\" \/>\n<meta property=\"og:url\" content=\"https:\/\/www.fica.unsl.edu.ar\/index.php\/la-docente-e-investigadora-dra-laura-rodriguez-realiza-una-estancia-de-investigacion-en-espana\/\" \/>\n<meta property=\"og:site_name\" content=\"Facultad de Ingenier\u00eda y Ciencias Agropecuarias\" \/>\n<meta property=\"article:publisher\" content=\"https:\/\/www.facebook.com\/FICA.UNSL\/\" \/>\n<meta property=\"article:published_time\" content=\"2025-10-06T16:15:41+00:00\" \/>\n<meta property=\"article:modified_time\" content=\"2025-11-10T11:46:07+00:00\" \/>\n<meta property=\"og:image\" content=\"https:\/\/www.fica.unsl.edu.ar\/wp-content\/uploads\/2021\/03\/LOGO-1.jpg\" \/>\n\t<meta property=\"og:image:width\" content=\"463\" \/>\n\t<meta property=\"og:image:height\" content=\"145\" \/>\n\t<meta property=\"og:image:type\" content=\"image\/jpeg\" \/>\n<meta name=\"author\" content=\"DATI\" \/>\n<meta name=\"twitter:card\" content=\"summary_large_image\" \/>\n<meta name=\"twitter:creator\" content=\"@FICAUNSL\" \/>\n<meta name=\"twitter:site\" content=\"@FICAUNSL\" \/>\n<meta name=\"twitter:label1\" content=\"Escrito por\" \/>\n\t<meta name=\"twitter:data1\" content=\"DATI\" \/>\n\t<meta name=\"twitter:label2\" content=\"Tiempo de lectura\" \/>\n\t<meta name=\"twitter:data2\" content=\"2 minutos\" \/>\n<script type=\"application\/ld+json\" class=\"yoast-schema-graph\">{\"@context\":\"https:\\\/\\\/schema.org\",\"@graph\":[{\"@type\":\"Article\",\"@id\":\"https:\\\/\\\/www.fica.unsl.edu.ar\\\/index.php\\\/la-docente-e-investigadora-dra-laura-rodriguez-realiza-una-estancia-de-investigacion-en-espana\\\/#article\",\"isPartOf\":{\"@id\":\"https:\\\/\\\/www.fica.unsl.edu.ar\\\/index.php\\\/la-docente-e-investigadora-dra-laura-rodriguez-realiza-una-estancia-de-investigacion-en-espana\\\/\"},\"author\":{\"name\":\"DATI\",\"@id\":\"https:\\\/\\\/www.fica.unsl.edu.ar\\\/#\\\/schema\\\/person\\\/6058f9c66301868d3a691b1f5d6c3544\"},\"headline\":\"La docente e investigadora Dra. Laura Rodriguez realiza una estancia de investigaci\u00f3n en Espa\u00f1a\",\"datePublished\":\"2025-10-06T16:15:41+00:00\",\"dateModified\":\"2025-11-10T11:46:07+00:00\",\"mainEntityOfPage\":{\"@id\":\"https:\\\/\\\/www.fica.unsl.edu.ar\\\/index.php\\\/la-docente-e-investigadora-dra-laura-rodriguez-realiza-una-estancia-de-investigacion-en-espana\\\/\"},\"wordCount\":331,\"publisher\":{\"@id\":\"https:\\\/\\\/www.fica.unsl.edu.ar\\\/#organization\"},\"image\":{\"@id\":\"https:\\\/\\\/www.fica.unsl.edu.ar\\\/index.php\\\/la-docente-e-investigadora-dra-laura-rodriguez-realiza-una-estancia-de-investigacion-en-espana\\\/#primaryimage\"},\"thumbnailUrl\":\"https:\\\/\\\/www.fica.unsl.edu.ar\\\/wp-content\\\/uploads\\\/2025\\\/10\\\/laura-rodriguez-front-02.jpg\",\"articleSection\":[\"Noticias\"],\"inLanguage\":\"es-AR\"},{\"@type\":\"WebPage\",\"@id\":\"https:\\\/\\\/www.fica.unsl.edu.ar\\\/index.php\\\/la-docente-e-investigadora-dra-laura-rodriguez-realiza-una-estancia-de-investigacion-en-espana\\\/\",\"url\":\"https:\\\/\\\/www.fica.unsl.edu.ar\\\/index.php\\\/la-docente-e-investigadora-dra-laura-rodriguez-realiza-una-estancia-de-investigacion-en-espana\\\/\",\"name\":\"La docente e investigadora Dra. Laura Rodriguez realiza una estancia de investigaci\u00f3n en Espa\u00f1a - Facultad de Ingenier\u00eda y Ciencias Agropecuarias\",\"isPartOf\":{\"@id\":\"https:\\\/\\\/www.fica.unsl.edu.ar\\\/#website\"},\"primaryImageOfPage\":{\"@id\":\"https:\\\/\\\/www.fica.unsl.edu.ar\\\/index.php\\\/la-docente-e-investigadora-dra-laura-rodriguez-realiza-una-estancia-de-investigacion-en-espana\\\/#primaryimage\"},\"image\":{\"@id\":\"https:\\\/\\\/www.fica.unsl.edu.ar\\\/index.php\\\/la-docente-e-investigadora-dra-laura-rodriguez-realiza-una-estancia-de-investigacion-en-espana\\\/#primaryimage\"},\"thumbnailUrl\":\"https:\\\/\\\/www.fica.unsl.edu.ar\\\/wp-content\\\/uploads\\\/2025\\\/10\\\/laura-rodriguez-front-02.jpg\",\"datePublished\":\"2025-10-06T16:15:41+00:00\",\"dateModified\":\"2025-11-10T11:46:07+00:00\",\"inLanguage\":\"es-AR\",\"potentialAction\":[{\"@type\":\"ReadAction\",\"target\":[\"https:\\\/\\\/www.fica.unsl.edu.ar\\\/index.php\\\/la-docente-e-investigadora-dra-laura-rodriguez-realiza-una-estancia-de-investigacion-en-espana\\\/\"]}]},{\"@type\":\"ImageObject\",\"inLanguage\":\"es-AR\",\"@id\":\"https:\\\/\\\/www.fica.unsl.edu.ar\\\/index.php\\\/la-docente-e-investigadora-dra-laura-rodriguez-realiza-una-estancia-de-investigacion-en-espana\\\/#primaryimage\",\"url\":\"https:\\\/\\\/www.fica.unsl.edu.ar\\\/wp-content\\\/uploads\\\/2025\\\/10\\\/laura-rodriguez-front-02.jpg\",\"contentUrl\":\"https:\\\/\\\/www.fica.unsl.edu.ar\\\/wp-content\\\/uploads\\\/2025\\\/10\\\/laura-rodriguez-front-02.jpg\",\"width\":1061,\"height\":585},{\"@type\":\"WebSite\",\"@id\":\"https:\\\/\\\/www.fica.unsl.edu.ar\\\/#website\",\"url\":\"https:\\\/\\\/www.fica.unsl.edu.ar\\\/\",\"name\":\"Facultad de Ingenier\u00eda y Ciencias Agropecuarias\",\"description\":\"\",\"publisher\":{\"@id\":\"https:\\\/\\\/www.fica.unsl.edu.ar\\\/#organization\"},\"potentialAction\":[{\"@type\":\"SearchAction\",\"target\":{\"@type\":\"EntryPoint\",\"urlTemplate\":\"https:\\\/\\\/www.fica.unsl.edu.ar\\\/?s={search_term_string}\"},\"query-input\":{\"@type\":\"PropertyValueSpecification\",\"valueRequired\":true,\"valueName\":\"search_term_string\"}}],\"inLanguage\":\"es-AR\"},{\"@type\":\"Organization\",\"@id\":\"https:\\\/\\\/www.fica.unsl.edu.ar\\\/#organization\",\"name\":\"Facultad de Ingenier\u00eda y Ciencias Agropecuarias\",\"url\":\"https:\\\/\\\/www.fica.unsl.edu.ar\\\/\",\"logo\":{\"@type\":\"ImageObject\",\"inLanguage\":\"es-AR\",\"@id\":\"https:\\\/\\\/www.fica.unsl.edu.ar\\\/#\\\/schema\\\/logo\\\/image\\\/\",\"url\":\"https:\\\/\\\/www.fica.unsl.edu.ar\\\/wp-content\\\/uploads\\\/2021\\\/03\\\/LOGO-1.jpg\",\"contentUrl\":\"https:\\\/\\\/www.fica.unsl.edu.ar\\\/wp-content\\\/uploads\\\/2021\\\/03\\\/LOGO-1.jpg\",\"width\":463,\"height\":145,\"caption\":\"Facultad de Ingenier\u00eda y Ciencias Agropecuarias\"},\"image\":{\"@id\":\"https:\\\/\\\/www.fica.unsl.edu.ar\\\/#\\\/schema\\\/logo\\\/image\\\/\"},\"sameAs\":[\"https:\\\/\\\/www.facebook.com\\\/FICA.UNSL\\\/\",\"https:\\\/\\\/x.com\\\/FICAUNSL\",\"https:\\\/\\\/www.instagram.com\\\/fica.unsl\\\/\",\"https:\\\/\\\/www.youtube.com\\\/channel\\\/UCs2MM53gb2PyBrMySdtWZDQ\"]},{\"@type\":\"Person\",\"@id\":\"https:\\\/\\\/www.fica.unsl.edu.ar\\\/#\\\/schema\\\/person\\\/6058f9c66301868d3a691b1f5d6c3544\",\"name\":\"DATI\"}]}<\/script>\n<!-- \/ Yoast SEO plugin. -->","yoast_head_json":{"title":"La docente e investigadora Dra. Laura Rodriguez realiza una estancia de investigaci\u00f3n en Espa\u00f1a - Facultad de Ingenier\u00eda y Ciencias Agropecuarias","robots":{"index":"index","follow":"follow","max-snippet":"max-snippet:-1","max-image-preview":"max-image-preview:large","max-video-preview":"max-video-preview:-1"},"canonical":"https:\/\/www.fica.unsl.edu.ar\/index.php\/la-docente-e-investigadora-dra-laura-rodriguez-realiza-una-estancia-de-investigacion-en-espana\/","og_locale":"es_ES","og_type":"article","og_title":"La docente e investigadora Dra. Laura Rodriguez realiza una estancia de investigaci\u00f3n en Espa\u00f1a","og_description":"La Dra. Laura Rodr\u00edguez, docente e investigadora de la FICA, fue seleccionada para realizar una movilidad acad\u00e9mica en Espa\u00f1a, en el marco de una beca otorgada por la Asociaci\u00f3n Universitaria Iberoamericana de Postgrado (AUIP).","og_url":"https:\/\/www.fica.unsl.edu.ar\/index.php\/la-docente-e-investigadora-dra-laura-rodriguez-realiza-una-estancia-de-investigacion-en-espana\/","og_site_name":"Facultad de Ingenier\u00eda y Ciencias Agropecuarias","article_publisher":"https:\/\/www.facebook.com\/FICA.UNSL\/","article_published_time":"2025-10-06T16:15:41+00:00","article_modified_time":"2025-11-10T11:46:07+00:00","og_image":[{"width":463,"height":145,"url":"https:\/\/www.fica.unsl.edu.ar\/wp-content\/uploads\/2021\/03\/LOGO-1.jpg","type":"image\/jpeg"}],"author":"DATI","twitter_card":"summary_large_image","twitter_creator":"@FICAUNSL","twitter_site":"@FICAUNSL","twitter_misc":{"Escrito por":"DATI","Tiempo de lectura":"2 minutos"},"schema":{"@context":"https:\/\/schema.org","@graph":[{"@type":"Article","@id":"https:\/\/www.fica.unsl.edu.ar\/index.php\/la-docente-e-investigadora-dra-laura-rodriguez-realiza-una-estancia-de-investigacion-en-espana\/#article","isPartOf":{"@id":"https:\/\/www.fica.unsl.edu.ar\/index.php\/la-docente-e-investigadora-dra-laura-rodriguez-realiza-una-estancia-de-investigacion-en-espana\/"},"author":{"name":"DATI","@id":"https:\/\/www.fica.unsl.edu.ar\/#\/schema\/person\/6058f9c66301868d3a691b1f5d6c3544"},"headline":"La docente e investigadora Dra. Laura Rodriguez realiza una estancia de investigaci\u00f3n en Espa\u00f1a","datePublished":"2025-10-06T16:15:41+00:00","dateModified":"2025-11-10T11:46:07+00:00","mainEntityOfPage":{"@id":"https:\/\/www.fica.unsl.edu.ar\/index.php\/la-docente-e-investigadora-dra-laura-rodriguez-realiza-una-estancia-de-investigacion-en-espana\/"},"wordCount":331,"publisher":{"@id":"https:\/\/www.fica.unsl.edu.ar\/#organization"},"image":{"@id":"https:\/\/www.fica.unsl.edu.ar\/index.php\/la-docente-e-investigadora-dra-laura-rodriguez-realiza-una-estancia-de-investigacion-en-espana\/#primaryimage"},"thumbnailUrl":"https:\/\/www.fica.unsl.edu.ar\/wp-content\/uploads\/2025\/10\/laura-rodriguez-front-02.jpg","articleSection":["Noticias"],"inLanguage":"es-AR"},{"@type":"WebPage","@id":"https:\/\/www.fica.unsl.edu.ar\/index.php\/la-docente-e-investigadora-dra-laura-rodriguez-realiza-una-estancia-de-investigacion-en-espana\/","url":"https:\/\/www.fica.unsl.edu.ar\/index.php\/la-docente-e-investigadora-dra-laura-rodriguez-realiza-una-estancia-de-investigacion-en-espana\/","name":"La docente e investigadora Dra. Laura Rodriguez realiza una estancia de investigaci\u00f3n en Espa\u00f1a - Facultad de Ingenier\u00eda y Ciencias Agropecuarias","isPartOf":{"@id":"https:\/\/www.fica.unsl.edu.ar\/#website"},"primaryImageOfPage":{"@id":"https:\/\/www.fica.unsl.edu.ar\/index.php\/la-docente-e-investigadora-dra-laura-rodriguez-realiza-una-estancia-de-investigacion-en-espana\/#primaryimage"},"image":{"@id":"https:\/\/www.fica.unsl.edu.ar\/index.php\/la-docente-e-investigadora-dra-laura-rodriguez-realiza-una-estancia-de-investigacion-en-espana\/#primaryimage"},"thumbnailUrl":"https:\/\/www.fica.unsl.edu.ar\/wp-content\/uploads\/2025\/10\/laura-rodriguez-front-02.jpg","datePublished":"2025-10-06T16:15:41+00:00","dateModified":"2025-11-10T11:46:07+00:00","inLanguage":"es-AR","potentialAction":[{"@type":"ReadAction","target":["https:\/\/www.fica.unsl.edu.ar\/index.php\/la-docente-e-investigadora-dra-laura-rodriguez-realiza-una-estancia-de-investigacion-en-espana\/"]}]},{"@type":"ImageObject","inLanguage":"es-AR","@id":"https:\/\/www.fica.unsl.edu.ar\/index.php\/la-docente-e-investigadora-dra-laura-rodriguez-realiza-una-estancia-de-investigacion-en-espana\/#primaryimage","url":"https:\/\/www.fica.unsl.edu.ar\/wp-content\/uploads\/2025\/10\/laura-rodriguez-front-02.jpg","contentUrl":"https:\/\/www.fica.unsl.edu.ar\/wp-content\/uploads\/2025\/10\/laura-rodriguez-front-02.jpg","width":1061,"height":585},{"@type":"WebSite","@id":"https:\/\/www.fica.unsl.edu.ar\/#website","url":"https:\/\/www.fica.unsl.edu.ar\/","name":"Facultad de Ingenier\u00eda y Ciencias Agropecuarias","description":"","publisher":{"@id":"https:\/\/www.fica.unsl.edu.ar\/#organization"},"potentialAction":[{"@type":"SearchAction","target":{"@type":"EntryPoint","urlTemplate":"https:\/\/www.fica.unsl.edu.ar\/?s={search_term_string}"},"query-input":{"@type":"PropertyValueSpecification","valueRequired":true,"valueName":"search_term_string"}}],"inLanguage":"es-AR"},{"@type":"Organization","@id":"https:\/\/www.fica.unsl.edu.ar\/#organization","name":"Facultad de Ingenier\u00eda y Ciencias Agropecuarias","url":"https:\/\/www.fica.unsl.edu.ar\/","logo":{"@type":"ImageObject","inLanguage":"es-AR","@id":"https:\/\/www.fica.unsl.edu.ar\/#\/schema\/logo\/image\/","url":"https:\/\/www.fica.unsl.edu.ar\/wp-content\/uploads\/2021\/03\/LOGO-1.jpg","contentUrl":"https:\/\/www.fica.unsl.edu.ar\/wp-content\/uploads\/2021\/03\/LOGO-1.jpg","width":463,"height":145,"caption":"Facultad de Ingenier\u00eda y Ciencias Agropecuarias"},"image":{"@id":"https:\/\/www.fica.unsl.edu.ar\/#\/schema\/logo\/image\/"},"sameAs":["https:\/\/www.facebook.com\/FICA.UNSL\/","https:\/\/x.com\/FICAUNSL","https:\/\/www.instagram.com\/fica.unsl\/","https:\/\/www.youtube.com\/channel\/UCs2MM53gb2PyBrMySdtWZDQ"]},{"@type":"Person","@id":"https:\/\/www.fica.unsl.edu.ar\/#\/schema\/person\/6058f9c66301868d3a691b1f5d6c3544","name":"DATI"}]}},"_links":{"self":[{"href":"https:\/\/www.fica.unsl.edu.ar\/index.php\/wp-json\/wp\/v2\/posts\/21121","targetHints":{"allow":["GET"]}}],"collection":[{"href":"https:\/\/www.fica.unsl.edu.ar\/index.php\/wp-json\/wp\/v2\/posts"}],"about":[{"href":"https:\/\/www.fica.unsl.edu.ar\/index.php\/wp-json\/wp\/v2\/types\/post"}],"author":[{"embeddable":true,"href":"https:\/\/www.fica.unsl.edu.ar\/index.php\/wp-json\/wp\/v2\/users\/9"}],"replies":[{"embeddable":true,"href":"https:\/\/www.fica.unsl.edu.ar\/index.php\/wp-json\/wp\/v2\/comments?post=21121"}],"version-history":[{"count":3,"href":"https:\/\/www.fica.unsl.edu.ar\/index.php\/wp-json\/wp\/v2\/posts\/21121\/revisions"}],"predecessor-version":[{"id":21125,"href":"https:\/\/www.fica.unsl.edu.ar\/index.php\/wp-json\/wp\/v2\/posts\/21121\/revisions\/21125"}],"wp:featuredmedia":[{"embeddable":true,"href":"https:\/\/www.fica.unsl.edu.ar\/index.php\/wp-json\/wp\/v2\/media\/21127"}],"wp:attachment":[{"href":"https:\/\/www.fica.unsl.edu.ar\/index.php\/wp-json\/wp\/v2\/media?parent=21121"}],"wp:term":[{"taxonomy":"category","embeddable":true,"href":"https:\/\/www.fica.unsl.edu.ar\/index.php\/wp-json\/wp\/v2\/categories?post=21121"},{"taxonomy":"post_tag","embeddable":true,"href":"https:\/\/www.fica.unsl.edu.ar\/index.php\/wp-json\/wp\/v2\/tags?post=21121"}],"curies":[{"name":"wp","href":"https:\/\/api.w.org\/{rel}","templated":true}]}}