{"id":21219,"date":"2025-10-13T09:57:44","date_gmt":"2025-10-13T12:57:44","guid":{"rendered":"http:\/\/10.101.10.196\/www\/?p=21219"},"modified":"2025-10-16T09:00:50","modified_gmt":"2025-10-16T12:00:50","slug":"capacitacion-en-oratoria-y-coaching-de-equipos","status":"publish","type":"post","link":"https:\/\/www.fica.unsl.edu.ar\/index.php\/capacitacion-en-oratoria-y-coaching-de-equipos\/","title":{"rendered":"Capacitaci\u00f3n en Oratoria y Coaching de Equipos"},"content":{"rendered":"<p>La Secretar\u00eda de Extensi\u00f3n, Vinculaci\u00f3n y Transferencia de la FICA invita al <strong data-start=\"293\" data-end=\"351\">Curso de Capacitaci\u00f3n \u201cOratoria y Coaching de Equipos\u201d<\/strong>, que se llevar\u00e1 a cabo el <strong data-start=\"378\" data-end=\"470\">mi\u00e9rcoles 15 de octubre, a las 17 horas, en el Aula de Posgrado del Campus Universitario<\/strong>.<\/p>\n<p>A cargo del <strong data-start=\"488\" data-end=\"512\">Tec. Federico Lucero<\/strong>, este curso est\u00e1 destinado a <strong data-start=\"542\" data-end=\"897\">estudiantes, docentes, nodocentes, personal de apoyo acad\u00e9mico de la FICA y FCEJS, autoridades de la ACA, UNVIME, UPRO, ULP, UNLC, Universidad del Aconcagua, Universidad Siglo 21, IFDC Villa Mercedes, integrantes de las C\u00e1maras de Comercio e Industria de la ciudad de Villa Mercedes, Asociaci\u00f3n de Gastron\u00f3micos y Hoteleros de Villa Mercedes, y p\u00fablico en general<\/strong>.<\/p>\n<h3 style=\"text-align: center;\"><strong><span style=\"color: #0000ff;\"><a style=\"color: #0000ff;\" href=\"https:\/\/docs.google.com\/forms\/d\/e\/1FAIpQLSfJfCw8FaDU6mPJab44t43lWxYThX9FhRNWqj2pe-bL5o4H9Q\/viewform\" target=\"_blank\" rel=\"noopener\">PREINSCRIPCIONES\u00a0<\/a><\/span><\/strong><\/h3>\n<p data-start=\"907\" data-end=\"1213\">El desarrollo de <strong data-start=\"924\" data-end=\"947\">habilidades blandas<\/strong>, dentro de la gesti\u00f3n efectiva de las personas, constituye una de las funciones estrat\u00e9gicas de mayor relevancia en los tiempos actuales. Estas resultan <strong data-start=\"1101\" data-end=\"1144\">elementos diferenciadores e importantes<\/strong> a la hora de generar <strong data-start=\"1166\" data-end=\"1188\">cambios proactivos<\/strong> en los grupos humanos.<\/p>\n<p data-start=\"1220\" data-end=\"1662\">El poder de la oratoria para <strong data-start=\"1249\" data-end=\"1294\">impulsar liderazgos efectivos y positivos<\/strong>, la <strong data-start=\"1299\" data-end=\"1313\">motivaci\u00f3n<\/strong> y la <strong data-start=\"1319\" data-end=\"1375\">comunicaci\u00f3n clara de los objetivos organizacionales<\/strong> son factores fundamentales para <strong data-start=\"1408\" data-end=\"1483\">gestionar efectivamente a las personas a trav\u00e9s del coaching de equipos<\/strong>. Las organizaciones, en general, son <strong data-start=\"1521\" data-end=\"1559\">espacios de construcci\u00f3n colectiva<\/strong>, donde cada uno de los integrantes cumple un <strong data-start=\"1605\" data-end=\"1636\">rol fundamental y necesario<\/strong> para su funcionamiento.<\/p>\n<p data-start=\"1669\" data-end=\"1929\">Entender las implicancias de estas interacciones y trabajar en el desarrollo de estas herramientas es esencial no solo para <strong data-start=\"1793\" data-end=\"1831\">mejorar las actividades cotidianas<\/strong>, sino tambi\u00e9n para la <strong data-start=\"1854\" data-end=\"1926\">planificaci\u00f3n y el crecimiento institucional a mediano y largo plazo<\/strong>.<\/p>\n<p data-start=\"1936\" data-end=\"2418\">Esta capacitaci\u00f3n tiene como finalidad <strong data-start=\"1975\" data-end=\"2027\">contribuir a la formaci\u00f3n de l\u00edderes de proyecto<\/strong> que desempe\u00f1an funciones directivas y gerenciales; <strong data-start=\"2079\" data-end=\"2122\">potenciar las capacidades y habilidades<\/strong> de las personas que coordinan y dirigen equipos de trabajo, a trav\u00e9s de una <strong data-start=\"2199\" data-end=\"2235\">gesti\u00f3n efectiva de las personas<\/strong>; e <strong data-start=\"2239\" data-end=\"2283\">identificar las acciones e interacciones<\/strong> que se generan entre los integrantes de un grupo, optimiz\u00e1ndolas mediante pr\u00e1cticas basadas en la <strong data-start=\"2382\" data-end=\"2415\">relaci\u00f3n positiva y proactiva<\/strong>.<\/p>\n<p data-start=\"2425\" data-end=\"2833\">Este curso se desarrolla como <strong data-start=\"2455\" data-end=\"2600\">una nueva actividad extensionista del Proyecto de Extensi\u00f3n PEIS 14-09 \u201cEducaci\u00f3n para la Seguridad Alimentaria\u201d (RCS 261\/2022, RR 1010\/2024)<\/strong> y tambi\u00e9n del <strong data-start=\"2615\" data-end=\"2731\">Grupo de Servicios FICA \u201cServicios y Asesoramientos T\u00e9cnicos en Sistemas de Producci\u00f3n Frut\u00edcola\u201d (RCD 140\/2014)<\/strong> de la <strong data-start=\"2738\" data-end=\"2774\">Universidad Nacional de San Luis<\/strong>, ambos dirigidos por la <strong data-start=\"2799\" data-end=\"2830\">Dra. Andrea Mariela Quiroga<\/strong>.<\/p>\n","protected":false},"excerpt":{"rendered":"<p>La Secretar\u00eda de Extensi\u00f3n, Vinculaci\u00f3n y Transferencia de la FICA invita al Curso de Capacitaci\u00f3n \u201cOratoria y Coaching de Equipos\u201d, que se llevar\u00e1 a cabo&hellip;<\/p>\n","protected":false},"author":9,"featured_media":21257,"comment_status":"closed","ping_status":"closed","sticky":false,"template":"","format":"standard","meta":{"_monsterinsights_skip_tracking":false,"_monsterinsights_sitenote_active":false,"_monsterinsights_sitenote_note":"","_monsterinsights_sitenote_category":0,"_joinchat":[],"footnotes":""},"categories":[19],"tags":[],"class_list":["post-21219","post","type-post","status-publish","format-standard","has-post-thumbnail","hentry","category-noticias"],"yoast_head":"<!-- This site is optimized with the Yoast SEO plugin v27.4 - https:\/\/yoast.com\/product\/yoast-seo-wordpress\/ -->\n<title>Capacitaci\u00f3n en Oratoria y Coaching de Equipos - Facultad de Ingenier\u00eda y Ciencias Agropecuarias<\/title>\n<meta name=\"robots\" content=\"index, follow, max-snippet:-1, max-image-preview:large, max-video-preview:-1\" \/>\n<link rel=\"canonical\" href=\"https:\/\/www.fica.unsl.edu.ar\/index.php\/capacitacion-en-oratoria-y-coaching-de-equipos\/\" \/>\n<meta property=\"og:locale\" content=\"es_ES\" \/>\n<meta property=\"og:type\" content=\"article\" \/>\n<meta property=\"og:title\" content=\"Capacitaci\u00f3n en Oratoria y Coaching de Equipos - Facultad de Ingenier\u00eda y Ciencias Agropecuarias\" \/>\n<meta property=\"og:description\" content=\"La Secretar\u00eda de Extensi\u00f3n, Vinculaci\u00f3n y Transferencia de la FICA invita al Curso de Capacitaci\u00f3n \u201cOratoria y Coaching de Equipos\u201d, que se llevar\u00e1 a cabo&hellip;\" \/>\n<meta property=\"og:url\" content=\"https:\/\/www.fica.unsl.edu.ar\/index.php\/capacitacion-en-oratoria-y-coaching-de-equipos\/\" \/>\n<meta property=\"og:site_name\" content=\"Facultad de Ingenier\u00eda y Ciencias Agropecuarias\" \/>\n<meta property=\"article:publisher\" content=\"https:\/\/www.facebook.com\/FICA.UNSL\/\" \/>\n<meta property=\"article:published_time\" content=\"2025-10-13T12:57:44+00:00\" \/>\n<meta property=\"article:modified_time\" content=\"2025-10-16T12:00:50+00:00\" \/>\n<meta property=\"og:image\" content=\"https:\/\/www.fica.unsl.edu.ar\/wp-content\/uploads\/2025\/10\/coach-fica-front.png\" \/>\n\t<meta property=\"og:image:width\" content=\"1061\" \/>\n\t<meta property=\"og:image:height\" content=\"585\" \/>\n\t<meta property=\"og:image:type\" content=\"image\/png\" \/>\n<meta name=\"author\" content=\"DATI\" \/>\n<meta name=\"twitter:card\" content=\"summary_large_image\" \/>\n<meta name=\"twitter:creator\" content=\"@FICAUNSL\" \/>\n<meta name=\"twitter:site\" content=\"@FICAUNSL\" \/>\n<meta name=\"twitter:label1\" content=\"Escrito por\" \/>\n\t<meta name=\"twitter:data1\" content=\"DATI\" \/>\n\t<meta name=\"twitter:label2\" content=\"Tiempo de lectura\" \/>\n\t<meta name=\"twitter:data2\" content=\"2 minutos\" \/>\n<script type=\"application\/ld+json\" class=\"yoast-schema-graph\">{\"@context\":\"https:\\\/\\\/schema.org\",\"@graph\":[{\"@type\":\"Article\",\"@id\":\"https:\\\/\\\/www.fica.unsl.edu.ar\\\/index.php\\\/capacitacion-en-oratoria-y-coaching-de-equipos\\\/#article\",\"isPartOf\":{\"@id\":\"https:\\\/\\\/www.fica.unsl.edu.ar\\\/index.php\\\/capacitacion-en-oratoria-y-coaching-de-equipos\\\/\"},\"author\":{\"name\":\"DATI\",\"@id\":\"https:\\\/\\\/www.fica.unsl.edu.ar\\\/#\\\/schema\\\/person\\\/6058f9c66301868d3a691b1f5d6c3544\"},\"headline\":\"Capacitaci\u00f3n en Oratoria y Coaching de Equipos\",\"datePublished\":\"2025-10-13T12:57:44+00:00\",\"dateModified\":\"2025-10-16T12:00:50+00:00\",\"mainEntityOfPage\":{\"@id\":\"https:\\\/\\\/www.fica.unsl.edu.ar\\\/index.php\\\/capacitacion-en-oratoria-y-coaching-de-equipos\\\/\"},\"wordCount\":409,\"publisher\":{\"@id\":\"https:\\\/\\\/www.fica.unsl.edu.ar\\\/#organization\"},\"image\":{\"@id\":\"https:\\\/\\\/www.fica.unsl.edu.ar\\\/index.php\\\/capacitacion-en-oratoria-y-coaching-de-equipos\\\/#primaryimage\"},\"thumbnailUrl\":\"https:\\\/\\\/www.fica.unsl.edu.ar\\\/wp-content\\\/uploads\\\/2025\\\/10\\\/coach-fica-front.png\",\"articleSection\":[\"Noticias\"],\"inLanguage\":\"es-AR\"},{\"@type\":\"WebPage\",\"@id\":\"https:\\\/\\\/www.fica.unsl.edu.ar\\\/index.php\\\/capacitacion-en-oratoria-y-coaching-de-equipos\\\/\",\"url\":\"https:\\\/\\\/www.fica.unsl.edu.ar\\\/index.php\\\/capacitacion-en-oratoria-y-coaching-de-equipos\\\/\",\"name\":\"Capacitaci\u00f3n en Oratoria y Coaching de Equipos - Facultad de Ingenier\u00eda y Ciencias Agropecuarias\",\"isPartOf\":{\"@id\":\"https:\\\/\\\/www.fica.unsl.edu.ar\\\/#website\"},\"primaryImageOfPage\":{\"@id\":\"https:\\\/\\\/www.fica.unsl.edu.ar\\\/index.php\\\/capacitacion-en-oratoria-y-coaching-de-equipos\\\/#primaryimage\"},\"image\":{\"@id\":\"https:\\\/\\\/www.fica.unsl.edu.ar\\\/index.php\\\/capacitacion-en-oratoria-y-coaching-de-equipos\\\/#primaryimage\"},\"thumbnailUrl\":\"https:\\\/\\\/www.fica.unsl.edu.ar\\\/wp-content\\\/uploads\\\/2025\\\/10\\\/coach-fica-front.png\",\"datePublished\":\"2025-10-13T12:57:44+00:00\",\"dateModified\":\"2025-10-16T12:00:50+00:00\",\"inLanguage\":\"es-AR\",\"potentialAction\":[{\"@type\":\"ReadAction\",\"target\":[\"https:\\\/\\\/www.fica.unsl.edu.ar\\\/index.php\\\/capacitacion-en-oratoria-y-coaching-de-equipos\\\/\"]}]},{\"@type\":\"ImageObject\",\"inLanguage\":\"es-AR\",\"@id\":\"https:\\\/\\\/www.fica.unsl.edu.ar\\\/index.php\\\/capacitacion-en-oratoria-y-coaching-de-equipos\\\/#primaryimage\",\"url\":\"https:\\\/\\\/www.fica.unsl.edu.ar\\\/wp-content\\\/uploads\\\/2025\\\/10\\\/coach-fica-front.png\",\"contentUrl\":\"https:\\\/\\\/www.fica.unsl.edu.ar\\\/wp-content\\\/uploads\\\/2025\\\/10\\\/coach-fica-front.png\",\"width\":1061,\"height\":585},{\"@type\":\"WebSite\",\"@id\":\"https:\\\/\\\/www.fica.unsl.edu.ar\\\/#website\",\"url\":\"https:\\\/\\\/www.fica.unsl.edu.ar\\\/\",\"name\":\"Facultad de Ingenier\u00eda y Ciencias Agropecuarias\",\"description\":\"\",\"publisher\":{\"@id\":\"https:\\\/\\\/www.fica.unsl.edu.ar\\\/#organization\"},\"potentialAction\":[{\"@type\":\"SearchAction\",\"target\":{\"@type\":\"EntryPoint\",\"urlTemplate\":\"https:\\\/\\\/www.fica.unsl.edu.ar\\\/?s={search_term_string}\"},\"query-input\":{\"@type\":\"PropertyValueSpecification\",\"valueRequired\":true,\"valueName\":\"search_term_string\"}}],\"inLanguage\":\"es-AR\"},{\"@type\":\"Organization\",\"@id\":\"https:\\\/\\\/www.fica.unsl.edu.ar\\\/#organization\",\"name\":\"Facultad de Ingenier\u00eda y Ciencias Agropecuarias\",\"url\":\"https:\\\/\\\/www.fica.unsl.edu.ar\\\/\",\"logo\":{\"@type\":\"ImageObject\",\"inLanguage\":\"es-AR\",\"@id\":\"https:\\\/\\\/www.fica.unsl.edu.ar\\\/#\\\/schema\\\/logo\\\/image\\\/\",\"url\":\"https:\\\/\\\/www.fica.unsl.edu.ar\\\/wp-content\\\/uploads\\\/2021\\\/03\\\/LOGO-1.jpg\",\"contentUrl\":\"https:\\\/\\\/www.fica.unsl.edu.ar\\\/wp-content\\\/uploads\\\/2021\\\/03\\\/LOGO-1.jpg\",\"width\":463,\"height\":145,\"caption\":\"Facultad de Ingenier\u00eda y Ciencias Agropecuarias\"},\"image\":{\"@id\":\"https:\\\/\\\/www.fica.unsl.edu.ar\\\/#\\\/schema\\\/logo\\\/image\\\/\"},\"sameAs\":[\"https:\\\/\\\/www.facebook.com\\\/FICA.UNSL\\\/\",\"https:\\\/\\\/x.com\\\/FICAUNSL\",\"https:\\\/\\\/www.instagram.com\\\/fica.unsl\\\/\",\"https:\\\/\\\/www.youtube.com\\\/channel\\\/UCs2MM53gb2PyBrMySdtWZDQ\"]},{\"@type\":\"Person\",\"@id\":\"https:\\\/\\\/www.fica.unsl.edu.ar\\\/#\\\/schema\\\/person\\\/6058f9c66301868d3a691b1f5d6c3544\",\"name\":\"DATI\"}]}<\/script>\n<!-- \/ Yoast SEO plugin. -->","yoast_head_json":{"title":"Capacitaci\u00f3n en Oratoria y Coaching de Equipos - Facultad de Ingenier\u00eda y Ciencias Agropecuarias","robots":{"index":"index","follow":"follow","max-snippet":"max-snippet:-1","max-image-preview":"max-image-preview:large","max-video-preview":"max-video-preview:-1"},"canonical":"https:\/\/www.fica.unsl.edu.ar\/index.php\/capacitacion-en-oratoria-y-coaching-de-equipos\/","og_locale":"es_ES","og_type":"article","og_title":"Capacitaci\u00f3n en Oratoria y Coaching de Equipos - Facultad de Ingenier\u00eda y Ciencias Agropecuarias","og_description":"La Secretar\u00eda de Extensi\u00f3n, Vinculaci\u00f3n y Transferencia de la FICA invita al Curso de Capacitaci\u00f3n \u201cOratoria y Coaching de Equipos\u201d, que se llevar\u00e1 a cabo&hellip;","og_url":"https:\/\/www.fica.unsl.edu.ar\/index.php\/capacitacion-en-oratoria-y-coaching-de-equipos\/","og_site_name":"Facultad de Ingenier\u00eda y Ciencias Agropecuarias","article_publisher":"https:\/\/www.facebook.com\/FICA.UNSL\/","article_published_time":"2025-10-13T12:57:44+00:00","article_modified_time":"2025-10-16T12:00:50+00:00","og_image":[{"width":1061,"height":585,"url":"https:\/\/www.fica.unsl.edu.ar\/wp-content\/uploads\/2025\/10\/coach-fica-front.png","type":"image\/png"}],"author":"DATI","twitter_card":"summary_large_image","twitter_creator":"@FICAUNSL","twitter_site":"@FICAUNSL","twitter_misc":{"Escrito por":"DATI","Tiempo de lectura":"2 minutos"},"schema":{"@context":"https:\/\/schema.org","@graph":[{"@type":"Article","@id":"https:\/\/www.fica.unsl.edu.ar\/index.php\/capacitacion-en-oratoria-y-coaching-de-equipos\/#article","isPartOf":{"@id":"https:\/\/www.fica.unsl.edu.ar\/index.php\/capacitacion-en-oratoria-y-coaching-de-equipos\/"},"author":{"name":"DATI","@id":"https:\/\/www.fica.unsl.edu.ar\/#\/schema\/person\/6058f9c66301868d3a691b1f5d6c3544"},"headline":"Capacitaci\u00f3n en Oratoria y Coaching de Equipos","datePublished":"2025-10-13T12:57:44+00:00","dateModified":"2025-10-16T12:00:50+00:00","mainEntityOfPage":{"@id":"https:\/\/www.fica.unsl.edu.ar\/index.php\/capacitacion-en-oratoria-y-coaching-de-equipos\/"},"wordCount":409,"publisher":{"@id":"https:\/\/www.fica.unsl.edu.ar\/#organization"},"image":{"@id":"https:\/\/www.fica.unsl.edu.ar\/index.php\/capacitacion-en-oratoria-y-coaching-de-equipos\/#primaryimage"},"thumbnailUrl":"https:\/\/www.fica.unsl.edu.ar\/wp-content\/uploads\/2025\/10\/coach-fica-front.png","articleSection":["Noticias"],"inLanguage":"es-AR"},{"@type":"WebPage","@id":"https:\/\/www.fica.unsl.edu.ar\/index.php\/capacitacion-en-oratoria-y-coaching-de-equipos\/","url":"https:\/\/www.fica.unsl.edu.ar\/index.php\/capacitacion-en-oratoria-y-coaching-de-equipos\/","name":"Capacitaci\u00f3n en Oratoria y Coaching de Equipos - Facultad de Ingenier\u00eda y Ciencias Agropecuarias","isPartOf":{"@id":"https:\/\/www.fica.unsl.edu.ar\/#website"},"primaryImageOfPage":{"@id":"https:\/\/www.fica.unsl.edu.ar\/index.php\/capacitacion-en-oratoria-y-coaching-de-equipos\/#primaryimage"},"image":{"@id":"https:\/\/www.fica.unsl.edu.ar\/index.php\/capacitacion-en-oratoria-y-coaching-de-equipos\/#primaryimage"},"thumbnailUrl":"https:\/\/www.fica.unsl.edu.ar\/wp-content\/uploads\/2025\/10\/coach-fica-front.png","datePublished":"2025-10-13T12:57:44+00:00","dateModified":"2025-10-16T12:00:50+00:00","inLanguage":"es-AR","potentialAction":[{"@type":"ReadAction","target":["https:\/\/www.fica.unsl.edu.ar\/index.php\/capacitacion-en-oratoria-y-coaching-de-equipos\/"]}]},{"@type":"ImageObject","inLanguage":"es-AR","@id":"https:\/\/www.fica.unsl.edu.ar\/index.php\/capacitacion-en-oratoria-y-coaching-de-equipos\/#primaryimage","url":"https:\/\/www.fica.unsl.edu.ar\/wp-content\/uploads\/2025\/10\/coach-fica-front.png","contentUrl":"https:\/\/www.fica.unsl.edu.ar\/wp-content\/uploads\/2025\/10\/coach-fica-front.png","width":1061,"height":585},{"@type":"WebSite","@id":"https:\/\/www.fica.unsl.edu.ar\/#website","url":"https:\/\/www.fica.unsl.edu.ar\/","name":"Facultad de Ingenier\u00eda y Ciencias Agropecuarias","description":"","publisher":{"@id":"https:\/\/www.fica.unsl.edu.ar\/#organization"},"potentialAction":[{"@type":"SearchAction","target":{"@type":"EntryPoint","urlTemplate":"https:\/\/www.fica.unsl.edu.ar\/?s={search_term_string}"},"query-input":{"@type":"PropertyValueSpecification","valueRequired":true,"valueName":"search_term_string"}}],"inLanguage":"es-AR"},{"@type":"Organization","@id":"https:\/\/www.fica.unsl.edu.ar\/#organization","name":"Facultad de Ingenier\u00eda y Ciencias Agropecuarias","url":"https:\/\/www.fica.unsl.edu.ar\/","logo":{"@type":"ImageObject","inLanguage":"es-AR","@id":"https:\/\/www.fica.unsl.edu.ar\/#\/schema\/logo\/image\/","url":"https:\/\/www.fica.unsl.edu.ar\/wp-content\/uploads\/2021\/03\/LOGO-1.jpg","contentUrl":"https:\/\/www.fica.unsl.edu.ar\/wp-content\/uploads\/2021\/03\/LOGO-1.jpg","width":463,"height":145,"caption":"Facultad de Ingenier\u00eda y Ciencias Agropecuarias"},"image":{"@id":"https:\/\/www.fica.unsl.edu.ar\/#\/schema\/logo\/image\/"},"sameAs":["https:\/\/www.facebook.com\/FICA.UNSL\/","https:\/\/x.com\/FICAUNSL","https:\/\/www.instagram.com\/fica.unsl\/","https:\/\/www.youtube.com\/channel\/UCs2MM53gb2PyBrMySdtWZDQ"]},{"@type":"Person","@id":"https:\/\/www.fica.unsl.edu.ar\/#\/schema\/person\/6058f9c66301868d3a691b1f5d6c3544","name":"DATI"}]}},"_links":{"self":[{"href":"https:\/\/www.fica.unsl.edu.ar\/index.php\/wp-json\/wp\/v2\/posts\/21219","targetHints":{"allow":["GET"]}}],"collection":[{"href":"https:\/\/www.fica.unsl.edu.ar\/index.php\/wp-json\/wp\/v2\/posts"}],"about":[{"href":"https:\/\/www.fica.unsl.edu.ar\/index.php\/wp-json\/wp\/v2\/types\/post"}],"author":[{"embeddable":true,"href":"https:\/\/www.fica.unsl.edu.ar\/index.php\/wp-json\/wp\/v2\/users\/9"}],"replies":[{"embeddable":true,"href":"https:\/\/www.fica.unsl.edu.ar\/index.php\/wp-json\/wp\/v2\/comments?post=21219"}],"version-history":[{"count":4,"href":"https:\/\/www.fica.unsl.edu.ar\/index.php\/wp-json\/wp\/v2\/posts\/21219\/revisions"}],"predecessor-version":[{"id":21224,"href":"https:\/\/www.fica.unsl.edu.ar\/index.php\/wp-json\/wp\/v2\/posts\/21219\/revisions\/21224"}],"wp:featuredmedia":[{"embeddable":true,"href":"https:\/\/www.fica.unsl.edu.ar\/index.php\/wp-json\/wp\/v2\/media\/21257"}],"wp:attachment":[{"href":"https:\/\/www.fica.unsl.edu.ar\/index.php\/wp-json\/wp\/v2\/media?parent=21219"}],"wp:term":[{"taxonomy":"category","embeddable":true,"href":"https:\/\/www.fica.unsl.edu.ar\/index.php\/wp-json\/wp\/v2\/categories?post=21219"},{"taxonomy":"post_tag","embeddable":true,"href":"https:\/\/www.fica.unsl.edu.ar\/index.php\/wp-json\/wp\/v2\/tags?post=21219"}],"curies":[{"name":"wp","href":"https:\/\/api.w.org\/{rel}","templated":true}]}}