{"id":21276,"date":"2025-10-20T11:52:03","date_gmt":"2025-10-20T14:52:03","guid":{"rendered":"http:\/\/10.101.10.196\/www\/?p=21276"},"modified":"2025-10-20T14:28:15","modified_gmt":"2025-10-20T17:28:15","slug":"curso-bienestar-y-conciencia-academica","status":"publish","type":"post","link":"https:\/\/www.fica.unsl.edu.ar\/index.php\/curso-bienestar-y-conciencia-academica\/","title":{"rendered":"Curso \u201cBienestar y Conciencia Acad\u00e9mica\u201d"},"content":{"rendered":"<p>La Facultad de Ingenier\u00eda y Ciencias Agropecuarias (FICA) invita a participar del curso <strong>\u201cBienestar y Conciencia Acad\u00e9mica\u201d<\/strong>, que se llevar\u00e1 a cabo el pr\u00f3ximo <strong>mi\u00e9rcoles 22 de octubre<\/strong>, de <strong>17:00 a 20:00 horas<\/strong>, en el <strong>aula de Posgrado del Campus Universitario Villa Mercedes<\/strong>.<\/p>\n<p>La propuesta tiene como prop\u00f3sito <strong>brindar herramientas gesti\u00f3n de emociones y comunicaci\u00f3n efectiva, entre el docente &#8211; alumno y viceversa. <\/strong>Promoviendo una formaci\u00f3n integral que contemple tanto los aspectos t\u00e9cnicos como los emocionales y relacionales del proceso de aprendizaje.<\/p>\n<p>El curso estar\u00e1 a cargo de <strong>Luna Noelia<\/strong>, <em>coach educacional<\/em>, y cuenta con la <strong>coordinaci\u00f3n de la Dra. Ing. Agr. Mariela Quiroga<\/strong>.<br \/>\nLa actividad se desarrollar\u00e1 de manera <strong>presencial<\/strong> y est\u00e1 dirigida a estudiantes y docentes de las carreras de la FICA y de otras instituciones.<\/p>\n<h2 style=\"text-align: center;\"><span style=\"color: #0000ff; font-size: 20px;\"><a style=\"color: #0000ff;\" href=\"https:\/\/docs.google.com\/forms\/d\/e\/1FAIpQLSd527briNjUvBKq-4ls3bycoREIwyHA74p36BhSlyjuyv4RTw\/viewform\" target=\"_blank\" rel=\"noopener\">LINK DE PREINSCRIPCI\u00d3N<\/a><\/span><\/h2>\n","protected":false},"excerpt":{"rendered":"<p>La Facultad de Ingenier\u00eda y Ciencias Agropecuarias (FICA) invita a participar del curso \u201cBienestar y Conciencia Acad\u00e9mica\u201d, que se llevar\u00e1 a cabo el pr\u00f3ximo mi\u00e9rcoles&hellip;<\/p>\n","protected":false},"author":9,"featured_media":0,"comment_status":"closed","ping_status":"closed","sticky":false,"template":"","format":"standard","meta":{"_monsterinsights_skip_tracking":false,"_monsterinsights_sitenote_active":false,"_monsterinsights_sitenote_note":"","_monsterinsights_sitenote_category":0,"_joinchat":[],"footnotes":""},"categories":[22],"tags":[],"class_list":["post-21276","post","type-post","status-publish","format-standard","hentry","category-archivadas"],"yoast_head":"<!-- This site is optimized with the Yoast SEO plugin v27.4 - https:\/\/yoast.com\/product\/yoast-seo-wordpress\/ -->\n<title>Curso \u201cBienestar y Conciencia Acad\u00e9mica\u201d - Facultad de Ingenier\u00eda y Ciencias Agropecuarias<\/title>\n<meta name=\"robots\" content=\"index, follow, max-snippet:-1, max-image-preview:large, max-video-preview:-1\" \/>\n<link rel=\"canonical\" href=\"https:\/\/www.fica.unsl.edu.ar\/index.php\/curso-bienestar-y-conciencia-academica\/\" \/>\n<meta property=\"og:locale\" content=\"es_ES\" \/>\n<meta property=\"og:type\" content=\"article\" \/>\n<meta property=\"og:title\" content=\"Curso \u201cBienestar y Conciencia Acad\u00e9mica\u201d - Facultad de Ingenier\u00eda y Ciencias Agropecuarias\" \/>\n<meta property=\"og:description\" content=\"La Facultad de Ingenier\u00eda y Ciencias Agropecuarias (FICA) invita a participar del curso \u201cBienestar y Conciencia Acad\u00e9mica\u201d, que se llevar\u00e1 a cabo el pr\u00f3ximo mi\u00e9rcoles&hellip;\" \/>\n<meta property=\"og:url\" content=\"https:\/\/www.fica.unsl.edu.ar\/index.php\/curso-bienestar-y-conciencia-academica\/\" \/>\n<meta property=\"og:site_name\" content=\"Facultad de Ingenier\u00eda y Ciencias Agropecuarias\" \/>\n<meta property=\"article:publisher\" content=\"https:\/\/www.facebook.com\/FICA.UNSL\/\" \/>\n<meta property=\"article:published_time\" content=\"2025-10-20T14:52:03+00:00\" \/>\n<meta property=\"article:modified_time\" content=\"2025-10-20T17:28:15+00:00\" \/>\n<meta property=\"og:image\" content=\"https:\/\/www.fica.unsl.edu.ar\/wp-content\/uploads\/2021\/03\/LOGO-1.jpg\" \/>\n\t<meta property=\"og:image:width\" content=\"463\" \/>\n\t<meta property=\"og:image:height\" content=\"145\" \/>\n\t<meta property=\"og:image:type\" content=\"image\/jpeg\" \/>\n<meta name=\"author\" content=\"DATI\" \/>\n<meta name=\"twitter:card\" content=\"summary_large_image\" \/>\n<meta name=\"twitter:creator\" content=\"@FICAUNSL\" \/>\n<meta name=\"twitter:site\" content=\"@FICAUNSL\" \/>\n<meta name=\"twitter:label1\" content=\"Escrito por\" \/>\n\t<meta name=\"twitter:data1\" content=\"DATI\" \/>\n\t<meta name=\"twitter:label2\" content=\"Tiempo de lectura\" \/>\n\t<meta name=\"twitter:data2\" content=\"1 minuto\" \/>\n<script type=\"application\/ld+json\" class=\"yoast-schema-graph\">{\"@context\":\"https:\\\/\\\/schema.org\",\"@graph\":[{\"@type\":\"Article\",\"@id\":\"https:\\\/\\\/www.fica.unsl.edu.ar\\\/index.php\\\/curso-bienestar-y-conciencia-academica\\\/#article\",\"isPartOf\":{\"@id\":\"https:\\\/\\\/www.fica.unsl.edu.ar\\\/index.php\\\/curso-bienestar-y-conciencia-academica\\\/\"},\"author\":{\"name\":\"DATI\",\"@id\":\"https:\\\/\\\/www.fica.unsl.edu.ar\\\/#\\\/schema\\\/person\\\/6058f9c66301868d3a691b1f5d6c3544\"},\"headline\":\"Curso \u201cBienestar y Conciencia Acad\u00e9mica\u201d\",\"datePublished\":\"2025-10-20T14:52:03+00:00\",\"dateModified\":\"2025-10-20T17:28:15+00:00\",\"mainEntityOfPage\":{\"@id\":\"https:\\\/\\\/www.fica.unsl.edu.ar\\\/index.php\\\/curso-bienestar-y-conciencia-academica\\\/\"},\"wordCount\":145,\"publisher\":{\"@id\":\"https:\\\/\\\/www.fica.unsl.edu.ar\\\/#organization\"},\"articleSection\":[\"Archivadas\"],\"inLanguage\":\"es-AR\"},{\"@type\":\"WebPage\",\"@id\":\"https:\\\/\\\/www.fica.unsl.edu.ar\\\/index.php\\\/curso-bienestar-y-conciencia-academica\\\/\",\"url\":\"https:\\\/\\\/www.fica.unsl.edu.ar\\\/index.php\\\/curso-bienestar-y-conciencia-academica\\\/\",\"name\":\"Curso \u201cBienestar y Conciencia Acad\u00e9mica\u201d - Facultad de Ingenier\u00eda y Ciencias Agropecuarias\",\"isPartOf\":{\"@id\":\"https:\\\/\\\/www.fica.unsl.edu.ar\\\/#website\"},\"datePublished\":\"2025-10-20T14:52:03+00:00\",\"dateModified\":\"2025-10-20T17:28:15+00:00\",\"inLanguage\":\"es-AR\",\"potentialAction\":[{\"@type\":\"ReadAction\",\"target\":[\"https:\\\/\\\/www.fica.unsl.edu.ar\\\/index.php\\\/curso-bienestar-y-conciencia-academica\\\/\"]}]},{\"@type\":\"WebSite\",\"@id\":\"https:\\\/\\\/www.fica.unsl.edu.ar\\\/#website\",\"url\":\"https:\\\/\\\/www.fica.unsl.edu.ar\\\/\",\"name\":\"Facultad de Ingenier\u00eda y Ciencias Agropecuarias\",\"description\":\"\",\"publisher\":{\"@id\":\"https:\\\/\\\/www.fica.unsl.edu.ar\\\/#organization\"},\"potentialAction\":[{\"@type\":\"SearchAction\",\"target\":{\"@type\":\"EntryPoint\",\"urlTemplate\":\"https:\\\/\\\/www.fica.unsl.edu.ar\\\/?s={search_term_string}\"},\"query-input\":{\"@type\":\"PropertyValueSpecification\",\"valueRequired\":true,\"valueName\":\"search_term_string\"}}],\"inLanguage\":\"es-AR\"},{\"@type\":\"Organization\",\"@id\":\"https:\\\/\\\/www.fica.unsl.edu.ar\\\/#organization\",\"name\":\"Facultad de Ingenier\u00eda y Ciencias Agropecuarias\",\"url\":\"https:\\\/\\\/www.fica.unsl.edu.ar\\\/\",\"logo\":{\"@type\":\"ImageObject\",\"inLanguage\":\"es-AR\",\"@id\":\"https:\\\/\\\/www.fica.unsl.edu.ar\\\/#\\\/schema\\\/logo\\\/image\\\/\",\"url\":\"https:\\\/\\\/www.fica.unsl.edu.ar\\\/wp-content\\\/uploads\\\/2021\\\/03\\\/LOGO-1.jpg\",\"contentUrl\":\"https:\\\/\\\/www.fica.unsl.edu.ar\\\/wp-content\\\/uploads\\\/2021\\\/03\\\/LOGO-1.jpg\",\"width\":463,\"height\":145,\"caption\":\"Facultad de Ingenier\u00eda y Ciencias Agropecuarias\"},\"image\":{\"@id\":\"https:\\\/\\\/www.fica.unsl.edu.ar\\\/#\\\/schema\\\/logo\\\/image\\\/\"},\"sameAs\":[\"https:\\\/\\\/www.facebook.com\\\/FICA.UNSL\\\/\",\"https:\\\/\\\/x.com\\\/FICAUNSL\",\"https:\\\/\\\/www.instagram.com\\\/fica.unsl\\\/\",\"https:\\\/\\\/www.youtube.com\\\/channel\\\/UCs2MM53gb2PyBrMySdtWZDQ\"]},{\"@type\":\"Person\",\"@id\":\"https:\\\/\\\/www.fica.unsl.edu.ar\\\/#\\\/schema\\\/person\\\/6058f9c66301868d3a691b1f5d6c3544\",\"name\":\"DATI\"}]}<\/script>\n<!-- \/ Yoast SEO plugin. -->","yoast_head_json":{"title":"Curso \u201cBienestar y Conciencia Acad\u00e9mica\u201d - Facultad de Ingenier\u00eda y Ciencias Agropecuarias","robots":{"index":"index","follow":"follow","max-snippet":"max-snippet:-1","max-image-preview":"max-image-preview:large","max-video-preview":"max-video-preview:-1"},"canonical":"https:\/\/www.fica.unsl.edu.ar\/index.php\/curso-bienestar-y-conciencia-academica\/","og_locale":"es_ES","og_type":"article","og_title":"Curso \u201cBienestar y Conciencia Acad\u00e9mica\u201d - Facultad de Ingenier\u00eda y Ciencias Agropecuarias","og_description":"La Facultad de Ingenier\u00eda y Ciencias Agropecuarias (FICA) invita a participar del curso \u201cBienestar y Conciencia Acad\u00e9mica\u201d, que se llevar\u00e1 a cabo el pr\u00f3ximo mi\u00e9rcoles&hellip;","og_url":"https:\/\/www.fica.unsl.edu.ar\/index.php\/curso-bienestar-y-conciencia-academica\/","og_site_name":"Facultad de Ingenier\u00eda y Ciencias Agropecuarias","article_publisher":"https:\/\/www.facebook.com\/FICA.UNSL\/","article_published_time":"2025-10-20T14:52:03+00:00","article_modified_time":"2025-10-20T17:28:15+00:00","og_image":[{"width":463,"height":145,"url":"https:\/\/www.fica.unsl.edu.ar\/wp-content\/uploads\/2021\/03\/LOGO-1.jpg","type":"image\/jpeg"}],"author":"DATI","twitter_card":"summary_large_image","twitter_creator":"@FICAUNSL","twitter_site":"@FICAUNSL","twitter_misc":{"Escrito por":"DATI","Tiempo de lectura":"1 minuto"},"schema":{"@context":"https:\/\/schema.org","@graph":[{"@type":"Article","@id":"https:\/\/www.fica.unsl.edu.ar\/index.php\/curso-bienestar-y-conciencia-academica\/#article","isPartOf":{"@id":"https:\/\/www.fica.unsl.edu.ar\/index.php\/curso-bienestar-y-conciencia-academica\/"},"author":{"name":"DATI","@id":"https:\/\/www.fica.unsl.edu.ar\/#\/schema\/person\/6058f9c66301868d3a691b1f5d6c3544"},"headline":"Curso \u201cBienestar y Conciencia Acad\u00e9mica\u201d","datePublished":"2025-10-20T14:52:03+00:00","dateModified":"2025-10-20T17:28:15+00:00","mainEntityOfPage":{"@id":"https:\/\/www.fica.unsl.edu.ar\/index.php\/curso-bienestar-y-conciencia-academica\/"},"wordCount":145,"publisher":{"@id":"https:\/\/www.fica.unsl.edu.ar\/#organization"},"articleSection":["Archivadas"],"inLanguage":"es-AR"},{"@type":"WebPage","@id":"https:\/\/www.fica.unsl.edu.ar\/index.php\/curso-bienestar-y-conciencia-academica\/","url":"https:\/\/www.fica.unsl.edu.ar\/index.php\/curso-bienestar-y-conciencia-academica\/","name":"Curso \u201cBienestar y Conciencia Acad\u00e9mica\u201d - Facultad de Ingenier\u00eda y Ciencias Agropecuarias","isPartOf":{"@id":"https:\/\/www.fica.unsl.edu.ar\/#website"},"datePublished":"2025-10-20T14:52:03+00:00","dateModified":"2025-10-20T17:28:15+00:00","inLanguage":"es-AR","potentialAction":[{"@type":"ReadAction","target":["https:\/\/www.fica.unsl.edu.ar\/index.php\/curso-bienestar-y-conciencia-academica\/"]}]},{"@type":"WebSite","@id":"https:\/\/www.fica.unsl.edu.ar\/#website","url":"https:\/\/www.fica.unsl.edu.ar\/","name":"Facultad de Ingenier\u00eda y Ciencias Agropecuarias","description":"","publisher":{"@id":"https:\/\/www.fica.unsl.edu.ar\/#organization"},"potentialAction":[{"@type":"SearchAction","target":{"@type":"EntryPoint","urlTemplate":"https:\/\/www.fica.unsl.edu.ar\/?s={search_term_string}"},"query-input":{"@type":"PropertyValueSpecification","valueRequired":true,"valueName":"search_term_string"}}],"inLanguage":"es-AR"},{"@type":"Organization","@id":"https:\/\/www.fica.unsl.edu.ar\/#organization","name":"Facultad de Ingenier\u00eda y Ciencias Agropecuarias","url":"https:\/\/www.fica.unsl.edu.ar\/","logo":{"@type":"ImageObject","inLanguage":"es-AR","@id":"https:\/\/www.fica.unsl.edu.ar\/#\/schema\/logo\/image\/","url":"https:\/\/www.fica.unsl.edu.ar\/wp-content\/uploads\/2021\/03\/LOGO-1.jpg","contentUrl":"https:\/\/www.fica.unsl.edu.ar\/wp-content\/uploads\/2021\/03\/LOGO-1.jpg","width":463,"height":145,"caption":"Facultad de Ingenier\u00eda y Ciencias Agropecuarias"},"image":{"@id":"https:\/\/www.fica.unsl.edu.ar\/#\/schema\/logo\/image\/"},"sameAs":["https:\/\/www.facebook.com\/FICA.UNSL\/","https:\/\/x.com\/FICAUNSL","https:\/\/www.instagram.com\/fica.unsl\/","https:\/\/www.youtube.com\/channel\/UCs2MM53gb2PyBrMySdtWZDQ"]},{"@type":"Person","@id":"https:\/\/www.fica.unsl.edu.ar\/#\/schema\/person\/6058f9c66301868d3a691b1f5d6c3544","name":"DATI"}]}},"_links":{"self":[{"href":"https:\/\/www.fica.unsl.edu.ar\/index.php\/wp-json\/wp\/v2\/posts\/21276","targetHints":{"allow":["GET"]}}],"collection":[{"href":"https:\/\/www.fica.unsl.edu.ar\/index.php\/wp-json\/wp\/v2\/posts"}],"about":[{"href":"https:\/\/www.fica.unsl.edu.ar\/index.php\/wp-json\/wp\/v2\/types\/post"}],"author":[{"embeddable":true,"href":"https:\/\/www.fica.unsl.edu.ar\/index.php\/wp-json\/wp\/v2\/users\/9"}],"replies":[{"embeddable":true,"href":"https:\/\/www.fica.unsl.edu.ar\/index.php\/wp-json\/wp\/v2\/comments?post=21276"}],"version-history":[{"count":2,"href":"https:\/\/www.fica.unsl.edu.ar\/index.php\/wp-json\/wp\/v2\/posts\/21276\/revisions"}],"predecessor-version":[{"id":21281,"href":"https:\/\/www.fica.unsl.edu.ar\/index.php\/wp-json\/wp\/v2\/posts\/21276\/revisions\/21281"}],"wp:attachment":[{"href":"https:\/\/www.fica.unsl.edu.ar\/index.php\/wp-json\/wp\/v2\/media?parent=21276"}],"wp:term":[{"taxonomy":"category","embeddable":true,"href":"https:\/\/www.fica.unsl.edu.ar\/index.php\/wp-json\/wp\/v2\/categories?post=21276"},{"taxonomy":"post_tag","embeddable":true,"href":"https:\/\/www.fica.unsl.edu.ar\/index.php\/wp-json\/wp\/v2\/tags?post=21276"}],"curies":[{"name":"wp","href":"https:\/\/api.w.org\/{rel}","templated":true}]}}