{"id":21299,"date":"2025-11-12T10:26:35","date_gmt":"2025-11-12T13:26:35","guid":{"rendered":"http:\/\/10.101.10.196\/www\/?p=21299"},"modified":"2025-12-02T11:25:48","modified_gmt":"2025-12-02T14:25:48","slug":"ingeniosamente-vuelve-con-su-segunda-edicion-en-la-fica","status":"publish","type":"post","link":"https:\/\/www.fica.unsl.edu.ar\/index.php\/ingeniosamente-vuelve-con-su-segunda-edicion-en-la-fica\/","title":{"rendered":"\u201cIngeniosamente\u201d vuelve con su segunda edici\u00f3n en la FICA"},"content":{"rendered":"<p data-start=\"168\" data-end=\"497\">La <strong data-start=\"171\" data-end=\"229\">Facultad de Ingenier\u00eda y Ciencias Agropecuarias (FICA)<\/strong> de la <strong data-start=\"236\" data-end=\"279\">Universidad Nacional de San Luis (UNSL)<\/strong> tiene el placer de anunciar que los d\u00edas <strong data-start=\"321\" data-end=\"360\">jueves 20 y viernes 21 de noviembre<\/strong> se llevar\u00e1 a cabo la segunda edici\u00f3n de su exitoso evento de divulgaci\u00f3n: <strong data-start=\"435\" data-end=\"494\">\u201cIngeniosamente: Jugando a ser ingenieras e ingenieros\u201d<\/strong>.<\/p>\n<p data-start=\"504\" data-end=\"991\">Desarrollado en el <strong data-start=\"523\" data-end=\"576\">Campus Universitario de la UNSL en Villa Mercedes<\/strong>, \u201cIngeniosamente\u201d es un evento cient\u00edfico-educativo y l\u00fadico destinado a <strong data-start=\"650\" data-end=\"700\">ni\u00f1os y ni\u00f1as en edad escolar (de 4 a 12 a\u00f1os)<\/strong>. Su objetivo principal es <strong data-start=\"727\" data-end=\"798\">despertar vocaciones cient\u00edfico-tecnol\u00f3gicas desde edades tempranas<\/strong> y <strong data-start=\"801\" data-end=\"865\">promover las \u00e1reas de Ciencia, Tecnolog\u00eda e Innovaci\u00f3n (CTI)<\/strong> mediante experiencias interactivas, experimentos y actividades que muestran el lado m\u00e1s divertido y creativo de la ciencia.<\/p>\n<p data-start=\"998\" data-end=\"1176\">El <strong data-start=\"1001\" data-end=\"1014\">jueves 20<\/strong> estar\u00e1 dedicado a <strong data-start=\"1033\" data-end=\"1059\">delegaciones escolares<\/strong>, ofreciendo un contexto ideal para la integraci\u00f3n curricular y la experimentaci\u00f3n en un ambiente educativo formal.<\/p>\n<p data-start=\"1183\" data-end=\"1359\">El <strong data-start=\"1186\" data-end=\"1200\">viernes 21<\/strong>, las puertas se abrir\u00e1n a <strong data-start=\"1227\" data-end=\"1248\">toda la comunidad<\/strong>, permitiendo que las familias compartan un espacio de ciencia, aprendizaje y recreaci\u00f3n en un formato libre.<\/p>\n<p data-start=\"1366\" data-end=\"1396\">\ud83e\udde0 <strong data-start=\"1369\" data-end=\"1394\">Cronograma del evento<\/strong><\/p>\n<p data-start=\"1403\" data-end=\"1576\"><strong data-start=\"1403\" data-end=\"1452\">\ud83d\udcc5 Jueves 20 de noviembre \u2013 Jornada educativa<\/strong><br data-start=\"1452\" data-end=\"1455\" \/>\u23f0 De 9 a 12 y de 14 a 17 horas<br data-start=\"1487\" data-end=\"1490\" \/>\ud83c\udf93 Destinado a escuelas y establecimientos educativos de nivel inicial y primario.<\/p>\n<p data-start=\"1583\" data-end=\"1757\"><strong data-start=\"1583\" data-end=\"1635\">\ud83d\udcc5 Viernes 21 de noviembre \u2013 Jornada comunitaria<\/strong><br data-start=\"1635\" data-end=\"1638\" \/>\u23f0 De 10 a 17 horas<br data-start=\"1658\" data-end=\"1661\" \/>\ud83d\udc68\u200d\ud83d\udc69\u200d\ud83d\udc67\u200d\ud83d\udc66 Destinado a la comunidad en general y familias de Villa Mercedes y zonas aleda\u00f1as.<\/p>\n","protected":false},"excerpt":{"rendered":"<p>La Facultad de Ingenier\u00eda y Ciencias Agropecuarias (FICA) de la Universidad Nacional de San Luis (UNSL) tiene el placer de anunciar que los d\u00edas jueves&hellip;<\/p>\n","protected":false},"author":9,"featured_media":21298,"comment_status":"closed","ping_status":"closed","sticky":false,"template":"","format":"standard","meta":{"_monsterinsights_skip_tracking":false,"_monsterinsights_sitenote_active":false,"_monsterinsights_sitenote_note":"","_monsterinsights_sitenote_category":0,"_joinchat":[],"footnotes":""},"categories":[19],"tags":[],"class_list":["post-21299","post","type-post","status-publish","format-standard","has-post-thumbnail","hentry","category-noticias"],"yoast_head":"<!-- This site is optimized with the Yoast SEO plugin v27.4 - https:\/\/yoast.com\/product\/yoast-seo-wordpress\/ -->\n<title>\u201cIngeniosamente\u201d vuelve con su segunda edici\u00f3n en la FICA - Facultad de Ingenier\u00eda y Ciencias Agropecuarias<\/title>\n<meta name=\"robots\" content=\"index, follow, max-snippet:-1, max-image-preview:large, max-video-preview:-1\" \/>\n<link rel=\"canonical\" href=\"https:\/\/www.fica.unsl.edu.ar\/index.php\/ingeniosamente-vuelve-con-su-segunda-edicion-en-la-fica\/\" \/>\n<meta property=\"og:locale\" content=\"es_ES\" \/>\n<meta property=\"og:type\" content=\"article\" \/>\n<meta property=\"og:title\" content=\"\u201cIngeniosamente\u201d vuelve con su segunda edici\u00f3n en la FICA - Facultad de Ingenier\u00eda y Ciencias Agropecuarias\" \/>\n<meta property=\"og:description\" content=\"La Facultad de Ingenier\u00eda y Ciencias Agropecuarias (FICA) de la Universidad Nacional de San Luis (UNSL) tiene el placer de anunciar que los d\u00edas jueves&hellip;\" \/>\n<meta property=\"og:url\" content=\"https:\/\/www.fica.unsl.edu.ar\/index.php\/ingeniosamente-vuelve-con-su-segunda-edicion-en-la-fica\/\" \/>\n<meta property=\"og:site_name\" content=\"Facultad de Ingenier\u00eda y Ciencias Agropecuarias\" \/>\n<meta property=\"article:publisher\" content=\"https:\/\/www.facebook.com\/FICA.UNSL\/\" \/>\n<meta property=\"article:published_time\" content=\"2025-11-12T13:26:35+00:00\" \/>\n<meta property=\"article:modified_time\" content=\"2025-12-02T14:25:48+00:00\" \/>\n<meta property=\"og:image\" content=\"https:\/\/www.fica.unsl.edu.ar\/wp-content\/uploads\/2025\/10\/ingeniosamente-2025-front.png\" \/>\n\t<meta property=\"og:image:width\" content=\"1061\" \/>\n\t<meta property=\"og:image:height\" content=\"585\" \/>\n\t<meta property=\"og:image:type\" content=\"image\/png\" \/>\n<meta name=\"author\" content=\"DATI\" \/>\n<meta name=\"twitter:card\" content=\"summary_large_image\" \/>\n<meta name=\"twitter:creator\" content=\"@FICAUNSL\" \/>\n<meta name=\"twitter:site\" content=\"@FICAUNSL\" \/>\n<meta name=\"twitter:label1\" content=\"Escrito por\" \/>\n\t<meta name=\"twitter:data1\" content=\"DATI\" \/>\n\t<meta name=\"twitter:label2\" content=\"Tiempo de lectura\" \/>\n\t<meta name=\"twitter:data2\" content=\"2 minutos\" \/>\n<script type=\"application\/ld+json\" class=\"yoast-schema-graph\">{\"@context\":\"https:\\\/\\\/schema.org\",\"@graph\":[{\"@type\":\"Article\",\"@id\":\"https:\\\/\\\/www.fica.unsl.edu.ar\\\/index.php\\\/ingeniosamente-vuelve-con-su-segunda-edicion-en-la-fica\\\/#article\",\"isPartOf\":{\"@id\":\"https:\\\/\\\/www.fica.unsl.edu.ar\\\/index.php\\\/ingeniosamente-vuelve-con-su-segunda-edicion-en-la-fica\\\/\"},\"author\":{\"name\":\"DATI\",\"@id\":\"https:\\\/\\\/www.fica.unsl.edu.ar\\\/#\\\/schema\\\/person\\\/6058f9c66301868d3a691b1f5d6c3544\"},\"headline\":\"\u201cIngeniosamente\u201d vuelve con su segunda edici\u00f3n en la FICA\",\"datePublished\":\"2025-11-12T13:26:35+00:00\",\"dateModified\":\"2025-12-02T14:25:48+00:00\",\"mainEntityOfPage\":{\"@id\":\"https:\\\/\\\/www.fica.unsl.edu.ar\\\/index.php\\\/ingeniosamente-vuelve-con-su-segunda-edicion-en-la-fica\\\/\"},\"wordCount\":240,\"publisher\":{\"@id\":\"https:\\\/\\\/www.fica.unsl.edu.ar\\\/#organization\"},\"image\":{\"@id\":\"https:\\\/\\\/www.fica.unsl.edu.ar\\\/index.php\\\/ingeniosamente-vuelve-con-su-segunda-edicion-en-la-fica\\\/#primaryimage\"},\"thumbnailUrl\":\"https:\\\/\\\/www.fica.unsl.edu.ar\\\/wp-content\\\/uploads\\\/2025\\\/10\\\/ingeniosamente-2025-front.png\",\"articleSection\":[\"Noticias\"],\"inLanguage\":\"es-AR\"},{\"@type\":\"WebPage\",\"@id\":\"https:\\\/\\\/www.fica.unsl.edu.ar\\\/index.php\\\/ingeniosamente-vuelve-con-su-segunda-edicion-en-la-fica\\\/\",\"url\":\"https:\\\/\\\/www.fica.unsl.edu.ar\\\/index.php\\\/ingeniosamente-vuelve-con-su-segunda-edicion-en-la-fica\\\/\",\"name\":\"\u201cIngeniosamente\u201d vuelve con su segunda edici\u00f3n en la FICA - Facultad de Ingenier\u00eda y Ciencias Agropecuarias\",\"isPartOf\":{\"@id\":\"https:\\\/\\\/www.fica.unsl.edu.ar\\\/#website\"},\"primaryImageOfPage\":{\"@id\":\"https:\\\/\\\/www.fica.unsl.edu.ar\\\/index.php\\\/ingeniosamente-vuelve-con-su-segunda-edicion-en-la-fica\\\/#primaryimage\"},\"image\":{\"@id\":\"https:\\\/\\\/www.fica.unsl.edu.ar\\\/index.php\\\/ingeniosamente-vuelve-con-su-segunda-edicion-en-la-fica\\\/#primaryimage\"},\"thumbnailUrl\":\"https:\\\/\\\/www.fica.unsl.edu.ar\\\/wp-content\\\/uploads\\\/2025\\\/10\\\/ingeniosamente-2025-front.png\",\"datePublished\":\"2025-11-12T13:26:35+00:00\",\"dateModified\":\"2025-12-02T14:25:48+00:00\",\"inLanguage\":\"es-AR\",\"potentialAction\":[{\"@type\":\"ReadAction\",\"target\":[\"https:\\\/\\\/www.fica.unsl.edu.ar\\\/index.php\\\/ingeniosamente-vuelve-con-su-segunda-edicion-en-la-fica\\\/\"]}]},{\"@type\":\"ImageObject\",\"inLanguage\":\"es-AR\",\"@id\":\"https:\\\/\\\/www.fica.unsl.edu.ar\\\/index.php\\\/ingeniosamente-vuelve-con-su-segunda-edicion-en-la-fica\\\/#primaryimage\",\"url\":\"https:\\\/\\\/www.fica.unsl.edu.ar\\\/wp-content\\\/uploads\\\/2025\\\/10\\\/ingeniosamente-2025-front.png\",\"contentUrl\":\"https:\\\/\\\/www.fica.unsl.edu.ar\\\/wp-content\\\/uploads\\\/2025\\\/10\\\/ingeniosamente-2025-front.png\",\"width\":1061,\"height\":585},{\"@type\":\"WebSite\",\"@id\":\"https:\\\/\\\/www.fica.unsl.edu.ar\\\/#website\",\"url\":\"https:\\\/\\\/www.fica.unsl.edu.ar\\\/\",\"name\":\"Facultad de Ingenier\u00eda y Ciencias Agropecuarias\",\"description\":\"\",\"publisher\":{\"@id\":\"https:\\\/\\\/www.fica.unsl.edu.ar\\\/#organization\"},\"potentialAction\":[{\"@type\":\"SearchAction\",\"target\":{\"@type\":\"EntryPoint\",\"urlTemplate\":\"https:\\\/\\\/www.fica.unsl.edu.ar\\\/?s={search_term_string}\"},\"query-input\":{\"@type\":\"PropertyValueSpecification\",\"valueRequired\":true,\"valueName\":\"search_term_string\"}}],\"inLanguage\":\"es-AR\"},{\"@type\":\"Organization\",\"@id\":\"https:\\\/\\\/www.fica.unsl.edu.ar\\\/#organization\",\"name\":\"Facultad de Ingenier\u00eda y Ciencias Agropecuarias\",\"url\":\"https:\\\/\\\/www.fica.unsl.edu.ar\\\/\",\"logo\":{\"@type\":\"ImageObject\",\"inLanguage\":\"es-AR\",\"@id\":\"https:\\\/\\\/www.fica.unsl.edu.ar\\\/#\\\/schema\\\/logo\\\/image\\\/\",\"url\":\"https:\\\/\\\/www.fica.unsl.edu.ar\\\/wp-content\\\/uploads\\\/2021\\\/03\\\/LOGO-1.jpg\",\"contentUrl\":\"https:\\\/\\\/www.fica.unsl.edu.ar\\\/wp-content\\\/uploads\\\/2021\\\/03\\\/LOGO-1.jpg\",\"width\":463,\"height\":145,\"caption\":\"Facultad de Ingenier\u00eda y Ciencias Agropecuarias\"},\"image\":{\"@id\":\"https:\\\/\\\/www.fica.unsl.edu.ar\\\/#\\\/schema\\\/logo\\\/image\\\/\"},\"sameAs\":[\"https:\\\/\\\/www.facebook.com\\\/FICA.UNSL\\\/\",\"https:\\\/\\\/x.com\\\/FICAUNSL\",\"https:\\\/\\\/www.instagram.com\\\/fica.unsl\\\/\",\"https:\\\/\\\/www.youtube.com\\\/channel\\\/UCs2MM53gb2PyBrMySdtWZDQ\"]},{\"@type\":\"Person\",\"@id\":\"https:\\\/\\\/www.fica.unsl.edu.ar\\\/#\\\/schema\\\/person\\\/6058f9c66301868d3a691b1f5d6c3544\",\"name\":\"DATI\"}]}<\/script>\n<!-- \/ Yoast SEO plugin. -->","yoast_head_json":{"title":"\u201cIngeniosamente\u201d vuelve con su segunda edici\u00f3n en la FICA - Facultad de Ingenier\u00eda y Ciencias Agropecuarias","robots":{"index":"index","follow":"follow","max-snippet":"max-snippet:-1","max-image-preview":"max-image-preview:large","max-video-preview":"max-video-preview:-1"},"canonical":"https:\/\/www.fica.unsl.edu.ar\/index.php\/ingeniosamente-vuelve-con-su-segunda-edicion-en-la-fica\/","og_locale":"es_ES","og_type":"article","og_title":"\u201cIngeniosamente\u201d vuelve con su segunda edici\u00f3n en la FICA - Facultad de Ingenier\u00eda y Ciencias Agropecuarias","og_description":"La Facultad de Ingenier\u00eda y Ciencias Agropecuarias (FICA) de la Universidad Nacional de San Luis (UNSL) tiene el placer de anunciar que los d\u00edas jueves&hellip;","og_url":"https:\/\/www.fica.unsl.edu.ar\/index.php\/ingeniosamente-vuelve-con-su-segunda-edicion-en-la-fica\/","og_site_name":"Facultad de Ingenier\u00eda y Ciencias Agropecuarias","article_publisher":"https:\/\/www.facebook.com\/FICA.UNSL\/","article_published_time":"2025-11-12T13:26:35+00:00","article_modified_time":"2025-12-02T14:25:48+00:00","og_image":[{"width":1061,"height":585,"url":"https:\/\/www.fica.unsl.edu.ar\/wp-content\/uploads\/2025\/10\/ingeniosamente-2025-front.png","type":"image\/png"}],"author":"DATI","twitter_card":"summary_large_image","twitter_creator":"@FICAUNSL","twitter_site":"@FICAUNSL","twitter_misc":{"Escrito por":"DATI","Tiempo de lectura":"2 minutos"},"schema":{"@context":"https:\/\/schema.org","@graph":[{"@type":"Article","@id":"https:\/\/www.fica.unsl.edu.ar\/index.php\/ingeniosamente-vuelve-con-su-segunda-edicion-en-la-fica\/#article","isPartOf":{"@id":"https:\/\/www.fica.unsl.edu.ar\/index.php\/ingeniosamente-vuelve-con-su-segunda-edicion-en-la-fica\/"},"author":{"name":"DATI","@id":"https:\/\/www.fica.unsl.edu.ar\/#\/schema\/person\/6058f9c66301868d3a691b1f5d6c3544"},"headline":"\u201cIngeniosamente\u201d vuelve con su segunda edici\u00f3n en la FICA","datePublished":"2025-11-12T13:26:35+00:00","dateModified":"2025-12-02T14:25:48+00:00","mainEntityOfPage":{"@id":"https:\/\/www.fica.unsl.edu.ar\/index.php\/ingeniosamente-vuelve-con-su-segunda-edicion-en-la-fica\/"},"wordCount":240,"publisher":{"@id":"https:\/\/www.fica.unsl.edu.ar\/#organization"},"image":{"@id":"https:\/\/www.fica.unsl.edu.ar\/index.php\/ingeniosamente-vuelve-con-su-segunda-edicion-en-la-fica\/#primaryimage"},"thumbnailUrl":"https:\/\/www.fica.unsl.edu.ar\/wp-content\/uploads\/2025\/10\/ingeniosamente-2025-front.png","articleSection":["Noticias"],"inLanguage":"es-AR"},{"@type":"WebPage","@id":"https:\/\/www.fica.unsl.edu.ar\/index.php\/ingeniosamente-vuelve-con-su-segunda-edicion-en-la-fica\/","url":"https:\/\/www.fica.unsl.edu.ar\/index.php\/ingeniosamente-vuelve-con-su-segunda-edicion-en-la-fica\/","name":"\u201cIngeniosamente\u201d vuelve con su segunda edici\u00f3n en la FICA - Facultad de Ingenier\u00eda y Ciencias Agropecuarias","isPartOf":{"@id":"https:\/\/www.fica.unsl.edu.ar\/#website"},"primaryImageOfPage":{"@id":"https:\/\/www.fica.unsl.edu.ar\/index.php\/ingeniosamente-vuelve-con-su-segunda-edicion-en-la-fica\/#primaryimage"},"image":{"@id":"https:\/\/www.fica.unsl.edu.ar\/index.php\/ingeniosamente-vuelve-con-su-segunda-edicion-en-la-fica\/#primaryimage"},"thumbnailUrl":"https:\/\/www.fica.unsl.edu.ar\/wp-content\/uploads\/2025\/10\/ingeniosamente-2025-front.png","datePublished":"2025-11-12T13:26:35+00:00","dateModified":"2025-12-02T14:25:48+00:00","inLanguage":"es-AR","potentialAction":[{"@type":"ReadAction","target":["https:\/\/www.fica.unsl.edu.ar\/index.php\/ingeniosamente-vuelve-con-su-segunda-edicion-en-la-fica\/"]}]},{"@type":"ImageObject","inLanguage":"es-AR","@id":"https:\/\/www.fica.unsl.edu.ar\/index.php\/ingeniosamente-vuelve-con-su-segunda-edicion-en-la-fica\/#primaryimage","url":"https:\/\/www.fica.unsl.edu.ar\/wp-content\/uploads\/2025\/10\/ingeniosamente-2025-front.png","contentUrl":"https:\/\/www.fica.unsl.edu.ar\/wp-content\/uploads\/2025\/10\/ingeniosamente-2025-front.png","width":1061,"height":585},{"@type":"WebSite","@id":"https:\/\/www.fica.unsl.edu.ar\/#website","url":"https:\/\/www.fica.unsl.edu.ar\/","name":"Facultad de Ingenier\u00eda y Ciencias Agropecuarias","description":"","publisher":{"@id":"https:\/\/www.fica.unsl.edu.ar\/#organization"},"potentialAction":[{"@type":"SearchAction","target":{"@type":"EntryPoint","urlTemplate":"https:\/\/www.fica.unsl.edu.ar\/?s={search_term_string}"},"query-input":{"@type":"PropertyValueSpecification","valueRequired":true,"valueName":"search_term_string"}}],"inLanguage":"es-AR"},{"@type":"Organization","@id":"https:\/\/www.fica.unsl.edu.ar\/#organization","name":"Facultad de Ingenier\u00eda y Ciencias Agropecuarias","url":"https:\/\/www.fica.unsl.edu.ar\/","logo":{"@type":"ImageObject","inLanguage":"es-AR","@id":"https:\/\/www.fica.unsl.edu.ar\/#\/schema\/logo\/image\/","url":"https:\/\/www.fica.unsl.edu.ar\/wp-content\/uploads\/2021\/03\/LOGO-1.jpg","contentUrl":"https:\/\/www.fica.unsl.edu.ar\/wp-content\/uploads\/2021\/03\/LOGO-1.jpg","width":463,"height":145,"caption":"Facultad de Ingenier\u00eda y Ciencias Agropecuarias"},"image":{"@id":"https:\/\/www.fica.unsl.edu.ar\/#\/schema\/logo\/image\/"},"sameAs":["https:\/\/www.facebook.com\/FICA.UNSL\/","https:\/\/x.com\/FICAUNSL","https:\/\/www.instagram.com\/fica.unsl\/","https:\/\/www.youtube.com\/channel\/UCs2MM53gb2PyBrMySdtWZDQ"]},{"@type":"Person","@id":"https:\/\/www.fica.unsl.edu.ar\/#\/schema\/person\/6058f9c66301868d3a691b1f5d6c3544","name":"DATI"}]}},"_links":{"self":[{"href":"https:\/\/www.fica.unsl.edu.ar\/index.php\/wp-json\/wp\/v2\/posts\/21299","targetHints":{"allow":["GET"]}}],"collection":[{"href":"https:\/\/www.fica.unsl.edu.ar\/index.php\/wp-json\/wp\/v2\/posts"}],"about":[{"href":"https:\/\/www.fica.unsl.edu.ar\/index.php\/wp-json\/wp\/v2\/types\/post"}],"author":[{"embeddable":true,"href":"https:\/\/www.fica.unsl.edu.ar\/index.php\/wp-json\/wp\/v2\/users\/9"}],"replies":[{"embeddable":true,"href":"https:\/\/www.fica.unsl.edu.ar\/index.php\/wp-json\/wp\/v2\/comments?post=21299"}],"version-history":[{"count":1,"href":"https:\/\/www.fica.unsl.edu.ar\/index.php\/wp-json\/wp\/v2\/posts\/21299\/revisions"}],"predecessor-version":[{"id":21300,"href":"https:\/\/www.fica.unsl.edu.ar\/index.php\/wp-json\/wp\/v2\/posts\/21299\/revisions\/21300"}],"wp:featuredmedia":[{"embeddable":true,"href":"https:\/\/www.fica.unsl.edu.ar\/index.php\/wp-json\/wp\/v2\/media\/21298"}],"wp:attachment":[{"href":"https:\/\/www.fica.unsl.edu.ar\/index.php\/wp-json\/wp\/v2\/media?parent=21299"}],"wp:term":[{"taxonomy":"category","embeddable":true,"href":"https:\/\/www.fica.unsl.edu.ar\/index.php\/wp-json\/wp\/v2\/categories?post=21299"},{"taxonomy":"post_tag","embeddable":true,"href":"https:\/\/www.fica.unsl.edu.ar\/index.php\/wp-json\/wp\/v2\/tags?post=21299"}],"curies":[{"name":"wp","href":"https:\/\/api.w.org\/{rel}","templated":true}]}}