{"id":21369,"date":"2025-11-03T11:36:21","date_gmt":"2025-11-03T14:36:21","guid":{"rendered":"https:\/\/www.fica.unsl.edu.ar\/?p=21369"},"modified":"2025-11-10T08:47:26","modified_gmt":"2025-11-10T11:47:26","slug":"capacitacion-en-prevencion-de-incendios-para-el-personal-de-la-unsl-villa-mercedes","status":"publish","type":"post","link":"https:\/\/www.fica.unsl.edu.ar\/index.php\/capacitacion-en-prevencion-de-incendios-para-el-personal-de-la-unsl-villa-mercedes\/","title":{"rendered":"Capacitaci\u00f3n en prevenci\u00f3n de incendios para el personal de la UNSL Villa Mercedes"},"content":{"rendered":"<p data-start=\"319\" data-end=\"772\">El pasado mi\u00e9rcoles 29 de octubre en el marco de las acciones de formaci\u00f3n y seguridad laboral, se desarroll\u00f3 el curso <strong data-start=\"404\" data-end=\"459\">\u201cPrevenci\u00f3n del fuego y Uso y Manejo de Extintores\u201d<\/strong>, destinado al <strong data-start=\"474\" data-end=\"507\">personal docente y no docente<\/strong> de las distintas sedes universitarias de <strong data-start=\"549\" data-end=\"567\">Villa Mercedes<\/strong>: <strong>FICA, FCEJS, SSAEBU y DOSPU.<\/strong><\/p>\n<p data-start=\"774\" data-end=\"1172\">La capacitaci\u00f3n estuvo a cargo de la <strong data-start=\"811\" data-end=\"834\">Lic. Virginia Cerd\u00e1<\/strong>, profesional integrante de la empresa responsable del mantenimiento y recarga de extintores de la <strong data-start=\"933\" data-end=\"976\">Universidad Nacional de San Luis (UNSL)<\/strong>. Esta actividad estuvo coordinada por la <strong>Ing. Mercedes Quiroga<\/strong> Coord. de Higiene y Seguridad en el Trabajo sede Villa Mercedes. Se enmarca dentro de las pol\u00edticas institucionales de <strong data-start=\"1243\" data-end=\"1280\">Higiene y Seguridad en el Trabajo<\/strong>, en cumplimiento con la <strong data-start=\"1305\" data-end=\"1322\">Ley N\u00b0 19.587<\/strong>, y refuerza el compromiso de la Universidad con la <strong data-start=\"1374\" data-end=\"1438\">protecci\u00f3n y el bienestar de toda la comunidad universitaria<\/strong>.<\/p>\n<p data-start=\"1443\" data-end=\"1660\">El objetivo principal de la jornada fue <strong data-start=\"1483\" data-end=\"1518\">promover una cultura preventiva<\/strong>, brindando herramientas para el uso correcto de los extintores y el conocimiento de las medidas de actuaci\u00f3n ante un principio de incendio.<\/p>\n<p data-start=\"1662\" data-end=\"1877\">Con este tipo de instancias, la UNSL busca fortalecer la <strong data-start=\"1719\" data-end=\"1789\">conciencia y la responsabilidad compartida en materia de seguridad<\/strong>, asegurando espacios de trabajo m\u00e1s seguros y preparados ante cualquier eventualidad.<\/p>\n<div class=\"gmedia_gallery phantom_module is_bot\" id=\"GmediaGallery_301\" data-gmid=\"301\" data-module=\"phantom\"><style type='text\/css' class='gmedia_module_style_import'>@import url('https:\/\/www.fica.unsl.edu.ar\/wp-content\/plugins\/grand-media\/module\/phantom\/css\/style.css') all;<\/style>    <div class=\"gmPhantom_Container noLightbox\" >\r\n                <div class=\"gmPhantom_thumbsWrapper gmPhantom_ThumbScale gmPhantom_LabelHover\">\r\n                        <div class=\"gmPhantom_ThumbContainer gmPhantom_ThumbLoader\" data-id=\"5176\" data-post_id=\"21392\" data-ratio=\"1.5\" data-type=\"image\" data-ext=\"jpg\" data-views=\"18\" data-likes=\"0\" data-cc=\"0\" data-post_link=\"https:\/\/www.fica.unsl.edu.ar\/index.php\/gmedia\/prevenci_n_del_fuego_y_uso_y_manejo_de_extintores-11-jpg\/\">\r\n                <a href=\"https:\/\/www.fica.unsl.edu.ar\/wp-content\/grand-media\/image\/Prevenci_n_del_fuego_y_Uso_y_Manejo_de_Extintores-11.jpg\" class=\"gmPhantom_Thumb\"><img decoding=\"async\" src=\"https:\/\/www.fica.unsl.edu.ar\/wp-content\/grand-media\/image\/thumb\/Prevenci_n_del_fuego_y_Uso_y_Manejo_de_Extintores-11.jpg\" data-src=\"https:\/\/www.fica.unsl.edu.ar\/wp-content\/grand-media\/image\/Prevenci_n_del_fuego_y_Uso_y_Manejo_de_Extintores-11.jpg\" alt=\"Prevenci\u00f3n Del Fuego Y Uso Y Manejo De Extintores-11\"\/><\/a>\r\n                                    <div class=\"gmPhantom_ThumbLabel\"><span class=\"gmPhantom_ThumbLabel_title\">Prevenci\u00f3n Del Fuego Y Uso Y Manejo De Extintores-11<\/span><\/div>\r\n                                    <div style=\"display:none;\" class=\"gmPhantom_Details\">\r\n                                            <div class=\"gmPhantom_description\">\r\n                            <div class=\"gmPhantom_title\">Prevenci\u00f3n Del Fuego Y Uso Y Manejo De Extintores-11<\/div>\r\n                            <div class=\"gmPhantom_text\"><\/div>\r\n                        <\/div>\r\n                                                            <div class=\"gmPhantom_terms\">\r\n                                                    <div class=\"gmPhantom_other_terms\">\r\n                                <table class=\"gmPhantom_other_terms_table\">\r\n                                                                            <tr class=\"gmPhantom_term_row_album\">\r\n                                            <td class=\"gmPhantom_term_key\">Album<\/td>\r\n                                            <td class=\"gmPhantom_term_value\"><a href=\"\/index.php\/wp-json\/wp\/v2\/posts\/21369?gm301[album__in]=301\" class=\"gmPhantom_alb\">Prevenci\u00f3n del fuego y Uso y Manejo de Extintores-2025<\/a><\/td>\r\n                                        <\/tr>\r\n                                                                    <\/table>\r\n                            <\/div>\r\n                                                <\/div>\r\n                <\/div>\r\n                <\/div>            <div class=\"gmPhantom_ThumbContainer gmPhantom_ThumbLoader\" data-id=\"5175\" data-post_id=\"21391\" data-ratio=\"1.5\" data-type=\"image\" data-ext=\"jpg\" data-views=\"9\" data-likes=\"0\" data-cc=\"0\" data-post_link=\"https:\/\/www.fica.unsl.edu.ar\/index.php\/gmedia\/prevenci_n_del_fuego_y_uso_y_manejo_de_extintores-10-jpg\/\">\r\n                <a href=\"https:\/\/www.fica.unsl.edu.ar\/wp-content\/grand-media\/image\/Prevenci_n_del_fuego_y_Uso_y_Manejo_de_Extintores-10.jpg\" class=\"gmPhantom_Thumb\"><img decoding=\"async\" src=\"https:\/\/www.fica.unsl.edu.ar\/wp-content\/grand-media\/image\/thumb\/Prevenci_n_del_fuego_y_Uso_y_Manejo_de_Extintores-10.jpg\" data-src=\"https:\/\/www.fica.unsl.edu.ar\/wp-content\/grand-media\/image\/Prevenci_n_del_fuego_y_Uso_y_Manejo_de_Extintores-10.jpg\" alt=\"Prevenci\u00f3n Del Fuego Y Uso Y Manejo De Extintores-10\"\/><\/a>\r\n                                    <div class=\"gmPhantom_ThumbLabel\"><span class=\"gmPhantom_ThumbLabel_title\">Prevenci\u00f3n Del Fuego Y Uso Y Manejo De Extintores-10<\/span><\/div>\r\n                                    <div style=\"display:none;\" class=\"gmPhantom_Details\">\r\n                                            <div class=\"gmPhantom_description\">\r\n                            <div class=\"gmPhantom_title\">Prevenci\u00f3n Del Fuego Y Uso Y Manejo De Extintores-10<\/div>\r\n                            <div class=\"gmPhantom_text\"><\/div>\r\n                        <\/div>\r\n                                                            <div class=\"gmPhantom_terms\">\r\n                                                    <div class=\"gmPhantom_other_terms\">\r\n                                <table class=\"gmPhantom_other_terms_table\">\r\n                                                                            <tr class=\"gmPhantom_term_row_album\">\r\n                                            <td class=\"gmPhantom_term_key\">Album<\/td>\r\n                                            <td class=\"gmPhantom_term_value\"><a href=\"\/index.php\/wp-json\/wp\/v2\/posts\/21369?gm301[album__in]=301\" class=\"gmPhantom_alb\">Prevenci\u00f3n del fuego y Uso y Manejo de Extintores-2025<\/a><\/td>\r\n                                        <\/tr>\r\n                                                                    <\/table>\r\n                            <\/div>\r\n                                                <\/div>\r\n                <\/div>\r\n                <\/div>            <div class=\"gmPhantom_ThumbContainer gmPhantom_ThumbLoader\" data-id=\"5174\" data-post_id=\"21390\" data-ratio=\"1.5\" data-type=\"image\" data-ext=\"jpg\" data-views=\"8\" data-likes=\"0\" data-cc=\"0\" data-post_link=\"https:\/\/www.fica.unsl.edu.ar\/index.php\/gmedia\/prevenci_n_del_fuego_y_uso_y_manejo_de_extintores-9-jpg\/\">\r\n                <a href=\"https:\/\/www.fica.unsl.edu.ar\/wp-content\/grand-media\/image\/Prevenci_n_del_fuego_y_Uso_y_Manejo_de_Extintores-9.jpg\" class=\"gmPhantom_Thumb\"><img decoding=\"async\" src=\"https:\/\/www.fica.unsl.edu.ar\/wp-content\/grand-media\/image\/thumb\/Prevenci_n_del_fuego_y_Uso_y_Manejo_de_Extintores-9.jpg\" data-src=\"https:\/\/www.fica.unsl.edu.ar\/wp-content\/grand-media\/image\/Prevenci_n_del_fuego_y_Uso_y_Manejo_de_Extintores-9.jpg\" alt=\"Prevenci\u00f3n Del Fuego Y Uso Y Manejo De Extintores-9\"\/><\/a>\r\n                                    <div class=\"gmPhantom_ThumbLabel\"><span class=\"gmPhantom_ThumbLabel_title\">Prevenci\u00f3n Del Fuego Y Uso Y Manejo De Extintores-9<\/span><\/div>\r\n                                    <div style=\"display:none;\" class=\"gmPhantom_Details\">\r\n                                            <div class=\"gmPhantom_description\">\r\n                            <div class=\"gmPhantom_title\">Prevenci\u00f3n Del Fuego Y Uso Y Manejo De Extintores-9<\/div>\r\n                            <div class=\"gmPhantom_text\"><\/div>\r\n                        <\/div>\r\n                                                            <div class=\"gmPhantom_terms\">\r\n                                                    <div class=\"gmPhantom_other_terms\">\r\n                                <table class=\"gmPhantom_other_terms_table\">\r\n                                                                            <tr class=\"gmPhantom_term_row_album\">\r\n                                            <td class=\"gmPhantom_term_key\">Album<\/td>\r\n                                            <td class=\"gmPhantom_term_value\"><a href=\"\/index.php\/wp-json\/wp\/v2\/posts\/21369?gm301[album__in]=301\" class=\"gmPhantom_alb\">Prevenci\u00f3n del fuego y Uso y Manejo de Extintores-2025<\/a><\/td>\r\n                                        <\/tr>\r\n                                                                    <\/table>\r\n                            <\/div>\r\n                                                <\/div>\r\n                <\/div>\r\n                <\/div>            <div class=\"gmPhantom_ThumbContainer gmPhantom_ThumbLoader\" data-id=\"5173\" data-post_id=\"21389\" data-ratio=\"1.5\" data-type=\"image\" data-ext=\"jpg\" data-views=\"17\" data-likes=\"0\" data-cc=\"0\" data-post_link=\"https:\/\/www.fica.unsl.edu.ar\/index.php\/gmedia\/prevenci_n_del_fuego_y_uso_y_manejo_de_extintores-8-jpg\/\">\r\n                <a href=\"https:\/\/www.fica.unsl.edu.ar\/wp-content\/grand-media\/image\/Prevenci_n_del_fuego_y_Uso_y_Manejo_de_Extintores-8.jpg\" class=\"gmPhantom_Thumb\"><img decoding=\"async\" src=\"https:\/\/www.fica.unsl.edu.ar\/wp-content\/grand-media\/image\/thumb\/Prevenci_n_del_fuego_y_Uso_y_Manejo_de_Extintores-8.jpg\" data-src=\"https:\/\/www.fica.unsl.edu.ar\/wp-content\/grand-media\/image\/Prevenci_n_del_fuego_y_Uso_y_Manejo_de_Extintores-8.jpg\" alt=\"Prevenci\u00f3n Del Fuego Y Uso Y Manejo De Extintores-8\"\/><\/a>\r\n                                    <div class=\"gmPhantom_ThumbLabel\"><span class=\"gmPhantom_ThumbLabel_title\">Prevenci\u00f3n Del Fuego Y Uso Y Manejo De Extintores-8<\/span><\/div>\r\n                                    <div style=\"display:none;\" class=\"gmPhantom_Details\">\r\n                                            <div class=\"gmPhantom_description\">\r\n                            <div class=\"gmPhantom_title\">Prevenci\u00f3n Del Fuego Y Uso Y Manejo De Extintores-8<\/div>\r\n                            <div class=\"gmPhantom_text\"><\/div>\r\n                        <\/div>\r\n                                                            <div class=\"gmPhantom_terms\">\r\n                                                    <div class=\"gmPhantom_other_terms\">\r\n                                <table class=\"gmPhantom_other_terms_table\">\r\n                                                                            <tr class=\"gmPhantom_term_row_album\">\r\n                                            <td class=\"gmPhantom_term_key\">Album<\/td>\r\n                                            <td class=\"gmPhantom_term_value\"><a href=\"\/index.php\/wp-json\/wp\/v2\/posts\/21369?gm301[album__in]=301\" class=\"gmPhantom_alb\">Prevenci\u00f3n del fuego y Uso y Manejo de Extintores-2025<\/a><\/td>\r\n                                        <\/tr>\r\n                                                                    <\/table>\r\n                            <\/div>\r\n                                                <\/div>\r\n                <\/div>\r\n                <\/div>            <div class=\"gmPhantom_ThumbContainer gmPhantom_ThumbLoader\" data-id=\"5172\" data-post_id=\"21388\" data-ratio=\"1.5\" data-type=\"image\" data-ext=\"jpg\" data-views=\"9\" data-likes=\"0\" data-cc=\"0\" data-post_link=\"https:\/\/www.fica.unsl.edu.ar\/index.php\/gmedia\/prevenci_n_del_fuego_y_uso_y_manejo_de_extintores-7-jpg\/\">\r\n                <a href=\"https:\/\/www.fica.unsl.edu.ar\/wp-content\/grand-media\/image\/Prevenci_n_del_fuego_y_Uso_y_Manejo_de_Extintores-7.jpg\" class=\"gmPhantom_Thumb\"><img decoding=\"async\" src=\"https:\/\/www.fica.unsl.edu.ar\/wp-content\/grand-media\/image\/thumb\/Prevenci_n_del_fuego_y_Uso_y_Manejo_de_Extintores-7.jpg\" data-src=\"https:\/\/www.fica.unsl.edu.ar\/wp-content\/grand-media\/image\/Prevenci_n_del_fuego_y_Uso_y_Manejo_de_Extintores-7.jpg\" alt=\"Prevenci\u00f3n Del Fuego Y Uso Y Manejo De Extintores-7\"\/><\/a>\r\n                                    <div class=\"gmPhantom_ThumbLabel\"><span class=\"gmPhantom_ThumbLabel_title\">Prevenci\u00f3n Del Fuego Y Uso Y Manejo De Extintores-7<\/span><\/div>\r\n                                    <div style=\"display:none;\" class=\"gmPhantom_Details\">\r\n                                            <div class=\"gmPhantom_description\">\r\n                            <div class=\"gmPhantom_title\">Prevenci\u00f3n Del Fuego Y Uso Y Manejo De Extintores-7<\/div>\r\n                            <div class=\"gmPhantom_text\"><\/div>\r\n                        <\/div>\r\n                                                            <div class=\"gmPhantom_terms\">\r\n                                                    <div class=\"gmPhantom_other_terms\">\r\n                                <table class=\"gmPhantom_other_terms_table\">\r\n                                                                            <tr class=\"gmPhantom_term_row_album\">\r\n                                            <td class=\"gmPhantom_term_key\">Album<\/td>\r\n                                            <td class=\"gmPhantom_term_value\"><a href=\"\/index.php\/wp-json\/wp\/v2\/posts\/21369?gm301[album__in]=301\" class=\"gmPhantom_alb\">Prevenci\u00f3n del fuego y Uso y Manejo de Extintores-2025<\/a><\/td>\r\n                                        <\/tr>\r\n                                                                    <\/table>\r\n                            <\/div>\r\n                                                <\/div>\r\n                <\/div>\r\n                <\/div>            <div class=\"gmPhantom_ThumbContainer gmPhantom_ThumbLoader\" data-id=\"5171\" data-post_id=\"21387\" data-ratio=\"1.5\" data-type=\"image\" data-ext=\"jpg\" data-views=\"4\" data-likes=\"0\" data-cc=\"0\" data-post_link=\"https:\/\/www.fica.unsl.edu.ar\/index.php\/gmedia\/prevenci_n_del_fuego_y_uso_y_manejo_de_extintores-6-jpg\/\">\r\n                <a href=\"https:\/\/www.fica.unsl.edu.ar\/wp-content\/grand-media\/image\/Prevenci_n_del_fuego_y_Uso_y_Manejo_de_Extintores-6.jpg\" class=\"gmPhantom_Thumb\"><img decoding=\"async\" src=\"https:\/\/www.fica.unsl.edu.ar\/wp-content\/grand-media\/image\/thumb\/Prevenci_n_del_fuego_y_Uso_y_Manejo_de_Extintores-6.jpg\" data-src=\"https:\/\/www.fica.unsl.edu.ar\/wp-content\/grand-media\/image\/Prevenci_n_del_fuego_y_Uso_y_Manejo_de_Extintores-6.jpg\" alt=\"Prevenci\u00f3n Del Fuego Y Uso Y Manejo De Extintores-6\"\/><\/a>\r\n                                    <div class=\"gmPhantom_ThumbLabel\"><span class=\"gmPhantom_ThumbLabel_title\">Prevenci\u00f3n Del Fuego Y Uso Y Manejo De Extintores-6<\/span><\/div>\r\n                                    <div style=\"display:none;\" class=\"gmPhantom_Details\">\r\n                                            <div class=\"gmPhantom_description\">\r\n                            <div class=\"gmPhantom_title\">Prevenci\u00f3n Del Fuego Y Uso Y Manejo De Extintores-6<\/div>\r\n                            <div class=\"gmPhantom_text\"><\/div>\r\n                        <\/div>\r\n                                                            <div class=\"gmPhantom_terms\">\r\n                                                    <div class=\"gmPhantom_other_terms\">\r\n                                <table class=\"gmPhantom_other_terms_table\">\r\n                                                                            <tr class=\"gmPhantom_term_row_album\">\r\n                                            <td class=\"gmPhantom_term_key\">Album<\/td>\r\n                                            <td class=\"gmPhantom_term_value\"><a href=\"\/index.php\/wp-json\/wp\/v2\/posts\/21369?gm301[album__in]=301\" class=\"gmPhantom_alb\">Prevenci\u00f3n del fuego y Uso y Manejo de Extintores-2025<\/a><\/td>\r\n                                        <\/tr>\r\n                                                                    <\/table>\r\n                            <\/div>\r\n                                                <\/div>\r\n                <\/div>\r\n                <\/div>            <div class=\"gmPhantom_ThumbContainer gmPhantom_ThumbLoader\" data-id=\"5170\" data-post_id=\"21386\" data-ratio=\"1.5\" data-type=\"image\" data-ext=\"jpg\" data-views=\"8\" data-likes=\"0\" data-cc=\"0\" data-post_link=\"https:\/\/www.fica.unsl.edu.ar\/index.php\/gmedia\/prevenci_n_del_fuego_y_uso_y_manejo_de_extintores-5-jpg\/\">\r\n                <a href=\"https:\/\/www.fica.unsl.edu.ar\/wp-content\/grand-media\/image\/Prevenci_n_del_fuego_y_Uso_y_Manejo_de_Extintores-5.jpg\" class=\"gmPhantom_Thumb\"><img decoding=\"async\" src=\"https:\/\/www.fica.unsl.edu.ar\/wp-content\/grand-media\/image\/thumb\/Prevenci_n_del_fuego_y_Uso_y_Manejo_de_Extintores-5.jpg\" data-src=\"https:\/\/www.fica.unsl.edu.ar\/wp-content\/grand-media\/image\/Prevenci_n_del_fuego_y_Uso_y_Manejo_de_Extintores-5.jpg\" alt=\"Prevenci\u00f3n Del Fuego Y Uso Y Manejo De Extintores-5\"\/><\/a>\r\n                                    <div class=\"gmPhantom_ThumbLabel\"><span class=\"gmPhantom_ThumbLabel_title\">Prevenci\u00f3n Del Fuego Y Uso Y Manejo De Extintores-5<\/span><\/div>\r\n                                    <div style=\"display:none;\" class=\"gmPhantom_Details\">\r\n                                            <div class=\"gmPhantom_description\">\r\n                            <div class=\"gmPhantom_title\">Prevenci\u00f3n Del Fuego Y Uso Y Manejo De Extintores-5<\/div>\r\n                            <div class=\"gmPhantom_text\"><\/div>\r\n                        <\/div>\r\n                                                            <div class=\"gmPhantom_terms\">\r\n                                                    <div class=\"gmPhantom_other_terms\">\r\n                                <table class=\"gmPhantom_other_terms_table\">\r\n                                                                            <tr class=\"gmPhantom_term_row_album\">\r\n                                            <td class=\"gmPhantom_term_key\">Album<\/td>\r\n                                            <td class=\"gmPhantom_term_value\"><a href=\"\/index.php\/wp-json\/wp\/v2\/posts\/21369?gm301[album__in]=301\" class=\"gmPhantom_alb\">Prevenci\u00f3n del fuego y Uso y Manejo de Extintores-2025<\/a><\/td>\r\n                                        <\/tr>\r\n                                                                    <\/table>\r\n                            <\/div>\r\n                                                <\/div>\r\n                <\/div>\r\n                <\/div>            <div class=\"gmPhantom_ThumbContainer gmPhantom_ThumbLoader\" data-id=\"5169\" data-post_id=\"21385\" data-ratio=\"1.5\" data-type=\"image\" data-ext=\"jpg\" data-views=\"10\" data-likes=\"0\" data-cc=\"0\" data-post_link=\"https:\/\/www.fica.unsl.edu.ar\/index.php\/gmedia\/prevenci_n_del_fuego_y_uso_y_manejo_de_extintores-4-jpg\/\">\r\n                <a href=\"https:\/\/www.fica.unsl.edu.ar\/wp-content\/grand-media\/image\/Prevenci_n_del_fuego_y_Uso_y_Manejo_de_Extintores-4.jpg\" class=\"gmPhantom_Thumb\"><img decoding=\"async\" src=\"https:\/\/www.fica.unsl.edu.ar\/wp-content\/grand-media\/image\/thumb\/Prevenci_n_del_fuego_y_Uso_y_Manejo_de_Extintores-4.jpg\" data-src=\"https:\/\/www.fica.unsl.edu.ar\/wp-content\/grand-media\/image\/Prevenci_n_del_fuego_y_Uso_y_Manejo_de_Extintores-4.jpg\" alt=\"Prevenci\u00f3n Del Fuego Y Uso Y Manejo De Extintores-4\"\/><\/a>\r\n                                    <div class=\"gmPhantom_ThumbLabel\"><span class=\"gmPhantom_ThumbLabel_title\">Prevenci\u00f3n Del Fuego Y Uso Y Manejo De Extintores-4<\/span><\/div>\r\n                                    <div style=\"display:none;\" class=\"gmPhantom_Details\">\r\n                                            <div class=\"gmPhantom_description\">\r\n                            <div class=\"gmPhantom_title\">Prevenci\u00f3n Del Fuego Y Uso Y Manejo De Extintores-4<\/div>\r\n                            <div class=\"gmPhantom_text\"><\/div>\r\n                        <\/div>\r\n                                                            <div class=\"gmPhantom_terms\">\r\n                                                    <div class=\"gmPhantom_other_terms\">\r\n                                <table class=\"gmPhantom_other_terms_table\">\r\n                                                                            <tr class=\"gmPhantom_term_row_album\">\r\n                                            <td class=\"gmPhantom_term_key\">Album<\/td>\r\n                                            <td class=\"gmPhantom_term_value\"><a href=\"\/index.php\/wp-json\/wp\/v2\/posts\/21369?gm301[album__in]=301\" class=\"gmPhantom_alb\">Prevenci\u00f3n del fuego y Uso y Manejo de Extintores-2025<\/a><\/td>\r\n                                        <\/tr>\r\n                                                                    <\/table>\r\n                            <\/div>\r\n                                                <\/div>\r\n                <\/div>\r\n                <\/div>            <div class=\"gmPhantom_ThumbContainer gmPhantom_ThumbLoader\" data-id=\"5168\" data-post_id=\"21384\" data-ratio=\"1.5\" data-type=\"image\" data-ext=\"jpg\" data-views=\"7\" data-likes=\"0\" data-cc=\"0\" data-post_link=\"https:\/\/www.fica.unsl.edu.ar\/index.php\/gmedia\/prevenci_n_del_fuego_y_uso_y_manejo_de_extintores-3-jpg\/\">\r\n                <a href=\"https:\/\/www.fica.unsl.edu.ar\/wp-content\/grand-media\/image\/Prevenci_n_del_fuego_y_Uso_y_Manejo_de_Extintores-3.jpg\" class=\"gmPhantom_Thumb\"><img decoding=\"async\" src=\"https:\/\/www.fica.unsl.edu.ar\/wp-content\/grand-media\/image\/thumb\/Prevenci_n_del_fuego_y_Uso_y_Manejo_de_Extintores-3.jpg\" data-src=\"https:\/\/www.fica.unsl.edu.ar\/wp-content\/grand-media\/image\/Prevenci_n_del_fuego_y_Uso_y_Manejo_de_Extintores-3.jpg\" alt=\"Prevenci\u00f3n Del Fuego Y Uso Y Manejo De Extintores-3\"\/><\/a>\r\n                                    <div class=\"gmPhantom_ThumbLabel\"><span class=\"gmPhantom_ThumbLabel_title\">Prevenci\u00f3n Del Fuego Y Uso Y Manejo De Extintores-3<\/span><\/div>\r\n                                    <div style=\"display:none;\" class=\"gmPhantom_Details\">\r\n                                            <div class=\"gmPhantom_description\">\r\n                            <div class=\"gmPhantom_title\">Prevenci\u00f3n Del Fuego Y Uso Y Manejo De Extintores-3<\/div>\r\n                            <div class=\"gmPhantom_text\"><\/div>\r\n                        <\/div>\r\n                                                            <div class=\"gmPhantom_terms\">\r\n                                                    <div class=\"gmPhantom_other_terms\">\r\n                                <table class=\"gmPhantom_other_terms_table\">\r\n                                                                            <tr class=\"gmPhantom_term_row_album\">\r\n                                            <td class=\"gmPhantom_term_key\">Album<\/td>\r\n                                            <td class=\"gmPhantom_term_value\"><a href=\"\/index.php\/wp-json\/wp\/v2\/posts\/21369?gm301[album__in]=301\" class=\"gmPhantom_alb\">Prevenci\u00f3n del fuego y Uso y Manejo de Extintores-2025<\/a><\/td>\r\n                                        <\/tr>\r\n                                                                    <\/table>\r\n                            <\/div>\r\n                                                <\/div>\r\n                <\/div>\r\n                <\/div>            <div class=\"gmPhantom_ThumbContainer gmPhantom_ThumbLoader\" data-id=\"5167\" data-post_id=\"21383\" data-ratio=\"1.5\" data-type=\"image\" data-ext=\"jpg\" data-views=\"1\" data-likes=\"0\" data-cc=\"0\" data-post_link=\"https:\/\/www.fica.unsl.edu.ar\/index.php\/gmedia\/prevenci_n_del_fuego_y_uso_y_manejo_de_extintores-2-jpg\/\">\r\n                <a href=\"https:\/\/www.fica.unsl.edu.ar\/wp-content\/grand-media\/image\/Prevenci_n_del_fuego_y_Uso_y_Manejo_de_Extintores-2.jpg\" class=\"gmPhantom_Thumb\"><img decoding=\"async\" src=\"https:\/\/www.fica.unsl.edu.ar\/wp-content\/grand-media\/image\/thumb\/Prevenci_n_del_fuego_y_Uso_y_Manejo_de_Extintores-2.jpg\" data-src=\"https:\/\/www.fica.unsl.edu.ar\/wp-content\/grand-media\/image\/Prevenci_n_del_fuego_y_Uso_y_Manejo_de_Extintores-2.jpg\" alt=\"Prevenci\u00f3n Del Fuego Y Uso Y Manejo De Extintores-2\"\/><\/a>\r\n                                    <div class=\"gmPhantom_ThumbLabel\"><span class=\"gmPhantom_ThumbLabel_title\">Prevenci\u00f3n Del Fuego Y Uso Y Manejo De Extintores-2<\/span><\/div>\r\n                                    <div style=\"display:none;\" class=\"gmPhantom_Details\">\r\n                                            <div class=\"gmPhantom_description\">\r\n                            <div class=\"gmPhantom_title\">Prevenci\u00f3n Del Fuego Y Uso Y Manejo De Extintores-2<\/div>\r\n                            <div class=\"gmPhantom_text\"><\/div>\r\n                        <\/div>\r\n                                                            <div class=\"gmPhantom_terms\">\r\n                                                    <div class=\"gmPhantom_other_terms\">\r\n                                <table class=\"gmPhantom_other_terms_table\">\r\n                                                                            <tr class=\"gmPhantom_term_row_album\">\r\n                                            <td class=\"gmPhantom_term_key\">Album<\/td>\r\n                                            <td class=\"gmPhantom_term_value\"><a href=\"\/index.php\/wp-json\/wp\/v2\/posts\/21369?gm301[album__in]=301\" class=\"gmPhantom_alb\">Prevenci\u00f3n del fuego y Uso y Manejo de Extintores-2025<\/a><\/td>\r\n                                        <\/tr>\r\n                                                                    <\/table>\r\n                            <\/div>\r\n                                                <\/div>\r\n                <\/div>\r\n                <\/div>            <div class=\"gmPhantom_ThumbContainer gmPhantom_ThumbLoader\" data-id=\"5166\" data-post_id=\"21382\" data-ratio=\"1.5\" data-type=\"image\" data-ext=\"jpg\" data-views=\"18\" data-likes=\"0\" data-cc=\"0\" data-post_link=\"https:\/\/www.fica.unsl.edu.ar\/index.php\/gmedia\/prevenci_n_del_fuego_y_uso_y_manejo_de_extintores-jpg\/\">\r\n                <a href=\"https:\/\/www.fica.unsl.edu.ar\/wp-content\/grand-media\/image\/Prevenci_n_del_fuego_y_Uso_y_Manejo_de_Extintores.jpg\" class=\"gmPhantom_Thumb\"><img decoding=\"async\" src=\"https:\/\/www.fica.unsl.edu.ar\/wp-content\/grand-media\/image\/thumb\/Prevenci_n_del_fuego_y_Uso_y_Manejo_de_Extintores.jpg\" data-src=\"https:\/\/www.fica.unsl.edu.ar\/wp-content\/grand-media\/image\/Prevenci_n_del_fuego_y_Uso_y_Manejo_de_Extintores.jpg\" alt=\"Prevenci\u00f3n Del Fuego Y Uso Y Manejo De Extintores\"\/><\/a>\r\n                                    <div class=\"gmPhantom_ThumbLabel\"><span class=\"gmPhantom_ThumbLabel_title\">Prevenci\u00f3n Del Fuego Y Uso Y Manejo De Extintores<\/span><\/div>\r\n                                    <div style=\"display:none;\" class=\"gmPhantom_Details\">\r\n                                            <div class=\"gmPhantom_description\">\r\n                            <div class=\"gmPhantom_title\">Prevenci\u00f3n Del Fuego Y Uso Y Manejo De Extintores<\/div>\r\n                            <div class=\"gmPhantom_text\"><\/div>\r\n                        <\/div>\r\n                                                            <div class=\"gmPhantom_terms\">\r\n                                                    <div class=\"gmPhantom_other_terms\">\r\n                                <table class=\"gmPhantom_other_terms_table\">\r\n                                                                            <tr class=\"gmPhantom_term_row_album\">\r\n                                            <td class=\"gmPhantom_term_key\">Album<\/td>\r\n                                            <td class=\"gmPhantom_term_value\"><a href=\"\/index.php\/wp-json\/wp\/v2\/posts\/21369?gm301[album__in]=301\" class=\"gmPhantom_alb\">Prevenci\u00f3n del fuego y Uso y Manejo de Extintores-2025<\/a><\/td>\r\n                                        <\/tr>\r\n                                                                    <\/table>\r\n                            <\/div>\r\n                                                <\/div>\r\n                <\/div>\r\n                <\/div>        <\/div>\r\n    <\/div>\r\n<\/div>\n","protected":false},"excerpt":{"rendered":"<p>El pasado mi\u00e9rcoles 29 de octubre en el marco de las acciones de formaci\u00f3n y seguridad laboral, se desarroll\u00f3 el curso \u201cPrevenci\u00f3n del fuego y&hellip;<\/p>\n","protected":false},"author":9,"featured_media":21376,"comment_status":"closed","ping_status":"closed","sticky":false,"template":"","format":"standard","meta":{"_monsterinsights_skip_tracking":false,"_monsterinsights_sitenote_active":false,"_monsterinsights_sitenote_note":"","_monsterinsights_sitenote_category":0,"_joinchat":[],"footnotes":""},"categories":[19],"tags":[],"class_list":["post-21369","post","type-post","status-publish","format-standard","has-post-thumbnail","hentry","category-noticias"],"yoast_head":"<!-- This site is optimized with the Yoast SEO plugin v27.4 - https:\/\/yoast.com\/product\/yoast-seo-wordpress\/ -->\n<title>Capacitaci\u00f3n en prevenci\u00f3n de incendios para el personal de la UNSL Villa Mercedes - Facultad de Ingenier\u00eda y Ciencias Agropecuarias<\/title>\n<meta name=\"robots\" content=\"index, follow, max-snippet:-1, max-image-preview:large, max-video-preview:-1\" \/>\n<link rel=\"canonical\" href=\"https:\/\/www.fica.unsl.edu.ar\/index.php\/capacitacion-en-prevencion-de-incendios-para-el-personal-de-la-unsl-villa-mercedes\/\" \/>\n<meta property=\"og:locale\" content=\"es_ES\" \/>\n<meta property=\"og:type\" content=\"article\" \/>\n<meta property=\"og:title\" content=\"Capacitaci\u00f3n en prevenci\u00f3n de incendios para el personal de la UNSL Villa Mercedes - Facultad de Ingenier\u00eda y Ciencias Agropecuarias\" \/>\n<meta property=\"og:description\" content=\"El pasado mi\u00e9rcoles 29 de octubre en el marco de las acciones de formaci\u00f3n y seguridad laboral, se desarroll\u00f3 el curso \u201cPrevenci\u00f3n del fuego y&hellip;\" \/>\n<meta property=\"og:url\" content=\"https:\/\/www.fica.unsl.edu.ar\/index.php\/capacitacion-en-prevencion-de-incendios-para-el-personal-de-la-unsl-villa-mercedes\/\" \/>\n<meta property=\"og:site_name\" content=\"Facultad de Ingenier\u00eda y Ciencias Agropecuarias\" \/>\n<meta property=\"article:publisher\" content=\"https:\/\/www.facebook.com\/FICA.UNSL\/\" \/>\n<meta property=\"article:published_time\" content=\"2025-11-03T14:36:21+00:00\" \/>\n<meta property=\"article:modified_time\" content=\"2025-11-10T11:47:26+00:00\" \/>\n<meta property=\"og:image\" content=\"https:\/\/www.fica.unsl.edu.ar\/wp-content\/uploads\/2025\/11\/capacitacion-matafuegos-front.jpg\" \/>\n\t<meta property=\"og:image:width\" content=\"1061\" \/>\n\t<meta property=\"og:image:height\" content=\"585\" \/>\n\t<meta property=\"og:image:type\" content=\"image\/jpeg\" \/>\n<meta name=\"author\" content=\"DATI\" \/>\n<meta name=\"twitter:card\" content=\"summary_large_image\" \/>\n<meta name=\"twitter:creator\" content=\"@FICAUNSL\" \/>\n<meta name=\"twitter:site\" content=\"@FICAUNSL\" \/>\n<meta name=\"twitter:label1\" content=\"Escrito por\" \/>\n\t<meta name=\"twitter:data1\" content=\"DATI\" \/>\n\t<meta name=\"twitter:label2\" content=\"Tiempo de lectura\" \/>\n\t<meta name=\"twitter:data2\" content=\"2 minutos\" \/>\n<script type=\"application\/ld+json\" class=\"yoast-schema-graph\">{\"@context\":\"https:\\\/\\\/schema.org\",\"@graph\":[{\"@type\":\"Article\",\"@id\":\"https:\\\/\\\/www.fica.unsl.edu.ar\\\/index.php\\\/capacitacion-en-prevencion-de-incendios-para-el-personal-de-la-unsl-villa-mercedes\\\/#article\",\"isPartOf\":{\"@id\":\"https:\\\/\\\/www.fica.unsl.edu.ar\\\/index.php\\\/capacitacion-en-prevencion-de-incendios-para-el-personal-de-la-unsl-villa-mercedes\\\/\"},\"author\":{\"name\":\"DATI\",\"@id\":\"https:\\\/\\\/www.fica.unsl.edu.ar\\\/#\\\/schema\\\/person\\\/6058f9c66301868d3a691b1f5d6c3544\"},\"headline\":\"Capacitaci\u00f3n en prevenci\u00f3n de incendios para el personal de la UNSL Villa Mercedes\",\"datePublished\":\"2025-11-03T14:36:21+00:00\",\"dateModified\":\"2025-11-10T11:47:26+00:00\",\"mainEntityOfPage\":{\"@id\":\"https:\\\/\\\/www.fica.unsl.edu.ar\\\/index.php\\\/capacitacion-en-prevencion-de-incendios-para-el-personal-de-la-unsl-villa-mercedes\\\/\"},\"wordCount\":225,\"publisher\":{\"@id\":\"https:\\\/\\\/www.fica.unsl.edu.ar\\\/#organization\"},\"image\":{\"@id\":\"https:\\\/\\\/www.fica.unsl.edu.ar\\\/index.php\\\/capacitacion-en-prevencion-de-incendios-para-el-personal-de-la-unsl-villa-mercedes\\\/#primaryimage\"},\"thumbnailUrl\":\"https:\\\/\\\/www.fica.unsl.edu.ar\\\/wp-content\\\/uploads\\\/2025\\\/11\\\/capacitacion-matafuegos-front.jpg\",\"articleSection\":[\"Noticias\"],\"inLanguage\":\"es-AR\"},{\"@type\":\"WebPage\",\"@id\":\"https:\\\/\\\/www.fica.unsl.edu.ar\\\/index.php\\\/capacitacion-en-prevencion-de-incendios-para-el-personal-de-la-unsl-villa-mercedes\\\/\",\"url\":\"https:\\\/\\\/www.fica.unsl.edu.ar\\\/index.php\\\/capacitacion-en-prevencion-de-incendios-para-el-personal-de-la-unsl-villa-mercedes\\\/\",\"name\":\"Capacitaci\u00f3n en prevenci\u00f3n de incendios para el personal de la UNSL Villa Mercedes - Facultad de Ingenier\u00eda y Ciencias Agropecuarias\",\"isPartOf\":{\"@id\":\"https:\\\/\\\/www.fica.unsl.edu.ar\\\/#website\"},\"primaryImageOfPage\":{\"@id\":\"https:\\\/\\\/www.fica.unsl.edu.ar\\\/index.php\\\/capacitacion-en-prevencion-de-incendios-para-el-personal-de-la-unsl-villa-mercedes\\\/#primaryimage\"},\"image\":{\"@id\":\"https:\\\/\\\/www.fica.unsl.edu.ar\\\/index.php\\\/capacitacion-en-prevencion-de-incendios-para-el-personal-de-la-unsl-villa-mercedes\\\/#primaryimage\"},\"thumbnailUrl\":\"https:\\\/\\\/www.fica.unsl.edu.ar\\\/wp-content\\\/uploads\\\/2025\\\/11\\\/capacitacion-matafuegos-front.jpg\",\"datePublished\":\"2025-11-03T14:36:21+00:00\",\"dateModified\":\"2025-11-10T11:47:26+00:00\",\"inLanguage\":\"es-AR\",\"potentialAction\":[{\"@type\":\"ReadAction\",\"target\":[\"https:\\\/\\\/www.fica.unsl.edu.ar\\\/index.php\\\/capacitacion-en-prevencion-de-incendios-para-el-personal-de-la-unsl-villa-mercedes\\\/\"]}]},{\"@type\":\"ImageObject\",\"inLanguage\":\"es-AR\",\"@id\":\"https:\\\/\\\/www.fica.unsl.edu.ar\\\/index.php\\\/capacitacion-en-prevencion-de-incendios-para-el-personal-de-la-unsl-villa-mercedes\\\/#primaryimage\",\"url\":\"https:\\\/\\\/www.fica.unsl.edu.ar\\\/wp-content\\\/uploads\\\/2025\\\/11\\\/capacitacion-matafuegos-front.jpg\",\"contentUrl\":\"https:\\\/\\\/www.fica.unsl.edu.ar\\\/wp-content\\\/uploads\\\/2025\\\/11\\\/capacitacion-matafuegos-front.jpg\",\"width\":1061,\"height\":585},{\"@type\":\"WebSite\",\"@id\":\"https:\\\/\\\/www.fica.unsl.edu.ar\\\/#website\",\"url\":\"https:\\\/\\\/www.fica.unsl.edu.ar\\\/\",\"name\":\"Facultad de Ingenier\u00eda y Ciencias Agropecuarias\",\"description\":\"\",\"publisher\":{\"@id\":\"https:\\\/\\\/www.fica.unsl.edu.ar\\\/#organization\"},\"potentialAction\":[{\"@type\":\"SearchAction\",\"target\":{\"@type\":\"EntryPoint\",\"urlTemplate\":\"https:\\\/\\\/www.fica.unsl.edu.ar\\\/?s={search_term_string}\"},\"query-input\":{\"@type\":\"PropertyValueSpecification\",\"valueRequired\":true,\"valueName\":\"search_term_string\"}}],\"inLanguage\":\"es-AR\"},{\"@type\":\"Organization\",\"@id\":\"https:\\\/\\\/www.fica.unsl.edu.ar\\\/#organization\",\"name\":\"Facultad de Ingenier\u00eda y Ciencias Agropecuarias\",\"url\":\"https:\\\/\\\/www.fica.unsl.edu.ar\\\/\",\"logo\":{\"@type\":\"ImageObject\",\"inLanguage\":\"es-AR\",\"@id\":\"https:\\\/\\\/www.fica.unsl.edu.ar\\\/#\\\/schema\\\/logo\\\/image\\\/\",\"url\":\"https:\\\/\\\/www.fica.unsl.edu.ar\\\/wp-content\\\/uploads\\\/2021\\\/03\\\/LOGO-1.jpg\",\"contentUrl\":\"https:\\\/\\\/www.fica.unsl.edu.ar\\\/wp-content\\\/uploads\\\/2021\\\/03\\\/LOGO-1.jpg\",\"width\":463,\"height\":145,\"caption\":\"Facultad de Ingenier\u00eda y Ciencias Agropecuarias\"},\"image\":{\"@id\":\"https:\\\/\\\/www.fica.unsl.edu.ar\\\/#\\\/schema\\\/logo\\\/image\\\/\"},\"sameAs\":[\"https:\\\/\\\/www.facebook.com\\\/FICA.UNSL\\\/\",\"https:\\\/\\\/x.com\\\/FICAUNSL\",\"https:\\\/\\\/www.instagram.com\\\/fica.unsl\\\/\",\"https:\\\/\\\/www.youtube.com\\\/channel\\\/UCs2MM53gb2PyBrMySdtWZDQ\"]},{\"@type\":\"Person\",\"@id\":\"https:\\\/\\\/www.fica.unsl.edu.ar\\\/#\\\/schema\\\/person\\\/6058f9c66301868d3a691b1f5d6c3544\",\"name\":\"DATI\"}]}<\/script>\n<!-- \/ Yoast SEO plugin. -->","yoast_head_json":{"title":"Capacitaci\u00f3n en prevenci\u00f3n de incendios para el personal de la UNSL Villa Mercedes - Facultad de Ingenier\u00eda y Ciencias Agropecuarias","robots":{"index":"index","follow":"follow","max-snippet":"max-snippet:-1","max-image-preview":"max-image-preview:large","max-video-preview":"max-video-preview:-1"},"canonical":"https:\/\/www.fica.unsl.edu.ar\/index.php\/capacitacion-en-prevencion-de-incendios-para-el-personal-de-la-unsl-villa-mercedes\/","og_locale":"es_ES","og_type":"article","og_title":"Capacitaci\u00f3n en prevenci\u00f3n de incendios para el personal de la UNSL Villa Mercedes - Facultad de Ingenier\u00eda y Ciencias Agropecuarias","og_description":"El pasado mi\u00e9rcoles 29 de octubre en el marco de las acciones de formaci\u00f3n y seguridad laboral, se desarroll\u00f3 el curso \u201cPrevenci\u00f3n del fuego y&hellip;","og_url":"https:\/\/www.fica.unsl.edu.ar\/index.php\/capacitacion-en-prevencion-de-incendios-para-el-personal-de-la-unsl-villa-mercedes\/","og_site_name":"Facultad de Ingenier\u00eda y Ciencias Agropecuarias","article_publisher":"https:\/\/www.facebook.com\/FICA.UNSL\/","article_published_time":"2025-11-03T14:36:21+00:00","article_modified_time":"2025-11-10T11:47:26+00:00","og_image":[{"width":1061,"height":585,"url":"https:\/\/www.fica.unsl.edu.ar\/wp-content\/uploads\/2025\/11\/capacitacion-matafuegos-front.jpg","type":"image\/jpeg"}],"author":"DATI","twitter_card":"summary_large_image","twitter_creator":"@FICAUNSL","twitter_site":"@FICAUNSL","twitter_misc":{"Escrito por":"DATI","Tiempo de lectura":"2 minutos"},"schema":{"@context":"https:\/\/schema.org","@graph":[{"@type":"Article","@id":"https:\/\/www.fica.unsl.edu.ar\/index.php\/capacitacion-en-prevencion-de-incendios-para-el-personal-de-la-unsl-villa-mercedes\/#article","isPartOf":{"@id":"https:\/\/www.fica.unsl.edu.ar\/index.php\/capacitacion-en-prevencion-de-incendios-para-el-personal-de-la-unsl-villa-mercedes\/"},"author":{"name":"DATI","@id":"https:\/\/www.fica.unsl.edu.ar\/#\/schema\/person\/6058f9c66301868d3a691b1f5d6c3544"},"headline":"Capacitaci\u00f3n en prevenci\u00f3n de incendios para el personal de la UNSL Villa Mercedes","datePublished":"2025-11-03T14:36:21+00:00","dateModified":"2025-11-10T11:47:26+00:00","mainEntityOfPage":{"@id":"https:\/\/www.fica.unsl.edu.ar\/index.php\/capacitacion-en-prevencion-de-incendios-para-el-personal-de-la-unsl-villa-mercedes\/"},"wordCount":225,"publisher":{"@id":"https:\/\/www.fica.unsl.edu.ar\/#organization"},"image":{"@id":"https:\/\/www.fica.unsl.edu.ar\/index.php\/capacitacion-en-prevencion-de-incendios-para-el-personal-de-la-unsl-villa-mercedes\/#primaryimage"},"thumbnailUrl":"https:\/\/www.fica.unsl.edu.ar\/wp-content\/uploads\/2025\/11\/capacitacion-matafuegos-front.jpg","articleSection":["Noticias"],"inLanguage":"es-AR"},{"@type":"WebPage","@id":"https:\/\/www.fica.unsl.edu.ar\/index.php\/capacitacion-en-prevencion-de-incendios-para-el-personal-de-la-unsl-villa-mercedes\/","url":"https:\/\/www.fica.unsl.edu.ar\/index.php\/capacitacion-en-prevencion-de-incendios-para-el-personal-de-la-unsl-villa-mercedes\/","name":"Capacitaci\u00f3n en prevenci\u00f3n de incendios para el personal de la UNSL Villa Mercedes - Facultad de Ingenier\u00eda y Ciencias Agropecuarias","isPartOf":{"@id":"https:\/\/www.fica.unsl.edu.ar\/#website"},"primaryImageOfPage":{"@id":"https:\/\/www.fica.unsl.edu.ar\/index.php\/capacitacion-en-prevencion-de-incendios-para-el-personal-de-la-unsl-villa-mercedes\/#primaryimage"},"image":{"@id":"https:\/\/www.fica.unsl.edu.ar\/index.php\/capacitacion-en-prevencion-de-incendios-para-el-personal-de-la-unsl-villa-mercedes\/#primaryimage"},"thumbnailUrl":"https:\/\/www.fica.unsl.edu.ar\/wp-content\/uploads\/2025\/11\/capacitacion-matafuegos-front.jpg","datePublished":"2025-11-03T14:36:21+00:00","dateModified":"2025-11-10T11:47:26+00:00","inLanguage":"es-AR","potentialAction":[{"@type":"ReadAction","target":["https:\/\/www.fica.unsl.edu.ar\/index.php\/capacitacion-en-prevencion-de-incendios-para-el-personal-de-la-unsl-villa-mercedes\/"]}]},{"@type":"ImageObject","inLanguage":"es-AR","@id":"https:\/\/www.fica.unsl.edu.ar\/index.php\/capacitacion-en-prevencion-de-incendios-para-el-personal-de-la-unsl-villa-mercedes\/#primaryimage","url":"https:\/\/www.fica.unsl.edu.ar\/wp-content\/uploads\/2025\/11\/capacitacion-matafuegos-front.jpg","contentUrl":"https:\/\/www.fica.unsl.edu.ar\/wp-content\/uploads\/2025\/11\/capacitacion-matafuegos-front.jpg","width":1061,"height":585},{"@type":"WebSite","@id":"https:\/\/www.fica.unsl.edu.ar\/#website","url":"https:\/\/www.fica.unsl.edu.ar\/","name":"Facultad de Ingenier\u00eda y Ciencias Agropecuarias","description":"","publisher":{"@id":"https:\/\/www.fica.unsl.edu.ar\/#organization"},"potentialAction":[{"@type":"SearchAction","target":{"@type":"EntryPoint","urlTemplate":"https:\/\/www.fica.unsl.edu.ar\/?s={search_term_string}"},"query-input":{"@type":"PropertyValueSpecification","valueRequired":true,"valueName":"search_term_string"}}],"inLanguage":"es-AR"},{"@type":"Organization","@id":"https:\/\/www.fica.unsl.edu.ar\/#organization","name":"Facultad de Ingenier\u00eda y Ciencias Agropecuarias","url":"https:\/\/www.fica.unsl.edu.ar\/","logo":{"@type":"ImageObject","inLanguage":"es-AR","@id":"https:\/\/www.fica.unsl.edu.ar\/#\/schema\/logo\/image\/","url":"https:\/\/www.fica.unsl.edu.ar\/wp-content\/uploads\/2021\/03\/LOGO-1.jpg","contentUrl":"https:\/\/www.fica.unsl.edu.ar\/wp-content\/uploads\/2021\/03\/LOGO-1.jpg","width":463,"height":145,"caption":"Facultad de Ingenier\u00eda y Ciencias Agropecuarias"},"image":{"@id":"https:\/\/www.fica.unsl.edu.ar\/#\/schema\/logo\/image\/"},"sameAs":["https:\/\/www.facebook.com\/FICA.UNSL\/","https:\/\/x.com\/FICAUNSL","https:\/\/www.instagram.com\/fica.unsl\/","https:\/\/www.youtube.com\/channel\/UCs2MM53gb2PyBrMySdtWZDQ"]},{"@type":"Person","@id":"https:\/\/www.fica.unsl.edu.ar\/#\/schema\/person\/6058f9c66301868d3a691b1f5d6c3544","name":"DATI"}]}},"_links":{"self":[{"href":"https:\/\/www.fica.unsl.edu.ar\/index.php\/wp-json\/wp\/v2\/posts\/21369","targetHints":{"allow":["GET"]}}],"collection":[{"href":"https:\/\/www.fica.unsl.edu.ar\/index.php\/wp-json\/wp\/v2\/posts"}],"about":[{"href":"https:\/\/www.fica.unsl.edu.ar\/index.php\/wp-json\/wp\/v2\/types\/post"}],"author":[{"embeddable":true,"href":"https:\/\/www.fica.unsl.edu.ar\/index.php\/wp-json\/wp\/v2\/users\/9"}],"replies":[{"embeddable":true,"href":"https:\/\/www.fica.unsl.edu.ar\/index.php\/wp-json\/wp\/v2\/comments?post=21369"}],"version-history":[{"count":7,"href":"https:\/\/www.fica.unsl.edu.ar\/index.php\/wp-json\/wp\/v2\/posts\/21369\/revisions"}],"predecessor-version":[{"id":21393,"href":"https:\/\/www.fica.unsl.edu.ar\/index.php\/wp-json\/wp\/v2\/posts\/21369\/revisions\/21393"}],"wp:featuredmedia":[{"embeddable":true,"href":"https:\/\/www.fica.unsl.edu.ar\/index.php\/wp-json\/wp\/v2\/media\/21376"}],"wp:attachment":[{"href":"https:\/\/www.fica.unsl.edu.ar\/index.php\/wp-json\/wp\/v2\/media?parent=21369"}],"wp:term":[{"taxonomy":"category","embeddable":true,"href":"https:\/\/www.fica.unsl.edu.ar\/index.php\/wp-json\/wp\/v2\/categories?post=21369"},{"taxonomy":"post_tag","embeddable":true,"href":"https:\/\/www.fica.unsl.edu.ar\/index.php\/wp-json\/wp\/v2\/tags?post=21369"}],"curies":[{"name":"wp","href":"https:\/\/api.w.org\/{rel}","templated":true}]}}