{"id":21394,"date":"2025-11-04T09:31:49","date_gmt":"2025-11-04T12:31:49","guid":{"rendered":"https:\/\/www.fica.unsl.edu.ar\/?p=21394"},"modified":"2025-11-10T08:43:32","modified_gmt":"2025-11-10T11:43:32","slug":"la-fica-acompana-la-iniciativa-impulsar-trabajo-2025-en-villa-mercedes","status":"publish","type":"post","link":"https:\/\/www.fica.unsl.edu.ar\/index.php\/la-fica-acompana-la-iniciativa-impulsar-trabajo-2025-en-villa-mercedes\/","title":{"rendered":"La FICA acompa\u00f1a la iniciativa \u201cImpulsar Trabajo 2025\u201d en Villa Mercedes"},"content":{"rendered":"<p data-start=\"266\" data-end=\"508\">La <strong data-start=\"269\" data-end=\"293\">Secretar\u00eda Acad\u00e9mica<\/strong> invita a las y los estudiantes a participar de la capacitaci\u00f3n <strong data-start=\"357\" data-end=\"398\">\u201cCalidad Profesional y Empleabilidad\u201d<\/strong>, que brindar\u00e1 la <strong data-start=\"416\" data-end=\"440\">Ing. Noelia Villegas<\/strong> en el marco de la <strong data-start=\"459\" data-end=\"505\">Segunda Edici\u00f3n de \u201cImpulsar Trabajo 2025\u201d<\/strong>.<\/p>\n<p data-start=\"515\" data-end=\"701\">Este encuentro, de car\u00e1cter <strong data-start=\"543\" data-end=\"555\">gratuito<\/strong>, se llevar\u00e1 a cabo el <strong data-start=\"578\" data-end=\"622\">viernes 7 de noviembre a las 10:00 horas<\/strong> en el <strong data-start=\"629\" data-end=\"681\">Sal\u00f3n Azul de la Municipalidad de Villa Mercedes<\/strong> (Av. Mitre 1025).<\/p>\n<h3 style=\"text-align: center;\" data-start=\"515\" data-end=\"701\"><span style=\"color: #0000ff;\"><a style=\"color: #0000ff;\" href=\"https:\/\/docs.google.com\/forms\/d\/e\/1FAIpQLScevEKHOWKEk3mcJ4yWo9T5AYcFPKbHGS5Ceb3U3rKTIHlj6g\/viewform\" target=\"_blank\" rel=\"noopener\">INSCRIPCIONES<\/a><\/span><\/h3>\n<p data-start=\"708\" data-end=\"980\">Durante la actividad se brindar\u00e1n herramientas para <strong data-start=\"760\" data-end=\"823\">favorecer la inserci\u00f3n y el desarrollo en el \u00e1mbito laboral<\/strong>, promover el <strong data-start=\"837\" data-end=\"899\">fortalecimiento de competencias personales y profesionales<\/strong>, y fomentar <strong data-start=\"912\" data-end=\"977\">actitudes \u00e9ticas, responsables y proactivas frente al trabajo<\/strong>.<\/p>\n<p data-start=\"987\" data-end=\"1186\">Est\u00e1 destinada a <strong data-start=\"1004\" data-end=\"1070\">estudiantes de los \u00faltimos a\u00f1os de nivel secundario y superior<\/strong>, as\u00ed como a <strong data-start=\"1083\" data-end=\"1138\">personas en proceso de inserci\u00f3n o b\u00fasqueda laboral<\/strong> pertenecientes a diferentes \u00e1reas o carreras.<\/p>\n<p data-start=\"1193\" data-end=\"1476\">La capacitaci\u00f3n es organizada por el <strong data-start=\"1230\" data-end=\"1277\">Programa Municipal \u201cDesarrollo Profesional\u201d<\/strong> y <strong data-start=\"1280\" data-end=\"1292\">Randstad<\/strong>, con el acompa\u00f1amiento de la <strong data-start=\"1322\" data-end=\"1370\">Escuela de Ingenier\u00eda y Ciencias Ambientales<\/strong>, el <strong data-start=\"1375\" data-end=\"1411\">Observatorio de Graduados UNViMe<\/strong> y la <strong data-start=\"1417\" data-end=\"1475\">Facultad de Ingenier\u00eda y Ciencias Agropecuarias (FICA)<\/strong>.<\/p>\n","protected":false},"excerpt":{"rendered":"<p>La Secretar\u00eda Acad\u00e9mica invita a las y los estudiantes a participar de la capacitaci\u00f3n \u201cCalidad Profesional y Empleabilidad\u201d, que brindar\u00e1 la Ing. Noelia Villegas en&hellip;<\/p>\n","protected":false},"author":9,"featured_media":21395,"comment_status":"closed","ping_status":"closed","sticky":false,"template":"","format":"standard","meta":{"_monsterinsights_skip_tracking":false,"_monsterinsights_sitenote_active":false,"_monsterinsights_sitenote_note":"","_monsterinsights_sitenote_category":0,"_joinchat":[],"footnotes":""},"categories":[19],"tags":[],"class_list":["post-21394","post","type-post","status-publish","format-standard","has-post-thumbnail","hentry","category-noticias"],"yoast_head":"<!-- This site is optimized with the Yoast SEO plugin v27.4 - https:\/\/yoast.com\/product\/yoast-seo-wordpress\/ -->\n<title>La FICA acompa\u00f1a la iniciativa \u201cImpulsar Trabajo 2025\u201d en Villa Mercedes - Facultad de Ingenier\u00eda y Ciencias Agropecuarias<\/title>\n<meta name=\"robots\" content=\"index, follow, max-snippet:-1, max-image-preview:large, max-video-preview:-1\" \/>\n<link rel=\"canonical\" href=\"https:\/\/www.fica.unsl.edu.ar\/index.php\/la-fica-acompana-la-iniciativa-impulsar-trabajo-2025-en-villa-mercedes\/\" \/>\n<meta property=\"og:locale\" content=\"es_ES\" \/>\n<meta property=\"og:type\" content=\"article\" \/>\n<meta property=\"og:title\" content=\"La FICA acompa\u00f1a la iniciativa \u201cImpulsar Trabajo 2025\u201d en Villa Mercedes - Facultad de Ingenier\u00eda y Ciencias Agropecuarias\" \/>\n<meta property=\"og:description\" content=\"La Secretar\u00eda Acad\u00e9mica invita a las y los estudiantes a participar de la capacitaci\u00f3n \u201cCalidad Profesional y Empleabilidad\u201d, que brindar\u00e1 la Ing. Noelia Villegas en&hellip;\" \/>\n<meta property=\"og:url\" content=\"https:\/\/www.fica.unsl.edu.ar\/index.php\/la-fica-acompana-la-iniciativa-impulsar-trabajo-2025-en-villa-mercedes\/\" \/>\n<meta property=\"og:site_name\" content=\"Facultad de Ingenier\u00eda y Ciencias Agropecuarias\" \/>\n<meta property=\"article:publisher\" content=\"https:\/\/www.facebook.com\/FICA.UNSL\/\" \/>\n<meta property=\"article:published_time\" content=\"2025-11-04T12:31:49+00:00\" \/>\n<meta property=\"article:modified_time\" content=\"2025-11-10T11:43:32+00:00\" \/>\n<meta property=\"og:image\" content=\"https:\/\/www.fica.unsl.edu.ar\/wp-content\/uploads\/2025\/11\/impulsar-trabajo-front.jpg\" \/>\n\t<meta property=\"og:image:width\" content=\"1061\" \/>\n\t<meta property=\"og:image:height\" content=\"585\" \/>\n\t<meta property=\"og:image:type\" content=\"image\/jpeg\" \/>\n<meta name=\"author\" content=\"DATI\" \/>\n<meta name=\"twitter:card\" content=\"summary_large_image\" \/>\n<meta name=\"twitter:creator\" content=\"@FICAUNSL\" \/>\n<meta name=\"twitter:site\" content=\"@FICAUNSL\" \/>\n<meta name=\"twitter:label1\" content=\"Escrito por\" \/>\n\t<meta name=\"twitter:data1\" content=\"DATI\" \/>\n\t<meta name=\"twitter:label2\" content=\"Tiempo de lectura\" \/>\n\t<meta name=\"twitter:data2\" content=\"1 minuto\" \/>\n<script type=\"application\/ld+json\" class=\"yoast-schema-graph\">{\"@context\":\"https:\\\/\\\/schema.org\",\"@graph\":[{\"@type\":\"Article\",\"@id\":\"https:\\\/\\\/www.fica.unsl.edu.ar\\\/index.php\\\/la-fica-acompana-la-iniciativa-impulsar-trabajo-2025-en-villa-mercedes\\\/#article\",\"isPartOf\":{\"@id\":\"https:\\\/\\\/www.fica.unsl.edu.ar\\\/index.php\\\/la-fica-acompana-la-iniciativa-impulsar-trabajo-2025-en-villa-mercedes\\\/\"},\"author\":{\"name\":\"DATI\",\"@id\":\"https:\\\/\\\/www.fica.unsl.edu.ar\\\/#\\\/schema\\\/person\\\/6058f9c66301868d3a691b1f5d6c3544\"},\"headline\":\"La FICA acompa\u00f1a la iniciativa \u201cImpulsar Trabajo 2025\u201d en Villa Mercedes\",\"datePublished\":\"2025-11-04T12:31:49+00:00\",\"dateModified\":\"2025-11-10T11:43:32+00:00\",\"mainEntityOfPage\":{\"@id\":\"https:\\\/\\\/www.fica.unsl.edu.ar\\\/index.php\\\/la-fica-acompana-la-iniciativa-impulsar-trabajo-2025-en-villa-mercedes\\\/\"},\"wordCount\":191,\"publisher\":{\"@id\":\"https:\\\/\\\/www.fica.unsl.edu.ar\\\/#organization\"},\"image\":{\"@id\":\"https:\\\/\\\/www.fica.unsl.edu.ar\\\/index.php\\\/la-fica-acompana-la-iniciativa-impulsar-trabajo-2025-en-villa-mercedes\\\/#primaryimage\"},\"thumbnailUrl\":\"https:\\\/\\\/www.fica.unsl.edu.ar\\\/wp-content\\\/uploads\\\/2025\\\/11\\\/impulsar-trabajo-front.jpg\",\"articleSection\":[\"Noticias\"],\"inLanguage\":\"es-AR\"},{\"@type\":\"WebPage\",\"@id\":\"https:\\\/\\\/www.fica.unsl.edu.ar\\\/index.php\\\/la-fica-acompana-la-iniciativa-impulsar-trabajo-2025-en-villa-mercedes\\\/\",\"url\":\"https:\\\/\\\/www.fica.unsl.edu.ar\\\/index.php\\\/la-fica-acompana-la-iniciativa-impulsar-trabajo-2025-en-villa-mercedes\\\/\",\"name\":\"La FICA acompa\u00f1a la iniciativa \u201cImpulsar Trabajo 2025\u201d en Villa Mercedes - Facultad de Ingenier\u00eda y Ciencias Agropecuarias\",\"isPartOf\":{\"@id\":\"https:\\\/\\\/www.fica.unsl.edu.ar\\\/#website\"},\"primaryImageOfPage\":{\"@id\":\"https:\\\/\\\/www.fica.unsl.edu.ar\\\/index.php\\\/la-fica-acompana-la-iniciativa-impulsar-trabajo-2025-en-villa-mercedes\\\/#primaryimage\"},\"image\":{\"@id\":\"https:\\\/\\\/www.fica.unsl.edu.ar\\\/index.php\\\/la-fica-acompana-la-iniciativa-impulsar-trabajo-2025-en-villa-mercedes\\\/#primaryimage\"},\"thumbnailUrl\":\"https:\\\/\\\/www.fica.unsl.edu.ar\\\/wp-content\\\/uploads\\\/2025\\\/11\\\/impulsar-trabajo-front.jpg\",\"datePublished\":\"2025-11-04T12:31:49+00:00\",\"dateModified\":\"2025-11-10T11:43:32+00:00\",\"inLanguage\":\"es-AR\",\"potentialAction\":[{\"@type\":\"ReadAction\",\"target\":[\"https:\\\/\\\/www.fica.unsl.edu.ar\\\/index.php\\\/la-fica-acompana-la-iniciativa-impulsar-trabajo-2025-en-villa-mercedes\\\/\"]}]},{\"@type\":\"ImageObject\",\"inLanguage\":\"es-AR\",\"@id\":\"https:\\\/\\\/www.fica.unsl.edu.ar\\\/index.php\\\/la-fica-acompana-la-iniciativa-impulsar-trabajo-2025-en-villa-mercedes\\\/#primaryimage\",\"url\":\"https:\\\/\\\/www.fica.unsl.edu.ar\\\/wp-content\\\/uploads\\\/2025\\\/11\\\/impulsar-trabajo-front.jpg\",\"contentUrl\":\"https:\\\/\\\/www.fica.unsl.edu.ar\\\/wp-content\\\/uploads\\\/2025\\\/11\\\/impulsar-trabajo-front.jpg\",\"width\":1061,\"height\":585},{\"@type\":\"WebSite\",\"@id\":\"https:\\\/\\\/www.fica.unsl.edu.ar\\\/#website\",\"url\":\"https:\\\/\\\/www.fica.unsl.edu.ar\\\/\",\"name\":\"Facultad de Ingenier\u00eda y Ciencias Agropecuarias\",\"description\":\"\",\"publisher\":{\"@id\":\"https:\\\/\\\/www.fica.unsl.edu.ar\\\/#organization\"},\"potentialAction\":[{\"@type\":\"SearchAction\",\"target\":{\"@type\":\"EntryPoint\",\"urlTemplate\":\"https:\\\/\\\/www.fica.unsl.edu.ar\\\/?s={search_term_string}\"},\"query-input\":{\"@type\":\"PropertyValueSpecification\",\"valueRequired\":true,\"valueName\":\"search_term_string\"}}],\"inLanguage\":\"es-AR\"},{\"@type\":\"Organization\",\"@id\":\"https:\\\/\\\/www.fica.unsl.edu.ar\\\/#organization\",\"name\":\"Facultad de Ingenier\u00eda y Ciencias Agropecuarias\",\"url\":\"https:\\\/\\\/www.fica.unsl.edu.ar\\\/\",\"logo\":{\"@type\":\"ImageObject\",\"inLanguage\":\"es-AR\",\"@id\":\"https:\\\/\\\/www.fica.unsl.edu.ar\\\/#\\\/schema\\\/logo\\\/image\\\/\",\"url\":\"https:\\\/\\\/www.fica.unsl.edu.ar\\\/wp-content\\\/uploads\\\/2021\\\/03\\\/LOGO-1.jpg\",\"contentUrl\":\"https:\\\/\\\/www.fica.unsl.edu.ar\\\/wp-content\\\/uploads\\\/2021\\\/03\\\/LOGO-1.jpg\",\"width\":463,\"height\":145,\"caption\":\"Facultad de Ingenier\u00eda y Ciencias Agropecuarias\"},\"image\":{\"@id\":\"https:\\\/\\\/www.fica.unsl.edu.ar\\\/#\\\/schema\\\/logo\\\/image\\\/\"},\"sameAs\":[\"https:\\\/\\\/www.facebook.com\\\/FICA.UNSL\\\/\",\"https:\\\/\\\/x.com\\\/FICAUNSL\",\"https:\\\/\\\/www.instagram.com\\\/fica.unsl\\\/\",\"https:\\\/\\\/www.youtube.com\\\/channel\\\/UCs2MM53gb2PyBrMySdtWZDQ\"]},{\"@type\":\"Person\",\"@id\":\"https:\\\/\\\/www.fica.unsl.edu.ar\\\/#\\\/schema\\\/person\\\/6058f9c66301868d3a691b1f5d6c3544\",\"name\":\"DATI\"}]}<\/script>\n<!-- \/ Yoast SEO plugin. -->","yoast_head_json":{"title":"La FICA acompa\u00f1a la iniciativa \u201cImpulsar Trabajo 2025\u201d en Villa Mercedes - Facultad de Ingenier\u00eda y Ciencias Agropecuarias","robots":{"index":"index","follow":"follow","max-snippet":"max-snippet:-1","max-image-preview":"max-image-preview:large","max-video-preview":"max-video-preview:-1"},"canonical":"https:\/\/www.fica.unsl.edu.ar\/index.php\/la-fica-acompana-la-iniciativa-impulsar-trabajo-2025-en-villa-mercedes\/","og_locale":"es_ES","og_type":"article","og_title":"La FICA acompa\u00f1a la iniciativa \u201cImpulsar Trabajo 2025\u201d en Villa Mercedes - Facultad de Ingenier\u00eda y Ciencias Agropecuarias","og_description":"La Secretar\u00eda Acad\u00e9mica invita a las y los estudiantes a participar de la capacitaci\u00f3n \u201cCalidad Profesional y Empleabilidad\u201d, que brindar\u00e1 la Ing. Noelia Villegas en&hellip;","og_url":"https:\/\/www.fica.unsl.edu.ar\/index.php\/la-fica-acompana-la-iniciativa-impulsar-trabajo-2025-en-villa-mercedes\/","og_site_name":"Facultad de Ingenier\u00eda y Ciencias Agropecuarias","article_publisher":"https:\/\/www.facebook.com\/FICA.UNSL\/","article_published_time":"2025-11-04T12:31:49+00:00","article_modified_time":"2025-11-10T11:43:32+00:00","og_image":[{"width":1061,"height":585,"url":"https:\/\/www.fica.unsl.edu.ar\/wp-content\/uploads\/2025\/11\/impulsar-trabajo-front.jpg","type":"image\/jpeg"}],"author":"DATI","twitter_card":"summary_large_image","twitter_creator":"@FICAUNSL","twitter_site":"@FICAUNSL","twitter_misc":{"Escrito por":"DATI","Tiempo de lectura":"1 minuto"},"schema":{"@context":"https:\/\/schema.org","@graph":[{"@type":"Article","@id":"https:\/\/www.fica.unsl.edu.ar\/index.php\/la-fica-acompana-la-iniciativa-impulsar-trabajo-2025-en-villa-mercedes\/#article","isPartOf":{"@id":"https:\/\/www.fica.unsl.edu.ar\/index.php\/la-fica-acompana-la-iniciativa-impulsar-trabajo-2025-en-villa-mercedes\/"},"author":{"name":"DATI","@id":"https:\/\/www.fica.unsl.edu.ar\/#\/schema\/person\/6058f9c66301868d3a691b1f5d6c3544"},"headline":"La FICA acompa\u00f1a la iniciativa \u201cImpulsar Trabajo 2025\u201d en Villa Mercedes","datePublished":"2025-11-04T12:31:49+00:00","dateModified":"2025-11-10T11:43:32+00:00","mainEntityOfPage":{"@id":"https:\/\/www.fica.unsl.edu.ar\/index.php\/la-fica-acompana-la-iniciativa-impulsar-trabajo-2025-en-villa-mercedes\/"},"wordCount":191,"publisher":{"@id":"https:\/\/www.fica.unsl.edu.ar\/#organization"},"image":{"@id":"https:\/\/www.fica.unsl.edu.ar\/index.php\/la-fica-acompana-la-iniciativa-impulsar-trabajo-2025-en-villa-mercedes\/#primaryimage"},"thumbnailUrl":"https:\/\/www.fica.unsl.edu.ar\/wp-content\/uploads\/2025\/11\/impulsar-trabajo-front.jpg","articleSection":["Noticias"],"inLanguage":"es-AR"},{"@type":"WebPage","@id":"https:\/\/www.fica.unsl.edu.ar\/index.php\/la-fica-acompana-la-iniciativa-impulsar-trabajo-2025-en-villa-mercedes\/","url":"https:\/\/www.fica.unsl.edu.ar\/index.php\/la-fica-acompana-la-iniciativa-impulsar-trabajo-2025-en-villa-mercedes\/","name":"La FICA acompa\u00f1a la iniciativa \u201cImpulsar Trabajo 2025\u201d en Villa Mercedes - Facultad de Ingenier\u00eda y Ciencias Agropecuarias","isPartOf":{"@id":"https:\/\/www.fica.unsl.edu.ar\/#website"},"primaryImageOfPage":{"@id":"https:\/\/www.fica.unsl.edu.ar\/index.php\/la-fica-acompana-la-iniciativa-impulsar-trabajo-2025-en-villa-mercedes\/#primaryimage"},"image":{"@id":"https:\/\/www.fica.unsl.edu.ar\/index.php\/la-fica-acompana-la-iniciativa-impulsar-trabajo-2025-en-villa-mercedes\/#primaryimage"},"thumbnailUrl":"https:\/\/www.fica.unsl.edu.ar\/wp-content\/uploads\/2025\/11\/impulsar-trabajo-front.jpg","datePublished":"2025-11-04T12:31:49+00:00","dateModified":"2025-11-10T11:43:32+00:00","inLanguage":"es-AR","potentialAction":[{"@type":"ReadAction","target":["https:\/\/www.fica.unsl.edu.ar\/index.php\/la-fica-acompana-la-iniciativa-impulsar-trabajo-2025-en-villa-mercedes\/"]}]},{"@type":"ImageObject","inLanguage":"es-AR","@id":"https:\/\/www.fica.unsl.edu.ar\/index.php\/la-fica-acompana-la-iniciativa-impulsar-trabajo-2025-en-villa-mercedes\/#primaryimage","url":"https:\/\/www.fica.unsl.edu.ar\/wp-content\/uploads\/2025\/11\/impulsar-trabajo-front.jpg","contentUrl":"https:\/\/www.fica.unsl.edu.ar\/wp-content\/uploads\/2025\/11\/impulsar-trabajo-front.jpg","width":1061,"height":585},{"@type":"WebSite","@id":"https:\/\/www.fica.unsl.edu.ar\/#website","url":"https:\/\/www.fica.unsl.edu.ar\/","name":"Facultad de Ingenier\u00eda y Ciencias Agropecuarias","description":"","publisher":{"@id":"https:\/\/www.fica.unsl.edu.ar\/#organization"},"potentialAction":[{"@type":"SearchAction","target":{"@type":"EntryPoint","urlTemplate":"https:\/\/www.fica.unsl.edu.ar\/?s={search_term_string}"},"query-input":{"@type":"PropertyValueSpecification","valueRequired":true,"valueName":"search_term_string"}}],"inLanguage":"es-AR"},{"@type":"Organization","@id":"https:\/\/www.fica.unsl.edu.ar\/#organization","name":"Facultad de Ingenier\u00eda y Ciencias Agropecuarias","url":"https:\/\/www.fica.unsl.edu.ar\/","logo":{"@type":"ImageObject","inLanguage":"es-AR","@id":"https:\/\/www.fica.unsl.edu.ar\/#\/schema\/logo\/image\/","url":"https:\/\/www.fica.unsl.edu.ar\/wp-content\/uploads\/2021\/03\/LOGO-1.jpg","contentUrl":"https:\/\/www.fica.unsl.edu.ar\/wp-content\/uploads\/2021\/03\/LOGO-1.jpg","width":463,"height":145,"caption":"Facultad de Ingenier\u00eda y Ciencias Agropecuarias"},"image":{"@id":"https:\/\/www.fica.unsl.edu.ar\/#\/schema\/logo\/image\/"},"sameAs":["https:\/\/www.facebook.com\/FICA.UNSL\/","https:\/\/x.com\/FICAUNSL","https:\/\/www.instagram.com\/fica.unsl\/","https:\/\/www.youtube.com\/channel\/UCs2MM53gb2PyBrMySdtWZDQ"]},{"@type":"Person","@id":"https:\/\/www.fica.unsl.edu.ar\/#\/schema\/person\/6058f9c66301868d3a691b1f5d6c3544","name":"DATI"}]}},"_links":{"self":[{"href":"https:\/\/www.fica.unsl.edu.ar\/index.php\/wp-json\/wp\/v2\/posts\/21394","targetHints":{"allow":["GET"]}}],"collection":[{"href":"https:\/\/www.fica.unsl.edu.ar\/index.php\/wp-json\/wp\/v2\/posts"}],"about":[{"href":"https:\/\/www.fica.unsl.edu.ar\/index.php\/wp-json\/wp\/v2\/types\/post"}],"author":[{"embeddable":true,"href":"https:\/\/www.fica.unsl.edu.ar\/index.php\/wp-json\/wp\/v2\/users\/9"}],"replies":[{"embeddable":true,"href":"https:\/\/www.fica.unsl.edu.ar\/index.php\/wp-json\/wp\/v2\/comments?post=21394"}],"version-history":[{"count":3,"href":"https:\/\/www.fica.unsl.edu.ar\/index.php\/wp-json\/wp\/v2\/posts\/21394\/revisions"}],"predecessor-version":[{"id":21398,"href":"https:\/\/www.fica.unsl.edu.ar\/index.php\/wp-json\/wp\/v2\/posts\/21394\/revisions\/21398"}],"wp:featuredmedia":[{"embeddable":true,"href":"https:\/\/www.fica.unsl.edu.ar\/index.php\/wp-json\/wp\/v2\/media\/21395"}],"wp:attachment":[{"href":"https:\/\/www.fica.unsl.edu.ar\/index.php\/wp-json\/wp\/v2\/media?parent=21394"}],"wp:term":[{"taxonomy":"category","embeddable":true,"href":"https:\/\/www.fica.unsl.edu.ar\/index.php\/wp-json\/wp\/v2\/categories?post=21394"},{"taxonomy":"post_tag","embeddable":true,"href":"https:\/\/www.fica.unsl.edu.ar\/index.php\/wp-json\/wp\/v2\/tags?post=21394"}],"curies":[{"name":"wp","href":"https:\/\/api.w.org\/{rel}","templated":true}]}}