{"id":21455,"date":"2025-11-06T14:06:38","date_gmt":"2025-11-06T17:06:38","guid":{"rendered":"https:\/\/www.fica.unsl.edu.ar\/?p=21455"},"modified":"2025-12-02T11:26:46","modified_gmt":"2025-12-02T14:26:46","slug":"la-fica-presente-en-el-escenario-de-investigacion-y-desarrollo-mundial","status":"publish","type":"post","link":"https:\/\/www.fica.unsl.edu.ar\/index.php\/la-fica-presente-en-el-escenario-de-investigacion-y-desarrollo-mundial\/","title":{"rendered":"La FICA presente en el escenario de investigaci\u00f3n y desarrollo mundial"},"content":{"rendered":"<p><strong>El decano de la FICA, Dr. Federico Serra, realiz\u00f3 una estancia acad\u00e9mica en Barcelona en el marco de un proyecto de cooperaci\u00f3n internacional en energ\u00eda y control autom\u00e1tico.\u00a0<\/strong>Desde hace m\u00e1s de una d\u00e9cada, el <strong>Laboratorio de Control Autom\u00e1tico (LCA)<\/strong> de la<strong> FICA<\/strong> trabaja junto al<strong> Instituto de Organizaci\u00f3n y Control (IOC) de la Universidad Polit\u00e9cnica de Catalu\u00f1a (UPC)<\/strong>, espec\u00edficamente con el Grupo de Sistemas Avanzados de Energ\u00eda, en proyectos vinculados a la energ\u00eda y al control autom\u00e1tico.<\/p>\n<p data-start=\"773\" data-end=\"949\">Uno de los proyectos actuales, <strong data-start=\"804\" data-end=\"879\">\u201cControl de Convertidores Fuente de Corriente Monof\u00e1sicos y Trif\u00e1sicos\u201d<\/strong>, cuenta con financiamiento del <strong data-start=\"911\" data-end=\"946\">Ministerio de Ciencia de Espa\u00f1a<\/strong>.<\/p>\n<p data-start=\"773\" data-end=\"949\"><img fetchpriority=\"high\" decoding=\"async\" class=\"aligncenter wp-image-21458 size-full\" src=\"https:\/\/www.fica.unsl.edu.ar\/wp-content\/uploads\/2025\/11\/Front.jpg\" alt=\"\" width=\"1280\" height=\"720\" srcset=\"https:\/\/www.fica.unsl.edu.ar\/wp-content\/uploads\/2025\/11\/Front.jpg 1280w, https:\/\/www.fica.unsl.edu.ar\/wp-content\/uploads\/2025\/11\/Front-300x169.jpg 300w, https:\/\/www.fica.unsl.edu.ar\/wp-content\/uploads\/2025\/11\/Front-1024x576.jpg 1024w, https:\/\/www.fica.unsl.edu.ar\/wp-content\/uploads\/2025\/11\/Front-768x432.jpg 768w\" sizes=\"(max-width: 1280px) 100vw, 1280px\" \/><\/p>\n<p data-start=\"951\" data-end=\"1142\">Durante los primeros d\u00edas de octubre, el <strong data-start=\"992\" data-end=\"1033\">decano de la FICA, Dr. Federico Serra<\/strong>, realiz\u00f3 una <strong data-start=\"1047\" data-end=\"1102\">estancia acad\u00e9mica en el IOC de la UPC en Barcelona<\/strong>, en car\u00e1cter de docente investigador.<\/p>\n<p data-start=\"1144\" data-end=\"1381\">En di\u00e1logo con <strong data-start=\"1159\" data-end=\"1188\">Radio UNSL Villa Mercedes<\/strong>, Serra explic\u00f3: \u201cVenimos desarrollando actividades de investigaci\u00f3n, publicaciones cient\u00edficas y colaboraciones con empresas, tanto desde Espa\u00f1a como desde nuestros laboratorios en la FICA\u201d.<\/p>\n<p data-start=\"1383\" data-end=\"1807\">El decano destac\u00f3 que esta cooperaci\u00f3n permite <strong data-start=\"1430\" data-end=\"1527\">formar profesionales e investigadores en contacto directo con equipos de primer nivel mundial<\/strong>, fortaleciendo la calidad acad\u00e9mica de la instituci\u00f3n. \u201cEs fundamental que nuestros estudiantes vean que investigadores de renombre internacional trabajan junto a nuestros docentes. Hoy podemos decir que la FICA est\u00e1 a la par de grupos que est\u00e1n en el top ten mundial\u201d, afirm\u00f3.<\/p>\n<p data-start=\"1809\" data-end=\"2102\">Adem\u00e1s, Serra sostuvo que el viaje combin\u00f3 <strong data-start=\"1852\" data-end=\"1890\">trabajo de investigaci\u00f3n y gesti\u00f3n<\/strong>, ya que se reuni\u00f3 con <strong data-start=\"1913\" data-end=\"1946\">autoridades de la Polit\u00e9cnica<\/strong>, entre ellas <strong data-start=\"1960\" data-end=\"1979\">Juan Jos\u00e9 P\u00e9rez<\/strong>, Director y Associate Dean for International Relations de la Escuela T\u00e9cnica Superior de Ingenier\u00eda Industrial (ETSEIB).<\/p>\n<p data-start=\"1809\" data-end=\"2102\"><img decoding=\"async\" class=\"aligncenter wp-image-21457 size-full\" src=\"https:\/\/www.fica.unsl.edu.ar\/wp-content\/uploads\/2025\/11\/Imagen-de-WhatsApp-2025-11-06-a-las-12.20.45_801cba76.jpg\" alt=\"\" width=\"1600\" height=\"1200\" srcset=\"https:\/\/www.fica.unsl.edu.ar\/wp-content\/uploads\/2025\/11\/Imagen-de-WhatsApp-2025-11-06-a-las-12.20.45_801cba76.jpg 1600w, https:\/\/www.fica.unsl.edu.ar\/wp-content\/uploads\/2025\/11\/Imagen-de-WhatsApp-2025-11-06-a-las-12.20.45_801cba76-300x225.jpg 300w, https:\/\/www.fica.unsl.edu.ar\/wp-content\/uploads\/2025\/11\/Imagen-de-WhatsApp-2025-11-06-a-las-12.20.45_801cba76-1024x768.jpg 1024w, https:\/\/www.fica.unsl.edu.ar\/wp-content\/uploads\/2025\/11\/Imagen-de-WhatsApp-2025-11-06-a-las-12.20.45_801cba76-768x576.jpg 768w, https:\/\/www.fica.unsl.edu.ar\/wp-content\/uploads\/2025\/11\/Imagen-de-WhatsApp-2025-11-06-a-las-12.20.45_801cba76-1536x1152.jpg 1536w\" sizes=\"(max-width: 1600px) 100vw, 1600px\" \/><\/p>\n<p data-start=\"2104\" data-end=\"2261\">El intercambio impulsa nuevas oportunidades acad\u00e9micas, como <strong data-start=\"2165\" data-end=\"2197\">cursos de posgrado conjuntos<\/strong> y <strong data-start=\"2200\" data-end=\"2235\">codirecci\u00f3n de tesis doctorales<\/strong> entre la FICA y la UPC.<\/p>\n<p data-start=\"2263\" data-end=\"2429\">\u201cBuscamos que sea normal que nuestros docentes y estudiantes trabajen codo a codo con investigadores del mundo, en investigaci\u00f3n, docencia y vinculaci\u00f3n\u201d, concluy\u00f3.<\/p>\n","protected":false},"excerpt":{"rendered":"<p>El decano de la FICA, Dr. Federico Serra, realiz\u00f3 una estancia acad\u00e9mica en Barcelona en el marco de un proyecto de cooperaci\u00f3n internacional en energ\u00eda&hellip;<\/p>\n","protected":false},"author":9,"featured_media":21456,"comment_status":"closed","ping_status":"closed","sticky":false,"template":"","format":"standard","meta":{"_monsterinsights_skip_tracking":false,"_monsterinsights_sitenote_active":false,"_monsterinsights_sitenote_note":"","_monsterinsights_sitenote_category":0,"_joinchat":[],"footnotes":""},"categories":[19],"tags":[],"class_list":["post-21455","post","type-post","status-publish","format-standard","has-post-thumbnail","hentry","category-noticias"],"yoast_head":"<!-- This site is optimized with the Yoast SEO plugin v27.4 - https:\/\/yoast.com\/product\/yoast-seo-wordpress\/ -->\n<title>La FICA presente en el escenario de investigaci\u00f3n y desarrollo mundial - Facultad de Ingenier\u00eda y Ciencias Agropecuarias<\/title>\n<meta name=\"robots\" content=\"index, follow, max-snippet:-1, max-image-preview:large, max-video-preview:-1\" \/>\n<link rel=\"canonical\" href=\"https:\/\/www.fica.unsl.edu.ar\/index.php\/la-fica-presente-en-el-escenario-de-investigacion-y-desarrollo-mundial\/\" \/>\n<meta property=\"og:locale\" content=\"es_ES\" \/>\n<meta property=\"og:type\" content=\"article\" \/>\n<meta property=\"og:title\" content=\"La FICA presente en el escenario de investigaci\u00f3n y desarrollo mundial - Facultad de Ingenier\u00eda y Ciencias Agropecuarias\" \/>\n<meta property=\"og:description\" content=\"El decano de la FICA, Dr. Federico Serra, realiz\u00f3 una estancia acad\u00e9mica en Barcelona en el marco de un proyecto de cooperaci\u00f3n internacional en energ\u00eda&hellip;\" \/>\n<meta property=\"og:url\" content=\"https:\/\/www.fica.unsl.edu.ar\/index.php\/la-fica-presente-en-el-escenario-de-investigacion-y-desarrollo-mundial\/\" \/>\n<meta property=\"og:site_name\" content=\"Facultad de Ingenier\u00eda y Ciencias Agropecuarias\" \/>\n<meta property=\"article:publisher\" content=\"https:\/\/www.facebook.com\/FICA.UNSL\/\" \/>\n<meta property=\"article:published_time\" content=\"2025-11-06T17:06:38+00:00\" \/>\n<meta property=\"article:modified_time\" content=\"2025-12-02T14:26:46+00:00\" \/>\n<meta property=\"og:image\" content=\"https:\/\/www.fica.unsl.edu.ar\/wp-content\/uploads\/2025\/11\/upc-serra-front.jpg\" \/>\n\t<meta property=\"og:image:width\" content=\"1061\" \/>\n\t<meta property=\"og:image:height\" content=\"585\" \/>\n\t<meta property=\"og:image:type\" content=\"image\/jpeg\" \/>\n<meta name=\"author\" content=\"DATI\" \/>\n<meta name=\"twitter:card\" content=\"summary_large_image\" \/>\n<meta name=\"twitter:creator\" content=\"@FICAUNSL\" \/>\n<meta name=\"twitter:site\" content=\"@FICAUNSL\" \/>\n<meta name=\"twitter:label1\" content=\"Escrito por\" \/>\n\t<meta name=\"twitter:data1\" content=\"DATI\" \/>\n\t<meta name=\"twitter:label2\" content=\"Tiempo de lectura\" \/>\n\t<meta name=\"twitter:data2\" content=\"3 minutos\" \/>\n<script type=\"application\/ld+json\" class=\"yoast-schema-graph\">{\"@context\":\"https:\\\/\\\/schema.org\",\"@graph\":[{\"@type\":\"Article\",\"@id\":\"https:\\\/\\\/www.fica.unsl.edu.ar\\\/index.php\\\/la-fica-presente-en-el-escenario-de-investigacion-y-desarrollo-mundial\\\/#article\",\"isPartOf\":{\"@id\":\"https:\\\/\\\/www.fica.unsl.edu.ar\\\/index.php\\\/la-fica-presente-en-el-escenario-de-investigacion-y-desarrollo-mundial\\\/\"},\"author\":{\"name\":\"DATI\",\"@id\":\"https:\\\/\\\/www.fica.unsl.edu.ar\\\/#\\\/schema\\\/person\\\/6058f9c66301868d3a691b1f5d6c3544\"},\"headline\":\"La FICA presente en el escenario de investigaci\u00f3n y desarrollo mundial\",\"datePublished\":\"2025-11-06T17:06:38+00:00\",\"dateModified\":\"2025-12-02T14:26:46+00:00\",\"mainEntityOfPage\":{\"@id\":\"https:\\\/\\\/www.fica.unsl.edu.ar\\\/index.php\\\/la-fica-presente-en-el-escenario-de-investigacion-y-desarrollo-mundial\\\/\"},\"wordCount\":363,\"publisher\":{\"@id\":\"https:\\\/\\\/www.fica.unsl.edu.ar\\\/#organization\"},\"image\":{\"@id\":\"https:\\\/\\\/www.fica.unsl.edu.ar\\\/index.php\\\/la-fica-presente-en-el-escenario-de-investigacion-y-desarrollo-mundial\\\/#primaryimage\"},\"thumbnailUrl\":\"https:\\\/\\\/www.fica.unsl.edu.ar\\\/wp-content\\\/uploads\\\/2025\\\/11\\\/upc-serra-front.jpg\",\"articleSection\":[\"Noticias\"],\"inLanguage\":\"es-AR\"},{\"@type\":\"WebPage\",\"@id\":\"https:\\\/\\\/www.fica.unsl.edu.ar\\\/index.php\\\/la-fica-presente-en-el-escenario-de-investigacion-y-desarrollo-mundial\\\/\",\"url\":\"https:\\\/\\\/www.fica.unsl.edu.ar\\\/index.php\\\/la-fica-presente-en-el-escenario-de-investigacion-y-desarrollo-mundial\\\/\",\"name\":\"La FICA presente en el escenario de investigaci\u00f3n y desarrollo mundial - Facultad de Ingenier\u00eda y Ciencias Agropecuarias\",\"isPartOf\":{\"@id\":\"https:\\\/\\\/www.fica.unsl.edu.ar\\\/#website\"},\"primaryImageOfPage\":{\"@id\":\"https:\\\/\\\/www.fica.unsl.edu.ar\\\/index.php\\\/la-fica-presente-en-el-escenario-de-investigacion-y-desarrollo-mundial\\\/#primaryimage\"},\"image\":{\"@id\":\"https:\\\/\\\/www.fica.unsl.edu.ar\\\/index.php\\\/la-fica-presente-en-el-escenario-de-investigacion-y-desarrollo-mundial\\\/#primaryimage\"},\"thumbnailUrl\":\"https:\\\/\\\/www.fica.unsl.edu.ar\\\/wp-content\\\/uploads\\\/2025\\\/11\\\/upc-serra-front.jpg\",\"datePublished\":\"2025-11-06T17:06:38+00:00\",\"dateModified\":\"2025-12-02T14:26:46+00:00\",\"inLanguage\":\"es-AR\",\"potentialAction\":[{\"@type\":\"ReadAction\",\"target\":[\"https:\\\/\\\/www.fica.unsl.edu.ar\\\/index.php\\\/la-fica-presente-en-el-escenario-de-investigacion-y-desarrollo-mundial\\\/\"]}]},{\"@type\":\"ImageObject\",\"inLanguage\":\"es-AR\",\"@id\":\"https:\\\/\\\/www.fica.unsl.edu.ar\\\/index.php\\\/la-fica-presente-en-el-escenario-de-investigacion-y-desarrollo-mundial\\\/#primaryimage\",\"url\":\"https:\\\/\\\/www.fica.unsl.edu.ar\\\/wp-content\\\/uploads\\\/2025\\\/11\\\/upc-serra-front.jpg\",\"contentUrl\":\"https:\\\/\\\/www.fica.unsl.edu.ar\\\/wp-content\\\/uploads\\\/2025\\\/11\\\/upc-serra-front.jpg\",\"width\":1061,\"height\":585},{\"@type\":\"WebSite\",\"@id\":\"https:\\\/\\\/www.fica.unsl.edu.ar\\\/#website\",\"url\":\"https:\\\/\\\/www.fica.unsl.edu.ar\\\/\",\"name\":\"Facultad de Ingenier\u00eda y Ciencias Agropecuarias\",\"description\":\"\",\"publisher\":{\"@id\":\"https:\\\/\\\/www.fica.unsl.edu.ar\\\/#organization\"},\"potentialAction\":[{\"@type\":\"SearchAction\",\"target\":{\"@type\":\"EntryPoint\",\"urlTemplate\":\"https:\\\/\\\/www.fica.unsl.edu.ar\\\/?s={search_term_string}\"},\"query-input\":{\"@type\":\"PropertyValueSpecification\",\"valueRequired\":true,\"valueName\":\"search_term_string\"}}],\"inLanguage\":\"es-AR\"},{\"@type\":\"Organization\",\"@id\":\"https:\\\/\\\/www.fica.unsl.edu.ar\\\/#organization\",\"name\":\"Facultad de Ingenier\u00eda y Ciencias Agropecuarias\",\"url\":\"https:\\\/\\\/www.fica.unsl.edu.ar\\\/\",\"logo\":{\"@type\":\"ImageObject\",\"inLanguage\":\"es-AR\",\"@id\":\"https:\\\/\\\/www.fica.unsl.edu.ar\\\/#\\\/schema\\\/logo\\\/image\\\/\",\"url\":\"https:\\\/\\\/www.fica.unsl.edu.ar\\\/wp-content\\\/uploads\\\/2021\\\/03\\\/LOGO-1.jpg\",\"contentUrl\":\"https:\\\/\\\/www.fica.unsl.edu.ar\\\/wp-content\\\/uploads\\\/2021\\\/03\\\/LOGO-1.jpg\",\"width\":463,\"height\":145,\"caption\":\"Facultad de Ingenier\u00eda y Ciencias Agropecuarias\"},\"image\":{\"@id\":\"https:\\\/\\\/www.fica.unsl.edu.ar\\\/#\\\/schema\\\/logo\\\/image\\\/\"},\"sameAs\":[\"https:\\\/\\\/www.facebook.com\\\/FICA.UNSL\\\/\",\"https:\\\/\\\/x.com\\\/FICAUNSL\",\"https:\\\/\\\/www.instagram.com\\\/fica.unsl\\\/\",\"https:\\\/\\\/www.youtube.com\\\/channel\\\/UCs2MM53gb2PyBrMySdtWZDQ\"]},{\"@type\":\"Person\",\"@id\":\"https:\\\/\\\/www.fica.unsl.edu.ar\\\/#\\\/schema\\\/person\\\/6058f9c66301868d3a691b1f5d6c3544\",\"name\":\"DATI\"}]}<\/script>\n<!-- \/ Yoast SEO plugin. -->","yoast_head_json":{"title":"La FICA presente en el escenario de investigaci\u00f3n y desarrollo mundial - Facultad de Ingenier\u00eda y Ciencias Agropecuarias","robots":{"index":"index","follow":"follow","max-snippet":"max-snippet:-1","max-image-preview":"max-image-preview:large","max-video-preview":"max-video-preview:-1"},"canonical":"https:\/\/www.fica.unsl.edu.ar\/index.php\/la-fica-presente-en-el-escenario-de-investigacion-y-desarrollo-mundial\/","og_locale":"es_ES","og_type":"article","og_title":"La FICA presente en el escenario de investigaci\u00f3n y desarrollo mundial - Facultad de Ingenier\u00eda y Ciencias Agropecuarias","og_description":"El decano de la FICA, Dr. Federico Serra, realiz\u00f3 una estancia acad\u00e9mica en Barcelona en el marco de un proyecto de cooperaci\u00f3n internacional en energ\u00eda&hellip;","og_url":"https:\/\/www.fica.unsl.edu.ar\/index.php\/la-fica-presente-en-el-escenario-de-investigacion-y-desarrollo-mundial\/","og_site_name":"Facultad de Ingenier\u00eda y Ciencias Agropecuarias","article_publisher":"https:\/\/www.facebook.com\/FICA.UNSL\/","article_published_time":"2025-11-06T17:06:38+00:00","article_modified_time":"2025-12-02T14:26:46+00:00","og_image":[{"width":1061,"height":585,"url":"https:\/\/www.fica.unsl.edu.ar\/wp-content\/uploads\/2025\/11\/upc-serra-front.jpg","type":"image\/jpeg"}],"author":"DATI","twitter_card":"summary_large_image","twitter_creator":"@FICAUNSL","twitter_site":"@FICAUNSL","twitter_misc":{"Escrito por":"DATI","Tiempo de lectura":"3 minutos"},"schema":{"@context":"https:\/\/schema.org","@graph":[{"@type":"Article","@id":"https:\/\/www.fica.unsl.edu.ar\/index.php\/la-fica-presente-en-el-escenario-de-investigacion-y-desarrollo-mundial\/#article","isPartOf":{"@id":"https:\/\/www.fica.unsl.edu.ar\/index.php\/la-fica-presente-en-el-escenario-de-investigacion-y-desarrollo-mundial\/"},"author":{"name":"DATI","@id":"https:\/\/www.fica.unsl.edu.ar\/#\/schema\/person\/6058f9c66301868d3a691b1f5d6c3544"},"headline":"La FICA presente en el escenario de investigaci\u00f3n y desarrollo mundial","datePublished":"2025-11-06T17:06:38+00:00","dateModified":"2025-12-02T14:26:46+00:00","mainEntityOfPage":{"@id":"https:\/\/www.fica.unsl.edu.ar\/index.php\/la-fica-presente-en-el-escenario-de-investigacion-y-desarrollo-mundial\/"},"wordCount":363,"publisher":{"@id":"https:\/\/www.fica.unsl.edu.ar\/#organization"},"image":{"@id":"https:\/\/www.fica.unsl.edu.ar\/index.php\/la-fica-presente-en-el-escenario-de-investigacion-y-desarrollo-mundial\/#primaryimage"},"thumbnailUrl":"https:\/\/www.fica.unsl.edu.ar\/wp-content\/uploads\/2025\/11\/upc-serra-front.jpg","articleSection":["Noticias"],"inLanguage":"es-AR"},{"@type":"WebPage","@id":"https:\/\/www.fica.unsl.edu.ar\/index.php\/la-fica-presente-en-el-escenario-de-investigacion-y-desarrollo-mundial\/","url":"https:\/\/www.fica.unsl.edu.ar\/index.php\/la-fica-presente-en-el-escenario-de-investigacion-y-desarrollo-mundial\/","name":"La FICA presente en el escenario de investigaci\u00f3n y desarrollo mundial - Facultad de Ingenier\u00eda y Ciencias Agropecuarias","isPartOf":{"@id":"https:\/\/www.fica.unsl.edu.ar\/#website"},"primaryImageOfPage":{"@id":"https:\/\/www.fica.unsl.edu.ar\/index.php\/la-fica-presente-en-el-escenario-de-investigacion-y-desarrollo-mundial\/#primaryimage"},"image":{"@id":"https:\/\/www.fica.unsl.edu.ar\/index.php\/la-fica-presente-en-el-escenario-de-investigacion-y-desarrollo-mundial\/#primaryimage"},"thumbnailUrl":"https:\/\/www.fica.unsl.edu.ar\/wp-content\/uploads\/2025\/11\/upc-serra-front.jpg","datePublished":"2025-11-06T17:06:38+00:00","dateModified":"2025-12-02T14:26:46+00:00","inLanguage":"es-AR","potentialAction":[{"@type":"ReadAction","target":["https:\/\/www.fica.unsl.edu.ar\/index.php\/la-fica-presente-en-el-escenario-de-investigacion-y-desarrollo-mundial\/"]}]},{"@type":"ImageObject","inLanguage":"es-AR","@id":"https:\/\/www.fica.unsl.edu.ar\/index.php\/la-fica-presente-en-el-escenario-de-investigacion-y-desarrollo-mundial\/#primaryimage","url":"https:\/\/www.fica.unsl.edu.ar\/wp-content\/uploads\/2025\/11\/upc-serra-front.jpg","contentUrl":"https:\/\/www.fica.unsl.edu.ar\/wp-content\/uploads\/2025\/11\/upc-serra-front.jpg","width":1061,"height":585},{"@type":"WebSite","@id":"https:\/\/www.fica.unsl.edu.ar\/#website","url":"https:\/\/www.fica.unsl.edu.ar\/","name":"Facultad de Ingenier\u00eda y Ciencias Agropecuarias","description":"","publisher":{"@id":"https:\/\/www.fica.unsl.edu.ar\/#organization"},"potentialAction":[{"@type":"SearchAction","target":{"@type":"EntryPoint","urlTemplate":"https:\/\/www.fica.unsl.edu.ar\/?s={search_term_string}"},"query-input":{"@type":"PropertyValueSpecification","valueRequired":true,"valueName":"search_term_string"}}],"inLanguage":"es-AR"},{"@type":"Organization","@id":"https:\/\/www.fica.unsl.edu.ar\/#organization","name":"Facultad de Ingenier\u00eda y Ciencias Agropecuarias","url":"https:\/\/www.fica.unsl.edu.ar\/","logo":{"@type":"ImageObject","inLanguage":"es-AR","@id":"https:\/\/www.fica.unsl.edu.ar\/#\/schema\/logo\/image\/","url":"https:\/\/www.fica.unsl.edu.ar\/wp-content\/uploads\/2021\/03\/LOGO-1.jpg","contentUrl":"https:\/\/www.fica.unsl.edu.ar\/wp-content\/uploads\/2021\/03\/LOGO-1.jpg","width":463,"height":145,"caption":"Facultad de Ingenier\u00eda y Ciencias Agropecuarias"},"image":{"@id":"https:\/\/www.fica.unsl.edu.ar\/#\/schema\/logo\/image\/"},"sameAs":["https:\/\/www.facebook.com\/FICA.UNSL\/","https:\/\/x.com\/FICAUNSL","https:\/\/www.instagram.com\/fica.unsl\/","https:\/\/www.youtube.com\/channel\/UCs2MM53gb2PyBrMySdtWZDQ"]},{"@type":"Person","@id":"https:\/\/www.fica.unsl.edu.ar\/#\/schema\/person\/6058f9c66301868d3a691b1f5d6c3544","name":"DATI"}]}},"_links":{"self":[{"href":"https:\/\/www.fica.unsl.edu.ar\/index.php\/wp-json\/wp\/v2\/posts\/21455","targetHints":{"allow":["GET"]}}],"collection":[{"href":"https:\/\/www.fica.unsl.edu.ar\/index.php\/wp-json\/wp\/v2\/posts"}],"about":[{"href":"https:\/\/www.fica.unsl.edu.ar\/index.php\/wp-json\/wp\/v2\/types\/post"}],"author":[{"embeddable":true,"href":"https:\/\/www.fica.unsl.edu.ar\/index.php\/wp-json\/wp\/v2\/users\/9"}],"replies":[{"embeddable":true,"href":"https:\/\/www.fica.unsl.edu.ar\/index.php\/wp-json\/wp\/v2\/comments?post=21455"}],"version-history":[{"count":2,"href":"https:\/\/www.fica.unsl.edu.ar\/index.php\/wp-json\/wp\/v2\/posts\/21455\/revisions"}],"predecessor-version":[{"id":21475,"href":"https:\/\/www.fica.unsl.edu.ar\/index.php\/wp-json\/wp\/v2\/posts\/21455\/revisions\/21475"}],"wp:featuredmedia":[{"embeddable":true,"href":"https:\/\/www.fica.unsl.edu.ar\/index.php\/wp-json\/wp\/v2\/media\/21456"}],"wp:attachment":[{"href":"https:\/\/www.fica.unsl.edu.ar\/index.php\/wp-json\/wp\/v2\/media?parent=21455"}],"wp:term":[{"taxonomy":"category","embeddable":true,"href":"https:\/\/www.fica.unsl.edu.ar\/index.php\/wp-json\/wp\/v2\/categories?post=21455"},{"taxonomy":"post_tag","embeddable":true,"href":"https:\/\/www.fica.unsl.edu.ar\/index.php\/wp-json\/wp\/v2\/tags?post=21455"}],"curies":[{"name":"wp","href":"https:\/\/api.w.org\/{rel}","templated":true}]}}