{"id":21543,"date":"2025-11-11T13:06:59","date_gmt":"2025-11-11T16:06:59","guid":{"rendered":"https:\/\/www.fica.unsl.edu.ar\/?p=21543"},"modified":"2025-12-02T11:26:59","modified_gmt":"2025-12-02T14:26:59","slug":"la-fica-forma-parte-de-la-iii-reunion-anual-de-la-red-ribierse-cyted-2025","status":"publish","type":"post","link":"https:\/\/www.fica.unsl.edu.ar\/index.php\/la-fica-forma-parte-de-la-iii-reunion-anual-de-la-red-ribierse-cyted-2025\/","title":{"rendered":"La FICA forma parte de la III Reuni\u00f3n Anual de la Red RIBIERSE\u2013CYTED 2025."},"content":{"rendered":"<p data-start=\"144\" data-end=\"223\"><b>E<\/b>l <strong data-start=\"270\" data-end=\"299\">decano Dr. Federico Serra<\/strong> participa\u00a0de la <strong data-start=\"339\" data-end=\"390\">III Reuni\u00f3n Anual de la Red RIBIERSE\u2013CYTED 2025<\/strong>, que se celebra del <strong data-start=\"411\" data-end=\"436\">10 al 12 de noviembre<\/strong> en la <strong data-start=\"443\" data-end=\"534\">sede Aduanilla de Paiba de la Universidad Distrital Francisco Jos\u00e9 de Caldas (Colombia)<\/strong>, en colaboraci\u00f3n con la <strong data-start=\"559\" data-end=\"591\">Universidad de Ja\u00e9n (Espa\u00f1a)<\/strong>.<\/p>\n<p data-start=\"601\" data-end=\"983\">La <strong data-start=\"604\" data-end=\"647\">Universidad Nacional de San Luis (UNSL)<\/strong>, representada por la <strong data-start=\"669\" data-end=\"727\">Facultad de Ingenier\u00eda y Ciencias Agropecuarias (FICA)<\/strong>, es la <strong data-start=\"735\" data-end=\"766\">\u00fanica universidad argentina<\/strong> que forma parte de la <strong data-start=\"789\" data-end=\"820\">Red Iberoamericana RIBIERSE<\/strong>, junto con otros miembros colaboradores pertenecientes a la <strong data-start=\"881\" data-end=\"926\">Universidad Nacional de R\u00edo Cuarto (UNRC)<\/strong> y al <strong data-start=\"932\" data-end=\"980\">Instituto Tecnol\u00f3gico de Buenos Aires (ITBA)<\/strong>.\u00a0El objetivo principal de esta red es <strong data-start=\"1027\" data-end=\"1091\">fomentar y articular la cooperaci\u00f3n cient\u00edfica internacional<\/strong> para integrar <strong data-start=\"1106\" data-end=\"1143\">recursos renovables a gran escala<\/strong>, contribuyendo al proceso de <strong data-start=\"1173\" data-end=\"1231\">descarbonizaci\u00f3n del sector el\u00e9ctrico y del transporte<\/strong>.<\/p>\n<p data-start=\"990\" data-end=\"1234\"><img fetchpriority=\"high\" decoding=\"async\" class=\"aligncenter wp-image-21544 size-full\" src=\"https:\/\/www.fica.unsl.edu.ar\/wp-content\/uploads\/2025\/11\/RIBIERSE-CYTED-2025-front.jpg\" alt=\"\" width=\"1061\" height=\"585\" srcset=\"https:\/\/www.fica.unsl.edu.ar\/wp-content\/uploads\/2025\/11\/RIBIERSE-CYTED-2025-front.jpg 1061w, https:\/\/www.fica.unsl.edu.ar\/wp-content\/uploads\/2025\/11\/RIBIERSE-CYTED-2025-front-300x165.jpg 300w, https:\/\/www.fica.unsl.edu.ar\/wp-content\/uploads\/2025\/11\/RIBIERSE-CYTED-2025-front-1024x565.jpg 1024w, https:\/\/www.fica.unsl.edu.ar\/wp-content\/uploads\/2025\/11\/RIBIERSE-CYTED-2025-front-768x423.jpg 768w\" sizes=\"(max-width: 1061px) 100vw, 1061px\" \/><\/p>\n<p data-start=\"1241\" data-end=\"1668\">La apertura, celebrada el pasado lunes 10 de noviembre, cont\u00f3 con la participaci\u00f3n del <strong data-start=\"1284\" data-end=\"1312\">Dr. Edwin Rivas Trujillo<\/strong>, director del <strong data-start=\"1327\" data-end=\"1379\">Instituto de Investigaciones en Ingenier\u00eda (I3+)<\/strong>; del <strong data-start=\"1385\" data-end=\"1421\">Dr. \u00d3scar Danilo Montoya Giraldo<\/strong>, responsable del grupo <strong data-start=\"1445\" data-end=\"1463\">RIBIERSE\u2013CYTED<\/strong> en la Universidad Distrital Francisco Jos\u00e9 de Caldas; y del <strong data-start=\"1524\" data-end=\"1558\">Dr. Jes\u00fas de la Casa Hern\u00e1ndez<\/strong>, coordinador de la Red RIBIERSE\u2013CYTED e investigador de la <strong data-start=\"1618\" data-end=\"1665\">Escuela Polit\u00e9cnica Superior de Ja\u00e9n (EPSJ)<\/strong>.<\/p>\n<p data-start=\"1675\" data-end=\"1921\">La agenda de la primera jornada incluy\u00f3 la <strong data-start=\"1720\" data-end=\"1755\">presentaci\u00f3n de nuevos miembros<\/strong> y diversas <strong data-start=\"1767\" data-end=\"1789\">sesiones tem\u00e1ticas<\/strong> centradas en la planificaci\u00f3n, evaluaci\u00f3n, control y gesti\u00f3n de <strong data-start=\"1854\" data-end=\"1891\">energ\u00edas renovables a gran escala<\/strong> en los sistemas el\u00e9ctricos.<\/p>\n<p data-start=\"1928\" data-end=\"2268\">Asimismo, se abordaron las <strong data-start=\"1955\" data-end=\"2012\">barreras tecnol\u00f3gicas, regulatorias y socioecon\u00f3micas<\/strong> asociadas a la integraci\u00f3n e hibridaci\u00f3n masiva de energ\u00edas renovables, junto con la <strong data-start=\"2098\" data-end=\"2143\">aplicaci\u00f3n de metodolog\u00edas a casos reales<\/strong> y la <strong data-start=\"2149\" data-end=\"2197\">formaci\u00f3n en sistemas renovables sostenibles<\/strong> dirigida a investigadores, proveedores, gestores y usuarios finales.<\/p>\n<p data-start=\"2275\" data-end=\"2455\">Durante la sesi\u00f3n vespertina, el coordinador de la red present\u00f3 los <strong data-start=\"2343\" data-end=\"2395\">resultados financieros y de gesti\u00f3n del proyecto<\/strong>, cerrando as\u00ed una <strong data-start=\"2414\" data-end=\"2452\">intensa primera jornada de trabajo<\/strong>.<\/p>\n<p data-start=\"2462\" data-end=\"2721\">La <strong data-start=\"2465\" data-end=\"2487\">Red RIBIERSE\u2013CYTED<\/strong> agradeci\u00f3 especialmente a la <strong data-start=\"2517\" data-end=\"2567\">Universidad Distrital Francisco Jos\u00e9 de Caldas<\/strong> por su acogida y hospitalidad, as\u00ed como a los representantes de todas las universidades participantes y a quienes siguieron el evento de forma virtual.<\/p>\n<p data-start=\"2462\" data-end=\"2721\"><img decoding=\"async\" class=\"aligncenter size-full wp-image-21551\" src=\"https:\/\/www.fica.unsl.edu.ar\/wp-content\/uploads\/2025\/11\/RIBIERSE-CYTED-2025-02.jpg\" alt=\"\" width=\"1280\" height=\"960\" srcset=\"https:\/\/www.fica.unsl.edu.ar\/wp-content\/uploads\/2025\/11\/RIBIERSE-CYTED-2025-02.jpg 1280w, https:\/\/www.fica.unsl.edu.ar\/wp-content\/uploads\/2025\/11\/RIBIERSE-CYTED-2025-02-300x225.jpg 300w, https:\/\/www.fica.unsl.edu.ar\/wp-content\/uploads\/2025\/11\/RIBIERSE-CYTED-2025-02-1024x768.jpg 1024w, https:\/\/www.fica.unsl.edu.ar\/wp-content\/uploads\/2025\/11\/RIBIERSE-CYTED-2025-02-768x576.jpg 768w\" sizes=\"(max-width: 1280px) 100vw, 1280px\" \/><\/p>\n","protected":false},"excerpt":{"rendered":"<p>El decano Dr. Federico Serra participa\u00a0de la III Reuni\u00f3n Anual de la Red RIBIERSE\u2013CYTED 2025, que se celebra del 10 al 12 de noviembre en&hellip;<\/p>\n","protected":false},"author":9,"featured_media":21553,"comment_status":"closed","ping_status":"closed","sticky":false,"template":"","format":"standard","meta":{"_monsterinsights_skip_tracking":false,"_monsterinsights_sitenote_active":false,"_monsterinsights_sitenote_note":"","_monsterinsights_sitenote_category":0,"_joinchat":[],"footnotes":""},"categories":[19],"tags":[],"class_list":["post-21543","post","type-post","status-publish","format-standard","has-post-thumbnail","hentry","category-noticias"],"yoast_head":"<!-- This site is optimized with the Yoast SEO plugin v27.4 - https:\/\/yoast.com\/product\/yoast-seo-wordpress\/ -->\n<title>La FICA forma parte de la III Reuni\u00f3n Anual de la Red RIBIERSE\u2013CYTED 2025. - Facultad de Ingenier\u00eda y Ciencias Agropecuarias<\/title>\n<meta name=\"robots\" content=\"index, follow, max-snippet:-1, max-image-preview:large, max-video-preview:-1\" \/>\n<link rel=\"canonical\" href=\"https:\/\/www.fica.unsl.edu.ar\/index.php\/la-fica-forma-parte-de-la-iii-reunion-anual-de-la-red-ribierse-cyted-2025\/\" \/>\n<meta property=\"og:locale\" content=\"es_ES\" \/>\n<meta property=\"og:type\" content=\"article\" \/>\n<meta property=\"og:title\" content=\"La FICA forma parte de la III Reuni\u00f3n Anual de la Red RIBIERSE\u2013CYTED 2025. - Facultad de Ingenier\u00eda y Ciencias Agropecuarias\" \/>\n<meta property=\"og:description\" content=\"El decano Dr. Federico Serra participa\u00a0de la III Reuni\u00f3n Anual de la Red RIBIERSE\u2013CYTED 2025, que se celebra del 10 al 12 de noviembre en&hellip;\" \/>\n<meta property=\"og:url\" content=\"https:\/\/www.fica.unsl.edu.ar\/index.php\/la-fica-forma-parte-de-la-iii-reunion-anual-de-la-red-ribierse-cyted-2025\/\" \/>\n<meta property=\"og:site_name\" content=\"Facultad de Ingenier\u00eda y Ciencias Agropecuarias\" \/>\n<meta property=\"article:publisher\" content=\"https:\/\/www.facebook.com\/FICA.UNSL\/\" \/>\n<meta property=\"article:published_time\" content=\"2025-11-11T16:06:59+00:00\" \/>\n<meta property=\"article:modified_time\" content=\"2025-12-02T14:26:59+00:00\" \/>\n<meta property=\"og:image\" content=\"https:\/\/www.fica.unsl.edu.ar\/wp-content\/uploads\/2025\/11\/RIBIERSE-CYTED-2025-front-.jpg\" \/>\n\t<meta property=\"og:image:width\" content=\"1061\" \/>\n\t<meta property=\"og:image:height\" content=\"585\" \/>\n\t<meta property=\"og:image:type\" content=\"image\/jpeg\" \/>\n<meta name=\"author\" content=\"DATI\" \/>\n<meta name=\"twitter:card\" content=\"summary_large_image\" \/>\n<meta name=\"twitter:creator\" content=\"@FICAUNSL\" \/>\n<meta name=\"twitter:site\" content=\"@FICAUNSL\" \/>\n<meta name=\"twitter:label1\" content=\"Escrito por\" \/>\n\t<meta name=\"twitter:data1\" content=\"DATI\" \/>\n\t<meta name=\"twitter:label2\" content=\"Tiempo de lectura\" \/>\n\t<meta name=\"twitter:data2\" content=\"3 minutos\" \/>\n<script type=\"application\/ld+json\" class=\"yoast-schema-graph\">{\"@context\":\"https:\\\/\\\/schema.org\",\"@graph\":[{\"@type\":\"Article\",\"@id\":\"https:\\\/\\\/www.fica.unsl.edu.ar\\\/index.php\\\/la-fica-forma-parte-de-la-iii-reunion-anual-de-la-red-ribierse-cyted-2025\\\/#article\",\"isPartOf\":{\"@id\":\"https:\\\/\\\/www.fica.unsl.edu.ar\\\/index.php\\\/la-fica-forma-parte-de-la-iii-reunion-anual-de-la-red-ribierse-cyted-2025\\\/\"},\"author\":{\"name\":\"DATI\",\"@id\":\"https:\\\/\\\/www.fica.unsl.edu.ar\\\/#\\\/schema\\\/person\\\/6058f9c66301868d3a691b1f5d6c3544\"},\"headline\":\"La FICA forma parte de la III Reuni\u00f3n Anual de la Red RIBIERSE\u2013CYTED 2025.\",\"datePublished\":\"2025-11-11T16:06:59+00:00\",\"dateModified\":\"2025-12-02T14:26:59+00:00\",\"mainEntityOfPage\":{\"@id\":\"https:\\\/\\\/www.fica.unsl.edu.ar\\\/index.php\\\/la-fica-forma-parte-de-la-iii-reunion-anual-de-la-red-ribierse-cyted-2025\\\/\"},\"wordCount\":388,\"publisher\":{\"@id\":\"https:\\\/\\\/www.fica.unsl.edu.ar\\\/#organization\"},\"image\":{\"@id\":\"https:\\\/\\\/www.fica.unsl.edu.ar\\\/index.php\\\/la-fica-forma-parte-de-la-iii-reunion-anual-de-la-red-ribierse-cyted-2025\\\/#primaryimage\"},\"thumbnailUrl\":\"https:\\\/\\\/www.fica.unsl.edu.ar\\\/wp-content\\\/uploads\\\/2025\\\/11\\\/RIBIERSE-CYTED-2025-front-.jpg\",\"articleSection\":[\"Noticias\"],\"inLanguage\":\"es-AR\"},{\"@type\":\"WebPage\",\"@id\":\"https:\\\/\\\/www.fica.unsl.edu.ar\\\/index.php\\\/la-fica-forma-parte-de-la-iii-reunion-anual-de-la-red-ribierse-cyted-2025\\\/\",\"url\":\"https:\\\/\\\/www.fica.unsl.edu.ar\\\/index.php\\\/la-fica-forma-parte-de-la-iii-reunion-anual-de-la-red-ribierse-cyted-2025\\\/\",\"name\":\"La FICA forma parte de la III Reuni\u00f3n Anual de la Red RIBIERSE\u2013CYTED 2025. - Facultad de Ingenier\u00eda y Ciencias Agropecuarias\",\"isPartOf\":{\"@id\":\"https:\\\/\\\/www.fica.unsl.edu.ar\\\/#website\"},\"primaryImageOfPage\":{\"@id\":\"https:\\\/\\\/www.fica.unsl.edu.ar\\\/index.php\\\/la-fica-forma-parte-de-la-iii-reunion-anual-de-la-red-ribierse-cyted-2025\\\/#primaryimage\"},\"image\":{\"@id\":\"https:\\\/\\\/www.fica.unsl.edu.ar\\\/index.php\\\/la-fica-forma-parte-de-la-iii-reunion-anual-de-la-red-ribierse-cyted-2025\\\/#primaryimage\"},\"thumbnailUrl\":\"https:\\\/\\\/www.fica.unsl.edu.ar\\\/wp-content\\\/uploads\\\/2025\\\/11\\\/RIBIERSE-CYTED-2025-front-.jpg\",\"datePublished\":\"2025-11-11T16:06:59+00:00\",\"dateModified\":\"2025-12-02T14:26:59+00:00\",\"inLanguage\":\"es-AR\",\"potentialAction\":[{\"@type\":\"ReadAction\",\"target\":[\"https:\\\/\\\/www.fica.unsl.edu.ar\\\/index.php\\\/la-fica-forma-parte-de-la-iii-reunion-anual-de-la-red-ribierse-cyted-2025\\\/\"]}]},{\"@type\":\"ImageObject\",\"inLanguage\":\"es-AR\",\"@id\":\"https:\\\/\\\/www.fica.unsl.edu.ar\\\/index.php\\\/la-fica-forma-parte-de-la-iii-reunion-anual-de-la-red-ribierse-cyted-2025\\\/#primaryimage\",\"url\":\"https:\\\/\\\/www.fica.unsl.edu.ar\\\/wp-content\\\/uploads\\\/2025\\\/11\\\/RIBIERSE-CYTED-2025-front-.jpg\",\"contentUrl\":\"https:\\\/\\\/www.fica.unsl.edu.ar\\\/wp-content\\\/uploads\\\/2025\\\/11\\\/RIBIERSE-CYTED-2025-front-.jpg\",\"width\":1061,\"height\":585},{\"@type\":\"WebSite\",\"@id\":\"https:\\\/\\\/www.fica.unsl.edu.ar\\\/#website\",\"url\":\"https:\\\/\\\/www.fica.unsl.edu.ar\\\/\",\"name\":\"Facultad de Ingenier\u00eda y Ciencias Agropecuarias\",\"description\":\"\",\"publisher\":{\"@id\":\"https:\\\/\\\/www.fica.unsl.edu.ar\\\/#organization\"},\"potentialAction\":[{\"@type\":\"SearchAction\",\"target\":{\"@type\":\"EntryPoint\",\"urlTemplate\":\"https:\\\/\\\/www.fica.unsl.edu.ar\\\/?s={search_term_string}\"},\"query-input\":{\"@type\":\"PropertyValueSpecification\",\"valueRequired\":true,\"valueName\":\"search_term_string\"}}],\"inLanguage\":\"es-AR\"},{\"@type\":\"Organization\",\"@id\":\"https:\\\/\\\/www.fica.unsl.edu.ar\\\/#organization\",\"name\":\"Facultad de Ingenier\u00eda y Ciencias Agropecuarias\",\"url\":\"https:\\\/\\\/www.fica.unsl.edu.ar\\\/\",\"logo\":{\"@type\":\"ImageObject\",\"inLanguage\":\"es-AR\",\"@id\":\"https:\\\/\\\/www.fica.unsl.edu.ar\\\/#\\\/schema\\\/logo\\\/image\\\/\",\"url\":\"https:\\\/\\\/www.fica.unsl.edu.ar\\\/wp-content\\\/uploads\\\/2021\\\/03\\\/LOGO-1.jpg\",\"contentUrl\":\"https:\\\/\\\/www.fica.unsl.edu.ar\\\/wp-content\\\/uploads\\\/2021\\\/03\\\/LOGO-1.jpg\",\"width\":463,\"height\":145,\"caption\":\"Facultad de Ingenier\u00eda y Ciencias Agropecuarias\"},\"image\":{\"@id\":\"https:\\\/\\\/www.fica.unsl.edu.ar\\\/#\\\/schema\\\/logo\\\/image\\\/\"},\"sameAs\":[\"https:\\\/\\\/www.facebook.com\\\/FICA.UNSL\\\/\",\"https:\\\/\\\/x.com\\\/FICAUNSL\",\"https:\\\/\\\/www.instagram.com\\\/fica.unsl\\\/\",\"https:\\\/\\\/www.youtube.com\\\/channel\\\/UCs2MM53gb2PyBrMySdtWZDQ\"]},{\"@type\":\"Person\",\"@id\":\"https:\\\/\\\/www.fica.unsl.edu.ar\\\/#\\\/schema\\\/person\\\/6058f9c66301868d3a691b1f5d6c3544\",\"name\":\"DATI\"}]}<\/script>\n<!-- \/ Yoast SEO plugin. -->","yoast_head_json":{"title":"La FICA forma parte de la III Reuni\u00f3n Anual de la Red RIBIERSE\u2013CYTED 2025. - Facultad de Ingenier\u00eda y Ciencias Agropecuarias","robots":{"index":"index","follow":"follow","max-snippet":"max-snippet:-1","max-image-preview":"max-image-preview:large","max-video-preview":"max-video-preview:-1"},"canonical":"https:\/\/www.fica.unsl.edu.ar\/index.php\/la-fica-forma-parte-de-la-iii-reunion-anual-de-la-red-ribierse-cyted-2025\/","og_locale":"es_ES","og_type":"article","og_title":"La FICA forma parte de la III Reuni\u00f3n Anual de la Red RIBIERSE\u2013CYTED 2025. - Facultad de Ingenier\u00eda y Ciencias Agropecuarias","og_description":"El decano Dr. Federico Serra participa\u00a0de la III Reuni\u00f3n Anual de la Red RIBIERSE\u2013CYTED 2025, que se celebra del 10 al 12 de noviembre en&hellip;","og_url":"https:\/\/www.fica.unsl.edu.ar\/index.php\/la-fica-forma-parte-de-la-iii-reunion-anual-de-la-red-ribierse-cyted-2025\/","og_site_name":"Facultad de Ingenier\u00eda y Ciencias Agropecuarias","article_publisher":"https:\/\/www.facebook.com\/FICA.UNSL\/","article_published_time":"2025-11-11T16:06:59+00:00","article_modified_time":"2025-12-02T14:26:59+00:00","og_image":[{"width":1061,"height":585,"url":"https:\/\/www.fica.unsl.edu.ar\/wp-content\/uploads\/2025\/11\/RIBIERSE-CYTED-2025-front-.jpg","type":"image\/jpeg"}],"author":"DATI","twitter_card":"summary_large_image","twitter_creator":"@FICAUNSL","twitter_site":"@FICAUNSL","twitter_misc":{"Escrito por":"DATI","Tiempo de lectura":"3 minutos"},"schema":{"@context":"https:\/\/schema.org","@graph":[{"@type":"Article","@id":"https:\/\/www.fica.unsl.edu.ar\/index.php\/la-fica-forma-parte-de-la-iii-reunion-anual-de-la-red-ribierse-cyted-2025\/#article","isPartOf":{"@id":"https:\/\/www.fica.unsl.edu.ar\/index.php\/la-fica-forma-parte-de-la-iii-reunion-anual-de-la-red-ribierse-cyted-2025\/"},"author":{"name":"DATI","@id":"https:\/\/www.fica.unsl.edu.ar\/#\/schema\/person\/6058f9c66301868d3a691b1f5d6c3544"},"headline":"La FICA forma parte de la III Reuni\u00f3n Anual de la Red RIBIERSE\u2013CYTED 2025.","datePublished":"2025-11-11T16:06:59+00:00","dateModified":"2025-12-02T14:26:59+00:00","mainEntityOfPage":{"@id":"https:\/\/www.fica.unsl.edu.ar\/index.php\/la-fica-forma-parte-de-la-iii-reunion-anual-de-la-red-ribierse-cyted-2025\/"},"wordCount":388,"publisher":{"@id":"https:\/\/www.fica.unsl.edu.ar\/#organization"},"image":{"@id":"https:\/\/www.fica.unsl.edu.ar\/index.php\/la-fica-forma-parte-de-la-iii-reunion-anual-de-la-red-ribierse-cyted-2025\/#primaryimage"},"thumbnailUrl":"https:\/\/www.fica.unsl.edu.ar\/wp-content\/uploads\/2025\/11\/RIBIERSE-CYTED-2025-front-.jpg","articleSection":["Noticias"],"inLanguage":"es-AR"},{"@type":"WebPage","@id":"https:\/\/www.fica.unsl.edu.ar\/index.php\/la-fica-forma-parte-de-la-iii-reunion-anual-de-la-red-ribierse-cyted-2025\/","url":"https:\/\/www.fica.unsl.edu.ar\/index.php\/la-fica-forma-parte-de-la-iii-reunion-anual-de-la-red-ribierse-cyted-2025\/","name":"La FICA forma parte de la III Reuni\u00f3n Anual de la Red RIBIERSE\u2013CYTED 2025. - Facultad de Ingenier\u00eda y Ciencias Agropecuarias","isPartOf":{"@id":"https:\/\/www.fica.unsl.edu.ar\/#website"},"primaryImageOfPage":{"@id":"https:\/\/www.fica.unsl.edu.ar\/index.php\/la-fica-forma-parte-de-la-iii-reunion-anual-de-la-red-ribierse-cyted-2025\/#primaryimage"},"image":{"@id":"https:\/\/www.fica.unsl.edu.ar\/index.php\/la-fica-forma-parte-de-la-iii-reunion-anual-de-la-red-ribierse-cyted-2025\/#primaryimage"},"thumbnailUrl":"https:\/\/www.fica.unsl.edu.ar\/wp-content\/uploads\/2025\/11\/RIBIERSE-CYTED-2025-front-.jpg","datePublished":"2025-11-11T16:06:59+00:00","dateModified":"2025-12-02T14:26:59+00:00","inLanguage":"es-AR","potentialAction":[{"@type":"ReadAction","target":["https:\/\/www.fica.unsl.edu.ar\/index.php\/la-fica-forma-parte-de-la-iii-reunion-anual-de-la-red-ribierse-cyted-2025\/"]}]},{"@type":"ImageObject","inLanguage":"es-AR","@id":"https:\/\/www.fica.unsl.edu.ar\/index.php\/la-fica-forma-parte-de-la-iii-reunion-anual-de-la-red-ribierse-cyted-2025\/#primaryimage","url":"https:\/\/www.fica.unsl.edu.ar\/wp-content\/uploads\/2025\/11\/RIBIERSE-CYTED-2025-front-.jpg","contentUrl":"https:\/\/www.fica.unsl.edu.ar\/wp-content\/uploads\/2025\/11\/RIBIERSE-CYTED-2025-front-.jpg","width":1061,"height":585},{"@type":"WebSite","@id":"https:\/\/www.fica.unsl.edu.ar\/#website","url":"https:\/\/www.fica.unsl.edu.ar\/","name":"Facultad de Ingenier\u00eda y Ciencias Agropecuarias","description":"","publisher":{"@id":"https:\/\/www.fica.unsl.edu.ar\/#organization"},"potentialAction":[{"@type":"SearchAction","target":{"@type":"EntryPoint","urlTemplate":"https:\/\/www.fica.unsl.edu.ar\/?s={search_term_string}"},"query-input":{"@type":"PropertyValueSpecification","valueRequired":true,"valueName":"search_term_string"}}],"inLanguage":"es-AR"},{"@type":"Organization","@id":"https:\/\/www.fica.unsl.edu.ar\/#organization","name":"Facultad de Ingenier\u00eda y Ciencias Agropecuarias","url":"https:\/\/www.fica.unsl.edu.ar\/","logo":{"@type":"ImageObject","inLanguage":"es-AR","@id":"https:\/\/www.fica.unsl.edu.ar\/#\/schema\/logo\/image\/","url":"https:\/\/www.fica.unsl.edu.ar\/wp-content\/uploads\/2021\/03\/LOGO-1.jpg","contentUrl":"https:\/\/www.fica.unsl.edu.ar\/wp-content\/uploads\/2021\/03\/LOGO-1.jpg","width":463,"height":145,"caption":"Facultad de Ingenier\u00eda y Ciencias Agropecuarias"},"image":{"@id":"https:\/\/www.fica.unsl.edu.ar\/#\/schema\/logo\/image\/"},"sameAs":["https:\/\/www.facebook.com\/FICA.UNSL\/","https:\/\/x.com\/FICAUNSL","https:\/\/www.instagram.com\/fica.unsl\/","https:\/\/www.youtube.com\/channel\/UCs2MM53gb2PyBrMySdtWZDQ"]},{"@type":"Person","@id":"https:\/\/www.fica.unsl.edu.ar\/#\/schema\/person\/6058f9c66301868d3a691b1f5d6c3544","name":"DATI"}]}},"_links":{"self":[{"href":"https:\/\/www.fica.unsl.edu.ar\/index.php\/wp-json\/wp\/v2\/posts\/21543","targetHints":{"allow":["GET"]}}],"collection":[{"href":"https:\/\/www.fica.unsl.edu.ar\/index.php\/wp-json\/wp\/v2\/posts"}],"about":[{"href":"https:\/\/www.fica.unsl.edu.ar\/index.php\/wp-json\/wp\/v2\/types\/post"}],"author":[{"embeddable":true,"href":"https:\/\/www.fica.unsl.edu.ar\/index.php\/wp-json\/wp\/v2\/users\/9"}],"replies":[{"embeddable":true,"href":"https:\/\/www.fica.unsl.edu.ar\/index.php\/wp-json\/wp\/v2\/comments?post=21543"}],"version-history":[{"count":4,"href":"https:\/\/www.fica.unsl.edu.ar\/index.php\/wp-json\/wp\/v2\/posts\/21543\/revisions"}],"predecessor-version":[{"id":21555,"href":"https:\/\/www.fica.unsl.edu.ar\/index.php\/wp-json\/wp\/v2\/posts\/21543\/revisions\/21555"}],"wp:featuredmedia":[{"embeddable":true,"href":"https:\/\/www.fica.unsl.edu.ar\/index.php\/wp-json\/wp\/v2\/media\/21553"}],"wp:attachment":[{"href":"https:\/\/www.fica.unsl.edu.ar\/index.php\/wp-json\/wp\/v2\/media?parent=21543"}],"wp:term":[{"taxonomy":"category","embeddable":true,"href":"https:\/\/www.fica.unsl.edu.ar\/index.php\/wp-json\/wp\/v2\/categories?post=21543"},{"taxonomy":"post_tag","embeddable":true,"href":"https:\/\/www.fica.unsl.edu.ar\/index.php\/wp-json\/wp\/v2\/tags?post=21543"}],"curies":[{"name":"wp","href":"https:\/\/api.w.org\/{rel}","templated":true}]}}