{"id":21546,"date":"2025-11-12T10:10:23","date_gmt":"2025-11-12T13:10:23","guid":{"rendered":"https:\/\/www.fica.unsl.edu.ar\/?p=21546"},"modified":"2025-12-02T11:27:15","modified_gmt":"2025-12-02T14:27:15","slug":"charla-informativa-sobre-la-escuela-internacional-de-extension-universitaria","status":"publish","type":"post","link":"https:\/\/www.fica.unsl.edu.ar\/index.php\/charla-informativa-sobre-la-escuela-internacional-de-extension-universitaria\/","title":{"rendered":"Charla informativa sobre la Escuela Internacional de Extensi\u00f3n Universitaria"},"content":{"rendered":"<p data-start=\"237\" data-end=\"760\">Las <strong data-start=\"241\" data-end=\"269\">Secretar\u00edas de Extensi\u00f3n<\/strong> de la <strong data-start=\"276\" data-end=\"334\">Facultad de Ingenier\u00eda y Ciencias Agropecuarias (FICA)<\/strong> y de la <strong data-start=\"343\" data-end=\"408\">Facultad de Ciencias Econ\u00f3micas, Jur\u00eddicas y Sociales (FCEJS)<\/strong> invitan a toda la comunidad universitaria a participar de la <strong data-start=\"470\" data-end=\"492\">charla informativa<\/strong> sobre la <em data-start=\"502\" data-end=\"567\">\u201cEscuela Internacional de Formaci\u00f3n en Extensi\u00f3n Universitaria\u201d<\/em>, que brindar\u00e1 el <strong data-start=\"585\" data-end=\"605\">Esp. \u00d3scar Ojeda<\/strong>, <strong data-start=\"607\" data-end=\"659\">secretario de Extensi\u00f3n Universitaria de la UNSL<\/strong>, el pr\u00f3ximo <strong data-start=\"672\" data-end=\"713\">martes 18 de noviembre a las 11 horas<\/strong>, en el <strong data-start=\"721\" data-end=\"757\">Aula 17 del Campus Universitario<\/strong>.<\/p>\n<h3 style=\"text-align: center;\" data-start=\"237\" data-end=\"760\"><span style=\"color: #0000ff;\"><a style=\"color: #0000ff;\" href=\"https:\/\/docs.google.com\/forms\/d\/e\/1FAIpQLSc7RLm2p9AJi_Sh14KXNE0hR3nzewm57CFLIQp3C1Jcl7jNRw\/viewform\" target=\"_blank\" rel=\"noopener\">FORMULARIO DE INSCRIPCI\u00d3N<\/a><\/span><\/h3>\n<p data-start=\"767\" data-end=\"1152\">Bajo el lema <em data-start=\"780\" data-end=\"961\">\u201cExtensi\u00f3n cr\u00edtica e integralidad desde los territorios: movimientos, organizaciones sociales y pueblos ancestrales como sujetos de derecho, saberes y pr\u00e1cticas de transformaci\u00f3n\u201d<\/em>, la <em data-start=\"966\" data-end=\"1031\">\u201cEscuela Internacional de Formaci\u00f3n en Extensi\u00f3n Universitaria\u201d<\/em> se llevar\u00e1 a cabo los d\u00edas <strong data-start=\"1059\" data-end=\"1081\">5 y 6 de diciembre<\/strong> del corriente a\u00f1o en la <strong data-start=\"1106\" data-end=\"1149\">Universidad Nacional de San Luis (UNSL)<\/strong>.<\/p>\n<p data-start=\"1159\" data-end=\"1430\">Esta iniciativa se enmarca en la <strong data-start=\"1192\" data-end=\"1251\">Uni\u00f3n Latinoamericana de Extensi\u00f3n Universitaria (ULEU)<\/strong> y contar\u00e1 con la participaci\u00f3n del <strong data-start=\"1287\" data-end=\"1327\">Dr. Honoris Causa Humberto Tommasino<\/strong> (Universidad de la Rep\u00fablica, Uruguay), reconocido referente internacional en <strong data-start=\"1406\" data-end=\"1427\">extensi\u00f3n cr\u00edtica<\/strong>.<\/p>\n<p data-start=\"1437\" data-end=\"1895\">La actividad, <strong data-start=\"1451\" data-end=\"1493\">gratuita y abierta a toda la comunidad<\/strong>, propone un espacio de <strong data-start=\"1517\" data-end=\"1573\">reflexi\u00f3n sobre el rol de la extensi\u00f3n universitaria<\/strong>, promoviendo el <strong data-start=\"1590\" data-end=\"1637\">reconocimiento de saberes y luchas sociales<\/strong>, la <strong data-start=\"1642\" data-end=\"1665\">formaci\u00f3n colectiva<\/strong> frente a problem\u00e1ticas comunes y la <strong data-start=\"1702\" data-end=\"1760\">articulaci\u00f3n entre docencia, investigaci\u00f3n y extensi\u00f3n<\/strong>. Su finalidad es <strong data-start=\"1778\" data-end=\"1838\">fortalecer el v\u00ednculo entre la universidad y la sociedad<\/strong>, generando un <strong data-start=\"1853\" data-end=\"1892\">impacto positivo en las comunidades<\/strong>.<\/p>\n<p data-start=\"1902\" data-end=\"2279\">Asimismo, busca contribuir al desarrollo de una <strong data-start=\"1950\" data-end=\"2000\">formaci\u00f3n cr\u00edtica en metodolog\u00edas de extensi\u00f3n<\/strong> comprometidas con los territorios, fomentando adem\u00e1s el <strong data-start=\"2057\" data-end=\"2105\">intercambio de experiencias latinoamericanas<\/strong> en defensa de los <strong data-start=\"2124\" data-end=\"2158\">derechos humanos y ambientales<\/strong>. De esta manera, la iniciativa apunta a <strong data-start=\"2199\" data-end=\"2278\">construir redes que permitan enfrentar los desaf\u00edos sociales contempor\u00e1neos<\/strong>.<\/p>\n","protected":false},"excerpt":{"rendered":"<p>Las Secretar\u00edas de Extensi\u00f3n de la Facultad de Ingenier\u00eda y Ciencias Agropecuarias (FICA) y de la Facultad de Ciencias Econ\u00f3micas, Jur\u00eddicas y Sociales (FCEJS) invitan&hellip;<\/p>\n","protected":false},"author":9,"featured_media":21548,"comment_status":"closed","ping_status":"closed","sticky":false,"template":"","format":"standard","meta":{"_monsterinsights_skip_tracking":false,"_monsterinsights_sitenote_active":false,"_monsterinsights_sitenote_note":"","_monsterinsights_sitenote_category":0,"_joinchat":[],"footnotes":""},"categories":[19],"tags":[],"class_list":["post-21546","post","type-post","status-publish","format-standard","has-post-thumbnail","hentry","category-noticias"],"yoast_head":"<!-- This site is optimized with the Yoast SEO plugin v27.4 - https:\/\/yoast.com\/product\/yoast-seo-wordpress\/ -->\n<title>Charla informativa sobre la Escuela Internacional de Extensi\u00f3n Universitaria - Facultad de Ingenier\u00eda y Ciencias Agropecuarias<\/title>\n<meta name=\"robots\" content=\"index, follow, max-snippet:-1, max-image-preview:large, max-video-preview:-1\" \/>\n<link rel=\"canonical\" href=\"https:\/\/www.fica.unsl.edu.ar\/index.php\/charla-informativa-sobre-la-escuela-internacional-de-extension-universitaria\/\" \/>\n<meta property=\"og:locale\" content=\"es_ES\" \/>\n<meta property=\"og:type\" content=\"article\" \/>\n<meta property=\"og:title\" content=\"Charla informativa sobre la Escuela Internacional de Extensi\u00f3n Universitaria - Facultad de Ingenier\u00eda y Ciencias Agropecuarias\" \/>\n<meta property=\"og:description\" content=\"Las Secretar\u00edas de Extensi\u00f3n de la Facultad de Ingenier\u00eda y Ciencias Agropecuarias (FICA) y de la Facultad de Ciencias Econ\u00f3micas, Jur\u00eddicas y Sociales (FCEJS) invitan&hellip;\" \/>\n<meta property=\"og:url\" content=\"https:\/\/www.fica.unsl.edu.ar\/index.php\/charla-informativa-sobre-la-escuela-internacional-de-extension-universitaria\/\" \/>\n<meta property=\"og:site_name\" content=\"Facultad de Ingenier\u00eda y Ciencias Agropecuarias\" \/>\n<meta property=\"article:publisher\" content=\"https:\/\/www.facebook.com\/FICA.UNSL\/\" \/>\n<meta property=\"article:published_time\" content=\"2025-11-12T13:10:23+00:00\" \/>\n<meta property=\"article:modified_time\" content=\"2025-12-02T14:27:15+00:00\" \/>\n<meta property=\"og:image\" content=\"https:\/\/www.fica.unsl.edu.ar\/wp-content\/uploads\/2025\/11\/placa-webcharla-informativa-extension-scaled.png\" \/>\n\t<meta property=\"og:image:width\" content=\"2560\" \/>\n\t<meta property=\"og:image:height\" content=\"1440\" \/>\n\t<meta property=\"og:image:type\" content=\"image\/png\" \/>\n<meta name=\"author\" content=\"DATI\" \/>\n<meta name=\"twitter:card\" content=\"summary_large_image\" \/>\n<meta name=\"twitter:creator\" content=\"@FICAUNSL\" \/>\n<meta name=\"twitter:site\" content=\"@FICAUNSL\" \/>\n<meta name=\"twitter:label1\" content=\"Escrito por\" \/>\n\t<meta name=\"twitter:data1\" content=\"DATI\" \/>\n\t<meta name=\"twitter:label2\" content=\"Tiempo de lectura\" \/>\n\t<meta name=\"twitter:data2\" content=\"2 minutos\" \/>\n<script type=\"application\/ld+json\" class=\"yoast-schema-graph\">{\"@context\":\"https:\\\/\\\/schema.org\",\"@graph\":[{\"@type\":\"Article\",\"@id\":\"https:\\\/\\\/www.fica.unsl.edu.ar\\\/index.php\\\/charla-informativa-sobre-la-escuela-internacional-de-extension-universitaria\\\/#article\",\"isPartOf\":{\"@id\":\"https:\\\/\\\/www.fica.unsl.edu.ar\\\/index.php\\\/charla-informativa-sobre-la-escuela-internacional-de-extension-universitaria\\\/\"},\"author\":{\"name\":\"DATI\",\"@id\":\"https:\\\/\\\/www.fica.unsl.edu.ar\\\/#\\\/schema\\\/person\\\/6058f9c66301868d3a691b1f5d6c3544\"},\"headline\":\"Charla informativa sobre la Escuela Internacional de Extensi\u00f3n Universitaria\",\"datePublished\":\"2025-11-12T13:10:23+00:00\",\"dateModified\":\"2025-12-02T14:27:15+00:00\",\"mainEntityOfPage\":{\"@id\":\"https:\\\/\\\/www.fica.unsl.edu.ar\\\/index.php\\\/charla-informativa-sobre-la-escuela-internacional-de-extension-universitaria\\\/\"},\"wordCount\":322,\"publisher\":{\"@id\":\"https:\\\/\\\/www.fica.unsl.edu.ar\\\/#organization\"},\"image\":{\"@id\":\"https:\\\/\\\/www.fica.unsl.edu.ar\\\/index.php\\\/charla-informativa-sobre-la-escuela-internacional-de-extension-universitaria\\\/#primaryimage\"},\"thumbnailUrl\":\"https:\\\/\\\/www.fica.unsl.edu.ar\\\/wp-content\\\/uploads\\\/2025\\\/11\\\/placa-webcharla-informativa-extension-scaled.png\",\"articleSection\":[\"Noticias\"],\"inLanguage\":\"es-AR\"},{\"@type\":\"WebPage\",\"@id\":\"https:\\\/\\\/www.fica.unsl.edu.ar\\\/index.php\\\/charla-informativa-sobre-la-escuela-internacional-de-extension-universitaria\\\/\",\"url\":\"https:\\\/\\\/www.fica.unsl.edu.ar\\\/index.php\\\/charla-informativa-sobre-la-escuela-internacional-de-extension-universitaria\\\/\",\"name\":\"Charla informativa sobre la Escuela Internacional de Extensi\u00f3n Universitaria - Facultad de Ingenier\u00eda y Ciencias Agropecuarias\",\"isPartOf\":{\"@id\":\"https:\\\/\\\/www.fica.unsl.edu.ar\\\/#website\"},\"primaryImageOfPage\":{\"@id\":\"https:\\\/\\\/www.fica.unsl.edu.ar\\\/index.php\\\/charla-informativa-sobre-la-escuela-internacional-de-extension-universitaria\\\/#primaryimage\"},\"image\":{\"@id\":\"https:\\\/\\\/www.fica.unsl.edu.ar\\\/index.php\\\/charla-informativa-sobre-la-escuela-internacional-de-extension-universitaria\\\/#primaryimage\"},\"thumbnailUrl\":\"https:\\\/\\\/www.fica.unsl.edu.ar\\\/wp-content\\\/uploads\\\/2025\\\/11\\\/placa-webcharla-informativa-extension-scaled.png\",\"datePublished\":\"2025-11-12T13:10:23+00:00\",\"dateModified\":\"2025-12-02T14:27:15+00:00\",\"inLanguage\":\"es-AR\",\"potentialAction\":[{\"@type\":\"ReadAction\",\"target\":[\"https:\\\/\\\/www.fica.unsl.edu.ar\\\/index.php\\\/charla-informativa-sobre-la-escuela-internacional-de-extension-universitaria\\\/\"]}]},{\"@type\":\"ImageObject\",\"inLanguage\":\"es-AR\",\"@id\":\"https:\\\/\\\/www.fica.unsl.edu.ar\\\/index.php\\\/charla-informativa-sobre-la-escuela-internacional-de-extension-universitaria\\\/#primaryimage\",\"url\":\"https:\\\/\\\/www.fica.unsl.edu.ar\\\/wp-content\\\/uploads\\\/2025\\\/11\\\/placa-webcharla-informativa-extension-scaled.png\",\"contentUrl\":\"https:\\\/\\\/www.fica.unsl.edu.ar\\\/wp-content\\\/uploads\\\/2025\\\/11\\\/placa-webcharla-informativa-extension-scaled.png\",\"width\":2560,\"height\":1440},{\"@type\":\"WebSite\",\"@id\":\"https:\\\/\\\/www.fica.unsl.edu.ar\\\/#website\",\"url\":\"https:\\\/\\\/www.fica.unsl.edu.ar\\\/\",\"name\":\"Facultad de Ingenier\u00eda y Ciencias Agropecuarias\",\"description\":\"\",\"publisher\":{\"@id\":\"https:\\\/\\\/www.fica.unsl.edu.ar\\\/#organization\"},\"potentialAction\":[{\"@type\":\"SearchAction\",\"target\":{\"@type\":\"EntryPoint\",\"urlTemplate\":\"https:\\\/\\\/www.fica.unsl.edu.ar\\\/?s={search_term_string}\"},\"query-input\":{\"@type\":\"PropertyValueSpecification\",\"valueRequired\":true,\"valueName\":\"search_term_string\"}}],\"inLanguage\":\"es-AR\"},{\"@type\":\"Organization\",\"@id\":\"https:\\\/\\\/www.fica.unsl.edu.ar\\\/#organization\",\"name\":\"Facultad de Ingenier\u00eda y Ciencias Agropecuarias\",\"url\":\"https:\\\/\\\/www.fica.unsl.edu.ar\\\/\",\"logo\":{\"@type\":\"ImageObject\",\"inLanguage\":\"es-AR\",\"@id\":\"https:\\\/\\\/www.fica.unsl.edu.ar\\\/#\\\/schema\\\/logo\\\/image\\\/\",\"url\":\"https:\\\/\\\/www.fica.unsl.edu.ar\\\/wp-content\\\/uploads\\\/2021\\\/03\\\/LOGO-1.jpg\",\"contentUrl\":\"https:\\\/\\\/www.fica.unsl.edu.ar\\\/wp-content\\\/uploads\\\/2021\\\/03\\\/LOGO-1.jpg\",\"width\":463,\"height\":145,\"caption\":\"Facultad de Ingenier\u00eda y Ciencias Agropecuarias\"},\"image\":{\"@id\":\"https:\\\/\\\/www.fica.unsl.edu.ar\\\/#\\\/schema\\\/logo\\\/image\\\/\"},\"sameAs\":[\"https:\\\/\\\/www.facebook.com\\\/FICA.UNSL\\\/\",\"https:\\\/\\\/x.com\\\/FICAUNSL\",\"https:\\\/\\\/www.instagram.com\\\/fica.unsl\\\/\",\"https:\\\/\\\/www.youtube.com\\\/channel\\\/UCs2MM53gb2PyBrMySdtWZDQ\"]},{\"@type\":\"Person\",\"@id\":\"https:\\\/\\\/www.fica.unsl.edu.ar\\\/#\\\/schema\\\/person\\\/6058f9c66301868d3a691b1f5d6c3544\",\"name\":\"DATI\"}]}<\/script>\n<!-- \/ Yoast SEO plugin. -->","yoast_head_json":{"title":"Charla informativa sobre la Escuela Internacional de Extensi\u00f3n Universitaria - Facultad de Ingenier\u00eda y Ciencias Agropecuarias","robots":{"index":"index","follow":"follow","max-snippet":"max-snippet:-1","max-image-preview":"max-image-preview:large","max-video-preview":"max-video-preview:-1"},"canonical":"https:\/\/www.fica.unsl.edu.ar\/index.php\/charla-informativa-sobre-la-escuela-internacional-de-extension-universitaria\/","og_locale":"es_ES","og_type":"article","og_title":"Charla informativa sobre la Escuela Internacional de Extensi\u00f3n Universitaria - Facultad de Ingenier\u00eda y Ciencias Agropecuarias","og_description":"Las Secretar\u00edas de Extensi\u00f3n de la Facultad de Ingenier\u00eda y Ciencias Agropecuarias (FICA) y de la Facultad de Ciencias Econ\u00f3micas, Jur\u00eddicas y Sociales (FCEJS) invitan&hellip;","og_url":"https:\/\/www.fica.unsl.edu.ar\/index.php\/charla-informativa-sobre-la-escuela-internacional-de-extension-universitaria\/","og_site_name":"Facultad de Ingenier\u00eda y Ciencias Agropecuarias","article_publisher":"https:\/\/www.facebook.com\/FICA.UNSL\/","article_published_time":"2025-11-12T13:10:23+00:00","article_modified_time":"2025-12-02T14:27:15+00:00","og_image":[{"width":2560,"height":1440,"url":"https:\/\/www.fica.unsl.edu.ar\/wp-content\/uploads\/2025\/11\/placa-webcharla-informativa-extension-scaled.png","type":"image\/png"}],"author":"DATI","twitter_card":"summary_large_image","twitter_creator":"@FICAUNSL","twitter_site":"@FICAUNSL","twitter_misc":{"Escrito por":"DATI","Tiempo de lectura":"2 minutos"},"schema":{"@context":"https:\/\/schema.org","@graph":[{"@type":"Article","@id":"https:\/\/www.fica.unsl.edu.ar\/index.php\/charla-informativa-sobre-la-escuela-internacional-de-extension-universitaria\/#article","isPartOf":{"@id":"https:\/\/www.fica.unsl.edu.ar\/index.php\/charla-informativa-sobre-la-escuela-internacional-de-extension-universitaria\/"},"author":{"name":"DATI","@id":"https:\/\/www.fica.unsl.edu.ar\/#\/schema\/person\/6058f9c66301868d3a691b1f5d6c3544"},"headline":"Charla informativa sobre la Escuela Internacional de Extensi\u00f3n Universitaria","datePublished":"2025-11-12T13:10:23+00:00","dateModified":"2025-12-02T14:27:15+00:00","mainEntityOfPage":{"@id":"https:\/\/www.fica.unsl.edu.ar\/index.php\/charla-informativa-sobre-la-escuela-internacional-de-extension-universitaria\/"},"wordCount":322,"publisher":{"@id":"https:\/\/www.fica.unsl.edu.ar\/#organization"},"image":{"@id":"https:\/\/www.fica.unsl.edu.ar\/index.php\/charla-informativa-sobre-la-escuela-internacional-de-extension-universitaria\/#primaryimage"},"thumbnailUrl":"https:\/\/www.fica.unsl.edu.ar\/wp-content\/uploads\/2025\/11\/placa-webcharla-informativa-extension-scaled.png","articleSection":["Noticias"],"inLanguage":"es-AR"},{"@type":"WebPage","@id":"https:\/\/www.fica.unsl.edu.ar\/index.php\/charla-informativa-sobre-la-escuela-internacional-de-extension-universitaria\/","url":"https:\/\/www.fica.unsl.edu.ar\/index.php\/charla-informativa-sobre-la-escuela-internacional-de-extension-universitaria\/","name":"Charla informativa sobre la Escuela Internacional de Extensi\u00f3n Universitaria - Facultad de Ingenier\u00eda y Ciencias Agropecuarias","isPartOf":{"@id":"https:\/\/www.fica.unsl.edu.ar\/#website"},"primaryImageOfPage":{"@id":"https:\/\/www.fica.unsl.edu.ar\/index.php\/charla-informativa-sobre-la-escuela-internacional-de-extension-universitaria\/#primaryimage"},"image":{"@id":"https:\/\/www.fica.unsl.edu.ar\/index.php\/charla-informativa-sobre-la-escuela-internacional-de-extension-universitaria\/#primaryimage"},"thumbnailUrl":"https:\/\/www.fica.unsl.edu.ar\/wp-content\/uploads\/2025\/11\/placa-webcharla-informativa-extension-scaled.png","datePublished":"2025-11-12T13:10:23+00:00","dateModified":"2025-12-02T14:27:15+00:00","inLanguage":"es-AR","potentialAction":[{"@type":"ReadAction","target":["https:\/\/www.fica.unsl.edu.ar\/index.php\/charla-informativa-sobre-la-escuela-internacional-de-extension-universitaria\/"]}]},{"@type":"ImageObject","inLanguage":"es-AR","@id":"https:\/\/www.fica.unsl.edu.ar\/index.php\/charla-informativa-sobre-la-escuela-internacional-de-extension-universitaria\/#primaryimage","url":"https:\/\/www.fica.unsl.edu.ar\/wp-content\/uploads\/2025\/11\/placa-webcharla-informativa-extension-scaled.png","contentUrl":"https:\/\/www.fica.unsl.edu.ar\/wp-content\/uploads\/2025\/11\/placa-webcharla-informativa-extension-scaled.png","width":2560,"height":1440},{"@type":"WebSite","@id":"https:\/\/www.fica.unsl.edu.ar\/#website","url":"https:\/\/www.fica.unsl.edu.ar\/","name":"Facultad de Ingenier\u00eda y Ciencias Agropecuarias","description":"","publisher":{"@id":"https:\/\/www.fica.unsl.edu.ar\/#organization"},"potentialAction":[{"@type":"SearchAction","target":{"@type":"EntryPoint","urlTemplate":"https:\/\/www.fica.unsl.edu.ar\/?s={search_term_string}"},"query-input":{"@type":"PropertyValueSpecification","valueRequired":true,"valueName":"search_term_string"}}],"inLanguage":"es-AR"},{"@type":"Organization","@id":"https:\/\/www.fica.unsl.edu.ar\/#organization","name":"Facultad de Ingenier\u00eda y Ciencias Agropecuarias","url":"https:\/\/www.fica.unsl.edu.ar\/","logo":{"@type":"ImageObject","inLanguage":"es-AR","@id":"https:\/\/www.fica.unsl.edu.ar\/#\/schema\/logo\/image\/","url":"https:\/\/www.fica.unsl.edu.ar\/wp-content\/uploads\/2021\/03\/LOGO-1.jpg","contentUrl":"https:\/\/www.fica.unsl.edu.ar\/wp-content\/uploads\/2021\/03\/LOGO-1.jpg","width":463,"height":145,"caption":"Facultad de Ingenier\u00eda y Ciencias Agropecuarias"},"image":{"@id":"https:\/\/www.fica.unsl.edu.ar\/#\/schema\/logo\/image\/"},"sameAs":["https:\/\/www.facebook.com\/FICA.UNSL\/","https:\/\/x.com\/FICAUNSL","https:\/\/www.instagram.com\/fica.unsl\/","https:\/\/www.youtube.com\/channel\/UCs2MM53gb2PyBrMySdtWZDQ"]},{"@type":"Person","@id":"https:\/\/www.fica.unsl.edu.ar\/#\/schema\/person\/6058f9c66301868d3a691b1f5d6c3544","name":"DATI"}]}},"_links":{"self":[{"href":"https:\/\/www.fica.unsl.edu.ar\/index.php\/wp-json\/wp\/v2\/posts\/21546","targetHints":{"allow":["GET"]}}],"collection":[{"href":"https:\/\/www.fica.unsl.edu.ar\/index.php\/wp-json\/wp\/v2\/posts"}],"about":[{"href":"https:\/\/www.fica.unsl.edu.ar\/index.php\/wp-json\/wp\/v2\/types\/post"}],"author":[{"embeddable":true,"href":"https:\/\/www.fica.unsl.edu.ar\/index.php\/wp-json\/wp\/v2\/users\/9"}],"replies":[{"embeddable":true,"href":"https:\/\/www.fica.unsl.edu.ar\/index.php\/wp-json\/wp\/v2\/comments?post=21546"}],"version-history":[{"count":3,"href":"https:\/\/www.fica.unsl.edu.ar\/index.php\/wp-json\/wp\/v2\/posts\/21546\/revisions"}],"predecessor-version":[{"id":21576,"href":"https:\/\/www.fica.unsl.edu.ar\/index.php\/wp-json\/wp\/v2\/posts\/21546\/revisions\/21576"}],"wp:featuredmedia":[{"embeddable":true,"href":"https:\/\/www.fica.unsl.edu.ar\/index.php\/wp-json\/wp\/v2\/media\/21548"}],"wp:attachment":[{"href":"https:\/\/www.fica.unsl.edu.ar\/index.php\/wp-json\/wp\/v2\/media?parent=21546"}],"wp:term":[{"taxonomy":"category","embeddable":true,"href":"https:\/\/www.fica.unsl.edu.ar\/index.php\/wp-json\/wp\/v2\/categories?post=21546"},{"taxonomy":"post_tag","embeddable":true,"href":"https:\/\/www.fica.unsl.edu.ar\/index.php\/wp-json\/wp\/v2\/tags?post=21546"}],"curies":[{"name":"wp","href":"https:\/\/api.w.org\/{rel}","templated":true}]}}