{"id":21556,"date":"2025-11-12T12:46:58","date_gmt":"2025-11-12T15:46:58","guid":{"rendered":"https:\/\/www.fica.unsl.edu.ar\/?p=21556"},"modified":"2025-12-02T11:25:53","modified_gmt":"2025-12-02T14:25:53","slug":"docentes-investigadores-de-la-fica-participaron-en-las-jornadas-idi-en-san-luis","status":"publish","type":"post","link":"https:\/\/www.fica.unsl.edu.ar\/index.php\/docentes-investigadores-de-la-fica-participaron-en-las-jornadas-idi-en-san-luis\/","title":{"rendered":"Docentes Investigadores de la FICA participaron en las Jornadas I+D+i en San Luis"},"content":{"rendered":"<p data-start=\"207\" data-end=\"619\">Docentes investigadores de la <strong data-start=\"237\" data-end=\"295\">Facultad de Ingenier\u00eda y Ciencias Agropecuarias (FICA)<\/strong> participaron de las <strong data-start=\"316\" data-end=\"398\">\u201cJornadas I+D+i: Construyendo soberan\u00eda desde el conocimiento y la innovaci\u00f3n\u201d<\/strong>, desarrolladas los d\u00edas <strong data-start=\"423\" data-end=\"447\">10 y 11 de noviembre<\/strong> en la <strong data-start=\"454\" data-end=\"509\">Facultad de Ciencias F\u00edsico Matem\u00e1ticas y Naturales<\/strong> de la <strong data-start=\"516\" data-end=\"524\">UNSL<\/strong>, en el marco de la <strong data-start=\"544\" data-end=\"616\">Semana Internacional de la Ciencia para la Paz y el Desarrollo (CIN)<\/strong>.<\/p>\n<p data-start=\"621\" data-end=\"974\">Bajo el lema <strong data-start=\"634\" data-end=\"722\">\u201cSin conocimiento no hay paz posible y sin cooperaci\u00f3n no hay desarrollo sostenible\u201d<\/strong>, las jornadas promovieron el di\u00e1logo entre las instituciones universitarias argentinas y la comunidad local, regional y global, visibilizando el aporte de la ciencia, las artes y las humanidades al bienestar colectivo y la cooperaci\u00f3n internacional.<\/p>\n<p data-start=\"976\" data-end=\"1751\">Durante la primera jornada se presentaron los <strong data-start=\"1022\" data-end=\"1069\">Proyectos de Investigaci\u00f3n Inicial (PROINI)<\/strong> de la UNSL, donde expusieron por la FICA la <strong data-start=\"1114\" data-end=\"1146\">Dra. Y\u00e9sica Sabrina Lambrese<\/strong> y el <strong data-start=\"1152\" data-end=\"1184\">Dr. Francisco Daniel Esteban<\/strong>. La <strong data-start=\"1191\" data-end=\"1208\">Dra. Lambrese<\/strong> present\u00f3 el trabajo <em data-start=\"1229\" data-end=\"1323\">\u201cSorgo revitalizado: recubrimiento con almid\u00f3n y cianobacterias para mejorar la germinaci\u00f3n\u201d<\/em>, mientras que el <strong data-start=\"1341\" data-end=\"1356\">Dr. Esteban<\/strong> disert\u00f3 sobre <em data-start=\"1371\" data-end=\"1462\">\u201cControl de convertidores electr\u00f3nicos de potencia para aplicaciones de redes el\u00e9ctricas\u201d<\/em>.<\/p>\n<p data-start=\"976\" data-end=\"1751\">Esta pol\u00edtica institucional busca impulsar y financiar <strong data-start=\"1521\" data-end=\"1562\">15 proyectos de investigaci\u00f3n inicial<\/strong>, orientados a promover la formaci\u00f3n y consolidaci\u00f3n de nuevas l\u00edneas de investigaci\u00f3n en el \u00e1mbito universitario, fortaleciendo las capacidades de los investigadores en etapas iniciales.<\/p>\n<p data-start=\"976\" data-end=\"1751\"><div class=\"gmedia_gallery phantom_module is_bot\" id=\"GmediaGallery_304\" data-gmid=\"304\" data-module=\"phantom\"><style type='text\/css' class='gmedia_module_style_import'>@import url('https:\/\/www.fica.unsl.edu.ar\/wp-content\/plugins\/grand-media\/module\/phantom\/css\/style.css') all;<\/style>    <div class=\"gmPhantom_Container noLightbox\" >\r\n                <div class=\"gmPhantom_thumbsWrapper gmPhantom_ThumbScale gmPhantom_LabelHover\">\r\n                        <div class=\"gmPhantom_ThumbContainer gmPhantom_ThumbLoader\" data-id=\"5273\" data-post_id=\"21565\" data-ratio=\"1.3333333333333\" data-type=\"image\" data-ext=\"jpg\" data-views=\"14\" data-likes=\"0\" data-cc=\"0\" data-post_link=\"https:\/\/www.fica.unsl.edu.ar\/index.php\/gmedia\/semana_de_la_ciencia-8-jpg\/\">\r\n                <a href=\"https:\/\/www.fica.unsl.edu.ar\/wp-content\/grand-media\/image\/semana_de_la_ciencia-8.jpg\" class=\"gmPhantom_Thumb\"><img decoding=\"async\" src=\"https:\/\/www.fica.unsl.edu.ar\/wp-content\/grand-media\/image\/thumb\/semana_de_la_ciencia-8.jpg\" data-src=\"https:\/\/www.fica.unsl.edu.ar\/wp-content\/grand-media\/image\/semana_de_la_ciencia-8.jpg\" alt=\"Semana De La Ciencia-8\"\/><\/a>\r\n                                    <div class=\"gmPhantom_ThumbLabel\"><span class=\"gmPhantom_ThumbLabel_title\">Semana De La Ciencia-8<\/span><\/div>\r\n                                    <div style=\"display:none;\" class=\"gmPhantom_Details\">\r\n                                            <div class=\"gmPhantom_description\">\r\n                            <div class=\"gmPhantom_title\">Semana De La Ciencia-8<\/div>\r\n                            <div class=\"gmPhantom_text\"><\/div>\r\n                        <\/div>\r\n                                                            <div class=\"gmPhantom_terms\">\r\n                                                    <div class=\"gmPhantom_other_terms\">\r\n                                <table class=\"gmPhantom_other_terms_table\">\r\n                                                                            <tr class=\"gmPhantom_term_row_album\">\r\n                                            <td class=\"gmPhantom_term_key\">Album<\/td>\r\n                                            <td class=\"gmPhantom_term_value\"><a href=\"\/index.php\/wp-json\/wp\/v2\/posts\/21556?gm304[album__in]=304\" class=\"gmPhantom_alb\">proini-semana-ciencia-2025<\/a><\/td>\r\n                                        <\/tr>\r\n                                                                    <\/table>\r\n                            <\/div>\r\n                                                <\/div>\r\n                <\/div>\r\n                <\/div>            <div class=\"gmPhantom_ThumbContainer gmPhantom_ThumbLoader\" data-id=\"5272\" data-post_id=\"21564\" data-ratio=\"1.5433333333333\" data-type=\"image\" data-ext=\"jpg\" data-views=\"13\" data-likes=\"0\" data-cc=\"0\" data-post_link=\"https:\/\/www.fica.unsl.edu.ar\/index.php\/gmedia\/semana_de_la_ciencia-6-jpg\/\">\r\n                <a href=\"https:\/\/www.fica.unsl.edu.ar\/wp-content\/grand-media\/image\/semana_de_la_ciencia-6.jpg\" class=\"gmPhantom_Thumb\"><img decoding=\"async\" src=\"https:\/\/www.fica.unsl.edu.ar\/wp-content\/grand-media\/image\/thumb\/semana_de_la_ciencia-6.jpg\" data-src=\"https:\/\/www.fica.unsl.edu.ar\/wp-content\/grand-media\/image\/semana_de_la_ciencia-6.jpg\" alt=\"Semana De La Ciencia-6\"\/><\/a>\r\n                                    <div class=\"gmPhantom_ThumbLabel\"><span class=\"gmPhantom_ThumbLabel_title\">Semana De La Ciencia-6<\/span><\/div>\r\n                                    <div style=\"display:none;\" class=\"gmPhantom_Details\">\r\n                                            <div class=\"gmPhantom_description\">\r\n                            <div class=\"gmPhantom_title\">Semana De La Ciencia-6<\/div>\r\n                            <div class=\"gmPhantom_text\"><\/div>\r\n                        <\/div>\r\n                                                            <div class=\"gmPhantom_terms\">\r\n                                                    <div class=\"gmPhantom_other_terms\">\r\n                                <table class=\"gmPhantom_other_terms_table\">\r\n                                                                            <tr class=\"gmPhantom_term_row_album\">\r\n                                            <td class=\"gmPhantom_term_key\">Album<\/td>\r\n                                            <td class=\"gmPhantom_term_value\"><a href=\"\/index.php\/wp-json\/wp\/v2\/posts\/21556?gm304[album__in]=304\" class=\"gmPhantom_alb\">proini-semana-ciencia-2025<\/a><\/td>\r\n                                        <\/tr>\r\n                                                                    <\/table>\r\n                            <\/div>\r\n                                                <\/div>\r\n                <\/div>\r\n                <\/div>            <div class=\"gmPhantom_ThumbContainer gmPhantom_ThumbLoader\" data-id=\"5271\" data-post_id=\"21563\" data-ratio=\"0.71428571428571\" data-type=\"image\" data-ext=\"jpg\" data-views=\"10\" data-likes=\"0\" data-cc=\"0\" data-post_link=\"https:\/\/www.fica.unsl.edu.ar\/index.php\/gmedia\/semana_de_la_ciencia-3-jpg\/\">\r\n                <a href=\"https:\/\/www.fica.unsl.edu.ar\/wp-content\/grand-media\/image\/semana_de_la_ciencia-3.jpg\" class=\"gmPhantom_Thumb\"><img decoding=\"async\" src=\"https:\/\/www.fica.unsl.edu.ar\/wp-content\/grand-media\/image\/thumb\/semana_de_la_ciencia-3.jpg\" data-src=\"https:\/\/www.fica.unsl.edu.ar\/wp-content\/grand-media\/image\/semana_de_la_ciencia-3.jpg\" alt=\"Semana De La Ciencia-3\"\/><\/a>\r\n                                    <div class=\"gmPhantom_ThumbLabel\"><span class=\"gmPhantom_ThumbLabel_title\">Semana De La Ciencia-3<\/span><\/div>\r\n                                    <div style=\"display:none;\" class=\"gmPhantom_Details\">\r\n                                            <div class=\"gmPhantom_description\">\r\n                            <div class=\"gmPhantom_title\">Semana De La Ciencia-3<\/div>\r\n                            <div class=\"gmPhantom_text\"><\/div>\r\n                        <\/div>\r\n                                                            <div class=\"gmPhantom_terms\">\r\n                                                    <div class=\"gmPhantom_other_terms\">\r\n                                <table class=\"gmPhantom_other_terms_table\">\r\n                                                                            <tr class=\"gmPhantom_term_row_album\">\r\n                                            <td class=\"gmPhantom_term_key\">Album<\/td>\r\n                                            <td class=\"gmPhantom_term_value\"><a href=\"\/index.php\/wp-json\/wp\/v2\/posts\/21556?gm304[album__in]=304\" class=\"gmPhantom_alb\">proini-semana-ciencia-2025<\/a><\/td>\r\n                                        <\/tr>\r\n                                                                    <\/table>\r\n                            <\/div>\r\n                                                <\/div>\r\n                <\/div>\r\n                <\/div>            <div class=\"gmPhantom_ThumbContainer gmPhantom_ThumbLoader\" data-id=\"5270\" data-post_id=\"21562\" data-ratio=\"1.7766666666667\" data-type=\"image\" data-ext=\"jpg\" data-views=\"13\" data-likes=\"0\" data-cc=\"0\" data-post_link=\"https:\/\/www.fica.unsl.edu.ar\/index.php\/gmedia\/581154191_18070812149523484_8652355233747100024_n-jpg\/\">\r\n                <a href=\"https:\/\/www.fica.unsl.edu.ar\/wp-content\/grand-media\/image\/581154191_18070812149523484_8652355233747100024_n.jpg\" class=\"gmPhantom_Thumb\"><img decoding=\"async\" src=\"https:\/\/www.fica.unsl.edu.ar\/wp-content\/grand-media\/image\/thumb\/581154191_18070812149523484_8652355233747100024_n.jpg\" data-src=\"https:\/\/www.fica.unsl.edu.ar\/wp-content\/grand-media\/image\/581154191_18070812149523484_8652355233747100024_n.jpg\" alt=\"581154191 18070812149523484 8652355233747100024 N\"\/><\/a>\r\n                                    <div class=\"gmPhantom_ThumbLabel\"><span class=\"gmPhantom_ThumbLabel_title\">581154191 18070812149523484 8652355233747100024 N<\/span><\/div>\r\n                                    <div style=\"display:none;\" class=\"gmPhantom_Details\">\r\n                                            <div class=\"gmPhantom_description\">\r\n                            <div class=\"gmPhantom_title\">581154191 18070812149523484 8652355233747100024 N<\/div>\r\n                            <div class=\"gmPhantom_text\"><\/div>\r\n                        <\/div>\r\n                                                            <div class=\"gmPhantom_terms\">\r\n                                                    <div class=\"gmPhantom_other_terms\">\r\n                                <table class=\"gmPhantom_other_terms_table\">\r\n                                                                            <tr class=\"gmPhantom_term_row_album\">\r\n                                            <td class=\"gmPhantom_term_key\">Album<\/td>\r\n                                            <td class=\"gmPhantom_term_value\"><a href=\"\/index.php\/wp-json\/wp\/v2\/posts\/21556?gm304[album__in]=304\" class=\"gmPhantom_alb\">proini-semana-ciencia-2025<\/a><\/td>\r\n                                        <\/tr>\r\n                                                                    <\/table>\r\n                            <\/div>\r\n                                                <\/div>\r\n                <\/div>\r\n                <\/div>            <div class=\"gmPhantom_ThumbContainer gmPhantom_ThumbLoader\" data-id=\"5269\" data-post_id=\"21561\" data-ratio=\"1.7766666666667\" data-type=\"image\" data-ext=\"jpg\" data-views=\"16\" data-likes=\"0\" data-cc=\"0\" data-post_link=\"https:\/\/www.fica.unsl.edu.ar\/index.php\/gmedia\/581052165_18070812113523484_4449101102221625915_n-jpg\/\">\r\n                <a href=\"https:\/\/www.fica.unsl.edu.ar\/wp-content\/grand-media\/image\/581052165_18070812113523484_4449101102221625915_n.jpg\" class=\"gmPhantom_Thumb\"><img decoding=\"async\" src=\"https:\/\/www.fica.unsl.edu.ar\/wp-content\/grand-media\/image\/thumb\/581052165_18070812113523484_4449101102221625915_n.jpg\" data-src=\"https:\/\/www.fica.unsl.edu.ar\/wp-content\/grand-media\/image\/581052165_18070812113523484_4449101102221625915_n.jpg\" alt=\"581052165 18070812113523484 4449101102221625915 N\"\/><\/a>\r\n                                    <div class=\"gmPhantom_ThumbLabel\"><span class=\"gmPhantom_ThumbLabel_title\">581052165 18070812113523484 4449101102221625915 N<\/span><\/div>\r\n                                    <div style=\"display:none;\" class=\"gmPhantom_Details\">\r\n                                            <div class=\"gmPhantom_description\">\r\n                            <div class=\"gmPhantom_title\">581052165 18070812113523484 4449101102221625915 N<\/div>\r\n                            <div class=\"gmPhantom_text\"><\/div>\r\n                        <\/div>\r\n                                                            <div class=\"gmPhantom_terms\">\r\n                                                    <div class=\"gmPhantom_other_terms\">\r\n                                <table class=\"gmPhantom_other_terms_table\">\r\n                                                                            <tr class=\"gmPhantom_term_row_album\">\r\n                                            <td class=\"gmPhantom_term_key\">Album<\/td>\r\n                                            <td class=\"gmPhantom_term_value\"><a href=\"\/index.php\/wp-json\/wp\/v2\/posts\/21556?gm304[album__in]=304\" class=\"gmPhantom_alb\">proini-semana-ciencia-2025<\/a><\/td>\r\n                                        <\/tr>\r\n                                                                    <\/table>\r\n                            <\/div>\r\n                                                <\/div>\r\n                <\/div>\r\n                <\/div>        <\/div>\r\n    <\/div>\r\n<\/div><\/p>\n<p data-start=\"1753\" data-end=\"2404\">En la jornada de cierre, se presentaron los <strong data-start=\"1797\" data-end=\"1840\">Proyectos Federales de Innovaci\u00f3n (PFI)<\/strong>. La <strong data-start=\"1847\" data-end=\"1869\">Dra. Myriam Grzona<\/strong> expuso sobre <em data-start=\"1883\" data-end=\"2008\">\u201cDesarrollo de bebidas funcionales para el crecimiento sostenible de una cooperativa del norte de la provincia de San Luis\u201d<\/em>, y la <strong data-start=\"2015\" data-end=\"2039\">Ing. Silvina Saibene<\/strong> present\u00f3 <em data-start=\"2049\" data-end=\"2160\">\u201cLaboratorio ReDIT VM (Red de desarrollo e innovaci\u00f3n del territorio de Villa Mercedes y zona de influencia)\u201d<\/em>.<\/p>\n<p data-start=\"1753\" data-end=\"2404\">La convocatoria promueve la <strong data-start=\"2192\" data-end=\"2243\">descentralizaci\u00f3n de la ciencia y la tecnolog\u00eda<\/strong>, fomentando una cultura innovadora e inclusiva en todo el territorio nacional, en l\u00ednea con los <strong data-start=\"2340\" data-end=\"2384\">Objetivos de Desarrollo Sostenible (ODS)<\/strong> de la <strong data-start=\"2391\" data-end=\"2401\">UNESCO<\/strong>.<\/p>\n<p data-start=\"1753\" data-end=\"2404\"><div class=\"gmedia_gallery phantom_module is_bot\" id=\"GmediaGallery_305\" data-gmid=\"305\" data-module=\"phantom\">    <div class=\"gmPhantom_Container noLightbox\" >\r\n                <div class=\"gmPhantom_thumbsWrapper gmPhantom_ThumbScale gmPhantom_LabelHover\">\r\n                        <div class=\"gmPhantom_ThumbContainer gmPhantom_ThumbLoader\" data-id=\"5275\" data-post_id=\"21568\" data-ratio=\"1.5933333333333\" data-type=\"image\" data-ext=\"jpg\" data-views=\"16\" data-likes=\"0\" data-cc=\"0\" data-post_link=\"https:\/\/www.fica.unsl.edu.ar\/index.php\/gmedia\/579686946_18162184942376617_3932321087008651237_n-jpg\/\">\r\n                <a href=\"https:\/\/www.fica.unsl.edu.ar\/wp-content\/grand-media\/image\/579686946_18162184942376617_3932321087008651237_n.jpg\" class=\"gmPhantom_Thumb\"><img decoding=\"async\" src=\"https:\/\/www.fica.unsl.edu.ar\/wp-content\/grand-media\/image\/thumb\/579686946_18162184942376617_3932321087008651237_n.jpg\" data-src=\"https:\/\/www.fica.unsl.edu.ar\/wp-content\/grand-media\/image\/579686946_18162184942376617_3932321087008651237_n.jpg\" alt=\"579686946 18162184942376617 3932321087008651237 N\"\/><\/a>\r\n                                    <div class=\"gmPhantom_ThumbLabel\"><span class=\"gmPhantom_ThumbLabel_title\">579686946 18162184942376617 3932321087008651237 N<\/span><\/div>\r\n                                    <div style=\"display:none;\" class=\"gmPhantom_Details\">\r\n                                            <div class=\"gmPhantom_description\">\r\n                            <div class=\"gmPhantom_title\">579686946 18162184942376617 3932321087008651237 N<\/div>\r\n                            <div class=\"gmPhantom_text\"><\/div>\r\n                        <\/div>\r\n                                                            <div class=\"gmPhantom_terms\">\r\n                                                    <div class=\"gmPhantom_other_terms\">\r\n                                <table class=\"gmPhantom_other_terms_table\">\r\n                                                                            <tr class=\"gmPhantom_term_row_album\">\r\n                                            <td class=\"gmPhantom_term_key\">Album<\/td>\r\n                                            <td class=\"gmPhantom_term_value\"><a href=\"\/index.php\/wp-json\/wp\/v2\/posts\/21556?gm305[album__in]=305\" class=\"gmPhantom_alb\">PFI-semana-ciencia-2025<\/a><\/td>\r\n                                        <\/tr>\r\n                                                                    <\/table>\r\n                            <\/div>\r\n                                                <\/div>\r\n                <\/div>\r\n                <\/div>            <div class=\"gmPhantom_ThumbContainer gmPhantom_ThumbLoader\" data-id=\"5274\" data-post_id=\"21567\" data-ratio=\"1.5933333333333\" data-type=\"image\" data-ext=\"jpg\" data-views=\"12\" data-likes=\"0\" data-cc=\"0\" data-post_link=\"https:\/\/www.fica.unsl.edu.ar\/index.php\/gmedia\/581223070_18162184897376617_3298325359880392543_n-jpg\/\">\r\n                <a href=\"https:\/\/www.fica.unsl.edu.ar\/wp-content\/grand-media\/image\/581223070_18162184897376617_3298325359880392543_n.jpg\" class=\"gmPhantom_Thumb\"><img decoding=\"async\" src=\"https:\/\/www.fica.unsl.edu.ar\/wp-content\/grand-media\/image\/thumb\/581223070_18162184897376617_3298325359880392543_n.jpg\" data-src=\"https:\/\/www.fica.unsl.edu.ar\/wp-content\/grand-media\/image\/581223070_18162184897376617_3298325359880392543_n.jpg\" alt=\"581223070 18162184897376617 3298325359880392543 N\"\/><\/a>\r\n                                    <div class=\"gmPhantom_ThumbLabel\"><span class=\"gmPhantom_ThumbLabel_title\">581223070 18162184897376617 3298325359880392543 N<\/span><\/div>\r\n                                    <div style=\"display:none;\" class=\"gmPhantom_Details\">\r\n                                            <div class=\"gmPhantom_description\">\r\n                            <div class=\"gmPhantom_title\">581223070 18162184897376617 3298325359880392543 N<\/div>\r\n                            <div class=\"gmPhantom_text\"><\/div>\r\n                        <\/div>\r\n                                                            <div class=\"gmPhantom_terms\">\r\n                                                    <div class=\"gmPhantom_other_terms\">\r\n                                <table class=\"gmPhantom_other_terms_table\">\r\n                                                                            <tr class=\"gmPhantom_term_row_album\">\r\n                                            <td class=\"gmPhantom_term_key\">Album<\/td>\r\n                                            <td class=\"gmPhantom_term_value\"><a href=\"\/index.php\/wp-json\/wp\/v2\/posts\/21556?gm305[album__in]=305\" class=\"gmPhantom_alb\">PFI-semana-ciencia-2025<\/a><\/td>\r\n                                        <\/tr>\r\n                                                                    <\/table>\r\n                            <\/div>\r\n                                                <\/div>\r\n                <\/div>\r\n                <\/div>        <\/div>\r\n    <\/div>\r\n<\/div><\/p>\n","protected":false},"excerpt":{"rendered":"<p>Docentes investigadores de la Facultad de Ingenier\u00eda y Ciencias Agropecuarias (FICA) participaron de las \u201cJornadas I+D+i: Construyendo soberan\u00eda desde el conocimiento y la innovaci\u00f3n\u201d, desarrolladas&hellip;<\/p>\n","protected":false},"author":9,"featured_media":21559,"comment_status":"closed","ping_status":"closed","sticky":false,"template":"","format":"standard","meta":{"_monsterinsights_skip_tracking":false,"_monsterinsights_sitenote_active":false,"_monsterinsights_sitenote_note":"","_monsterinsights_sitenote_category":0,"_joinchat":[],"footnotes":""},"categories":[19],"tags":[],"class_list":["post-21556","post","type-post","status-publish","format-standard","has-post-thumbnail","hentry","category-noticias"],"yoast_head":"<!-- This site is optimized with the Yoast SEO plugin v27.4 - https:\/\/yoast.com\/product\/yoast-seo-wordpress\/ -->\n<title>Docentes Investigadores de la FICA participaron en las Jornadas I+D+i en San Luis - Facultad de Ingenier\u00eda y Ciencias Agropecuarias<\/title>\n<meta name=\"robots\" content=\"index, follow, max-snippet:-1, max-image-preview:large, max-video-preview:-1\" \/>\n<link rel=\"canonical\" href=\"https:\/\/www.fica.unsl.edu.ar\/index.php\/docentes-investigadores-de-la-fica-participaron-en-las-jornadas-idi-en-san-luis\/\" \/>\n<meta property=\"og:locale\" content=\"es_ES\" \/>\n<meta property=\"og:type\" content=\"article\" \/>\n<meta property=\"og:title\" content=\"Docentes Investigadores de la FICA participaron en las Jornadas I+D+i en San Luis - Facultad de Ingenier\u00eda y Ciencias Agropecuarias\" \/>\n<meta property=\"og:description\" content=\"Docentes investigadores de la Facultad de Ingenier\u00eda y Ciencias Agropecuarias (FICA) participaron de las \u201cJornadas I+D+i: Construyendo soberan\u00eda desde el conocimiento y la innovaci\u00f3n\u201d, desarrolladas&hellip;\" \/>\n<meta property=\"og:url\" content=\"https:\/\/www.fica.unsl.edu.ar\/index.php\/docentes-investigadores-de-la-fica-participaron-en-las-jornadas-idi-en-san-luis\/\" \/>\n<meta property=\"og:site_name\" content=\"Facultad de Ingenier\u00eda y Ciencias Agropecuarias\" \/>\n<meta property=\"article:publisher\" content=\"https:\/\/www.facebook.com\/FICA.UNSL\/\" \/>\n<meta property=\"article:published_time\" content=\"2025-11-12T15:46:58+00:00\" \/>\n<meta property=\"article:modified_time\" content=\"2025-12-02T14:25:53+00:00\" \/>\n<meta property=\"og:image\" content=\"https:\/\/www.fica.unsl.edu.ar\/wp-content\/uploads\/2025\/11\/semana-de-la-ciencia-front.jpg\" \/>\n\t<meta property=\"og:image:width\" content=\"1061\" \/>\n\t<meta property=\"og:image:height\" content=\"585\" \/>\n\t<meta property=\"og:image:type\" content=\"image\/jpeg\" \/>\n<meta name=\"author\" content=\"DATI\" \/>\n<meta name=\"twitter:card\" content=\"summary_large_image\" \/>\n<meta name=\"twitter:creator\" content=\"@FICAUNSL\" \/>\n<meta name=\"twitter:site\" content=\"@FICAUNSL\" \/>\n<meta name=\"twitter:label1\" content=\"Escrito por\" \/>\n\t<meta name=\"twitter:data1\" content=\"DATI\" \/>\n\t<meta name=\"twitter:label2\" content=\"Tiempo de lectura\" \/>\n\t<meta name=\"twitter:data2\" content=\"2 minutos\" \/>\n<script type=\"application\/ld+json\" class=\"yoast-schema-graph\">{\"@context\":\"https:\\\/\\\/schema.org\",\"@graph\":[{\"@type\":\"Article\",\"@id\":\"https:\\\/\\\/www.fica.unsl.edu.ar\\\/index.php\\\/docentes-investigadores-de-la-fica-participaron-en-las-jornadas-idi-en-san-luis\\\/#article\",\"isPartOf\":{\"@id\":\"https:\\\/\\\/www.fica.unsl.edu.ar\\\/index.php\\\/docentes-investigadores-de-la-fica-participaron-en-las-jornadas-idi-en-san-luis\\\/\"},\"author\":{\"name\":\"DATI\",\"@id\":\"https:\\\/\\\/www.fica.unsl.edu.ar\\\/#\\\/schema\\\/person\\\/6058f9c66301868d3a691b1f5d6c3544\"},\"headline\":\"Docentes Investigadores de la FICA participaron en las Jornadas I+D+i en San Luis\",\"datePublished\":\"2025-11-12T15:46:58+00:00\",\"dateModified\":\"2025-12-02T14:25:53+00:00\",\"mainEntityOfPage\":{\"@id\":\"https:\\\/\\\/www.fica.unsl.edu.ar\\\/index.php\\\/docentes-investigadores-de-la-fica-participaron-en-las-jornadas-idi-en-san-luis\\\/\"},\"wordCount\":354,\"publisher\":{\"@id\":\"https:\\\/\\\/www.fica.unsl.edu.ar\\\/#organization\"},\"image\":{\"@id\":\"https:\\\/\\\/www.fica.unsl.edu.ar\\\/index.php\\\/docentes-investigadores-de-la-fica-participaron-en-las-jornadas-idi-en-san-luis\\\/#primaryimage\"},\"thumbnailUrl\":\"https:\\\/\\\/www.fica.unsl.edu.ar\\\/wp-content\\\/uploads\\\/2025\\\/11\\\/semana-de-la-ciencia-front.jpg\",\"articleSection\":[\"Noticias\"],\"inLanguage\":\"es-AR\"},{\"@type\":\"WebPage\",\"@id\":\"https:\\\/\\\/www.fica.unsl.edu.ar\\\/index.php\\\/docentes-investigadores-de-la-fica-participaron-en-las-jornadas-idi-en-san-luis\\\/\",\"url\":\"https:\\\/\\\/www.fica.unsl.edu.ar\\\/index.php\\\/docentes-investigadores-de-la-fica-participaron-en-las-jornadas-idi-en-san-luis\\\/\",\"name\":\"Docentes Investigadores de la FICA participaron en las Jornadas I+D+i en San Luis - Facultad de Ingenier\u00eda y Ciencias Agropecuarias\",\"isPartOf\":{\"@id\":\"https:\\\/\\\/www.fica.unsl.edu.ar\\\/#website\"},\"primaryImageOfPage\":{\"@id\":\"https:\\\/\\\/www.fica.unsl.edu.ar\\\/index.php\\\/docentes-investigadores-de-la-fica-participaron-en-las-jornadas-idi-en-san-luis\\\/#primaryimage\"},\"image\":{\"@id\":\"https:\\\/\\\/www.fica.unsl.edu.ar\\\/index.php\\\/docentes-investigadores-de-la-fica-participaron-en-las-jornadas-idi-en-san-luis\\\/#primaryimage\"},\"thumbnailUrl\":\"https:\\\/\\\/www.fica.unsl.edu.ar\\\/wp-content\\\/uploads\\\/2025\\\/11\\\/semana-de-la-ciencia-front.jpg\",\"datePublished\":\"2025-11-12T15:46:58+00:00\",\"dateModified\":\"2025-12-02T14:25:53+00:00\",\"inLanguage\":\"es-AR\",\"potentialAction\":[{\"@type\":\"ReadAction\",\"target\":[\"https:\\\/\\\/www.fica.unsl.edu.ar\\\/index.php\\\/docentes-investigadores-de-la-fica-participaron-en-las-jornadas-idi-en-san-luis\\\/\"]}]},{\"@type\":\"ImageObject\",\"inLanguage\":\"es-AR\",\"@id\":\"https:\\\/\\\/www.fica.unsl.edu.ar\\\/index.php\\\/docentes-investigadores-de-la-fica-participaron-en-las-jornadas-idi-en-san-luis\\\/#primaryimage\",\"url\":\"https:\\\/\\\/www.fica.unsl.edu.ar\\\/wp-content\\\/uploads\\\/2025\\\/11\\\/semana-de-la-ciencia-front.jpg\",\"contentUrl\":\"https:\\\/\\\/www.fica.unsl.edu.ar\\\/wp-content\\\/uploads\\\/2025\\\/11\\\/semana-de-la-ciencia-front.jpg\",\"width\":1061,\"height\":585},{\"@type\":\"WebSite\",\"@id\":\"https:\\\/\\\/www.fica.unsl.edu.ar\\\/#website\",\"url\":\"https:\\\/\\\/www.fica.unsl.edu.ar\\\/\",\"name\":\"Facultad de Ingenier\u00eda y Ciencias Agropecuarias\",\"description\":\"\",\"publisher\":{\"@id\":\"https:\\\/\\\/www.fica.unsl.edu.ar\\\/#organization\"},\"potentialAction\":[{\"@type\":\"SearchAction\",\"target\":{\"@type\":\"EntryPoint\",\"urlTemplate\":\"https:\\\/\\\/www.fica.unsl.edu.ar\\\/?s={search_term_string}\"},\"query-input\":{\"@type\":\"PropertyValueSpecification\",\"valueRequired\":true,\"valueName\":\"search_term_string\"}}],\"inLanguage\":\"es-AR\"},{\"@type\":\"Organization\",\"@id\":\"https:\\\/\\\/www.fica.unsl.edu.ar\\\/#organization\",\"name\":\"Facultad de Ingenier\u00eda y Ciencias Agropecuarias\",\"url\":\"https:\\\/\\\/www.fica.unsl.edu.ar\\\/\",\"logo\":{\"@type\":\"ImageObject\",\"inLanguage\":\"es-AR\",\"@id\":\"https:\\\/\\\/www.fica.unsl.edu.ar\\\/#\\\/schema\\\/logo\\\/image\\\/\",\"url\":\"https:\\\/\\\/www.fica.unsl.edu.ar\\\/wp-content\\\/uploads\\\/2021\\\/03\\\/LOGO-1.jpg\",\"contentUrl\":\"https:\\\/\\\/www.fica.unsl.edu.ar\\\/wp-content\\\/uploads\\\/2021\\\/03\\\/LOGO-1.jpg\",\"width\":463,\"height\":145,\"caption\":\"Facultad de Ingenier\u00eda y Ciencias Agropecuarias\"},\"image\":{\"@id\":\"https:\\\/\\\/www.fica.unsl.edu.ar\\\/#\\\/schema\\\/logo\\\/image\\\/\"},\"sameAs\":[\"https:\\\/\\\/www.facebook.com\\\/FICA.UNSL\\\/\",\"https:\\\/\\\/x.com\\\/FICAUNSL\",\"https:\\\/\\\/www.instagram.com\\\/fica.unsl\\\/\",\"https:\\\/\\\/www.youtube.com\\\/channel\\\/UCs2MM53gb2PyBrMySdtWZDQ\"]},{\"@type\":\"Person\",\"@id\":\"https:\\\/\\\/www.fica.unsl.edu.ar\\\/#\\\/schema\\\/person\\\/6058f9c66301868d3a691b1f5d6c3544\",\"name\":\"DATI\"}]}<\/script>\n<!-- \/ Yoast SEO plugin. -->","yoast_head_json":{"title":"Docentes Investigadores de la FICA participaron en las Jornadas I+D+i en San Luis - Facultad de Ingenier\u00eda y Ciencias Agropecuarias","robots":{"index":"index","follow":"follow","max-snippet":"max-snippet:-1","max-image-preview":"max-image-preview:large","max-video-preview":"max-video-preview:-1"},"canonical":"https:\/\/www.fica.unsl.edu.ar\/index.php\/docentes-investigadores-de-la-fica-participaron-en-las-jornadas-idi-en-san-luis\/","og_locale":"es_ES","og_type":"article","og_title":"Docentes Investigadores de la FICA participaron en las Jornadas I+D+i en San Luis - Facultad de Ingenier\u00eda y Ciencias Agropecuarias","og_description":"Docentes investigadores de la Facultad de Ingenier\u00eda y Ciencias Agropecuarias (FICA) participaron de las \u201cJornadas I+D+i: Construyendo soberan\u00eda desde el conocimiento y la innovaci\u00f3n\u201d, desarrolladas&hellip;","og_url":"https:\/\/www.fica.unsl.edu.ar\/index.php\/docentes-investigadores-de-la-fica-participaron-en-las-jornadas-idi-en-san-luis\/","og_site_name":"Facultad de Ingenier\u00eda y Ciencias Agropecuarias","article_publisher":"https:\/\/www.facebook.com\/FICA.UNSL\/","article_published_time":"2025-11-12T15:46:58+00:00","article_modified_time":"2025-12-02T14:25:53+00:00","og_image":[{"width":1061,"height":585,"url":"https:\/\/www.fica.unsl.edu.ar\/wp-content\/uploads\/2025\/11\/semana-de-la-ciencia-front.jpg","type":"image\/jpeg"}],"author":"DATI","twitter_card":"summary_large_image","twitter_creator":"@FICAUNSL","twitter_site":"@FICAUNSL","twitter_misc":{"Escrito por":"DATI","Tiempo de lectura":"2 minutos"},"schema":{"@context":"https:\/\/schema.org","@graph":[{"@type":"Article","@id":"https:\/\/www.fica.unsl.edu.ar\/index.php\/docentes-investigadores-de-la-fica-participaron-en-las-jornadas-idi-en-san-luis\/#article","isPartOf":{"@id":"https:\/\/www.fica.unsl.edu.ar\/index.php\/docentes-investigadores-de-la-fica-participaron-en-las-jornadas-idi-en-san-luis\/"},"author":{"name":"DATI","@id":"https:\/\/www.fica.unsl.edu.ar\/#\/schema\/person\/6058f9c66301868d3a691b1f5d6c3544"},"headline":"Docentes Investigadores de la FICA participaron en las Jornadas I+D+i en San Luis","datePublished":"2025-11-12T15:46:58+00:00","dateModified":"2025-12-02T14:25:53+00:00","mainEntityOfPage":{"@id":"https:\/\/www.fica.unsl.edu.ar\/index.php\/docentes-investigadores-de-la-fica-participaron-en-las-jornadas-idi-en-san-luis\/"},"wordCount":354,"publisher":{"@id":"https:\/\/www.fica.unsl.edu.ar\/#organization"},"image":{"@id":"https:\/\/www.fica.unsl.edu.ar\/index.php\/docentes-investigadores-de-la-fica-participaron-en-las-jornadas-idi-en-san-luis\/#primaryimage"},"thumbnailUrl":"https:\/\/www.fica.unsl.edu.ar\/wp-content\/uploads\/2025\/11\/semana-de-la-ciencia-front.jpg","articleSection":["Noticias"],"inLanguage":"es-AR"},{"@type":"WebPage","@id":"https:\/\/www.fica.unsl.edu.ar\/index.php\/docentes-investigadores-de-la-fica-participaron-en-las-jornadas-idi-en-san-luis\/","url":"https:\/\/www.fica.unsl.edu.ar\/index.php\/docentes-investigadores-de-la-fica-participaron-en-las-jornadas-idi-en-san-luis\/","name":"Docentes Investigadores de la FICA participaron en las Jornadas I+D+i en San Luis - Facultad de Ingenier\u00eda y Ciencias Agropecuarias","isPartOf":{"@id":"https:\/\/www.fica.unsl.edu.ar\/#website"},"primaryImageOfPage":{"@id":"https:\/\/www.fica.unsl.edu.ar\/index.php\/docentes-investigadores-de-la-fica-participaron-en-las-jornadas-idi-en-san-luis\/#primaryimage"},"image":{"@id":"https:\/\/www.fica.unsl.edu.ar\/index.php\/docentes-investigadores-de-la-fica-participaron-en-las-jornadas-idi-en-san-luis\/#primaryimage"},"thumbnailUrl":"https:\/\/www.fica.unsl.edu.ar\/wp-content\/uploads\/2025\/11\/semana-de-la-ciencia-front.jpg","datePublished":"2025-11-12T15:46:58+00:00","dateModified":"2025-12-02T14:25:53+00:00","inLanguage":"es-AR","potentialAction":[{"@type":"ReadAction","target":["https:\/\/www.fica.unsl.edu.ar\/index.php\/docentes-investigadores-de-la-fica-participaron-en-las-jornadas-idi-en-san-luis\/"]}]},{"@type":"ImageObject","inLanguage":"es-AR","@id":"https:\/\/www.fica.unsl.edu.ar\/index.php\/docentes-investigadores-de-la-fica-participaron-en-las-jornadas-idi-en-san-luis\/#primaryimage","url":"https:\/\/www.fica.unsl.edu.ar\/wp-content\/uploads\/2025\/11\/semana-de-la-ciencia-front.jpg","contentUrl":"https:\/\/www.fica.unsl.edu.ar\/wp-content\/uploads\/2025\/11\/semana-de-la-ciencia-front.jpg","width":1061,"height":585},{"@type":"WebSite","@id":"https:\/\/www.fica.unsl.edu.ar\/#website","url":"https:\/\/www.fica.unsl.edu.ar\/","name":"Facultad de Ingenier\u00eda y Ciencias Agropecuarias","description":"","publisher":{"@id":"https:\/\/www.fica.unsl.edu.ar\/#organization"},"potentialAction":[{"@type":"SearchAction","target":{"@type":"EntryPoint","urlTemplate":"https:\/\/www.fica.unsl.edu.ar\/?s={search_term_string}"},"query-input":{"@type":"PropertyValueSpecification","valueRequired":true,"valueName":"search_term_string"}}],"inLanguage":"es-AR"},{"@type":"Organization","@id":"https:\/\/www.fica.unsl.edu.ar\/#organization","name":"Facultad de Ingenier\u00eda y Ciencias Agropecuarias","url":"https:\/\/www.fica.unsl.edu.ar\/","logo":{"@type":"ImageObject","inLanguage":"es-AR","@id":"https:\/\/www.fica.unsl.edu.ar\/#\/schema\/logo\/image\/","url":"https:\/\/www.fica.unsl.edu.ar\/wp-content\/uploads\/2021\/03\/LOGO-1.jpg","contentUrl":"https:\/\/www.fica.unsl.edu.ar\/wp-content\/uploads\/2021\/03\/LOGO-1.jpg","width":463,"height":145,"caption":"Facultad de Ingenier\u00eda y Ciencias Agropecuarias"},"image":{"@id":"https:\/\/www.fica.unsl.edu.ar\/#\/schema\/logo\/image\/"},"sameAs":["https:\/\/www.facebook.com\/FICA.UNSL\/","https:\/\/x.com\/FICAUNSL","https:\/\/www.instagram.com\/fica.unsl\/","https:\/\/www.youtube.com\/channel\/UCs2MM53gb2PyBrMySdtWZDQ"]},{"@type":"Person","@id":"https:\/\/www.fica.unsl.edu.ar\/#\/schema\/person\/6058f9c66301868d3a691b1f5d6c3544","name":"DATI"}]}},"_links":{"self":[{"href":"https:\/\/www.fica.unsl.edu.ar\/index.php\/wp-json\/wp\/v2\/posts\/21556","targetHints":{"allow":["GET"]}}],"collection":[{"href":"https:\/\/www.fica.unsl.edu.ar\/index.php\/wp-json\/wp\/v2\/posts"}],"about":[{"href":"https:\/\/www.fica.unsl.edu.ar\/index.php\/wp-json\/wp\/v2\/types\/post"}],"author":[{"embeddable":true,"href":"https:\/\/www.fica.unsl.edu.ar\/index.php\/wp-json\/wp\/v2\/users\/9"}],"replies":[{"embeddable":true,"href":"https:\/\/www.fica.unsl.edu.ar\/index.php\/wp-json\/wp\/v2\/comments?post=21556"}],"version-history":[{"count":3,"href":"https:\/\/www.fica.unsl.edu.ar\/index.php\/wp-json\/wp\/v2\/posts\/21556\/revisions"}],"predecessor-version":[{"id":21569,"href":"https:\/\/www.fica.unsl.edu.ar\/index.php\/wp-json\/wp\/v2\/posts\/21556\/revisions\/21569"}],"wp:featuredmedia":[{"embeddable":true,"href":"https:\/\/www.fica.unsl.edu.ar\/index.php\/wp-json\/wp\/v2\/media\/21559"}],"wp:attachment":[{"href":"https:\/\/www.fica.unsl.edu.ar\/index.php\/wp-json\/wp\/v2\/media?parent=21556"}],"wp:term":[{"taxonomy":"category","embeddable":true,"href":"https:\/\/www.fica.unsl.edu.ar\/index.php\/wp-json\/wp\/v2\/categories?post=21556"},{"taxonomy":"post_tag","embeddable":true,"href":"https:\/\/www.fica.unsl.edu.ar\/index.php\/wp-json\/wp\/v2\/tags?post=21556"}],"curies":[{"name":"wp","href":"https:\/\/api.w.org\/{rel}","templated":true}]}}