{"id":21570,"date":"2025-11-13T11:11:39","date_gmt":"2025-11-13T14:11:39","guid":{"rendered":"https:\/\/www.fica.unsl.edu.ar\/?p=21570"},"modified":"2025-12-02T11:25:26","modified_gmt":"2025-12-02T14:25:26","slug":"jornadas-de-mejora-continua-y-logistica-en-la-fica","status":"publish","type":"post","link":"https:\/\/www.fica.unsl.edu.ar\/index.php\/jornadas-de-mejora-continua-y-logistica-en-la-fica\/","title":{"rendered":"Jornadas de Mejora Continua y Log\u00edstica en la FICA"},"content":{"rendered":"<p data-start=\"205\" data-end=\"533\">La <strong data-start=\"208\" data-end=\"235\">Secretar\u00eda de Extensi\u00f3n<\/strong>, junto al <strong data-start=\"246\" data-end=\"304\">Grupo de Servicios de Tecnolog\u00edas de Gesti\u00f3n Aplicadas<\/strong> de la <strong data-start=\"311\" data-end=\"369\">FICA<\/strong>, invita a participar de las <strong data-start=\"398\" data-end=\"441\">Jornadas de Mejora Continua y Log\u00edstica<\/strong>, que se llevar\u00e1n a cabo los d\u00edas <strong data-start=\"475\" data-end=\"499\">17 y 18 de noviembre<\/strong> en el <strong data-start=\"506\" data-end=\"530\">Campus Universitario<\/strong>.<\/p>\n<p data-start=\"540\" data-end=\"887\">La actividad est\u00e1 dirigida a <strong data-start=\"569\" data-end=\"643\">estudiantes de los a\u00f1os superiores de todas las ingenier\u00edas de la FICA<\/strong>, <strong data-start=\"645\" data-end=\"696\">personal de operaciones de industrias del medio<\/strong> y <strong data-start=\"699\" data-end=\"721\">p\u00fablico en general<\/strong>, interesado c\u00f3mo la metodolog\u00eda Kanban, una aplicaci\u00f3n del Kaizen, puede transformar la eficiencia en la gesti\u00f3n de la log\u00edstica interna.<\/p>\n<p data-start=\"894\" data-end=\"1073\">Quienes deseen participar deber\u00e1n <strong data-start=\"928\" data-end=\"955\">inscribirse previamente<\/strong> completando el siguiente formulario:<\/p>\n<h3 style=\"text-align: center;\" data-start=\"894\" data-end=\"1073\"><strong><span style=\"color: #0000ff;\"><a style=\"color: #0000ff;\" href=\"https:\/\/forms.gle\/G4whuhmyJr3tH3QK9\" target=\"_blank\" rel=\"noopener\">INSCRIPCIONES<\/a><\/span><\/strong><\/h3>\n<p data-start=\"2034\" data-end=\"2062\"><strong data-start=\"2034\" data-end=\"2060\">Cronograma de dictado:<\/strong><\/p>\n<ul data-start=\"2065\" data-end=\"2226\">\n<li data-start=\"2065\" data-end=\"2108\">\n<p data-start=\"2067\" data-end=\"2108\"><strong data-start=\"2067\" data-end=\"2082\">Lunes 17\/11<\/strong> \u2013 Aula 12, de 9 a 13 h.<\/p>\n<\/li>\n<li data-start=\"2111\" data-end=\"2222\">\n<p data-start=\"2113\" data-end=\"2222\"><strong data-start=\"2113\" data-end=\"2129\">Martes 18\/11<\/strong> \u2013 Aula 8, de 9 a 13 h.<\/p>\n<\/li>\n<\/ul>\n<p data-start=\"1080\" data-end=\"1409\">En el contexto industrial actual, la <strong data-start=\"1117\" data-end=\"1149\">log\u00edstica de las operaciones<\/strong> debe adaptarse con rapidez a los cambios de una demanda que, aunque fluctuante, presenta un alto dinamismo en sus necesidades. Ya no es posible concebir organizaciones que basen su eficiencia \u00fanicamente en <strong data-start=\"1356\" data-end=\"1406\">grandes lotes de producci\u00f3n, despacho o compra<\/strong>.<\/p>\n<p data-start=\"1416\" data-end=\"1693\">La herramienta <strong data-start=\"1431\" data-end=\"1441\">Kanban<\/strong>, desarrollada por <strong data-start=\"1460\" data-end=\"1470\">Toyota<\/strong>, ofrece una <strong data-start=\"1483\" data-end=\"1516\">respuesta sencilla y pr\u00e1ctica<\/strong> a este desaf\u00edo, permitiendo que cualquier integrante de la organizaci\u00f3n pueda comprenderla e implementarla, colocando la <strong data-start=\"1638\" data-end=\"1664\">flexibilidad operativa<\/strong> en el coraz\u00f3n del negocio.<\/p>\n<p data-start=\"1700\" data-end=\"2027\">La aproximaci\u00f3n a esta metodolog\u00eda desde una <strong data-start=\"1745\" data-end=\"1764\">din\u00e1mica l\u00fadica<\/strong>, mediante el uso del juego <em data-start=\"1792\" data-end=\"1813\">\u201cKanban Portezuelo\u201d<\/em> desarrollado por <strong data-start=\"1831\" data-end=\"1839\">INTI<\/strong>, permitir\u00e1 a los asistentes comprender de forma vivencial las ventajas de su aplicaci\u00f3n y observar c\u00f3mo los <strong data-start=\"1948\" data-end=\"2002\">flujos productivos se optimizan significativamente<\/strong> con su implementaci\u00f3n.<\/p>\n<ul data-start=\"2065\" data-end=\"2226\">\n<li data-start=\"2111\" data-end=\"2222\">\n<p data-start=\"2113\" data-end=\"2222\">\n<\/li>\n<\/ul>\n<p data-start=\"2229\" data-end=\"2250\"><strong data-start=\"2229\" data-end=\"2248\">Equipo docente:<\/strong><\/p>\n<ul data-start=\"2253\" data-end=\"2378\">\n<li data-start=\"2253\" data-end=\"2282\">\n<p data-start=\"2255\" data-end=\"2282\">Ing. Mar\u00eda Paula Crucella<\/p>\n<\/li>\n<li data-start=\"2285\" data-end=\"2319\">\n<p data-start=\"2287\" data-end=\"2319\">Ing. Juan Pablo Quiroga Lucero<\/p>\n<\/li>\n<li data-start=\"2322\" data-end=\"2346\">\n<p data-start=\"2324\" data-end=\"2346\">Ing. Leandro Priotti<\/p>\n<\/li>\n<li data-start=\"2349\" data-end=\"2378\">\n<p data-start=\"2351\" data-end=\"2378\">Ing. Facundo Miguel Monti<\/p>\n<\/li>\n<\/ul>\n","protected":false},"excerpt":{"rendered":"<p>La Secretar\u00eda de Extensi\u00f3n, junto al Grupo de Servicios de Tecnolog\u00edas de Gesti\u00f3n Aplicadas de la FICA, invita a participar de las Jornadas de Mejora&hellip;<\/p>\n","protected":false},"author":9,"featured_media":21571,"comment_status":"closed","ping_status":"closed","sticky":false,"template":"","format":"standard","meta":{"_monsterinsights_skip_tracking":false,"_monsterinsights_sitenote_active":false,"_monsterinsights_sitenote_note":"","_monsterinsights_sitenote_category":0,"_joinchat":[],"footnotes":""},"categories":[19],"tags":[],"class_list":["post-21570","post","type-post","status-publish","format-standard","has-post-thumbnail","hentry","category-noticias"],"yoast_head":"<!-- This site is optimized with the Yoast SEO plugin v27.4 - https:\/\/yoast.com\/product\/yoast-seo-wordpress\/ -->\n<title>Jornadas de Mejora Continua y Log\u00edstica en la FICA - Facultad de Ingenier\u00eda y Ciencias Agropecuarias<\/title>\n<meta name=\"robots\" content=\"index, follow, max-snippet:-1, max-image-preview:large, max-video-preview:-1\" \/>\n<link rel=\"canonical\" href=\"https:\/\/www.fica.unsl.edu.ar\/index.php\/jornadas-de-mejora-continua-y-logistica-en-la-fica\/\" \/>\n<meta property=\"og:locale\" content=\"es_ES\" \/>\n<meta property=\"og:type\" content=\"article\" \/>\n<meta property=\"og:title\" content=\"Jornadas de Mejora Continua y Log\u00edstica en la FICA - Facultad de Ingenier\u00eda y Ciencias Agropecuarias\" \/>\n<meta property=\"og:description\" content=\"La Secretar\u00eda de Extensi\u00f3n, junto al Grupo de Servicios de Tecnolog\u00edas de Gesti\u00f3n Aplicadas de la FICA, invita a participar de las Jornadas de Mejora&hellip;\" \/>\n<meta property=\"og:url\" content=\"https:\/\/www.fica.unsl.edu.ar\/index.php\/jornadas-de-mejora-continua-y-logistica-en-la-fica\/\" \/>\n<meta property=\"og:site_name\" content=\"Facultad de Ingenier\u00eda y Ciencias Agropecuarias\" \/>\n<meta property=\"article:publisher\" content=\"https:\/\/www.facebook.com\/FICA.UNSL\/\" \/>\n<meta property=\"article:published_time\" content=\"2025-11-13T14:11:39+00:00\" \/>\n<meta property=\"article:modified_time\" content=\"2025-12-02T14:25:26+00:00\" \/>\n<meta property=\"og:image\" content=\"https:\/\/www.fica.unsl.edu.ar\/wp-content\/uploads\/2025\/11\/jornada-logistica-front.jpg\" \/>\n\t<meta property=\"og:image:width\" content=\"1061\" \/>\n\t<meta property=\"og:image:height\" content=\"585\" \/>\n\t<meta property=\"og:image:type\" content=\"image\/jpeg\" \/>\n<meta name=\"author\" content=\"DATI\" \/>\n<meta name=\"twitter:card\" content=\"summary_large_image\" \/>\n<meta name=\"twitter:creator\" content=\"@FICAUNSL\" \/>\n<meta name=\"twitter:site\" content=\"@FICAUNSL\" \/>\n<meta name=\"twitter:label1\" content=\"Escrito por\" \/>\n\t<meta name=\"twitter:data1\" content=\"DATI\" \/>\n\t<meta name=\"twitter:label2\" content=\"Tiempo de lectura\" \/>\n\t<meta name=\"twitter:data2\" content=\"2 minutos\" \/>\n<script type=\"application\/ld+json\" class=\"yoast-schema-graph\">{\"@context\":\"https:\\\/\\\/schema.org\",\"@graph\":[{\"@type\":\"Article\",\"@id\":\"https:\\\/\\\/www.fica.unsl.edu.ar\\\/index.php\\\/jornadas-de-mejora-continua-y-logistica-en-la-fica\\\/#article\",\"isPartOf\":{\"@id\":\"https:\\\/\\\/www.fica.unsl.edu.ar\\\/index.php\\\/jornadas-de-mejora-continua-y-logistica-en-la-fica\\\/\"},\"author\":{\"name\":\"DATI\",\"@id\":\"https:\\\/\\\/www.fica.unsl.edu.ar\\\/#\\\/schema\\\/person\\\/6058f9c66301868d3a691b1f5d6c3544\"},\"headline\":\"Jornadas de Mejora Continua y Log\u00edstica en la FICA\",\"datePublished\":\"2025-11-13T14:11:39+00:00\",\"dateModified\":\"2025-12-02T14:25:26+00:00\",\"mainEntityOfPage\":{\"@id\":\"https:\\\/\\\/www.fica.unsl.edu.ar\\\/index.php\\\/jornadas-de-mejora-continua-y-logistica-en-la-fica\\\/\"},\"wordCount\":300,\"publisher\":{\"@id\":\"https:\\\/\\\/www.fica.unsl.edu.ar\\\/#organization\"},\"image\":{\"@id\":\"https:\\\/\\\/www.fica.unsl.edu.ar\\\/index.php\\\/jornadas-de-mejora-continua-y-logistica-en-la-fica\\\/#primaryimage\"},\"thumbnailUrl\":\"https:\\\/\\\/www.fica.unsl.edu.ar\\\/wp-content\\\/uploads\\\/2025\\\/11\\\/jornada-logistica-front.jpg\",\"articleSection\":[\"Noticias\"],\"inLanguage\":\"es-AR\"},{\"@type\":\"WebPage\",\"@id\":\"https:\\\/\\\/www.fica.unsl.edu.ar\\\/index.php\\\/jornadas-de-mejora-continua-y-logistica-en-la-fica\\\/\",\"url\":\"https:\\\/\\\/www.fica.unsl.edu.ar\\\/index.php\\\/jornadas-de-mejora-continua-y-logistica-en-la-fica\\\/\",\"name\":\"Jornadas de Mejora Continua y Log\u00edstica en la FICA - Facultad de Ingenier\u00eda y Ciencias Agropecuarias\",\"isPartOf\":{\"@id\":\"https:\\\/\\\/www.fica.unsl.edu.ar\\\/#website\"},\"primaryImageOfPage\":{\"@id\":\"https:\\\/\\\/www.fica.unsl.edu.ar\\\/index.php\\\/jornadas-de-mejora-continua-y-logistica-en-la-fica\\\/#primaryimage\"},\"image\":{\"@id\":\"https:\\\/\\\/www.fica.unsl.edu.ar\\\/index.php\\\/jornadas-de-mejora-continua-y-logistica-en-la-fica\\\/#primaryimage\"},\"thumbnailUrl\":\"https:\\\/\\\/www.fica.unsl.edu.ar\\\/wp-content\\\/uploads\\\/2025\\\/11\\\/jornada-logistica-front.jpg\",\"datePublished\":\"2025-11-13T14:11:39+00:00\",\"dateModified\":\"2025-12-02T14:25:26+00:00\",\"inLanguage\":\"es-AR\",\"potentialAction\":[{\"@type\":\"ReadAction\",\"target\":[\"https:\\\/\\\/www.fica.unsl.edu.ar\\\/index.php\\\/jornadas-de-mejora-continua-y-logistica-en-la-fica\\\/\"]}]},{\"@type\":\"ImageObject\",\"inLanguage\":\"es-AR\",\"@id\":\"https:\\\/\\\/www.fica.unsl.edu.ar\\\/index.php\\\/jornadas-de-mejora-continua-y-logistica-en-la-fica\\\/#primaryimage\",\"url\":\"https:\\\/\\\/www.fica.unsl.edu.ar\\\/wp-content\\\/uploads\\\/2025\\\/11\\\/jornada-logistica-front.jpg\",\"contentUrl\":\"https:\\\/\\\/www.fica.unsl.edu.ar\\\/wp-content\\\/uploads\\\/2025\\\/11\\\/jornada-logistica-front.jpg\",\"width\":1061,\"height\":585},{\"@type\":\"WebSite\",\"@id\":\"https:\\\/\\\/www.fica.unsl.edu.ar\\\/#website\",\"url\":\"https:\\\/\\\/www.fica.unsl.edu.ar\\\/\",\"name\":\"Facultad de Ingenier\u00eda y Ciencias Agropecuarias\",\"description\":\"\",\"publisher\":{\"@id\":\"https:\\\/\\\/www.fica.unsl.edu.ar\\\/#organization\"},\"potentialAction\":[{\"@type\":\"SearchAction\",\"target\":{\"@type\":\"EntryPoint\",\"urlTemplate\":\"https:\\\/\\\/www.fica.unsl.edu.ar\\\/?s={search_term_string}\"},\"query-input\":{\"@type\":\"PropertyValueSpecification\",\"valueRequired\":true,\"valueName\":\"search_term_string\"}}],\"inLanguage\":\"es-AR\"},{\"@type\":\"Organization\",\"@id\":\"https:\\\/\\\/www.fica.unsl.edu.ar\\\/#organization\",\"name\":\"Facultad de Ingenier\u00eda y Ciencias Agropecuarias\",\"url\":\"https:\\\/\\\/www.fica.unsl.edu.ar\\\/\",\"logo\":{\"@type\":\"ImageObject\",\"inLanguage\":\"es-AR\",\"@id\":\"https:\\\/\\\/www.fica.unsl.edu.ar\\\/#\\\/schema\\\/logo\\\/image\\\/\",\"url\":\"https:\\\/\\\/www.fica.unsl.edu.ar\\\/wp-content\\\/uploads\\\/2021\\\/03\\\/LOGO-1.jpg\",\"contentUrl\":\"https:\\\/\\\/www.fica.unsl.edu.ar\\\/wp-content\\\/uploads\\\/2021\\\/03\\\/LOGO-1.jpg\",\"width\":463,\"height\":145,\"caption\":\"Facultad de Ingenier\u00eda y Ciencias Agropecuarias\"},\"image\":{\"@id\":\"https:\\\/\\\/www.fica.unsl.edu.ar\\\/#\\\/schema\\\/logo\\\/image\\\/\"},\"sameAs\":[\"https:\\\/\\\/www.facebook.com\\\/FICA.UNSL\\\/\",\"https:\\\/\\\/x.com\\\/FICAUNSL\",\"https:\\\/\\\/www.instagram.com\\\/fica.unsl\\\/\",\"https:\\\/\\\/www.youtube.com\\\/channel\\\/UCs2MM53gb2PyBrMySdtWZDQ\"]},{\"@type\":\"Person\",\"@id\":\"https:\\\/\\\/www.fica.unsl.edu.ar\\\/#\\\/schema\\\/person\\\/6058f9c66301868d3a691b1f5d6c3544\",\"name\":\"DATI\"}]}<\/script>\n<!-- \/ Yoast SEO plugin. -->","yoast_head_json":{"title":"Jornadas de Mejora Continua y Log\u00edstica en la FICA - Facultad de Ingenier\u00eda y Ciencias Agropecuarias","robots":{"index":"index","follow":"follow","max-snippet":"max-snippet:-1","max-image-preview":"max-image-preview:large","max-video-preview":"max-video-preview:-1"},"canonical":"https:\/\/www.fica.unsl.edu.ar\/index.php\/jornadas-de-mejora-continua-y-logistica-en-la-fica\/","og_locale":"es_ES","og_type":"article","og_title":"Jornadas de Mejora Continua y Log\u00edstica en la FICA - Facultad de Ingenier\u00eda y Ciencias Agropecuarias","og_description":"La Secretar\u00eda de Extensi\u00f3n, junto al Grupo de Servicios de Tecnolog\u00edas de Gesti\u00f3n Aplicadas de la FICA, invita a participar de las Jornadas de Mejora&hellip;","og_url":"https:\/\/www.fica.unsl.edu.ar\/index.php\/jornadas-de-mejora-continua-y-logistica-en-la-fica\/","og_site_name":"Facultad de Ingenier\u00eda y Ciencias Agropecuarias","article_publisher":"https:\/\/www.facebook.com\/FICA.UNSL\/","article_published_time":"2025-11-13T14:11:39+00:00","article_modified_time":"2025-12-02T14:25:26+00:00","og_image":[{"width":1061,"height":585,"url":"https:\/\/www.fica.unsl.edu.ar\/wp-content\/uploads\/2025\/11\/jornada-logistica-front.jpg","type":"image\/jpeg"}],"author":"DATI","twitter_card":"summary_large_image","twitter_creator":"@FICAUNSL","twitter_site":"@FICAUNSL","twitter_misc":{"Escrito por":"DATI","Tiempo de lectura":"2 minutos"},"schema":{"@context":"https:\/\/schema.org","@graph":[{"@type":"Article","@id":"https:\/\/www.fica.unsl.edu.ar\/index.php\/jornadas-de-mejora-continua-y-logistica-en-la-fica\/#article","isPartOf":{"@id":"https:\/\/www.fica.unsl.edu.ar\/index.php\/jornadas-de-mejora-continua-y-logistica-en-la-fica\/"},"author":{"name":"DATI","@id":"https:\/\/www.fica.unsl.edu.ar\/#\/schema\/person\/6058f9c66301868d3a691b1f5d6c3544"},"headline":"Jornadas de Mejora Continua y Log\u00edstica en la FICA","datePublished":"2025-11-13T14:11:39+00:00","dateModified":"2025-12-02T14:25:26+00:00","mainEntityOfPage":{"@id":"https:\/\/www.fica.unsl.edu.ar\/index.php\/jornadas-de-mejora-continua-y-logistica-en-la-fica\/"},"wordCount":300,"publisher":{"@id":"https:\/\/www.fica.unsl.edu.ar\/#organization"},"image":{"@id":"https:\/\/www.fica.unsl.edu.ar\/index.php\/jornadas-de-mejora-continua-y-logistica-en-la-fica\/#primaryimage"},"thumbnailUrl":"https:\/\/www.fica.unsl.edu.ar\/wp-content\/uploads\/2025\/11\/jornada-logistica-front.jpg","articleSection":["Noticias"],"inLanguage":"es-AR"},{"@type":"WebPage","@id":"https:\/\/www.fica.unsl.edu.ar\/index.php\/jornadas-de-mejora-continua-y-logistica-en-la-fica\/","url":"https:\/\/www.fica.unsl.edu.ar\/index.php\/jornadas-de-mejora-continua-y-logistica-en-la-fica\/","name":"Jornadas de Mejora Continua y Log\u00edstica en la FICA - Facultad de Ingenier\u00eda y Ciencias Agropecuarias","isPartOf":{"@id":"https:\/\/www.fica.unsl.edu.ar\/#website"},"primaryImageOfPage":{"@id":"https:\/\/www.fica.unsl.edu.ar\/index.php\/jornadas-de-mejora-continua-y-logistica-en-la-fica\/#primaryimage"},"image":{"@id":"https:\/\/www.fica.unsl.edu.ar\/index.php\/jornadas-de-mejora-continua-y-logistica-en-la-fica\/#primaryimage"},"thumbnailUrl":"https:\/\/www.fica.unsl.edu.ar\/wp-content\/uploads\/2025\/11\/jornada-logistica-front.jpg","datePublished":"2025-11-13T14:11:39+00:00","dateModified":"2025-12-02T14:25:26+00:00","inLanguage":"es-AR","potentialAction":[{"@type":"ReadAction","target":["https:\/\/www.fica.unsl.edu.ar\/index.php\/jornadas-de-mejora-continua-y-logistica-en-la-fica\/"]}]},{"@type":"ImageObject","inLanguage":"es-AR","@id":"https:\/\/www.fica.unsl.edu.ar\/index.php\/jornadas-de-mejora-continua-y-logistica-en-la-fica\/#primaryimage","url":"https:\/\/www.fica.unsl.edu.ar\/wp-content\/uploads\/2025\/11\/jornada-logistica-front.jpg","contentUrl":"https:\/\/www.fica.unsl.edu.ar\/wp-content\/uploads\/2025\/11\/jornada-logistica-front.jpg","width":1061,"height":585},{"@type":"WebSite","@id":"https:\/\/www.fica.unsl.edu.ar\/#website","url":"https:\/\/www.fica.unsl.edu.ar\/","name":"Facultad de Ingenier\u00eda y Ciencias Agropecuarias","description":"","publisher":{"@id":"https:\/\/www.fica.unsl.edu.ar\/#organization"},"potentialAction":[{"@type":"SearchAction","target":{"@type":"EntryPoint","urlTemplate":"https:\/\/www.fica.unsl.edu.ar\/?s={search_term_string}"},"query-input":{"@type":"PropertyValueSpecification","valueRequired":true,"valueName":"search_term_string"}}],"inLanguage":"es-AR"},{"@type":"Organization","@id":"https:\/\/www.fica.unsl.edu.ar\/#organization","name":"Facultad de Ingenier\u00eda y Ciencias Agropecuarias","url":"https:\/\/www.fica.unsl.edu.ar\/","logo":{"@type":"ImageObject","inLanguage":"es-AR","@id":"https:\/\/www.fica.unsl.edu.ar\/#\/schema\/logo\/image\/","url":"https:\/\/www.fica.unsl.edu.ar\/wp-content\/uploads\/2021\/03\/LOGO-1.jpg","contentUrl":"https:\/\/www.fica.unsl.edu.ar\/wp-content\/uploads\/2021\/03\/LOGO-1.jpg","width":463,"height":145,"caption":"Facultad de Ingenier\u00eda y Ciencias Agropecuarias"},"image":{"@id":"https:\/\/www.fica.unsl.edu.ar\/#\/schema\/logo\/image\/"},"sameAs":["https:\/\/www.facebook.com\/FICA.UNSL\/","https:\/\/x.com\/FICAUNSL","https:\/\/www.instagram.com\/fica.unsl\/","https:\/\/www.youtube.com\/channel\/UCs2MM53gb2PyBrMySdtWZDQ"]},{"@type":"Person","@id":"https:\/\/www.fica.unsl.edu.ar\/#\/schema\/person\/6058f9c66301868d3a691b1f5d6c3544","name":"DATI"}]}},"_links":{"self":[{"href":"https:\/\/www.fica.unsl.edu.ar\/index.php\/wp-json\/wp\/v2\/posts\/21570","targetHints":{"allow":["GET"]}}],"collection":[{"href":"https:\/\/www.fica.unsl.edu.ar\/index.php\/wp-json\/wp\/v2\/posts"}],"about":[{"href":"https:\/\/www.fica.unsl.edu.ar\/index.php\/wp-json\/wp\/v2\/types\/post"}],"author":[{"embeddable":true,"href":"https:\/\/www.fica.unsl.edu.ar\/index.php\/wp-json\/wp\/v2\/users\/9"}],"replies":[{"embeddable":true,"href":"https:\/\/www.fica.unsl.edu.ar\/index.php\/wp-json\/wp\/v2\/comments?post=21570"}],"version-history":[{"count":3,"href":"https:\/\/www.fica.unsl.edu.ar\/index.php\/wp-json\/wp\/v2\/posts\/21570\/revisions"}],"predecessor-version":[{"id":21574,"href":"https:\/\/www.fica.unsl.edu.ar\/index.php\/wp-json\/wp\/v2\/posts\/21570\/revisions\/21574"}],"wp:featuredmedia":[{"embeddable":true,"href":"https:\/\/www.fica.unsl.edu.ar\/index.php\/wp-json\/wp\/v2\/media\/21571"}],"wp:attachment":[{"href":"https:\/\/www.fica.unsl.edu.ar\/index.php\/wp-json\/wp\/v2\/media?parent=21570"}],"wp:term":[{"taxonomy":"category","embeddable":true,"href":"https:\/\/www.fica.unsl.edu.ar\/index.php\/wp-json\/wp\/v2\/categories?post=21570"},{"taxonomy":"post_tag","embeddable":true,"href":"https:\/\/www.fica.unsl.edu.ar\/index.php\/wp-json\/wp\/v2\/tags?post=21570"}],"curies":[{"name":"wp","href":"https:\/\/api.w.org\/{rel}","templated":true}]}}