{"id":21589,"date":"2025-11-17T17:50:52","date_gmt":"2025-11-17T20:50:52","guid":{"rendered":"https:\/\/www.fica.unsl.edu.ar\/?p=21589"},"modified":"2025-12-02T11:25:10","modified_gmt":"2025-12-02T14:25:10","slug":"21589","status":"publish","type":"post","link":"https:\/\/www.fica.unsl.edu.ar\/index.php\/21589\/","title":{"rendered":"Viernes 28 de noviembre: Segunda Colaci\u00f3n de Grados 2025"},"content":{"rendered":"<p>La Subsecretar\u00eda de Comunicaci\u00f3n, Ceremonial y Protocolo informa que el<strong> viernes 28 de noviembre<\/strong> se llevar\u00e1 a cabo el acto acad\u00e9mico de la<strong> Segunda Colaci\u00f3n de Grados 2025 de la Facultad de Ingenier\u00eda y Ciencias Agropecuarias.<\/strong><\/p>\n<p>La ceremonia se realizar\u00e1 a las<strong> 17:00 horas en el Teatro Molino F\u00e9nix<\/strong>, ubicado en Comandante Videla, entre las calles Belgrano y Pueyrred\u00f3n.<\/p>\n<p>La <strong>correspondiente firma de diplomas<\/strong>, tendr\u00e1 lugar el pr\u00f3ximo<strong> 20 de noviembre de 9 a 11 h<\/strong>. Los egresados deben <strong>presentarse con el DNI<\/strong> en la sala de reuni\u00f3n de FICA, 2\u00ba piso del edificio del Campus Universitario.<\/p>\n<h3>Bromatolog\u00eda<\/h3>\n<ul>\n<li>Falcon, Mariana In\u00e9s<\/li>\n<li>L\u00f3pez, Malena Victoria<\/li>\n<li>Lucero Moreno, Agustina Antonela<\/li>\n<li>Zambrano, Katia Agustina<\/li>\n<\/ul>\n<h3>Ingenier\u00eda Agron\u00f3mica<\/h3>\n<ul>\n<li>Malmoria, Victoria<\/li>\n<li>Oliva, Ver\u00f3nica Gabriela<\/li>\n<li>Pereyra, Aldana Sofia<\/li>\n<li>Scarnichia, Florencia Natalia<\/li>\n<li>Castellino, Fabricio Ezequiel<\/li>\n<li>Espinosa Luna, Francisco Ramiro<\/li>\n<li>Giordano, Mirko Oscar<\/li>\n<li>Guzzo Crescitelli, Franco Agust\u00edn<\/li>\n<li>Leone, Leandro Federico<\/li>\n<li>Lucero, Franco Facundo<\/li>\n<li>Ramos Irazola, Florencia Agostina<\/li>\n<li>Salguero, Eugenio Agust\u00edn<\/li>\n<\/ul>\n<h3>Ingenier\u00eda Electromec\u00e1nica<\/h3>\n<ul>\n<li>Gim\u00e9nez, Carlos Eduardo<\/li>\n<\/ul>\n<h3>Ingenier\u00eda en Alimentos<\/h3>\n<ul>\n<li>Pedano, Marco Luis<\/li>\n<\/ul>\n<h3>Ingenier\u00eda Industrial<\/h3>\n<ul>\n<li>Anello, Martin Tomas<\/li>\n<li>Barrionuevo, Cynthia Vanina<\/li>\n<li>Bertola, Martin Augusto<\/li>\n<li>Fern\u00e1ndez, Lautaro<\/li>\n<li>Flores, Tomas<\/li>\n<li>Guzm\u00e1n Reynoso, Yessica Isabel<\/li>\n<li>Mercau, Franco Leonel<\/li>\n<li>Soldera Ruiz, Juan Ignacio<\/li>\n<li>Yubero, Hugo Edgar<\/li>\n<\/ul>\n<h3>Ingenier\u00eda Mecatr\u00f3nica<\/h3>\n<ul>\n<li>Artoni, Benjamin<\/li>\n<li>Boato, Bruno<\/li>\n<li>Echandia, Juan Fernando<\/li>\n<li>Farjardo, Mat\u00edas Iv\u00e1n<\/li>\n<li>Guidice, Agust\u00edn<\/li>\n<li>Jakas, Cristian<\/li>\n<\/ul>\n<h3>T\u00e9cnico Universitario en Automatizaci\u00f3n Industrial Orientaci\u00f3n Inform\u00e1tica<\/h3>\n<ul>\n<li>Quevedo, Antonella Bel\u00e9n<\/li>\n<li>Fissore, Albaro Ramiro<\/li>\n<li>Herrera, Braiam Alexis<\/li>\n<li>Sosa, Eduardo Ezequiel<\/li>\n<\/ul>\n<h3>T\u00e9cnico Universitario en Mantenimiento Industrial<\/h3>\n<ul>\n<li>Alcantaro, Lucas Ezequiel<\/li>\n<li>Lagos Gim\u00e9nez, Facundo Luis<\/li>\n<li>Sarmiento, Elio Gast\u00f3n<\/li>\n<li>Serran, Franco Eduardo Leonel<\/li>\n<\/ul>\n<h3>Mag\u00edster en Ciencia y Tecnolog\u00eda de Agroalimentos<\/h3>\n<ul>\n<li>Albino, Andrea Edith<\/li>\n<\/ul>\n<h3>Especialista en Calidad de Procesos Industriales<\/h3>\n<ul>\n<li>Cerutti, Florencia<\/li>\n<\/ul>\n","protected":false},"excerpt":{"rendered":"<p>La Subsecretar\u00eda de Comunicaci\u00f3n, Ceremonial y Protocolo informa que el viernes 28 de noviembre se llevar\u00e1 a cabo el acto acad\u00e9mico de la Segunda Colaci\u00f3n&hellip;<\/p>\n","protected":false},"author":9,"featured_media":21594,"comment_status":"closed","ping_status":"closed","sticky":false,"template":"","format":"standard","meta":{"_monsterinsights_skip_tracking":false,"_monsterinsights_sitenote_active":false,"_monsterinsights_sitenote_note":"","_monsterinsights_sitenote_category":0,"_joinchat":[],"footnotes":""},"categories":[19],"tags":[],"class_list":["post-21589","post","type-post","status-publish","format-standard","has-post-thumbnail","hentry","category-noticias"],"yoast_head":"<!-- This site is optimized with the Yoast SEO plugin v27.4 - https:\/\/yoast.com\/product\/yoast-seo-wordpress\/ -->\n<title>Viernes 28 de noviembre: Segunda Colaci\u00f3n de Grados 2025 - Facultad de Ingenier\u00eda y Ciencias Agropecuarias<\/title>\n<meta name=\"robots\" content=\"index, follow, max-snippet:-1, max-image-preview:large, max-video-preview:-1\" \/>\n<link rel=\"canonical\" href=\"https:\/\/www.fica.unsl.edu.ar\/index.php\/21589\/\" \/>\n<meta property=\"og:locale\" content=\"es_ES\" \/>\n<meta property=\"og:type\" content=\"article\" \/>\n<meta property=\"og:title\" content=\"Viernes 28 de noviembre: Segunda Colaci\u00f3n de Grados 2025 - Facultad de Ingenier\u00eda y Ciencias Agropecuarias\" \/>\n<meta property=\"og:description\" content=\"La Subsecretar\u00eda de Comunicaci\u00f3n, Ceremonial y Protocolo informa que el viernes 28 de noviembre se llevar\u00e1 a cabo el acto acad\u00e9mico de la Segunda Colaci\u00f3n&hellip;\" \/>\n<meta property=\"og:url\" content=\"https:\/\/www.fica.unsl.edu.ar\/index.php\/21589\/\" \/>\n<meta property=\"og:site_name\" content=\"Facultad de Ingenier\u00eda y Ciencias Agropecuarias\" \/>\n<meta property=\"article:publisher\" content=\"https:\/\/www.facebook.com\/FICA.UNSL\/\" \/>\n<meta property=\"article:published_time\" content=\"2025-11-17T20:50:52+00:00\" \/>\n<meta property=\"article:modified_time\" content=\"2025-12-02T14:25:10+00:00\" \/>\n<meta property=\"og:image\" content=\"https:\/\/www.fica.unsl.edu.ar\/wp-content\/uploads\/2025\/11\/Colacion-2019-FCS-9.jpg\" \/>\n\t<meta property=\"og:image:width\" content=\"1000\" \/>\n\t<meta property=\"og:image:height\" content=\"553\" \/>\n\t<meta property=\"og:image:type\" content=\"image\/jpeg\" \/>\n<meta name=\"author\" content=\"DATI\" \/>\n<meta name=\"twitter:card\" content=\"summary_large_image\" \/>\n<meta name=\"twitter:creator\" content=\"@FICAUNSL\" \/>\n<meta name=\"twitter:site\" content=\"@FICAUNSL\" \/>\n<meta name=\"twitter:label1\" content=\"Escrito por\" \/>\n\t<meta name=\"twitter:data1\" content=\"DATI\" \/>\n\t<meta name=\"twitter:label2\" content=\"Tiempo de lectura\" \/>\n\t<meta name=\"twitter:data2\" content=\"2 minutos\" \/>\n<script type=\"application\/ld+json\" class=\"yoast-schema-graph\">{\"@context\":\"https:\\\/\\\/schema.org\",\"@graph\":[{\"@type\":\"Article\",\"@id\":\"https:\\\/\\\/www.fica.unsl.edu.ar\\\/index.php\\\/21589\\\/#article\",\"isPartOf\":{\"@id\":\"https:\\\/\\\/www.fica.unsl.edu.ar\\\/index.php\\\/21589\\\/\"},\"author\":{\"name\":\"DATI\",\"@id\":\"https:\\\/\\\/www.fica.unsl.edu.ar\\\/#\\\/schema\\\/person\\\/6058f9c66301868d3a691b1f5d6c3544\"},\"headline\":\"Viernes 28 de noviembre: Segunda Colaci\u00f3n de Grados 2025\",\"datePublished\":\"2025-11-17T20:50:52+00:00\",\"dateModified\":\"2025-12-02T14:25:10+00:00\",\"mainEntityOfPage\":{\"@id\":\"https:\\\/\\\/www.fica.unsl.edu.ar\\\/index.php\\\/21589\\\/\"},\"wordCount\":303,\"publisher\":{\"@id\":\"https:\\\/\\\/www.fica.unsl.edu.ar\\\/#organization\"},\"image\":{\"@id\":\"https:\\\/\\\/www.fica.unsl.edu.ar\\\/index.php\\\/21589\\\/#primaryimage\"},\"thumbnailUrl\":\"https:\\\/\\\/www.fica.unsl.edu.ar\\\/wp-content\\\/uploads\\\/2025\\\/11\\\/Colacion-2019-FCS-9.jpg\",\"articleSection\":[\"Noticias\"],\"inLanguage\":\"es-AR\"},{\"@type\":\"WebPage\",\"@id\":\"https:\\\/\\\/www.fica.unsl.edu.ar\\\/index.php\\\/21589\\\/\",\"url\":\"https:\\\/\\\/www.fica.unsl.edu.ar\\\/index.php\\\/21589\\\/\",\"name\":\"Viernes 28 de noviembre: Segunda Colaci\u00f3n de Grados 2025 - Facultad de Ingenier\u00eda y Ciencias Agropecuarias\",\"isPartOf\":{\"@id\":\"https:\\\/\\\/www.fica.unsl.edu.ar\\\/#website\"},\"primaryImageOfPage\":{\"@id\":\"https:\\\/\\\/www.fica.unsl.edu.ar\\\/index.php\\\/21589\\\/#primaryimage\"},\"image\":{\"@id\":\"https:\\\/\\\/www.fica.unsl.edu.ar\\\/index.php\\\/21589\\\/#primaryimage\"},\"thumbnailUrl\":\"https:\\\/\\\/www.fica.unsl.edu.ar\\\/wp-content\\\/uploads\\\/2025\\\/11\\\/Colacion-2019-FCS-9.jpg\",\"datePublished\":\"2025-11-17T20:50:52+00:00\",\"dateModified\":\"2025-12-02T14:25:10+00:00\",\"inLanguage\":\"es-AR\",\"potentialAction\":[{\"@type\":\"ReadAction\",\"target\":[\"https:\\\/\\\/www.fica.unsl.edu.ar\\\/index.php\\\/21589\\\/\"]}]},{\"@type\":\"ImageObject\",\"inLanguage\":\"es-AR\",\"@id\":\"https:\\\/\\\/www.fica.unsl.edu.ar\\\/index.php\\\/21589\\\/#primaryimage\",\"url\":\"https:\\\/\\\/www.fica.unsl.edu.ar\\\/wp-content\\\/uploads\\\/2025\\\/11\\\/Colacion-2019-FCS-9.jpg\",\"contentUrl\":\"https:\\\/\\\/www.fica.unsl.edu.ar\\\/wp-content\\\/uploads\\\/2025\\\/11\\\/Colacion-2019-FCS-9.jpg\",\"width\":1000,\"height\":553},{\"@type\":\"WebSite\",\"@id\":\"https:\\\/\\\/www.fica.unsl.edu.ar\\\/#website\",\"url\":\"https:\\\/\\\/www.fica.unsl.edu.ar\\\/\",\"name\":\"Facultad de Ingenier\u00eda y Ciencias Agropecuarias\",\"description\":\"\",\"publisher\":{\"@id\":\"https:\\\/\\\/www.fica.unsl.edu.ar\\\/#organization\"},\"potentialAction\":[{\"@type\":\"SearchAction\",\"target\":{\"@type\":\"EntryPoint\",\"urlTemplate\":\"https:\\\/\\\/www.fica.unsl.edu.ar\\\/?s={search_term_string}\"},\"query-input\":{\"@type\":\"PropertyValueSpecification\",\"valueRequired\":true,\"valueName\":\"search_term_string\"}}],\"inLanguage\":\"es-AR\"},{\"@type\":\"Organization\",\"@id\":\"https:\\\/\\\/www.fica.unsl.edu.ar\\\/#organization\",\"name\":\"Facultad de Ingenier\u00eda y Ciencias Agropecuarias\",\"url\":\"https:\\\/\\\/www.fica.unsl.edu.ar\\\/\",\"logo\":{\"@type\":\"ImageObject\",\"inLanguage\":\"es-AR\",\"@id\":\"https:\\\/\\\/www.fica.unsl.edu.ar\\\/#\\\/schema\\\/logo\\\/image\\\/\",\"url\":\"https:\\\/\\\/www.fica.unsl.edu.ar\\\/wp-content\\\/uploads\\\/2021\\\/03\\\/LOGO-1.jpg\",\"contentUrl\":\"https:\\\/\\\/www.fica.unsl.edu.ar\\\/wp-content\\\/uploads\\\/2021\\\/03\\\/LOGO-1.jpg\",\"width\":463,\"height\":145,\"caption\":\"Facultad de Ingenier\u00eda y Ciencias Agropecuarias\"},\"image\":{\"@id\":\"https:\\\/\\\/www.fica.unsl.edu.ar\\\/#\\\/schema\\\/logo\\\/image\\\/\"},\"sameAs\":[\"https:\\\/\\\/www.facebook.com\\\/FICA.UNSL\\\/\",\"https:\\\/\\\/x.com\\\/FICAUNSL\",\"https:\\\/\\\/www.instagram.com\\\/fica.unsl\\\/\",\"https:\\\/\\\/www.youtube.com\\\/channel\\\/UCs2MM53gb2PyBrMySdtWZDQ\"]},{\"@type\":\"Person\",\"@id\":\"https:\\\/\\\/www.fica.unsl.edu.ar\\\/#\\\/schema\\\/person\\\/6058f9c66301868d3a691b1f5d6c3544\",\"name\":\"DATI\"}]}<\/script>\n<!-- \/ Yoast SEO plugin. -->","yoast_head_json":{"title":"Viernes 28 de noviembre: Segunda Colaci\u00f3n de Grados 2025 - Facultad de Ingenier\u00eda y Ciencias Agropecuarias","robots":{"index":"index","follow":"follow","max-snippet":"max-snippet:-1","max-image-preview":"max-image-preview:large","max-video-preview":"max-video-preview:-1"},"canonical":"https:\/\/www.fica.unsl.edu.ar\/index.php\/21589\/","og_locale":"es_ES","og_type":"article","og_title":"Viernes 28 de noviembre: Segunda Colaci\u00f3n de Grados 2025 - Facultad de Ingenier\u00eda y Ciencias Agropecuarias","og_description":"La Subsecretar\u00eda de Comunicaci\u00f3n, Ceremonial y Protocolo informa que el viernes 28 de noviembre se llevar\u00e1 a cabo el acto acad\u00e9mico de la Segunda Colaci\u00f3n&hellip;","og_url":"https:\/\/www.fica.unsl.edu.ar\/index.php\/21589\/","og_site_name":"Facultad de Ingenier\u00eda y Ciencias Agropecuarias","article_publisher":"https:\/\/www.facebook.com\/FICA.UNSL\/","article_published_time":"2025-11-17T20:50:52+00:00","article_modified_time":"2025-12-02T14:25:10+00:00","og_image":[{"width":1000,"height":553,"url":"https:\/\/www.fica.unsl.edu.ar\/wp-content\/uploads\/2025\/11\/Colacion-2019-FCS-9.jpg","type":"image\/jpeg"}],"author":"DATI","twitter_card":"summary_large_image","twitter_creator":"@FICAUNSL","twitter_site":"@FICAUNSL","twitter_misc":{"Escrito por":"DATI","Tiempo de lectura":"2 minutos"},"schema":{"@context":"https:\/\/schema.org","@graph":[{"@type":"Article","@id":"https:\/\/www.fica.unsl.edu.ar\/index.php\/21589\/#article","isPartOf":{"@id":"https:\/\/www.fica.unsl.edu.ar\/index.php\/21589\/"},"author":{"name":"DATI","@id":"https:\/\/www.fica.unsl.edu.ar\/#\/schema\/person\/6058f9c66301868d3a691b1f5d6c3544"},"headline":"Viernes 28 de noviembre: Segunda Colaci\u00f3n de Grados 2025","datePublished":"2025-11-17T20:50:52+00:00","dateModified":"2025-12-02T14:25:10+00:00","mainEntityOfPage":{"@id":"https:\/\/www.fica.unsl.edu.ar\/index.php\/21589\/"},"wordCount":303,"publisher":{"@id":"https:\/\/www.fica.unsl.edu.ar\/#organization"},"image":{"@id":"https:\/\/www.fica.unsl.edu.ar\/index.php\/21589\/#primaryimage"},"thumbnailUrl":"https:\/\/www.fica.unsl.edu.ar\/wp-content\/uploads\/2025\/11\/Colacion-2019-FCS-9.jpg","articleSection":["Noticias"],"inLanguage":"es-AR"},{"@type":"WebPage","@id":"https:\/\/www.fica.unsl.edu.ar\/index.php\/21589\/","url":"https:\/\/www.fica.unsl.edu.ar\/index.php\/21589\/","name":"Viernes 28 de noviembre: Segunda Colaci\u00f3n de Grados 2025 - Facultad de Ingenier\u00eda y Ciencias Agropecuarias","isPartOf":{"@id":"https:\/\/www.fica.unsl.edu.ar\/#website"},"primaryImageOfPage":{"@id":"https:\/\/www.fica.unsl.edu.ar\/index.php\/21589\/#primaryimage"},"image":{"@id":"https:\/\/www.fica.unsl.edu.ar\/index.php\/21589\/#primaryimage"},"thumbnailUrl":"https:\/\/www.fica.unsl.edu.ar\/wp-content\/uploads\/2025\/11\/Colacion-2019-FCS-9.jpg","datePublished":"2025-11-17T20:50:52+00:00","dateModified":"2025-12-02T14:25:10+00:00","inLanguage":"es-AR","potentialAction":[{"@type":"ReadAction","target":["https:\/\/www.fica.unsl.edu.ar\/index.php\/21589\/"]}]},{"@type":"ImageObject","inLanguage":"es-AR","@id":"https:\/\/www.fica.unsl.edu.ar\/index.php\/21589\/#primaryimage","url":"https:\/\/www.fica.unsl.edu.ar\/wp-content\/uploads\/2025\/11\/Colacion-2019-FCS-9.jpg","contentUrl":"https:\/\/www.fica.unsl.edu.ar\/wp-content\/uploads\/2025\/11\/Colacion-2019-FCS-9.jpg","width":1000,"height":553},{"@type":"WebSite","@id":"https:\/\/www.fica.unsl.edu.ar\/#website","url":"https:\/\/www.fica.unsl.edu.ar\/","name":"Facultad de Ingenier\u00eda y Ciencias Agropecuarias","description":"","publisher":{"@id":"https:\/\/www.fica.unsl.edu.ar\/#organization"},"potentialAction":[{"@type":"SearchAction","target":{"@type":"EntryPoint","urlTemplate":"https:\/\/www.fica.unsl.edu.ar\/?s={search_term_string}"},"query-input":{"@type":"PropertyValueSpecification","valueRequired":true,"valueName":"search_term_string"}}],"inLanguage":"es-AR"},{"@type":"Organization","@id":"https:\/\/www.fica.unsl.edu.ar\/#organization","name":"Facultad de Ingenier\u00eda y Ciencias Agropecuarias","url":"https:\/\/www.fica.unsl.edu.ar\/","logo":{"@type":"ImageObject","inLanguage":"es-AR","@id":"https:\/\/www.fica.unsl.edu.ar\/#\/schema\/logo\/image\/","url":"https:\/\/www.fica.unsl.edu.ar\/wp-content\/uploads\/2021\/03\/LOGO-1.jpg","contentUrl":"https:\/\/www.fica.unsl.edu.ar\/wp-content\/uploads\/2021\/03\/LOGO-1.jpg","width":463,"height":145,"caption":"Facultad de Ingenier\u00eda y Ciencias Agropecuarias"},"image":{"@id":"https:\/\/www.fica.unsl.edu.ar\/#\/schema\/logo\/image\/"},"sameAs":["https:\/\/www.facebook.com\/FICA.UNSL\/","https:\/\/x.com\/FICAUNSL","https:\/\/www.instagram.com\/fica.unsl\/","https:\/\/www.youtube.com\/channel\/UCs2MM53gb2PyBrMySdtWZDQ"]},{"@type":"Person","@id":"https:\/\/www.fica.unsl.edu.ar\/#\/schema\/person\/6058f9c66301868d3a691b1f5d6c3544","name":"DATI"}]}},"_links":{"self":[{"href":"https:\/\/www.fica.unsl.edu.ar\/index.php\/wp-json\/wp\/v2\/posts\/21589","targetHints":{"allow":["GET"]}}],"collection":[{"href":"https:\/\/www.fica.unsl.edu.ar\/index.php\/wp-json\/wp\/v2\/posts"}],"about":[{"href":"https:\/\/www.fica.unsl.edu.ar\/index.php\/wp-json\/wp\/v2\/types\/post"}],"author":[{"embeddable":true,"href":"https:\/\/www.fica.unsl.edu.ar\/index.php\/wp-json\/wp\/v2\/users\/9"}],"replies":[{"embeddable":true,"href":"https:\/\/www.fica.unsl.edu.ar\/index.php\/wp-json\/wp\/v2\/comments?post=21589"}],"version-history":[{"count":7,"href":"https:\/\/www.fica.unsl.edu.ar\/index.php\/wp-json\/wp\/v2\/posts\/21589\/revisions"}],"predecessor-version":[{"id":21597,"href":"https:\/\/www.fica.unsl.edu.ar\/index.php\/wp-json\/wp\/v2\/posts\/21589\/revisions\/21597"}],"wp:featuredmedia":[{"embeddable":true,"href":"https:\/\/www.fica.unsl.edu.ar\/index.php\/wp-json\/wp\/v2\/media\/21594"}],"wp:attachment":[{"href":"https:\/\/www.fica.unsl.edu.ar\/index.php\/wp-json\/wp\/v2\/media?parent=21589"}],"wp:term":[{"taxonomy":"category","embeddable":true,"href":"https:\/\/www.fica.unsl.edu.ar\/index.php\/wp-json\/wp\/v2\/categories?post=21589"},{"taxonomy":"post_tag","embeddable":true,"href":"https:\/\/www.fica.unsl.edu.ar\/index.php\/wp-json\/wp\/v2\/tags?post=21589"}],"curies":[{"name":"wp","href":"https:\/\/api.w.org\/{rel}","templated":true}]}}