{"id":21598,"date":"2025-11-18T11:36:14","date_gmt":"2025-11-18T14:36:14","guid":{"rendered":"https:\/\/www.fica.unsl.edu.ar\/?p=21598"},"modified":"2025-12-02T11:26:04","modified_gmt":"2025-12-02T14:26:04","slug":"prof-maria-belen-dominguez-nueva-magister-en-procesos-educativos-mediados-por-tecnologias","status":"publish","type":"post","link":"https:\/\/www.fica.unsl.edu.ar\/index.php\/prof-maria-belen-dominguez-nueva-magister-en-procesos-educativos-mediados-por-tecnologias\/","title":{"rendered":"Prof. Mar\u00eda Bel\u00e9n Dom\u00ednguez nueva magister en Procesos Educativos Mediados por Tecnolog\u00edas"},"content":{"rendered":"<p data-path-to-node=\"3\">La <b>Secretar\u00eda de Investigaci\u00f3n y Posgrado<\/b> tiene el agrado de informar que, con calificaci\u00f3n <b>Distinguido<\/b>, la docente <b>Prof. Mar\u00eda Bel\u00e9n Dom\u00ednguez<\/b> realiz\u00f3 la defensa oral y p\u00fablica de su <b>Tesis<\/b> de la <b>Maestr\u00eda en Procesos Educativos Mediados por Tecnolog\u00edas<\/b>, de la <b>Facultad de Ciencias Sociales<\/b> de la <b>Universidad Nacional de C\u00f3rdoba<\/b>.<\/p>\n<p data-path-to-node=\"4\">Con el t\u00edtulo <b>&#8220;Materiales educativos para el Aula Invertida: El caso de la asignatura Ingl\u00e9s Comunicacional en la Universidad Nacional de San Luis&#8221;<\/b>, la defensa se realiz\u00f3 de forma <b>presencial el 11 de noviembre de 2025<\/b>.<\/p>\n<p data-path-to-node=\"5\">El jurado estuvo integrado por <b>Mar\u00eda Dolores Orta<\/b>, <b>V\u00edctor Sajoza<\/b> y <b>Mar\u00eda Jorgelina Plaza<\/b>. La tesis fue dirigida por la <b>Mgter. Cecilia Alejandra Aguirre C\u00e9liz<\/b>.<\/p>\n<p data-path-to-node=\"6\">La <b>Facultad de Ingenier\u00eda y Ciencias Agropecuarias<\/b> felicita a la nueva <b>Mag\u00edster Mar\u00eda Bel\u00e9n Dom\u00ednguez<\/b> por el logro acad\u00e9mico alcanzado.<\/p>\n","protected":false},"excerpt":{"rendered":"<p>La Secretar\u00eda de Investigaci\u00f3n y Posgrado tiene el agrado de informar que, con calificaci\u00f3n Distinguido, la docente Prof. Mar\u00eda Bel\u00e9n Dom\u00ednguez realiz\u00f3 la defensa oral&hellip;<\/p>\n","protected":false},"author":9,"featured_media":21600,"comment_status":"closed","ping_status":"closed","sticky":false,"template":"","format":"standard","meta":{"_monsterinsights_skip_tracking":false,"_monsterinsights_sitenote_active":false,"_monsterinsights_sitenote_note":"","_monsterinsights_sitenote_category":0,"_joinchat":[],"footnotes":""},"categories":[19],"tags":[],"class_list":["post-21598","post","type-post","status-publish","format-standard","has-post-thumbnail","hentry","category-noticias"],"yoast_head":"<!-- This site is optimized with the Yoast SEO plugin v27.4 - https:\/\/yoast.com\/product\/yoast-seo-wordpress\/ -->\n<title>Prof. Mar\u00eda Bel\u00e9n Dom\u00ednguez nueva magister en Procesos Educativos Mediados por Tecnolog\u00edas - Facultad de Ingenier\u00eda y Ciencias Agropecuarias<\/title>\n<meta name=\"robots\" content=\"index, follow, max-snippet:-1, max-image-preview:large, max-video-preview:-1\" \/>\n<link rel=\"canonical\" href=\"https:\/\/www.fica.unsl.edu.ar\/index.php\/prof-maria-belen-dominguez-nueva-magister-en-procesos-educativos-mediados-por-tecnologias\/\" \/>\n<meta property=\"og:locale\" content=\"es_ES\" \/>\n<meta property=\"og:type\" content=\"article\" \/>\n<meta property=\"og:title\" content=\"Prof. Mar\u00eda Bel\u00e9n Dom\u00ednguez nueva magister en Procesos Educativos Mediados por Tecnolog\u00edas - Facultad de Ingenier\u00eda y Ciencias Agropecuarias\" \/>\n<meta property=\"og:description\" content=\"La Secretar\u00eda de Investigaci\u00f3n y Posgrado tiene el agrado de informar que, con calificaci\u00f3n Distinguido, la docente Prof. Mar\u00eda Bel\u00e9n Dom\u00ednguez realiz\u00f3 la defensa oral&hellip;\" \/>\n<meta property=\"og:url\" content=\"https:\/\/www.fica.unsl.edu.ar\/index.php\/prof-maria-belen-dominguez-nueva-magister-en-procesos-educativos-mediados-por-tecnologias\/\" \/>\n<meta property=\"og:site_name\" content=\"Facultad de Ingenier\u00eda y Ciencias Agropecuarias\" \/>\n<meta property=\"article:publisher\" content=\"https:\/\/www.facebook.com\/FICA.UNSL\/\" \/>\n<meta property=\"article:published_time\" content=\"2025-11-18T14:36:14+00:00\" \/>\n<meta property=\"article:modified_time\" content=\"2025-12-02T14:26:04+00:00\" \/>\n<meta property=\"og:image\" content=\"https:\/\/www.fica.unsl.edu.ar\/wp-content\/uploads\/2025\/11\/Belen-Dominguez-front.jpg\" \/>\n\t<meta property=\"og:image:width\" content=\"1061\" \/>\n\t<meta property=\"og:image:height\" content=\"585\" \/>\n\t<meta property=\"og:image:type\" content=\"image\/jpeg\" \/>\n<meta name=\"author\" content=\"DATI\" \/>\n<meta name=\"twitter:card\" content=\"summary_large_image\" \/>\n<meta name=\"twitter:creator\" content=\"@FICAUNSL\" \/>\n<meta name=\"twitter:site\" content=\"@FICAUNSL\" \/>\n<meta name=\"twitter:label1\" content=\"Escrito por\" \/>\n\t<meta name=\"twitter:data1\" content=\"DATI\" \/>\n\t<meta name=\"twitter:label2\" content=\"Tiempo de lectura\" \/>\n\t<meta name=\"twitter:data2\" content=\"1 minuto\" \/>\n<script type=\"application\/ld+json\" class=\"yoast-schema-graph\">{\"@context\":\"https:\\\/\\\/schema.org\",\"@graph\":[{\"@type\":\"Article\",\"@id\":\"https:\\\/\\\/www.fica.unsl.edu.ar\\\/index.php\\\/prof-maria-belen-dominguez-nueva-magister-en-procesos-educativos-mediados-por-tecnologias\\\/#article\",\"isPartOf\":{\"@id\":\"https:\\\/\\\/www.fica.unsl.edu.ar\\\/index.php\\\/prof-maria-belen-dominguez-nueva-magister-en-procesos-educativos-mediados-por-tecnologias\\\/\"},\"author\":{\"name\":\"DATI\",\"@id\":\"https:\\\/\\\/www.fica.unsl.edu.ar\\\/#\\\/schema\\\/person\\\/6058f9c66301868d3a691b1f5d6c3544\"},\"headline\":\"Prof. Mar\u00eda Bel\u00e9n Dom\u00ednguez nueva magister en Procesos Educativos Mediados por Tecnolog\u00edas\",\"datePublished\":\"2025-11-18T14:36:14+00:00\",\"dateModified\":\"2025-12-02T14:26:04+00:00\",\"mainEntityOfPage\":{\"@id\":\"https:\\\/\\\/www.fica.unsl.edu.ar\\\/index.php\\\/prof-maria-belen-dominguez-nueva-magister-en-procesos-educativos-mediados-por-tecnologias\\\/\"},\"wordCount\":168,\"publisher\":{\"@id\":\"https:\\\/\\\/www.fica.unsl.edu.ar\\\/#organization\"},\"image\":{\"@id\":\"https:\\\/\\\/www.fica.unsl.edu.ar\\\/index.php\\\/prof-maria-belen-dominguez-nueva-magister-en-procesos-educativos-mediados-por-tecnologias\\\/#primaryimage\"},\"thumbnailUrl\":\"https:\\\/\\\/www.fica.unsl.edu.ar\\\/wp-content\\\/uploads\\\/2025\\\/11\\\/Belen-Dominguez-front.jpg\",\"articleSection\":[\"Noticias\"],\"inLanguage\":\"es-AR\"},{\"@type\":\"WebPage\",\"@id\":\"https:\\\/\\\/www.fica.unsl.edu.ar\\\/index.php\\\/prof-maria-belen-dominguez-nueva-magister-en-procesos-educativos-mediados-por-tecnologias\\\/\",\"url\":\"https:\\\/\\\/www.fica.unsl.edu.ar\\\/index.php\\\/prof-maria-belen-dominguez-nueva-magister-en-procesos-educativos-mediados-por-tecnologias\\\/\",\"name\":\"Prof. Mar\u00eda Bel\u00e9n Dom\u00ednguez nueva magister en Procesos Educativos Mediados por Tecnolog\u00edas - Facultad de Ingenier\u00eda y Ciencias Agropecuarias\",\"isPartOf\":{\"@id\":\"https:\\\/\\\/www.fica.unsl.edu.ar\\\/#website\"},\"primaryImageOfPage\":{\"@id\":\"https:\\\/\\\/www.fica.unsl.edu.ar\\\/index.php\\\/prof-maria-belen-dominguez-nueva-magister-en-procesos-educativos-mediados-por-tecnologias\\\/#primaryimage\"},\"image\":{\"@id\":\"https:\\\/\\\/www.fica.unsl.edu.ar\\\/index.php\\\/prof-maria-belen-dominguez-nueva-magister-en-procesos-educativos-mediados-por-tecnologias\\\/#primaryimage\"},\"thumbnailUrl\":\"https:\\\/\\\/www.fica.unsl.edu.ar\\\/wp-content\\\/uploads\\\/2025\\\/11\\\/Belen-Dominguez-front.jpg\",\"datePublished\":\"2025-11-18T14:36:14+00:00\",\"dateModified\":\"2025-12-02T14:26:04+00:00\",\"inLanguage\":\"es-AR\",\"potentialAction\":[{\"@type\":\"ReadAction\",\"target\":[\"https:\\\/\\\/www.fica.unsl.edu.ar\\\/index.php\\\/prof-maria-belen-dominguez-nueva-magister-en-procesos-educativos-mediados-por-tecnologias\\\/\"]}]},{\"@type\":\"ImageObject\",\"inLanguage\":\"es-AR\",\"@id\":\"https:\\\/\\\/www.fica.unsl.edu.ar\\\/index.php\\\/prof-maria-belen-dominguez-nueva-magister-en-procesos-educativos-mediados-por-tecnologias\\\/#primaryimage\",\"url\":\"https:\\\/\\\/www.fica.unsl.edu.ar\\\/wp-content\\\/uploads\\\/2025\\\/11\\\/Belen-Dominguez-front.jpg\",\"contentUrl\":\"https:\\\/\\\/www.fica.unsl.edu.ar\\\/wp-content\\\/uploads\\\/2025\\\/11\\\/Belen-Dominguez-front.jpg\",\"width\":1061,\"height\":585},{\"@type\":\"WebSite\",\"@id\":\"https:\\\/\\\/www.fica.unsl.edu.ar\\\/#website\",\"url\":\"https:\\\/\\\/www.fica.unsl.edu.ar\\\/\",\"name\":\"Facultad de Ingenier\u00eda y Ciencias Agropecuarias\",\"description\":\"\",\"publisher\":{\"@id\":\"https:\\\/\\\/www.fica.unsl.edu.ar\\\/#organization\"},\"potentialAction\":[{\"@type\":\"SearchAction\",\"target\":{\"@type\":\"EntryPoint\",\"urlTemplate\":\"https:\\\/\\\/www.fica.unsl.edu.ar\\\/?s={search_term_string}\"},\"query-input\":{\"@type\":\"PropertyValueSpecification\",\"valueRequired\":true,\"valueName\":\"search_term_string\"}}],\"inLanguage\":\"es-AR\"},{\"@type\":\"Organization\",\"@id\":\"https:\\\/\\\/www.fica.unsl.edu.ar\\\/#organization\",\"name\":\"Facultad de Ingenier\u00eda y Ciencias Agropecuarias\",\"url\":\"https:\\\/\\\/www.fica.unsl.edu.ar\\\/\",\"logo\":{\"@type\":\"ImageObject\",\"inLanguage\":\"es-AR\",\"@id\":\"https:\\\/\\\/www.fica.unsl.edu.ar\\\/#\\\/schema\\\/logo\\\/image\\\/\",\"url\":\"https:\\\/\\\/www.fica.unsl.edu.ar\\\/wp-content\\\/uploads\\\/2021\\\/03\\\/LOGO-1.jpg\",\"contentUrl\":\"https:\\\/\\\/www.fica.unsl.edu.ar\\\/wp-content\\\/uploads\\\/2021\\\/03\\\/LOGO-1.jpg\",\"width\":463,\"height\":145,\"caption\":\"Facultad de Ingenier\u00eda y Ciencias Agropecuarias\"},\"image\":{\"@id\":\"https:\\\/\\\/www.fica.unsl.edu.ar\\\/#\\\/schema\\\/logo\\\/image\\\/\"},\"sameAs\":[\"https:\\\/\\\/www.facebook.com\\\/FICA.UNSL\\\/\",\"https:\\\/\\\/x.com\\\/FICAUNSL\",\"https:\\\/\\\/www.instagram.com\\\/fica.unsl\\\/\",\"https:\\\/\\\/www.youtube.com\\\/channel\\\/UCs2MM53gb2PyBrMySdtWZDQ\"]},{\"@type\":\"Person\",\"@id\":\"https:\\\/\\\/www.fica.unsl.edu.ar\\\/#\\\/schema\\\/person\\\/6058f9c66301868d3a691b1f5d6c3544\",\"name\":\"DATI\"}]}<\/script>\n<!-- \/ Yoast SEO plugin. -->","yoast_head_json":{"title":"Prof. Mar\u00eda Bel\u00e9n Dom\u00ednguez nueva magister en Procesos Educativos Mediados por Tecnolog\u00edas - Facultad de Ingenier\u00eda y Ciencias Agropecuarias","robots":{"index":"index","follow":"follow","max-snippet":"max-snippet:-1","max-image-preview":"max-image-preview:large","max-video-preview":"max-video-preview:-1"},"canonical":"https:\/\/www.fica.unsl.edu.ar\/index.php\/prof-maria-belen-dominguez-nueva-magister-en-procesos-educativos-mediados-por-tecnologias\/","og_locale":"es_ES","og_type":"article","og_title":"Prof. Mar\u00eda Bel\u00e9n Dom\u00ednguez nueva magister en Procesos Educativos Mediados por Tecnolog\u00edas - Facultad de Ingenier\u00eda y Ciencias Agropecuarias","og_description":"La Secretar\u00eda de Investigaci\u00f3n y Posgrado tiene el agrado de informar que, con calificaci\u00f3n Distinguido, la docente Prof. Mar\u00eda Bel\u00e9n Dom\u00ednguez realiz\u00f3 la defensa oral&hellip;","og_url":"https:\/\/www.fica.unsl.edu.ar\/index.php\/prof-maria-belen-dominguez-nueva-magister-en-procesos-educativos-mediados-por-tecnologias\/","og_site_name":"Facultad de Ingenier\u00eda y Ciencias Agropecuarias","article_publisher":"https:\/\/www.facebook.com\/FICA.UNSL\/","article_published_time":"2025-11-18T14:36:14+00:00","article_modified_time":"2025-12-02T14:26:04+00:00","og_image":[{"width":1061,"height":585,"url":"https:\/\/www.fica.unsl.edu.ar\/wp-content\/uploads\/2025\/11\/Belen-Dominguez-front.jpg","type":"image\/jpeg"}],"author":"DATI","twitter_card":"summary_large_image","twitter_creator":"@FICAUNSL","twitter_site":"@FICAUNSL","twitter_misc":{"Escrito por":"DATI","Tiempo de lectura":"1 minuto"},"schema":{"@context":"https:\/\/schema.org","@graph":[{"@type":"Article","@id":"https:\/\/www.fica.unsl.edu.ar\/index.php\/prof-maria-belen-dominguez-nueva-magister-en-procesos-educativos-mediados-por-tecnologias\/#article","isPartOf":{"@id":"https:\/\/www.fica.unsl.edu.ar\/index.php\/prof-maria-belen-dominguez-nueva-magister-en-procesos-educativos-mediados-por-tecnologias\/"},"author":{"name":"DATI","@id":"https:\/\/www.fica.unsl.edu.ar\/#\/schema\/person\/6058f9c66301868d3a691b1f5d6c3544"},"headline":"Prof. Mar\u00eda Bel\u00e9n Dom\u00ednguez nueva magister en Procesos Educativos Mediados por Tecnolog\u00edas","datePublished":"2025-11-18T14:36:14+00:00","dateModified":"2025-12-02T14:26:04+00:00","mainEntityOfPage":{"@id":"https:\/\/www.fica.unsl.edu.ar\/index.php\/prof-maria-belen-dominguez-nueva-magister-en-procesos-educativos-mediados-por-tecnologias\/"},"wordCount":168,"publisher":{"@id":"https:\/\/www.fica.unsl.edu.ar\/#organization"},"image":{"@id":"https:\/\/www.fica.unsl.edu.ar\/index.php\/prof-maria-belen-dominguez-nueva-magister-en-procesos-educativos-mediados-por-tecnologias\/#primaryimage"},"thumbnailUrl":"https:\/\/www.fica.unsl.edu.ar\/wp-content\/uploads\/2025\/11\/Belen-Dominguez-front.jpg","articleSection":["Noticias"],"inLanguage":"es-AR"},{"@type":"WebPage","@id":"https:\/\/www.fica.unsl.edu.ar\/index.php\/prof-maria-belen-dominguez-nueva-magister-en-procesos-educativos-mediados-por-tecnologias\/","url":"https:\/\/www.fica.unsl.edu.ar\/index.php\/prof-maria-belen-dominguez-nueva-magister-en-procesos-educativos-mediados-por-tecnologias\/","name":"Prof. Mar\u00eda Bel\u00e9n Dom\u00ednguez nueva magister en Procesos Educativos Mediados por Tecnolog\u00edas - Facultad de Ingenier\u00eda y Ciencias Agropecuarias","isPartOf":{"@id":"https:\/\/www.fica.unsl.edu.ar\/#website"},"primaryImageOfPage":{"@id":"https:\/\/www.fica.unsl.edu.ar\/index.php\/prof-maria-belen-dominguez-nueva-magister-en-procesos-educativos-mediados-por-tecnologias\/#primaryimage"},"image":{"@id":"https:\/\/www.fica.unsl.edu.ar\/index.php\/prof-maria-belen-dominguez-nueva-magister-en-procesos-educativos-mediados-por-tecnologias\/#primaryimage"},"thumbnailUrl":"https:\/\/www.fica.unsl.edu.ar\/wp-content\/uploads\/2025\/11\/Belen-Dominguez-front.jpg","datePublished":"2025-11-18T14:36:14+00:00","dateModified":"2025-12-02T14:26:04+00:00","inLanguage":"es-AR","potentialAction":[{"@type":"ReadAction","target":["https:\/\/www.fica.unsl.edu.ar\/index.php\/prof-maria-belen-dominguez-nueva-magister-en-procesos-educativos-mediados-por-tecnologias\/"]}]},{"@type":"ImageObject","inLanguage":"es-AR","@id":"https:\/\/www.fica.unsl.edu.ar\/index.php\/prof-maria-belen-dominguez-nueva-magister-en-procesos-educativos-mediados-por-tecnologias\/#primaryimage","url":"https:\/\/www.fica.unsl.edu.ar\/wp-content\/uploads\/2025\/11\/Belen-Dominguez-front.jpg","contentUrl":"https:\/\/www.fica.unsl.edu.ar\/wp-content\/uploads\/2025\/11\/Belen-Dominguez-front.jpg","width":1061,"height":585},{"@type":"WebSite","@id":"https:\/\/www.fica.unsl.edu.ar\/#website","url":"https:\/\/www.fica.unsl.edu.ar\/","name":"Facultad de Ingenier\u00eda y Ciencias Agropecuarias","description":"","publisher":{"@id":"https:\/\/www.fica.unsl.edu.ar\/#organization"},"potentialAction":[{"@type":"SearchAction","target":{"@type":"EntryPoint","urlTemplate":"https:\/\/www.fica.unsl.edu.ar\/?s={search_term_string}"},"query-input":{"@type":"PropertyValueSpecification","valueRequired":true,"valueName":"search_term_string"}}],"inLanguage":"es-AR"},{"@type":"Organization","@id":"https:\/\/www.fica.unsl.edu.ar\/#organization","name":"Facultad de Ingenier\u00eda y Ciencias Agropecuarias","url":"https:\/\/www.fica.unsl.edu.ar\/","logo":{"@type":"ImageObject","inLanguage":"es-AR","@id":"https:\/\/www.fica.unsl.edu.ar\/#\/schema\/logo\/image\/","url":"https:\/\/www.fica.unsl.edu.ar\/wp-content\/uploads\/2021\/03\/LOGO-1.jpg","contentUrl":"https:\/\/www.fica.unsl.edu.ar\/wp-content\/uploads\/2021\/03\/LOGO-1.jpg","width":463,"height":145,"caption":"Facultad de Ingenier\u00eda y Ciencias Agropecuarias"},"image":{"@id":"https:\/\/www.fica.unsl.edu.ar\/#\/schema\/logo\/image\/"},"sameAs":["https:\/\/www.facebook.com\/FICA.UNSL\/","https:\/\/x.com\/FICAUNSL","https:\/\/www.instagram.com\/fica.unsl\/","https:\/\/www.youtube.com\/channel\/UCs2MM53gb2PyBrMySdtWZDQ"]},{"@type":"Person","@id":"https:\/\/www.fica.unsl.edu.ar\/#\/schema\/person\/6058f9c66301868d3a691b1f5d6c3544","name":"DATI"}]}},"_links":{"self":[{"href":"https:\/\/www.fica.unsl.edu.ar\/index.php\/wp-json\/wp\/v2\/posts\/21598","targetHints":{"allow":["GET"]}}],"collection":[{"href":"https:\/\/www.fica.unsl.edu.ar\/index.php\/wp-json\/wp\/v2\/posts"}],"about":[{"href":"https:\/\/www.fica.unsl.edu.ar\/index.php\/wp-json\/wp\/v2\/types\/post"}],"author":[{"embeddable":true,"href":"https:\/\/www.fica.unsl.edu.ar\/index.php\/wp-json\/wp\/v2\/users\/9"}],"replies":[{"embeddable":true,"href":"https:\/\/www.fica.unsl.edu.ar\/index.php\/wp-json\/wp\/v2\/comments?post=21598"}],"version-history":[{"count":2,"href":"https:\/\/www.fica.unsl.edu.ar\/index.php\/wp-json\/wp\/v2\/posts\/21598\/revisions"}],"predecessor-version":[{"id":21694,"href":"https:\/\/www.fica.unsl.edu.ar\/index.php\/wp-json\/wp\/v2\/posts\/21598\/revisions\/21694"}],"wp:featuredmedia":[{"embeddable":true,"href":"https:\/\/www.fica.unsl.edu.ar\/index.php\/wp-json\/wp\/v2\/media\/21600"}],"wp:attachment":[{"href":"https:\/\/www.fica.unsl.edu.ar\/index.php\/wp-json\/wp\/v2\/media?parent=21598"}],"wp:term":[{"taxonomy":"category","embeddable":true,"href":"https:\/\/www.fica.unsl.edu.ar\/index.php\/wp-json\/wp\/v2\/categories?post=21598"},{"taxonomy":"post_tag","embeddable":true,"href":"https:\/\/www.fica.unsl.edu.ar\/index.php\/wp-json\/wp\/v2\/tags?post=21598"}],"curies":[{"name":"wp","href":"https:\/\/api.w.org\/{rel}","templated":true}]}}