{"id":21621,"date":"2025-11-27T13:20:57","date_gmt":"2025-11-27T16:20:57","guid":{"rendered":"https:\/\/www.fica.unsl.edu.ar\/?p=21621"},"modified":"2025-12-11T09:04:00","modified_gmt":"2025-12-11T12:04:00","slug":"programacion-de-la-escuela-internacional-de-formacion-en-extension-universitaria","status":"publish","type":"post","link":"https:\/\/www.fica.unsl.edu.ar\/index.php\/programacion-de-la-escuela-internacional-de-formacion-en-extension-universitaria\/","title":{"rendered":"Programaci\u00f3n de la Escuela Internacional de Formaci\u00f3n en Extensi\u00f3n Universitaria"},"content":{"rendered":"<p style=\"font-weight: 400;\"><b><strong>Los d\u00edas 5 y 6 de diciembre se desarrollar\u00e1 la Escuela Internacional de Formaci\u00f3n en Extensi\u00f3n Universitaria, con numerosas actividades abiertas a toda la comunidad, entre rondas de di\u00e1logo, talleres simult\u00e1neos en distintos territorios y el Primer Plenario de Extensi\u00f3n Cr\u00edtica.<\/strong><\/b><\/p>\n<p style=\"font-weight: 400;\">\u201cExtensi\u00f3n cr\u00edtica e integralidad desde los territorios: movimientos, organizaciones sociales y pueblos ancestrales como sujetos de derecho, saberes y pr\u00e1cticas de transformaci\u00f3n\u201d, es el lema de esta Escuela que invita a repensar el rol de la extensi\u00f3n en la universidad y su comunidad, para construir desde la integralidad.<\/p>\n<p style=\"font-weight: 400;\">La participaci\u00f3n es gratuita y requiere de inscripci\u00f3n previa a trav\u00e9s del siguiente\u00a0<a href=\"https:\/\/forms.gle\/8CmvLNgHPUU422GU7\">Formulario<\/a>.<\/p>\n<p style=\"font-weight: 400;\"><b><strong>CRONOGRAMA<\/strong><\/b><\/p>\n<p style=\"font-weight: 400;\"><b><strong>VIERNES 5\/12<\/strong><\/b><\/p>\n<p style=\"font-weight: 400;\"><b><strong>8:30 hs<\/strong><\/b>\u00a0&#8211; Traslado desde la UNSL a la Comunidad Huarpe<br \/>\n(Av. Ej\u00e9rcito de los Andes 950)<\/p>\n<p style=\"font-weight: 400;\"><b><strong>9:30 hs<\/strong><\/b>\u00a0&#8211; Inscripciones y acreditaciones en la Comunidad Huarpe<br \/>\nGPS 33\u00b014&#8217;19.1&#8243;S 66\u00b017&#8217;22.9&#8243;W<\/p>\n<p style=\"font-weight: 400;\"><b><strong>10:00 hs<\/strong><\/b>\u00a0&#8211; Presentaci\u00f3n de la Jornada<br \/>\nRondas de discusi\u00f3n. Actividades de trabajo en grupo<\/p>\n<p style=\"font-weight: 400;\"><b><strong>13:00 hs<\/strong><\/b>\u00a0&#8211; Almuerzo<\/p>\n<p style=\"font-weight: 400;\"><b><strong>14:30 hs<\/strong><\/b>\u00a0&#8211; Asamblea: puesta en com\u00fan de las comisiones<\/p>\n<p style=\"font-weight: 400;\"><b><strong>16:00 hs<\/strong><\/b>\u00a0&#8211; Primer Plenario sobre Extensi\u00f3n Cr\u00edtica<\/p>\n<p style=\"font-weight: 400;\"><b><strong>17:30 hs<\/strong><\/b>\u00a0&#8211; Merienda<\/p>\n<p style=\"font-weight: 400;\"><b><strong>18:30 hs<\/strong><\/b>\u00a0&#8211; Cierre y regreso<\/p>\n<p style=\"font-weight: 400;\"><b><strong>SABADO 6\/12<\/strong><\/b><\/p>\n<p style=\"font-weight: 400;\"><b><strong>9:30 hs a 12:00 hs<\/strong><\/b>\u00a0&#8211; Talleres simult\u00e1neos<\/p>\n<h3 style=\"font-weight: 400; text-align: left;\"><b><strong><em>Barrios resistiendo desde el cuidado: trueque de saberes<br \/>\n<\/em><\/strong><\/b>Sede: Barrio Rep\u00fablica<\/h3>\n<h3 style=\"font-weight: 400; text-align: center;\"><strong><span style=\"color: #3366ff;\"><a style=\"color: #3366ff;\" href=\"https:\/\/forms.gle\/9LDJVDvxt7SfFrPz5\">Formulario de inscripci\u00f3n<\/a><\/span><\/strong><\/h3>\n<h3 style=\"font-weight: 400;\"><b><strong><em>Ambiente y territorio: \u00bfQu\u00e9 hacemos frente a los extractivismos?<br \/>\n<\/em><\/strong><\/b>Sede: El Chang\u00fci en Juana Koslay<\/h3>\n<h3 style=\"font-weight: 400; text-align: center;\"><strong><span style=\"color: #3366ff;\"><a style=\"color: #3366ff;\" href=\"https:\/\/forms.gle\/VeAnuXZat1WKLcTKA\">Formulario de inscripci\u00f3n<\/a><\/span><\/strong><\/h3>\n<p style=\"font-weight: 400;\"><b><strong><em>Curricularizaci\u00f3n de la extensi\u00f3n cr\u00edtica: entramado en construcci\u00f3n<br \/>\n<\/em><\/strong><\/b>Microcine de la UNSL<\/p>\n<h3 style=\"font-weight: 400; text-align: center;\"><strong><a href=\"https:\/\/forms.gle\/DebQSgbtuLftwBth9\">Formulario de inscripci\u00f3n<\/a><\/strong><\/h3>\n<p style=\"font-weight: 400;\"><b><strong><em>Comunidad es Humanidad<br \/>\n<\/em><\/strong><\/b>Sede: Localidad de Luj\u00e1n<\/p>\n<h3 style=\"font-weight: 400; text-align: center;\"><strong><span style=\"color: #3366ff;\"><a style=\"color: #3366ff;\" href=\"https:\/\/forms.gle\/GS1GnVxAUQPuEz1Z7\">Formulario de inscripci\u00f3n<\/a><\/span><\/strong><\/h3>\n<p style=\"font-weight: 400;\"><b><strong><em>\u00bfUniversidad para qui\u00e9n? el legado de Mauricio L\u00f3pez y el estudiante de hoy<br \/>\n<\/em><\/strong><\/b>Sede: Centro de Pr\u00e1cticas Pedag\u00f3gicas y Socio Comunitarias<\/p>\n<h3 style=\"font-weight: 400; text-align: center;\"><strong><a href=\"https:\/\/forms.gle\/ZkQCHJT7L5DB6skJ9\">Formulario de inscripci\u00f3n<\/a><\/strong><\/h3>\n<p style=\"font-weight: 400;\"><b><strong><em>Salud mental y territorio. Construyendo \u201cRefugios de Escucha\u201d en comunidad desde la Red Comunitaria Norte<br \/>\n<\/em><\/strong><\/b>Sede: Sal\u00f3n Comunitario de la plaza Esperanza en Barrio Eva Per\u00f3n<\/p>\n<h3 style=\"font-weight: 400; text-align: center;\"><strong><span style=\"color: #3366ff;\"><a style=\"color: #3366ff;\" href=\"https:\/\/forms.gle\/2bSYNJUGJRGqKKkj7\">Formulario de inscripci\u00f3n<\/a><\/span><\/strong><\/h3>\n<p style=\"font-weight: 400;\"><b><strong>12:30 hs<\/strong><\/b>\u00a0&#8211; Almuerzo en la UNSL<\/p>\n<p style=\"font-weight: 400;\"><b><strong>14:30 hs<\/strong><\/b>\u00a0&#8211; Plenario de comisiones<br \/>\nSede: Parque de la UNSL<\/p>\n<p style=\"font-weight: 400;\"><b><strong>15:00 hs<\/strong><\/b>\u00a0&#8211; Di\u00e1logos con Humberto Tommasino, Delia Bianchi y Guillermo Folguera<br \/>\nSede: Parque de la UNSL<\/p>\n<p style=\"font-weight: 400;\"><b><strong>16:00 hs<\/strong><\/b>\u00a0&#8211; Fiesta musical<br \/>\nSede: Parque de la UNSL<\/p>\n<p style=\"font-weight: 400;\">Para saber m\u00e1s, ingresar a la\u00a0<a href=\"https:\/\/drive.google.com\/file\/d\/1I9XYDRET8OpR-fiTVV7knjv7LW4rD8n9\/view?usp=sharing\">Segunda Circular<\/a><\/p>\n<p style=\"font-weight: 400;\"><b><strong>Contacto:<\/strong><\/b>\u00a0<a href=\"mailto:escueladeextensionsanluis@gmail.com\">escueladeextensionsanluis@gmail.com<\/a><\/p>\n","protected":false},"excerpt":{"rendered":"<p>Los d\u00edas 5 y 6 de diciembre se desarrollar\u00e1 la Escuela Internacional de Formaci\u00f3n en Extensi\u00f3n Universitaria, con numerosas actividades abiertas a toda la comunidad,&hellip;<\/p>\n","protected":false},"author":9,"featured_media":21622,"comment_status":"closed","ping_status":"closed","sticky":false,"template":"","format":"standard","meta":{"_monsterinsights_skip_tracking":false,"_monsterinsights_sitenote_active":false,"_monsterinsights_sitenote_note":"","_monsterinsights_sitenote_category":0,"_joinchat":[],"footnotes":""},"categories":[19],"tags":[],"class_list":["post-21621","post","type-post","status-publish","format-standard","has-post-thumbnail","hentry","category-noticias"],"yoast_head":"<!-- This site is optimized with the Yoast SEO plugin v27.4 - https:\/\/yoast.com\/product\/yoast-seo-wordpress\/ -->\n<title>Programaci\u00f3n de la Escuela Internacional de Formaci\u00f3n en Extensi\u00f3n Universitaria - Facultad de Ingenier\u00eda y Ciencias Agropecuarias<\/title>\n<meta name=\"robots\" content=\"index, follow, max-snippet:-1, max-image-preview:large, max-video-preview:-1\" \/>\n<link rel=\"canonical\" href=\"https:\/\/www.fica.unsl.edu.ar\/index.php\/programacion-de-la-escuela-internacional-de-formacion-en-extension-universitaria\/\" \/>\n<meta property=\"og:locale\" content=\"es_ES\" \/>\n<meta property=\"og:type\" content=\"article\" \/>\n<meta property=\"og:title\" content=\"Programaci\u00f3n de la Escuela Internacional de Formaci\u00f3n en Extensi\u00f3n Universitaria - Facultad de Ingenier\u00eda y Ciencias Agropecuarias\" \/>\n<meta property=\"og:description\" content=\"Los d\u00edas 5 y 6 de diciembre se desarrollar\u00e1 la Escuela Internacional de Formaci\u00f3n en Extensi\u00f3n Universitaria, con numerosas actividades abiertas a toda la comunidad,&hellip;\" \/>\n<meta property=\"og:url\" content=\"https:\/\/www.fica.unsl.edu.ar\/index.php\/programacion-de-la-escuela-internacional-de-formacion-en-extension-universitaria\/\" \/>\n<meta property=\"og:site_name\" content=\"Facultad de Ingenier\u00eda y Ciencias Agropecuarias\" \/>\n<meta property=\"article:publisher\" content=\"https:\/\/www.facebook.com\/FICA.UNSL\/\" \/>\n<meta property=\"article:published_time\" content=\"2025-11-27T16:20:57+00:00\" \/>\n<meta property=\"article:modified_time\" content=\"2025-12-11T12:04:00+00:00\" \/>\n<meta property=\"og:image\" content=\"https:\/\/www.fica.unsl.edu.ar\/wp-content\/uploads\/2025\/11\/escuela-internacional-front.jpg\" \/>\n\t<meta property=\"og:image:width\" content=\"2048\" \/>\n\t<meta property=\"og:image:height\" content=\"1152\" \/>\n\t<meta property=\"og:image:type\" content=\"image\/jpeg\" \/>\n<meta name=\"author\" content=\"DATI\" \/>\n<meta name=\"twitter:card\" content=\"summary_large_image\" \/>\n<meta name=\"twitter:creator\" content=\"@FICAUNSL\" \/>\n<meta name=\"twitter:site\" content=\"@FICAUNSL\" \/>\n<meta name=\"twitter:label1\" content=\"Escrito por\" \/>\n\t<meta name=\"twitter:data1\" content=\"DATI\" \/>\n\t<meta name=\"twitter:label2\" content=\"Tiempo de lectura\" \/>\n\t<meta name=\"twitter:data2\" content=\"2 minutos\" \/>\n<script type=\"application\/ld+json\" class=\"yoast-schema-graph\">{\"@context\":\"https:\\\/\\\/schema.org\",\"@graph\":[{\"@type\":\"Article\",\"@id\":\"https:\\\/\\\/www.fica.unsl.edu.ar\\\/index.php\\\/programacion-de-la-escuela-internacional-de-formacion-en-extension-universitaria\\\/#article\",\"isPartOf\":{\"@id\":\"https:\\\/\\\/www.fica.unsl.edu.ar\\\/index.php\\\/programacion-de-la-escuela-internacional-de-formacion-en-extension-universitaria\\\/\"},\"author\":{\"name\":\"DATI\",\"@id\":\"https:\\\/\\\/www.fica.unsl.edu.ar\\\/#\\\/schema\\\/person\\\/6058f9c66301868d3a691b1f5d6c3544\"},\"headline\":\"Programaci\u00f3n de la Escuela Internacional de Formaci\u00f3n en Extensi\u00f3n Universitaria\",\"datePublished\":\"2025-11-27T16:20:57+00:00\",\"dateModified\":\"2025-12-11T12:04:00+00:00\",\"mainEntityOfPage\":{\"@id\":\"https:\\\/\\\/www.fica.unsl.edu.ar\\\/index.php\\\/programacion-de-la-escuela-internacional-de-formacion-en-extension-universitaria\\\/\"},\"wordCount\":397,\"publisher\":{\"@id\":\"https:\\\/\\\/www.fica.unsl.edu.ar\\\/#organization\"},\"image\":{\"@id\":\"https:\\\/\\\/www.fica.unsl.edu.ar\\\/index.php\\\/programacion-de-la-escuela-internacional-de-formacion-en-extension-universitaria\\\/#primaryimage\"},\"thumbnailUrl\":\"https:\\\/\\\/www.fica.unsl.edu.ar\\\/wp-content\\\/uploads\\\/2025\\\/11\\\/escuela-internacional-front.jpg\",\"articleSection\":[\"Noticias\"],\"inLanguage\":\"es-AR\"},{\"@type\":\"WebPage\",\"@id\":\"https:\\\/\\\/www.fica.unsl.edu.ar\\\/index.php\\\/programacion-de-la-escuela-internacional-de-formacion-en-extension-universitaria\\\/\",\"url\":\"https:\\\/\\\/www.fica.unsl.edu.ar\\\/index.php\\\/programacion-de-la-escuela-internacional-de-formacion-en-extension-universitaria\\\/\",\"name\":\"Programaci\u00f3n de la Escuela Internacional de Formaci\u00f3n en Extensi\u00f3n Universitaria - Facultad de Ingenier\u00eda y Ciencias Agropecuarias\",\"isPartOf\":{\"@id\":\"https:\\\/\\\/www.fica.unsl.edu.ar\\\/#website\"},\"primaryImageOfPage\":{\"@id\":\"https:\\\/\\\/www.fica.unsl.edu.ar\\\/index.php\\\/programacion-de-la-escuela-internacional-de-formacion-en-extension-universitaria\\\/#primaryimage\"},\"image\":{\"@id\":\"https:\\\/\\\/www.fica.unsl.edu.ar\\\/index.php\\\/programacion-de-la-escuela-internacional-de-formacion-en-extension-universitaria\\\/#primaryimage\"},\"thumbnailUrl\":\"https:\\\/\\\/www.fica.unsl.edu.ar\\\/wp-content\\\/uploads\\\/2025\\\/11\\\/escuela-internacional-front.jpg\",\"datePublished\":\"2025-11-27T16:20:57+00:00\",\"dateModified\":\"2025-12-11T12:04:00+00:00\",\"inLanguage\":\"es-AR\",\"potentialAction\":[{\"@type\":\"ReadAction\",\"target\":[\"https:\\\/\\\/www.fica.unsl.edu.ar\\\/index.php\\\/programacion-de-la-escuela-internacional-de-formacion-en-extension-universitaria\\\/\"]}]},{\"@type\":\"ImageObject\",\"inLanguage\":\"es-AR\",\"@id\":\"https:\\\/\\\/www.fica.unsl.edu.ar\\\/index.php\\\/programacion-de-la-escuela-internacional-de-formacion-en-extension-universitaria\\\/#primaryimage\",\"url\":\"https:\\\/\\\/www.fica.unsl.edu.ar\\\/wp-content\\\/uploads\\\/2025\\\/11\\\/escuela-internacional-front.jpg\",\"contentUrl\":\"https:\\\/\\\/www.fica.unsl.edu.ar\\\/wp-content\\\/uploads\\\/2025\\\/11\\\/escuela-internacional-front.jpg\",\"width\":2048,\"height\":1152},{\"@type\":\"WebSite\",\"@id\":\"https:\\\/\\\/www.fica.unsl.edu.ar\\\/#website\",\"url\":\"https:\\\/\\\/www.fica.unsl.edu.ar\\\/\",\"name\":\"Facultad de Ingenier\u00eda y Ciencias Agropecuarias\",\"description\":\"\",\"publisher\":{\"@id\":\"https:\\\/\\\/www.fica.unsl.edu.ar\\\/#organization\"},\"potentialAction\":[{\"@type\":\"SearchAction\",\"target\":{\"@type\":\"EntryPoint\",\"urlTemplate\":\"https:\\\/\\\/www.fica.unsl.edu.ar\\\/?s={search_term_string}\"},\"query-input\":{\"@type\":\"PropertyValueSpecification\",\"valueRequired\":true,\"valueName\":\"search_term_string\"}}],\"inLanguage\":\"es-AR\"},{\"@type\":\"Organization\",\"@id\":\"https:\\\/\\\/www.fica.unsl.edu.ar\\\/#organization\",\"name\":\"Facultad de Ingenier\u00eda y Ciencias Agropecuarias\",\"url\":\"https:\\\/\\\/www.fica.unsl.edu.ar\\\/\",\"logo\":{\"@type\":\"ImageObject\",\"inLanguage\":\"es-AR\",\"@id\":\"https:\\\/\\\/www.fica.unsl.edu.ar\\\/#\\\/schema\\\/logo\\\/image\\\/\",\"url\":\"https:\\\/\\\/www.fica.unsl.edu.ar\\\/wp-content\\\/uploads\\\/2021\\\/03\\\/LOGO-1.jpg\",\"contentUrl\":\"https:\\\/\\\/www.fica.unsl.edu.ar\\\/wp-content\\\/uploads\\\/2021\\\/03\\\/LOGO-1.jpg\",\"width\":463,\"height\":145,\"caption\":\"Facultad de Ingenier\u00eda y Ciencias Agropecuarias\"},\"image\":{\"@id\":\"https:\\\/\\\/www.fica.unsl.edu.ar\\\/#\\\/schema\\\/logo\\\/image\\\/\"},\"sameAs\":[\"https:\\\/\\\/www.facebook.com\\\/FICA.UNSL\\\/\",\"https:\\\/\\\/x.com\\\/FICAUNSL\",\"https:\\\/\\\/www.instagram.com\\\/fica.unsl\\\/\",\"https:\\\/\\\/www.youtube.com\\\/channel\\\/UCs2MM53gb2PyBrMySdtWZDQ\"]},{\"@type\":\"Person\",\"@id\":\"https:\\\/\\\/www.fica.unsl.edu.ar\\\/#\\\/schema\\\/person\\\/6058f9c66301868d3a691b1f5d6c3544\",\"name\":\"DATI\"}]}<\/script>\n<!-- \/ Yoast SEO plugin. -->","yoast_head_json":{"title":"Programaci\u00f3n de la Escuela Internacional de Formaci\u00f3n en Extensi\u00f3n Universitaria - Facultad de Ingenier\u00eda y Ciencias Agropecuarias","robots":{"index":"index","follow":"follow","max-snippet":"max-snippet:-1","max-image-preview":"max-image-preview:large","max-video-preview":"max-video-preview:-1"},"canonical":"https:\/\/www.fica.unsl.edu.ar\/index.php\/programacion-de-la-escuela-internacional-de-formacion-en-extension-universitaria\/","og_locale":"es_ES","og_type":"article","og_title":"Programaci\u00f3n de la Escuela Internacional de Formaci\u00f3n en Extensi\u00f3n Universitaria - Facultad de Ingenier\u00eda y Ciencias Agropecuarias","og_description":"Los d\u00edas 5 y 6 de diciembre se desarrollar\u00e1 la Escuela Internacional de Formaci\u00f3n en Extensi\u00f3n Universitaria, con numerosas actividades abiertas a toda la comunidad,&hellip;","og_url":"https:\/\/www.fica.unsl.edu.ar\/index.php\/programacion-de-la-escuela-internacional-de-formacion-en-extension-universitaria\/","og_site_name":"Facultad de Ingenier\u00eda y Ciencias Agropecuarias","article_publisher":"https:\/\/www.facebook.com\/FICA.UNSL\/","article_published_time":"2025-11-27T16:20:57+00:00","article_modified_time":"2025-12-11T12:04:00+00:00","og_image":[{"width":2048,"height":1152,"url":"https:\/\/www.fica.unsl.edu.ar\/wp-content\/uploads\/2025\/11\/escuela-internacional-front.jpg","type":"image\/jpeg"}],"author":"DATI","twitter_card":"summary_large_image","twitter_creator":"@FICAUNSL","twitter_site":"@FICAUNSL","twitter_misc":{"Escrito por":"DATI","Tiempo de lectura":"2 minutos"},"schema":{"@context":"https:\/\/schema.org","@graph":[{"@type":"Article","@id":"https:\/\/www.fica.unsl.edu.ar\/index.php\/programacion-de-la-escuela-internacional-de-formacion-en-extension-universitaria\/#article","isPartOf":{"@id":"https:\/\/www.fica.unsl.edu.ar\/index.php\/programacion-de-la-escuela-internacional-de-formacion-en-extension-universitaria\/"},"author":{"name":"DATI","@id":"https:\/\/www.fica.unsl.edu.ar\/#\/schema\/person\/6058f9c66301868d3a691b1f5d6c3544"},"headline":"Programaci\u00f3n de la Escuela Internacional de Formaci\u00f3n en Extensi\u00f3n Universitaria","datePublished":"2025-11-27T16:20:57+00:00","dateModified":"2025-12-11T12:04:00+00:00","mainEntityOfPage":{"@id":"https:\/\/www.fica.unsl.edu.ar\/index.php\/programacion-de-la-escuela-internacional-de-formacion-en-extension-universitaria\/"},"wordCount":397,"publisher":{"@id":"https:\/\/www.fica.unsl.edu.ar\/#organization"},"image":{"@id":"https:\/\/www.fica.unsl.edu.ar\/index.php\/programacion-de-la-escuela-internacional-de-formacion-en-extension-universitaria\/#primaryimage"},"thumbnailUrl":"https:\/\/www.fica.unsl.edu.ar\/wp-content\/uploads\/2025\/11\/escuela-internacional-front.jpg","articleSection":["Noticias"],"inLanguage":"es-AR"},{"@type":"WebPage","@id":"https:\/\/www.fica.unsl.edu.ar\/index.php\/programacion-de-la-escuela-internacional-de-formacion-en-extension-universitaria\/","url":"https:\/\/www.fica.unsl.edu.ar\/index.php\/programacion-de-la-escuela-internacional-de-formacion-en-extension-universitaria\/","name":"Programaci\u00f3n de la Escuela Internacional de Formaci\u00f3n en Extensi\u00f3n Universitaria - Facultad de Ingenier\u00eda y Ciencias Agropecuarias","isPartOf":{"@id":"https:\/\/www.fica.unsl.edu.ar\/#website"},"primaryImageOfPage":{"@id":"https:\/\/www.fica.unsl.edu.ar\/index.php\/programacion-de-la-escuela-internacional-de-formacion-en-extension-universitaria\/#primaryimage"},"image":{"@id":"https:\/\/www.fica.unsl.edu.ar\/index.php\/programacion-de-la-escuela-internacional-de-formacion-en-extension-universitaria\/#primaryimage"},"thumbnailUrl":"https:\/\/www.fica.unsl.edu.ar\/wp-content\/uploads\/2025\/11\/escuela-internacional-front.jpg","datePublished":"2025-11-27T16:20:57+00:00","dateModified":"2025-12-11T12:04:00+00:00","inLanguage":"es-AR","potentialAction":[{"@type":"ReadAction","target":["https:\/\/www.fica.unsl.edu.ar\/index.php\/programacion-de-la-escuela-internacional-de-formacion-en-extension-universitaria\/"]}]},{"@type":"ImageObject","inLanguage":"es-AR","@id":"https:\/\/www.fica.unsl.edu.ar\/index.php\/programacion-de-la-escuela-internacional-de-formacion-en-extension-universitaria\/#primaryimage","url":"https:\/\/www.fica.unsl.edu.ar\/wp-content\/uploads\/2025\/11\/escuela-internacional-front.jpg","contentUrl":"https:\/\/www.fica.unsl.edu.ar\/wp-content\/uploads\/2025\/11\/escuela-internacional-front.jpg","width":2048,"height":1152},{"@type":"WebSite","@id":"https:\/\/www.fica.unsl.edu.ar\/#website","url":"https:\/\/www.fica.unsl.edu.ar\/","name":"Facultad de Ingenier\u00eda y Ciencias Agropecuarias","description":"","publisher":{"@id":"https:\/\/www.fica.unsl.edu.ar\/#organization"},"potentialAction":[{"@type":"SearchAction","target":{"@type":"EntryPoint","urlTemplate":"https:\/\/www.fica.unsl.edu.ar\/?s={search_term_string}"},"query-input":{"@type":"PropertyValueSpecification","valueRequired":true,"valueName":"search_term_string"}}],"inLanguage":"es-AR"},{"@type":"Organization","@id":"https:\/\/www.fica.unsl.edu.ar\/#organization","name":"Facultad de Ingenier\u00eda y Ciencias Agropecuarias","url":"https:\/\/www.fica.unsl.edu.ar\/","logo":{"@type":"ImageObject","inLanguage":"es-AR","@id":"https:\/\/www.fica.unsl.edu.ar\/#\/schema\/logo\/image\/","url":"https:\/\/www.fica.unsl.edu.ar\/wp-content\/uploads\/2021\/03\/LOGO-1.jpg","contentUrl":"https:\/\/www.fica.unsl.edu.ar\/wp-content\/uploads\/2021\/03\/LOGO-1.jpg","width":463,"height":145,"caption":"Facultad de Ingenier\u00eda y Ciencias Agropecuarias"},"image":{"@id":"https:\/\/www.fica.unsl.edu.ar\/#\/schema\/logo\/image\/"},"sameAs":["https:\/\/www.facebook.com\/FICA.UNSL\/","https:\/\/x.com\/FICAUNSL","https:\/\/www.instagram.com\/fica.unsl\/","https:\/\/www.youtube.com\/channel\/UCs2MM53gb2PyBrMySdtWZDQ"]},{"@type":"Person","@id":"https:\/\/www.fica.unsl.edu.ar\/#\/schema\/person\/6058f9c66301868d3a691b1f5d6c3544","name":"DATI"}]}},"_links":{"self":[{"href":"https:\/\/www.fica.unsl.edu.ar\/index.php\/wp-json\/wp\/v2\/posts\/21621","targetHints":{"allow":["GET"]}}],"collection":[{"href":"https:\/\/www.fica.unsl.edu.ar\/index.php\/wp-json\/wp\/v2\/posts"}],"about":[{"href":"https:\/\/www.fica.unsl.edu.ar\/index.php\/wp-json\/wp\/v2\/types\/post"}],"author":[{"embeddable":true,"href":"https:\/\/www.fica.unsl.edu.ar\/index.php\/wp-json\/wp\/v2\/users\/9"}],"replies":[{"embeddable":true,"href":"https:\/\/www.fica.unsl.edu.ar\/index.php\/wp-json\/wp\/v2\/comments?post=21621"}],"version-history":[{"count":1,"href":"https:\/\/www.fica.unsl.edu.ar\/index.php\/wp-json\/wp\/v2\/posts\/21621\/revisions"}],"predecessor-version":[{"id":21623,"href":"https:\/\/www.fica.unsl.edu.ar\/index.php\/wp-json\/wp\/v2\/posts\/21621\/revisions\/21623"}],"wp:featuredmedia":[{"embeddable":true,"href":"https:\/\/www.fica.unsl.edu.ar\/index.php\/wp-json\/wp\/v2\/media\/21622"}],"wp:attachment":[{"href":"https:\/\/www.fica.unsl.edu.ar\/index.php\/wp-json\/wp\/v2\/media?parent=21621"}],"wp:term":[{"taxonomy":"category","embeddable":true,"href":"https:\/\/www.fica.unsl.edu.ar\/index.php\/wp-json\/wp\/v2\/categories?post=21621"},{"taxonomy":"post_tag","embeddable":true,"href":"https:\/\/www.fica.unsl.edu.ar\/index.php\/wp-json\/wp\/v2\/tags?post=21621"}],"curies":[{"name":"wp","href":"https:\/\/api.w.org\/{rel}","templated":true}]}}