{"id":22076,"date":"2026-03-19T00:48:15","date_gmt":"2026-03-19T03:48:15","guid":{"rendered":"https:\/\/www.fica.unsl.edu.ar\/?p=22076"},"modified":"2026-03-19T08:15:01","modified_gmt":"2026-03-19T11:15:01","slug":"se-encuentran-abiertas-las-inscripciones-a-la-3-cohorte-especializacion-en-calidad-de-procesos-industriales","status":"publish","type":"post","link":"https:\/\/www.fica.unsl.edu.ar\/index.php\/se-encuentran-abiertas-las-inscripciones-a-la-3-cohorte-especializacion-en-calidad-de-procesos-industriales\/","title":{"rendered":"Se encuentran abiertas las inscripciones a la 3\u00b0 Cohorte Especializaci\u00f3n en Calidad de Procesos Industriales"},"content":{"rendered":"<p>La Secretar\u00eda de Investigaci\u00f3n y Posgrado informa que se encuentran abiertas las inscripciones a la 3\u00b0 Cohorte Especializaci\u00f3n en Calidad de Procesos Industriales, que dar\u00e1 inicio el pr\u00f3ximo 20 de marzo de 2026.<\/p>\n<p>Esta carrera tiene como objetivo actualizar y capacitar a profesionales a trav\u00e9s de la profundizaci\u00f3n en el dominio sist\u00e9mico de la Calidad de Procesos Industriales. Pretende formar a profesionales que potencialmente pueden ser responsables en los procesos de mejora de la calidad de los productos y\/o servicios de una organizaci\u00f3n, requisito indispensable para poder competir en un mercado globalizado, as\u00ed como a futuros docentes en el tema.<\/p>\n<p>La especializaci\u00f3n est\u00e1 destinada a profesionales de diferentes campos de conocimiento, docentes de todas las facultades de la Universidad Nacional de San Luis y de Universidades de la regi\u00f3n, que potencialmente puedan ser responsables en los procesos de mejora de la calidad de los productos y\/o servicios de una organizaci\u00f3n, requisito indispensable para poder competir en un mercado globalizado.<\/p>\n<p>La propuesta acad\u00e9mica para la especializaci\u00f3n est\u00e1 dise\u00f1ada en 4 M\u00f3dulos, compuesto por 13 Seminarios, 4 Talleres Integradores y un Trabajo Final Integrador.<\/p>\n<ul>\n<li>Carga horaria: 440 hs. reloj<\/li>\n<li>Duraci\u00f3n estimada: 15 meses<\/li>\n<\/ul>\n<p>El estudiante que haya cumplido la totalidad de la presentaci\u00f3n curricular descripta obtendr\u00e1 el t\u00edtulo de \u201cEspecialista en Calidad de Procesos Industriales\u201d y habr\u00e1 profundizado en el dominio sist\u00e9mico de la Calidad en Procesos Industriales, con competencia para formular, liderar y apoyar eficientemente la gesti\u00f3n integral de la calidad tanto en empresas como proyectos.<\/p>\n<p><strong>CONDICIONES DE ADMISION<\/strong><\/p>\n<p>Ser\u00e1n admitidos de modo directo los profesionales con t\u00edtulo de grado expedido por Universidades reconocidas por el Ministerio de Educaci\u00f3n de la Naci\u00f3n.<\/p>\n<p><strong>MODALIDAD DE CURSADO<\/strong><\/p>\n<p>El plan de estudios se desarrolla en un formato estructurado y de car\u00e1cter continuo, bajo una modalidad Virtual Sincr\u00f3nica con dos encuentros presenciales anuales obligatorios (incluyendo el de apertura). El dictado de los seminarios se realizar\u00e1 de forma semanal o quincenal, seg\u00fan cronograma, en los horarios detallados a continuaci\u00f3n:<\/p>\n<ul>\n<li>Viernes de 18 a 21 hs<\/li>\n<li>S\u00e1bados de 09 a 12 hs<\/li>\n<\/ul>\n<p><strong>MATR\u00cdCULA<\/strong><\/p>\n<p>Se debe abonar una cuota de Inscripci\u00f3n de $120000 (en marzo) y 14 cuotas mensuales (a partir del mes de abril). El arancel de las cuotas es de $120000. Este valor podr\u00e1 ajustarse para el a\u00f1o 2027.\u00a0Beca para Docentes de la UNSL: 25% (cupos limitados)<\/p>\n<p><strong>INFORMES<\/strong><\/p>\n<p>Para m\u00e1s informaci\u00f3n respecto a la carrera dirigirse a:<\/p>\n<blockquote class=\"wp-embedded-content\" data-secret=\"peEYs4Grns\"><p><a href=\"https:\/\/iyp.fica.unsl.edu.ar\/index.php\/posgrado\/carrera-ecpi\/\">ECPI<\/a><\/p><\/blockquote>\n<p><iframe class=\"wp-embedded-content\" sandbox=\"allow-scripts\" security=\"restricted\" style=\"position: absolute; visibility: hidden;\" title=\"&#8220;ECPI&#8221; &#8212; Secretar\u00eda de Investigaci\u00f3n y Posgrado\" src=\"https:\/\/iyp.fica.unsl.edu.ar\/index.php\/posgrado\/carrera-ecpi\/embed\/#?secret=diPVSZmNuy#?secret=peEYs4Grns\" data-secret=\"peEYs4Grns\" width=\"600\" height=\"338\" frameborder=\"0\" marginwidth=\"0\" marginheight=\"0\" scrolling=\"no\"><\/iframe><\/p>\n<p><strong>Para consultas:<\/strong><\/p>\n<p>COORDINADORA: Ing. Paola Yacanto<br \/>\nCorreo: especializacion.cpi.fica@gmail.com<\/p>\n<p><img fetchpriority=\"high\" decoding=\"async\" class=\"wp-image-22077 size-full aligncenter\" src=\"https:\/\/www.fica.unsl.edu.ar\/wp-content\/uploads\/2026\/03\/Flyer-IMG-20241213-WA0000.jpg\" alt=\"\" width=\"1080\" height=\"1351\" srcset=\"https:\/\/www.fica.unsl.edu.ar\/wp-content\/uploads\/2026\/03\/Flyer-IMG-20241213-WA0000.jpg 1080w, https:\/\/www.fica.unsl.edu.ar\/wp-content\/uploads\/2026\/03\/Flyer-IMG-20241213-WA0000-240x300.jpg 240w, https:\/\/www.fica.unsl.edu.ar\/wp-content\/uploads\/2026\/03\/Flyer-IMG-20241213-WA0000-819x1024.jpg 819w, https:\/\/www.fica.unsl.edu.ar\/wp-content\/uploads\/2026\/03\/Flyer-IMG-20241213-WA0000-768x961.jpg 768w\" sizes=\"(max-width: 1080px) 100vw, 1080px\" \/><\/p>\n","protected":false},"excerpt":{"rendered":"<p>La Secretar\u00eda de Investigaci\u00f3n y Posgrado informa que se encuentran abiertas las inscripciones a la 3\u00b0 Cohorte Especializaci\u00f3n en Calidad de Procesos Industriales, que dar\u00e1&hellip;<\/p>\n","protected":false},"author":14,"featured_media":18978,"comment_status":"closed","ping_status":"closed","sticky":false,"template":"","format":"standard","meta":{"_monsterinsights_skip_tracking":false,"_monsterinsights_sitenote_active":false,"_monsterinsights_sitenote_note":"","_monsterinsights_sitenote_category":0,"_joinchat":[],"footnotes":""},"categories":[19,20],"tags":[],"class_list":["post-22076","post","type-post","status-publish","format-standard","has-post-thumbnail","hentry","category-noticias","category-principal"],"yoast_head":"<!-- This site is optimized with the Yoast SEO plugin v27.4 - https:\/\/yoast.com\/product\/yoast-seo-wordpress\/ -->\n<title>Se encuentran abiertas las inscripciones a la 3\u00b0 Cohorte Especializaci\u00f3n en Calidad de Procesos Industriales - Facultad de Ingenier\u00eda y Ciencias Agropecuarias<\/title>\n<meta name=\"robots\" content=\"index, follow, max-snippet:-1, max-image-preview:large, max-video-preview:-1\" \/>\n<link rel=\"canonical\" href=\"https:\/\/www.fica.unsl.edu.ar\/index.php\/se-encuentran-abiertas-las-inscripciones-a-la-3-cohorte-especializacion-en-calidad-de-procesos-industriales\/\" \/>\n<meta property=\"og:locale\" content=\"es_ES\" \/>\n<meta property=\"og:type\" content=\"article\" \/>\n<meta property=\"og:title\" content=\"Se encuentran abiertas las inscripciones a la 3\u00b0 Cohorte Especializaci\u00f3n en Calidad de Procesos Industriales - Facultad de Ingenier\u00eda y Ciencias Agropecuarias\" \/>\n<meta property=\"og:description\" content=\"La Secretar\u00eda de Investigaci\u00f3n y Posgrado informa que se encuentran abiertas las inscripciones a la 3\u00b0 Cohorte Especializaci\u00f3n en Calidad de Procesos Industriales, que dar\u00e1&hellip;\" \/>\n<meta property=\"og:url\" content=\"https:\/\/www.fica.unsl.edu.ar\/index.php\/se-encuentran-abiertas-las-inscripciones-a-la-3-cohorte-especializacion-en-calidad-de-procesos-industriales\/\" \/>\n<meta property=\"og:site_name\" content=\"Facultad de Ingenier\u00eda y Ciencias Agropecuarias\" \/>\n<meta property=\"article:publisher\" content=\"https:\/\/www.facebook.com\/FICA.UNSL\/\" \/>\n<meta property=\"article:published_time\" content=\"2026-03-19T03:48:15+00:00\" \/>\n<meta property=\"article:modified_time\" content=\"2026-03-19T11:15:01+00:00\" \/>\n<meta property=\"og:image\" content=\"https:\/\/www.fica.unsl.edu.ar\/wp-content\/uploads\/2025\/02\/procesos-industriales.jpg\" \/>\n\t<meta property=\"og:image:width\" content=\"1061\" \/>\n\t<meta property=\"og:image:height\" content=\"585\" \/>\n\t<meta property=\"og:image:type\" content=\"image\/jpeg\" \/>\n<meta name=\"author\" content=\"Anibal Claveles\" \/>\n<meta name=\"twitter:card\" content=\"summary_large_image\" \/>\n<meta name=\"twitter:creator\" content=\"@FICAUNSL\" \/>\n<meta name=\"twitter:site\" content=\"@FICAUNSL\" \/>\n<meta name=\"twitter:label1\" content=\"Escrito por\" \/>\n\t<meta name=\"twitter:data1\" content=\"Anibal Claveles\" \/>\n\t<meta name=\"twitter:label2\" content=\"Tiempo de lectura\" \/>\n\t<meta name=\"twitter:data2\" content=\"3 minutos\" \/>\n<script type=\"application\/ld+json\" class=\"yoast-schema-graph\">{\"@context\":\"https:\\\/\\\/schema.org\",\"@graph\":[{\"@type\":\"Article\",\"@id\":\"https:\\\/\\\/www.fica.unsl.edu.ar\\\/index.php\\\/se-encuentran-abiertas-las-inscripciones-a-la-3-cohorte-especializacion-en-calidad-de-procesos-industriales\\\/#article\",\"isPartOf\":{\"@id\":\"https:\\\/\\\/www.fica.unsl.edu.ar\\\/index.php\\\/se-encuentran-abiertas-las-inscripciones-a-la-3-cohorte-especializacion-en-calidad-de-procesos-industriales\\\/\"},\"author\":{\"name\":\"Anibal Claveles\",\"@id\":\"https:\\\/\\\/www.fica.unsl.edu.ar\\\/#\\\/schema\\\/person\\\/2f6f26f068b944e9cf0617422e7090e1\"},\"headline\":\"Se encuentran abiertas las inscripciones a la 3\u00b0 Cohorte Especializaci\u00f3n en Calidad de Procesos Industriales\",\"datePublished\":\"2026-03-19T03:48:15+00:00\",\"dateModified\":\"2026-03-19T11:15:01+00:00\",\"mainEntityOfPage\":{\"@id\":\"https:\\\/\\\/www.fica.unsl.edu.ar\\\/index.php\\\/se-encuentran-abiertas-las-inscripciones-a-la-3-cohorte-especializacion-en-calidad-de-procesos-industriales\\\/\"},\"wordCount\":448,\"publisher\":{\"@id\":\"https:\\\/\\\/www.fica.unsl.edu.ar\\\/#organization\"},\"image\":{\"@id\":\"https:\\\/\\\/www.fica.unsl.edu.ar\\\/index.php\\\/se-encuentran-abiertas-las-inscripciones-a-la-3-cohorte-especializacion-en-calidad-de-procesos-industriales\\\/#primaryimage\"},\"thumbnailUrl\":\"https:\\\/\\\/www.fica.unsl.edu.ar\\\/wp-content\\\/uploads\\\/2025\\\/02\\\/procesos-industriales.jpg\",\"articleSection\":[\"Noticias\",\"Principal\"],\"inLanguage\":\"es-AR\"},{\"@type\":\"WebPage\",\"@id\":\"https:\\\/\\\/www.fica.unsl.edu.ar\\\/index.php\\\/se-encuentran-abiertas-las-inscripciones-a-la-3-cohorte-especializacion-en-calidad-de-procesos-industriales\\\/\",\"url\":\"https:\\\/\\\/www.fica.unsl.edu.ar\\\/index.php\\\/se-encuentran-abiertas-las-inscripciones-a-la-3-cohorte-especializacion-en-calidad-de-procesos-industriales\\\/\",\"name\":\"Se encuentran abiertas las inscripciones a la 3\u00b0 Cohorte Especializaci\u00f3n en Calidad de Procesos Industriales - Facultad de Ingenier\u00eda y Ciencias Agropecuarias\",\"isPartOf\":{\"@id\":\"https:\\\/\\\/www.fica.unsl.edu.ar\\\/#website\"},\"primaryImageOfPage\":{\"@id\":\"https:\\\/\\\/www.fica.unsl.edu.ar\\\/index.php\\\/se-encuentran-abiertas-las-inscripciones-a-la-3-cohorte-especializacion-en-calidad-de-procesos-industriales\\\/#primaryimage\"},\"image\":{\"@id\":\"https:\\\/\\\/www.fica.unsl.edu.ar\\\/index.php\\\/se-encuentran-abiertas-las-inscripciones-a-la-3-cohorte-especializacion-en-calidad-de-procesos-industriales\\\/#primaryimage\"},\"thumbnailUrl\":\"https:\\\/\\\/www.fica.unsl.edu.ar\\\/wp-content\\\/uploads\\\/2025\\\/02\\\/procesos-industriales.jpg\",\"datePublished\":\"2026-03-19T03:48:15+00:00\",\"dateModified\":\"2026-03-19T11:15:01+00:00\",\"inLanguage\":\"es-AR\",\"potentialAction\":[{\"@type\":\"ReadAction\",\"target\":[\"https:\\\/\\\/www.fica.unsl.edu.ar\\\/index.php\\\/se-encuentran-abiertas-las-inscripciones-a-la-3-cohorte-especializacion-en-calidad-de-procesos-industriales\\\/\"]}]},{\"@type\":\"ImageObject\",\"inLanguage\":\"es-AR\",\"@id\":\"https:\\\/\\\/www.fica.unsl.edu.ar\\\/index.php\\\/se-encuentran-abiertas-las-inscripciones-a-la-3-cohorte-especializacion-en-calidad-de-procesos-industriales\\\/#primaryimage\",\"url\":\"https:\\\/\\\/www.fica.unsl.edu.ar\\\/wp-content\\\/uploads\\\/2025\\\/02\\\/procesos-industriales.jpg\",\"contentUrl\":\"https:\\\/\\\/www.fica.unsl.edu.ar\\\/wp-content\\\/uploads\\\/2025\\\/02\\\/procesos-industriales.jpg\",\"width\":1061,\"height\":585},{\"@type\":\"WebSite\",\"@id\":\"https:\\\/\\\/www.fica.unsl.edu.ar\\\/#website\",\"url\":\"https:\\\/\\\/www.fica.unsl.edu.ar\\\/\",\"name\":\"Facultad de Ingenier\u00eda y Ciencias Agropecuarias\",\"description\":\"\",\"publisher\":{\"@id\":\"https:\\\/\\\/www.fica.unsl.edu.ar\\\/#organization\"},\"potentialAction\":[{\"@type\":\"SearchAction\",\"target\":{\"@type\":\"EntryPoint\",\"urlTemplate\":\"https:\\\/\\\/www.fica.unsl.edu.ar\\\/?s={search_term_string}\"},\"query-input\":{\"@type\":\"PropertyValueSpecification\",\"valueRequired\":true,\"valueName\":\"search_term_string\"}}],\"inLanguage\":\"es-AR\"},{\"@type\":\"Organization\",\"@id\":\"https:\\\/\\\/www.fica.unsl.edu.ar\\\/#organization\",\"name\":\"Facultad de Ingenier\u00eda y Ciencias Agropecuarias\",\"url\":\"https:\\\/\\\/www.fica.unsl.edu.ar\\\/\",\"logo\":{\"@type\":\"ImageObject\",\"inLanguage\":\"es-AR\",\"@id\":\"https:\\\/\\\/www.fica.unsl.edu.ar\\\/#\\\/schema\\\/logo\\\/image\\\/\",\"url\":\"https:\\\/\\\/www.fica.unsl.edu.ar\\\/wp-content\\\/uploads\\\/2021\\\/03\\\/LOGO-1.jpg\",\"contentUrl\":\"https:\\\/\\\/www.fica.unsl.edu.ar\\\/wp-content\\\/uploads\\\/2021\\\/03\\\/LOGO-1.jpg\",\"width\":463,\"height\":145,\"caption\":\"Facultad de Ingenier\u00eda y Ciencias Agropecuarias\"},\"image\":{\"@id\":\"https:\\\/\\\/www.fica.unsl.edu.ar\\\/#\\\/schema\\\/logo\\\/image\\\/\"},\"sameAs\":[\"https:\\\/\\\/www.facebook.com\\\/FICA.UNSL\\\/\",\"https:\\\/\\\/x.com\\\/FICAUNSL\",\"https:\\\/\\\/www.instagram.com\\\/fica.unsl\\\/\",\"https:\\\/\\\/www.youtube.com\\\/channel\\\/UCs2MM53gb2PyBrMySdtWZDQ\"]},{\"@type\":\"Person\",\"@id\":\"https:\\\/\\\/www.fica.unsl.edu.ar\\\/#\\\/schema\\\/person\\\/2f6f26f068b944e9cf0617422e7090e1\",\"name\":\"Anibal Claveles\"}]}<\/script>\n<!-- \/ Yoast SEO plugin. -->","yoast_head_json":{"title":"Se encuentran abiertas las inscripciones a la 3\u00b0 Cohorte Especializaci\u00f3n en Calidad de Procesos Industriales - Facultad de Ingenier\u00eda y Ciencias Agropecuarias","robots":{"index":"index","follow":"follow","max-snippet":"max-snippet:-1","max-image-preview":"max-image-preview:large","max-video-preview":"max-video-preview:-1"},"canonical":"https:\/\/www.fica.unsl.edu.ar\/index.php\/se-encuentran-abiertas-las-inscripciones-a-la-3-cohorte-especializacion-en-calidad-de-procesos-industriales\/","og_locale":"es_ES","og_type":"article","og_title":"Se encuentran abiertas las inscripciones a la 3\u00b0 Cohorte Especializaci\u00f3n en Calidad de Procesos Industriales - Facultad de Ingenier\u00eda y Ciencias Agropecuarias","og_description":"La Secretar\u00eda de Investigaci\u00f3n y Posgrado informa que se encuentran abiertas las inscripciones a la 3\u00b0 Cohorte Especializaci\u00f3n en Calidad de Procesos Industriales, que dar\u00e1&hellip;","og_url":"https:\/\/www.fica.unsl.edu.ar\/index.php\/se-encuentran-abiertas-las-inscripciones-a-la-3-cohorte-especializacion-en-calidad-de-procesos-industriales\/","og_site_name":"Facultad de Ingenier\u00eda y Ciencias Agropecuarias","article_publisher":"https:\/\/www.facebook.com\/FICA.UNSL\/","article_published_time":"2026-03-19T03:48:15+00:00","article_modified_time":"2026-03-19T11:15:01+00:00","og_image":[{"width":1061,"height":585,"url":"https:\/\/www.fica.unsl.edu.ar\/wp-content\/uploads\/2025\/02\/procesos-industriales.jpg","type":"image\/jpeg"}],"author":"Anibal Claveles","twitter_card":"summary_large_image","twitter_creator":"@FICAUNSL","twitter_site":"@FICAUNSL","twitter_misc":{"Escrito por":"Anibal Claveles","Tiempo de lectura":"3 minutos"},"schema":{"@context":"https:\/\/schema.org","@graph":[{"@type":"Article","@id":"https:\/\/www.fica.unsl.edu.ar\/index.php\/se-encuentran-abiertas-las-inscripciones-a-la-3-cohorte-especializacion-en-calidad-de-procesos-industriales\/#article","isPartOf":{"@id":"https:\/\/www.fica.unsl.edu.ar\/index.php\/se-encuentran-abiertas-las-inscripciones-a-la-3-cohorte-especializacion-en-calidad-de-procesos-industriales\/"},"author":{"name":"Anibal Claveles","@id":"https:\/\/www.fica.unsl.edu.ar\/#\/schema\/person\/2f6f26f068b944e9cf0617422e7090e1"},"headline":"Se encuentran abiertas las inscripciones a la 3\u00b0 Cohorte Especializaci\u00f3n en Calidad de Procesos Industriales","datePublished":"2026-03-19T03:48:15+00:00","dateModified":"2026-03-19T11:15:01+00:00","mainEntityOfPage":{"@id":"https:\/\/www.fica.unsl.edu.ar\/index.php\/se-encuentran-abiertas-las-inscripciones-a-la-3-cohorte-especializacion-en-calidad-de-procesos-industriales\/"},"wordCount":448,"publisher":{"@id":"https:\/\/www.fica.unsl.edu.ar\/#organization"},"image":{"@id":"https:\/\/www.fica.unsl.edu.ar\/index.php\/se-encuentran-abiertas-las-inscripciones-a-la-3-cohorte-especializacion-en-calidad-de-procesos-industriales\/#primaryimage"},"thumbnailUrl":"https:\/\/www.fica.unsl.edu.ar\/wp-content\/uploads\/2025\/02\/procesos-industriales.jpg","articleSection":["Noticias","Principal"],"inLanguage":"es-AR"},{"@type":"WebPage","@id":"https:\/\/www.fica.unsl.edu.ar\/index.php\/se-encuentran-abiertas-las-inscripciones-a-la-3-cohorte-especializacion-en-calidad-de-procesos-industriales\/","url":"https:\/\/www.fica.unsl.edu.ar\/index.php\/se-encuentran-abiertas-las-inscripciones-a-la-3-cohorte-especializacion-en-calidad-de-procesos-industriales\/","name":"Se encuentran abiertas las inscripciones a la 3\u00b0 Cohorte Especializaci\u00f3n en Calidad de Procesos Industriales - Facultad de Ingenier\u00eda y Ciencias Agropecuarias","isPartOf":{"@id":"https:\/\/www.fica.unsl.edu.ar\/#website"},"primaryImageOfPage":{"@id":"https:\/\/www.fica.unsl.edu.ar\/index.php\/se-encuentran-abiertas-las-inscripciones-a-la-3-cohorte-especializacion-en-calidad-de-procesos-industriales\/#primaryimage"},"image":{"@id":"https:\/\/www.fica.unsl.edu.ar\/index.php\/se-encuentran-abiertas-las-inscripciones-a-la-3-cohorte-especializacion-en-calidad-de-procesos-industriales\/#primaryimage"},"thumbnailUrl":"https:\/\/www.fica.unsl.edu.ar\/wp-content\/uploads\/2025\/02\/procesos-industriales.jpg","datePublished":"2026-03-19T03:48:15+00:00","dateModified":"2026-03-19T11:15:01+00:00","inLanguage":"es-AR","potentialAction":[{"@type":"ReadAction","target":["https:\/\/www.fica.unsl.edu.ar\/index.php\/se-encuentran-abiertas-las-inscripciones-a-la-3-cohorte-especializacion-en-calidad-de-procesos-industriales\/"]}]},{"@type":"ImageObject","inLanguage":"es-AR","@id":"https:\/\/www.fica.unsl.edu.ar\/index.php\/se-encuentran-abiertas-las-inscripciones-a-la-3-cohorte-especializacion-en-calidad-de-procesos-industriales\/#primaryimage","url":"https:\/\/www.fica.unsl.edu.ar\/wp-content\/uploads\/2025\/02\/procesos-industriales.jpg","contentUrl":"https:\/\/www.fica.unsl.edu.ar\/wp-content\/uploads\/2025\/02\/procesos-industriales.jpg","width":1061,"height":585},{"@type":"WebSite","@id":"https:\/\/www.fica.unsl.edu.ar\/#website","url":"https:\/\/www.fica.unsl.edu.ar\/","name":"Facultad de Ingenier\u00eda y Ciencias Agropecuarias","description":"","publisher":{"@id":"https:\/\/www.fica.unsl.edu.ar\/#organization"},"potentialAction":[{"@type":"SearchAction","target":{"@type":"EntryPoint","urlTemplate":"https:\/\/www.fica.unsl.edu.ar\/?s={search_term_string}"},"query-input":{"@type":"PropertyValueSpecification","valueRequired":true,"valueName":"search_term_string"}}],"inLanguage":"es-AR"},{"@type":"Organization","@id":"https:\/\/www.fica.unsl.edu.ar\/#organization","name":"Facultad de Ingenier\u00eda y Ciencias Agropecuarias","url":"https:\/\/www.fica.unsl.edu.ar\/","logo":{"@type":"ImageObject","inLanguage":"es-AR","@id":"https:\/\/www.fica.unsl.edu.ar\/#\/schema\/logo\/image\/","url":"https:\/\/www.fica.unsl.edu.ar\/wp-content\/uploads\/2021\/03\/LOGO-1.jpg","contentUrl":"https:\/\/www.fica.unsl.edu.ar\/wp-content\/uploads\/2021\/03\/LOGO-1.jpg","width":463,"height":145,"caption":"Facultad de Ingenier\u00eda y Ciencias Agropecuarias"},"image":{"@id":"https:\/\/www.fica.unsl.edu.ar\/#\/schema\/logo\/image\/"},"sameAs":["https:\/\/www.facebook.com\/FICA.UNSL\/","https:\/\/x.com\/FICAUNSL","https:\/\/www.instagram.com\/fica.unsl\/","https:\/\/www.youtube.com\/channel\/UCs2MM53gb2PyBrMySdtWZDQ"]},{"@type":"Person","@id":"https:\/\/www.fica.unsl.edu.ar\/#\/schema\/person\/2f6f26f068b944e9cf0617422e7090e1","name":"Anibal Claveles"}]}},"_links":{"self":[{"href":"https:\/\/www.fica.unsl.edu.ar\/index.php\/wp-json\/wp\/v2\/posts\/22076","targetHints":{"allow":["GET"]}}],"collection":[{"href":"https:\/\/www.fica.unsl.edu.ar\/index.php\/wp-json\/wp\/v2\/posts"}],"about":[{"href":"https:\/\/www.fica.unsl.edu.ar\/index.php\/wp-json\/wp\/v2\/types\/post"}],"author":[{"embeddable":true,"href":"https:\/\/www.fica.unsl.edu.ar\/index.php\/wp-json\/wp\/v2\/users\/14"}],"replies":[{"embeddable":true,"href":"https:\/\/www.fica.unsl.edu.ar\/index.php\/wp-json\/wp\/v2\/comments?post=22076"}],"version-history":[{"count":2,"href":"https:\/\/www.fica.unsl.edu.ar\/index.php\/wp-json\/wp\/v2\/posts\/22076\/revisions"}],"predecessor-version":[{"id":22079,"href":"https:\/\/www.fica.unsl.edu.ar\/index.php\/wp-json\/wp\/v2\/posts\/22076\/revisions\/22079"}],"wp:featuredmedia":[{"embeddable":true,"href":"https:\/\/www.fica.unsl.edu.ar\/index.php\/wp-json\/wp\/v2\/media\/18978"}],"wp:attachment":[{"href":"https:\/\/www.fica.unsl.edu.ar\/index.php\/wp-json\/wp\/v2\/media?parent=22076"}],"wp:term":[{"taxonomy":"category","embeddable":true,"href":"https:\/\/www.fica.unsl.edu.ar\/index.php\/wp-json\/wp\/v2\/categories?post=22076"},{"taxonomy":"post_tag","embeddable":true,"href":"https:\/\/www.fica.unsl.edu.ar\/index.php\/wp-json\/wp\/v2\/tags?post=22076"}],"curies":[{"name":"wp","href":"https:\/\/api.w.org\/{rel}","templated":true}]}}