{"id":22420,"date":"2026-04-24T13:36:50","date_gmt":"2026-04-24T16:36:50","guid":{"rendered":"https:\/\/www.fica.unsl.edu.ar\/?p=22420"},"modified":"2026-04-24T15:02:14","modified_gmt":"2026-04-24T18:02:14","slug":"22420","status":"publish","type":"post","link":"https:\/\/www.fica.unsl.edu.ar\/index.php\/22420\/","title":{"rendered":"Estudiantes podr\u00e1n conocer convocatorias de movilidad internacional"},"content":{"rendered":"<p data-start=\"25\" data-end=\"274\">La FICA invita a todos los estudiantes a participar de un encuentro virtual informativo sobre las convocatorias de pregrado y grado de la UNSL para realizar una movilidad acad\u00e9mica en universidades de la regi\u00f3n durante el 2.\u00b0 cuatrimestre de 2026.<\/p>\n<p data-start=\"276\" data-end=\"371\"><strong>El encuentro se llevar\u00e1 a cabo el lunes 27 de abril a las 18 hs, mediante la plataforma Meet.<\/strong><\/p>\n<p style=\"text-align: left;\" data-start=\"373\" data-end=\"477\">Para sumarse, deber\u00e1n conectarse a trav\u00e9s del siguiente enlace:<\/p>\n<h3 style=\"text-align: center;\" data-start=\"373\" data-end=\"477\"><span style=\"color: #0000ff;\"><strong><a class=\"decorated-link\" style=\"color: #0000ff;\" href=\"https:\/\/meet.google.com\/qah-hpza-xcp\" target=\"_blank\" rel=\"noopener\" data-start=\"439\" data-end=\"475\">REUNI\u00d3N INFORMATIVA<\/a><\/strong><\/span><\/h3>\n<p data-start=\"479\" data-end=\"659\">La reuni\u00f3n es organizada por la Secretar\u00eda de Relaciones Interinstitucionales de la UNSL, que brindar\u00e1 detalles de cada convocatoria y permitir\u00e1 a estudiantes realizar consultas.<\/p>\n<p data-start=\"661\" data-end=\"862\">Se encuentran abiertas las convocatorias para estudiantes de pregrado y grado de la UNSL que deseen realizar una movilidad acad\u00e9mica en universidades de la regi\u00f3n durante el 2.\u00b0 cuatrimestre de 2026.<\/p>\n<p data-start=\"864\" data-end=\"1161\">Se recomienda tener en cuenta que cada programa cuenta con su propio enlace de inscripci\u00f3n y requisitos espec\u00edficos. Asimismo, se sugiere ingresar a los enlaces de cada convocatoria para verificar el cumplimiento de los requisitos y revisar en detalle las condiciones necesarias para postularse.<\/p>\n<p data-start=\"1163\" data-end=\"1387\">\ud83d\udd39<strong> Programa de Movilidad Estudiantil (PME) \u2013 CRISCOS<\/strong><br data-start=\"1215\" data-end=\"1218\" \/>Cierre: 30\/04<\/p>\n<h3 data-start=\"1163\" data-end=\"1387\"><span style=\"color: #0000ff;\"><strong><a class=\"decorated-link\" style=\"color: #0000ff;\" href=\"https:\/\/relint.unsl.edu.ar\/novedades\/-estudia-en-el-exterior-abrio-la-convocatoria-del-programa-de-movilidad-estudiantil-criscos-2026-\" target=\"_blank\" rel=\"noopener\" data-start=\"1251\" data-end=\"1385\">BASES<\/a><\/strong><\/span><\/h3>\n<p data-start=\"1389\" data-end=\"1609\">\ud83d\udd39 <strong>Programa Escala Estudiantes de Grado (PEEG) \u2013 AUGM<\/strong><br data-start=\"1442\" data-end=\"1445\" \/>Cierre: 11\/05<\/p>\n<h3 data-start=\"1389\" data-end=\"1609\"><span style=\"color: #0000ff;\"><strong><a class=\"decorated-link\" style=\"color: #0000ff;\" href=\"https:\/\/relint.unsl.edu.ar\/novedades\/convocatoria-abierta-programa-escala-estudiantes-de-grado-augm-movilidad-academica-en-brasil\" target=\"_blank\" rel=\"noopener\" data-start=\"1478\" data-end=\"1607\">BASES<\/a><\/strong><\/span><\/h3>\n<p data-start=\"1611\" data-end=\"1812\">\ud83d\udd39 <strong>Programa de Intercambio Acad\u00e9mico Latinoamericano (PILA)<\/strong><br data-start=\"1670\" data-end=\"1673\" \/>Cierre: 22\/05<\/p>\n<h3 data-start=\"1611\" data-end=\"1812\"><span style=\"color: #0000ff;\"><a class=\"decorated-link\" style=\"color: #0000ff;\" href=\"https:\/\/relint.unsl.edu.ar\/novedades\/convocatoria-pila-movilidad-academica-en-mexico-2-cuatrimestre-2026\" target=\"_blank\" rel=\"noopener\" data-start=\"1706\" data-end=\"1810\">BASES<\/a><\/span><\/h3>\n<p data-start=\"1814\" data-end=\"2009\">\ud83d\udd39 <strong>Programa PILA Virtual<\/strong><br data-start=\"1838\" data-end=\"1841\" \/>Cierre: 22\/05<\/p>\n<h3 data-start=\"1814\" data-end=\"2009\"><span style=\"color: #0000ff;\"><strong><a class=\"decorated-link\" style=\"color: #0000ff;\" href=\"https:\/\/relint.unsl.edu.ar\/novedades\/convocatoria-abierta-al-programa-de-intercambio-latinoamericano-en-su-modalidad-virtual-2-c-2026\" target=\"_blank\" rel=\"noopener\" data-start=\"1874\" data-end=\"2007\">BASES<\/a><\/strong><\/span><\/h3>\n","protected":false},"excerpt":{"rendered":"<p>La FICA invita a todos los estudiantes a participar de un encuentro virtual informativo sobre las convocatorias de pregrado y grado de la UNSL para&hellip;<\/p>\n","protected":false},"author":14,"featured_media":22421,"comment_status":"closed","ping_status":"closed","sticky":false,"template":"","format":"standard","meta":{"_monsterinsights_skip_tracking":false,"_monsterinsights_sitenote_active":false,"_monsterinsights_sitenote_note":"","_monsterinsights_sitenote_category":0,"_joinchat":[],"footnotes":""},"categories":[19,20],"tags":[],"class_list":["post-22420","post","type-post","status-publish","format-standard","has-post-thumbnail","hentry","category-noticias","category-principal"],"yoast_head":"<!-- This site is optimized with the Yoast SEO plugin v27.4 - https:\/\/yoast.com\/product\/yoast-seo-wordpress\/ -->\n<title>Estudiantes podr\u00e1n conocer convocatorias de movilidad internacional - Facultad de Ingenier\u00eda y Ciencias Agropecuarias<\/title>\n<meta name=\"robots\" content=\"index, follow, max-snippet:-1, max-image-preview:large, max-video-preview:-1\" \/>\n<link rel=\"canonical\" href=\"https:\/\/www.fica.unsl.edu.ar\/index.php\/22420\/\" \/>\n<meta property=\"og:locale\" content=\"es_ES\" \/>\n<meta property=\"og:type\" content=\"article\" \/>\n<meta property=\"og:title\" content=\"Estudiantes podr\u00e1n conocer convocatorias de movilidad internacional - Facultad de Ingenier\u00eda y Ciencias Agropecuarias\" \/>\n<meta property=\"og:description\" content=\"La FICA invita a todos los estudiantes a participar de un encuentro virtual informativo sobre las convocatorias de pregrado y grado de la UNSL para&hellip;\" \/>\n<meta property=\"og:url\" content=\"https:\/\/www.fica.unsl.edu.ar\/index.php\/22420\/\" \/>\n<meta property=\"og:site_name\" content=\"Facultad de Ingenier\u00eda y Ciencias Agropecuarias\" \/>\n<meta property=\"article:publisher\" content=\"https:\/\/www.facebook.com\/FICA.UNSL\/\" \/>\n<meta property=\"article:published_time\" content=\"2026-04-24T16:36:50+00:00\" \/>\n<meta property=\"article:modified_time\" content=\"2026-04-24T18:02:14+00:00\" \/>\n<meta property=\"og:image\" content=\"https:\/\/www.fica.unsl.edu.ar\/wp-content\/uploads\/2026\/04\/MOVILIDAD.png\" \/>\n\t<meta property=\"og:image:width\" content=\"1061\" \/>\n\t<meta property=\"og:image:height\" content=\"585\" \/>\n\t<meta property=\"og:image:type\" content=\"image\/png\" \/>\n<meta name=\"author\" content=\"Anibal Claveles\" \/>\n<meta name=\"twitter:card\" content=\"summary_large_image\" \/>\n<meta name=\"twitter:creator\" content=\"@FICAUNSL\" \/>\n<meta name=\"twitter:site\" content=\"@FICAUNSL\" \/>\n<meta name=\"twitter:label1\" content=\"Escrito por\" \/>\n\t<meta name=\"twitter:data1\" content=\"Anibal Claveles\" \/>\n\t<meta name=\"twitter:label2\" content=\"Tiempo de lectura\" \/>\n\t<meta name=\"twitter:data2\" content=\"2 minutos\" \/>\n<script type=\"application\/ld+json\" class=\"yoast-schema-graph\">{\"@context\":\"https:\\\/\\\/schema.org\",\"@graph\":[{\"@type\":\"Article\",\"@id\":\"https:\\\/\\\/www.fica.unsl.edu.ar\\\/index.php\\\/22420\\\/#article\",\"isPartOf\":{\"@id\":\"https:\\\/\\\/www.fica.unsl.edu.ar\\\/index.php\\\/22420\\\/\"},\"author\":{\"name\":\"Anibal Claveles\",\"@id\":\"https:\\\/\\\/www.fica.unsl.edu.ar\\\/#\\\/schema\\\/person\\\/2f6f26f068b944e9cf0617422e7090e1\"},\"headline\":\"Estudiantes podr\u00e1n conocer convocatorias de movilidad internacional\",\"datePublished\":\"2026-04-24T16:36:50+00:00\",\"dateModified\":\"2026-04-24T18:02:14+00:00\",\"mainEntityOfPage\":{\"@id\":\"https:\\\/\\\/www.fica.unsl.edu.ar\\\/index.php\\\/22420\\\/\"},\"wordCount\":214,\"publisher\":{\"@id\":\"https:\\\/\\\/www.fica.unsl.edu.ar\\\/#organization\"},\"image\":{\"@id\":\"https:\\\/\\\/www.fica.unsl.edu.ar\\\/index.php\\\/22420\\\/#primaryimage\"},\"thumbnailUrl\":\"https:\\\/\\\/www.fica.unsl.edu.ar\\\/wp-content\\\/uploads\\\/2026\\\/04\\\/MOVILIDAD.png\",\"articleSection\":[\"Noticias\",\"Principal\"],\"inLanguage\":\"es-AR\"},{\"@type\":\"WebPage\",\"@id\":\"https:\\\/\\\/www.fica.unsl.edu.ar\\\/index.php\\\/22420\\\/\",\"url\":\"https:\\\/\\\/www.fica.unsl.edu.ar\\\/index.php\\\/22420\\\/\",\"name\":\"Estudiantes podr\u00e1n conocer convocatorias de movilidad internacional - Facultad de Ingenier\u00eda y Ciencias Agropecuarias\",\"isPartOf\":{\"@id\":\"https:\\\/\\\/www.fica.unsl.edu.ar\\\/#website\"},\"primaryImageOfPage\":{\"@id\":\"https:\\\/\\\/www.fica.unsl.edu.ar\\\/index.php\\\/22420\\\/#primaryimage\"},\"image\":{\"@id\":\"https:\\\/\\\/www.fica.unsl.edu.ar\\\/index.php\\\/22420\\\/#primaryimage\"},\"thumbnailUrl\":\"https:\\\/\\\/www.fica.unsl.edu.ar\\\/wp-content\\\/uploads\\\/2026\\\/04\\\/MOVILIDAD.png\",\"datePublished\":\"2026-04-24T16:36:50+00:00\",\"dateModified\":\"2026-04-24T18:02:14+00:00\",\"inLanguage\":\"es-AR\",\"potentialAction\":[{\"@type\":\"ReadAction\",\"target\":[\"https:\\\/\\\/www.fica.unsl.edu.ar\\\/index.php\\\/22420\\\/\"]}]},{\"@type\":\"ImageObject\",\"inLanguage\":\"es-AR\",\"@id\":\"https:\\\/\\\/www.fica.unsl.edu.ar\\\/index.php\\\/22420\\\/#primaryimage\",\"url\":\"https:\\\/\\\/www.fica.unsl.edu.ar\\\/wp-content\\\/uploads\\\/2026\\\/04\\\/MOVILIDAD.png\",\"contentUrl\":\"https:\\\/\\\/www.fica.unsl.edu.ar\\\/wp-content\\\/uploads\\\/2026\\\/04\\\/MOVILIDAD.png\",\"width\":1061,\"height\":585},{\"@type\":\"WebSite\",\"@id\":\"https:\\\/\\\/www.fica.unsl.edu.ar\\\/#website\",\"url\":\"https:\\\/\\\/www.fica.unsl.edu.ar\\\/\",\"name\":\"Facultad de Ingenier\u00eda y Ciencias Agropecuarias\",\"description\":\"\",\"publisher\":{\"@id\":\"https:\\\/\\\/www.fica.unsl.edu.ar\\\/#organization\"},\"potentialAction\":[{\"@type\":\"SearchAction\",\"target\":{\"@type\":\"EntryPoint\",\"urlTemplate\":\"https:\\\/\\\/www.fica.unsl.edu.ar\\\/?s={search_term_string}\"},\"query-input\":{\"@type\":\"PropertyValueSpecification\",\"valueRequired\":true,\"valueName\":\"search_term_string\"}}],\"inLanguage\":\"es-AR\"},{\"@type\":\"Organization\",\"@id\":\"https:\\\/\\\/www.fica.unsl.edu.ar\\\/#organization\",\"name\":\"Facultad de Ingenier\u00eda y Ciencias Agropecuarias\",\"url\":\"https:\\\/\\\/www.fica.unsl.edu.ar\\\/\",\"logo\":{\"@type\":\"ImageObject\",\"inLanguage\":\"es-AR\",\"@id\":\"https:\\\/\\\/www.fica.unsl.edu.ar\\\/#\\\/schema\\\/logo\\\/image\\\/\",\"url\":\"https:\\\/\\\/www.fica.unsl.edu.ar\\\/wp-content\\\/uploads\\\/2021\\\/03\\\/LOGO-1.jpg\",\"contentUrl\":\"https:\\\/\\\/www.fica.unsl.edu.ar\\\/wp-content\\\/uploads\\\/2021\\\/03\\\/LOGO-1.jpg\",\"width\":463,\"height\":145,\"caption\":\"Facultad de Ingenier\u00eda y Ciencias Agropecuarias\"},\"image\":{\"@id\":\"https:\\\/\\\/www.fica.unsl.edu.ar\\\/#\\\/schema\\\/logo\\\/image\\\/\"},\"sameAs\":[\"https:\\\/\\\/www.facebook.com\\\/FICA.UNSL\\\/\",\"https:\\\/\\\/x.com\\\/FICAUNSL\",\"https:\\\/\\\/www.instagram.com\\\/fica.unsl\\\/\",\"https:\\\/\\\/www.youtube.com\\\/channel\\\/UCs2MM53gb2PyBrMySdtWZDQ\"]},{\"@type\":\"Person\",\"@id\":\"https:\\\/\\\/www.fica.unsl.edu.ar\\\/#\\\/schema\\\/person\\\/2f6f26f068b944e9cf0617422e7090e1\",\"name\":\"Anibal Claveles\"}]}<\/script>\n<!-- \/ Yoast SEO plugin. -->","yoast_head_json":{"title":"Estudiantes podr\u00e1n conocer convocatorias de movilidad internacional - Facultad de Ingenier\u00eda y Ciencias Agropecuarias","robots":{"index":"index","follow":"follow","max-snippet":"max-snippet:-1","max-image-preview":"max-image-preview:large","max-video-preview":"max-video-preview:-1"},"canonical":"https:\/\/www.fica.unsl.edu.ar\/index.php\/22420\/","og_locale":"es_ES","og_type":"article","og_title":"Estudiantes podr\u00e1n conocer convocatorias de movilidad internacional - Facultad de Ingenier\u00eda y Ciencias Agropecuarias","og_description":"La FICA invita a todos los estudiantes a participar de un encuentro virtual informativo sobre las convocatorias de pregrado y grado de la UNSL para&hellip;","og_url":"https:\/\/www.fica.unsl.edu.ar\/index.php\/22420\/","og_site_name":"Facultad de Ingenier\u00eda y Ciencias Agropecuarias","article_publisher":"https:\/\/www.facebook.com\/FICA.UNSL\/","article_published_time":"2026-04-24T16:36:50+00:00","article_modified_time":"2026-04-24T18:02:14+00:00","og_image":[{"width":1061,"height":585,"url":"https:\/\/www.fica.unsl.edu.ar\/wp-content\/uploads\/2026\/04\/MOVILIDAD.png","type":"image\/png"}],"author":"Anibal Claveles","twitter_card":"summary_large_image","twitter_creator":"@FICAUNSL","twitter_site":"@FICAUNSL","twitter_misc":{"Escrito por":"Anibal Claveles","Tiempo de lectura":"2 minutos"},"schema":{"@context":"https:\/\/schema.org","@graph":[{"@type":"Article","@id":"https:\/\/www.fica.unsl.edu.ar\/index.php\/22420\/#article","isPartOf":{"@id":"https:\/\/www.fica.unsl.edu.ar\/index.php\/22420\/"},"author":{"name":"Anibal Claveles","@id":"https:\/\/www.fica.unsl.edu.ar\/#\/schema\/person\/2f6f26f068b944e9cf0617422e7090e1"},"headline":"Estudiantes podr\u00e1n conocer convocatorias de movilidad internacional","datePublished":"2026-04-24T16:36:50+00:00","dateModified":"2026-04-24T18:02:14+00:00","mainEntityOfPage":{"@id":"https:\/\/www.fica.unsl.edu.ar\/index.php\/22420\/"},"wordCount":214,"publisher":{"@id":"https:\/\/www.fica.unsl.edu.ar\/#organization"},"image":{"@id":"https:\/\/www.fica.unsl.edu.ar\/index.php\/22420\/#primaryimage"},"thumbnailUrl":"https:\/\/www.fica.unsl.edu.ar\/wp-content\/uploads\/2026\/04\/MOVILIDAD.png","articleSection":["Noticias","Principal"],"inLanguage":"es-AR"},{"@type":"WebPage","@id":"https:\/\/www.fica.unsl.edu.ar\/index.php\/22420\/","url":"https:\/\/www.fica.unsl.edu.ar\/index.php\/22420\/","name":"Estudiantes podr\u00e1n conocer convocatorias de movilidad internacional - Facultad de Ingenier\u00eda y Ciencias Agropecuarias","isPartOf":{"@id":"https:\/\/www.fica.unsl.edu.ar\/#website"},"primaryImageOfPage":{"@id":"https:\/\/www.fica.unsl.edu.ar\/index.php\/22420\/#primaryimage"},"image":{"@id":"https:\/\/www.fica.unsl.edu.ar\/index.php\/22420\/#primaryimage"},"thumbnailUrl":"https:\/\/www.fica.unsl.edu.ar\/wp-content\/uploads\/2026\/04\/MOVILIDAD.png","datePublished":"2026-04-24T16:36:50+00:00","dateModified":"2026-04-24T18:02:14+00:00","inLanguage":"es-AR","potentialAction":[{"@type":"ReadAction","target":["https:\/\/www.fica.unsl.edu.ar\/index.php\/22420\/"]}]},{"@type":"ImageObject","inLanguage":"es-AR","@id":"https:\/\/www.fica.unsl.edu.ar\/index.php\/22420\/#primaryimage","url":"https:\/\/www.fica.unsl.edu.ar\/wp-content\/uploads\/2026\/04\/MOVILIDAD.png","contentUrl":"https:\/\/www.fica.unsl.edu.ar\/wp-content\/uploads\/2026\/04\/MOVILIDAD.png","width":1061,"height":585},{"@type":"WebSite","@id":"https:\/\/www.fica.unsl.edu.ar\/#website","url":"https:\/\/www.fica.unsl.edu.ar\/","name":"Facultad de Ingenier\u00eda y Ciencias Agropecuarias","description":"","publisher":{"@id":"https:\/\/www.fica.unsl.edu.ar\/#organization"},"potentialAction":[{"@type":"SearchAction","target":{"@type":"EntryPoint","urlTemplate":"https:\/\/www.fica.unsl.edu.ar\/?s={search_term_string}"},"query-input":{"@type":"PropertyValueSpecification","valueRequired":true,"valueName":"search_term_string"}}],"inLanguage":"es-AR"},{"@type":"Organization","@id":"https:\/\/www.fica.unsl.edu.ar\/#organization","name":"Facultad de Ingenier\u00eda y Ciencias Agropecuarias","url":"https:\/\/www.fica.unsl.edu.ar\/","logo":{"@type":"ImageObject","inLanguage":"es-AR","@id":"https:\/\/www.fica.unsl.edu.ar\/#\/schema\/logo\/image\/","url":"https:\/\/www.fica.unsl.edu.ar\/wp-content\/uploads\/2021\/03\/LOGO-1.jpg","contentUrl":"https:\/\/www.fica.unsl.edu.ar\/wp-content\/uploads\/2021\/03\/LOGO-1.jpg","width":463,"height":145,"caption":"Facultad de Ingenier\u00eda y Ciencias Agropecuarias"},"image":{"@id":"https:\/\/www.fica.unsl.edu.ar\/#\/schema\/logo\/image\/"},"sameAs":["https:\/\/www.facebook.com\/FICA.UNSL\/","https:\/\/x.com\/FICAUNSL","https:\/\/www.instagram.com\/fica.unsl\/","https:\/\/www.youtube.com\/channel\/UCs2MM53gb2PyBrMySdtWZDQ"]},{"@type":"Person","@id":"https:\/\/www.fica.unsl.edu.ar\/#\/schema\/person\/2f6f26f068b944e9cf0617422e7090e1","name":"Anibal Claveles"}]}},"_links":{"self":[{"href":"https:\/\/www.fica.unsl.edu.ar\/index.php\/wp-json\/wp\/v2\/posts\/22420","targetHints":{"allow":["GET"]}}],"collection":[{"href":"https:\/\/www.fica.unsl.edu.ar\/index.php\/wp-json\/wp\/v2\/posts"}],"about":[{"href":"https:\/\/www.fica.unsl.edu.ar\/index.php\/wp-json\/wp\/v2\/types\/post"}],"author":[{"embeddable":true,"href":"https:\/\/www.fica.unsl.edu.ar\/index.php\/wp-json\/wp\/v2\/users\/14"}],"replies":[{"embeddable":true,"href":"https:\/\/www.fica.unsl.edu.ar\/index.php\/wp-json\/wp\/v2\/comments?post=22420"}],"version-history":[{"count":4,"href":"https:\/\/www.fica.unsl.edu.ar\/index.php\/wp-json\/wp\/v2\/posts\/22420\/revisions"}],"predecessor-version":[{"id":22425,"href":"https:\/\/www.fica.unsl.edu.ar\/index.php\/wp-json\/wp\/v2\/posts\/22420\/revisions\/22425"}],"wp:featuredmedia":[{"embeddable":true,"href":"https:\/\/www.fica.unsl.edu.ar\/index.php\/wp-json\/wp\/v2\/media\/22421"}],"wp:attachment":[{"href":"https:\/\/www.fica.unsl.edu.ar\/index.php\/wp-json\/wp\/v2\/media?parent=22420"}],"wp:term":[{"taxonomy":"category","embeddable":true,"href":"https:\/\/www.fica.unsl.edu.ar\/index.php\/wp-json\/wp\/v2\/categories?post=22420"},{"taxonomy":"post_tag","embeddable":true,"href":"https:\/\/www.fica.unsl.edu.ar\/index.php\/wp-json\/wp\/v2\/tags?post=22420"}],"curies":[{"name":"wp","href":"https:\/\/api.w.org\/{rel}","templated":true}]}}