{"id":23424,"date":"2026-09-04T08:59:53","date_gmt":"2026-09-04T11:59:53","guid":{"rendered":"https:\/\/www.fica.unsl.edu.ar\/?p=23424"},"modified":"2026-09-04T09:32:36","modified_gmt":"2026-09-04T12:32:36","slug":"experiencias-de-formacion-y-actualizacion-en-el-xxiv-congreso-de-aapresid","status":"publish","type":"post","link":"https:\/\/www.fica.unsl.edu.ar\/index.php\/experiencias-de-formacion-y-actualizacion-en-el-xxiv-congreso-de-aapresid\/","title":{"rendered":"Experiencias de formaci\u00f3n y actualizaci\u00f3n en el XXIV Congreso de AAPRESID"},"content":{"rendered":"<p>A principios de agosto de 2026, estudiantes y docentes de la carrera de Ingenier\u00eda Agron\u00f3mica de la Facultad de Ingenier\u00eda y Ciencias Agropecuarias (FICA) de la Universidad Nacional de San Luis (UNSL) participaron del XXIV Congreso de la Asociaci\u00f3n Argentina de Productores en Siembra Directa (AAPRESID), realizado en el Centro de Convenciones Metropolitano de la ciudad de Rosario.<\/p>\n<p>Esta edici\u00f3n se desarroll\u00f3 bajo el lema \u201cNuestro Suelo, nuestra Voz\u201d, en referencia a la importancia de escuchar al suelo como un sistema vivo y din\u00e1mico que precede y sostiene la actividad agr\u00edcola.<\/p>\n<p><img fetchpriority=\"high\" decoding=\"async\" class=\"alignnone wp-image-23426 size-full\" src=\"https:\/\/www.fica.unsl.edu.ar\/wp-content\/uploads\/2026\/09\/aprecid-02.png\" alt=\"\" width=\"2122\" height=\"1170\" srcset=\"https:\/\/www.fica.unsl.edu.ar\/wp-content\/uploads\/2026\/09\/aprecid-02.png 2122w, https:\/\/www.fica.unsl.edu.ar\/wp-content\/uploads\/2026\/09\/aprecid-02-300x165.png 300w, https:\/\/www.fica.unsl.edu.ar\/wp-content\/uploads\/2026\/09\/aprecid-02-1024x565.png 1024w, https:\/\/www.fica.unsl.edu.ar\/wp-content\/uploads\/2026\/09\/aprecid-02-768x423.png 768w, https:\/\/www.fica.unsl.edu.ar\/wp-content\/uploads\/2026\/09\/aprecid-02-1536x847.png 1536w, https:\/\/www.fica.unsl.edu.ar\/wp-content\/uploads\/2026\/09\/aprecid-02-2048x1129.png 2048w\" sizes=\"(max-width: 2122px) 100vw, 2122px\" \/><\/p>\n<p>El encuentro cont\u00f3 con numerosas conferencias cient\u00edficas, t\u00e9cnicas y de divulgaci\u00f3n, organizadas en nueve ejes tem\u00e1ticos, entre los que se destacaron \u201cManejo de cultivos y sistemas integrados\u201d y \u201cManejo de plagas y salud del suelo\u201d. Las actividades estuvieron a cargo de expositores provenientes de distintos \u00e1mbitos p\u00fablicos y privados, tanto nacionales como extranjeros.<\/p>\n<p>La participaci\u00f3n en este Congreso constituye una instancia de integraci\u00f3n curricular para estudiantes avanzados de Ingenier\u00eda Agron\u00f3mica. Desde 2018, la UNSL cuenta con una invitaci\u00f3n especial para estudiantes de la carrera, a partir de la firma del Convenio Marco N.\u00ba 1830 entre la Universidad y AAPRESID, junto con un Acuerdo de Interacci\u00f3n y Difusi\u00f3n Rec\u00edproca entre ambas instituciones. Esta vinculaci\u00f3n fue gestionada por la asignatura Cereales y Oleaginosas del Departamento de Ingenier\u00eda y Ciencias Agropecuarias de la FICA.<\/p>\n<p>El convenio otorga a la UNSL la categor\u00eda de \u201cSocio Institucional\u201d y contempla distintos beneficios, entre ellos, 20 acreditaciones gratuitas para estudiantes.<\/p>\n<p>AAPRESID es una organizaci\u00f3n no gubernamental sin fines de lucro integrada por una red de productores agropecuarios que, a partir de su inter\u00e9s por la conservaci\u00f3n del suelo como principal recurso productivo, adoptaron e impulsaron un nuevo paradigma agr\u00edcola basado en la siembra directa.<\/p>\n<p>&nbsp;<\/p>\n<style type=\"text\/css\">\n#foogallery-gallery-23427 .fg-image { width: 270px; }\n#foogallery-gallery-23427 { --fg-gutter: 10px; }<\/style>\n\t\t\t<div class=\"foogallery foogallery-container foogallery-default foogallery-lightbox-foogallery fg-center fg-default fg-ready fg-light fg-shadow-medium fg-loading-default fg-loaded-fade-in fg-preset fg-brad fg-preset-small fg-preset fg-brad fg-preset-small\" id=\"foogallery-gallery-23427\" data-foogallery=\"{&quot;panel&quot;:{&quot;buttons&quot;:{&quot;download&quot;:false}},&quot;item&quot;:{&quot;showCaptionTitle&quot;:true,&quot;showCaptionDescription&quot;:true},&quot;lazy&quot;:true,&quot;src&quot;:&quot;src&quot;,&quot;srcset&quot;:&quot;srcset&quot;}\" data-foogallery-lightbox=\"{&quot;thumbs&quot;:&quot;bottom&quot;,&quot;thumbsCaptions&quot;:false,&quot;thumbsBestFit&quot;:false,&quot;thumbsSmall&quot;:false,&quot;thumbsCaptionsAlign&quot;:&quot;default&quot;,&quot;info&quot;:&quot;bottom&quot;,&quot;infoVisible&quot;:true,&quot;infoOverlay&quot;:true,&quot;infoAlign&quot;:&quot;default&quot;,&quot;transition&quot;:&quot;fade&quot;,&quot;hoverButtons&quot;:false,&quot;fitMedia&quot;:false,&quot;noScrollbars&quot;:true,&quot;preserveButtonSpace&quot;:true,&quot;buttons&quot;:{&quot;fullscreen&quot;:true,&quot;info&quot;:true,&quot;thumbs&quot;:false,&quot;download&quot;:false},&quot;video&quot;:{&quot;autoPlay&quot;:true}}\" style=\"--fg-title-line-clamp: 1; --fg-description-line-clamp: 2;\" >\n\t<div class=\"fg-item fg-type-image fg-loading\"><figure class=\"fg-item-inner\"><a href=\"https:\/\/www.fica.unsl.edu.ar\/wp-content\/uploads\/2026\/09\/Foto-0001.jpeg\" data-attachment-id=\"23428\" data-e-disable-page-transition=\"true\" data-type=\"image\" class=\"fg-thumb\"><span class=\"fg-image-wrap\"><img loading=\"lazy\" src=\"https:\/\/www.fica.unsl.edu.ar\/wp-content\/uploads\/cache\/2026\/09\/Foto-0001\/187940788.jpeg\" width=\"270\" height=\"230\" class=\"skip-lazy fg-image\" decoding=\"async\" loading=\"lazy\"><\/span><span class=\"fg-image-overlay\"><\/span><\/a><\/figure><div class=\"fg-loader\"><\/div><\/div><div class=\"fg-item fg-type-image fg-loading\"><figure class=\"fg-item-inner\"><a href=\"https:\/\/www.fica.unsl.edu.ar\/wp-content\/uploads\/2026\/09\/Foto-001-scaled.jpg\" data-attachment-id=\"23429\" data-e-disable-page-transition=\"true\" data-type=\"image\" class=\"fg-thumb\"><span class=\"fg-image-wrap\"><img loading=\"lazy\" src=\"https:\/\/www.fica.unsl.edu.ar\/wp-content\/uploads\/cache\/2026\/09\/Foto-001-scaled\/452736725.jpg\" width=\"270\" height=\"230\" class=\"skip-lazy fg-image\" decoding=\"async\" loading=\"lazy\"><\/span><span class=\"fg-image-overlay\"><\/span><\/a><\/figure><div class=\"fg-loader\"><\/div><\/div><div class=\"fg-item fg-type-image fg-loading\"><figure class=\"fg-item-inner\"><a href=\"https:\/\/www.fica.unsl.edu.ar\/wp-content\/uploads\/2026\/09\/Foto-004-scaled.jpg\" data-attachment-id=\"23430\" data-e-disable-page-transition=\"true\" data-type=\"image\" class=\"fg-thumb\"><span class=\"fg-image-wrap\"><img loading=\"lazy\" src=\"https:\/\/www.fica.unsl.edu.ar\/wp-content\/uploads\/cache\/2026\/09\/Foto-004-scaled\/136627327.jpg\" width=\"270\" height=\"230\" class=\"skip-lazy fg-image\" decoding=\"async\" loading=\"lazy\"><\/span><span class=\"fg-image-overlay\"><\/span><\/a><\/figure><div class=\"fg-loader\"><\/div><\/div><div class=\"fg-item fg-type-image fg-loading\"><figure class=\"fg-item-inner\"><a href=\"https:\/\/www.fica.unsl.edu.ar\/wp-content\/uploads\/2026\/09\/Foto-007-scaled.jpg\" data-attachment-id=\"23431\" data-e-disable-page-transition=\"true\" data-type=\"image\" class=\"fg-thumb\"><span class=\"fg-image-wrap\"><img loading=\"lazy\" src=\"https:\/\/www.fica.unsl.edu.ar\/wp-content\/uploads\/cache\/2026\/09\/Foto-007-scaled\/2099083426.jpg\" width=\"270\" height=\"230\" class=\"skip-lazy fg-image\" decoding=\"async\" loading=\"lazy\"><\/span><span class=\"fg-image-overlay\"><\/span><\/a><\/figure><div class=\"fg-loader\"><\/div><\/div><div class=\"fg-item fg-type-image fg-loading\"><figure class=\"fg-item-inner\"><a href=\"https:\/\/www.fica.unsl.edu.ar\/wp-content\/uploads\/2026\/09\/Foto-008-scaled.jpg\" data-attachment-id=\"23432\" data-e-disable-page-transition=\"true\" data-type=\"image\" class=\"fg-thumb\"><span class=\"fg-image-wrap\"><img loading=\"lazy\" src=\"https:\/\/www.fica.unsl.edu.ar\/wp-content\/uploads\/cache\/2026\/09\/Foto-008-scaled\/2237186259.jpg\" width=\"270\" height=\"230\" class=\"skip-lazy fg-image\" decoding=\"async\" loading=\"lazy\"><\/span><span class=\"fg-image-overlay\"><\/span><\/a><\/figure><div class=\"fg-loader\"><\/div><\/div><div class=\"fg-item fg-type-image fg-loading\"><figure class=\"fg-item-inner\"><a href=\"https:\/\/www.fica.unsl.edu.ar\/wp-content\/uploads\/2026\/09\/Foto-009-scaled.jpg\" data-attachment-id=\"23433\" data-e-disable-page-transition=\"true\" data-type=\"image\" class=\"fg-thumb\"><span class=\"fg-image-wrap\"><img loading=\"lazy\" src=\"https:\/\/www.fica.unsl.edu.ar\/wp-content\/uploads\/cache\/2026\/09\/Foto-009-scaled\/1491586463.jpg\" width=\"270\" height=\"230\" class=\"skip-lazy fg-image\" decoding=\"async\" loading=\"lazy\"><\/span><span class=\"fg-image-overlay\"><\/span><\/a><\/figure><div class=\"fg-loader\"><\/div><\/div><div class=\"fg-item fg-type-image fg-loading\"><figure class=\"fg-item-inner\"><a href=\"https:\/\/www.fica.unsl.edu.ar\/wp-content\/uploads\/2026\/09\/Foto-010-scaled.jpg\" data-attachment-id=\"23434\" data-e-disable-page-transition=\"true\" data-type=\"image\" class=\"fg-thumb\"><span class=\"fg-image-wrap\"><img loading=\"lazy\" src=\"https:\/\/www.fica.unsl.edu.ar\/wp-content\/uploads\/cache\/2026\/09\/Foto-010-scaled\/1716677724.jpg\" width=\"270\" height=\"230\" class=\"skip-lazy fg-image\" decoding=\"async\" loading=\"lazy\"><\/span><span class=\"fg-image-overlay\"><\/span><\/a><\/figure><div class=\"fg-loader\"><\/div><\/div><div class=\"fg-item fg-type-image fg-loading\"><figure class=\"fg-item-inner\"><a href=\"https:\/\/www.fica.unsl.edu.ar\/wp-content\/uploads\/2026\/09\/Foto-011-scaled.jpg\" data-attachment-id=\"23435\" data-e-disable-page-transition=\"true\" data-type=\"image\" class=\"fg-thumb\"><span class=\"fg-image-wrap\"><img loading=\"lazy\" src=\"https:\/\/www.fica.unsl.edu.ar\/wp-content\/uploads\/cache\/2026\/09\/Foto-011-scaled\/3152896272.jpg\" width=\"270\" height=\"230\" class=\"skip-lazy fg-image\" decoding=\"async\" loading=\"lazy\"><\/span><span class=\"fg-image-overlay\"><\/span><\/a><\/figure><div class=\"fg-loader\"><\/div><\/div><\/div>\n\n<p>&nbsp;<\/p>\n","protected":false},"excerpt":{"rendered":"<p>A principios de agosto de 2026, estudiantes y docentes de la carrera de Ingenier\u00eda Agron\u00f3mica de la Facultad de Ingenier\u00eda y Ciencias Agropecuarias (FICA) de&hellip;<\/p>\n","protected":false},"author":14,"featured_media":23425,"comment_status":"closed","ping_status":"closed","sticky":false,"template":"","format":"standard","meta":{"_monsterinsights_skip_tracking":false,"_customify_content_layout":"","_customify_sidebar":"","_customify_page_header_display":"default","_customify_disable_header":"","_customify_disable_header_top":"","_customify_disable_header_main":"","_customify_disable_header_bottom":"","_customify_disable_page_title":"","_customify_disable_content_vertical_padding":"","_customify_disable_footer_top":"","_customify_disable_footer_main":"","_customify_disable_footer_bottom":"","_customify_breadcrumb_display":"","_customify_header_transparent_display":"default","_joinchat":[],"footnotes":""},"categories":[19,20],"tags":[],"class_list":["post-23424","post","type-post","status-publish","format-standard","has-post-thumbnail","hentry","category-noticias","category-principal"],"yoast_head":"<!-- This site is optimized with the Yoast SEO plugin v28.4 - https:\/\/yoast.com\/product\/yoast-seo-wordpress\/ -->\n<title>Experiencias de formaci\u00f3n y actualizaci\u00f3n en el XXIV Congreso de AAPRESID - Facultad de Ingenier\u00eda y Ciencias Agropecuarias<\/title>\n<meta name=\"robots\" content=\"index, follow, max-snippet:-1, max-image-preview:large, max-video-preview:-1\" \/>\n<link rel=\"canonical\" href=\"https:\/\/www.fica.unsl.edu.ar\/index.php\/experiencias-de-formacion-y-actualizacion-en-el-xxiv-congreso-de-aapresid\/\" \/>\n<meta property=\"og:locale\" content=\"es_ES\" \/>\n<meta property=\"og:type\" content=\"article\" \/>\n<meta property=\"og:title\" content=\"Experiencias de formaci\u00f3n y actualizaci\u00f3n en el XXIV Congreso de AAPRESID - Facultad de Ingenier\u00eda y Ciencias Agropecuarias\" \/>\n<meta property=\"og:description\" content=\"A principios de agosto de 2026, estudiantes y docentes de la carrera de Ingenier\u00eda Agron\u00f3mica de la Facultad de Ingenier\u00eda y Ciencias Agropecuarias (FICA) de&hellip;\" \/>\n<meta property=\"og:url\" content=\"https:\/\/www.fica.unsl.edu.ar\/index.php\/experiencias-de-formacion-y-actualizacion-en-el-xxiv-congreso-de-aapresid\/\" \/>\n<meta property=\"og:site_name\" content=\"Facultad de Ingenier\u00eda y Ciencias Agropecuarias\" \/>\n<meta property=\"article:publisher\" content=\"https:\/\/www.facebook.com\/FICA.UNSL\/\" \/>\n<meta property=\"article:published_time\" content=\"2026-09-04T11:59:53+00:00\" \/>\n<meta property=\"article:modified_time\" content=\"2026-09-04T12:32:36+00:00\" \/>\n<meta property=\"og:image\" content=\"https:\/\/www.fica.unsl.edu.ar\/wp-content\/uploads\/2026\/09\/aprecid-front-1024x565.png\" \/>\n\t<meta property=\"og:image:width\" content=\"1024\" \/>\n\t<meta property=\"og:image:height\" content=\"565\" \/>\n\t<meta property=\"og:image:type\" content=\"image\/png\" \/>\n<meta name=\"author\" content=\"Anibal Claveles\" \/>\n<meta name=\"twitter:card\" content=\"summary_large_image\" \/>\n<meta name=\"twitter:creator\" content=\"@FICAUNSL\" \/>\n<meta name=\"twitter:site\" content=\"@FICAUNSL\" \/>\n<meta name=\"twitter:label1\" content=\"Escrito por\" \/>\n\t<meta name=\"twitter:data1\" content=\"Anibal Claveles\" \/>\n\t<meta name=\"twitter:label2\" content=\"Tiempo de lectura\" \/>\n\t<meta name=\"twitter:data2\" content=\"2 minutos\" \/>\n<script type=\"application\/ld+json\" class=\"yoast-schema-graph\">{\"@context\":\"https:\\\/\\\/schema.org\",\"@graph\":[{\"@type\":\"Article\",\"@id\":\"https:\\\/\\\/www.fica.unsl.edu.ar\\\/index.php\\\/experiencias-de-formacion-y-actualizacion-en-el-xxiv-congreso-de-aapresid\\\/#article\",\"isPartOf\":{\"@id\":\"https:\\\/\\\/www.fica.unsl.edu.ar\\\/index.php\\\/experiencias-de-formacion-y-actualizacion-en-el-xxiv-congreso-de-aapresid\\\/\"},\"author\":{\"name\":\"Anibal Claveles\",\"@id\":\"https:\\\/\\\/www.fica.unsl.edu.ar\\\/#\\\/schema\\\/person\\\/2f6f26f068b944e9cf0617422e7090e1\"},\"headline\":\"Experiencias de formaci\u00f3n y actualizaci\u00f3n en el XXIV Congreso de AAPRESID\",\"datePublished\":\"2026-09-04T11:59:53+00:00\",\"dateModified\":\"2026-09-04T12:32:36+00:00\",\"mainEntityOfPage\":{\"@id\":\"https:\\\/\\\/www.fica.unsl.edu.ar\\\/index.php\\\/experiencias-de-formacion-y-actualizacion-en-el-xxiv-congreso-de-aapresid\\\/\"},\"wordCount\":328,\"publisher\":{\"@id\":\"https:\\\/\\\/www.fica.unsl.edu.ar\\\/#organization\"},\"image\":{\"@id\":\"https:\\\/\\\/www.fica.unsl.edu.ar\\\/index.php\\\/experiencias-de-formacion-y-actualizacion-en-el-xxiv-congreso-de-aapresid\\\/#primaryimage\"},\"thumbnailUrl\":\"https:\\\/\\\/www.fica.unsl.edu.ar\\\/wp-content\\\/uploads\\\/2026\\\/09\\\/aprecid-front.png\",\"articleSection\":[\"Noticias\",\"Principal\"],\"inLanguage\":\"es-AR\"},{\"@type\":\"WebPage\",\"@id\":\"https:\\\/\\\/www.fica.unsl.edu.ar\\\/index.php\\\/experiencias-de-formacion-y-actualizacion-en-el-xxiv-congreso-de-aapresid\\\/\",\"url\":\"https:\\\/\\\/www.fica.unsl.edu.ar\\\/index.php\\\/experiencias-de-formacion-y-actualizacion-en-el-xxiv-congreso-de-aapresid\\\/\",\"name\":\"Experiencias de formaci\u00f3n y actualizaci\u00f3n en el XXIV Congreso de AAPRESID - Facultad de Ingenier\u00eda y Ciencias Agropecuarias\",\"isPartOf\":{\"@id\":\"https:\\\/\\\/www.fica.unsl.edu.ar\\\/#website\"},\"primaryImageOfPage\":{\"@id\":\"https:\\\/\\\/www.fica.unsl.edu.ar\\\/index.php\\\/experiencias-de-formacion-y-actualizacion-en-el-xxiv-congreso-de-aapresid\\\/#primaryimage\"},\"image\":{\"@id\":\"https:\\\/\\\/www.fica.unsl.edu.ar\\\/index.php\\\/experiencias-de-formacion-y-actualizacion-en-el-xxiv-congreso-de-aapresid\\\/#primaryimage\"},\"thumbnailUrl\":\"https:\\\/\\\/www.fica.unsl.edu.ar\\\/wp-content\\\/uploads\\\/2026\\\/09\\\/aprecid-front.png\",\"datePublished\":\"2026-09-04T11:59:53+00:00\",\"dateModified\":\"2026-09-04T12:32:36+00:00\",\"inLanguage\":\"es-AR\",\"potentialAction\":[{\"@type\":\"ReadAction\",\"target\":[\"https:\\\/\\\/www.fica.unsl.edu.ar\\\/index.php\\\/experiencias-de-formacion-y-actualizacion-en-el-xxiv-congreso-de-aapresid\\\/\"]}]},{\"@type\":\"ImageObject\",\"inLanguage\":\"es-AR\",\"@id\":\"https:\\\/\\\/www.fica.unsl.edu.ar\\\/index.php\\\/experiencias-de-formacion-y-actualizacion-en-el-xxiv-congreso-de-aapresid\\\/#primaryimage\",\"url\":\"https:\\\/\\\/www.fica.unsl.edu.ar\\\/wp-content\\\/uploads\\\/2026\\\/09\\\/aprecid-front.png\",\"contentUrl\":\"https:\\\/\\\/www.fica.unsl.edu.ar\\\/wp-content\\\/uploads\\\/2026\\\/09\\\/aprecid-front.png\",\"width\":2122,\"height\":1170},{\"@type\":\"WebSite\",\"@id\":\"https:\\\/\\\/www.fica.unsl.edu.ar\\\/#website\",\"url\":\"https:\\\/\\\/www.fica.unsl.edu.ar\\\/\",\"name\":\"Facultad de Ingenier\u00eda y Ciencias Agropecuarias\",\"description\":\"\",\"publisher\":{\"@id\":\"https:\\\/\\\/www.fica.unsl.edu.ar\\\/#organization\"},\"potentialAction\":[{\"@type\":\"SearchAction\",\"target\":{\"@type\":\"EntryPoint\",\"urlTemplate\":\"https:\\\/\\\/www.fica.unsl.edu.ar\\\/?s={search_term_string}\"},\"query-input\":{\"@type\":\"PropertyValueSpecification\",\"valueRequired\":true,\"valueName\":\"search_term_string\"}}],\"inLanguage\":\"es-AR\"},{\"@type\":\"Organization\",\"@id\":\"https:\\\/\\\/www.fica.unsl.edu.ar\\\/#organization\",\"name\":\"Facultad de Ingenier\u00eda y Ciencias Agropecuarias\",\"url\":\"https:\\\/\\\/www.fica.unsl.edu.ar\\\/\",\"logo\":{\"@type\":\"ImageObject\",\"inLanguage\":\"es-AR\",\"@id\":\"https:\\\/\\\/www.fica.unsl.edu.ar\\\/#\\\/schema\\\/logo\\\/image\\\/\",\"url\":\"https:\\\/\\\/www.fica.unsl.edu.ar\\\/wp-content\\\/uploads\\\/2021\\\/03\\\/LOGO-1.jpg\",\"contentUrl\":\"https:\\\/\\\/www.fica.unsl.edu.ar\\\/wp-content\\\/uploads\\\/2021\\\/03\\\/LOGO-1.jpg\",\"width\":463,\"height\":145,\"caption\":\"Facultad de Ingenier\u00eda y Ciencias Agropecuarias\"},\"image\":{\"@id\":\"https:\\\/\\\/www.fica.unsl.edu.ar\\\/#\\\/schema\\\/logo\\\/image\\\/\"},\"sameAs\":[\"https:\\\/\\\/www.facebook.com\\\/FICA.UNSL\\\/\",\"https:\\\/\\\/x.com\\\/FICAUNSL\",\"https:\\\/\\\/www.instagram.com\\\/fica.unsl\\\/\",\"https:\\\/\\\/www.youtube.com\\\/channel\\\/UCs2MM53gb2PyBrMySdtWZDQ\"]},{\"@type\":\"Person\",\"@id\":\"https:\\\/\\\/www.fica.unsl.edu.ar\\\/#\\\/schema\\\/person\\\/2f6f26f068b944e9cf0617422e7090e1\",\"name\":\"Anibal Claveles\"}]}<\/script>\n<!-- \/ Yoast SEO plugin. -->","yoast_head_json":{"title":"Experiencias de formaci\u00f3n y actualizaci\u00f3n en el XXIV Congreso de AAPRESID - Facultad de Ingenier\u00eda y Ciencias Agropecuarias","robots":{"index":"index","follow":"follow","max-snippet":"max-snippet:-1","max-image-preview":"max-image-preview:large","max-video-preview":"max-video-preview:-1"},"canonical":"https:\/\/www.fica.unsl.edu.ar\/index.php\/experiencias-de-formacion-y-actualizacion-en-el-xxiv-congreso-de-aapresid\/","og_locale":"es_ES","og_type":"article","og_title":"Experiencias de formaci\u00f3n y actualizaci\u00f3n en el XXIV Congreso de AAPRESID - Facultad de Ingenier\u00eda y Ciencias Agropecuarias","og_description":"A principios de agosto de 2026, estudiantes y docentes de la carrera de Ingenier\u00eda Agron\u00f3mica de la Facultad de Ingenier\u00eda y Ciencias Agropecuarias (FICA) de&hellip;","og_url":"https:\/\/www.fica.unsl.edu.ar\/index.php\/experiencias-de-formacion-y-actualizacion-en-el-xxiv-congreso-de-aapresid\/","og_site_name":"Facultad de Ingenier\u00eda y Ciencias Agropecuarias","article_publisher":"https:\/\/www.facebook.com\/FICA.UNSL\/","article_published_time":"2026-09-04T11:59:53+00:00","article_modified_time":"2026-09-04T12:32:36+00:00","og_image":[{"width":1024,"height":565,"url":"https:\/\/www.fica.unsl.edu.ar\/wp-content\/uploads\/2026\/09\/aprecid-front-1024x565.png","type":"image\/png"}],"author":"Anibal Claveles","twitter_card":"summary_large_image","twitter_creator":"@FICAUNSL","twitter_site":"@FICAUNSL","twitter_misc":{"Escrito por":"Anibal Claveles","Tiempo de lectura":"2 minutos"},"schema":{"@context":"https:\/\/schema.org","@graph":[{"@type":"Article","@id":"https:\/\/www.fica.unsl.edu.ar\/index.php\/experiencias-de-formacion-y-actualizacion-en-el-xxiv-congreso-de-aapresid\/#article","isPartOf":{"@id":"https:\/\/www.fica.unsl.edu.ar\/index.php\/experiencias-de-formacion-y-actualizacion-en-el-xxiv-congreso-de-aapresid\/"},"author":{"name":"Anibal Claveles","@id":"https:\/\/www.fica.unsl.edu.ar\/#\/schema\/person\/2f6f26f068b944e9cf0617422e7090e1"},"headline":"Experiencias de formaci\u00f3n y actualizaci\u00f3n en el XXIV Congreso de AAPRESID","datePublished":"2026-09-04T11:59:53+00:00","dateModified":"2026-09-04T12:32:36+00:00","mainEntityOfPage":{"@id":"https:\/\/www.fica.unsl.edu.ar\/index.php\/experiencias-de-formacion-y-actualizacion-en-el-xxiv-congreso-de-aapresid\/"},"wordCount":328,"publisher":{"@id":"https:\/\/www.fica.unsl.edu.ar\/#organization"},"image":{"@id":"https:\/\/www.fica.unsl.edu.ar\/index.php\/experiencias-de-formacion-y-actualizacion-en-el-xxiv-congreso-de-aapresid\/#primaryimage"},"thumbnailUrl":"https:\/\/www.fica.unsl.edu.ar\/wp-content\/uploads\/2026\/09\/aprecid-front.png","articleSection":["Noticias","Principal"],"inLanguage":"es-AR"},{"@type":"WebPage","@id":"https:\/\/www.fica.unsl.edu.ar\/index.php\/experiencias-de-formacion-y-actualizacion-en-el-xxiv-congreso-de-aapresid\/","url":"https:\/\/www.fica.unsl.edu.ar\/index.php\/experiencias-de-formacion-y-actualizacion-en-el-xxiv-congreso-de-aapresid\/","name":"Experiencias de formaci\u00f3n y actualizaci\u00f3n en el XXIV Congreso de AAPRESID - Facultad de Ingenier\u00eda y Ciencias Agropecuarias","isPartOf":{"@id":"https:\/\/www.fica.unsl.edu.ar\/#website"},"primaryImageOfPage":{"@id":"https:\/\/www.fica.unsl.edu.ar\/index.php\/experiencias-de-formacion-y-actualizacion-en-el-xxiv-congreso-de-aapresid\/#primaryimage"},"image":{"@id":"https:\/\/www.fica.unsl.edu.ar\/index.php\/experiencias-de-formacion-y-actualizacion-en-el-xxiv-congreso-de-aapresid\/#primaryimage"},"thumbnailUrl":"https:\/\/www.fica.unsl.edu.ar\/wp-content\/uploads\/2026\/09\/aprecid-front.png","datePublished":"2026-09-04T11:59:53+00:00","dateModified":"2026-09-04T12:32:36+00:00","inLanguage":"es-AR","potentialAction":[{"@type":"ReadAction","target":["https:\/\/www.fica.unsl.edu.ar\/index.php\/experiencias-de-formacion-y-actualizacion-en-el-xxiv-congreso-de-aapresid\/"]}]},{"@type":"ImageObject","inLanguage":"es-AR","@id":"https:\/\/www.fica.unsl.edu.ar\/index.php\/experiencias-de-formacion-y-actualizacion-en-el-xxiv-congreso-de-aapresid\/#primaryimage","url":"https:\/\/www.fica.unsl.edu.ar\/wp-content\/uploads\/2026\/09\/aprecid-front.png","contentUrl":"https:\/\/www.fica.unsl.edu.ar\/wp-content\/uploads\/2026\/09\/aprecid-front.png","width":2122,"height":1170},{"@type":"WebSite","@id":"https:\/\/www.fica.unsl.edu.ar\/#website","url":"https:\/\/www.fica.unsl.edu.ar\/","name":"Facultad de Ingenier\u00eda y Ciencias Agropecuarias","description":"","publisher":{"@id":"https:\/\/www.fica.unsl.edu.ar\/#organization"},"potentialAction":[{"@type":"SearchAction","target":{"@type":"EntryPoint","urlTemplate":"https:\/\/www.fica.unsl.edu.ar\/?s={search_term_string}"},"query-input":{"@type":"PropertyValueSpecification","valueRequired":true,"valueName":"search_term_string"}}],"inLanguage":"es-AR"},{"@type":"Organization","@id":"https:\/\/www.fica.unsl.edu.ar\/#organization","name":"Facultad de Ingenier\u00eda y Ciencias Agropecuarias","url":"https:\/\/www.fica.unsl.edu.ar\/","logo":{"@type":"ImageObject","inLanguage":"es-AR","@id":"https:\/\/www.fica.unsl.edu.ar\/#\/schema\/logo\/image\/","url":"https:\/\/www.fica.unsl.edu.ar\/wp-content\/uploads\/2021\/03\/LOGO-1.jpg","contentUrl":"https:\/\/www.fica.unsl.edu.ar\/wp-content\/uploads\/2021\/03\/LOGO-1.jpg","width":463,"height":145,"caption":"Facultad de Ingenier\u00eda y Ciencias Agropecuarias"},"image":{"@id":"https:\/\/www.fica.unsl.edu.ar\/#\/schema\/logo\/image\/"},"sameAs":["https:\/\/www.facebook.com\/FICA.UNSL\/","https:\/\/x.com\/FICAUNSL","https:\/\/www.instagram.com\/fica.unsl\/","https:\/\/www.youtube.com\/channel\/UCs2MM53gb2PyBrMySdtWZDQ"]},{"@type":"Person","@id":"https:\/\/www.fica.unsl.edu.ar\/#\/schema\/person\/2f6f26f068b944e9cf0617422e7090e1","name":"Anibal Claveles"}]}},"_links":{"self":[{"href":"https:\/\/www.fica.unsl.edu.ar\/index.php\/wp-json\/wp\/v2\/posts\/23424","targetHints":{"allow":["GET"]}}],"collection":[{"href":"https:\/\/www.fica.unsl.edu.ar\/index.php\/wp-json\/wp\/v2\/posts"}],"about":[{"href":"https:\/\/www.fica.unsl.edu.ar\/index.php\/wp-json\/wp\/v2\/types\/post"}],"author":[{"embeddable":true,"href":"https:\/\/www.fica.unsl.edu.ar\/index.php\/wp-json\/wp\/v2\/users\/14"}],"replies":[{"embeddable":true,"href":"https:\/\/www.fica.unsl.edu.ar\/index.php\/wp-json\/wp\/v2\/comments?post=23424"}],"version-history":[{"count":1,"href":"https:\/\/www.fica.unsl.edu.ar\/index.php\/wp-json\/wp\/v2\/posts\/23424\/revisions"}],"predecessor-version":[{"id":23436,"href":"https:\/\/www.fica.unsl.edu.ar\/index.php\/wp-json\/wp\/v2\/posts\/23424\/revisions\/23436"}],"wp:featuredmedia":[{"embeddable":true,"href":"https:\/\/www.fica.unsl.edu.ar\/index.php\/wp-json\/wp\/v2\/media\/23425"}],"wp:attachment":[{"href":"https:\/\/www.fica.unsl.edu.ar\/index.php\/wp-json\/wp\/v2\/media?parent=23424"}],"wp:term":[{"taxonomy":"category","embeddable":true,"href":"https:\/\/www.fica.unsl.edu.ar\/index.php\/wp-json\/wp\/v2\/categories?post=23424"},{"taxonomy":"post_tag","embeddable":true,"href":"https:\/\/www.fica.unsl.edu.ar\/index.php\/wp-json\/wp\/v2\/tags?post=23424"}],"curies":[{"name":"wp","href":"https:\/\/api.w.org\/{rel}","templated":true}]}}