{"id":3207,"date":"2021-03-17T09:22:39","date_gmt":"2021-03-17T12:22:39","guid":{"rendered":"http:\/\/10.101.10.196\/www\/?p=3207"},"modified":"2021-06-02T12:23:31","modified_gmt":"2021-06-02T15:23:31","slug":"el-personal-nodocente-regresa-a-la-presencialidad","status":"publish","type":"post","link":"https:\/\/www.fica.unsl.edu.ar\/index.php\/el-personal-nodocente-regresa-a-la-presencialidad\/","title":{"rendered":"El personal Nodocente regresa a la presencialidad"},"content":{"rendered":"<p>El Rector de la Universidad Nacional de San Luis (UNSL), acord\u00f3 con el Secretario General de la Asociaci\u00f3n del Personal de la Universidad Nacional de San Luis (APUNSL), un nuevo diagrama para la presencialidad de las\/os trabajadoras\/os nodocentes en esta fase 2021, en el marco de la pandemia por Covid-19. A partir del lunes 22 de febrero, el horario de trabajo ser\u00e1 de lunes a viernes de 8 a 13 horas. El acuerdo surge de la necesidad de procurar agilidad y funcionalidad en las diferentes dependencias de la Universidad mediante un esquema que permita la asistencia del personal nodocente todos los d\u00edas de la semana, logrando as\u00ed avanzar en un sistema mixto de presencialidad en todas las tareas y \u00e1mbitos de la UNSL.<\/p>\n<p>Es por ello que todo el personal nodocente asistir\u00e1 a partir del lunes 22 de febrero de 2021 de lunes a viernes de 8:00 a 13:00 horas, quedando exceptuados quienes se encuentren autorizados a no asistir seg\u00fan lo reglamentado mediante la R.R. N\u00b0 649\/20, y toda la disposici\u00f3n del Ejecutivo Nacional que se dicte en este sentido, quienes continuar\u00e1n, en la medida de las posibilidades, realizando trabajo remoto desde sus hogares, donde podr\u00e1n recibir visita de inspecci\u00f3n m\u00e9dica para un adecuado seguimiento de todas estas situaciones.<\/p>\n<p>Se har\u00e1 especial \u00e9nfasis en el cumplimiento de todos los protocolos vigentes, se har\u00e1 estricto control de trazabilidad mediante la aplicaci\u00f3n Trazar, la toma de temperatura, el respeto al distanciamiento, el uso permanente de tapaboca, la higiene asidua de las manos y de los lugares de trabajo y su adecuada ventilaci\u00f3n. Todas las condiciones de trabajo deber\u00e1n ser coordinadas y gestionadas por los responsables de cada sector.<\/p>\n<p>Se har\u00e1 un seguimiento estricto que permita una respuesta segura ante cualquier emergencia, la que ser\u00e1 evaluada y se tomar\u00e1n medidas oportunas de acuerdo a las necesidades que se presenten, siempre preservando y cuidando a todos los integrantes de la comunidad universitaria.<\/p>\n<p>Este esquema general, no ser\u00e1 aplicado en las dependencias que por su naturaleza y funciones tienen establecido otro cronograma de tareas, (Secretar\u00eda de Asuntos Estudiantiles y Bienestar Universitario, Direcci\u00f3n de Obra Social para el Personal Universitario, Secretar\u00eda de Comunicaci\u00f3n Institucional y Servicios de Vigilancia).<\/p>\n<p>&nbsp;<\/p>\n<p><a href=\"https:\/\/www.noticias.unsl.edu.ar\/wp-content\/uploads\/2021\/02\/CamScanner-02-19-2021-12.26.pdf\">Resoluci\u00f3n sobre el nuevo r\u00e9gimen de presencialidad Nodocente<\/a><\/p>\n","protected":false},"excerpt":{"rendered":"<p>El Rector de la Universidad Nacional de San Luis (UNSL), acord\u00f3 con el Secretario General de la Asociaci\u00f3n del Personal de la Universidad Nacional de&hellip;<\/p>\n","protected":false},"author":9,"featured_media":3208,"comment_status":"closed","ping_status":"closed","sticky":false,"template":"","format":"standard","meta":{"_monsterinsights_skip_tracking":false,"_monsterinsights_sitenote_active":false,"_monsterinsights_sitenote_note":"","_monsterinsights_sitenote_category":0,"_joinchat":[],"footnotes":""},"categories":[22],"tags":[],"class_list":["post-3207","post","type-post","status-publish","format-standard","has-post-thumbnail","hentry","category-archivadas"],"yoast_head":"<!-- This site is optimized with the Yoast SEO plugin v27.4 - https:\/\/yoast.com\/product\/yoast-seo-wordpress\/ -->\n<title>El personal Nodocente regresa a la presencialidad - Facultad de Ingenier\u00eda y Ciencias Agropecuarias<\/title>\n<meta name=\"robots\" content=\"index, follow, max-snippet:-1, max-image-preview:large, max-video-preview:-1\" \/>\n<link rel=\"canonical\" href=\"https:\/\/www.fica.unsl.edu.ar\/index.php\/el-personal-nodocente-regresa-a-la-presencialidad\/\" \/>\n<meta property=\"og:locale\" content=\"es_ES\" \/>\n<meta property=\"og:type\" content=\"article\" \/>\n<meta property=\"og:title\" content=\"El personal Nodocente regresa a la presencialidad - Facultad de Ingenier\u00eda y Ciencias Agropecuarias\" \/>\n<meta property=\"og:description\" content=\"El Rector de la Universidad Nacional de San Luis (UNSL), acord\u00f3 con el Secretario General de la Asociaci\u00f3n del Personal de la Universidad Nacional de&hellip;\" \/>\n<meta property=\"og:url\" content=\"https:\/\/www.fica.unsl.edu.ar\/index.php\/el-personal-nodocente-regresa-a-la-presencialidad\/\" \/>\n<meta property=\"og:site_name\" content=\"Facultad de Ingenier\u00eda y Ciencias Agropecuarias\" \/>\n<meta property=\"article:publisher\" content=\"https:\/\/www.facebook.com\/FICA.UNSL\/\" \/>\n<meta property=\"article:published_time\" content=\"2021-03-17T12:22:39+00:00\" \/>\n<meta property=\"article:modified_time\" content=\"2021-06-02T15:23:31+00:00\" \/>\n<meta property=\"og:image\" content=\"https:\/\/www.fica.unsl.edu.ar\/wp-content\/uploads\/2021\/03\/191022-Rectorado-Fachada-con-cartel-2020-18-de-32-3-1000x600-1.jpg\" \/>\n\t<meta property=\"og:image:width\" content=\"1000\" \/>\n\t<meta property=\"og:image:height\" content=\"600\" \/>\n\t<meta property=\"og:image:type\" content=\"image\/jpeg\" \/>\n<meta name=\"author\" content=\"DATI\" \/>\n<meta name=\"twitter:card\" content=\"summary_large_image\" \/>\n<meta name=\"twitter:creator\" content=\"@FICAUNSL\" \/>\n<meta name=\"twitter:site\" content=\"@FICAUNSL\" \/>\n<meta name=\"twitter:label1\" content=\"Escrito por\" \/>\n\t<meta name=\"twitter:data1\" content=\"DATI\" \/>\n\t<meta name=\"twitter:label2\" content=\"Tiempo de lectura\" \/>\n\t<meta name=\"twitter:data2\" content=\"2 minutos\" \/>\n<script type=\"application\/ld+json\" class=\"yoast-schema-graph\">{\"@context\":\"https:\\\/\\\/schema.org\",\"@graph\":[{\"@type\":\"Article\",\"@id\":\"https:\\\/\\\/www.fica.unsl.edu.ar\\\/index.php\\\/el-personal-nodocente-regresa-a-la-presencialidad\\\/#article\",\"isPartOf\":{\"@id\":\"https:\\\/\\\/www.fica.unsl.edu.ar\\\/index.php\\\/el-personal-nodocente-regresa-a-la-presencialidad\\\/\"},\"author\":{\"name\":\"DATI\",\"@id\":\"https:\\\/\\\/www.fica.unsl.edu.ar\\\/#\\\/schema\\\/person\\\/6058f9c66301868d3a691b1f5d6c3544\"},\"headline\":\"El personal Nodocente regresa a la presencialidad\",\"datePublished\":\"2021-03-17T12:22:39+00:00\",\"dateModified\":\"2021-06-02T15:23:31+00:00\",\"mainEntityOfPage\":{\"@id\":\"https:\\\/\\\/www.fica.unsl.edu.ar\\\/index.php\\\/el-personal-nodocente-regresa-a-la-presencialidad\\\/\"},\"wordCount\":390,\"publisher\":{\"@id\":\"https:\\\/\\\/www.fica.unsl.edu.ar\\\/#organization\"},\"image\":{\"@id\":\"https:\\\/\\\/www.fica.unsl.edu.ar\\\/index.php\\\/el-personal-nodocente-regresa-a-la-presencialidad\\\/#primaryimage\"},\"thumbnailUrl\":\"https:\\\/\\\/www.fica.unsl.edu.ar\\\/wp-content\\\/uploads\\\/2021\\\/03\\\/191022-Rectorado-Fachada-con-cartel-2020-18-de-32-3-1000x600-1.jpg\",\"articleSection\":[\"Archivadas\"],\"inLanguage\":\"es-AR\"},{\"@type\":\"WebPage\",\"@id\":\"https:\\\/\\\/www.fica.unsl.edu.ar\\\/index.php\\\/el-personal-nodocente-regresa-a-la-presencialidad\\\/\",\"url\":\"https:\\\/\\\/www.fica.unsl.edu.ar\\\/index.php\\\/el-personal-nodocente-regresa-a-la-presencialidad\\\/\",\"name\":\"El personal Nodocente regresa a la presencialidad - Facultad de Ingenier\u00eda y Ciencias Agropecuarias\",\"isPartOf\":{\"@id\":\"https:\\\/\\\/www.fica.unsl.edu.ar\\\/#website\"},\"primaryImageOfPage\":{\"@id\":\"https:\\\/\\\/www.fica.unsl.edu.ar\\\/index.php\\\/el-personal-nodocente-regresa-a-la-presencialidad\\\/#primaryimage\"},\"image\":{\"@id\":\"https:\\\/\\\/www.fica.unsl.edu.ar\\\/index.php\\\/el-personal-nodocente-regresa-a-la-presencialidad\\\/#primaryimage\"},\"thumbnailUrl\":\"https:\\\/\\\/www.fica.unsl.edu.ar\\\/wp-content\\\/uploads\\\/2021\\\/03\\\/191022-Rectorado-Fachada-con-cartel-2020-18-de-32-3-1000x600-1.jpg\",\"datePublished\":\"2021-03-17T12:22:39+00:00\",\"dateModified\":\"2021-06-02T15:23:31+00:00\",\"inLanguage\":\"es-AR\",\"potentialAction\":[{\"@type\":\"ReadAction\",\"target\":[\"https:\\\/\\\/www.fica.unsl.edu.ar\\\/index.php\\\/el-personal-nodocente-regresa-a-la-presencialidad\\\/\"]}]},{\"@type\":\"ImageObject\",\"inLanguage\":\"es-AR\",\"@id\":\"https:\\\/\\\/www.fica.unsl.edu.ar\\\/index.php\\\/el-personal-nodocente-regresa-a-la-presencialidad\\\/#primaryimage\",\"url\":\"https:\\\/\\\/www.fica.unsl.edu.ar\\\/wp-content\\\/uploads\\\/2021\\\/03\\\/191022-Rectorado-Fachada-con-cartel-2020-18-de-32-3-1000x600-1.jpg\",\"contentUrl\":\"https:\\\/\\\/www.fica.unsl.edu.ar\\\/wp-content\\\/uploads\\\/2021\\\/03\\\/191022-Rectorado-Fachada-con-cartel-2020-18-de-32-3-1000x600-1.jpg\",\"width\":1000,\"height\":600},{\"@type\":\"WebSite\",\"@id\":\"https:\\\/\\\/www.fica.unsl.edu.ar\\\/#website\",\"url\":\"https:\\\/\\\/www.fica.unsl.edu.ar\\\/\",\"name\":\"Facultad de Ingenier\u00eda y Ciencias Agropecuarias\",\"description\":\"\",\"publisher\":{\"@id\":\"https:\\\/\\\/www.fica.unsl.edu.ar\\\/#organization\"},\"potentialAction\":[{\"@type\":\"SearchAction\",\"target\":{\"@type\":\"EntryPoint\",\"urlTemplate\":\"https:\\\/\\\/www.fica.unsl.edu.ar\\\/?s={search_term_string}\"},\"query-input\":{\"@type\":\"PropertyValueSpecification\",\"valueRequired\":true,\"valueName\":\"search_term_string\"}}],\"inLanguage\":\"es-AR\"},{\"@type\":\"Organization\",\"@id\":\"https:\\\/\\\/www.fica.unsl.edu.ar\\\/#organization\",\"name\":\"Facultad de Ingenier\u00eda y Ciencias Agropecuarias\",\"url\":\"https:\\\/\\\/www.fica.unsl.edu.ar\\\/\",\"logo\":{\"@type\":\"ImageObject\",\"inLanguage\":\"es-AR\",\"@id\":\"https:\\\/\\\/www.fica.unsl.edu.ar\\\/#\\\/schema\\\/logo\\\/image\\\/\",\"url\":\"https:\\\/\\\/www.fica.unsl.edu.ar\\\/wp-content\\\/uploads\\\/2021\\\/03\\\/LOGO-1.jpg\",\"contentUrl\":\"https:\\\/\\\/www.fica.unsl.edu.ar\\\/wp-content\\\/uploads\\\/2021\\\/03\\\/LOGO-1.jpg\",\"width\":463,\"height\":145,\"caption\":\"Facultad de Ingenier\u00eda y Ciencias Agropecuarias\"},\"image\":{\"@id\":\"https:\\\/\\\/www.fica.unsl.edu.ar\\\/#\\\/schema\\\/logo\\\/image\\\/\"},\"sameAs\":[\"https:\\\/\\\/www.facebook.com\\\/FICA.UNSL\\\/\",\"https:\\\/\\\/x.com\\\/FICAUNSL\",\"https:\\\/\\\/www.instagram.com\\\/fica.unsl\\\/\",\"https:\\\/\\\/www.youtube.com\\\/channel\\\/UCs2MM53gb2PyBrMySdtWZDQ\"]},{\"@type\":\"Person\",\"@id\":\"https:\\\/\\\/www.fica.unsl.edu.ar\\\/#\\\/schema\\\/person\\\/6058f9c66301868d3a691b1f5d6c3544\",\"name\":\"DATI\"}]}<\/script>\n<!-- \/ Yoast SEO plugin. -->","yoast_head_json":{"title":"El personal Nodocente regresa a la presencialidad - Facultad de Ingenier\u00eda y Ciencias Agropecuarias","robots":{"index":"index","follow":"follow","max-snippet":"max-snippet:-1","max-image-preview":"max-image-preview:large","max-video-preview":"max-video-preview:-1"},"canonical":"https:\/\/www.fica.unsl.edu.ar\/index.php\/el-personal-nodocente-regresa-a-la-presencialidad\/","og_locale":"es_ES","og_type":"article","og_title":"El personal Nodocente regresa a la presencialidad - Facultad de Ingenier\u00eda y Ciencias Agropecuarias","og_description":"El Rector de la Universidad Nacional de San Luis (UNSL), acord\u00f3 con el Secretario General de la Asociaci\u00f3n del Personal de la Universidad Nacional de&hellip;","og_url":"https:\/\/www.fica.unsl.edu.ar\/index.php\/el-personal-nodocente-regresa-a-la-presencialidad\/","og_site_name":"Facultad de Ingenier\u00eda y Ciencias Agropecuarias","article_publisher":"https:\/\/www.facebook.com\/FICA.UNSL\/","article_published_time":"2021-03-17T12:22:39+00:00","article_modified_time":"2021-06-02T15:23:31+00:00","og_image":[{"width":1000,"height":600,"url":"https:\/\/www.fica.unsl.edu.ar\/wp-content\/uploads\/2021\/03\/191022-Rectorado-Fachada-con-cartel-2020-18-de-32-3-1000x600-1.jpg","type":"image\/jpeg"}],"author":"DATI","twitter_card":"summary_large_image","twitter_creator":"@FICAUNSL","twitter_site":"@FICAUNSL","twitter_misc":{"Escrito por":"DATI","Tiempo de lectura":"2 minutos"},"schema":{"@context":"https:\/\/schema.org","@graph":[{"@type":"Article","@id":"https:\/\/www.fica.unsl.edu.ar\/index.php\/el-personal-nodocente-regresa-a-la-presencialidad\/#article","isPartOf":{"@id":"https:\/\/www.fica.unsl.edu.ar\/index.php\/el-personal-nodocente-regresa-a-la-presencialidad\/"},"author":{"name":"DATI","@id":"https:\/\/www.fica.unsl.edu.ar\/#\/schema\/person\/6058f9c66301868d3a691b1f5d6c3544"},"headline":"El personal Nodocente regresa a la presencialidad","datePublished":"2021-03-17T12:22:39+00:00","dateModified":"2021-06-02T15:23:31+00:00","mainEntityOfPage":{"@id":"https:\/\/www.fica.unsl.edu.ar\/index.php\/el-personal-nodocente-regresa-a-la-presencialidad\/"},"wordCount":390,"publisher":{"@id":"https:\/\/www.fica.unsl.edu.ar\/#organization"},"image":{"@id":"https:\/\/www.fica.unsl.edu.ar\/index.php\/el-personal-nodocente-regresa-a-la-presencialidad\/#primaryimage"},"thumbnailUrl":"https:\/\/www.fica.unsl.edu.ar\/wp-content\/uploads\/2021\/03\/191022-Rectorado-Fachada-con-cartel-2020-18-de-32-3-1000x600-1.jpg","articleSection":["Archivadas"],"inLanguage":"es-AR"},{"@type":"WebPage","@id":"https:\/\/www.fica.unsl.edu.ar\/index.php\/el-personal-nodocente-regresa-a-la-presencialidad\/","url":"https:\/\/www.fica.unsl.edu.ar\/index.php\/el-personal-nodocente-regresa-a-la-presencialidad\/","name":"El personal Nodocente regresa a la presencialidad - Facultad de Ingenier\u00eda y Ciencias Agropecuarias","isPartOf":{"@id":"https:\/\/www.fica.unsl.edu.ar\/#website"},"primaryImageOfPage":{"@id":"https:\/\/www.fica.unsl.edu.ar\/index.php\/el-personal-nodocente-regresa-a-la-presencialidad\/#primaryimage"},"image":{"@id":"https:\/\/www.fica.unsl.edu.ar\/index.php\/el-personal-nodocente-regresa-a-la-presencialidad\/#primaryimage"},"thumbnailUrl":"https:\/\/www.fica.unsl.edu.ar\/wp-content\/uploads\/2021\/03\/191022-Rectorado-Fachada-con-cartel-2020-18-de-32-3-1000x600-1.jpg","datePublished":"2021-03-17T12:22:39+00:00","dateModified":"2021-06-02T15:23:31+00:00","inLanguage":"es-AR","potentialAction":[{"@type":"ReadAction","target":["https:\/\/www.fica.unsl.edu.ar\/index.php\/el-personal-nodocente-regresa-a-la-presencialidad\/"]}]},{"@type":"ImageObject","inLanguage":"es-AR","@id":"https:\/\/www.fica.unsl.edu.ar\/index.php\/el-personal-nodocente-regresa-a-la-presencialidad\/#primaryimage","url":"https:\/\/www.fica.unsl.edu.ar\/wp-content\/uploads\/2021\/03\/191022-Rectorado-Fachada-con-cartel-2020-18-de-32-3-1000x600-1.jpg","contentUrl":"https:\/\/www.fica.unsl.edu.ar\/wp-content\/uploads\/2021\/03\/191022-Rectorado-Fachada-con-cartel-2020-18-de-32-3-1000x600-1.jpg","width":1000,"height":600},{"@type":"WebSite","@id":"https:\/\/www.fica.unsl.edu.ar\/#website","url":"https:\/\/www.fica.unsl.edu.ar\/","name":"Facultad de Ingenier\u00eda y Ciencias Agropecuarias","description":"","publisher":{"@id":"https:\/\/www.fica.unsl.edu.ar\/#organization"},"potentialAction":[{"@type":"SearchAction","target":{"@type":"EntryPoint","urlTemplate":"https:\/\/www.fica.unsl.edu.ar\/?s={search_term_string}"},"query-input":{"@type":"PropertyValueSpecification","valueRequired":true,"valueName":"search_term_string"}}],"inLanguage":"es-AR"},{"@type":"Organization","@id":"https:\/\/www.fica.unsl.edu.ar\/#organization","name":"Facultad de Ingenier\u00eda y Ciencias Agropecuarias","url":"https:\/\/www.fica.unsl.edu.ar\/","logo":{"@type":"ImageObject","inLanguage":"es-AR","@id":"https:\/\/www.fica.unsl.edu.ar\/#\/schema\/logo\/image\/","url":"https:\/\/www.fica.unsl.edu.ar\/wp-content\/uploads\/2021\/03\/LOGO-1.jpg","contentUrl":"https:\/\/www.fica.unsl.edu.ar\/wp-content\/uploads\/2021\/03\/LOGO-1.jpg","width":463,"height":145,"caption":"Facultad de Ingenier\u00eda y Ciencias Agropecuarias"},"image":{"@id":"https:\/\/www.fica.unsl.edu.ar\/#\/schema\/logo\/image\/"},"sameAs":["https:\/\/www.facebook.com\/FICA.UNSL\/","https:\/\/x.com\/FICAUNSL","https:\/\/www.instagram.com\/fica.unsl\/","https:\/\/www.youtube.com\/channel\/UCs2MM53gb2PyBrMySdtWZDQ"]},{"@type":"Person","@id":"https:\/\/www.fica.unsl.edu.ar\/#\/schema\/person\/6058f9c66301868d3a691b1f5d6c3544","name":"DATI"}]}},"_links":{"self":[{"href":"https:\/\/www.fica.unsl.edu.ar\/index.php\/wp-json\/wp\/v2\/posts\/3207","targetHints":{"allow":["GET"]}}],"collection":[{"href":"https:\/\/www.fica.unsl.edu.ar\/index.php\/wp-json\/wp\/v2\/posts"}],"about":[{"href":"https:\/\/www.fica.unsl.edu.ar\/index.php\/wp-json\/wp\/v2\/types\/post"}],"author":[{"embeddable":true,"href":"https:\/\/www.fica.unsl.edu.ar\/index.php\/wp-json\/wp\/v2\/users\/9"}],"replies":[{"embeddable":true,"href":"https:\/\/www.fica.unsl.edu.ar\/index.php\/wp-json\/wp\/v2\/comments?post=3207"}],"version-history":[{"count":1,"href":"https:\/\/www.fica.unsl.edu.ar\/index.php\/wp-json\/wp\/v2\/posts\/3207\/revisions"}],"predecessor-version":[{"id":3209,"href":"https:\/\/www.fica.unsl.edu.ar\/index.php\/wp-json\/wp\/v2\/posts\/3207\/revisions\/3209"}],"wp:featuredmedia":[{"embeddable":true,"href":"https:\/\/www.fica.unsl.edu.ar\/index.php\/wp-json\/wp\/v2\/media\/3208"}],"wp:attachment":[{"href":"https:\/\/www.fica.unsl.edu.ar\/index.php\/wp-json\/wp\/v2\/media?parent=3207"}],"wp:term":[{"taxonomy":"category","embeddable":true,"href":"https:\/\/www.fica.unsl.edu.ar\/index.php\/wp-json\/wp\/v2\/categories?post=3207"},{"taxonomy":"post_tag","embeddable":true,"href":"https:\/\/www.fica.unsl.edu.ar\/index.php\/wp-json\/wp\/v2\/tags?post=3207"}],"curies":[{"name":"wp","href":"https:\/\/api.w.org\/{rel}","templated":true}]}}