{"id":3345,"date":"2021-03-17T11:22:58","date_gmt":"2021-03-17T14:22:58","guid":{"rendered":"http:\/\/10.101.10.196\/www\/?p=3345"},"modified":"2021-04-05T09:53:10","modified_gmt":"2021-04-05T12:53:10","slug":"inscriben-a-la-convocatoria-i-dear-2021","status":"publish","type":"post","link":"https:\/\/www.fica.unsl.edu.ar\/index.php\/inscriben-a-la-convocatoria-i-dear-2021\/","title":{"rendered":"Inscriben a la convocatoria I.DEAR 2021"},"content":{"rendered":"<p align=\"justify\"><span style=\"font-family: Arial;\">El Centro Universitario Argentino \u2013 Alem\u00e1n (CUAA) lanz\u00f3 el Programa I.DEAR (Ingenieros DEUTSCHLAND \u2013 ARGENTINA) convocatoria 2021. Permanecer\u00e1 abierta hasta el 30 de abril del pr\u00f3ximo a\u00f1o. I.DEAR es un programa bilateral de financiamiento de proyectos de intercambio entre Argentina y Alemania en el \u00e1rea de ingenier\u00eda a nivel de estudios de grado en Argentina y de grado o Maestr\u00eda en Alemania.<\/p>\n<p>El objetivo es fortalecer la cooperaci\u00f3n entre ambos pa\u00edses. Est\u00e1 enfocado particularmente en la mejora de la calidad de la formaci\u00f3n acad\u00e9mica y profesional de los\/as estudiantes.<br \/>\nPara el alumnado la estancia en la Instituci\u00f3n extranjera complementa y ampl\u00eda los estudios realizados en la Instituci\u00f3n de origen. El intercambio tiene una duraci\u00f3n de dos (2) semestres en la Instituci\u00f3n Universitaria contraparte que incluye una pr\u00e1ctica profesional supervisada y obligatoria en una empresa.<br \/>\nEl objetivo a mediano plazo es el desarrollo de carreras de grado con doble titulaci\u00f3n.<\/p>\n<p>El Programa contempla adem\u00e1s fondos para la financiaci\u00f3n de intercambio de docentes, investigadores y el aprendizaje de las lenguas alem\u00e1n y castellano.<\/span><\/p>\n<p align=\"center\"><a href=\"https:\/\/www.argentina.gob.ar\/educacion\/convocatorias\/nueva-convocatoria-de-intercambios-con-alemania\"><span style=\"font-family: Arial;\">Link a Bases<\/span><\/a><\/p>\n","protected":false},"excerpt":{"rendered":"<p>El Centro Universitario Argentino \u2013 Alem\u00e1n (CUAA) lanz\u00f3 el Programa I.DEAR (Ingenieros DEUTSCHLAND \u2013 ARGENTINA) convocatoria 2021. Permanecer\u00e1 abierta hasta el 30 de abril del&hellip;<\/p>\n","protected":false},"author":9,"featured_media":3346,"comment_status":"closed","ping_status":"closed","sticky":false,"template":"","format":"standard","meta":{"_monsterinsights_skip_tracking":false,"_monsterinsights_sitenote_active":false,"_monsterinsights_sitenote_note":"","_monsterinsights_sitenote_category":0,"_joinchat":[],"footnotes":""},"categories":[22],"tags":[],"class_list":["post-3345","post","type-post","status-publish","format-standard","has-post-thumbnail","hentry","category-archivadas"],"yoast_head":"<!-- This site is optimized with the Yoast SEO plugin v27.4 - https:\/\/yoast.com\/product\/yoast-seo-wordpress\/ -->\n<title>Inscriben a la convocatoria I.DEAR 2021 - Facultad de Ingenier\u00eda y Ciencias Agropecuarias<\/title>\n<meta name=\"robots\" content=\"index, follow, max-snippet:-1, max-image-preview:large, max-video-preview:-1\" \/>\n<link rel=\"canonical\" href=\"https:\/\/www.fica.unsl.edu.ar\/index.php\/inscriben-a-la-convocatoria-i-dear-2021\/\" \/>\n<meta property=\"og:locale\" content=\"es_ES\" \/>\n<meta property=\"og:type\" content=\"article\" \/>\n<meta property=\"og:title\" content=\"Inscriben a la convocatoria I.DEAR 2021 - Facultad de Ingenier\u00eda y Ciencias Agropecuarias\" \/>\n<meta property=\"og:description\" content=\"El Centro Universitario Argentino \u2013 Alem\u00e1n (CUAA) lanz\u00f3 el Programa I.DEAR (Ingenieros DEUTSCHLAND \u2013 ARGENTINA) convocatoria 2021. Permanecer\u00e1 abierta hasta el 30 de abril del&hellip;\" \/>\n<meta property=\"og:url\" content=\"https:\/\/www.fica.unsl.edu.ar\/index.php\/inscriben-a-la-convocatoria-i-dear-2021\/\" \/>\n<meta property=\"og:site_name\" content=\"Facultad de Ingenier\u00eda y Ciencias Agropecuarias\" \/>\n<meta property=\"article:publisher\" content=\"https:\/\/www.facebook.com\/FICA.UNSL\/\" \/>\n<meta property=\"article:published_time\" content=\"2021-03-17T14:22:58+00:00\" \/>\n<meta property=\"article:modified_time\" content=\"2021-04-05T12:53:10+00:00\" \/>\n<meta property=\"og:image\" content=\"https:\/\/www.fica.unsl.edu.ar\/wp-content\/uploads\/2021\/03\/web_-_i.dear_2021.jpg\" \/>\n\t<meta property=\"og:image:width\" content=\"1618\" \/>\n\t<meta property=\"og:image:height\" content=\"808\" \/>\n\t<meta property=\"og:image:type\" content=\"image\/jpeg\" \/>\n<meta name=\"author\" content=\"DATI\" \/>\n<meta name=\"twitter:card\" content=\"summary_large_image\" \/>\n<meta name=\"twitter:creator\" content=\"@FICAUNSL\" \/>\n<meta name=\"twitter:site\" content=\"@FICAUNSL\" \/>\n<meta name=\"twitter:label1\" content=\"Escrito por\" \/>\n\t<meta name=\"twitter:data1\" content=\"DATI\" \/>\n\t<meta name=\"twitter:label2\" content=\"Tiempo de lectura\" \/>\n\t<meta name=\"twitter:data2\" content=\"1 minuto\" \/>\n<script type=\"application\/ld+json\" class=\"yoast-schema-graph\">{\"@context\":\"https:\\\/\\\/schema.org\",\"@graph\":[{\"@type\":\"Article\",\"@id\":\"https:\\\/\\\/www.fica.unsl.edu.ar\\\/index.php\\\/inscriben-a-la-convocatoria-i-dear-2021\\\/#article\",\"isPartOf\":{\"@id\":\"https:\\\/\\\/www.fica.unsl.edu.ar\\\/index.php\\\/inscriben-a-la-convocatoria-i-dear-2021\\\/\"},\"author\":{\"name\":\"DATI\",\"@id\":\"https:\\\/\\\/www.fica.unsl.edu.ar\\\/#\\\/schema\\\/person\\\/6058f9c66301868d3a691b1f5d6c3544\"},\"headline\":\"Inscriben a la convocatoria I.DEAR 2021\",\"datePublished\":\"2021-03-17T14:22:58+00:00\",\"dateModified\":\"2021-04-05T12:53:10+00:00\",\"mainEntityOfPage\":{\"@id\":\"https:\\\/\\\/www.fica.unsl.edu.ar\\\/index.php\\\/inscriben-a-la-convocatoria-i-dear-2021\\\/\"},\"wordCount\":197,\"publisher\":{\"@id\":\"https:\\\/\\\/www.fica.unsl.edu.ar\\\/#organization\"},\"image\":{\"@id\":\"https:\\\/\\\/www.fica.unsl.edu.ar\\\/index.php\\\/inscriben-a-la-convocatoria-i-dear-2021\\\/#primaryimage\"},\"thumbnailUrl\":\"https:\\\/\\\/www.fica.unsl.edu.ar\\\/wp-content\\\/uploads\\\/2021\\\/03\\\/web_-_i.dear_2021.jpg\",\"articleSection\":[\"Archivadas\"],\"inLanguage\":\"es-AR\"},{\"@type\":\"WebPage\",\"@id\":\"https:\\\/\\\/www.fica.unsl.edu.ar\\\/index.php\\\/inscriben-a-la-convocatoria-i-dear-2021\\\/\",\"url\":\"https:\\\/\\\/www.fica.unsl.edu.ar\\\/index.php\\\/inscriben-a-la-convocatoria-i-dear-2021\\\/\",\"name\":\"Inscriben a la convocatoria I.DEAR 2021 - Facultad de Ingenier\u00eda y Ciencias Agropecuarias\",\"isPartOf\":{\"@id\":\"https:\\\/\\\/www.fica.unsl.edu.ar\\\/#website\"},\"primaryImageOfPage\":{\"@id\":\"https:\\\/\\\/www.fica.unsl.edu.ar\\\/index.php\\\/inscriben-a-la-convocatoria-i-dear-2021\\\/#primaryimage\"},\"image\":{\"@id\":\"https:\\\/\\\/www.fica.unsl.edu.ar\\\/index.php\\\/inscriben-a-la-convocatoria-i-dear-2021\\\/#primaryimage\"},\"thumbnailUrl\":\"https:\\\/\\\/www.fica.unsl.edu.ar\\\/wp-content\\\/uploads\\\/2021\\\/03\\\/web_-_i.dear_2021.jpg\",\"datePublished\":\"2021-03-17T14:22:58+00:00\",\"dateModified\":\"2021-04-05T12:53:10+00:00\",\"inLanguage\":\"es-AR\",\"potentialAction\":[{\"@type\":\"ReadAction\",\"target\":[\"https:\\\/\\\/www.fica.unsl.edu.ar\\\/index.php\\\/inscriben-a-la-convocatoria-i-dear-2021\\\/\"]}]},{\"@type\":\"ImageObject\",\"inLanguage\":\"es-AR\",\"@id\":\"https:\\\/\\\/www.fica.unsl.edu.ar\\\/index.php\\\/inscriben-a-la-convocatoria-i-dear-2021\\\/#primaryimage\",\"url\":\"https:\\\/\\\/www.fica.unsl.edu.ar\\\/wp-content\\\/uploads\\\/2021\\\/03\\\/web_-_i.dear_2021.jpg\",\"contentUrl\":\"https:\\\/\\\/www.fica.unsl.edu.ar\\\/wp-content\\\/uploads\\\/2021\\\/03\\\/web_-_i.dear_2021.jpg\",\"width\":1618,\"height\":808},{\"@type\":\"WebSite\",\"@id\":\"https:\\\/\\\/www.fica.unsl.edu.ar\\\/#website\",\"url\":\"https:\\\/\\\/www.fica.unsl.edu.ar\\\/\",\"name\":\"Facultad de Ingenier\u00eda y Ciencias Agropecuarias\",\"description\":\"\",\"publisher\":{\"@id\":\"https:\\\/\\\/www.fica.unsl.edu.ar\\\/#organization\"},\"potentialAction\":[{\"@type\":\"SearchAction\",\"target\":{\"@type\":\"EntryPoint\",\"urlTemplate\":\"https:\\\/\\\/www.fica.unsl.edu.ar\\\/?s={search_term_string}\"},\"query-input\":{\"@type\":\"PropertyValueSpecification\",\"valueRequired\":true,\"valueName\":\"search_term_string\"}}],\"inLanguage\":\"es-AR\"},{\"@type\":\"Organization\",\"@id\":\"https:\\\/\\\/www.fica.unsl.edu.ar\\\/#organization\",\"name\":\"Facultad de Ingenier\u00eda y Ciencias Agropecuarias\",\"url\":\"https:\\\/\\\/www.fica.unsl.edu.ar\\\/\",\"logo\":{\"@type\":\"ImageObject\",\"inLanguage\":\"es-AR\",\"@id\":\"https:\\\/\\\/www.fica.unsl.edu.ar\\\/#\\\/schema\\\/logo\\\/image\\\/\",\"url\":\"https:\\\/\\\/www.fica.unsl.edu.ar\\\/wp-content\\\/uploads\\\/2021\\\/03\\\/LOGO-1.jpg\",\"contentUrl\":\"https:\\\/\\\/www.fica.unsl.edu.ar\\\/wp-content\\\/uploads\\\/2021\\\/03\\\/LOGO-1.jpg\",\"width\":463,\"height\":145,\"caption\":\"Facultad de Ingenier\u00eda y Ciencias Agropecuarias\"},\"image\":{\"@id\":\"https:\\\/\\\/www.fica.unsl.edu.ar\\\/#\\\/schema\\\/logo\\\/image\\\/\"},\"sameAs\":[\"https:\\\/\\\/www.facebook.com\\\/FICA.UNSL\\\/\",\"https:\\\/\\\/x.com\\\/FICAUNSL\",\"https:\\\/\\\/www.instagram.com\\\/fica.unsl\\\/\",\"https:\\\/\\\/www.youtube.com\\\/channel\\\/UCs2MM53gb2PyBrMySdtWZDQ\"]},{\"@type\":\"Person\",\"@id\":\"https:\\\/\\\/www.fica.unsl.edu.ar\\\/#\\\/schema\\\/person\\\/6058f9c66301868d3a691b1f5d6c3544\",\"name\":\"DATI\"}]}<\/script>\n<!-- \/ Yoast SEO plugin. -->","yoast_head_json":{"title":"Inscriben a la convocatoria I.DEAR 2021 - Facultad de Ingenier\u00eda y Ciencias Agropecuarias","robots":{"index":"index","follow":"follow","max-snippet":"max-snippet:-1","max-image-preview":"max-image-preview:large","max-video-preview":"max-video-preview:-1"},"canonical":"https:\/\/www.fica.unsl.edu.ar\/index.php\/inscriben-a-la-convocatoria-i-dear-2021\/","og_locale":"es_ES","og_type":"article","og_title":"Inscriben a la convocatoria I.DEAR 2021 - Facultad de Ingenier\u00eda y Ciencias Agropecuarias","og_description":"El Centro Universitario Argentino \u2013 Alem\u00e1n (CUAA) lanz\u00f3 el Programa I.DEAR (Ingenieros DEUTSCHLAND \u2013 ARGENTINA) convocatoria 2021. Permanecer\u00e1 abierta hasta el 30 de abril del&hellip;","og_url":"https:\/\/www.fica.unsl.edu.ar\/index.php\/inscriben-a-la-convocatoria-i-dear-2021\/","og_site_name":"Facultad de Ingenier\u00eda y Ciencias Agropecuarias","article_publisher":"https:\/\/www.facebook.com\/FICA.UNSL\/","article_published_time":"2021-03-17T14:22:58+00:00","article_modified_time":"2021-04-05T12:53:10+00:00","og_image":[{"width":1618,"height":808,"url":"https:\/\/www.fica.unsl.edu.ar\/wp-content\/uploads\/2021\/03\/web_-_i.dear_2021.jpg","type":"image\/jpeg"}],"author":"DATI","twitter_card":"summary_large_image","twitter_creator":"@FICAUNSL","twitter_site":"@FICAUNSL","twitter_misc":{"Escrito por":"DATI","Tiempo de lectura":"1 minuto"},"schema":{"@context":"https:\/\/schema.org","@graph":[{"@type":"Article","@id":"https:\/\/www.fica.unsl.edu.ar\/index.php\/inscriben-a-la-convocatoria-i-dear-2021\/#article","isPartOf":{"@id":"https:\/\/www.fica.unsl.edu.ar\/index.php\/inscriben-a-la-convocatoria-i-dear-2021\/"},"author":{"name":"DATI","@id":"https:\/\/www.fica.unsl.edu.ar\/#\/schema\/person\/6058f9c66301868d3a691b1f5d6c3544"},"headline":"Inscriben a la convocatoria I.DEAR 2021","datePublished":"2021-03-17T14:22:58+00:00","dateModified":"2021-04-05T12:53:10+00:00","mainEntityOfPage":{"@id":"https:\/\/www.fica.unsl.edu.ar\/index.php\/inscriben-a-la-convocatoria-i-dear-2021\/"},"wordCount":197,"publisher":{"@id":"https:\/\/www.fica.unsl.edu.ar\/#organization"},"image":{"@id":"https:\/\/www.fica.unsl.edu.ar\/index.php\/inscriben-a-la-convocatoria-i-dear-2021\/#primaryimage"},"thumbnailUrl":"https:\/\/www.fica.unsl.edu.ar\/wp-content\/uploads\/2021\/03\/web_-_i.dear_2021.jpg","articleSection":["Archivadas"],"inLanguage":"es-AR"},{"@type":"WebPage","@id":"https:\/\/www.fica.unsl.edu.ar\/index.php\/inscriben-a-la-convocatoria-i-dear-2021\/","url":"https:\/\/www.fica.unsl.edu.ar\/index.php\/inscriben-a-la-convocatoria-i-dear-2021\/","name":"Inscriben a la convocatoria I.DEAR 2021 - Facultad de Ingenier\u00eda y Ciencias Agropecuarias","isPartOf":{"@id":"https:\/\/www.fica.unsl.edu.ar\/#website"},"primaryImageOfPage":{"@id":"https:\/\/www.fica.unsl.edu.ar\/index.php\/inscriben-a-la-convocatoria-i-dear-2021\/#primaryimage"},"image":{"@id":"https:\/\/www.fica.unsl.edu.ar\/index.php\/inscriben-a-la-convocatoria-i-dear-2021\/#primaryimage"},"thumbnailUrl":"https:\/\/www.fica.unsl.edu.ar\/wp-content\/uploads\/2021\/03\/web_-_i.dear_2021.jpg","datePublished":"2021-03-17T14:22:58+00:00","dateModified":"2021-04-05T12:53:10+00:00","inLanguage":"es-AR","potentialAction":[{"@type":"ReadAction","target":["https:\/\/www.fica.unsl.edu.ar\/index.php\/inscriben-a-la-convocatoria-i-dear-2021\/"]}]},{"@type":"ImageObject","inLanguage":"es-AR","@id":"https:\/\/www.fica.unsl.edu.ar\/index.php\/inscriben-a-la-convocatoria-i-dear-2021\/#primaryimage","url":"https:\/\/www.fica.unsl.edu.ar\/wp-content\/uploads\/2021\/03\/web_-_i.dear_2021.jpg","contentUrl":"https:\/\/www.fica.unsl.edu.ar\/wp-content\/uploads\/2021\/03\/web_-_i.dear_2021.jpg","width":1618,"height":808},{"@type":"WebSite","@id":"https:\/\/www.fica.unsl.edu.ar\/#website","url":"https:\/\/www.fica.unsl.edu.ar\/","name":"Facultad de Ingenier\u00eda y Ciencias Agropecuarias","description":"","publisher":{"@id":"https:\/\/www.fica.unsl.edu.ar\/#organization"},"potentialAction":[{"@type":"SearchAction","target":{"@type":"EntryPoint","urlTemplate":"https:\/\/www.fica.unsl.edu.ar\/?s={search_term_string}"},"query-input":{"@type":"PropertyValueSpecification","valueRequired":true,"valueName":"search_term_string"}}],"inLanguage":"es-AR"},{"@type":"Organization","@id":"https:\/\/www.fica.unsl.edu.ar\/#organization","name":"Facultad de Ingenier\u00eda y Ciencias Agropecuarias","url":"https:\/\/www.fica.unsl.edu.ar\/","logo":{"@type":"ImageObject","inLanguage":"es-AR","@id":"https:\/\/www.fica.unsl.edu.ar\/#\/schema\/logo\/image\/","url":"https:\/\/www.fica.unsl.edu.ar\/wp-content\/uploads\/2021\/03\/LOGO-1.jpg","contentUrl":"https:\/\/www.fica.unsl.edu.ar\/wp-content\/uploads\/2021\/03\/LOGO-1.jpg","width":463,"height":145,"caption":"Facultad de Ingenier\u00eda y Ciencias Agropecuarias"},"image":{"@id":"https:\/\/www.fica.unsl.edu.ar\/#\/schema\/logo\/image\/"},"sameAs":["https:\/\/www.facebook.com\/FICA.UNSL\/","https:\/\/x.com\/FICAUNSL","https:\/\/www.instagram.com\/fica.unsl\/","https:\/\/www.youtube.com\/channel\/UCs2MM53gb2PyBrMySdtWZDQ"]},{"@type":"Person","@id":"https:\/\/www.fica.unsl.edu.ar\/#\/schema\/person\/6058f9c66301868d3a691b1f5d6c3544","name":"DATI"}]}},"_links":{"self":[{"href":"https:\/\/www.fica.unsl.edu.ar\/index.php\/wp-json\/wp\/v2\/posts\/3345","targetHints":{"allow":["GET"]}}],"collection":[{"href":"https:\/\/www.fica.unsl.edu.ar\/index.php\/wp-json\/wp\/v2\/posts"}],"about":[{"href":"https:\/\/www.fica.unsl.edu.ar\/index.php\/wp-json\/wp\/v2\/types\/post"}],"author":[{"embeddable":true,"href":"https:\/\/www.fica.unsl.edu.ar\/index.php\/wp-json\/wp\/v2\/users\/9"}],"replies":[{"embeddable":true,"href":"https:\/\/www.fica.unsl.edu.ar\/index.php\/wp-json\/wp\/v2\/comments?post=3345"}],"version-history":[{"count":1,"href":"https:\/\/www.fica.unsl.edu.ar\/index.php\/wp-json\/wp\/v2\/posts\/3345\/revisions"}],"predecessor-version":[{"id":3347,"href":"https:\/\/www.fica.unsl.edu.ar\/index.php\/wp-json\/wp\/v2\/posts\/3345\/revisions\/3347"}],"wp:featuredmedia":[{"embeddable":true,"href":"https:\/\/www.fica.unsl.edu.ar\/index.php\/wp-json\/wp\/v2\/media\/3346"}],"wp:attachment":[{"href":"https:\/\/www.fica.unsl.edu.ar\/index.php\/wp-json\/wp\/v2\/media?parent=3345"}],"wp:term":[{"taxonomy":"category","embeddable":true,"href":"https:\/\/www.fica.unsl.edu.ar\/index.php\/wp-json\/wp\/v2\/categories?post=3345"},{"taxonomy":"post_tag","embeddable":true,"href":"https:\/\/www.fica.unsl.edu.ar\/index.php\/wp-json\/wp\/v2\/tags?post=3345"}],"curies":[{"name":"wp","href":"https:\/\/api.w.org\/{rel}","templated":true}]}}