{"id":3348,"date":"2021-03-17T11:24:48","date_gmt":"2021-03-17T14:24:48","guid":{"rendered":"http:\/\/10.101.10.196\/www\/?p=3348"},"modified":"2021-06-08T08:42:19","modified_gmt":"2021-06-08T11:42:19","slug":"la-unsl-aprobo-su-calendario-academico-parcial-2021","status":"publish","type":"post","link":"https:\/\/www.fica.unsl.edu.ar\/index.php\/la-unsl-aprobo-su-calendario-academico-parcial-2021\/","title":{"rendered":"La UNSL aprob\u00f3 su Calendario Acad\u00e9mico Parcial 2021"},"content":{"rendered":"<p>A trav\u00e9s de la resoluci\u00f3n rectoral N\u00ba 1404\/20 se estableci\u00f3 el Calendario correspondiente al ciclo lectivo 2021 para la Universidad Nacional de San Luis (UNSL). Dada la situaci\u00f3n sanitaria existente resultante de la pandemia por Covid-19 y en virtud de que la misma continuar\u00e1 en 2021, no resulta factible y oportuno definir de manera completa el calendario de actividades acad\u00e9micas.<\/p>\n<p>Se propuso a los efectos de organizar la actividad acad\u00e9mica la fecha de iniciaci\u00f3n y finalizaci\u00f3n del primer cuatrimestre y las fechas de los primeros turnos de ex\u00e1menes con car\u00e1cter general.<\/p>\n<p>A los fines de una mejor organizaci\u00f3n y log\u00edstica, teniendo en cuenta la situaci\u00f3n sanitaria, se prev\u00e9n dos (2) semanas para cada turno de examen, quedando a criterio de necesidad de cada Unidad Acad\u00e9mica, definir qu\u00e9 semana destinar\u00e1 a tal fin.<\/p>\n<p>A partir del mes de febrero de 2021, y en virtud de la situaci\u00f3n epidemiol\u00f3gica y de las adecuaciones administrativas requeridas, se definir\u00e1n los turnos especiales y todo lo referente al segundo cuatrimestre.<\/p>\n<p>En cuanto al calendario en general, el mismo se encuadra en la legislaci\u00f3n vigente, Ley N\u00ba 27.399, r\u00e9gimen de feriados nacionales, d\u00edas no laborables y feriados con fines tur\u00edsticos, y en un todo de acuerdo a las normativas vigentes de la UNSL.<\/p>\n<p>A los fines del inicio de actividades se considera lo normado por Ordenanza N\u00ba 18\/10 del Consejo Superior.<\/p>\n<p>De este modo, el calendario acad\u00e9mico parcial correspondiente al ciclo lectivo 2021 para la Instituci\u00f3n queda dispuesto de la siguiente manera:<\/p>\n<ul>\n<li>Receso estival: del 2 al 31 de enero<\/li>\n<li>Inicio de actividades anuales: 11 de febrero<\/li>\n<li>Finalizaci\u00f3n de actividades anuales: 30 de diciembre<\/li>\n<li>Receso invernal: del 12 al 23 de julio<\/li>\n<\/ul>\n<p>Distribuci\u00f3n de actividades acad\u00e9micas:<\/p>\n<p>I- Cuatrimestres<\/p>\n<ul>\n<li>Primero: del 5 de abril al 8 de julio (15 semanas)<\/li>\n<\/ul>\n<p>II- Turnos de ex\u00e1menes\u00a0Generales<\/p>\n<p>a) Febrero-marzo<\/p>\n<ul>\n<li>Primer llamado: del 22 de febrero al 5 de marzo<\/li>\n<li>Segundo llamado: del 22 de marzo al 2 de abril<\/li>\n<\/ul>\n<p>Conforme a legislaci\u00f3n nacional, provincial e institucional, se respetar\u00e1n los siguientes feriados, d\u00edas no laborables y feriados con fines tur\u00edsticos:<\/p>\n<ul>\n<li>1 de enero: A\u00f1o nuevo<\/li>\n<li>15 y 16 de febrero: Carnaval<\/li>\n<li>24 de marzo: D\u00eda Nacional de la Memoria por la Verdad y la Justicia<\/li>\n<li>1 de abril: Jueves Santo (No laborable)<\/li>\n<li>2 de abril: Viernes Santo \/ D\u00eda del Veterano y de los Ca\u00eddos en la Guerra de Malvinas<\/li>\n<li>1 de mayo: D\u00eda del Trabajador<\/li>\n<li>3 de mayo: Cristo de La Quebrada<\/li>\n<li>10 de mayo: D\u00eda de la Universidad Nacional de San Luis (No laborable para la UNSL)<\/li>\n<li>24 de mayo: Feriado con fines tur\u00edsticos<\/li>\n<li>25 de mayo: D\u00eda de la Revoluci\u00f3n de Mayo<\/li>\n<li>20 de junio: Paso a la Inmortalidad del General Manuel Belgrano<\/li>\n<li>21 de junio: Paso a la Inmortalidad del General Mart\u00edn Miguel de G\u00fcemes (Se traslada del 17)<\/li>\n<li>9 de julio: D\u00eda de la Independencia<\/li>\n<li>16 de agosto: Paso a la Inmortalidad del General Jos\u00e9 de San Mart\u00edn (Se traslada del 17)<\/li>\n<li>25 de agosto: D\u00eda de San Luis Rey de Francia<\/li>\n<li>8 de octubre: Feriado con fines tur\u00edsticos<\/li>\n<li>11 de octubre: D\u00eda del Respeto a la Diversidad Cultural (Se traslada del 12)<\/li>\n<li>20 de noviembre: D\u00eda de la Soberan\u00eda Nacional<\/li>\n<li>22 de noviembre: Feriado con fines tur\u00edsticos<\/li>\n<li>8 de diciembre: D\u00eda de la Inmaculada Concepci\u00f3n de Mar\u00eda<\/li>\n<li>25 de diciembre: Navidad<\/li>\n<\/ul>\n<p>D\u00edas no laborables por claustro<\/p>\n<ul>\n<li>11 de septiembre: D\u00eda del Docente de la UNSL (RCS N\u00ba 142\/11)<\/li>\n<li>21 de septiembre: D\u00eda del Estudiante<\/li>\n<li>26 de noviembre: D\u00eda del Nodocente<\/li>\n<\/ul>\n<p><a href=\"https:\/\/secretariaacademica.unsl.edu.ar\/documentos\/rr-calendario-academico-parcial.pdf\">Resoluci\u00f3n Rectoral N\u00ba 1404\/20<\/a><\/p>\n","protected":false},"excerpt":{"rendered":"<p>A trav\u00e9s de la resoluci\u00f3n rectoral N\u00ba 1404\/20 se estableci\u00f3 el Calendario correspondiente al ciclo lectivo 2021 para la Universidad Nacional de San Luis (UNSL).&hellip;<\/p>\n","protected":false},"author":9,"featured_media":3349,"comment_status":"closed","ping_status":"closed","sticky":false,"template":"","format":"standard","meta":{"_monsterinsights_skip_tracking":false,"_monsterinsights_sitenote_active":false,"_monsterinsights_sitenote_note":"","_monsterinsights_sitenote_category":0,"_joinchat":[],"footnotes":""},"categories":[22],"tags":[],"class_list":["post-3348","post","type-post","status-publish","format-standard","has-post-thumbnail","hentry","category-archivadas"],"yoast_head":"<!-- This site is optimized with the Yoast SEO plugin v27.4 - https:\/\/yoast.com\/product\/yoast-seo-wordpress\/ -->\n<title>La UNSL aprob\u00f3 su Calendario Acad\u00e9mico Parcial 2021 - Facultad de Ingenier\u00eda y Ciencias Agropecuarias<\/title>\n<meta name=\"robots\" content=\"index, follow, max-snippet:-1, max-image-preview:large, max-video-preview:-1\" \/>\n<link rel=\"canonical\" href=\"https:\/\/www.fica.unsl.edu.ar\/index.php\/la-unsl-aprobo-su-calendario-academico-parcial-2021\/\" \/>\n<meta property=\"og:locale\" content=\"es_ES\" \/>\n<meta property=\"og:type\" content=\"article\" \/>\n<meta property=\"og:title\" content=\"La UNSL aprob\u00f3 su Calendario Acad\u00e9mico Parcial 2021 - Facultad de Ingenier\u00eda y Ciencias Agropecuarias\" \/>\n<meta property=\"og:description\" content=\"A trav\u00e9s de la resoluci\u00f3n rectoral N\u00ba 1404\/20 se estableci\u00f3 el Calendario correspondiente al ciclo lectivo 2021 para la Universidad Nacional de San Luis (UNSL).&hellip;\" \/>\n<meta property=\"og:url\" content=\"https:\/\/www.fica.unsl.edu.ar\/index.php\/la-unsl-aprobo-su-calendario-academico-parcial-2021\/\" \/>\n<meta property=\"og:site_name\" content=\"Facultad de Ingenier\u00eda y Ciencias Agropecuarias\" \/>\n<meta property=\"article:publisher\" content=\"https:\/\/www.facebook.com\/FICA.UNSL\/\" \/>\n<meta property=\"article:published_time\" content=\"2021-03-17T14:24:48+00:00\" \/>\n<meta property=\"article:modified_time\" content=\"2021-06-08T11:42:19+00:00\" \/>\n<meta property=\"og:image\" content=\"https:\/\/www.fica.unsl.edu.ar\/wp-content\/uploads\/2021\/03\/Rectorado-4-2-1000x600-1.jpg\" \/>\n\t<meta property=\"og:image:width\" content=\"1000\" \/>\n\t<meta property=\"og:image:height\" content=\"600\" \/>\n\t<meta property=\"og:image:type\" content=\"image\/jpeg\" \/>\n<meta name=\"author\" content=\"DATI\" \/>\n<meta name=\"twitter:card\" content=\"summary_large_image\" \/>\n<meta name=\"twitter:creator\" content=\"@FICAUNSL\" \/>\n<meta name=\"twitter:site\" content=\"@FICAUNSL\" \/>\n<meta name=\"twitter:label1\" content=\"Escrito por\" \/>\n\t<meta name=\"twitter:data1\" content=\"DATI\" \/>\n\t<meta name=\"twitter:label2\" content=\"Tiempo de lectura\" \/>\n\t<meta name=\"twitter:data2\" content=\"3 minutos\" \/>\n<script type=\"application\/ld+json\" class=\"yoast-schema-graph\">{\"@context\":\"https:\\\/\\\/schema.org\",\"@graph\":[{\"@type\":\"Article\",\"@id\":\"https:\\\/\\\/www.fica.unsl.edu.ar\\\/index.php\\\/la-unsl-aprobo-su-calendario-academico-parcial-2021\\\/#article\",\"isPartOf\":{\"@id\":\"https:\\\/\\\/www.fica.unsl.edu.ar\\\/index.php\\\/la-unsl-aprobo-su-calendario-academico-parcial-2021\\\/\"},\"author\":{\"name\":\"DATI\",\"@id\":\"https:\\\/\\\/www.fica.unsl.edu.ar\\\/#\\\/schema\\\/person\\\/6058f9c66301868d3a691b1f5d6c3544\"},\"headline\":\"La UNSL aprob\u00f3 su Calendario Acad\u00e9mico Parcial 2021\",\"datePublished\":\"2021-03-17T14:24:48+00:00\",\"dateModified\":\"2021-06-08T11:42:19+00:00\",\"mainEntityOfPage\":{\"@id\":\"https:\\\/\\\/www.fica.unsl.edu.ar\\\/index.php\\\/la-unsl-aprobo-su-calendario-academico-parcial-2021\\\/\"},\"wordCount\":594,\"publisher\":{\"@id\":\"https:\\\/\\\/www.fica.unsl.edu.ar\\\/#organization\"},\"image\":{\"@id\":\"https:\\\/\\\/www.fica.unsl.edu.ar\\\/index.php\\\/la-unsl-aprobo-su-calendario-academico-parcial-2021\\\/#primaryimage\"},\"thumbnailUrl\":\"https:\\\/\\\/www.fica.unsl.edu.ar\\\/wp-content\\\/uploads\\\/2021\\\/03\\\/Rectorado-4-2-1000x600-1.jpg\",\"articleSection\":[\"Archivadas\"],\"inLanguage\":\"es-AR\"},{\"@type\":\"WebPage\",\"@id\":\"https:\\\/\\\/www.fica.unsl.edu.ar\\\/index.php\\\/la-unsl-aprobo-su-calendario-academico-parcial-2021\\\/\",\"url\":\"https:\\\/\\\/www.fica.unsl.edu.ar\\\/index.php\\\/la-unsl-aprobo-su-calendario-academico-parcial-2021\\\/\",\"name\":\"La UNSL aprob\u00f3 su Calendario Acad\u00e9mico Parcial 2021 - Facultad de Ingenier\u00eda y Ciencias Agropecuarias\",\"isPartOf\":{\"@id\":\"https:\\\/\\\/www.fica.unsl.edu.ar\\\/#website\"},\"primaryImageOfPage\":{\"@id\":\"https:\\\/\\\/www.fica.unsl.edu.ar\\\/index.php\\\/la-unsl-aprobo-su-calendario-academico-parcial-2021\\\/#primaryimage\"},\"image\":{\"@id\":\"https:\\\/\\\/www.fica.unsl.edu.ar\\\/index.php\\\/la-unsl-aprobo-su-calendario-academico-parcial-2021\\\/#primaryimage\"},\"thumbnailUrl\":\"https:\\\/\\\/www.fica.unsl.edu.ar\\\/wp-content\\\/uploads\\\/2021\\\/03\\\/Rectorado-4-2-1000x600-1.jpg\",\"datePublished\":\"2021-03-17T14:24:48+00:00\",\"dateModified\":\"2021-06-08T11:42:19+00:00\",\"inLanguage\":\"es-AR\",\"potentialAction\":[{\"@type\":\"ReadAction\",\"target\":[\"https:\\\/\\\/www.fica.unsl.edu.ar\\\/index.php\\\/la-unsl-aprobo-su-calendario-academico-parcial-2021\\\/\"]}]},{\"@type\":\"ImageObject\",\"inLanguage\":\"es-AR\",\"@id\":\"https:\\\/\\\/www.fica.unsl.edu.ar\\\/index.php\\\/la-unsl-aprobo-su-calendario-academico-parcial-2021\\\/#primaryimage\",\"url\":\"https:\\\/\\\/www.fica.unsl.edu.ar\\\/wp-content\\\/uploads\\\/2021\\\/03\\\/Rectorado-4-2-1000x600-1.jpg\",\"contentUrl\":\"https:\\\/\\\/www.fica.unsl.edu.ar\\\/wp-content\\\/uploads\\\/2021\\\/03\\\/Rectorado-4-2-1000x600-1.jpg\",\"width\":1000,\"height\":600},{\"@type\":\"WebSite\",\"@id\":\"https:\\\/\\\/www.fica.unsl.edu.ar\\\/#website\",\"url\":\"https:\\\/\\\/www.fica.unsl.edu.ar\\\/\",\"name\":\"Facultad de Ingenier\u00eda y Ciencias Agropecuarias\",\"description\":\"\",\"publisher\":{\"@id\":\"https:\\\/\\\/www.fica.unsl.edu.ar\\\/#organization\"},\"potentialAction\":[{\"@type\":\"SearchAction\",\"target\":{\"@type\":\"EntryPoint\",\"urlTemplate\":\"https:\\\/\\\/www.fica.unsl.edu.ar\\\/?s={search_term_string}\"},\"query-input\":{\"@type\":\"PropertyValueSpecification\",\"valueRequired\":true,\"valueName\":\"search_term_string\"}}],\"inLanguage\":\"es-AR\"},{\"@type\":\"Organization\",\"@id\":\"https:\\\/\\\/www.fica.unsl.edu.ar\\\/#organization\",\"name\":\"Facultad de Ingenier\u00eda y Ciencias Agropecuarias\",\"url\":\"https:\\\/\\\/www.fica.unsl.edu.ar\\\/\",\"logo\":{\"@type\":\"ImageObject\",\"inLanguage\":\"es-AR\",\"@id\":\"https:\\\/\\\/www.fica.unsl.edu.ar\\\/#\\\/schema\\\/logo\\\/image\\\/\",\"url\":\"https:\\\/\\\/www.fica.unsl.edu.ar\\\/wp-content\\\/uploads\\\/2021\\\/03\\\/LOGO-1.jpg\",\"contentUrl\":\"https:\\\/\\\/www.fica.unsl.edu.ar\\\/wp-content\\\/uploads\\\/2021\\\/03\\\/LOGO-1.jpg\",\"width\":463,\"height\":145,\"caption\":\"Facultad de Ingenier\u00eda y Ciencias Agropecuarias\"},\"image\":{\"@id\":\"https:\\\/\\\/www.fica.unsl.edu.ar\\\/#\\\/schema\\\/logo\\\/image\\\/\"},\"sameAs\":[\"https:\\\/\\\/www.facebook.com\\\/FICA.UNSL\\\/\",\"https:\\\/\\\/x.com\\\/FICAUNSL\",\"https:\\\/\\\/www.instagram.com\\\/fica.unsl\\\/\",\"https:\\\/\\\/www.youtube.com\\\/channel\\\/UCs2MM53gb2PyBrMySdtWZDQ\"]},{\"@type\":\"Person\",\"@id\":\"https:\\\/\\\/www.fica.unsl.edu.ar\\\/#\\\/schema\\\/person\\\/6058f9c66301868d3a691b1f5d6c3544\",\"name\":\"DATI\"}]}<\/script>\n<!-- \/ Yoast SEO plugin. -->","yoast_head_json":{"title":"La UNSL aprob\u00f3 su Calendario Acad\u00e9mico Parcial 2021 - Facultad de Ingenier\u00eda y Ciencias Agropecuarias","robots":{"index":"index","follow":"follow","max-snippet":"max-snippet:-1","max-image-preview":"max-image-preview:large","max-video-preview":"max-video-preview:-1"},"canonical":"https:\/\/www.fica.unsl.edu.ar\/index.php\/la-unsl-aprobo-su-calendario-academico-parcial-2021\/","og_locale":"es_ES","og_type":"article","og_title":"La UNSL aprob\u00f3 su Calendario Acad\u00e9mico Parcial 2021 - Facultad de Ingenier\u00eda y Ciencias Agropecuarias","og_description":"A trav\u00e9s de la resoluci\u00f3n rectoral N\u00ba 1404\/20 se estableci\u00f3 el Calendario correspondiente al ciclo lectivo 2021 para la Universidad Nacional de San Luis (UNSL).&hellip;","og_url":"https:\/\/www.fica.unsl.edu.ar\/index.php\/la-unsl-aprobo-su-calendario-academico-parcial-2021\/","og_site_name":"Facultad de Ingenier\u00eda y Ciencias Agropecuarias","article_publisher":"https:\/\/www.facebook.com\/FICA.UNSL\/","article_published_time":"2021-03-17T14:24:48+00:00","article_modified_time":"2021-06-08T11:42:19+00:00","og_image":[{"width":1000,"height":600,"url":"https:\/\/www.fica.unsl.edu.ar\/wp-content\/uploads\/2021\/03\/Rectorado-4-2-1000x600-1.jpg","type":"image\/jpeg"}],"author":"DATI","twitter_card":"summary_large_image","twitter_creator":"@FICAUNSL","twitter_site":"@FICAUNSL","twitter_misc":{"Escrito por":"DATI","Tiempo de lectura":"3 minutos"},"schema":{"@context":"https:\/\/schema.org","@graph":[{"@type":"Article","@id":"https:\/\/www.fica.unsl.edu.ar\/index.php\/la-unsl-aprobo-su-calendario-academico-parcial-2021\/#article","isPartOf":{"@id":"https:\/\/www.fica.unsl.edu.ar\/index.php\/la-unsl-aprobo-su-calendario-academico-parcial-2021\/"},"author":{"name":"DATI","@id":"https:\/\/www.fica.unsl.edu.ar\/#\/schema\/person\/6058f9c66301868d3a691b1f5d6c3544"},"headline":"La UNSL aprob\u00f3 su Calendario Acad\u00e9mico Parcial 2021","datePublished":"2021-03-17T14:24:48+00:00","dateModified":"2021-06-08T11:42:19+00:00","mainEntityOfPage":{"@id":"https:\/\/www.fica.unsl.edu.ar\/index.php\/la-unsl-aprobo-su-calendario-academico-parcial-2021\/"},"wordCount":594,"publisher":{"@id":"https:\/\/www.fica.unsl.edu.ar\/#organization"},"image":{"@id":"https:\/\/www.fica.unsl.edu.ar\/index.php\/la-unsl-aprobo-su-calendario-academico-parcial-2021\/#primaryimage"},"thumbnailUrl":"https:\/\/www.fica.unsl.edu.ar\/wp-content\/uploads\/2021\/03\/Rectorado-4-2-1000x600-1.jpg","articleSection":["Archivadas"],"inLanguage":"es-AR"},{"@type":"WebPage","@id":"https:\/\/www.fica.unsl.edu.ar\/index.php\/la-unsl-aprobo-su-calendario-academico-parcial-2021\/","url":"https:\/\/www.fica.unsl.edu.ar\/index.php\/la-unsl-aprobo-su-calendario-academico-parcial-2021\/","name":"La UNSL aprob\u00f3 su Calendario Acad\u00e9mico Parcial 2021 - Facultad de Ingenier\u00eda y Ciencias Agropecuarias","isPartOf":{"@id":"https:\/\/www.fica.unsl.edu.ar\/#website"},"primaryImageOfPage":{"@id":"https:\/\/www.fica.unsl.edu.ar\/index.php\/la-unsl-aprobo-su-calendario-academico-parcial-2021\/#primaryimage"},"image":{"@id":"https:\/\/www.fica.unsl.edu.ar\/index.php\/la-unsl-aprobo-su-calendario-academico-parcial-2021\/#primaryimage"},"thumbnailUrl":"https:\/\/www.fica.unsl.edu.ar\/wp-content\/uploads\/2021\/03\/Rectorado-4-2-1000x600-1.jpg","datePublished":"2021-03-17T14:24:48+00:00","dateModified":"2021-06-08T11:42:19+00:00","inLanguage":"es-AR","potentialAction":[{"@type":"ReadAction","target":["https:\/\/www.fica.unsl.edu.ar\/index.php\/la-unsl-aprobo-su-calendario-academico-parcial-2021\/"]}]},{"@type":"ImageObject","inLanguage":"es-AR","@id":"https:\/\/www.fica.unsl.edu.ar\/index.php\/la-unsl-aprobo-su-calendario-academico-parcial-2021\/#primaryimage","url":"https:\/\/www.fica.unsl.edu.ar\/wp-content\/uploads\/2021\/03\/Rectorado-4-2-1000x600-1.jpg","contentUrl":"https:\/\/www.fica.unsl.edu.ar\/wp-content\/uploads\/2021\/03\/Rectorado-4-2-1000x600-1.jpg","width":1000,"height":600},{"@type":"WebSite","@id":"https:\/\/www.fica.unsl.edu.ar\/#website","url":"https:\/\/www.fica.unsl.edu.ar\/","name":"Facultad de Ingenier\u00eda y Ciencias Agropecuarias","description":"","publisher":{"@id":"https:\/\/www.fica.unsl.edu.ar\/#organization"},"potentialAction":[{"@type":"SearchAction","target":{"@type":"EntryPoint","urlTemplate":"https:\/\/www.fica.unsl.edu.ar\/?s={search_term_string}"},"query-input":{"@type":"PropertyValueSpecification","valueRequired":true,"valueName":"search_term_string"}}],"inLanguage":"es-AR"},{"@type":"Organization","@id":"https:\/\/www.fica.unsl.edu.ar\/#organization","name":"Facultad de Ingenier\u00eda y Ciencias Agropecuarias","url":"https:\/\/www.fica.unsl.edu.ar\/","logo":{"@type":"ImageObject","inLanguage":"es-AR","@id":"https:\/\/www.fica.unsl.edu.ar\/#\/schema\/logo\/image\/","url":"https:\/\/www.fica.unsl.edu.ar\/wp-content\/uploads\/2021\/03\/LOGO-1.jpg","contentUrl":"https:\/\/www.fica.unsl.edu.ar\/wp-content\/uploads\/2021\/03\/LOGO-1.jpg","width":463,"height":145,"caption":"Facultad de Ingenier\u00eda y Ciencias Agropecuarias"},"image":{"@id":"https:\/\/www.fica.unsl.edu.ar\/#\/schema\/logo\/image\/"},"sameAs":["https:\/\/www.facebook.com\/FICA.UNSL\/","https:\/\/x.com\/FICAUNSL","https:\/\/www.instagram.com\/fica.unsl\/","https:\/\/www.youtube.com\/channel\/UCs2MM53gb2PyBrMySdtWZDQ"]},{"@type":"Person","@id":"https:\/\/www.fica.unsl.edu.ar\/#\/schema\/person\/6058f9c66301868d3a691b1f5d6c3544","name":"DATI"}]}},"_links":{"self":[{"href":"https:\/\/www.fica.unsl.edu.ar\/index.php\/wp-json\/wp\/v2\/posts\/3348","targetHints":{"allow":["GET"]}}],"collection":[{"href":"https:\/\/www.fica.unsl.edu.ar\/index.php\/wp-json\/wp\/v2\/posts"}],"about":[{"href":"https:\/\/www.fica.unsl.edu.ar\/index.php\/wp-json\/wp\/v2\/types\/post"}],"author":[{"embeddable":true,"href":"https:\/\/www.fica.unsl.edu.ar\/index.php\/wp-json\/wp\/v2\/users\/9"}],"replies":[{"embeddable":true,"href":"https:\/\/www.fica.unsl.edu.ar\/index.php\/wp-json\/wp\/v2\/comments?post=3348"}],"version-history":[{"count":1,"href":"https:\/\/www.fica.unsl.edu.ar\/index.php\/wp-json\/wp\/v2\/posts\/3348\/revisions"}],"predecessor-version":[{"id":3350,"href":"https:\/\/www.fica.unsl.edu.ar\/index.php\/wp-json\/wp\/v2\/posts\/3348\/revisions\/3350"}],"wp:featuredmedia":[{"embeddable":true,"href":"https:\/\/www.fica.unsl.edu.ar\/index.php\/wp-json\/wp\/v2\/media\/3349"}],"wp:attachment":[{"href":"https:\/\/www.fica.unsl.edu.ar\/index.php\/wp-json\/wp\/v2\/media?parent=3348"}],"wp:term":[{"taxonomy":"category","embeddable":true,"href":"https:\/\/www.fica.unsl.edu.ar\/index.php\/wp-json\/wp\/v2\/categories?post=3348"},{"taxonomy":"post_tag","embeddable":true,"href":"https:\/\/www.fica.unsl.edu.ar\/index.php\/wp-json\/wp\/v2\/tags?post=3348"}],"curies":[{"name":"wp","href":"https:\/\/api.w.org\/{rel}","templated":true}]}}