{"id":3358,"date":"2021-03-17T11:30:55","date_gmt":"2021-03-17T14:30:55","guid":{"rendered":"http:\/\/10.101.10.196\/www\/?p=3358"},"modified":"2021-04-21T12:35:23","modified_gmt":"2021-04-21T15:35:23","slug":"becas-manuel-belgrano-comienza-la-inscripcion","status":"publish","type":"post","link":"https:\/\/www.fica.unsl.edu.ar\/index.php\/becas-manuel-belgrano-comienza-la-inscripcion\/","title":{"rendered":"Becas Manuel Belgrano: comienza la inscripci\u00f3n"},"content":{"rendered":"<p>Retransmitimos informaci\u00f3n suministrada por el Ministerio de Educaci\u00f3n de la Naci\u00f3n: La inscripci\u00f3n a las Becas Manuel Belgrano comienza el 12 de febrero y se extender\u00e1 hasta el 30 de abril de 2021 y podr\u00e1n acceder a ellas alumnas y alumnos de universidades nacionales y provinciales hasta los 30 a\u00f1os, en el caso de ingresantes a nuevas carreras, y hasta 35 a\u00f1os en el caso de los estudiantes avanzados, cuyo ingreso en el grupo familiar sea inferior a tres salarios m\u00ednimo, vital y m\u00f3vil.<\/p>\n<p>Adem\u00e1s, deber\u00e1 aprobar el 50% del plan de estudios correspondiente a primer a\u00f1o y el 66% de las materias que conforman los programas de cada uno de los a\u00f1os siguientes (de 2\u00ba en adelante). La duraci\u00f3n de la beca ser\u00e1 de 12 meses con opci\u00f3n de ser renovada hasta por 3 a\u00f1os para carreras de pregrado y 5 a\u00f1os para carreras de grado.<\/p>\n<p>El programa cuenta con tres grandes objetivos. En primer lugar, promover la trayectoria estudiantil y la formaci\u00f3n profesional de calidad; a trav\u00e9s del incremento del n\u00famero de ingresantes, el aumento de la retenci\u00f3n de estudiantes, la reducci\u00f3n de la disparidad de g\u00e9nero, la mejora del rendimiento acad\u00e9mico y el incremento progresivo de la tasa de graduados.<\/p>\n<p>En segundo lugar, se busca fortalecer la transferencia de capacidades laborales y conocimiento cient\u00edfico y tecnol\u00f3gico a las empresas del sistema productivo, estimulando la innovaci\u00f3n tecnol\u00f3gica, mejorando la capacidad productiva y fomentando la competitividad econ\u00f3mica.<\/p>\n<p>Finalmente, el programa tiene por objetivo promover la formaci\u00f3n y capacitaci\u00f3n laboral de los\/as trabajadores\/as a trav\u00e9s de la mejora de las condiciones de empleabilidad y continuidad laboral, y la atenci\u00f3n a la demanda de cualificaciones profesionales de las empresas.<\/p>\n<p>Durante una primera etapa, se adjudicar\u00e1n 12.000 becas de estudio y 1.000 proyectos de investigaci\u00f3n en las siguientes \u00e1reas: Petr\u00f3leo, Gas, Miner\u00eda, Computaci\u00f3n e inform\u00e1tica, Medio ambiente, Log\u00edstica y transporte, Alimentos y Energ\u00eda. M\u00e1s adelante, en un segundo trayecto, se renovar\u00e1n las 12 000 becas y se sumar\u00e1n dos nuevas \u00e1reas: Educaci\u00f3n Secundaria y Atenci\u00f3n primaria de la salud.<\/p>\n<p><a href=\"https:\/\/www.argentina.gob.ar\/educacion\/becas\">Link inscripci\u00f3n<\/a><\/p>\n","protected":false},"excerpt":{"rendered":"<p>Retransmitimos informaci\u00f3n suministrada por el Ministerio de Educaci\u00f3n de la Naci\u00f3n: La inscripci\u00f3n a las Becas Manuel Belgrano comienza el 12 de febrero y se&hellip;<\/p>\n","protected":false},"author":9,"featured_media":3359,"comment_status":"closed","ping_status":"closed","sticky":false,"template":"","format":"standard","meta":{"_monsterinsights_skip_tracking":false,"_monsterinsights_sitenote_active":false,"_monsterinsights_sitenote_note":"","_monsterinsights_sitenote_category":0,"_joinchat":[],"footnotes":""},"categories":[22],"tags":[],"class_list":["post-3358","post","type-post","status-publish","format-standard","has-post-thumbnail","hentry","category-archivadas"],"yoast_head":"<!-- This site is optimized with the Yoast SEO plugin v27.4 - https:\/\/yoast.com\/product\/yoast-seo-wordpress\/ -->\n<title>Becas Manuel Belgrano: comienza la inscripci\u00f3n - Facultad de Ingenier\u00eda y Ciencias Agropecuarias<\/title>\n<meta name=\"robots\" content=\"index, follow, max-snippet:-1, max-image-preview:large, max-video-preview:-1\" \/>\n<link rel=\"canonical\" href=\"https:\/\/www.fica.unsl.edu.ar\/index.php\/becas-manuel-belgrano-comienza-la-inscripcion\/\" \/>\n<meta property=\"og:locale\" content=\"es_ES\" \/>\n<meta property=\"og:type\" content=\"article\" \/>\n<meta property=\"og:title\" content=\"Becas Manuel Belgrano: comienza la inscripci\u00f3n - Facultad de Ingenier\u00eda y Ciencias Agropecuarias\" \/>\n<meta property=\"og:description\" content=\"Retransmitimos informaci\u00f3n suministrada por el Ministerio de Educaci\u00f3n de la Naci\u00f3n: La inscripci\u00f3n a las Becas Manuel Belgrano comienza el 12 de febrero y se&hellip;\" \/>\n<meta property=\"og:url\" content=\"https:\/\/www.fica.unsl.edu.ar\/index.php\/becas-manuel-belgrano-comienza-la-inscripcion\/\" \/>\n<meta property=\"og:site_name\" content=\"Facultad de Ingenier\u00eda y Ciencias Agropecuarias\" \/>\n<meta property=\"article:publisher\" content=\"https:\/\/www.facebook.com\/FICA.UNSL\/\" \/>\n<meta property=\"article:published_time\" content=\"2021-03-17T14:30:55+00:00\" \/>\n<meta property=\"article:modified_time\" content=\"2021-04-21T15:35:23+00:00\" \/>\n<meta property=\"og:image\" content=\"https:\/\/www.fica.unsl.edu.ar\/wp-content\/uploads\/2021\/03\/belgrano.jpg\" \/>\n\t<meta property=\"og:image:width\" content=\"1250\" \/>\n\t<meta property=\"og:image:height\" content=\"735\" \/>\n\t<meta property=\"og:image:type\" content=\"image\/jpeg\" \/>\n<meta name=\"author\" content=\"DATI\" \/>\n<meta name=\"twitter:card\" content=\"summary_large_image\" \/>\n<meta name=\"twitter:creator\" content=\"@FICAUNSL\" \/>\n<meta name=\"twitter:site\" content=\"@FICAUNSL\" \/>\n<meta name=\"twitter:label1\" content=\"Escrito por\" \/>\n\t<meta name=\"twitter:data1\" content=\"DATI\" \/>\n\t<meta name=\"twitter:label2\" content=\"Tiempo de lectura\" \/>\n\t<meta name=\"twitter:data2\" content=\"2 minutos\" \/>\n<script type=\"application\/ld+json\" class=\"yoast-schema-graph\">{\"@context\":\"https:\\\/\\\/schema.org\",\"@graph\":[{\"@type\":\"Article\",\"@id\":\"https:\\\/\\\/www.fica.unsl.edu.ar\\\/index.php\\\/becas-manuel-belgrano-comienza-la-inscripcion\\\/#article\",\"isPartOf\":{\"@id\":\"https:\\\/\\\/www.fica.unsl.edu.ar\\\/index.php\\\/becas-manuel-belgrano-comienza-la-inscripcion\\\/\"},\"author\":{\"name\":\"DATI\",\"@id\":\"https:\\\/\\\/www.fica.unsl.edu.ar\\\/#\\\/schema\\\/person\\\/6058f9c66301868d3a691b1f5d6c3544\"},\"headline\":\"Becas Manuel Belgrano: comienza la inscripci\u00f3n\",\"datePublished\":\"2021-03-17T14:30:55+00:00\",\"dateModified\":\"2021-04-21T15:35:23+00:00\",\"mainEntityOfPage\":{\"@id\":\"https:\\\/\\\/www.fica.unsl.edu.ar\\\/index.php\\\/becas-manuel-belgrano-comienza-la-inscripcion\\\/\"},\"wordCount\":379,\"publisher\":{\"@id\":\"https:\\\/\\\/www.fica.unsl.edu.ar\\\/#organization\"},\"image\":{\"@id\":\"https:\\\/\\\/www.fica.unsl.edu.ar\\\/index.php\\\/becas-manuel-belgrano-comienza-la-inscripcion\\\/#primaryimage\"},\"thumbnailUrl\":\"https:\\\/\\\/www.fica.unsl.edu.ar\\\/wp-content\\\/uploads\\\/2021\\\/03\\\/belgrano.jpg\",\"articleSection\":[\"Archivadas\"],\"inLanguage\":\"es-AR\"},{\"@type\":\"WebPage\",\"@id\":\"https:\\\/\\\/www.fica.unsl.edu.ar\\\/index.php\\\/becas-manuel-belgrano-comienza-la-inscripcion\\\/\",\"url\":\"https:\\\/\\\/www.fica.unsl.edu.ar\\\/index.php\\\/becas-manuel-belgrano-comienza-la-inscripcion\\\/\",\"name\":\"Becas Manuel Belgrano: comienza la inscripci\u00f3n - Facultad de Ingenier\u00eda y Ciencias Agropecuarias\",\"isPartOf\":{\"@id\":\"https:\\\/\\\/www.fica.unsl.edu.ar\\\/#website\"},\"primaryImageOfPage\":{\"@id\":\"https:\\\/\\\/www.fica.unsl.edu.ar\\\/index.php\\\/becas-manuel-belgrano-comienza-la-inscripcion\\\/#primaryimage\"},\"image\":{\"@id\":\"https:\\\/\\\/www.fica.unsl.edu.ar\\\/index.php\\\/becas-manuel-belgrano-comienza-la-inscripcion\\\/#primaryimage\"},\"thumbnailUrl\":\"https:\\\/\\\/www.fica.unsl.edu.ar\\\/wp-content\\\/uploads\\\/2021\\\/03\\\/belgrano.jpg\",\"datePublished\":\"2021-03-17T14:30:55+00:00\",\"dateModified\":\"2021-04-21T15:35:23+00:00\",\"inLanguage\":\"es-AR\",\"potentialAction\":[{\"@type\":\"ReadAction\",\"target\":[\"https:\\\/\\\/www.fica.unsl.edu.ar\\\/index.php\\\/becas-manuel-belgrano-comienza-la-inscripcion\\\/\"]}]},{\"@type\":\"ImageObject\",\"inLanguage\":\"es-AR\",\"@id\":\"https:\\\/\\\/www.fica.unsl.edu.ar\\\/index.php\\\/becas-manuel-belgrano-comienza-la-inscripcion\\\/#primaryimage\",\"url\":\"https:\\\/\\\/www.fica.unsl.edu.ar\\\/wp-content\\\/uploads\\\/2021\\\/03\\\/belgrano.jpg\",\"contentUrl\":\"https:\\\/\\\/www.fica.unsl.edu.ar\\\/wp-content\\\/uploads\\\/2021\\\/03\\\/belgrano.jpg\",\"width\":1250,\"height\":735},{\"@type\":\"WebSite\",\"@id\":\"https:\\\/\\\/www.fica.unsl.edu.ar\\\/#website\",\"url\":\"https:\\\/\\\/www.fica.unsl.edu.ar\\\/\",\"name\":\"Facultad de Ingenier\u00eda y Ciencias Agropecuarias\",\"description\":\"\",\"publisher\":{\"@id\":\"https:\\\/\\\/www.fica.unsl.edu.ar\\\/#organization\"},\"potentialAction\":[{\"@type\":\"SearchAction\",\"target\":{\"@type\":\"EntryPoint\",\"urlTemplate\":\"https:\\\/\\\/www.fica.unsl.edu.ar\\\/?s={search_term_string}\"},\"query-input\":{\"@type\":\"PropertyValueSpecification\",\"valueRequired\":true,\"valueName\":\"search_term_string\"}}],\"inLanguage\":\"es-AR\"},{\"@type\":\"Organization\",\"@id\":\"https:\\\/\\\/www.fica.unsl.edu.ar\\\/#organization\",\"name\":\"Facultad de Ingenier\u00eda y Ciencias Agropecuarias\",\"url\":\"https:\\\/\\\/www.fica.unsl.edu.ar\\\/\",\"logo\":{\"@type\":\"ImageObject\",\"inLanguage\":\"es-AR\",\"@id\":\"https:\\\/\\\/www.fica.unsl.edu.ar\\\/#\\\/schema\\\/logo\\\/image\\\/\",\"url\":\"https:\\\/\\\/www.fica.unsl.edu.ar\\\/wp-content\\\/uploads\\\/2021\\\/03\\\/LOGO-1.jpg\",\"contentUrl\":\"https:\\\/\\\/www.fica.unsl.edu.ar\\\/wp-content\\\/uploads\\\/2021\\\/03\\\/LOGO-1.jpg\",\"width\":463,\"height\":145,\"caption\":\"Facultad de Ingenier\u00eda y Ciencias Agropecuarias\"},\"image\":{\"@id\":\"https:\\\/\\\/www.fica.unsl.edu.ar\\\/#\\\/schema\\\/logo\\\/image\\\/\"},\"sameAs\":[\"https:\\\/\\\/www.facebook.com\\\/FICA.UNSL\\\/\",\"https:\\\/\\\/x.com\\\/FICAUNSL\",\"https:\\\/\\\/www.instagram.com\\\/fica.unsl\\\/\",\"https:\\\/\\\/www.youtube.com\\\/channel\\\/UCs2MM53gb2PyBrMySdtWZDQ\"]},{\"@type\":\"Person\",\"@id\":\"https:\\\/\\\/www.fica.unsl.edu.ar\\\/#\\\/schema\\\/person\\\/6058f9c66301868d3a691b1f5d6c3544\",\"name\":\"DATI\"}]}<\/script>\n<!-- \/ Yoast SEO plugin. -->","yoast_head_json":{"title":"Becas Manuel Belgrano: comienza la inscripci\u00f3n - Facultad de Ingenier\u00eda y Ciencias Agropecuarias","robots":{"index":"index","follow":"follow","max-snippet":"max-snippet:-1","max-image-preview":"max-image-preview:large","max-video-preview":"max-video-preview:-1"},"canonical":"https:\/\/www.fica.unsl.edu.ar\/index.php\/becas-manuel-belgrano-comienza-la-inscripcion\/","og_locale":"es_ES","og_type":"article","og_title":"Becas Manuel Belgrano: comienza la inscripci\u00f3n - Facultad de Ingenier\u00eda y Ciencias Agropecuarias","og_description":"Retransmitimos informaci\u00f3n suministrada por el Ministerio de Educaci\u00f3n de la Naci\u00f3n: La inscripci\u00f3n a las Becas Manuel Belgrano comienza el 12 de febrero y se&hellip;","og_url":"https:\/\/www.fica.unsl.edu.ar\/index.php\/becas-manuel-belgrano-comienza-la-inscripcion\/","og_site_name":"Facultad de Ingenier\u00eda y Ciencias Agropecuarias","article_publisher":"https:\/\/www.facebook.com\/FICA.UNSL\/","article_published_time":"2021-03-17T14:30:55+00:00","article_modified_time":"2021-04-21T15:35:23+00:00","og_image":[{"width":1250,"height":735,"url":"https:\/\/www.fica.unsl.edu.ar\/wp-content\/uploads\/2021\/03\/belgrano.jpg","type":"image\/jpeg"}],"author":"DATI","twitter_card":"summary_large_image","twitter_creator":"@FICAUNSL","twitter_site":"@FICAUNSL","twitter_misc":{"Escrito por":"DATI","Tiempo de lectura":"2 minutos"},"schema":{"@context":"https:\/\/schema.org","@graph":[{"@type":"Article","@id":"https:\/\/www.fica.unsl.edu.ar\/index.php\/becas-manuel-belgrano-comienza-la-inscripcion\/#article","isPartOf":{"@id":"https:\/\/www.fica.unsl.edu.ar\/index.php\/becas-manuel-belgrano-comienza-la-inscripcion\/"},"author":{"name":"DATI","@id":"https:\/\/www.fica.unsl.edu.ar\/#\/schema\/person\/6058f9c66301868d3a691b1f5d6c3544"},"headline":"Becas Manuel Belgrano: comienza la inscripci\u00f3n","datePublished":"2021-03-17T14:30:55+00:00","dateModified":"2021-04-21T15:35:23+00:00","mainEntityOfPage":{"@id":"https:\/\/www.fica.unsl.edu.ar\/index.php\/becas-manuel-belgrano-comienza-la-inscripcion\/"},"wordCount":379,"publisher":{"@id":"https:\/\/www.fica.unsl.edu.ar\/#organization"},"image":{"@id":"https:\/\/www.fica.unsl.edu.ar\/index.php\/becas-manuel-belgrano-comienza-la-inscripcion\/#primaryimage"},"thumbnailUrl":"https:\/\/www.fica.unsl.edu.ar\/wp-content\/uploads\/2021\/03\/belgrano.jpg","articleSection":["Archivadas"],"inLanguage":"es-AR"},{"@type":"WebPage","@id":"https:\/\/www.fica.unsl.edu.ar\/index.php\/becas-manuel-belgrano-comienza-la-inscripcion\/","url":"https:\/\/www.fica.unsl.edu.ar\/index.php\/becas-manuel-belgrano-comienza-la-inscripcion\/","name":"Becas Manuel Belgrano: comienza la inscripci\u00f3n - Facultad de Ingenier\u00eda y Ciencias Agropecuarias","isPartOf":{"@id":"https:\/\/www.fica.unsl.edu.ar\/#website"},"primaryImageOfPage":{"@id":"https:\/\/www.fica.unsl.edu.ar\/index.php\/becas-manuel-belgrano-comienza-la-inscripcion\/#primaryimage"},"image":{"@id":"https:\/\/www.fica.unsl.edu.ar\/index.php\/becas-manuel-belgrano-comienza-la-inscripcion\/#primaryimage"},"thumbnailUrl":"https:\/\/www.fica.unsl.edu.ar\/wp-content\/uploads\/2021\/03\/belgrano.jpg","datePublished":"2021-03-17T14:30:55+00:00","dateModified":"2021-04-21T15:35:23+00:00","inLanguage":"es-AR","potentialAction":[{"@type":"ReadAction","target":["https:\/\/www.fica.unsl.edu.ar\/index.php\/becas-manuel-belgrano-comienza-la-inscripcion\/"]}]},{"@type":"ImageObject","inLanguage":"es-AR","@id":"https:\/\/www.fica.unsl.edu.ar\/index.php\/becas-manuel-belgrano-comienza-la-inscripcion\/#primaryimage","url":"https:\/\/www.fica.unsl.edu.ar\/wp-content\/uploads\/2021\/03\/belgrano.jpg","contentUrl":"https:\/\/www.fica.unsl.edu.ar\/wp-content\/uploads\/2021\/03\/belgrano.jpg","width":1250,"height":735},{"@type":"WebSite","@id":"https:\/\/www.fica.unsl.edu.ar\/#website","url":"https:\/\/www.fica.unsl.edu.ar\/","name":"Facultad de Ingenier\u00eda y Ciencias Agropecuarias","description":"","publisher":{"@id":"https:\/\/www.fica.unsl.edu.ar\/#organization"},"potentialAction":[{"@type":"SearchAction","target":{"@type":"EntryPoint","urlTemplate":"https:\/\/www.fica.unsl.edu.ar\/?s={search_term_string}"},"query-input":{"@type":"PropertyValueSpecification","valueRequired":true,"valueName":"search_term_string"}}],"inLanguage":"es-AR"},{"@type":"Organization","@id":"https:\/\/www.fica.unsl.edu.ar\/#organization","name":"Facultad de Ingenier\u00eda y Ciencias Agropecuarias","url":"https:\/\/www.fica.unsl.edu.ar\/","logo":{"@type":"ImageObject","inLanguage":"es-AR","@id":"https:\/\/www.fica.unsl.edu.ar\/#\/schema\/logo\/image\/","url":"https:\/\/www.fica.unsl.edu.ar\/wp-content\/uploads\/2021\/03\/LOGO-1.jpg","contentUrl":"https:\/\/www.fica.unsl.edu.ar\/wp-content\/uploads\/2021\/03\/LOGO-1.jpg","width":463,"height":145,"caption":"Facultad de Ingenier\u00eda y Ciencias Agropecuarias"},"image":{"@id":"https:\/\/www.fica.unsl.edu.ar\/#\/schema\/logo\/image\/"},"sameAs":["https:\/\/www.facebook.com\/FICA.UNSL\/","https:\/\/x.com\/FICAUNSL","https:\/\/www.instagram.com\/fica.unsl\/","https:\/\/www.youtube.com\/channel\/UCs2MM53gb2PyBrMySdtWZDQ"]},{"@type":"Person","@id":"https:\/\/www.fica.unsl.edu.ar\/#\/schema\/person\/6058f9c66301868d3a691b1f5d6c3544","name":"DATI"}]}},"_links":{"self":[{"href":"https:\/\/www.fica.unsl.edu.ar\/index.php\/wp-json\/wp\/v2\/posts\/3358","targetHints":{"allow":["GET"]}}],"collection":[{"href":"https:\/\/www.fica.unsl.edu.ar\/index.php\/wp-json\/wp\/v2\/posts"}],"about":[{"href":"https:\/\/www.fica.unsl.edu.ar\/index.php\/wp-json\/wp\/v2\/types\/post"}],"author":[{"embeddable":true,"href":"https:\/\/www.fica.unsl.edu.ar\/index.php\/wp-json\/wp\/v2\/users\/9"}],"replies":[{"embeddable":true,"href":"https:\/\/www.fica.unsl.edu.ar\/index.php\/wp-json\/wp\/v2\/comments?post=3358"}],"version-history":[{"count":1,"href":"https:\/\/www.fica.unsl.edu.ar\/index.php\/wp-json\/wp\/v2\/posts\/3358\/revisions"}],"predecessor-version":[{"id":3360,"href":"https:\/\/www.fica.unsl.edu.ar\/index.php\/wp-json\/wp\/v2\/posts\/3358\/revisions\/3360"}],"wp:featuredmedia":[{"embeddable":true,"href":"https:\/\/www.fica.unsl.edu.ar\/index.php\/wp-json\/wp\/v2\/media\/3359"}],"wp:attachment":[{"href":"https:\/\/www.fica.unsl.edu.ar\/index.php\/wp-json\/wp\/v2\/media?parent=3358"}],"wp:term":[{"taxonomy":"category","embeddable":true,"href":"https:\/\/www.fica.unsl.edu.ar\/index.php\/wp-json\/wp\/v2\/categories?post=3358"},{"taxonomy":"post_tag","embeddable":true,"href":"https:\/\/www.fica.unsl.edu.ar\/index.php\/wp-json\/wp\/v2\/tags?post=3358"}],"curies":[{"name":"wp","href":"https:\/\/api.w.org\/{rel}","templated":true}]}}