{"id":3386,"date":"2021-03-17T11:46:22","date_gmt":"2021-03-17T14:46:22","guid":{"rendered":"http:\/\/10.101.10.196\/www\/?p=3386"},"modified":"2021-04-05T09:46:41","modified_gmt":"2021-04-05T12:46:41","slug":"abrieron-las-inscripciones-para-las-becas-progresar","status":"publish","type":"post","link":"https:\/\/www.fica.unsl.edu.ar\/index.php\/abrieron-las-inscripciones-para-las-becas-progresar\/","title":{"rendered":"Abrieron las inscripciones para las Becas Progresar"},"content":{"rendered":"<p>Desde el 1 de marzo se habilitaron las inscripciones para acceder al beneficio de las Becas Progresar.<br \/>\nPodr\u00e1n anotarse j\u00f3venes de entre 18 y 24 a\u00f1os de edad cuyos ingresos no superen tres (3) salarios m\u00ednimos.<br \/>\nLa fecha l\u00edmite para la postulaci\u00f3n es hasta el mi\u00e9rcoles 31 de marzo.<\/p>\n<p>Las Becas Progresar son parte de un programa de finalizaci\u00f3n de la educaci\u00f3n obligatoria y fomento de cursos de formaci\u00f3n profesional que entrega el gobierno nacional a trav\u00e9s de la Administraci\u00f3n Nacional de la Seguridad Social (ANSES).<br \/>\nEstas becas son ayudas econ\u00f3micas para j\u00f3venes cuyos ingresos no superen tres (3) salarios m\u00ednimos (desde marzo ser\u00e1 de $21.600). En total habr\u00e1 750.000 becas.<\/p>\n<p><strong>\u00bfQui\u00e9nes pueden participar?<\/strong><br \/>\n\u2022 J\u00f3venes argentinos\/as nativos\/as entre 18 y 24 a\u00f1os.<br \/>\n\u2022 Argentinos\/as por opci\u00f3n.<br \/>\n\u2022 Residentes con una residencia legal en el pa\u00eds no inferior a cinco (5) a\u00f1os previos a la solicitud.<br \/>\n\u2022 En todos los casos los ingresos (incluyendo el grupo familiar) no deben superar los tres (3) salarios m\u00ednimos.<br \/>\n\u2022 En caso de mujeres con hijos\/as de hasta 18 a\u00f1os de edad que se encuentren a cargo del hogar, se extiende la edad a 30 a\u00f1os para que terminen la escuela primaria o la escuela secundaria y hasta 35 a\u00f1os para estudios terciarios o universitarios.<br \/>\n\u2022 Las personas de las comunidades ind\u00edgenas o pertenecientes a pueblos originarios quedan exceptuadas del requisito de la edad en la l\u00ednea educaci\u00f3n superior y hasta 30 a\u00f1os para nivel obligatorio y formaci\u00f3n profesional.<br \/>\n\u2022 Las personas trans y travestis, sin l\u00edmite de edad en todas las l\u00edneas de progresar.<br \/>\n\u2022 Las personas con discapacidad podr\u00e1n inscribirse, tambi\u00e9n, sin l\u00edmite de edad en todas las l\u00edneas de progresar.<\/p>\n<p><strong>\u00bfQu\u00e9 se necesita para inscribirse?<\/strong><br \/>\n\u2022 Documento Nacional de Identidad (DNI).<br \/>\n\u2022 Partida de nacimiento.<br \/>\n\u2022 Formulario de inscripci\u00f3n firmado por la autoridad escolar del establecimiento donde se estudia.<br \/>\n\u2022 En el caso que haya que actualizar los datos del grupo familiar, habr\u00e1 que presentar tambi\u00e9n: DNI y partidas de nacimiento de los\/as hijos\/as.<br \/>\n\u2022 Libreta de matrimonio si est\u00e1 casado\/a o certificado de convivencia si vive en pareja.<\/p>\n<p><strong>\u00bfC\u00f3mo inscribirse?<\/strong><br \/>\n\u2022 Ingresar a Mi ANSES, secci\u00f3n Becas Progresar, all\u00ed se debe colocar la clave personal de la Seguridad Social. A falta de clave, se puede crear en la web.<br \/>\n\u2022 Descargar e imprimir el formulario de inscripci\u00f3n.<br \/>\n\u2022 Hacer completar y firmar la secci\u00f3n dos (2) del formulario Datos de Educaci\u00f3n por el instituto en el que se estudia.<br \/>\n\u2022 Subirlo a Mi ANSES.<\/p>\n","protected":false},"excerpt":{"rendered":"<p>Desde el 1 de marzo se habilitaron las inscripciones para acceder al beneficio de las Becas Progresar. Podr\u00e1n anotarse j\u00f3venes de entre 18 y 24&hellip;<\/p>\n","protected":false},"author":9,"featured_media":3387,"comment_status":"closed","ping_status":"closed","sticky":false,"template":"","format":"standard","meta":{"_monsterinsights_skip_tracking":false,"_monsterinsights_sitenote_active":false,"_monsterinsights_sitenote_note":"","_monsterinsights_sitenote_category":0,"_joinchat":[],"footnotes":""},"categories":[22],"tags":[],"class_list":["post-3386","post","type-post","status-publish","format-standard","has-post-thumbnail","hentry","category-archivadas"],"yoast_head":"<!-- This site is optimized with the Yoast SEO plugin v27.4 - https:\/\/yoast.com\/product\/yoast-seo-wordpress\/ -->\n<title>Abrieron las inscripciones para las Becas Progresar - Facultad de Ingenier\u00eda y Ciencias Agropecuarias<\/title>\n<meta name=\"robots\" content=\"index, follow, max-snippet:-1, max-image-preview:large, max-video-preview:-1\" \/>\n<link rel=\"canonical\" href=\"https:\/\/www.fica.unsl.edu.ar\/index.php\/abrieron-las-inscripciones-para-las-becas-progresar\/\" \/>\n<meta property=\"og:locale\" content=\"es_ES\" \/>\n<meta property=\"og:type\" content=\"article\" \/>\n<meta property=\"og:title\" content=\"Abrieron las inscripciones para las Becas Progresar - Facultad de Ingenier\u00eda y Ciencias Agropecuarias\" \/>\n<meta property=\"og:description\" content=\"Desde el 1 de marzo se habilitaron las inscripciones para acceder al beneficio de las Becas Progresar. Podr\u00e1n anotarse j\u00f3venes de entre 18 y 24&hellip;\" \/>\n<meta property=\"og:url\" content=\"https:\/\/www.fica.unsl.edu.ar\/index.php\/abrieron-las-inscripciones-para-las-becas-progresar\/\" \/>\n<meta property=\"og:site_name\" content=\"Facultad de Ingenier\u00eda y Ciencias Agropecuarias\" \/>\n<meta property=\"article:publisher\" content=\"https:\/\/www.facebook.com\/FICA.UNSL\/\" \/>\n<meta property=\"article:published_time\" content=\"2021-03-17T14:46:22+00:00\" \/>\n<meta property=\"article:modified_time\" content=\"2021-04-05T12:46:41+00:00\" \/>\n<meta property=\"og:image\" content=\"https:\/\/www.fica.unsl.edu.ar\/wp-content\/uploads\/2021\/03\/200210-Biblioteca_-11-4-1000x600-1.jpg\" \/>\n\t<meta property=\"og:image:width\" content=\"1000\" \/>\n\t<meta property=\"og:image:height\" content=\"600\" \/>\n\t<meta property=\"og:image:type\" content=\"image\/jpeg\" \/>\n<meta name=\"author\" content=\"DATI\" \/>\n<meta name=\"twitter:card\" content=\"summary_large_image\" \/>\n<meta name=\"twitter:creator\" content=\"@FICAUNSL\" \/>\n<meta name=\"twitter:site\" content=\"@FICAUNSL\" \/>\n<meta name=\"twitter:label1\" content=\"Escrito por\" \/>\n\t<meta name=\"twitter:data1\" content=\"DATI\" \/>\n\t<meta name=\"twitter:label2\" content=\"Tiempo de lectura\" \/>\n\t<meta name=\"twitter:data2\" content=\"2 minutos\" \/>\n<script type=\"application\/ld+json\" class=\"yoast-schema-graph\">{\"@context\":\"https:\\\/\\\/schema.org\",\"@graph\":[{\"@type\":\"Article\",\"@id\":\"https:\\\/\\\/www.fica.unsl.edu.ar\\\/index.php\\\/abrieron-las-inscripciones-para-las-becas-progresar\\\/#article\",\"isPartOf\":{\"@id\":\"https:\\\/\\\/www.fica.unsl.edu.ar\\\/index.php\\\/abrieron-las-inscripciones-para-las-becas-progresar\\\/\"},\"author\":{\"name\":\"DATI\",\"@id\":\"https:\\\/\\\/www.fica.unsl.edu.ar\\\/#\\\/schema\\\/person\\\/6058f9c66301868d3a691b1f5d6c3544\"},\"headline\":\"Abrieron las inscripciones para las Becas Progresar\",\"datePublished\":\"2021-03-17T14:46:22+00:00\",\"dateModified\":\"2021-04-05T12:46:41+00:00\",\"mainEntityOfPage\":{\"@id\":\"https:\\\/\\\/www.fica.unsl.edu.ar\\\/index.php\\\/abrieron-las-inscripciones-para-las-becas-progresar\\\/\"},\"wordCount\":437,\"publisher\":{\"@id\":\"https:\\\/\\\/www.fica.unsl.edu.ar\\\/#organization\"},\"image\":{\"@id\":\"https:\\\/\\\/www.fica.unsl.edu.ar\\\/index.php\\\/abrieron-las-inscripciones-para-las-becas-progresar\\\/#primaryimage\"},\"thumbnailUrl\":\"https:\\\/\\\/www.fica.unsl.edu.ar\\\/wp-content\\\/uploads\\\/2021\\\/03\\\/200210-Biblioteca_-11-4-1000x600-1.jpg\",\"articleSection\":[\"Archivadas\"],\"inLanguage\":\"es-AR\"},{\"@type\":\"WebPage\",\"@id\":\"https:\\\/\\\/www.fica.unsl.edu.ar\\\/index.php\\\/abrieron-las-inscripciones-para-las-becas-progresar\\\/\",\"url\":\"https:\\\/\\\/www.fica.unsl.edu.ar\\\/index.php\\\/abrieron-las-inscripciones-para-las-becas-progresar\\\/\",\"name\":\"Abrieron las inscripciones para las Becas Progresar - Facultad de Ingenier\u00eda y Ciencias Agropecuarias\",\"isPartOf\":{\"@id\":\"https:\\\/\\\/www.fica.unsl.edu.ar\\\/#website\"},\"primaryImageOfPage\":{\"@id\":\"https:\\\/\\\/www.fica.unsl.edu.ar\\\/index.php\\\/abrieron-las-inscripciones-para-las-becas-progresar\\\/#primaryimage\"},\"image\":{\"@id\":\"https:\\\/\\\/www.fica.unsl.edu.ar\\\/index.php\\\/abrieron-las-inscripciones-para-las-becas-progresar\\\/#primaryimage\"},\"thumbnailUrl\":\"https:\\\/\\\/www.fica.unsl.edu.ar\\\/wp-content\\\/uploads\\\/2021\\\/03\\\/200210-Biblioteca_-11-4-1000x600-1.jpg\",\"datePublished\":\"2021-03-17T14:46:22+00:00\",\"dateModified\":\"2021-04-05T12:46:41+00:00\",\"inLanguage\":\"es-AR\",\"potentialAction\":[{\"@type\":\"ReadAction\",\"target\":[\"https:\\\/\\\/www.fica.unsl.edu.ar\\\/index.php\\\/abrieron-las-inscripciones-para-las-becas-progresar\\\/\"]}]},{\"@type\":\"ImageObject\",\"inLanguage\":\"es-AR\",\"@id\":\"https:\\\/\\\/www.fica.unsl.edu.ar\\\/index.php\\\/abrieron-las-inscripciones-para-las-becas-progresar\\\/#primaryimage\",\"url\":\"https:\\\/\\\/www.fica.unsl.edu.ar\\\/wp-content\\\/uploads\\\/2021\\\/03\\\/200210-Biblioteca_-11-4-1000x600-1.jpg\",\"contentUrl\":\"https:\\\/\\\/www.fica.unsl.edu.ar\\\/wp-content\\\/uploads\\\/2021\\\/03\\\/200210-Biblioteca_-11-4-1000x600-1.jpg\",\"width\":1000,\"height\":600},{\"@type\":\"WebSite\",\"@id\":\"https:\\\/\\\/www.fica.unsl.edu.ar\\\/#website\",\"url\":\"https:\\\/\\\/www.fica.unsl.edu.ar\\\/\",\"name\":\"Facultad de Ingenier\u00eda y Ciencias Agropecuarias\",\"description\":\"\",\"publisher\":{\"@id\":\"https:\\\/\\\/www.fica.unsl.edu.ar\\\/#organization\"},\"potentialAction\":[{\"@type\":\"SearchAction\",\"target\":{\"@type\":\"EntryPoint\",\"urlTemplate\":\"https:\\\/\\\/www.fica.unsl.edu.ar\\\/?s={search_term_string}\"},\"query-input\":{\"@type\":\"PropertyValueSpecification\",\"valueRequired\":true,\"valueName\":\"search_term_string\"}}],\"inLanguage\":\"es-AR\"},{\"@type\":\"Organization\",\"@id\":\"https:\\\/\\\/www.fica.unsl.edu.ar\\\/#organization\",\"name\":\"Facultad de Ingenier\u00eda y Ciencias Agropecuarias\",\"url\":\"https:\\\/\\\/www.fica.unsl.edu.ar\\\/\",\"logo\":{\"@type\":\"ImageObject\",\"inLanguage\":\"es-AR\",\"@id\":\"https:\\\/\\\/www.fica.unsl.edu.ar\\\/#\\\/schema\\\/logo\\\/image\\\/\",\"url\":\"https:\\\/\\\/www.fica.unsl.edu.ar\\\/wp-content\\\/uploads\\\/2021\\\/03\\\/LOGO-1.jpg\",\"contentUrl\":\"https:\\\/\\\/www.fica.unsl.edu.ar\\\/wp-content\\\/uploads\\\/2021\\\/03\\\/LOGO-1.jpg\",\"width\":463,\"height\":145,\"caption\":\"Facultad de Ingenier\u00eda y Ciencias Agropecuarias\"},\"image\":{\"@id\":\"https:\\\/\\\/www.fica.unsl.edu.ar\\\/#\\\/schema\\\/logo\\\/image\\\/\"},\"sameAs\":[\"https:\\\/\\\/www.facebook.com\\\/FICA.UNSL\\\/\",\"https:\\\/\\\/x.com\\\/FICAUNSL\",\"https:\\\/\\\/www.instagram.com\\\/fica.unsl\\\/\",\"https:\\\/\\\/www.youtube.com\\\/channel\\\/UCs2MM53gb2PyBrMySdtWZDQ\"]},{\"@type\":\"Person\",\"@id\":\"https:\\\/\\\/www.fica.unsl.edu.ar\\\/#\\\/schema\\\/person\\\/6058f9c66301868d3a691b1f5d6c3544\",\"name\":\"DATI\"}]}<\/script>\n<!-- \/ Yoast SEO plugin. -->","yoast_head_json":{"title":"Abrieron las inscripciones para las Becas Progresar - Facultad de Ingenier\u00eda y Ciencias Agropecuarias","robots":{"index":"index","follow":"follow","max-snippet":"max-snippet:-1","max-image-preview":"max-image-preview:large","max-video-preview":"max-video-preview:-1"},"canonical":"https:\/\/www.fica.unsl.edu.ar\/index.php\/abrieron-las-inscripciones-para-las-becas-progresar\/","og_locale":"es_ES","og_type":"article","og_title":"Abrieron las inscripciones para las Becas Progresar - Facultad de Ingenier\u00eda y Ciencias Agropecuarias","og_description":"Desde el 1 de marzo se habilitaron las inscripciones para acceder al beneficio de las Becas Progresar. Podr\u00e1n anotarse j\u00f3venes de entre 18 y 24&hellip;","og_url":"https:\/\/www.fica.unsl.edu.ar\/index.php\/abrieron-las-inscripciones-para-las-becas-progresar\/","og_site_name":"Facultad de Ingenier\u00eda y Ciencias Agropecuarias","article_publisher":"https:\/\/www.facebook.com\/FICA.UNSL\/","article_published_time":"2021-03-17T14:46:22+00:00","article_modified_time":"2021-04-05T12:46:41+00:00","og_image":[{"width":1000,"height":600,"url":"https:\/\/www.fica.unsl.edu.ar\/wp-content\/uploads\/2021\/03\/200210-Biblioteca_-11-4-1000x600-1.jpg","type":"image\/jpeg"}],"author":"DATI","twitter_card":"summary_large_image","twitter_creator":"@FICAUNSL","twitter_site":"@FICAUNSL","twitter_misc":{"Escrito por":"DATI","Tiempo de lectura":"2 minutos"},"schema":{"@context":"https:\/\/schema.org","@graph":[{"@type":"Article","@id":"https:\/\/www.fica.unsl.edu.ar\/index.php\/abrieron-las-inscripciones-para-las-becas-progresar\/#article","isPartOf":{"@id":"https:\/\/www.fica.unsl.edu.ar\/index.php\/abrieron-las-inscripciones-para-las-becas-progresar\/"},"author":{"name":"DATI","@id":"https:\/\/www.fica.unsl.edu.ar\/#\/schema\/person\/6058f9c66301868d3a691b1f5d6c3544"},"headline":"Abrieron las inscripciones para las Becas Progresar","datePublished":"2021-03-17T14:46:22+00:00","dateModified":"2021-04-05T12:46:41+00:00","mainEntityOfPage":{"@id":"https:\/\/www.fica.unsl.edu.ar\/index.php\/abrieron-las-inscripciones-para-las-becas-progresar\/"},"wordCount":437,"publisher":{"@id":"https:\/\/www.fica.unsl.edu.ar\/#organization"},"image":{"@id":"https:\/\/www.fica.unsl.edu.ar\/index.php\/abrieron-las-inscripciones-para-las-becas-progresar\/#primaryimage"},"thumbnailUrl":"https:\/\/www.fica.unsl.edu.ar\/wp-content\/uploads\/2021\/03\/200210-Biblioteca_-11-4-1000x600-1.jpg","articleSection":["Archivadas"],"inLanguage":"es-AR"},{"@type":"WebPage","@id":"https:\/\/www.fica.unsl.edu.ar\/index.php\/abrieron-las-inscripciones-para-las-becas-progresar\/","url":"https:\/\/www.fica.unsl.edu.ar\/index.php\/abrieron-las-inscripciones-para-las-becas-progresar\/","name":"Abrieron las inscripciones para las Becas Progresar - Facultad de Ingenier\u00eda y Ciencias Agropecuarias","isPartOf":{"@id":"https:\/\/www.fica.unsl.edu.ar\/#website"},"primaryImageOfPage":{"@id":"https:\/\/www.fica.unsl.edu.ar\/index.php\/abrieron-las-inscripciones-para-las-becas-progresar\/#primaryimage"},"image":{"@id":"https:\/\/www.fica.unsl.edu.ar\/index.php\/abrieron-las-inscripciones-para-las-becas-progresar\/#primaryimage"},"thumbnailUrl":"https:\/\/www.fica.unsl.edu.ar\/wp-content\/uploads\/2021\/03\/200210-Biblioteca_-11-4-1000x600-1.jpg","datePublished":"2021-03-17T14:46:22+00:00","dateModified":"2021-04-05T12:46:41+00:00","inLanguage":"es-AR","potentialAction":[{"@type":"ReadAction","target":["https:\/\/www.fica.unsl.edu.ar\/index.php\/abrieron-las-inscripciones-para-las-becas-progresar\/"]}]},{"@type":"ImageObject","inLanguage":"es-AR","@id":"https:\/\/www.fica.unsl.edu.ar\/index.php\/abrieron-las-inscripciones-para-las-becas-progresar\/#primaryimage","url":"https:\/\/www.fica.unsl.edu.ar\/wp-content\/uploads\/2021\/03\/200210-Biblioteca_-11-4-1000x600-1.jpg","contentUrl":"https:\/\/www.fica.unsl.edu.ar\/wp-content\/uploads\/2021\/03\/200210-Biblioteca_-11-4-1000x600-1.jpg","width":1000,"height":600},{"@type":"WebSite","@id":"https:\/\/www.fica.unsl.edu.ar\/#website","url":"https:\/\/www.fica.unsl.edu.ar\/","name":"Facultad de Ingenier\u00eda y Ciencias Agropecuarias","description":"","publisher":{"@id":"https:\/\/www.fica.unsl.edu.ar\/#organization"},"potentialAction":[{"@type":"SearchAction","target":{"@type":"EntryPoint","urlTemplate":"https:\/\/www.fica.unsl.edu.ar\/?s={search_term_string}"},"query-input":{"@type":"PropertyValueSpecification","valueRequired":true,"valueName":"search_term_string"}}],"inLanguage":"es-AR"},{"@type":"Organization","@id":"https:\/\/www.fica.unsl.edu.ar\/#organization","name":"Facultad de Ingenier\u00eda y Ciencias Agropecuarias","url":"https:\/\/www.fica.unsl.edu.ar\/","logo":{"@type":"ImageObject","inLanguage":"es-AR","@id":"https:\/\/www.fica.unsl.edu.ar\/#\/schema\/logo\/image\/","url":"https:\/\/www.fica.unsl.edu.ar\/wp-content\/uploads\/2021\/03\/LOGO-1.jpg","contentUrl":"https:\/\/www.fica.unsl.edu.ar\/wp-content\/uploads\/2021\/03\/LOGO-1.jpg","width":463,"height":145,"caption":"Facultad de Ingenier\u00eda y Ciencias Agropecuarias"},"image":{"@id":"https:\/\/www.fica.unsl.edu.ar\/#\/schema\/logo\/image\/"},"sameAs":["https:\/\/www.facebook.com\/FICA.UNSL\/","https:\/\/x.com\/FICAUNSL","https:\/\/www.instagram.com\/fica.unsl\/","https:\/\/www.youtube.com\/channel\/UCs2MM53gb2PyBrMySdtWZDQ"]},{"@type":"Person","@id":"https:\/\/www.fica.unsl.edu.ar\/#\/schema\/person\/6058f9c66301868d3a691b1f5d6c3544","name":"DATI"}]}},"_links":{"self":[{"href":"https:\/\/www.fica.unsl.edu.ar\/index.php\/wp-json\/wp\/v2\/posts\/3386","targetHints":{"allow":["GET"]}}],"collection":[{"href":"https:\/\/www.fica.unsl.edu.ar\/index.php\/wp-json\/wp\/v2\/posts"}],"about":[{"href":"https:\/\/www.fica.unsl.edu.ar\/index.php\/wp-json\/wp\/v2\/types\/post"}],"author":[{"embeddable":true,"href":"https:\/\/www.fica.unsl.edu.ar\/index.php\/wp-json\/wp\/v2\/users\/9"}],"replies":[{"embeddable":true,"href":"https:\/\/www.fica.unsl.edu.ar\/index.php\/wp-json\/wp\/v2\/comments?post=3386"}],"version-history":[{"count":1,"href":"https:\/\/www.fica.unsl.edu.ar\/index.php\/wp-json\/wp\/v2\/posts\/3386\/revisions"}],"predecessor-version":[{"id":3388,"href":"https:\/\/www.fica.unsl.edu.ar\/index.php\/wp-json\/wp\/v2\/posts\/3386\/revisions\/3388"}],"wp:featuredmedia":[{"embeddable":true,"href":"https:\/\/www.fica.unsl.edu.ar\/index.php\/wp-json\/wp\/v2\/media\/3387"}],"wp:attachment":[{"href":"https:\/\/www.fica.unsl.edu.ar\/index.php\/wp-json\/wp\/v2\/media?parent=3386"}],"wp:term":[{"taxonomy":"category","embeddable":true,"href":"https:\/\/www.fica.unsl.edu.ar\/index.php\/wp-json\/wp\/v2\/categories?post=3386"},{"taxonomy":"post_tag","embeddable":true,"href":"https:\/\/www.fica.unsl.edu.ar\/index.php\/wp-json\/wp\/v2\/tags?post=3386"}],"curies":[{"name":"wp","href":"https:\/\/api.w.org\/{rel}","templated":true}]}}