{"id":3417,"date":"2021-03-17T12:02:09","date_gmt":"2021-03-17T15:02:09","guid":{"rendered":"http:\/\/10.101.10.196\/www\/?p=3417"},"modified":"2021-06-02T12:26:30","modified_gmt":"2021-06-02T15:26:30","slug":"dia-internacional-de-la-mujer-emergencias-en-la-agenda-de-las-mujeres-desafios-institucionales-contra-las-violencias","status":"publish","type":"post","link":"https:\/\/www.fica.unsl.edu.ar\/index.php\/dia-internacional-de-la-mujer-emergencias-en-la-agenda-de-las-mujeres-desafios-institucionales-contra-las-violencias\/","title":{"rendered":"D\u00eda Internacional de la Mujer: \u201cEmergencias en la Agenda de las Mujeres. Desaf\u00edos Institucionales Contra las Violencias\u201d"},"content":{"rendered":"<p>En el marco de la conmemoraci\u00f3n del \u201cD\u00eda Internacional de la Mujer\u201d, en la tarde del mi\u00e9rcoles 10 de marzo de 2021, se llev\u00f3 a cabo de forma virtual el Conversatorio &#8220;Emergencias en la agenda de las mujeres. Desaf\u00edos institucionales contra las violencias&#8221;. Este encuentro se desarroll\u00f3 en el \u00e1mbito del Programa G\u00e9nero, Sociedad y Universidad de la FCEJS y la Secretar\u00eda de la Mujer de la Municipalidad de Villa Mercedes, bajo la coordinaci\u00f3n de las Licenciadas Vianel Garc\u00eda y Lorena Mercado.<\/p>\n<p>Cont\u00f3 con las participaciones de la Lic. Florencia de Haro (Secretar\u00eda de la Mujer); la Lic. Candela Manriquez (Docente e integrante del Equipo T\u00e9cnico Interdisciplinario de aplicaci\u00f3n del Protocolo de intervenci\u00f3n institucional ante situaciones de violencias de g\u00e9nero de la UNSL); la Abg. Laura Capobianco (abogada feminista) y la Mag. Silvina Galetto (representante Red Interuniversitaria por la Igualdad de G\u00e9nero y contra las Violencias \u2013 RUGE- y Secretaria de Investigaci\u00f3n y Posgrado FCEJS-UNSL).<\/p>\n<p>En sus palabras de apertura, la Lic. Garc\u00eda coment\u00f3 que el objetivo de este encuentro es contextualizar la conmemoraci\u00f3n \u201cD\u00eda Internacional de la Mujer\u201d del 2021, que se encuentra ante la aprobaci\u00f3n de la Ley 26610 y la lucha por su implantaci\u00f3n en todo el territorio nacional. Las consignas de esta conmemoraci\u00f3n est\u00e1n alineadas en todo el pa\u00eds entorno a la situaci\u00f3n econ\u00f3mica, los femicidios que d\u00eda a d\u00eda se cobran una vida y que est\u00e1n \u00edntimamente relacionados al pedido de una inminente reforma judicial con una mirada feminista y popular, sumado a lo que evidenci\u00f3 la pandemia con la profundizaci\u00f3n de las tareas de cuidado no remunerado a cargo de las mujeres. \u201cEstas consignas nos interpelan para dar lugar a este conversatorio, que pretende dar a conocer los compromisos y las acciones concretas que se llevan adelante en cada uno de los espacios donde se desempa\u00f1an las disertantes que integran este conversatorio\u201d, puntualiz\u00f3 la coordinadora.<\/p>\n<p>Este encuentro fue transmitido por el canal de la FCEJS en YouTube. Al pie de la nota se adjunta el enlace de la transmisi\u00f3n.<\/p>\n<p><iframe title=\"Programa de G\u00e9nero Sociedad y Universidad\" width=\"843\" height=\"474\" src=\"https:\/\/www.youtube.com\/embed\/bblMjhfgx9U?feature=oembed\" frameborder=\"0\" allow=\"accelerometer; autoplay; clipboard-write; encrypted-media; gyroscope; picture-in-picture\" allowfullscreen><\/iframe><\/p>\n","protected":false},"excerpt":{"rendered":"<p>En el marco de la conmemoraci\u00f3n del \u201cD\u00eda Internacional de la Mujer\u201d, en la tarde del mi\u00e9rcoles 10 de marzo de 2021, se llev\u00f3 a&hellip;<\/p>\n","protected":false},"author":9,"featured_media":3419,"comment_status":"closed","ping_status":"closed","sticky":false,"template":"","format":"standard","meta":{"_monsterinsights_skip_tracking":false,"_monsterinsights_sitenote_active":false,"_monsterinsights_sitenote_note":"","_monsterinsights_sitenote_category":0,"_joinchat":[],"footnotes":""},"categories":[22],"tags":[],"class_list":["post-3417","post","type-post","status-publish","format-standard","has-post-thumbnail","hentry","category-archivadas"],"yoast_head":"<!-- This site is optimized with the Yoast SEO plugin v27.4 - https:\/\/yoast.com\/product\/yoast-seo-wordpress\/ -->\n<title>D\u00eda Internacional de la Mujer: \u201cEmergencias en la Agenda de las Mujeres. Desaf\u00edos Institucionales Contra las Violencias\u201d - Facultad de Ingenier\u00eda y Ciencias Agropecuarias<\/title>\n<meta name=\"robots\" content=\"index, follow, max-snippet:-1, max-image-preview:large, max-video-preview:-1\" \/>\n<link rel=\"canonical\" href=\"https:\/\/www.fica.unsl.edu.ar\/index.php\/dia-internacional-de-la-mujer-emergencias-en-la-agenda-de-las-mujeres-desafios-institucionales-contra-las-violencias\/\" \/>\n<meta property=\"og:locale\" content=\"es_ES\" \/>\n<meta property=\"og:type\" content=\"article\" \/>\n<meta property=\"og:title\" content=\"D\u00eda Internacional de la Mujer: \u201cEmergencias en la Agenda de las Mujeres. Desaf\u00edos Institucionales Contra las Violencias\u201d - Facultad de Ingenier\u00eda y Ciencias Agropecuarias\" \/>\n<meta property=\"og:description\" content=\"En el marco de la conmemoraci\u00f3n del \u201cD\u00eda Internacional de la Mujer\u201d, en la tarde del mi\u00e9rcoles 10 de marzo de 2021, se llev\u00f3 a&hellip;\" \/>\n<meta property=\"og:url\" content=\"https:\/\/www.fica.unsl.edu.ar\/index.php\/dia-internacional-de-la-mujer-emergencias-en-la-agenda-de-las-mujeres-desafios-institucionales-contra-las-violencias\/\" \/>\n<meta property=\"og:site_name\" content=\"Facultad de Ingenier\u00eda y Ciencias Agropecuarias\" \/>\n<meta property=\"article:publisher\" content=\"https:\/\/www.facebook.com\/FICA.UNSL\/\" \/>\n<meta property=\"article:published_time\" content=\"2021-03-17T15:02:09+00:00\" \/>\n<meta property=\"article:modified_time\" content=\"2021-06-02T15:26:30+00:00\" \/>\n<meta property=\"og:image\" content=\"https:\/\/www.fica.unsl.edu.ar\/wp-content\/uploads\/2021\/03\/mujer01.jpg\" \/>\n\t<meta property=\"og:image:width\" content=\"1267\" \/>\n\t<meta property=\"og:image:height\" content=\"591\" \/>\n\t<meta property=\"og:image:type\" content=\"image\/jpeg\" \/>\n<meta name=\"author\" content=\"DATI\" \/>\n<meta name=\"twitter:card\" content=\"summary_large_image\" \/>\n<meta name=\"twitter:creator\" content=\"@FICAUNSL\" \/>\n<meta name=\"twitter:site\" content=\"@FICAUNSL\" \/>\n<meta name=\"twitter:label1\" content=\"Escrito por\" \/>\n\t<meta name=\"twitter:data1\" content=\"DATI\" \/>\n\t<meta name=\"twitter:label2\" content=\"Tiempo de lectura\" \/>\n\t<meta name=\"twitter:data2\" content=\"2 minutos\" \/>\n<script type=\"application\/ld+json\" class=\"yoast-schema-graph\">{\"@context\":\"https:\\\/\\\/schema.org\",\"@graph\":[{\"@type\":\"Article\",\"@id\":\"https:\\\/\\\/www.fica.unsl.edu.ar\\\/index.php\\\/dia-internacional-de-la-mujer-emergencias-en-la-agenda-de-las-mujeres-desafios-institucionales-contra-las-violencias\\\/#article\",\"isPartOf\":{\"@id\":\"https:\\\/\\\/www.fica.unsl.edu.ar\\\/index.php\\\/dia-internacional-de-la-mujer-emergencias-en-la-agenda-de-las-mujeres-desafios-institucionales-contra-las-violencias\\\/\"},\"author\":{\"name\":\"DATI\",\"@id\":\"https:\\\/\\\/www.fica.unsl.edu.ar\\\/#\\\/schema\\\/person\\\/6058f9c66301868d3a691b1f5d6c3544\"},\"headline\":\"D\u00eda Internacional de la Mujer: \u201cEmergencias en la Agenda de las Mujeres. Desaf\u00edos Institucionales Contra las Violencias\u201d\",\"datePublished\":\"2021-03-17T15:02:09+00:00\",\"dateModified\":\"2021-06-02T15:26:30+00:00\",\"mainEntityOfPage\":{\"@id\":\"https:\\\/\\\/www.fica.unsl.edu.ar\\\/index.php\\\/dia-internacional-de-la-mujer-emergencias-en-la-agenda-de-las-mujeres-desafios-institucionales-contra-las-violencias\\\/\"},\"wordCount\":387,\"publisher\":{\"@id\":\"https:\\\/\\\/www.fica.unsl.edu.ar\\\/#organization\"},\"image\":{\"@id\":\"https:\\\/\\\/www.fica.unsl.edu.ar\\\/index.php\\\/dia-internacional-de-la-mujer-emergencias-en-la-agenda-de-las-mujeres-desafios-institucionales-contra-las-violencias\\\/#primaryimage\"},\"thumbnailUrl\":\"https:\\\/\\\/www.fica.unsl.edu.ar\\\/wp-content\\\/uploads\\\/2021\\\/03\\\/mujer01.jpg\",\"articleSection\":[\"Archivadas\"],\"inLanguage\":\"es-AR\"},{\"@type\":\"WebPage\",\"@id\":\"https:\\\/\\\/www.fica.unsl.edu.ar\\\/index.php\\\/dia-internacional-de-la-mujer-emergencias-en-la-agenda-de-las-mujeres-desafios-institucionales-contra-las-violencias\\\/\",\"url\":\"https:\\\/\\\/www.fica.unsl.edu.ar\\\/index.php\\\/dia-internacional-de-la-mujer-emergencias-en-la-agenda-de-las-mujeres-desafios-institucionales-contra-las-violencias\\\/\",\"name\":\"D\u00eda Internacional de la Mujer: \u201cEmergencias en la Agenda de las Mujeres. Desaf\u00edos Institucionales Contra las Violencias\u201d - Facultad de Ingenier\u00eda y Ciencias Agropecuarias\",\"isPartOf\":{\"@id\":\"https:\\\/\\\/www.fica.unsl.edu.ar\\\/#website\"},\"primaryImageOfPage\":{\"@id\":\"https:\\\/\\\/www.fica.unsl.edu.ar\\\/index.php\\\/dia-internacional-de-la-mujer-emergencias-en-la-agenda-de-las-mujeres-desafios-institucionales-contra-las-violencias\\\/#primaryimage\"},\"image\":{\"@id\":\"https:\\\/\\\/www.fica.unsl.edu.ar\\\/index.php\\\/dia-internacional-de-la-mujer-emergencias-en-la-agenda-de-las-mujeres-desafios-institucionales-contra-las-violencias\\\/#primaryimage\"},\"thumbnailUrl\":\"https:\\\/\\\/www.fica.unsl.edu.ar\\\/wp-content\\\/uploads\\\/2021\\\/03\\\/mujer01.jpg\",\"datePublished\":\"2021-03-17T15:02:09+00:00\",\"dateModified\":\"2021-06-02T15:26:30+00:00\",\"inLanguage\":\"es-AR\",\"potentialAction\":[{\"@type\":\"ReadAction\",\"target\":[\"https:\\\/\\\/www.fica.unsl.edu.ar\\\/index.php\\\/dia-internacional-de-la-mujer-emergencias-en-la-agenda-de-las-mujeres-desafios-institucionales-contra-las-violencias\\\/\"]}]},{\"@type\":\"ImageObject\",\"inLanguage\":\"es-AR\",\"@id\":\"https:\\\/\\\/www.fica.unsl.edu.ar\\\/index.php\\\/dia-internacional-de-la-mujer-emergencias-en-la-agenda-de-las-mujeres-desafios-institucionales-contra-las-violencias\\\/#primaryimage\",\"url\":\"https:\\\/\\\/www.fica.unsl.edu.ar\\\/wp-content\\\/uploads\\\/2021\\\/03\\\/mujer01.jpg\",\"contentUrl\":\"https:\\\/\\\/www.fica.unsl.edu.ar\\\/wp-content\\\/uploads\\\/2021\\\/03\\\/mujer01.jpg\",\"width\":1267,\"height\":591},{\"@type\":\"WebSite\",\"@id\":\"https:\\\/\\\/www.fica.unsl.edu.ar\\\/#website\",\"url\":\"https:\\\/\\\/www.fica.unsl.edu.ar\\\/\",\"name\":\"Facultad de Ingenier\u00eda y Ciencias Agropecuarias\",\"description\":\"\",\"publisher\":{\"@id\":\"https:\\\/\\\/www.fica.unsl.edu.ar\\\/#organization\"},\"potentialAction\":[{\"@type\":\"SearchAction\",\"target\":{\"@type\":\"EntryPoint\",\"urlTemplate\":\"https:\\\/\\\/www.fica.unsl.edu.ar\\\/?s={search_term_string}\"},\"query-input\":{\"@type\":\"PropertyValueSpecification\",\"valueRequired\":true,\"valueName\":\"search_term_string\"}}],\"inLanguage\":\"es-AR\"},{\"@type\":\"Organization\",\"@id\":\"https:\\\/\\\/www.fica.unsl.edu.ar\\\/#organization\",\"name\":\"Facultad de Ingenier\u00eda y Ciencias Agropecuarias\",\"url\":\"https:\\\/\\\/www.fica.unsl.edu.ar\\\/\",\"logo\":{\"@type\":\"ImageObject\",\"inLanguage\":\"es-AR\",\"@id\":\"https:\\\/\\\/www.fica.unsl.edu.ar\\\/#\\\/schema\\\/logo\\\/image\\\/\",\"url\":\"https:\\\/\\\/www.fica.unsl.edu.ar\\\/wp-content\\\/uploads\\\/2021\\\/03\\\/LOGO-1.jpg\",\"contentUrl\":\"https:\\\/\\\/www.fica.unsl.edu.ar\\\/wp-content\\\/uploads\\\/2021\\\/03\\\/LOGO-1.jpg\",\"width\":463,\"height\":145,\"caption\":\"Facultad de Ingenier\u00eda y Ciencias Agropecuarias\"},\"image\":{\"@id\":\"https:\\\/\\\/www.fica.unsl.edu.ar\\\/#\\\/schema\\\/logo\\\/image\\\/\"},\"sameAs\":[\"https:\\\/\\\/www.facebook.com\\\/FICA.UNSL\\\/\",\"https:\\\/\\\/x.com\\\/FICAUNSL\",\"https:\\\/\\\/www.instagram.com\\\/fica.unsl\\\/\",\"https:\\\/\\\/www.youtube.com\\\/channel\\\/UCs2MM53gb2PyBrMySdtWZDQ\"]},{\"@type\":\"Person\",\"@id\":\"https:\\\/\\\/www.fica.unsl.edu.ar\\\/#\\\/schema\\\/person\\\/6058f9c66301868d3a691b1f5d6c3544\",\"name\":\"DATI\"}]}<\/script>\n<!-- \/ Yoast SEO plugin. -->","yoast_head_json":{"title":"D\u00eda Internacional de la Mujer: \u201cEmergencias en la Agenda de las Mujeres. Desaf\u00edos Institucionales Contra las Violencias\u201d - Facultad de Ingenier\u00eda y Ciencias Agropecuarias","robots":{"index":"index","follow":"follow","max-snippet":"max-snippet:-1","max-image-preview":"max-image-preview:large","max-video-preview":"max-video-preview:-1"},"canonical":"https:\/\/www.fica.unsl.edu.ar\/index.php\/dia-internacional-de-la-mujer-emergencias-en-la-agenda-de-las-mujeres-desafios-institucionales-contra-las-violencias\/","og_locale":"es_ES","og_type":"article","og_title":"D\u00eda Internacional de la Mujer: \u201cEmergencias en la Agenda de las Mujeres. Desaf\u00edos Institucionales Contra las Violencias\u201d - Facultad de Ingenier\u00eda y Ciencias Agropecuarias","og_description":"En el marco de la conmemoraci\u00f3n del \u201cD\u00eda Internacional de la Mujer\u201d, en la tarde del mi\u00e9rcoles 10 de marzo de 2021, se llev\u00f3 a&hellip;","og_url":"https:\/\/www.fica.unsl.edu.ar\/index.php\/dia-internacional-de-la-mujer-emergencias-en-la-agenda-de-las-mujeres-desafios-institucionales-contra-las-violencias\/","og_site_name":"Facultad de Ingenier\u00eda y Ciencias Agropecuarias","article_publisher":"https:\/\/www.facebook.com\/FICA.UNSL\/","article_published_time":"2021-03-17T15:02:09+00:00","article_modified_time":"2021-06-02T15:26:30+00:00","og_image":[{"width":1267,"height":591,"url":"https:\/\/www.fica.unsl.edu.ar\/wp-content\/uploads\/2021\/03\/mujer01.jpg","type":"image\/jpeg"}],"author":"DATI","twitter_card":"summary_large_image","twitter_creator":"@FICAUNSL","twitter_site":"@FICAUNSL","twitter_misc":{"Escrito por":"DATI","Tiempo de lectura":"2 minutos"},"schema":{"@context":"https:\/\/schema.org","@graph":[{"@type":"Article","@id":"https:\/\/www.fica.unsl.edu.ar\/index.php\/dia-internacional-de-la-mujer-emergencias-en-la-agenda-de-las-mujeres-desafios-institucionales-contra-las-violencias\/#article","isPartOf":{"@id":"https:\/\/www.fica.unsl.edu.ar\/index.php\/dia-internacional-de-la-mujer-emergencias-en-la-agenda-de-las-mujeres-desafios-institucionales-contra-las-violencias\/"},"author":{"name":"DATI","@id":"https:\/\/www.fica.unsl.edu.ar\/#\/schema\/person\/6058f9c66301868d3a691b1f5d6c3544"},"headline":"D\u00eda Internacional de la Mujer: \u201cEmergencias en la Agenda de las Mujeres. Desaf\u00edos Institucionales Contra las Violencias\u201d","datePublished":"2021-03-17T15:02:09+00:00","dateModified":"2021-06-02T15:26:30+00:00","mainEntityOfPage":{"@id":"https:\/\/www.fica.unsl.edu.ar\/index.php\/dia-internacional-de-la-mujer-emergencias-en-la-agenda-de-las-mujeres-desafios-institucionales-contra-las-violencias\/"},"wordCount":387,"publisher":{"@id":"https:\/\/www.fica.unsl.edu.ar\/#organization"},"image":{"@id":"https:\/\/www.fica.unsl.edu.ar\/index.php\/dia-internacional-de-la-mujer-emergencias-en-la-agenda-de-las-mujeres-desafios-institucionales-contra-las-violencias\/#primaryimage"},"thumbnailUrl":"https:\/\/www.fica.unsl.edu.ar\/wp-content\/uploads\/2021\/03\/mujer01.jpg","articleSection":["Archivadas"],"inLanguage":"es-AR"},{"@type":"WebPage","@id":"https:\/\/www.fica.unsl.edu.ar\/index.php\/dia-internacional-de-la-mujer-emergencias-en-la-agenda-de-las-mujeres-desafios-institucionales-contra-las-violencias\/","url":"https:\/\/www.fica.unsl.edu.ar\/index.php\/dia-internacional-de-la-mujer-emergencias-en-la-agenda-de-las-mujeres-desafios-institucionales-contra-las-violencias\/","name":"D\u00eda Internacional de la Mujer: \u201cEmergencias en la Agenda de las Mujeres. Desaf\u00edos Institucionales Contra las Violencias\u201d - Facultad de Ingenier\u00eda y Ciencias Agropecuarias","isPartOf":{"@id":"https:\/\/www.fica.unsl.edu.ar\/#website"},"primaryImageOfPage":{"@id":"https:\/\/www.fica.unsl.edu.ar\/index.php\/dia-internacional-de-la-mujer-emergencias-en-la-agenda-de-las-mujeres-desafios-institucionales-contra-las-violencias\/#primaryimage"},"image":{"@id":"https:\/\/www.fica.unsl.edu.ar\/index.php\/dia-internacional-de-la-mujer-emergencias-en-la-agenda-de-las-mujeres-desafios-institucionales-contra-las-violencias\/#primaryimage"},"thumbnailUrl":"https:\/\/www.fica.unsl.edu.ar\/wp-content\/uploads\/2021\/03\/mujer01.jpg","datePublished":"2021-03-17T15:02:09+00:00","dateModified":"2021-06-02T15:26:30+00:00","inLanguage":"es-AR","potentialAction":[{"@type":"ReadAction","target":["https:\/\/www.fica.unsl.edu.ar\/index.php\/dia-internacional-de-la-mujer-emergencias-en-la-agenda-de-las-mujeres-desafios-institucionales-contra-las-violencias\/"]}]},{"@type":"ImageObject","inLanguage":"es-AR","@id":"https:\/\/www.fica.unsl.edu.ar\/index.php\/dia-internacional-de-la-mujer-emergencias-en-la-agenda-de-las-mujeres-desafios-institucionales-contra-las-violencias\/#primaryimage","url":"https:\/\/www.fica.unsl.edu.ar\/wp-content\/uploads\/2021\/03\/mujer01.jpg","contentUrl":"https:\/\/www.fica.unsl.edu.ar\/wp-content\/uploads\/2021\/03\/mujer01.jpg","width":1267,"height":591},{"@type":"WebSite","@id":"https:\/\/www.fica.unsl.edu.ar\/#website","url":"https:\/\/www.fica.unsl.edu.ar\/","name":"Facultad de Ingenier\u00eda y Ciencias Agropecuarias","description":"","publisher":{"@id":"https:\/\/www.fica.unsl.edu.ar\/#organization"},"potentialAction":[{"@type":"SearchAction","target":{"@type":"EntryPoint","urlTemplate":"https:\/\/www.fica.unsl.edu.ar\/?s={search_term_string}"},"query-input":{"@type":"PropertyValueSpecification","valueRequired":true,"valueName":"search_term_string"}}],"inLanguage":"es-AR"},{"@type":"Organization","@id":"https:\/\/www.fica.unsl.edu.ar\/#organization","name":"Facultad de Ingenier\u00eda y Ciencias Agropecuarias","url":"https:\/\/www.fica.unsl.edu.ar\/","logo":{"@type":"ImageObject","inLanguage":"es-AR","@id":"https:\/\/www.fica.unsl.edu.ar\/#\/schema\/logo\/image\/","url":"https:\/\/www.fica.unsl.edu.ar\/wp-content\/uploads\/2021\/03\/LOGO-1.jpg","contentUrl":"https:\/\/www.fica.unsl.edu.ar\/wp-content\/uploads\/2021\/03\/LOGO-1.jpg","width":463,"height":145,"caption":"Facultad de Ingenier\u00eda y Ciencias Agropecuarias"},"image":{"@id":"https:\/\/www.fica.unsl.edu.ar\/#\/schema\/logo\/image\/"},"sameAs":["https:\/\/www.facebook.com\/FICA.UNSL\/","https:\/\/x.com\/FICAUNSL","https:\/\/www.instagram.com\/fica.unsl\/","https:\/\/www.youtube.com\/channel\/UCs2MM53gb2PyBrMySdtWZDQ"]},{"@type":"Person","@id":"https:\/\/www.fica.unsl.edu.ar\/#\/schema\/person\/6058f9c66301868d3a691b1f5d6c3544","name":"DATI"}]}},"_links":{"self":[{"href":"https:\/\/www.fica.unsl.edu.ar\/index.php\/wp-json\/wp\/v2\/posts\/3417","targetHints":{"allow":["GET"]}}],"collection":[{"href":"https:\/\/www.fica.unsl.edu.ar\/index.php\/wp-json\/wp\/v2\/posts"}],"about":[{"href":"https:\/\/www.fica.unsl.edu.ar\/index.php\/wp-json\/wp\/v2\/types\/post"}],"author":[{"embeddable":true,"href":"https:\/\/www.fica.unsl.edu.ar\/index.php\/wp-json\/wp\/v2\/users\/9"}],"replies":[{"embeddable":true,"href":"https:\/\/www.fica.unsl.edu.ar\/index.php\/wp-json\/wp\/v2\/comments?post=3417"}],"version-history":[{"count":1,"href":"https:\/\/www.fica.unsl.edu.ar\/index.php\/wp-json\/wp\/v2\/posts\/3417\/revisions"}],"predecessor-version":[{"id":3420,"href":"https:\/\/www.fica.unsl.edu.ar\/index.php\/wp-json\/wp\/v2\/posts\/3417\/revisions\/3420"}],"wp:featuredmedia":[{"embeddable":true,"href":"https:\/\/www.fica.unsl.edu.ar\/index.php\/wp-json\/wp\/v2\/media\/3419"}],"wp:attachment":[{"href":"https:\/\/www.fica.unsl.edu.ar\/index.php\/wp-json\/wp\/v2\/media?parent=3417"}],"wp:term":[{"taxonomy":"category","embeddable":true,"href":"https:\/\/www.fica.unsl.edu.ar\/index.php\/wp-json\/wp\/v2\/categories?post=3417"},{"taxonomy":"post_tag","embeddable":true,"href":"https:\/\/www.fica.unsl.edu.ar\/index.php\/wp-json\/wp\/v2\/tags?post=3417"}],"curies":[{"name":"wp","href":"https:\/\/api.w.org\/{rel}","templated":true}]}}