{"id":3749,"date":"2021-03-15T11:26:52","date_gmt":"2021-03-15T14:26:52","guid":{"rendered":"http:\/\/10.101.10.196\/www\/?p=3749"},"modified":"2021-04-05T09:38:53","modified_gmt":"2021-04-05T12:38:53","slug":"acto-conmemoratorio-plantamos-memoria-30-000-arboles-en-todo-el-territorio-nacional","status":"publish","type":"post","link":"https:\/\/www.fica.unsl.edu.ar\/index.php\/acto-conmemoratorio-plantamos-memoria-30-000-arboles-en-todo-el-territorio-nacional\/","title":{"rendered":"Acto conmemoratorio \u201cPlantamos Memoria, 30.000 \u00e1rboles en todo el territorio nacional\u201d"},"content":{"rendered":"<p>El pr\u00f3ximo lunes 22 de marzo de 2021 a las 10 h, en el Campus Universitario de la UNSL en Villa Mercedes, se proceder\u00e1 a plantar un \u00e1rbol junto a la colocaci\u00f3n de una placa conmemoratoria en el marco de las actividades \u201cPlantamos Memoria, 30.000 \u00e1rboles en todo el territorio nacional\u201d, organizada por la Multisectorial por La Memoria Villa Mercedes.<\/p>\n<p>Este acto tendr\u00e1 lugar en la explanada del campus universitario.<\/p>\n<p>Este ciclo de actividades se llevar\u00e1 adelante durante la Semana de la Memoria por la Verdad y la Justicia a 45 a\u00f1os del \u00faltimo golpe militar.<\/p>\n<p><img fetchpriority=\"high\" decoding=\"async\" class=\"aligncenter wp-image-2301 size-large\" src=\"https:\/\/www.fcejs.unsl.edu.ar\/wp-content\/uploads\/2021\/03\/multisectorial-02-1024x955.jpg\" alt=\"\" width=\"843\" height=\"786\" \/><\/p>\n<p><img decoding=\"async\" class=\"alignnone wp-image-2300 size-large\" src=\"https:\/\/www.fcejs.unsl.edu.ar\/wp-content\/uploads\/2021\/03\/multisectorial-01-1024x950.jpg\" alt=\"\" width=\"843\" height=\"782\" \/><\/p>\n","protected":false},"excerpt":{"rendered":"<p>El pr\u00f3ximo lunes 22 de marzo de 2021 a las 10 h, en el Campus Universitario de la UNSL en Villa Mercedes, se proceder\u00e1 a&hellip;<\/p>\n","protected":false},"author":9,"featured_media":3750,"comment_status":"closed","ping_status":"closed","sticky":false,"template":"","format":"standard","meta":{"_monsterinsights_skip_tracking":false,"_monsterinsights_sitenote_active":false,"_monsterinsights_sitenote_note":"","_monsterinsights_sitenote_category":0,"_joinchat":[],"footnotes":""},"categories":[22],"tags":[],"class_list":["post-3749","post","type-post","status-publish","format-standard","has-post-thumbnail","hentry","category-archivadas"],"yoast_head":"<!-- This site is optimized with the Yoast SEO plugin v27.4 - https:\/\/yoast.com\/product\/yoast-seo-wordpress\/ -->\n<title>Acto conmemoratorio \u201cPlantamos Memoria, 30.000 \u00e1rboles en todo el territorio nacional\u201d - Facultad de Ingenier\u00eda y Ciencias Agropecuarias<\/title>\n<meta name=\"robots\" content=\"index, follow, max-snippet:-1, max-image-preview:large, max-video-preview:-1\" \/>\n<link rel=\"canonical\" href=\"https:\/\/www.fica.unsl.edu.ar\/index.php\/acto-conmemoratorio-plantamos-memoria-30-000-arboles-en-todo-el-territorio-nacional\/\" \/>\n<meta property=\"og:locale\" content=\"es_ES\" \/>\n<meta property=\"og:type\" content=\"article\" \/>\n<meta property=\"og:title\" content=\"Acto conmemoratorio \u201cPlantamos Memoria, 30.000 \u00e1rboles en todo el territorio nacional\u201d - Facultad de Ingenier\u00eda y Ciencias Agropecuarias\" \/>\n<meta property=\"og:description\" content=\"El pr\u00f3ximo lunes 22 de marzo de 2021 a las 10 h, en el Campus Universitario de la UNSL en Villa Mercedes, se proceder\u00e1 a&hellip;\" \/>\n<meta property=\"og:url\" content=\"https:\/\/www.fica.unsl.edu.ar\/index.php\/acto-conmemoratorio-plantamos-memoria-30-000-arboles-en-todo-el-territorio-nacional\/\" \/>\n<meta property=\"og:site_name\" content=\"Facultad de Ingenier\u00eda y Ciencias Agropecuarias\" \/>\n<meta property=\"article:publisher\" content=\"https:\/\/www.facebook.com\/FICA.UNSL\/\" \/>\n<meta property=\"article:published_time\" content=\"2021-03-15T14:26:52+00:00\" \/>\n<meta property=\"article:modified_time\" content=\"2021-04-05T12:38:53+00:00\" \/>\n<meta property=\"og:image\" content=\"https:\/\/www.fica.unsl.edu.ar\/wp-content\/uploads\/2021\/03\/multisectorial-03.jpg\" \/>\n\t<meta property=\"og:image:width\" content=\"1020\" \/>\n\t<meta property=\"og:image:height\" content=\"550\" \/>\n\t<meta property=\"og:image:type\" content=\"image\/jpeg\" \/>\n<meta name=\"author\" content=\"DATI\" \/>\n<meta name=\"twitter:card\" content=\"summary_large_image\" \/>\n<meta name=\"twitter:creator\" content=\"@FICAUNSL\" \/>\n<meta name=\"twitter:site\" content=\"@FICAUNSL\" \/>\n<meta name=\"twitter:label1\" content=\"Escrito por\" \/>\n\t<meta name=\"twitter:data1\" content=\"DATI\" \/>\n\t<meta name=\"twitter:label2\" content=\"Tiempo de lectura\" \/>\n\t<meta name=\"twitter:data2\" content=\"1 minuto\" \/>\n<script type=\"application\/ld+json\" class=\"yoast-schema-graph\">{\"@context\":\"https:\\\/\\\/schema.org\",\"@graph\":[{\"@type\":\"Article\",\"@id\":\"https:\\\/\\\/www.fica.unsl.edu.ar\\\/index.php\\\/acto-conmemoratorio-plantamos-memoria-30-000-arboles-en-todo-el-territorio-nacional\\\/#article\",\"isPartOf\":{\"@id\":\"https:\\\/\\\/www.fica.unsl.edu.ar\\\/index.php\\\/acto-conmemoratorio-plantamos-memoria-30-000-arboles-en-todo-el-territorio-nacional\\\/\"},\"author\":{\"name\":\"DATI\",\"@id\":\"https:\\\/\\\/www.fica.unsl.edu.ar\\\/#\\\/schema\\\/person\\\/6058f9c66301868d3a691b1f5d6c3544\"},\"headline\":\"Acto conmemoratorio \u201cPlantamos Memoria, 30.000 \u00e1rboles en todo el territorio nacional\u201d\",\"datePublished\":\"2021-03-15T14:26:52+00:00\",\"dateModified\":\"2021-04-05T12:38:53+00:00\",\"mainEntityOfPage\":{\"@id\":\"https:\\\/\\\/www.fica.unsl.edu.ar\\\/index.php\\\/acto-conmemoratorio-plantamos-memoria-30-000-arboles-en-todo-el-territorio-nacional\\\/\"},\"wordCount\":104,\"publisher\":{\"@id\":\"https:\\\/\\\/www.fica.unsl.edu.ar\\\/#organization\"},\"image\":{\"@id\":\"https:\\\/\\\/www.fica.unsl.edu.ar\\\/index.php\\\/acto-conmemoratorio-plantamos-memoria-30-000-arboles-en-todo-el-territorio-nacional\\\/#primaryimage\"},\"thumbnailUrl\":\"https:\\\/\\\/www.fica.unsl.edu.ar\\\/wp-content\\\/uploads\\\/2021\\\/03\\\/multisectorial-03.jpg\",\"articleSection\":[\"Archivadas\"],\"inLanguage\":\"es-AR\"},{\"@type\":\"WebPage\",\"@id\":\"https:\\\/\\\/www.fica.unsl.edu.ar\\\/index.php\\\/acto-conmemoratorio-plantamos-memoria-30-000-arboles-en-todo-el-territorio-nacional\\\/\",\"url\":\"https:\\\/\\\/www.fica.unsl.edu.ar\\\/index.php\\\/acto-conmemoratorio-plantamos-memoria-30-000-arboles-en-todo-el-territorio-nacional\\\/\",\"name\":\"Acto conmemoratorio \u201cPlantamos Memoria, 30.000 \u00e1rboles en todo el territorio nacional\u201d - Facultad de Ingenier\u00eda y Ciencias Agropecuarias\",\"isPartOf\":{\"@id\":\"https:\\\/\\\/www.fica.unsl.edu.ar\\\/#website\"},\"primaryImageOfPage\":{\"@id\":\"https:\\\/\\\/www.fica.unsl.edu.ar\\\/index.php\\\/acto-conmemoratorio-plantamos-memoria-30-000-arboles-en-todo-el-territorio-nacional\\\/#primaryimage\"},\"image\":{\"@id\":\"https:\\\/\\\/www.fica.unsl.edu.ar\\\/index.php\\\/acto-conmemoratorio-plantamos-memoria-30-000-arboles-en-todo-el-territorio-nacional\\\/#primaryimage\"},\"thumbnailUrl\":\"https:\\\/\\\/www.fica.unsl.edu.ar\\\/wp-content\\\/uploads\\\/2021\\\/03\\\/multisectorial-03.jpg\",\"datePublished\":\"2021-03-15T14:26:52+00:00\",\"dateModified\":\"2021-04-05T12:38:53+00:00\",\"inLanguage\":\"es-AR\",\"potentialAction\":[{\"@type\":\"ReadAction\",\"target\":[\"https:\\\/\\\/www.fica.unsl.edu.ar\\\/index.php\\\/acto-conmemoratorio-plantamos-memoria-30-000-arboles-en-todo-el-territorio-nacional\\\/\"]}]},{\"@type\":\"ImageObject\",\"inLanguage\":\"es-AR\",\"@id\":\"https:\\\/\\\/www.fica.unsl.edu.ar\\\/index.php\\\/acto-conmemoratorio-plantamos-memoria-30-000-arboles-en-todo-el-territorio-nacional\\\/#primaryimage\",\"url\":\"https:\\\/\\\/www.fica.unsl.edu.ar\\\/wp-content\\\/uploads\\\/2021\\\/03\\\/multisectorial-03.jpg\",\"contentUrl\":\"https:\\\/\\\/www.fica.unsl.edu.ar\\\/wp-content\\\/uploads\\\/2021\\\/03\\\/multisectorial-03.jpg\",\"width\":1020,\"height\":550},{\"@type\":\"WebSite\",\"@id\":\"https:\\\/\\\/www.fica.unsl.edu.ar\\\/#website\",\"url\":\"https:\\\/\\\/www.fica.unsl.edu.ar\\\/\",\"name\":\"Facultad de Ingenier\u00eda y Ciencias Agropecuarias\",\"description\":\"\",\"publisher\":{\"@id\":\"https:\\\/\\\/www.fica.unsl.edu.ar\\\/#organization\"},\"potentialAction\":[{\"@type\":\"SearchAction\",\"target\":{\"@type\":\"EntryPoint\",\"urlTemplate\":\"https:\\\/\\\/www.fica.unsl.edu.ar\\\/?s={search_term_string}\"},\"query-input\":{\"@type\":\"PropertyValueSpecification\",\"valueRequired\":true,\"valueName\":\"search_term_string\"}}],\"inLanguage\":\"es-AR\"},{\"@type\":\"Organization\",\"@id\":\"https:\\\/\\\/www.fica.unsl.edu.ar\\\/#organization\",\"name\":\"Facultad de Ingenier\u00eda y Ciencias Agropecuarias\",\"url\":\"https:\\\/\\\/www.fica.unsl.edu.ar\\\/\",\"logo\":{\"@type\":\"ImageObject\",\"inLanguage\":\"es-AR\",\"@id\":\"https:\\\/\\\/www.fica.unsl.edu.ar\\\/#\\\/schema\\\/logo\\\/image\\\/\",\"url\":\"https:\\\/\\\/www.fica.unsl.edu.ar\\\/wp-content\\\/uploads\\\/2021\\\/03\\\/LOGO-1.jpg\",\"contentUrl\":\"https:\\\/\\\/www.fica.unsl.edu.ar\\\/wp-content\\\/uploads\\\/2021\\\/03\\\/LOGO-1.jpg\",\"width\":463,\"height\":145,\"caption\":\"Facultad de Ingenier\u00eda y Ciencias Agropecuarias\"},\"image\":{\"@id\":\"https:\\\/\\\/www.fica.unsl.edu.ar\\\/#\\\/schema\\\/logo\\\/image\\\/\"},\"sameAs\":[\"https:\\\/\\\/www.facebook.com\\\/FICA.UNSL\\\/\",\"https:\\\/\\\/x.com\\\/FICAUNSL\",\"https:\\\/\\\/www.instagram.com\\\/fica.unsl\\\/\",\"https:\\\/\\\/www.youtube.com\\\/channel\\\/UCs2MM53gb2PyBrMySdtWZDQ\"]},{\"@type\":\"Person\",\"@id\":\"https:\\\/\\\/www.fica.unsl.edu.ar\\\/#\\\/schema\\\/person\\\/6058f9c66301868d3a691b1f5d6c3544\",\"name\":\"DATI\"}]}<\/script>\n<!-- \/ Yoast SEO plugin. -->","yoast_head_json":{"title":"Acto conmemoratorio \u201cPlantamos Memoria, 30.000 \u00e1rboles en todo el territorio nacional\u201d - Facultad de Ingenier\u00eda y Ciencias Agropecuarias","robots":{"index":"index","follow":"follow","max-snippet":"max-snippet:-1","max-image-preview":"max-image-preview:large","max-video-preview":"max-video-preview:-1"},"canonical":"https:\/\/www.fica.unsl.edu.ar\/index.php\/acto-conmemoratorio-plantamos-memoria-30-000-arboles-en-todo-el-territorio-nacional\/","og_locale":"es_ES","og_type":"article","og_title":"Acto conmemoratorio \u201cPlantamos Memoria, 30.000 \u00e1rboles en todo el territorio nacional\u201d - Facultad de Ingenier\u00eda y Ciencias Agropecuarias","og_description":"El pr\u00f3ximo lunes 22 de marzo de 2021 a las 10 h, en el Campus Universitario de la UNSL en Villa Mercedes, se proceder\u00e1 a&hellip;","og_url":"https:\/\/www.fica.unsl.edu.ar\/index.php\/acto-conmemoratorio-plantamos-memoria-30-000-arboles-en-todo-el-territorio-nacional\/","og_site_name":"Facultad de Ingenier\u00eda y Ciencias Agropecuarias","article_publisher":"https:\/\/www.facebook.com\/FICA.UNSL\/","article_published_time":"2021-03-15T14:26:52+00:00","article_modified_time":"2021-04-05T12:38:53+00:00","og_image":[{"width":1020,"height":550,"url":"https:\/\/www.fica.unsl.edu.ar\/wp-content\/uploads\/2021\/03\/multisectorial-03.jpg","type":"image\/jpeg"}],"author":"DATI","twitter_card":"summary_large_image","twitter_creator":"@FICAUNSL","twitter_site":"@FICAUNSL","twitter_misc":{"Escrito por":"DATI","Tiempo de lectura":"1 minuto"},"schema":{"@context":"https:\/\/schema.org","@graph":[{"@type":"Article","@id":"https:\/\/www.fica.unsl.edu.ar\/index.php\/acto-conmemoratorio-plantamos-memoria-30-000-arboles-en-todo-el-territorio-nacional\/#article","isPartOf":{"@id":"https:\/\/www.fica.unsl.edu.ar\/index.php\/acto-conmemoratorio-plantamos-memoria-30-000-arboles-en-todo-el-territorio-nacional\/"},"author":{"name":"DATI","@id":"https:\/\/www.fica.unsl.edu.ar\/#\/schema\/person\/6058f9c66301868d3a691b1f5d6c3544"},"headline":"Acto conmemoratorio \u201cPlantamos Memoria, 30.000 \u00e1rboles en todo el territorio nacional\u201d","datePublished":"2021-03-15T14:26:52+00:00","dateModified":"2021-04-05T12:38:53+00:00","mainEntityOfPage":{"@id":"https:\/\/www.fica.unsl.edu.ar\/index.php\/acto-conmemoratorio-plantamos-memoria-30-000-arboles-en-todo-el-territorio-nacional\/"},"wordCount":104,"publisher":{"@id":"https:\/\/www.fica.unsl.edu.ar\/#organization"},"image":{"@id":"https:\/\/www.fica.unsl.edu.ar\/index.php\/acto-conmemoratorio-plantamos-memoria-30-000-arboles-en-todo-el-territorio-nacional\/#primaryimage"},"thumbnailUrl":"https:\/\/www.fica.unsl.edu.ar\/wp-content\/uploads\/2021\/03\/multisectorial-03.jpg","articleSection":["Archivadas"],"inLanguage":"es-AR"},{"@type":"WebPage","@id":"https:\/\/www.fica.unsl.edu.ar\/index.php\/acto-conmemoratorio-plantamos-memoria-30-000-arboles-en-todo-el-territorio-nacional\/","url":"https:\/\/www.fica.unsl.edu.ar\/index.php\/acto-conmemoratorio-plantamos-memoria-30-000-arboles-en-todo-el-territorio-nacional\/","name":"Acto conmemoratorio \u201cPlantamos Memoria, 30.000 \u00e1rboles en todo el territorio nacional\u201d - Facultad de Ingenier\u00eda y Ciencias Agropecuarias","isPartOf":{"@id":"https:\/\/www.fica.unsl.edu.ar\/#website"},"primaryImageOfPage":{"@id":"https:\/\/www.fica.unsl.edu.ar\/index.php\/acto-conmemoratorio-plantamos-memoria-30-000-arboles-en-todo-el-territorio-nacional\/#primaryimage"},"image":{"@id":"https:\/\/www.fica.unsl.edu.ar\/index.php\/acto-conmemoratorio-plantamos-memoria-30-000-arboles-en-todo-el-territorio-nacional\/#primaryimage"},"thumbnailUrl":"https:\/\/www.fica.unsl.edu.ar\/wp-content\/uploads\/2021\/03\/multisectorial-03.jpg","datePublished":"2021-03-15T14:26:52+00:00","dateModified":"2021-04-05T12:38:53+00:00","inLanguage":"es-AR","potentialAction":[{"@type":"ReadAction","target":["https:\/\/www.fica.unsl.edu.ar\/index.php\/acto-conmemoratorio-plantamos-memoria-30-000-arboles-en-todo-el-territorio-nacional\/"]}]},{"@type":"ImageObject","inLanguage":"es-AR","@id":"https:\/\/www.fica.unsl.edu.ar\/index.php\/acto-conmemoratorio-plantamos-memoria-30-000-arboles-en-todo-el-territorio-nacional\/#primaryimage","url":"https:\/\/www.fica.unsl.edu.ar\/wp-content\/uploads\/2021\/03\/multisectorial-03.jpg","contentUrl":"https:\/\/www.fica.unsl.edu.ar\/wp-content\/uploads\/2021\/03\/multisectorial-03.jpg","width":1020,"height":550},{"@type":"WebSite","@id":"https:\/\/www.fica.unsl.edu.ar\/#website","url":"https:\/\/www.fica.unsl.edu.ar\/","name":"Facultad de Ingenier\u00eda y Ciencias Agropecuarias","description":"","publisher":{"@id":"https:\/\/www.fica.unsl.edu.ar\/#organization"},"potentialAction":[{"@type":"SearchAction","target":{"@type":"EntryPoint","urlTemplate":"https:\/\/www.fica.unsl.edu.ar\/?s={search_term_string}"},"query-input":{"@type":"PropertyValueSpecification","valueRequired":true,"valueName":"search_term_string"}}],"inLanguage":"es-AR"},{"@type":"Organization","@id":"https:\/\/www.fica.unsl.edu.ar\/#organization","name":"Facultad de Ingenier\u00eda y Ciencias Agropecuarias","url":"https:\/\/www.fica.unsl.edu.ar\/","logo":{"@type":"ImageObject","inLanguage":"es-AR","@id":"https:\/\/www.fica.unsl.edu.ar\/#\/schema\/logo\/image\/","url":"https:\/\/www.fica.unsl.edu.ar\/wp-content\/uploads\/2021\/03\/LOGO-1.jpg","contentUrl":"https:\/\/www.fica.unsl.edu.ar\/wp-content\/uploads\/2021\/03\/LOGO-1.jpg","width":463,"height":145,"caption":"Facultad de Ingenier\u00eda y Ciencias Agropecuarias"},"image":{"@id":"https:\/\/www.fica.unsl.edu.ar\/#\/schema\/logo\/image\/"},"sameAs":["https:\/\/www.facebook.com\/FICA.UNSL\/","https:\/\/x.com\/FICAUNSL","https:\/\/www.instagram.com\/fica.unsl\/","https:\/\/www.youtube.com\/channel\/UCs2MM53gb2PyBrMySdtWZDQ"]},{"@type":"Person","@id":"https:\/\/www.fica.unsl.edu.ar\/#\/schema\/person\/6058f9c66301868d3a691b1f5d6c3544","name":"DATI"}]}},"_links":{"self":[{"href":"https:\/\/www.fica.unsl.edu.ar\/index.php\/wp-json\/wp\/v2\/posts\/3749","targetHints":{"allow":["GET"]}}],"collection":[{"href":"https:\/\/www.fica.unsl.edu.ar\/index.php\/wp-json\/wp\/v2\/posts"}],"about":[{"href":"https:\/\/www.fica.unsl.edu.ar\/index.php\/wp-json\/wp\/v2\/types\/post"}],"author":[{"embeddable":true,"href":"https:\/\/www.fica.unsl.edu.ar\/index.php\/wp-json\/wp\/v2\/users\/9"}],"replies":[{"embeddable":true,"href":"https:\/\/www.fica.unsl.edu.ar\/index.php\/wp-json\/wp\/v2\/comments?post=3749"}],"version-history":[{"count":5,"href":"https:\/\/www.fica.unsl.edu.ar\/index.php\/wp-json\/wp\/v2\/posts\/3749\/revisions"}],"predecessor-version":[{"id":3762,"href":"https:\/\/www.fica.unsl.edu.ar\/index.php\/wp-json\/wp\/v2\/posts\/3749\/revisions\/3762"}],"wp:featuredmedia":[{"embeddable":true,"href":"https:\/\/www.fica.unsl.edu.ar\/index.php\/wp-json\/wp\/v2\/media\/3750"}],"wp:attachment":[{"href":"https:\/\/www.fica.unsl.edu.ar\/index.php\/wp-json\/wp\/v2\/media?parent=3749"}],"wp:term":[{"taxonomy":"category","embeddable":true,"href":"https:\/\/www.fica.unsl.edu.ar\/index.php\/wp-json\/wp\/v2\/categories?post=3749"},{"taxonomy":"post_tag","embeddable":true,"href":"https:\/\/www.fica.unsl.edu.ar\/index.php\/wp-json\/wp\/v2\/tags?post=3749"}],"curies":[{"name":"wp","href":"https:\/\/api.w.org\/{rel}","templated":true}]}}